{"id":31271,"date":"2023-07-03T11:02:00","date_gmt":"2023-07-03T09:02:00","guid":{"rendered":"https:\/\/permakultur-landwirtschaft.org\/?p=31271"},"modified":"2023-07-26T11:05:25","modified_gmt":"2023-07-26T09:05:25","slug":"regenerative-ansaetze-im-biogemueseanbau-meldung-vom-03-juli-2023","status":"publish","type":"post","link":"https:\/\/permakultur-landwirtschaft.org\/fr\/regenerative-ansaetze-im-biogemueseanbau-meldung-vom-03-juli-2023\/","title":{"rendered":"Regenerative Ans\u00e4tze im Biogem\u00fcseanbau &#8211; Meldung vom 03. Juli 2023"},"content":{"rendered":"<p>Text von bioaktuell.ch:<\/p>\n\n\n\n<p>Nicht nur im Ackerbau, sondern auch im Gem\u00fcsebau finden sich zunehmend Betriebe, die nach regenerativen Prinzipien wirtschaften. Auf diese Weise k\u00f6nnen die B\u00f6den auch bei einer intensiven Nutzung fruchtbar gehalten werden.<\/p>\n\n\n\n<p>Regenerative Anbaumethoden im Gem\u00fcsebau sollen die Pflanzen widerstandf\u00e4higer machen.<\/p>\n\n\n\n<p><a href=\"https:\/\/www.bioaktuell.ch\/aktuell\/meldung\/regenerative-ansaetze-im-biogemueseanbau\" target=\"_blank\" rel=\"noreferrer noopener\">Link zur Meldung bei BIO Aktuell<\/a><\/p>","protected":false},"excerpt":{"rendered":"<p>Text von bioaktuell.ch: Nicht nur im Ackerbau, sondern auch im Gem\u00fcsebau finden sich zunehmend Betriebe, die nach regenerativen Prinzipien wirtschaften. Auf diese Weise k\u00f6nnen die B\u00f6den auch bei einer intensiven Nutzung fruchtbar gehalten werden. Regenerative Anbaumethoden im Gem\u00fcsebau sollen die Pflanzen widerstandf\u00e4higer machen. Link zur Meldung bei BIO Aktuell<\/p>","protected":false},"author":2,"featured_media":31272,"comment_status":"closed","ping_status":"closed","sticky":false,"template":"","format":"standard","meta":{"_acf_changed":false,"site-sidebar-layout":"default","site-content-layout":"","ast-site-content-layout":"default","site-content-style":"default","site-sidebar-style":"default","ast-global-header-display":"","ast-banner-title-visibility":"","ast-main-header-display":"","ast-hfb-above-header-display":"","ast-hfb-below-header-display":"","ast-hfb-mobile-header-display":"","site-post-title":"","ast-breadcrumbs-content":"","ast-featured-img":"","footer-sml-layout":"","ast-disable-related-posts":"","theme-transparent-header-meta":"","adv-header-id-meta":"","stick-header-meta":"","header-above-stick-meta":"","header-main-stick-meta":"","header-below-stick-meta":"","astra-migrate-meta-layouts":"default","ast-page-background-enabled":"default","ast-page-background-meta":{"desktop":{"background-color":"var(--ast-global-color-4)","background-image":"","background-repeat":"repeat","background-position":"center center","background-size":"auto","background-attachment":"scroll","background-type":"","background-media":"","overlay-type":"","overlay-color":"","overlay-opacity":"","overlay-gradient":""},"tablet":{"background-color":"","background-image":"","background-repeat":"repeat","background-position":"center center","background-size":"auto","background-attachment":"scroll","background-type":"","background-media":"","overlay-type":"","overlay-color":"","overlay-opacity":"","overlay-gradient":""},"mobile":{"background-color":"","background-image":"","background-repeat":"repeat","background-position":"center center","background-size":"auto","background-attachment":"scroll","background-type":"","background-media":"","overlay-type":"","overlay-color":"","overlay-opacity":"","overlay-gradient":""}},"ast-content-background-meta":{"desktop":{"background-color":"var(--ast-global-color-5)","background-image":"","background-repeat":"repeat","background-position":"center center","background-size":"auto","background-attachment":"scroll","background-type":"","background-media":"","overlay-type":"","overlay-color":"","overlay-opacity":"","overlay-gradient":""},"tablet":{"background-color":"var(--ast-global-color-5)","background-image":"","background-repeat":"repeat","background-position":"center center","background-size":"auto","background-attachment":"scroll","background-type":"","background-media":"","overlay-type":"","overlay-color":"","overlay-opacity":"","overlay-gradient":""},"mobile":{"background-color":"var(--ast-global-color-5)","background-image":"","background-repeat":"repeat","background-position":"center center","background-size":"auto","background-attachment":"scroll","background-type":"","background-media":"","overlay-type":"","overlay-color":"","overlay-opacity":"","overlay-gradient":""}},"footnotes":""},"categories":[22],"tags":[],"class_list":["post-31271","post","type-post","status-publish","format-standard","has-post-thumbnail","hentry","category-neuigkeit"],"acf":[],"yoast_head":"<!-- This site is optimized with the Yoast SEO plugin v27.5 - https:\/\/yoast.com\/product\/yoast-seo-wordpress\/ -->\n<title>Regenerative Ans\u00e4tze im Biogem\u00fcseanbau - Meldung vom 03. Juli 2023 - Permakultur-Landwirtschaft<\/title>\n<meta name=\"robots\" content=\"index, follow, max-snippet:-1, max-image-preview:large, max-video-preview:-1\" \/>\n<link rel=\"canonical\" href=\"https:\/\/permakultur-landwirtschaft.org\/fr\/regenerative-ansaetze-im-biogemueseanbau-meldung-vom-03-juli-2023\/\" \/>\n<meta property=\"og:locale\" content=\"fr_FR\" \/>\n<meta property=\"og:type\" content=\"article\" \/>\n<meta property=\"og:title\" content=\"Regenerative Ans\u00e4tze im Biogem\u00fcseanbau - Meldung vom 03. Juli 2023 - Permakultur-Landwirtschaft\" \/>\n<meta property=\"og:description\" content=\"Text von bioaktuell.ch: Nicht nur im Ackerbau, sondern auch im Gem\u00fcsebau finden sich zunehmend Betriebe, die nach regenerativen Prinzipien wirtschaften. Auf diese Weise k\u00f6nnen die B\u00f6den auch bei einer intensiven Nutzung fruchtbar gehalten werden. Regenerative Anbaumethoden im Gem\u00fcsebau sollen die Pflanzen widerstandf\u00e4higer machen. Link zur Meldung bei BIO Aktuell\" \/>\n<meta property=\"og:url\" content=\"https:\/\/permakultur-landwirtschaft.org\/fr\/regenerative-ansaetze-im-biogemueseanbau-meldung-vom-03-juli-2023\/\" \/>\n<meta property=\"og:site_name\" content=\"Permakultur-Landwirtschaft\" \/>\n<meta property=\"article:publisher\" content=\"https:\/\/www.facebook.com\/PermakulturLandwirtschaft\" \/>\n<meta property=\"article:published_time\" content=\"2023-07-03T09:02:00+00:00\" \/>\n<meta property=\"article:modified_time\" content=\"2023-07-26T09:05:25+00:00\" \/>\n<meta property=\"og:image\" content=\"https:\/\/permakultur-landwirtschaft.org\/wp-content\/uploads\/2023\/07\/csm_Kohlfeld_FiBL_1200_2de141cf88.png\" \/>\n\t<meta property=\"og:image:width\" content=\"800\" \/>\n\t<meta property=\"og:image:height\" content=\"533\" \/>\n\t<meta property=\"og:image:type\" content=\"image\/png\" \/>\n<meta name=\"author\" content=\"adrian reutimann\" \/>\n<meta name=\"twitter:card\" content=\"summary_large_image\" \/>\n<meta name=\"twitter:label1\" content=\"\u00c9crit par\" \/>\n\t<meta name=\"twitter:data1\" content=\"adrian reutimann\" \/>\n\t<meta name=\"twitter:label2\" content=\"Dur\u00e9e de lecture estim\u00e9e\" \/>\n\t<meta name=\"twitter:data2\" content=\"1 minute\" \/>\n<script type=\"application\/ld+json\" class=\"yoast-schema-graph\">{\"@context\":\"https:\\\/\\\/schema.org\",\"@graph\":[{\"@type\":\"Article\",\"@id\":\"https:\\\/\\\/permakultur-landwirtschaft.org\\\/regenerative-ansaetze-im-biogemueseanbau-meldung-vom-03-juli-2023\\\/#article\",\"isPartOf\":{\"@id\":\"https:\\\/\\\/permakultur-landwirtschaft.org\\\/regenerative-ansaetze-im-biogemueseanbau-meldung-vom-03-juli-2023\\\/\"},\"author\":{\"name\":\"adrian reutimann\",\"@id\":\"https:\\\/\\\/permakultur-landwirtschaft.org\\\/#\\\/schema\\\/person\\\/6b0467872f75aed3e144093f9bf4f0b0\"},\"headline\":\"Regenerative Ans\u00e4tze im Biogem\u00fcseanbau &#8211; Meldung vom 03. Juli 2023\",\"datePublished\":\"2023-07-03T09:02:00+00:00\",\"dateModified\":\"2023-07-26T09:05:25+00:00\",\"mainEntityOfPage\":{\"@id\":\"https:\\\/\\\/permakultur-landwirtschaft.org\\\/regenerative-ansaetze-im-biogemueseanbau-meldung-vom-03-juli-2023\\\/\"},\"wordCount\":65,\"publisher\":{\"@id\":\"https:\\\/\\\/permakultur-landwirtschaft.org\\\/#organization\"},\"image\":{\"@id\":\"https:\\\/\\\/permakultur-landwirtschaft.org\\\/regenerative-ansaetze-im-biogemueseanbau-meldung-vom-03-juli-2023\\\/#primaryimage\"},\"thumbnailUrl\":\"https:\\\/\\\/permakultur-landwirtschaft.org\\\/wp-content\\\/uploads\\\/2023\\\/07\\\/csm_Kohlfeld_FiBL_1200_2de141cf88.png\",\"articleSection\":[\"Neuigkeit\"],\"inLanguage\":\"fr-FR\"},{\"@type\":\"WebPage\",\"@id\":\"https:\\\/\\\/permakultur-landwirtschaft.org\\\/regenerative-ansaetze-im-biogemueseanbau-meldung-vom-03-juli-2023\\\/\",\"url\":\"https:\\\/\\\/permakultur-landwirtschaft.org\\\/regenerative-ansaetze-im-biogemueseanbau-meldung-vom-03-juli-2023\\\/\",\"name\":\"Regenerative Ans\u00e4tze im Biogem\u00fcseanbau - Meldung vom 03. Juli 2023 - Permakultur-Landwirtschaft\",\"isPartOf\":{\"@id\":\"https:\\\/\\\/permakultur-landwirtschaft.org\\\/#website\"},\"primaryImageOfPage\":{\"@id\":\"https:\\\/\\\/permakultur-landwirtschaft.org\\\/regenerative-ansaetze-im-biogemueseanbau-meldung-vom-03-juli-2023\\\/#primaryimage\"},\"image\":{\"@id\":\"https:\\\/\\\/permakultur-landwirtschaft.org\\\/regenerative-ansaetze-im-biogemueseanbau-meldung-vom-03-juli-2023\\\/#primaryimage\"},\"thumbnailUrl\":\"https:\\\/\\\/permakultur-landwirtschaft.org\\\/wp-content\\\/uploads\\\/2023\\\/07\\\/csm_Kohlfeld_FiBL_1200_2de141cf88.png\",\"datePublished\":\"2023-07-03T09:02:00+00:00\",\"dateModified\":\"2023-07-26T09:05:25+00:00\",\"breadcrumb\":{\"@id\":\"https:\\\/\\\/permakultur-landwirtschaft.org\\\/regenerative-ansaetze-im-biogemueseanbau-meldung-vom-03-juli-2023\\\/#breadcrumb\"},\"inLanguage\":\"fr-FR\",\"potentialAction\":[{\"@type\":\"ReadAction\",\"target\":[\"https:\\\/\\\/permakultur-landwirtschaft.org\\\/regenerative-ansaetze-im-biogemueseanbau-meldung-vom-03-juli-2023\\\/\"]}]},{\"@type\":\"ImageObject\",\"inLanguage\":\"fr-FR\",\"@id\":\"https:\\\/\\\/permakultur-landwirtschaft.org\\\/regenerative-ansaetze-im-biogemueseanbau-meldung-vom-03-juli-2023\\\/#primaryimage\",\"url\":\"https:\\\/\\\/permakultur-landwirtschaft.org\\\/wp-content\\\/uploads\\\/2023\\\/07\\\/csm_Kohlfeld_FiBL_1200_2de141cf88.png\",\"contentUrl\":\"https:\\\/\\\/permakultur-landwirtschaft.org\\\/wp-content\\\/uploads\\\/2023\\\/07\\\/csm_Kohlfeld_FiBL_1200_2de141cf88.png\",\"width\":800,\"height\":533,\"caption\":\"Foto: FiBL\"},{\"@type\":\"BreadcrumbList\",\"@id\":\"https:\\\/\\\/permakultur-landwirtschaft.org\\\/regenerative-ansaetze-im-biogemueseanbau-meldung-vom-03-juli-2023\\\/#breadcrumb\",\"itemListElement\":[{\"@type\":\"ListItem\",\"position\":1,\"name\":\"Startseite\",\"item\":\"https:\\\/\\\/permakultur-landwirtschaft.org\\\/\"},{\"@type\":\"ListItem\",\"position\":2,\"name\":\"Regenerative Ans\u00e4tze im Biogem\u00fcseanbau &#8211; Meldung vom 03. Juli 2023\"}]},{\"@type\":\"WebSite\",\"@id\":\"https:\\\/\\\/permakultur-landwirtschaft.org\\\/#website\",\"url\":\"https:\\\/\\\/permakultur-landwirtschaft.org\\\/\",\"name\":\"Permakultur-Landwirtschaft\",\"description\":\"F\u00f6rderung der Permakultur in der Landwirtschaft\",\"publisher\":{\"@id\":\"https:\\\/\\\/permakultur-landwirtschaft.org\\\/#organization\"},\"potentialAction\":[{\"@type\":\"SearchAction\",\"target\":{\"@type\":\"EntryPoint\",\"urlTemplate\":\"https:\\\/\\\/permakultur-landwirtschaft.org\\\/?s={search_term_string}\"},\"query-input\":{\"@type\":\"PropertyValueSpecification\",\"valueRequired\":true,\"valueName\":\"search_term_string\"}}],\"inLanguage\":\"fr-FR\"},{\"@type\":\"Organization\",\"@id\":\"https:\\\/\\\/permakultur-landwirtschaft.org\\\/#organization\",\"name\":\"Permakultur-Landwirtschaft\",\"alternateName\":\"Verein Permakultur-Landwirtschaft\",\"url\":\"https:\\\/\\\/permakultur-landwirtschaft.org\\\/\",\"logo\":{\"@type\":\"ImageObject\",\"inLanguage\":\"fr-FR\",\"@id\":\"https:\\\/\\\/permakultur-landwirtschaft.org\\\/#\\\/schema\\\/logo\\\/image\\\/\",\"url\":\"https:\\\/\\\/permakultur-landwirtschaft.org\\\/wp-content\\\/uploads\\\/2021\\\/11\\\/pela_1268x1269.png\",\"contentUrl\":\"https:\\\/\\\/permakultur-landwirtschaft.org\\\/wp-content\\\/uploads\\\/2021\\\/11\\\/pela_1268x1269.png\",\"width\":1298,\"height\":1269,\"caption\":\"Permakultur-Landwirtschaft\"},\"image\":{\"@id\":\"https:\\\/\\\/permakultur-landwirtschaft.org\\\/#\\\/schema\\\/logo\\\/image\\\/\"},\"sameAs\":[\"https:\\\/\\\/www.facebook.com\\\/PermakulturLandwirtschaft\",\"https:\\\/\\\/www.instagram.com\\\/permakultur_landwirtschaft\\\/\",\"https:\\\/\\\/www.flickr.com\\\/photos\\\/permakultur-landwirtschaft\",\"https:\\\/\\\/www.youtube.com\\\/@PermakulturLandwirtschaft\"]},{\"@type\":\"Person\",\"@id\":\"https:\\\/\\\/permakultur-landwirtschaft.org\\\/#\\\/schema\\\/person\\\/6b0467872f75aed3e144093f9bf4f0b0\",\"name\":\"adrian reutimann\",\"url\":\"https:\\\/\\\/permakultur-landwirtschaft.org\\\/fr\\\/author\\\/reutiadr\\\/\"}]}<\/script>\n<!-- \/ Yoast SEO plugin. -->","yoast_head_json":{"title":"Regenerative Ans\u00e4tze im Biogem\u00fcseanbau - Meldung vom 03. Juli 2023 - Permakultur-Landwirtschaft","robots":{"index":"index","follow":"follow","max-snippet":"max-snippet:-1","max-image-preview":"max-image-preview:large","max-video-preview":"max-video-preview:-1"},"canonical":"https:\/\/permakultur-landwirtschaft.org\/fr\/regenerative-ansaetze-im-biogemueseanbau-meldung-vom-03-juli-2023\/","og_locale":"fr_FR","og_type":"article","og_title":"Regenerative Ans\u00e4tze im Biogem\u00fcseanbau - Meldung vom 03. Juli 2023 - Permakultur-Landwirtschaft","og_description":"Text von bioaktuell.ch: Nicht nur im Ackerbau, sondern auch im Gem\u00fcsebau finden sich zunehmend Betriebe, die nach regenerativen Prinzipien wirtschaften. Auf diese Weise k\u00f6nnen die B\u00f6den auch bei einer intensiven Nutzung fruchtbar gehalten werden. Regenerative Anbaumethoden im Gem\u00fcsebau sollen die Pflanzen widerstandf\u00e4higer machen. Link zur Meldung bei BIO Aktuell","og_url":"https:\/\/permakultur-landwirtschaft.org\/fr\/regenerative-ansaetze-im-biogemueseanbau-meldung-vom-03-juli-2023\/","og_site_name":"Permakultur-Landwirtschaft","article_publisher":"https:\/\/www.facebook.com\/PermakulturLandwirtschaft","article_published_time":"2023-07-03T09:02:00+00:00","article_modified_time":"2023-07-26T09:05:25+00:00","og_image":[{"width":800,"height":533,"url":"https:\/\/permakultur-landwirtschaft.org\/wp-content\/uploads\/2023\/07\/csm_Kohlfeld_FiBL_1200_2de141cf88.png","type":"image\/png"}],"author":"adrian reutimann","twitter_card":"summary_large_image","twitter_misc":{"\u00c9crit par":"adrian reutimann","Dur\u00e9e de lecture estim\u00e9e":"1 minute"},"schema":{"@context":"https:\/\/schema.org","@graph":[{"@type":"Article","@id":"https:\/\/permakultur-landwirtschaft.org\/regenerative-ansaetze-im-biogemueseanbau-meldung-vom-03-juli-2023\/#article","isPartOf":{"@id":"https:\/\/permakultur-landwirtschaft.org\/regenerative-ansaetze-im-biogemueseanbau-meldung-vom-03-juli-2023\/"},"author":{"name":"adrian reutimann","@id":"https:\/\/permakultur-landwirtschaft.org\/#\/schema\/person\/6b0467872f75aed3e144093f9bf4f0b0"},"headline":"Regenerative Ans\u00e4tze im Biogem\u00fcseanbau &#8211; Meldung vom 03. Juli 2023","datePublished":"2023-07-03T09:02:00+00:00","dateModified":"2023-07-26T09:05:25+00:00","mainEntityOfPage":{"@id":"https:\/\/permakultur-landwirtschaft.org\/regenerative-ansaetze-im-biogemueseanbau-meldung-vom-03-juli-2023\/"},"wordCount":65,"publisher":{"@id":"https:\/\/permakultur-landwirtschaft.org\/#organization"},"image":{"@id":"https:\/\/permakultur-landwirtschaft.org\/regenerative-ansaetze-im-biogemueseanbau-meldung-vom-03-juli-2023\/#primaryimage"},"thumbnailUrl":"https:\/\/permakultur-landwirtschaft.org\/wp-content\/uploads\/2023\/07\/csm_Kohlfeld_FiBL_1200_2de141cf88.png","articleSection":["Neuigkeit"],"inLanguage":"fr-FR"},{"@type":"WebPage","@id":"https:\/\/permakultur-landwirtschaft.org\/regenerative-ansaetze-im-biogemueseanbau-meldung-vom-03-juli-2023\/","url":"https:\/\/permakultur-landwirtschaft.org\/regenerative-ansaetze-im-biogemueseanbau-meldung-vom-03-juli-2023\/","name":"Regenerative Ans\u00e4tze im Biogem\u00fcseanbau - Meldung vom 03. Juli 2023 - Permakultur-Landwirtschaft","isPartOf":{"@id":"https:\/\/permakultur-landwirtschaft.org\/#website"},"primaryImageOfPage":{"@id":"https:\/\/permakultur-landwirtschaft.org\/regenerative-ansaetze-im-biogemueseanbau-meldung-vom-03-juli-2023\/#primaryimage"},"image":{"@id":"https:\/\/permakultur-landwirtschaft.org\/regenerative-ansaetze-im-biogemueseanbau-meldung-vom-03-juli-2023\/#primaryimage"},"thumbnailUrl":"https:\/\/permakultur-landwirtschaft.org\/wp-content\/uploads\/2023\/07\/csm_Kohlfeld_FiBL_1200_2de141cf88.png","datePublished":"2023-07-03T09:02:00+00:00","dateModified":"2023-07-26T09:05:25+00:00","breadcrumb":{"@id":"https:\/\/permakultur-landwirtschaft.org\/regenerative-ansaetze-im-biogemueseanbau-meldung-vom-03-juli-2023\/#breadcrumb"},"inLanguage":"fr-FR","potentialAction":[{"@type":"ReadAction","target":["https:\/\/permakultur-landwirtschaft.org\/regenerative-ansaetze-im-biogemueseanbau-meldung-vom-03-juli-2023\/"]}]},{"@type":"ImageObject","inLanguage":"fr-FR","@id":"https:\/\/permakultur-landwirtschaft.org\/regenerative-ansaetze-im-biogemueseanbau-meldung-vom-03-juli-2023\/#primaryimage","url":"https:\/\/permakultur-landwirtschaft.org\/wp-content\/uploads\/2023\/07\/csm_Kohlfeld_FiBL_1200_2de141cf88.png","contentUrl":"https:\/\/permakultur-landwirtschaft.org\/wp-content\/uploads\/2023\/07\/csm_Kohlfeld_FiBL_1200_2de141cf88.png","width":800,"height":533,"caption":"Foto: FiBL"},{"@type":"BreadcrumbList","@id":"https:\/\/permakultur-landwirtschaft.org\/regenerative-ansaetze-im-biogemueseanbau-meldung-vom-03-juli-2023\/#breadcrumb","itemListElement":[{"@type":"ListItem","position":1,"name":"Startseite","item":"https:\/\/permakultur-landwirtschaft.org\/"},{"@type":"ListItem","position":2,"name":"Regenerative Ans\u00e4tze im Biogem\u00fcseanbau &#8211; Meldung vom 03. Juli 2023"}]},{"@type":"WebSite","@id":"https:\/\/permakultur-landwirtschaft.org\/#website","url":"https:\/\/permakultur-landwirtschaft.org\/","name":"Permakultur-Landwirtschaft","description":"F\u00f6rderung der Permakultur in der Landwirtschaft","publisher":{"@id":"https:\/\/permakultur-landwirtschaft.org\/#organization"},"potentialAction":[{"@type":"SearchAction","target":{"@type":"EntryPoint","urlTemplate":"https:\/\/permakultur-landwirtschaft.org\/?s={search_term_string}"},"query-input":{"@type":"PropertyValueSpecification","valueRequired":true,"valueName":"search_term_string"}}],"inLanguage":"fr-FR"},{"@type":"Organization","@id":"https:\/\/permakultur-landwirtschaft.org\/#organization","name":"Permakultur-Landwirtschaft","alternateName":"Verein Permakultur-Landwirtschaft","url":"https:\/\/permakultur-landwirtschaft.org\/","logo":{"@type":"ImageObject","inLanguage":"fr-FR","@id":"https:\/\/permakultur-landwirtschaft.org\/#\/schema\/logo\/image\/","url":"https:\/\/permakultur-landwirtschaft.org\/wp-content\/uploads\/2021\/11\/pela_1268x1269.png","contentUrl":"https:\/\/permakultur-landwirtschaft.org\/wp-content\/uploads\/2021\/11\/pela_1268x1269.png","width":1298,"height":1269,"caption":"Permakultur-Landwirtschaft"},"image":{"@id":"https:\/\/permakultur-landwirtschaft.org\/#\/schema\/logo\/image\/"},"sameAs":["https:\/\/www.facebook.com\/PermakulturLandwirtschaft","https:\/\/www.instagram.com\/permakultur_landwirtschaft\/","https:\/\/www.flickr.com\/photos\/permakultur-landwirtschaft","https:\/\/www.youtube.com\/@PermakulturLandwirtschaft"]},{"@type":"Person","@id":"https:\/\/permakultur-landwirtschaft.org\/#\/schema\/person\/6b0467872f75aed3e144093f9bf4f0b0","name":"adrian reutimann","url":"https:\/\/permakultur-landwirtschaft.org\/fr\/author\/reutiadr\/"}]}},"_links":{"self":[{"href":"https:\/\/permakultur-landwirtschaft.org\/fr\/wp-json\/wp\/v2\/posts\/31271","targetHints":{"allow":["GET"]}}],"collection":[{"href":"https:\/\/permakultur-landwirtschaft.org\/fr\/wp-json\/wp\/v2\/posts"}],"about":[{"href":"https:\/\/permakultur-landwirtschaft.org\/fr\/wp-json\/wp\/v2\/types\/post"}],"author":[{"embeddable":true,"href":"https:\/\/permakultur-landwirtschaft.org\/fr\/wp-json\/wp\/v2\/users\/2"}],"replies":[{"embeddable":true,"href":"https:\/\/permakultur-landwirtschaft.org\/fr\/wp-json\/wp\/v2\/comments?post=31271"}],"version-history":[{"count":1,"href":"https:\/\/permakultur-landwirtschaft.org\/fr\/wp-json\/wp\/v2\/posts\/31271\/revisions"}],"predecessor-version":[{"id":31273,"href":"https:\/\/permakultur-landwirtschaft.org\/fr\/wp-json\/wp\/v2\/posts\/31271\/revisions\/31273"}],"wp:featuredmedia":[{"embeddable":true,"href":"https:\/\/permakultur-landwirtschaft.org\/fr\/wp-json\/wp\/v2\/media\/31272"}],"wp:attachment":[{"href":"https:\/\/permakultur-landwirtschaft.org\/fr\/wp-json\/wp\/v2\/media?parent=31271"}],"wp:term":[{"taxonomy":"category","embeddable":true,"href":"https:\/\/permakultur-landwirtschaft.org\/fr\/wp-json\/wp\/v2\/categories?post=31271"},{"taxonomy":"post_tag","embeddable":true,"href":"https:\/\/permakultur-landwirtschaft.org\/fr\/wp-json\/wp\/v2\/tags?post=31271"}],"curies":[{"name":"wp","href":"https:\/\/api.w.org\/{rel}","templated":true}]}}