{"id":31264,"date":"2023-09-06T09:51:00","date_gmt":"2023-09-06T07:51:00","guid":{"rendered":"https:\/\/permakultur-landwirtschaft.org\/?p=31264"},"modified":"2023-09-07T08:31:14","modified_gmt":"2023-09-07T06:31:14","slug":"jonas-gampe-wie-geht-rentable-permakultur-landwirtschaft-online-vortrag-am-06-09-2023","status":"publish","type":"post","link":"https:\/\/permakultur-landwirtschaft.org\/fr\/jonas-gampe-wie-geht-rentable-permakultur-landwirtschaft-online-vortrag-am-06-09-2023\/","title":{"rendered":"Jonas Gampe: Wie geht rentable Permakultur Landwirtschaft? Online-Vortrag am 06. September 2023"},"content":{"rendered":"<p>Text von permastart.de:<\/p>\n\n\n\n<p>Oftmals wird der Begriff der Permakultur in der Landwirtschaft bel\u00e4chelt. Typische Kommentare sind \u201eWo soll ich so viel Personal f\u00fcr die Ernte herbekommen?\u201c oder einfach: \u201eIch kann das doch nicht auf meinen 100 Hektar Land umsetzen.\u201c<br>Meist liegt das vor allem daran, dass die Permakultur als kleinteilige L\u00f6sung und Gestaltungsmethode angesehen wird und es immer noch zu wenige Referenzbeispiele einer erfolgreichen Umsetzung in gro\u00dfem Ma\u00dfstab gibt.<\/p>\n\n\n\n<p>Der Permakultur-Landschaftsdesigner, Buchautor und GaLa-Bau Techniker Jonas Gampe nimmt sich im Vortrag genau dieser Thematik an und zeigt dir nicht nur, wie Permakultur rentabel betrieben werden kann, sondern gibt auch Aufschluss dar\u00fcber, wie gro\u00df der regenerative Effekt einer solchen Betriebsweise auf unseren Planeten ist. Im Anschluss des Vortrags ist eine etwa 60-min\u00fctige Frage und Antwort Runde mit eingeplant.<\/p>\n\n\n\n<p>Dauer des Vortrags inklusive Frage-Antwort-Runde: ca. 120 Minuten<\/p>\n\n\n\n<p><a href=\"https:\/\/permastart.de\/produkt\/vortrag-am-06-09-2023-19-uhr-jonas-gampe-wie-geht-rentable-permakultur-landwirtschaft-online-vortrag\" target=\"_blank\" rel=\"noreferrer noopener\">Infos und Anmeldung zur Veranstaltung<\/a><\/p>","protected":false},"excerpt":{"rendered":"<p>Text von permastart.de: Oftmals wird der Begriff der Permakultur in der Landwirtschaft bel\u00e4chelt. Typische Kommentare sind \u201eWo soll ich so viel Personal f\u00fcr die Ernte herbekommen?\u201c oder einfach: \u201eIch kann das doch nicht auf meinen 100 Hektar Land umsetzen.\u201cMeist liegt das vor allem daran, dass die Permakultur als kleinteilige L\u00f6sung und Gestaltungsmethode angesehen wird und [&hellip;]<\/p>\n","protected":false},"author":2,"featured_media":31265,"comment_status":"closed","ping_status":"closed","sticky":false,"template":"","format":"standard","meta":{"_acf_changed":false,"site-sidebar-layout":"default","site-content-layout":"","ast-site-content-layout":"default","site-content-style":"default","site-sidebar-style":"default","ast-global-header-display":"","ast-banner-title-visibility":"","ast-main-header-display":"","ast-hfb-above-header-display":"","ast-hfb-below-header-display":"","ast-hfb-mobile-header-display":"","site-post-title":"","ast-breadcrumbs-content":"","ast-featured-img":"","footer-sml-layout":"","ast-disable-related-posts":"","theme-transparent-header-meta":"","adv-header-id-meta":"","stick-header-meta":"","header-above-stick-meta":"","header-main-stick-meta":"","header-below-stick-meta":"","astra-migrate-meta-layouts":"default","ast-page-background-enabled":"default","ast-page-background-meta":{"desktop":{"background-color":"var(--ast-global-color-4)","background-image":"","background-repeat":"repeat","background-position":"center center","background-size":"auto","background-attachment":"scroll","background-type":"","background-media":"","overlay-type":"","overlay-color":"","overlay-opacity":"","overlay-gradient":""},"tablet":{"background-color":"","background-image":"","background-repeat":"repeat","background-position":"center center","background-size":"auto","background-attachment":"scroll","background-type":"","background-media":"","overlay-type":"","overlay-color":"","overlay-opacity":"","overlay-gradient":""},"mobile":{"background-color":"","background-image":"","background-repeat":"repeat","background-position":"center center","background-size":"auto","background-attachment":"scroll","background-type":"","background-media":"","overlay-type":"","overlay-color":"","overlay-opacity":"","overlay-gradient":""}},"ast-content-background-meta":{"desktop":{"background-color":"var(--ast-global-color-5)","background-image":"","background-repeat":"repeat","background-position":"center center","background-size":"auto","background-attachment":"scroll","background-type":"","background-media":"","overlay-type":"","overlay-color":"","overlay-opacity":"","overlay-gradient":""},"tablet":{"background-color":"var(--ast-global-color-5)","background-image":"","background-repeat":"repeat","background-position":"center center","background-size":"auto","background-attachment":"scroll","background-type":"","background-media":"","overlay-type":"","overlay-color":"","overlay-opacity":"","overlay-gradient":""},"mobile":{"background-color":"var(--ast-global-color-5)","background-image":"","background-repeat":"repeat","background-position":"center center","background-size":"auto","background-attachment":"scroll","background-type":"","background-media":"","overlay-type":"","overlay-color":"","overlay-opacity":"","overlay-gradient":""}},"footnotes":""},"categories":[21],"tags":[],"class_list":["post-31264","post","type-post","status-publish","format-standard","has-post-thumbnail","hentry","category-veranstaltungen_archiv"],"acf":[],"yoast_head":"<!-- This site is optimized with the Yoast SEO plugin v27.4 - https:\/\/yoast.com\/product\/yoast-seo-wordpress\/ -->\n<title>Jonas Gampe: Wie geht rentable Permakultur Landwirtschaft? Online-Vortrag am 06. September 2023 - Permakultur-Landwirtschaft<\/title>\n<meta name=\"robots\" content=\"index, follow, max-snippet:-1, max-image-preview:large, max-video-preview:-1\" \/>\n<link rel=\"canonical\" href=\"https:\/\/permakultur-landwirtschaft.org\/fr\/jonas-gampe-wie-geht-rentable-permakultur-landwirtschaft-online-vortrag-am-06-09-2023\/\" \/>\n<meta property=\"og:locale\" content=\"fr_FR\" \/>\n<meta property=\"og:type\" content=\"article\" \/>\n<meta property=\"og:title\" content=\"Jonas Gampe: Wie geht rentable Permakultur Landwirtschaft? Online-Vortrag am 06. September 2023 - Permakultur-Landwirtschaft\" \/>\n<meta property=\"og:description\" content=\"Text von permastart.de: Oftmals wird der Begriff der Permakultur in der Landwirtschaft bel\u00e4chelt. Typische Kommentare sind \u201eWo soll ich so viel Personal f\u00fcr die Ernte herbekommen?\u201c oder einfach: \u201eIch kann das doch nicht auf meinen 100 Hektar Land umsetzen.\u201cMeist liegt das vor allem daran, dass die Permakultur als kleinteilige L\u00f6sung und Gestaltungsmethode angesehen wird und [&hellip;]\" \/>\n<meta property=\"og:url\" content=\"https:\/\/permakultur-landwirtschaft.org\/fr\/jonas-gampe-wie-geht-rentable-permakultur-landwirtschaft-online-vortrag-am-06-09-2023\/\" \/>\n<meta property=\"og:site_name\" content=\"Permakultur-Landwirtschaft\" \/>\n<meta property=\"article:publisher\" content=\"https:\/\/www.facebook.com\/PermakulturLandwirtschaft\" \/>\n<meta property=\"article:published_time\" content=\"2023-09-06T07:51:00+00:00\" \/>\n<meta property=\"article:modified_time\" content=\"2023-09-07T06:31:14+00:00\" \/>\n<meta property=\"og:image\" content=\"https:\/\/permakultur-landwirtschaft.org\/wp-content\/uploads\/2023\/07\/gampe_Entwurf-PK-Landwirtschaft-1536x768-1.webp\" \/>\n\t<meta property=\"og:image:width\" content=\"1536\" \/>\n\t<meta property=\"og:image:height\" content=\"768\" \/>\n\t<meta property=\"og:image:type\" content=\"image\/webp\" \/>\n<meta name=\"author\" content=\"adrian reutimann\" \/>\n<meta name=\"twitter:card\" content=\"summary_large_image\" \/>\n<meta name=\"twitter:label1\" content=\"\u00c9crit par\" \/>\n\t<meta name=\"twitter:data1\" content=\"adrian reutimann\" \/>\n\t<meta name=\"twitter:label2\" content=\"Dur\u00e9e de lecture estim\u00e9e\" \/>\n\t<meta name=\"twitter:data2\" content=\"1 minute\" \/>\n<script type=\"application\/ld+json\" class=\"yoast-schema-graph\">{\"@context\":\"https:\\\/\\\/schema.org\",\"@graph\":[{\"@type\":\"Article\",\"@id\":\"https:\\\/\\\/permakultur-landwirtschaft.org\\\/jonas-gampe-wie-geht-rentable-permakultur-landwirtschaft-online-vortrag-am-06-09-2023\\\/#article\",\"isPartOf\":{\"@id\":\"https:\\\/\\\/permakultur-landwirtschaft.org\\\/jonas-gampe-wie-geht-rentable-permakultur-landwirtschaft-online-vortrag-am-06-09-2023\\\/\"},\"author\":{\"name\":\"adrian reutimann\",\"@id\":\"https:\\\/\\\/permakultur-landwirtschaft.org\\\/#\\\/schema\\\/person\\\/6b0467872f75aed3e144093f9bf4f0b0\"},\"headline\":\"Jonas Gampe: Wie geht rentable Permakultur Landwirtschaft? Online-Vortrag am 06. September 2023\",\"datePublished\":\"2023-09-06T07:51:00+00:00\",\"dateModified\":\"2023-09-07T06:31:14+00:00\",\"mainEntityOfPage\":{\"@id\":\"https:\\\/\\\/permakultur-landwirtschaft.org\\\/jonas-gampe-wie-geht-rentable-permakultur-landwirtschaft-online-vortrag-am-06-09-2023\\\/\"},\"wordCount\":156,\"publisher\":{\"@id\":\"https:\\\/\\\/permakultur-landwirtschaft.org\\\/#organization\"},\"image\":{\"@id\":\"https:\\\/\\\/permakultur-landwirtschaft.org\\\/jonas-gampe-wie-geht-rentable-permakultur-landwirtschaft-online-vortrag-am-06-09-2023\\\/#primaryimage\"},\"thumbnailUrl\":\"https:\\\/\\\/permakultur-landwirtschaft.org\\\/wp-content\\\/uploads\\\/2023\\\/07\\\/gampe_Entwurf-PK-Landwirtschaft-1536x768-1.webp\",\"articleSection\":[\"Veranstaltungen_Archiv\"],\"inLanguage\":\"fr-FR\"},{\"@type\":\"WebPage\",\"@id\":\"https:\\\/\\\/permakultur-landwirtschaft.org\\\/jonas-gampe-wie-geht-rentable-permakultur-landwirtschaft-online-vortrag-am-06-09-2023\\\/\",\"url\":\"https:\\\/\\\/permakultur-landwirtschaft.org\\\/jonas-gampe-wie-geht-rentable-permakultur-landwirtschaft-online-vortrag-am-06-09-2023\\\/\",\"name\":\"Jonas Gampe: Wie geht rentable Permakultur Landwirtschaft? Online-Vortrag am 06. September 2023 - Permakultur-Landwirtschaft\",\"isPartOf\":{\"@id\":\"https:\\\/\\\/permakultur-landwirtschaft.org\\\/#website\"},\"primaryImageOfPage\":{\"@id\":\"https:\\\/\\\/permakultur-landwirtschaft.org\\\/jonas-gampe-wie-geht-rentable-permakultur-landwirtschaft-online-vortrag-am-06-09-2023\\\/#primaryimage\"},\"image\":{\"@id\":\"https:\\\/\\\/permakultur-landwirtschaft.org\\\/jonas-gampe-wie-geht-rentable-permakultur-landwirtschaft-online-vortrag-am-06-09-2023\\\/#primaryimage\"},\"thumbnailUrl\":\"https:\\\/\\\/permakultur-landwirtschaft.org\\\/wp-content\\\/uploads\\\/2023\\\/07\\\/gampe_Entwurf-PK-Landwirtschaft-1536x768-1.webp\",\"datePublished\":\"2023-09-06T07:51:00+00:00\",\"dateModified\":\"2023-09-07T06:31:14+00:00\",\"breadcrumb\":{\"@id\":\"https:\\\/\\\/permakultur-landwirtschaft.org\\\/jonas-gampe-wie-geht-rentable-permakultur-landwirtschaft-online-vortrag-am-06-09-2023\\\/#breadcrumb\"},\"inLanguage\":\"fr-FR\",\"potentialAction\":[{\"@type\":\"ReadAction\",\"target\":[\"https:\\\/\\\/permakultur-landwirtschaft.org\\\/jonas-gampe-wie-geht-rentable-permakultur-landwirtschaft-online-vortrag-am-06-09-2023\\\/\"]}]},{\"@type\":\"ImageObject\",\"inLanguage\":\"fr-FR\",\"@id\":\"https:\\\/\\\/permakultur-landwirtschaft.org\\\/jonas-gampe-wie-geht-rentable-permakultur-landwirtschaft-online-vortrag-am-06-09-2023\\\/#primaryimage\",\"url\":\"https:\\\/\\\/permakultur-landwirtschaft.org\\\/wp-content\\\/uploads\\\/2023\\\/07\\\/gampe_Entwurf-PK-Landwirtschaft-1536x768-1.webp\",\"contentUrl\":\"https:\\\/\\\/permakultur-landwirtschaft.org\\\/wp-content\\\/uploads\\\/2023\\\/07\\\/gampe_Entwurf-PK-Landwirtschaft-1536x768-1.webp\",\"width\":1536,\"height\":768,\"caption\":\"Bild: Jonas Gampe\"},{\"@type\":\"BreadcrumbList\",\"@id\":\"https:\\\/\\\/permakultur-landwirtschaft.org\\\/jonas-gampe-wie-geht-rentable-permakultur-landwirtschaft-online-vortrag-am-06-09-2023\\\/#breadcrumb\",\"itemListElement\":[{\"@type\":\"ListItem\",\"position\":1,\"name\":\"Startseite\",\"item\":\"https:\\\/\\\/permakultur-landwirtschaft.org\\\/\"},{\"@type\":\"ListItem\",\"position\":2,\"name\":\"Jonas Gampe: Wie geht rentable Permakultur Landwirtschaft? Online-Vortrag am 06. September 2023\"}]},{\"@type\":\"WebSite\",\"@id\":\"https:\\\/\\\/permakultur-landwirtschaft.org\\\/#website\",\"url\":\"https:\\\/\\\/permakultur-landwirtschaft.org\\\/\",\"name\":\"Permakultur-Landwirtschaft\",\"description\":\"F\u00f6rderung der Permakultur in der Landwirtschaft\",\"publisher\":{\"@id\":\"https:\\\/\\\/permakultur-landwirtschaft.org\\\/#organization\"},\"potentialAction\":[{\"@type\":\"SearchAction\",\"target\":{\"@type\":\"EntryPoint\",\"urlTemplate\":\"https:\\\/\\\/permakultur-landwirtschaft.org\\\/?s={search_term_string}\"},\"query-input\":{\"@type\":\"PropertyValueSpecification\",\"valueRequired\":true,\"valueName\":\"search_term_string\"}}],\"inLanguage\":\"fr-FR\"},{\"@type\":\"Organization\",\"@id\":\"https:\\\/\\\/permakultur-landwirtschaft.org\\\/#organization\",\"name\":\"Permakultur-Landwirtschaft\",\"alternateName\":\"Verein Permakultur-Landwirtschaft\",\"url\":\"https:\\\/\\\/permakultur-landwirtschaft.org\\\/\",\"logo\":{\"@type\":\"ImageObject\",\"inLanguage\":\"fr-FR\",\"@id\":\"https:\\\/\\\/permakultur-landwirtschaft.org\\\/#\\\/schema\\\/logo\\\/image\\\/\",\"url\":\"https:\\\/\\\/permakultur-landwirtschaft.org\\\/wp-content\\\/uploads\\\/2021\\\/11\\\/pela_1268x1269.png\",\"contentUrl\":\"https:\\\/\\\/permakultur-landwirtschaft.org\\\/wp-content\\\/uploads\\\/2021\\\/11\\\/pela_1268x1269.png\",\"width\":1298,\"height\":1269,\"caption\":\"Permakultur-Landwirtschaft\"},\"image\":{\"@id\":\"https:\\\/\\\/permakultur-landwirtschaft.org\\\/#\\\/schema\\\/logo\\\/image\\\/\"},\"sameAs\":[\"https:\\\/\\\/www.facebook.com\\\/PermakulturLandwirtschaft\",\"https:\\\/\\\/www.instagram.com\\\/permakultur_landwirtschaft\\\/\",\"https:\\\/\\\/www.flickr.com\\\/photos\\\/permakultur-landwirtschaft\",\"https:\\\/\\\/www.youtube.com\\\/@PermakulturLandwirtschaft\"]},{\"@type\":\"Person\",\"@id\":\"https:\\\/\\\/permakultur-landwirtschaft.org\\\/#\\\/schema\\\/person\\\/6b0467872f75aed3e144093f9bf4f0b0\",\"name\":\"adrian reutimann\",\"url\":\"https:\\\/\\\/permakultur-landwirtschaft.org\\\/fr\\\/author\\\/reutiadr\\\/\"}]}<\/script>\n<!-- \/ Yoast SEO plugin. -->","yoast_head_json":{"title":"Jonas Gampe: Wie geht rentable Permakultur Landwirtschaft? Online-Vortrag am 06. September 2023 - Permakultur-Landwirtschaft","robots":{"index":"index","follow":"follow","max-snippet":"max-snippet:-1","max-image-preview":"max-image-preview:large","max-video-preview":"max-video-preview:-1"},"canonical":"https:\/\/permakultur-landwirtschaft.org\/fr\/jonas-gampe-wie-geht-rentable-permakultur-landwirtschaft-online-vortrag-am-06-09-2023\/","og_locale":"fr_FR","og_type":"article","og_title":"Jonas Gampe: Wie geht rentable Permakultur Landwirtschaft? Online-Vortrag am 06. September 2023 - Permakultur-Landwirtschaft","og_description":"Text von permastart.de: Oftmals wird der Begriff der Permakultur in der Landwirtschaft bel\u00e4chelt. Typische Kommentare sind \u201eWo soll ich so viel Personal f\u00fcr die Ernte herbekommen?\u201c oder einfach: \u201eIch kann das doch nicht auf meinen 100 Hektar Land umsetzen.\u201cMeist liegt das vor allem daran, dass die Permakultur als kleinteilige L\u00f6sung und Gestaltungsmethode angesehen wird und [&hellip;]","og_url":"https:\/\/permakultur-landwirtschaft.org\/fr\/jonas-gampe-wie-geht-rentable-permakultur-landwirtschaft-online-vortrag-am-06-09-2023\/","og_site_name":"Permakultur-Landwirtschaft","article_publisher":"https:\/\/www.facebook.com\/PermakulturLandwirtschaft","article_published_time":"2023-09-06T07:51:00+00:00","article_modified_time":"2023-09-07T06:31:14+00:00","og_image":[{"width":1536,"height":768,"url":"https:\/\/permakultur-landwirtschaft.org\/wp-content\/uploads\/2023\/07\/gampe_Entwurf-PK-Landwirtschaft-1536x768-1.webp","type":"image\/webp"}],"author":"adrian reutimann","twitter_card":"summary_large_image","twitter_misc":{"\u00c9crit par":"adrian reutimann","Dur\u00e9e de lecture estim\u00e9e":"1 minute"},"schema":{"@context":"https:\/\/schema.org","@graph":[{"@type":"Article","@id":"https:\/\/permakultur-landwirtschaft.org\/jonas-gampe-wie-geht-rentable-permakultur-landwirtschaft-online-vortrag-am-06-09-2023\/#article","isPartOf":{"@id":"https:\/\/permakultur-landwirtschaft.org\/jonas-gampe-wie-geht-rentable-permakultur-landwirtschaft-online-vortrag-am-06-09-2023\/"},"author":{"name":"adrian reutimann","@id":"https:\/\/permakultur-landwirtschaft.org\/#\/schema\/person\/6b0467872f75aed3e144093f9bf4f0b0"},"headline":"Jonas Gampe: Wie geht rentable Permakultur Landwirtschaft? Online-Vortrag am 06. September 2023","datePublished":"2023-09-06T07:51:00+00:00","dateModified":"2023-09-07T06:31:14+00:00","mainEntityOfPage":{"@id":"https:\/\/permakultur-landwirtschaft.org\/jonas-gampe-wie-geht-rentable-permakultur-landwirtschaft-online-vortrag-am-06-09-2023\/"},"wordCount":156,"publisher":{"@id":"https:\/\/permakultur-landwirtschaft.org\/#organization"},"image":{"@id":"https:\/\/permakultur-landwirtschaft.org\/jonas-gampe-wie-geht-rentable-permakultur-landwirtschaft-online-vortrag-am-06-09-2023\/#primaryimage"},"thumbnailUrl":"https:\/\/permakultur-landwirtschaft.org\/wp-content\/uploads\/2023\/07\/gampe_Entwurf-PK-Landwirtschaft-1536x768-1.webp","articleSection":["Veranstaltungen_Archiv"],"inLanguage":"fr-FR"},{"@type":"WebPage","@id":"https:\/\/permakultur-landwirtschaft.org\/jonas-gampe-wie-geht-rentable-permakultur-landwirtschaft-online-vortrag-am-06-09-2023\/","url":"https:\/\/permakultur-landwirtschaft.org\/jonas-gampe-wie-geht-rentable-permakultur-landwirtschaft-online-vortrag-am-06-09-2023\/","name":"Jonas Gampe: Wie geht rentable Permakultur Landwirtschaft? Online-Vortrag am 06. September 2023 - Permakultur-Landwirtschaft","isPartOf":{"@id":"https:\/\/permakultur-landwirtschaft.org\/#website"},"primaryImageOfPage":{"@id":"https:\/\/permakultur-landwirtschaft.org\/jonas-gampe-wie-geht-rentable-permakultur-landwirtschaft-online-vortrag-am-06-09-2023\/#primaryimage"},"image":{"@id":"https:\/\/permakultur-landwirtschaft.org\/jonas-gampe-wie-geht-rentable-permakultur-landwirtschaft-online-vortrag-am-06-09-2023\/#primaryimage"},"thumbnailUrl":"https:\/\/permakultur-landwirtschaft.org\/wp-content\/uploads\/2023\/07\/gampe_Entwurf-PK-Landwirtschaft-1536x768-1.webp","datePublished":"2023-09-06T07:51:00+00:00","dateModified":"2023-09-07T06:31:14+00:00","breadcrumb":{"@id":"https:\/\/permakultur-landwirtschaft.org\/jonas-gampe-wie-geht-rentable-permakultur-landwirtschaft-online-vortrag-am-06-09-2023\/#breadcrumb"},"inLanguage":"fr-FR","potentialAction":[{"@type":"ReadAction","target":["https:\/\/permakultur-landwirtschaft.org\/jonas-gampe-wie-geht-rentable-permakultur-landwirtschaft-online-vortrag-am-06-09-2023\/"]}]},{"@type":"ImageObject","inLanguage":"fr-FR","@id":"https:\/\/permakultur-landwirtschaft.org\/jonas-gampe-wie-geht-rentable-permakultur-landwirtschaft-online-vortrag-am-06-09-2023\/#primaryimage","url":"https:\/\/permakultur-landwirtschaft.org\/wp-content\/uploads\/2023\/07\/gampe_Entwurf-PK-Landwirtschaft-1536x768-1.webp","contentUrl":"https:\/\/permakultur-landwirtschaft.org\/wp-content\/uploads\/2023\/07\/gampe_Entwurf-PK-Landwirtschaft-1536x768-1.webp","width":1536,"height":768,"caption":"Bild: Jonas Gampe"},{"@type":"BreadcrumbList","@id":"https:\/\/permakultur-landwirtschaft.org\/jonas-gampe-wie-geht-rentable-permakultur-landwirtschaft-online-vortrag-am-06-09-2023\/#breadcrumb","itemListElement":[{"@type":"ListItem","position":1,"name":"Startseite","item":"https:\/\/permakultur-landwirtschaft.org\/"},{"@type":"ListItem","position":2,"name":"Jonas Gampe: Wie geht rentable Permakultur Landwirtschaft? Online-Vortrag am 06. September 2023"}]},{"@type":"WebSite","@id":"https:\/\/permakultur-landwirtschaft.org\/#website","url":"https:\/\/permakultur-landwirtschaft.org\/","name":"Permakultur-Landwirtschaft","description":"F\u00f6rderung der Permakultur in der Landwirtschaft","publisher":{"@id":"https:\/\/permakultur-landwirtschaft.org\/#organization"},"potentialAction":[{"@type":"SearchAction","target":{"@type":"EntryPoint","urlTemplate":"https:\/\/permakultur-landwirtschaft.org\/?s={search_term_string}"},"query-input":{"@type":"PropertyValueSpecification","valueRequired":true,"valueName":"search_term_string"}}],"inLanguage":"fr-FR"},{"@type":"Organization","@id":"https:\/\/permakultur-landwirtschaft.org\/#organization","name":"Permakultur-Landwirtschaft","alternateName":"Verein Permakultur-Landwirtschaft","url":"https:\/\/permakultur-landwirtschaft.org\/","logo":{"@type":"ImageObject","inLanguage":"fr-FR","@id":"https:\/\/permakultur-landwirtschaft.org\/#\/schema\/logo\/image\/","url":"https:\/\/permakultur-landwirtschaft.org\/wp-content\/uploads\/2021\/11\/pela_1268x1269.png","contentUrl":"https:\/\/permakultur-landwirtschaft.org\/wp-content\/uploads\/2021\/11\/pela_1268x1269.png","width":1298,"height":1269,"caption":"Permakultur-Landwirtschaft"},"image":{"@id":"https:\/\/permakultur-landwirtschaft.org\/#\/schema\/logo\/image\/"},"sameAs":["https:\/\/www.facebook.com\/PermakulturLandwirtschaft","https:\/\/www.instagram.com\/permakultur_landwirtschaft\/","https:\/\/www.flickr.com\/photos\/permakultur-landwirtschaft","https:\/\/www.youtube.com\/@PermakulturLandwirtschaft"]},{"@type":"Person","@id":"https:\/\/permakultur-landwirtschaft.org\/#\/schema\/person\/6b0467872f75aed3e144093f9bf4f0b0","name":"adrian reutimann","url":"https:\/\/permakultur-landwirtschaft.org\/fr\/author\/reutiadr\/"}]}},"_links":{"self":[{"href":"https:\/\/permakultur-landwirtschaft.org\/fr\/wp-json\/wp\/v2\/posts\/31264","targetHints":{"allow":["GET"]}}],"collection":[{"href":"https:\/\/permakultur-landwirtschaft.org\/fr\/wp-json\/wp\/v2\/posts"}],"about":[{"href":"https:\/\/permakultur-landwirtschaft.org\/fr\/wp-json\/wp\/v2\/types\/post"}],"author":[{"embeddable":true,"href":"https:\/\/permakultur-landwirtschaft.org\/fr\/wp-json\/wp\/v2\/users\/2"}],"replies":[{"embeddable":true,"href":"https:\/\/permakultur-landwirtschaft.org\/fr\/wp-json\/wp\/v2\/comments?post=31264"}],"version-history":[{"count":2,"href":"https:\/\/permakultur-landwirtschaft.org\/fr\/wp-json\/wp\/v2\/posts\/31264\/revisions"}],"predecessor-version":[{"id":31317,"href":"https:\/\/permakultur-landwirtschaft.org\/fr\/wp-json\/wp\/v2\/posts\/31264\/revisions\/31317"}],"wp:featuredmedia":[{"embeddable":true,"href":"https:\/\/permakultur-landwirtschaft.org\/fr\/wp-json\/wp\/v2\/media\/31265"}],"wp:attachment":[{"href":"https:\/\/permakultur-landwirtschaft.org\/fr\/wp-json\/wp\/v2\/media?parent=31264"}],"wp:term":[{"taxonomy":"category","embeddable":true,"href":"https:\/\/permakultur-landwirtschaft.org\/fr\/wp-json\/wp\/v2\/categories?post=31264"},{"taxonomy":"post_tag","embeddable":true,"href":"https:\/\/permakultur-landwirtschaft.org\/fr\/wp-json\/wp\/v2\/tags?post=31264"}],"curies":[{"name":"wp","href":"https:\/\/api.w.org\/{rel}","templated":true}]}}