{"id":31256,"date":"2023-06-02T10:30:00","date_gmt":"2023-06-02T08:30:00","guid":{"rendered":"https:\/\/permakultur-landwirtschaft.org\/?p=31256"},"modified":"2023-07-26T10:33:40","modified_gmt":"2023-07-26T08:33:40","slug":"landwirt-matthias-roggli-bekommt-mit-agroforst-mehr-flaeche-die-gruene-vom-02-juni-2023","status":"publish","type":"post","link":"https:\/\/permakultur-landwirtschaft.org\/fr\/landwirt-matthias-roggli-bekommt-mit-agroforst-mehr-flaeche-die-gruene-vom-02-juni-2023\/","title":{"rendered":"Landwirt Matthias Roggli bekommt mit Agroforst mehr Fl\u00e4che &#8211; Die gr\u00fcne vom 02. Juni 2023"},"content":{"rendered":"<p>Text von diegruene.ch:<\/p>\n\n\n\n<p>Schatten f\u00fcr die H\u00fchner, einen erosionsgef\u00e4hrdeten Hang stabilisieren und Fr\u00fcchte ernten: Das sind nur einige Vorteile der Agroforstanlage von Matthias Roggli aus dem bernischen Mamishaus.<\/p>\n\n\n\n<p><a href=\"https:\/\/www.diegruene.ch\/artikel\/hof-management\/landwirt-matthias-roggli-bekommt-mit-agroforst-mehr-flaeche-476174\" target=\"_blank\" rel=\"noreferrer noopener\">Link zum Artikel in &#171;die gr\u00fcne<\/a>&#171;<\/p>","protected":false},"excerpt":{"rendered":"<p>Text von diegruene.ch: Schatten f\u00fcr die H\u00fchner, einen erosionsgef\u00e4hrdeten Hang stabilisieren und Fr\u00fcchte ernten: Das sind nur einige Vorteile der Agroforstanlage von Matthias Roggli aus dem bernischen Mamishaus. Link zum Artikel in &#171;die gr\u00fcne&#171;<\/p>","protected":false},"author":2,"featured_media":31257,"comment_status":"closed","ping_status":"closed","sticky":false,"template":"","format":"standard","meta":{"_acf_changed":false,"site-sidebar-layout":"default","site-content-layout":"","ast-site-content-layout":"default","site-content-style":"default","site-sidebar-style":"default","ast-global-header-display":"","ast-banner-title-visibility":"","ast-main-header-display":"","ast-hfb-above-header-display":"","ast-hfb-below-header-display":"","ast-hfb-mobile-header-display":"","site-post-title":"","ast-breadcrumbs-content":"","ast-featured-img":"","footer-sml-layout":"","ast-disable-related-posts":"","theme-transparent-header-meta":"","adv-header-id-meta":"","stick-header-meta":"","header-above-stick-meta":"","header-main-stick-meta":"","header-below-stick-meta":"","astra-migrate-meta-layouts":"default","ast-page-background-enabled":"default","ast-page-background-meta":{"desktop":{"background-color":"var(--ast-global-color-4)","background-image":"","background-repeat":"repeat","background-position":"center center","background-size":"auto","background-attachment":"scroll","background-type":"","background-media":"","overlay-type":"","overlay-color":"","overlay-opacity":"","overlay-gradient":""},"tablet":{"background-color":"","background-image":"","background-repeat":"repeat","background-position":"center center","background-size":"auto","background-attachment":"scroll","background-type":"","background-media":"","overlay-type":"","overlay-color":"","overlay-opacity":"","overlay-gradient":""},"mobile":{"background-color":"","background-image":"","background-repeat":"repeat","background-position":"center center","background-size":"auto","background-attachment":"scroll","background-type":"","background-media":"","overlay-type":"","overlay-color":"","overlay-opacity":"","overlay-gradient":""}},"ast-content-background-meta":{"desktop":{"background-color":"var(--ast-global-color-5)","background-image":"","background-repeat":"repeat","background-position":"center center","background-size":"auto","background-attachment":"scroll","background-type":"","background-media":"","overlay-type":"","overlay-color":"","overlay-opacity":"","overlay-gradient":""},"tablet":{"background-color":"var(--ast-global-color-5)","background-image":"","background-repeat":"repeat","background-position":"center center","background-size":"auto","background-attachment":"scroll","background-type":"","background-media":"","overlay-type":"","overlay-color":"","overlay-opacity":"","overlay-gradient":""},"mobile":{"background-color":"var(--ast-global-color-5)","background-image":"","background-repeat":"repeat","background-position":"center center","background-size":"auto","background-attachment":"scroll","background-type":"","background-media":"","overlay-type":"","overlay-color":"","overlay-opacity":"","overlay-gradient":""}},"footnotes":""},"categories":[22],"tags":[],"class_list":["post-31256","post","type-post","status-publish","format-standard","has-post-thumbnail","hentry","category-neuigkeit"],"acf":[],"yoast_head":"<!-- This site is optimized with the Yoast SEO plugin v27.5 - https:\/\/yoast.com\/product\/yoast-seo-wordpress\/ -->\n<title>Landwirt Matthias Roggli bekommt mit Agroforst mehr Fl\u00e4che - Die gr\u00fcne vom 02. Juni 2023 - Permakultur-Landwirtschaft<\/title>\n<meta name=\"robots\" content=\"index, follow, max-snippet:-1, max-image-preview:large, max-video-preview:-1\" \/>\n<link rel=\"canonical\" href=\"https:\/\/permakultur-landwirtschaft.org\/fr\/landwirt-matthias-roggli-bekommt-mit-agroforst-mehr-flaeche-die-gruene-vom-02-juni-2023\/\" \/>\n<meta property=\"og:locale\" content=\"fr_FR\" \/>\n<meta property=\"og:type\" content=\"article\" \/>\n<meta property=\"og:title\" content=\"Landwirt Matthias Roggli bekommt mit Agroforst mehr Fl\u00e4che - Die gr\u00fcne vom 02. Juni 2023 - Permakultur-Landwirtschaft\" \/>\n<meta property=\"og:description\" content=\"Text von diegruene.ch: Schatten f\u00fcr die H\u00fchner, einen erosionsgef\u00e4hrdeten Hang stabilisieren und Fr\u00fcchte ernten: Das sind nur einige Vorteile der Agroforstanlage von Matthias Roggli aus dem bernischen Mamishaus. Link zum Artikel in &#171;die gr\u00fcne&#171;\" \/>\n<meta property=\"og:url\" content=\"https:\/\/permakultur-landwirtschaft.org\/fr\/landwirt-matthias-roggli-bekommt-mit-agroforst-mehr-flaeche-die-gruene-vom-02-juni-2023\/\" \/>\n<meta property=\"og:site_name\" content=\"Permakultur-Landwirtschaft\" \/>\n<meta property=\"article:publisher\" content=\"https:\/\/www.facebook.com\/PermakulturLandwirtschaft\" \/>\n<meta property=\"article:published_time\" content=\"2023-06-02T08:30:00+00:00\" \/>\n<meta property=\"article:modified_time\" content=\"2023-07-26T08:33:40+00:00\" \/>\n<meta property=\"og:image\" content=\"https:\/\/permakultur-landwirtschaft.org\/wp-content\/uploads\/2023\/07\/csm_DG_23-07_bild-01_agroforst-pia-neuenschwander_89f780cf82.webp\" \/>\n\t<meta property=\"og:image:width\" content=\"1280\" \/>\n\t<meta property=\"og:image:height\" content=\"800\" \/>\n\t<meta property=\"og:image:type\" content=\"image\/webp\" \/>\n<meta name=\"author\" content=\"adrian reutimann\" \/>\n<meta name=\"twitter:card\" content=\"summary_large_image\" \/>\n<meta name=\"twitter:label1\" content=\"\u00c9crit par\" \/>\n\t<meta name=\"twitter:data1\" content=\"adrian reutimann\" \/>\n\t<meta name=\"twitter:label2\" content=\"Dur\u00e9e de lecture estim\u00e9e\" \/>\n\t<meta name=\"twitter:data2\" content=\"1 minute\" \/>\n<script type=\"application\/ld+json\" class=\"yoast-schema-graph\">{\"@context\":\"https:\\\/\\\/schema.org\",\"@graph\":[{\"@type\":\"Article\",\"@id\":\"https:\\\/\\\/permakultur-landwirtschaft.org\\\/landwirt-matthias-roggli-bekommt-mit-agroforst-mehr-flaeche-die-gruene-vom-02-juni-2023\\\/#article\",\"isPartOf\":{\"@id\":\"https:\\\/\\\/permakultur-landwirtschaft.org\\\/landwirt-matthias-roggli-bekommt-mit-agroforst-mehr-flaeche-die-gruene-vom-02-juni-2023\\\/\"},\"author\":{\"name\":\"adrian reutimann\",\"@id\":\"https:\\\/\\\/permakultur-landwirtschaft.org\\\/#\\\/schema\\\/person\\\/6b0467872f75aed3e144093f9bf4f0b0\"},\"headline\":\"Landwirt Matthias Roggli bekommt mit Agroforst mehr Fl\u00e4che &#8211; Die gr\u00fcne vom 02. Juni 2023\",\"datePublished\":\"2023-06-02T08:30:00+00:00\",\"dateModified\":\"2023-07-26T08:33:40+00:00\",\"mainEntityOfPage\":{\"@id\":\"https:\\\/\\\/permakultur-landwirtschaft.org\\\/landwirt-matthias-roggli-bekommt-mit-agroforst-mehr-flaeche-die-gruene-vom-02-juni-2023\\\/\"},\"wordCount\":55,\"publisher\":{\"@id\":\"https:\\\/\\\/permakultur-landwirtschaft.org\\\/#organization\"},\"image\":{\"@id\":\"https:\\\/\\\/permakultur-landwirtschaft.org\\\/landwirt-matthias-roggli-bekommt-mit-agroforst-mehr-flaeche-die-gruene-vom-02-juni-2023\\\/#primaryimage\"},\"thumbnailUrl\":\"https:\\\/\\\/permakultur-landwirtschaft.org\\\/wp-content\\\/uploads\\\/2023\\\/07\\\/csm_DG_23-07_bild-01_agroforst-pia-neuenschwander_89f780cf82.webp\",\"articleSection\":[\"Neuigkeit\"],\"inLanguage\":\"fr-FR\"},{\"@type\":\"WebPage\",\"@id\":\"https:\\\/\\\/permakultur-landwirtschaft.org\\\/landwirt-matthias-roggli-bekommt-mit-agroforst-mehr-flaeche-die-gruene-vom-02-juni-2023\\\/\",\"url\":\"https:\\\/\\\/permakultur-landwirtschaft.org\\\/landwirt-matthias-roggli-bekommt-mit-agroforst-mehr-flaeche-die-gruene-vom-02-juni-2023\\\/\",\"name\":\"Landwirt Matthias Roggli bekommt mit Agroforst mehr Fl\u00e4che - Die gr\u00fcne vom 02. Juni 2023 - Permakultur-Landwirtschaft\",\"isPartOf\":{\"@id\":\"https:\\\/\\\/permakultur-landwirtschaft.org\\\/#website\"},\"primaryImageOfPage\":{\"@id\":\"https:\\\/\\\/permakultur-landwirtschaft.org\\\/landwirt-matthias-roggli-bekommt-mit-agroforst-mehr-flaeche-die-gruene-vom-02-juni-2023\\\/#primaryimage\"},\"image\":{\"@id\":\"https:\\\/\\\/permakultur-landwirtschaft.org\\\/landwirt-matthias-roggli-bekommt-mit-agroforst-mehr-flaeche-die-gruene-vom-02-juni-2023\\\/#primaryimage\"},\"thumbnailUrl\":\"https:\\\/\\\/permakultur-landwirtschaft.org\\\/wp-content\\\/uploads\\\/2023\\\/07\\\/csm_DG_23-07_bild-01_agroforst-pia-neuenschwander_89f780cf82.webp\",\"datePublished\":\"2023-06-02T08:30:00+00:00\",\"dateModified\":\"2023-07-26T08:33:40+00:00\",\"breadcrumb\":{\"@id\":\"https:\\\/\\\/permakultur-landwirtschaft.org\\\/landwirt-matthias-roggli-bekommt-mit-agroforst-mehr-flaeche-die-gruene-vom-02-juni-2023\\\/#breadcrumb\"},\"inLanguage\":\"fr-FR\",\"potentialAction\":[{\"@type\":\"ReadAction\",\"target\":[\"https:\\\/\\\/permakultur-landwirtschaft.org\\\/landwirt-matthias-roggli-bekommt-mit-agroforst-mehr-flaeche-die-gruene-vom-02-juni-2023\\\/\"]}]},{\"@type\":\"ImageObject\",\"inLanguage\":\"fr-FR\",\"@id\":\"https:\\\/\\\/permakultur-landwirtschaft.org\\\/landwirt-matthias-roggli-bekommt-mit-agroforst-mehr-flaeche-die-gruene-vom-02-juni-2023\\\/#primaryimage\",\"url\":\"https:\\\/\\\/permakultur-landwirtschaft.org\\\/wp-content\\\/uploads\\\/2023\\\/07\\\/csm_DG_23-07_bild-01_agroforst-pia-neuenschwander_89f780cf82.webp\",\"contentUrl\":\"https:\\\/\\\/permakultur-landwirtschaft.org\\\/wp-content\\\/uploads\\\/2023\\\/07\\\/csm_DG_23-07_bild-01_agroforst-pia-neuenschwander_89f780cf82.webp\",\"width\":1280,\"height\":800,\"caption\":\"Bild: \\\"die gr\u00fcne\\\" \\\/ Pia Neuenschwander\"},{\"@type\":\"BreadcrumbList\",\"@id\":\"https:\\\/\\\/permakultur-landwirtschaft.org\\\/landwirt-matthias-roggli-bekommt-mit-agroforst-mehr-flaeche-die-gruene-vom-02-juni-2023\\\/#breadcrumb\",\"itemListElement\":[{\"@type\":\"ListItem\",\"position\":1,\"name\":\"Startseite\",\"item\":\"https:\\\/\\\/permakultur-landwirtschaft.org\\\/\"},{\"@type\":\"ListItem\",\"position\":2,\"name\":\"Landwirt Matthias Roggli bekommt mit Agroforst mehr Fl\u00e4che &#8211; Die gr\u00fcne vom 02. Juni 2023\"}]},{\"@type\":\"WebSite\",\"@id\":\"https:\\\/\\\/permakultur-landwirtschaft.org\\\/#website\",\"url\":\"https:\\\/\\\/permakultur-landwirtschaft.org\\\/\",\"name\":\"Permakultur-Landwirtschaft\",\"description\":\"F\u00f6rderung der Permakultur in der Landwirtschaft\",\"publisher\":{\"@id\":\"https:\\\/\\\/permakultur-landwirtschaft.org\\\/#organization\"},\"potentialAction\":[{\"@type\":\"SearchAction\",\"target\":{\"@type\":\"EntryPoint\",\"urlTemplate\":\"https:\\\/\\\/permakultur-landwirtschaft.org\\\/?s={search_term_string}\"},\"query-input\":{\"@type\":\"PropertyValueSpecification\",\"valueRequired\":true,\"valueName\":\"search_term_string\"}}],\"inLanguage\":\"fr-FR\"},{\"@type\":\"Organization\",\"@id\":\"https:\\\/\\\/permakultur-landwirtschaft.org\\\/#organization\",\"name\":\"Permakultur-Landwirtschaft\",\"alternateName\":\"Verein Permakultur-Landwirtschaft\",\"url\":\"https:\\\/\\\/permakultur-landwirtschaft.org\\\/\",\"logo\":{\"@type\":\"ImageObject\",\"inLanguage\":\"fr-FR\",\"@id\":\"https:\\\/\\\/permakultur-landwirtschaft.org\\\/#\\\/schema\\\/logo\\\/image\\\/\",\"url\":\"https:\\\/\\\/permakultur-landwirtschaft.org\\\/wp-content\\\/uploads\\\/2021\\\/11\\\/pela_1268x1269.png\",\"contentUrl\":\"https:\\\/\\\/permakultur-landwirtschaft.org\\\/wp-content\\\/uploads\\\/2021\\\/11\\\/pela_1268x1269.png\",\"width\":1298,\"height\":1269,\"caption\":\"Permakultur-Landwirtschaft\"},\"image\":{\"@id\":\"https:\\\/\\\/permakultur-landwirtschaft.org\\\/#\\\/schema\\\/logo\\\/image\\\/\"},\"sameAs\":[\"https:\\\/\\\/www.facebook.com\\\/PermakulturLandwirtschaft\",\"https:\\\/\\\/www.instagram.com\\\/permakultur_landwirtschaft\\\/\",\"https:\\\/\\\/www.flickr.com\\\/photos\\\/permakultur-landwirtschaft\",\"https:\\\/\\\/www.youtube.com\\\/@PermakulturLandwirtschaft\"]},{\"@type\":\"Person\",\"@id\":\"https:\\\/\\\/permakultur-landwirtschaft.org\\\/#\\\/schema\\\/person\\\/6b0467872f75aed3e144093f9bf4f0b0\",\"name\":\"adrian reutimann\",\"url\":\"https:\\\/\\\/permakultur-landwirtschaft.org\\\/fr\\\/author\\\/reutiadr\\\/\"}]}<\/script>\n<!-- \/ Yoast SEO plugin. -->","yoast_head_json":{"title":"Landwirt Matthias Roggli bekommt mit Agroforst mehr Fl\u00e4che - Die gr\u00fcne vom 02. Juni 2023 - Permakultur-Landwirtschaft","robots":{"index":"index","follow":"follow","max-snippet":"max-snippet:-1","max-image-preview":"max-image-preview:large","max-video-preview":"max-video-preview:-1"},"canonical":"https:\/\/permakultur-landwirtschaft.org\/fr\/landwirt-matthias-roggli-bekommt-mit-agroforst-mehr-flaeche-die-gruene-vom-02-juni-2023\/","og_locale":"fr_FR","og_type":"article","og_title":"Landwirt Matthias Roggli bekommt mit Agroforst mehr Fl\u00e4che - Die gr\u00fcne vom 02. Juni 2023 - Permakultur-Landwirtschaft","og_description":"Text von diegruene.ch: Schatten f\u00fcr die H\u00fchner, einen erosionsgef\u00e4hrdeten Hang stabilisieren und Fr\u00fcchte ernten: Das sind nur einige Vorteile der Agroforstanlage von Matthias Roggli aus dem bernischen Mamishaus. Link zum Artikel in &#171;die gr\u00fcne&#171;","og_url":"https:\/\/permakultur-landwirtschaft.org\/fr\/landwirt-matthias-roggli-bekommt-mit-agroforst-mehr-flaeche-die-gruene-vom-02-juni-2023\/","og_site_name":"Permakultur-Landwirtschaft","article_publisher":"https:\/\/www.facebook.com\/PermakulturLandwirtschaft","article_published_time":"2023-06-02T08:30:00+00:00","article_modified_time":"2023-07-26T08:33:40+00:00","og_image":[{"width":1280,"height":800,"url":"https:\/\/permakultur-landwirtschaft.org\/wp-content\/uploads\/2023\/07\/csm_DG_23-07_bild-01_agroforst-pia-neuenschwander_89f780cf82.webp","type":"image\/webp"}],"author":"adrian reutimann","twitter_card":"summary_large_image","twitter_misc":{"\u00c9crit par":"adrian reutimann","Dur\u00e9e de lecture estim\u00e9e":"1 minute"},"schema":{"@context":"https:\/\/schema.org","@graph":[{"@type":"Article","@id":"https:\/\/permakultur-landwirtschaft.org\/landwirt-matthias-roggli-bekommt-mit-agroforst-mehr-flaeche-die-gruene-vom-02-juni-2023\/#article","isPartOf":{"@id":"https:\/\/permakultur-landwirtschaft.org\/landwirt-matthias-roggli-bekommt-mit-agroforst-mehr-flaeche-die-gruene-vom-02-juni-2023\/"},"author":{"name":"adrian reutimann","@id":"https:\/\/permakultur-landwirtschaft.org\/#\/schema\/person\/6b0467872f75aed3e144093f9bf4f0b0"},"headline":"Landwirt Matthias Roggli bekommt mit Agroforst mehr Fl\u00e4che &#8211; Die gr\u00fcne vom 02. Juni 2023","datePublished":"2023-06-02T08:30:00+00:00","dateModified":"2023-07-26T08:33:40+00:00","mainEntityOfPage":{"@id":"https:\/\/permakultur-landwirtschaft.org\/landwirt-matthias-roggli-bekommt-mit-agroforst-mehr-flaeche-die-gruene-vom-02-juni-2023\/"},"wordCount":55,"publisher":{"@id":"https:\/\/permakultur-landwirtschaft.org\/#organization"},"image":{"@id":"https:\/\/permakultur-landwirtschaft.org\/landwirt-matthias-roggli-bekommt-mit-agroforst-mehr-flaeche-die-gruene-vom-02-juni-2023\/#primaryimage"},"thumbnailUrl":"https:\/\/permakultur-landwirtschaft.org\/wp-content\/uploads\/2023\/07\/csm_DG_23-07_bild-01_agroforst-pia-neuenschwander_89f780cf82.webp","articleSection":["Neuigkeit"],"inLanguage":"fr-FR"},{"@type":"WebPage","@id":"https:\/\/permakultur-landwirtschaft.org\/landwirt-matthias-roggli-bekommt-mit-agroforst-mehr-flaeche-die-gruene-vom-02-juni-2023\/","url":"https:\/\/permakultur-landwirtschaft.org\/landwirt-matthias-roggli-bekommt-mit-agroforst-mehr-flaeche-die-gruene-vom-02-juni-2023\/","name":"Landwirt Matthias Roggli bekommt mit Agroforst mehr Fl\u00e4che - Die gr\u00fcne vom 02. Juni 2023 - Permakultur-Landwirtschaft","isPartOf":{"@id":"https:\/\/permakultur-landwirtschaft.org\/#website"},"primaryImageOfPage":{"@id":"https:\/\/permakultur-landwirtschaft.org\/landwirt-matthias-roggli-bekommt-mit-agroforst-mehr-flaeche-die-gruene-vom-02-juni-2023\/#primaryimage"},"image":{"@id":"https:\/\/permakultur-landwirtschaft.org\/landwirt-matthias-roggli-bekommt-mit-agroforst-mehr-flaeche-die-gruene-vom-02-juni-2023\/#primaryimage"},"thumbnailUrl":"https:\/\/permakultur-landwirtschaft.org\/wp-content\/uploads\/2023\/07\/csm_DG_23-07_bild-01_agroforst-pia-neuenschwander_89f780cf82.webp","datePublished":"2023-06-02T08:30:00+00:00","dateModified":"2023-07-26T08:33:40+00:00","breadcrumb":{"@id":"https:\/\/permakultur-landwirtschaft.org\/landwirt-matthias-roggli-bekommt-mit-agroforst-mehr-flaeche-die-gruene-vom-02-juni-2023\/#breadcrumb"},"inLanguage":"fr-FR","potentialAction":[{"@type":"ReadAction","target":["https:\/\/permakultur-landwirtschaft.org\/landwirt-matthias-roggli-bekommt-mit-agroforst-mehr-flaeche-die-gruene-vom-02-juni-2023\/"]}]},{"@type":"ImageObject","inLanguage":"fr-FR","@id":"https:\/\/permakultur-landwirtschaft.org\/landwirt-matthias-roggli-bekommt-mit-agroforst-mehr-flaeche-die-gruene-vom-02-juni-2023\/#primaryimage","url":"https:\/\/permakultur-landwirtschaft.org\/wp-content\/uploads\/2023\/07\/csm_DG_23-07_bild-01_agroforst-pia-neuenschwander_89f780cf82.webp","contentUrl":"https:\/\/permakultur-landwirtschaft.org\/wp-content\/uploads\/2023\/07\/csm_DG_23-07_bild-01_agroforst-pia-neuenschwander_89f780cf82.webp","width":1280,"height":800,"caption":"Bild: \"die gr\u00fcne\" \/ Pia Neuenschwander"},{"@type":"BreadcrumbList","@id":"https:\/\/permakultur-landwirtschaft.org\/landwirt-matthias-roggli-bekommt-mit-agroforst-mehr-flaeche-die-gruene-vom-02-juni-2023\/#breadcrumb","itemListElement":[{"@type":"ListItem","position":1,"name":"Startseite","item":"https:\/\/permakultur-landwirtschaft.org\/"},{"@type":"ListItem","position":2,"name":"Landwirt Matthias Roggli bekommt mit Agroforst mehr Fl\u00e4che &#8211; Die gr\u00fcne vom 02. Juni 2023"}]},{"@type":"WebSite","@id":"https:\/\/permakultur-landwirtschaft.org\/#website","url":"https:\/\/permakultur-landwirtschaft.org\/","name":"Permakultur-Landwirtschaft","description":"F\u00f6rderung der Permakultur in der Landwirtschaft","publisher":{"@id":"https:\/\/permakultur-landwirtschaft.org\/#organization"},"potentialAction":[{"@type":"SearchAction","target":{"@type":"EntryPoint","urlTemplate":"https:\/\/permakultur-landwirtschaft.org\/?s={search_term_string}"},"query-input":{"@type":"PropertyValueSpecification","valueRequired":true,"valueName":"search_term_string"}}],"inLanguage":"fr-FR"},{"@type":"Organization","@id":"https:\/\/permakultur-landwirtschaft.org\/#organization","name":"Permakultur-Landwirtschaft","alternateName":"Verein Permakultur-Landwirtschaft","url":"https:\/\/permakultur-landwirtschaft.org\/","logo":{"@type":"ImageObject","inLanguage":"fr-FR","@id":"https:\/\/permakultur-landwirtschaft.org\/#\/schema\/logo\/image\/","url":"https:\/\/permakultur-landwirtschaft.org\/wp-content\/uploads\/2021\/11\/pela_1268x1269.png","contentUrl":"https:\/\/permakultur-landwirtschaft.org\/wp-content\/uploads\/2021\/11\/pela_1268x1269.png","width":1298,"height":1269,"caption":"Permakultur-Landwirtschaft"},"image":{"@id":"https:\/\/permakultur-landwirtschaft.org\/#\/schema\/logo\/image\/"},"sameAs":["https:\/\/www.facebook.com\/PermakulturLandwirtschaft","https:\/\/www.instagram.com\/permakultur_landwirtschaft\/","https:\/\/www.flickr.com\/photos\/permakultur-landwirtschaft","https:\/\/www.youtube.com\/@PermakulturLandwirtschaft"]},{"@type":"Person","@id":"https:\/\/permakultur-landwirtschaft.org\/#\/schema\/person\/6b0467872f75aed3e144093f9bf4f0b0","name":"adrian reutimann","url":"https:\/\/permakultur-landwirtschaft.org\/fr\/author\/reutiadr\/"}]}},"_links":{"self":[{"href":"https:\/\/permakultur-landwirtschaft.org\/fr\/wp-json\/wp\/v2\/posts\/31256","targetHints":{"allow":["GET"]}}],"collection":[{"href":"https:\/\/permakultur-landwirtschaft.org\/fr\/wp-json\/wp\/v2\/posts"}],"about":[{"href":"https:\/\/permakultur-landwirtschaft.org\/fr\/wp-json\/wp\/v2\/types\/post"}],"author":[{"embeddable":true,"href":"https:\/\/permakultur-landwirtschaft.org\/fr\/wp-json\/wp\/v2\/users\/2"}],"replies":[{"embeddable":true,"href":"https:\/\/permakultur-landwirtschaft.org\/fr\/wp-json\/wp\/v2\/comments?post=31256"}],"version-history":[{"count":1,"href":"https:\/\/permakultur-landwirtschaft.org\/fr\/wp-json\/wp\/v2\/posts\/31256\/revisions"}],"predecessor-version":[{"id":31258,"href":"https:\/\/permakultur-landwirtschaft.org\/fr\/wp-json\/wp\/v2\/posts\/31256\/revisions\/31258"}],"wp:featuredmedia":[{"embeddable":true,"href":"https:\/\/permakultur-landwirtschaft.org\/fr\/wp-json\/wp\/v2\/media\/31257"}],"wp:attachment":[{"href":"https:\/\/permakultur-landwirtschaft.org\/fr\/wp-json\/wp\/v2\/media?parent=31256"}],"wp:term":[{"taxonomy":"category","embeddable":true,"href":"https:\/\/permakultur-landwirtschaft.org\/fr\/wp-json\/wp\/v2\/categories?post=31256"},{"taxonomy":"post_tag","embeddable":true,"href":"https:\/\/permakultur-landwirtschaft.org\/fr\/wp-json\/wp\/v2\/tags?post=31256"}],"curies":[{"name":"wp","href":"https:\/\/api.w.org\/{rel}","templated":true}]}}