{"id":31249,"date":"2023-06-05T10:06:00","date_gmt":"2023-06-05T08:06:00","guid":{"rendered":"https:\/\/permakultur-landwirtschaft.org\/?p=31249"},"modified":"2023-07-26T10:08:42","modified_gmt":"2023-07-26T08:08:42","slug":"agroforstsysteme-sind-auch-in-der-produzierenden-landwirtschaft-immer-mehr-im-trend-bauernzeitung-vom-05-juni-2023","status":"publish","type":"post","link":"https:\/\/permakultur-landwirtschaft.org\/fr\/agroforstsysteme-sind-auch-in-der-produzierenden-landwirtschaft-immer-mehr-im-trend-bauernzeitung-vom-05-juni-2023\/","title":{"rendered":"Agroforstsysteme sind auch in der produzierenden Landwirtschaft immer mehr im Trend &#8211; Bauernzeitung vom 05. Juni 2023"},"content":{"rendered":"<p>Text von bauernzeitung.ch:<\/p>\n\n\n\n<p>Agroforst pr\u00e4gt die Schweiz seit Jahrhunderten und hat in einigen Regionen eine lange Tradition. Vor Herausforderungen wie dem Klimawandel, Biodiversit\u00e4tsverlust oder Bodenerosion bringen moderne Agroforstsysteme auch in der produzierenden Landwirtschaft zunehmend Vorteile.<\/p>\n\n\n\n<p>Rund 9 Prozent der landwirtschaftlichen Fl\u00e4che werden heute agroforstlich genutzt. Dies haupts\u00e4chlich in Form von traditionellen Agroforstsystemen wie den Wytweiden im Kanton Jura, den Kastanienselven im Tessin oder in Form von klassischen Hochstammobstg\u00e4rten.<\/p>\n\n\n\n<p>Auf intensiven bewirtschafteten Ackerfl\u00e4chen ist diese Mischform allerdings verschwunden, erh\u00e4lt durch die Klimaerw\u00e4rmung aber wieder neuen Aufschwung: Je l\u00e4nger, je mehr, st\u00f6sst die Agroforstwirtschaft, bei der B\u00e4ume und verschiedene Kulturen miteinander kombiniert werden, auch in der produzierenden Landwirtschaft verst\u00e4rkt auf Interesse und entwickelt sich allm\u00e4hlich zu einer \u00f6kologischen Alternative mit durchaus \u00f6konomischen Vorteilen.<\/p>\n\n\n\n<p><a href=\"https:\/\/www.bauernzeitung.ch\/artikel\/pflanzen\/agroforstsysteme-sind-auch-in-der-produzierenden-landwirtschaft-immer-mehr-im-trend-476855\" target=\"_blank\" rel=\"noreferrer noopener\">Link zum Artikel in der Bauernzeitung<\/a><\/p>","protected":false},"excerpt":{"rendered":"<p>Text von bauernzeitung.ch: Agroforst pr\u00e4gt die Schweiz seit Jahrhunderten und hat in einigen Regionen eine lange Tradition. Vor Herausforderungen wie dem Klimawandel, Biodiversit\u00e4tsverlust oder Bodenerosion bringen moderne Agroforstsysteme auch in der produzierenden Landwirtschaft zunehmend Vorteile. Rund 9 Prozent der landwirtschaftlichen Fl\u00e4che werden heute agroforstlich genutzt. Dies haupts\u00e4chlich in Form von traditionellen Agroforstsystemen wie den Wytweiden [&hellip;]<\/p>\n","protected":false},"author":2,"featured_media":31250,"comment_status":"closed","ping_status":"closed","sticky":false,"template":"","format":"standard","meta":{"_acf_changed":false,"site-sidebar-layout":"default","site-content-layout":"","ast-site-content-layout":"default","site-content-style":"default","site-sidebar-style":"default","ast-global-header-display":"","ast-banner-title-visibility":"","ast-main-header-display":"","ast-hfb-above-header-display":"","ast-hfb-below-header-display":"","ast-hfb-mobile-header-display":"","site-post-title":"","ast-breadcrumbs-content":"","ast-featured-img":"","footer-sml-layout":"","ast-disable-related-posts":"","theme-transparent-header-meta":"","adv-header-id-meta":"","stick-header-meta":"","header-above-stick-meta":"","header-main-stick-meta":"","header-below-stick-meta":"","astra-migrate-meta-layouts":"default","ast-page-background-enabled":"default","ast-page-background-meta":{"desktop":{"background-color":"var(--ast-global-color-4)","background-image":"","background-repeat":"repeat","background-position":"center center","background-size":"auto","background-attachment":"scroll","background-type":"","background-media":"","overlay-type":"","overlay-color":"","overlay-opacity":"","overlay-gradient":""},"tablet":{"background-color":"","background-image":"","background-repeat":"repeat","background-position":"center center","background-size":"auto","background-attachment":"scroll","background-type":"","background-media":"","overlay-type":"","overlay-color":"","overlay-opacity":"","overlay-gradient":""},"mobile":{"background-color":"","background-image":"","background-repeat":"repeat","background-position":"center center","background-size":"auto","background-attachment":"scroll","background-type":"","background-media":"","overlay-type":"","overlay-color":"","overlay-opacity":"","overlay-gradient":""}},"ast-content-background-meta":{"desktop":{"background-color":"var(--ast-global-color-5)","background-image":"","background-repeat":"repeat","background-position":"center center","background-size":"auto","background-attachment":"scroll","background-type":"","background-media":"","overlay-type":"","overlay-color":"","overlay-opacity":"","overlay-gradient":""},"tablet":{"background-color":"var(--ast-global-color-5)","background-image":"","background-repeat":"repeat","background-position":"center center","background-size":"auto","background-attachment":"scroll","background-type":"","background-media":"","overlay-type":"","overlay-color":"","overlay-opacity":"","overlay-gradient":""},"mobile":{"background-color":"var(--ast-global-color-5)","background-image":"","background-repeat":"repeat","background-position":"center center","background-size":"auto","background-attachment":"scroll","background-type":"","background-media":"","overlay-type":"","overlay-color":"","overlay-opacity":"","overlay-gradient":""}},"footnotes":""},"categories":[22],"tags":[],"class_list":["post-31249","post","type-post","status-publish","format-standard","has-post-thumbnail","hentry","category-neuigkeit"],"acf":[],"yoast_head":"<!-- This site is optimized with the Yoast SEO plugin v27.5 - https:\/\/yoast.com\/product\/yoast-seo-wordpress\/ -->\n<title>Agroforstsysteme sind auch in der produzierenden Landwirtschaft immer mehr im Trend - Bauernzeitung vom 05. Juni 2023 - Permakultur-Landwirtschaft<\/title>\n<meta name=\"robots\" content=\"index, follow, max-snippet:-1, max-image-preview:large, max-video-preview:-1\" \/>\n<link rel=\"canonical\" href=\"https:\/\/permakultur-landwirtschaft.org\/fr\/agroforstsysteme-sind-auch-in-der-produzierenden-landwirtschaft-immer-mehr-im-trend-bauernzeitung-vom-05-juni-2023\/\" \/>\n<meta property=\"og:locale\" content=\"fr_FR\" \/>\n<meta property=\"og:type\" content=\"article\" \/>\n<meta property=\"og:title\" content=\"Agroforstsysteme sind auch in der produzierenden Landwirtschaft immer mehr im Trend - Bauernzeitung vom 05. Juni 2023 - Permakultur-Landwirtschaft\" \/>\n<meta property=\"og:description\" content=\"Text von bauernzeitung.ch: Agroforst pr\u00e4gt die Schweiz seit Jahrhunderten und hat in einigen Regionen eine lange Tradition. Vor Herausforderungen wie dem Klimawandel, Biodiversit\u00e4tsverlust oder Bodenerosion bringen moderne Agroforstsysteme auch in der produzierenden Landwirtschaft zunehmend Vorteile. Rund 9 Prozent der landwirtschaftlichen Fl\u00e4che werden heute agroforstlich genutzt. Dies haupts\u00e4chlich in Form von traditionellen Agroforstsystemen wie den Wytweiden [&hellip;]\" \/>\n<meta property=\"og:url\" content=\"https:\/\/permakultur-landwirtschaft.org\/fr\/agroforstsysteme-sind-auch-in-der-produzierenden-landwirtschaft-immer-mehr-im-trend-bauernzeitung-vom-05-juni-2023\/\" \/>\n<meta property=\"og:site_name\" content=\"Permakultur-Landwirtschaft\" \/>\n<meta property=\"article:publisher\" content=\"https:\/\/www.facebook.com\/PermakulturLandwirtschaft\" \/>\n<meta property=\"article:published_time\" content=\"2023-06-05T08:06:00+00:00\" \/>\n<meta property=\"article:modified_time\" content=\"2023-07-26T08:08:42+00:00\" \/>\n<meta property=\"og:image\" content=\"https:\/\/permakultur-landwirtschaft.org\/wp-content\/uploads\/2023\/07\/20230605_bauernzeitung_agroforst_csm_agroforst1_15437a8b27.jpg\" \/>\n\t<meta property=\"og:image:width\" content=\"700\" \/>\n\t<meta property=\"og:image:height\" content=\"437\" \/>\n\t<meta property=\"og:image:type\" content=\"image\/jpeg\" \/>\n<meta name=\"author\" content=\"adrian reutimann\" \/>\n<meta name=\"twitter:card\" content=\"summary_large_image\" \/>\n<meta name=\"twitter:label1\" content=\"\u00c9crit par\" \/>\n\t<meta name=\"twitter:data1\" content=\"adrian reutimann\" \/>\n\t<meta name=\"twitter:label2\" content=\"Dur\u00e9e de lecture estim\u00e9e\" \/>\n\t<meta name=\"twitter:data2\" content=\"1 minute\" \/>\n<script type=\"application\/ld+json\" class=\"yoast-schema-graph\">{\"@context\":\"https:\\\/\\\/schema.org\",\"@graph\":[{\"@type\":\"Article\",\"@id\":\"https:\\\/\\\/permakultur-landwirtschaft.org\\\/agroforstsysteme-sind-auch-in-der-produzierenden-landwirtschaft-immer-mehr-im-trend-bauernzeitung-vom-05-juni-2023\\\/#article\",\"isPartOf\":{\"@id\":\"https:\\\/\\\/permakultur-landwirtschaft.org\\\/agroforstsysteme-sind-auch-in-der-produzierenden-landwirtschaft-immer-mehr-im-trend-bauernzeitung-vom-05-juni-2023\\\/\"},\"author\":{\"name\":\"adrian reutimann\",\"@id\":\"https:\\\/\\\/permakultur-landwirtschaft.org\\\/#\\\/schema\\\/person\\\/6b0467872f75aed3e144093f9bf4f0b0\"},\"headline\":\"Agroforstsysteme sind auch in der produzierenden Landwirtschaft immer mehr im Trend &#8211; Bauernzeitung vom 05. Juni 2023\",\"datePublished\":\"2023-06-05T08:06:00+00:00\",\"dateModified\":\"2023-07-26T08:08:42+00:00\",\"mainEntityOfPage\":{\"@id\":\"https:\\\/\\\/permakultur-landwirtschaft.org\\\/agroforstsysteme-sind-auch-in-der-produzierenden-landwirtschaft-immer-mehr-im-trend-bauernzeitung-vom-05-juni-2023\\\/\"},\"wordCount\":155,\"publisher\":{\"@id\":\"https:\\\/\\\/permakultur-landwirtschaft.org\\\/#organization\"},\"image\":{\"@id\":\"https:\\\/\\\/permakultur-landwirtschaft.org\\\/agroforstsysteme-sind-auch-in-der-produzierenden-landwirtschaft-immer-mehr-im-trend-bauernzeitung-vom-05-juni-2023\\\/#primaryimage\"},\"thumbnailUrl\":\"https:\\\/\\\/permakultur-landwirtschaft.org\\\/wp-content\\\/uploads\\\/2023\\\/07\\\/20230605_bauernzeitung_agroforst_csm_agroforst1_15437a8b27.jpg\",\"articleSection\":[\"Neuigkeit\"],\"inLanguage\":\"fr-FR\"},{\"@type\":\"WebPage\",\"@id\":\"https:\\\/\\\/permakultur-landwirtschaft.org\\\/agroforstsysteme-sind-auch-in-der-produzierenden-landwirtschaft-immer-mehr-im-trend-bauernzeitung-vom-05-juni-2023\\\/\",\"url\":\"https:\\\/\\\/permakultur-landwirtschaft.org\\\/agroforstsysteme-sind-auch-in-der-produzierenden-landwirtschaft-immer-mehr-im-trend-bauernzeitung-vom-05-juni-2023\\\/\",\"name\":\"Agroforstsysteme sind auch in der produzierenden Landwirtschaft immer mehr im Trend - Bauernzeitung vom 05. Juni 2023 - Permakultur-Landwirtschaft\",\"isPartOf\":{\"@id\":\"https:\\\/\\\/permakultur-landwirtschaft.org\\\/#website\"},\"primaryImageOfPage\":{\"@id\":\"https:\\\/\\\/permakultur-landwirtschaft.org\\\/agroforstsysteme-sind-auch-in-der-produzierenden-landwirtschaft-immer-mehr-im-trend-bauernzeitung-vom-05-juni-2023\\\/#primaryimage\"},\"image\":{\"@id\":\"https:\\\/\\\/permakultur-landwirtschaft.org\\\/agroforstsysteme-sind-auch-in-der-produzierenden-landwirtschaft-immer-mehr-im-trend-bauernzeitung-vom-05-juni-2023\\\/#primaryimage\"},\"thumbnailUrl\":\"https:\\\/\\\/permakultur-landwirtschaft.org\\\/wp-content\\\/uploads\\\/2023\\\/07\\\/20230605_bauernzeitung_agroforst_csm_agroforst1_15437a8b27.jpg\",\"datePublished\":\"2023-06-05T08:06:00+00:00\",\"dateModified\":\"2023-07-26T08:08:42+00:00\",\"breadcrumb\":{\"@id\":\"https:\\\/\\\/permakultur-landwirtschaft.org\\\/agroforstsysteme-sind-auch-in-der-produzierenden-landwirtschaft-immer-mehr-im-trend-bauernzeitung-vom-05-juni-2023\\\/#breadcrumb\"},\"inLanguage\":\"fr-FR\",\"potentialAction\":[{\"@type\":\"ReadAction\",\"target\":[\"https:\\\/\\\/permakultur-landwirtschaft.org\\\/agroforstsysteme-sind-auch-in-der-produzierenden-landwirtschaft-immer-mehr-im-trend-bauernzeitung-vom-05-juni-2023\\\/\"]}]},{\"@type\":\"ImageObject\",\"inLanguage\":\"fr-FR\",\"@id\":\"https:\\\/\\\/permakultur-landwirtschaft.org\\\/agroforstsysteme-sind-auch-in-der-produzierenden-landwirtschaft-immer-mehr-im-trend-bauernzeitung-vom-05-juni-2023\\\/#primaryimage\",\"url\":\"https:\\\/\\\/permakultur-landwirtschaft.org\\\/wp-content\\\/uploads\\\/2023\\\/07\\\/20230605_bauernzeitung_agroforst_csm_agroforst1_15437a8b27.jpg\",\"contentUrl\":\"https:\\\/\\\/permakultur-landwirtschaft.org\\\/wp-content\\\/uploads\\\/2023\\\/07\\\/20230605_bauernzeitung_agroforst_csm_agroforst1_15437a8b27.jpg\",\"width\":700,\"height\":437,\"caption\":\"Bild: Renate Hodel \\\/lid\"},{\"@type\":\"BreadcrumbList\",\"@id\":\"https:\\\/\\\/permakultur-landwirtschaft.org\\\/agroforstsysteme-sind-auch-in-der-produzierenden-landwirtschaft-immer-mehr-im-trend-bauernzeitung-vom-05-juni-2023\\\/#breadcrumb\",\"itemListElement\":[{\"@type\":\"ListItem\",\"position\":1,\"name\":\"Startseite\",\"item\":\"https:\\\/\\\/permakultur-landwirtschaft.org\\\/\"},{\"@type\":\"ListItem\",\"position\":2,\"name\":\"Agroforstsysteme sind auch in der produzierenden Landwirtschaft immer mehr im Trend &#8211; Bauernzeitung vom 05. Juni 2023\"}]},{\"@type\":\"WebSite\",\"@id\":\"https:\\\/\\\/permakultur-landwirtschaft.org\\\/#website\",\"url\":\"https:\\\/\\\/permakultur-landwirtschaft.org\\\/\",\"name\":\"Permakultur-Landwirtschaft\",\"description\":\"F\u00f6rderung der Permakultur in der Landwirtschaft\",\"publisher\":{\"@id\":\"https:\\\/\\\/permakultur-landwirtschaft.org\\\/#organization\"},\"potentialAction\":[{\"@type\":\"SearchAction\",\"target\":{\"@type\":\"EntryPoint\",\"urlTemplate\":\"https:\\\/\\\/permakultur-landwirtschaft.org\\\/?s={search_term_string}\"},\"query-input\":{\"@type\":\"PropertyValueSpecification\",\"valueRequired\":true,\"valueName\":\"search_term_string\"}}],\"inLanguage\":\"fr-FR\"},{\"@type\":\"Organization\",\"@id\":\"https:\\\/\\\/permakultur-landwirtschaft.org\\\/#organization\",\"name\":\"Permakultur-Landwirtschaft\",\"alternateName\":\"Verein Permakultur-Landwirtschaft\",\"url\":\"https:\\\/\\\/permakultur-landwirtschaft.org\\\/\",\"logo\":{\"@type\":\"ImageObject\",\"inLanguage\":\"fr-FR\",\"@id\":\"https:\\\/\\\/permakultur-landwirtschaft.org\\\/#\\\/schema\\\/logo\\\/image\\\/\",\"url\":\"https:\\\/\\\/permakultur-landwirtschaft.org\\\/wp-content\\\/uploads\\\/2021\\\/11\\\/pela_1268x1269.png\",\"contentUrl\":\"https:\\\/\\\/permakultur-landwirtschaft.org\\\/wp-content\\\/uploads\\\/2021\\\/11\\\/pela_1268x1269.png\",\"width\":1298,\"height\":1269,\"caption\":\"Permakultur-Landwirtschaft\"},\"image\":{\"@id\":\"https:\\\/\\\/permakultur-landwirtschaft.org\\\/#\\\/schema\\\/logo\\\/image\\\/\"},\"sameAs\":[\"https:\\\/\\\/www.facebook.com\\\/PermakulturLandwirtschaft\",\"https:\\\/\\\/www.instagram.com\\\/permakultur_landwirtschaft\\\/\",\"https:\\\/\\\/www.flickr.com\\\/photos\\\/permakultur-landwirtschaft\",\"https:\\\/\\\/www.youtube.com\\\/@PermakulturLandwirtschaft\"]},{\"@type\":\"Person\",\"@id\":\"https:\\\/\\\/permakultur-landwirtschaft.org\\\/#\\\/schema\\\/person\\\/6b0467872f75aed3e144093f9bf4f0b0\",\"name\":\"adrian reutimann\",\"url\":\"https:\\\/\\\/permakultur-landwirtschaft.org\\\/fr\\\/author\\\/reutiadr\\\/\"}]}<\/script>\n<!-- \/ Yoast SEO plugin. -->","yoast_head_json":{"title":"Agroforstsysteme sind auch in der produzierenden Landwirtschaft immer mehr im Trend - Bauernzeitung vom 05. Juni 2023 - Permakultur-Landwirtschaft","robots":{"index":"index","follow":"follow","max-snippet":"max-snippet:-1","max-image-preview":"max-image-preview:large","max-video-preview":"max-video-preview:-1"},"canonical":"https:\/\/permakultur-landwirtschaft.org\/fr\/agroforstsysteme-sind-auch-in-der-produzierenden-landwirtschaft-immer-mehr-im-trend-bauernzeitung-vom-05-juni-2023\/","og_locale":"fr_FR","og_type":"article","og_title":"Agroforstsysteme sind auch in der produzierenden Landwirtschaft immer mehr im Trend - Bauernzeitung vom 05. Juni 2023 - Permakultur-Landwirtschaft","og_description":"Text von bauernzeitung.ch: Agroforst pr\u00e4gt die Schweiz seit Jahrhunderten und hat in einigen Regionen eine lange Tradition. Vor Herausforderungen wie dem Klimawandel, Biodiversit\u00e4tsverlust oder Bodenerosion bringen moderne Agroforstsysteme auch in der produzierenden Landwirtschaft zunehmend Vorteile. Rund 9 Prozent der landwirtschaftlichen Fl\u00e4che werden heute agroforstlich genutzt. Dies haupts\u00e4chlich in Form von traditionellen Agroforstsystemen wie den Wytweiden [&hellip;]","og_url":"https:\/\/permakultur-landwirtschaft.org\/fr\/agroforstsysteme-sind-auch-in-der-produzierenden-landwirtschaft-immer-mehr-im-trend-bauernzeitung-vom-05-juni-2023\/","og_site_name":"Permakultur-Landwirtschaft","article_publisher":"https:\/\/www.facebook.com\/PermakulturLandwirtschaft","article_published_time":"2023-06-05T08:06:00+00:00","article_modified_time":"2023-07-26T08:08:42+00:00","og_image":[{"width":700,"height":437,"url":"https:\/\/permakultur-landwirtschaft.org\/wp-content\/uploads\/2023\/07\/20230605_bauernzeitung_agroforst_csm_agroforst1_15437a8b27.jpg","type":"image\/jpeg"}],"author":"adrian reutimann","twitter_card":"summary_large_image","twitter_misc":{"\u00c9crit par":"adrian reutimann","Dur\u00e9e de lecture estim\u00e9e":"1 minute"},"schema":{"@context":"https:\/\/schema.org","@graph":[{"@type":"Article","@id":"https:\/\/permakultur-landwirtschaft.org\/agroforstsysteme-sind-auch-in-der-produzierenden-landwirtschaft-immer-mehr-im-trend-bauernzeitung-vom-05-juni-2023\/#article","isPartOf":{"@id":"https:\/\/permakultur-landwirtschaft.org\/agroforstsysteme-sind-auch-in-der-produzierenden-landwirtschaft-immer-mehr-im-trend-bauernzeitung-vom-05-juni-2023\/"},"author":{"name":"adrian reutimann","@id":"https:\/\/permakultur-landwirtschaft.org\/#\/schema\/person\/6b0467872f75aed3e144093f9bf4f0b0"},"headline":"Agroforstsysteme sind auch in der produzierenden Landwirtschaft immer mehr im Trend &#8211; Bauernzeitung vom 05. Juni 2023","datePublished":"2023-06-05T08:06:00+00:00","dateModified":"2023-07-26T08:08:42+00:00","mainEntityOfPage":{"@id":"https:\/\/permakultur-landwirtschaft.org\/agroforstsysteme-sind-auch-in-der-produzierenden-landwirtschaft-immer-mehr-im-trend-bauernzeitung-vom-05-juni-2023\/"},"wordCount":155,"publisher":{"@id":"https:\/\/permakultur-landwirtschaft.org\/#organization"},"image":{"@id":"https:\/\/permakultur-landwirtschaft.org\/agroforstsysteme-sind-auch-in-der-produzierenden-landwirtschaft-immer-mehr-im-trend-bauernzeitung-vom-05-juni-2023\/#primaryimage"},"thumbnailUrl":"https:\/\/permakultur-landwirtschaft.org\/wp-content\/uploads\/2023\/07\/20230605_bauernzeitung_agroforst_csm_agroforst1_15437a8b27.jpg","articleSection":["Neuigkeit"],"inLanguage":"fr-FR"},{"@type":"WebPage","@id":"https:\/\/permakultur-landwirtschaft.org\/agroforstsysteme-sind-auch-in-der-produzierenden-landwirtschaft-immer-mehr-im-trend-bauernzeitung-vom-05-juni-2023\/","url":"https:\/\/permakultur-landwirtschaft.org\/agroforstsysteme-sind-auch-in-der-produzierenden-landwirtschaft-immer-mehr-im-trend-bauernzeitung-vom-05-juni-2023\/","name":"Agroforstsysteme sind auch in der produzierenden Landwirtschaft immer mehr im Trend - Bauernzeitung vom 05. Juni 2023 - Permakultur-Landwirtschaft","isPartOf":{"@id":"https:\/\/permakultur-landwirtschaft.org\/#website"},"primaryImageOfPage":{"@id":"https:\/\/permakultur-landwirtschaft.org\/agroforstsysteme-sind-auch-in-der-produzierenden-landwirtschaft-immer-mehr-im-trend-bauernzeitung-vom-05-juni-2023\/#primaryimage"},"image":{"@id":"https:\/\/permakultur-landwirtschaft.org\/agroforstsysteme-sind-auch-in-der-produzierenden-landwirtschaft-immer-mehr-im-trend-bauernzeitung-vom-05-juni-2023\/#primaryimage"},"thumbnailUrl":"https:\/\/permakultur-landwirtschaft.org\/wp-content\/uploads\/2023\/07\/20230605_bauernzeitung_agroforst_csm_agroforst1_15437a8b27.jpg","datePublished":"2023-06-05T08:06:00+00:00","dateModified":"2023-07-26T08:08:42+00:00","breadcrumb":{"@id":"https:\/\/permakultur-landwirtschaft.org\/agroforstsysteme-sind-auch-in-der-produzierenden-landwirtschaft-immer-mehr-im-trend-bauernzeitung-vom-05-juni-2023\/#breadcrumb"},"inLanguage":"fr-FR","potentialAction":[{"@type":"ReadAction","target":["https:\/\/permakultur-landwirtschaft.org\/agroforstsysteme-sind-auch-in-der-produzierenden-landwirtschaft-immer-mehr-im-trend-bauernzeitung-vom-05-juni-2023\/"]}]},{"@type":"ImageObject","inLanguage":"fr-FR","@id":"https:\/\/permakultur-landwirtschaft.org\/agroforstsysteme-sind-auch-in-der-produzierenden-landwirtschaft-immer-mehr-im-trend-bauernzeitung-vom-05-juni-2023\/#primaryimage","url":"https:\/\/permakultur-landwirtschaft.org\/wp-content\/uploads\/2023\/07\/20230605_bauernzeitung_agroforst_csm_agroforst1_15437a8b27.jpg","contentUrl":"https:\/\/permakultur-landwirtschaft.org\/wp-content\/uploads\/2023\/07\/20230605_bauernzeitung_agroforst_csm_agroforst1_15437a8b27.jpg","width":700,"height":437,"caption":"Bild: Renate Hodel \/lid"},{"@type":"BreadcrumbList","@id":"https:\/\/permakultur-landwirtschaft.org\/agroforstsysteme-sind-auch-in-der-produzierenden-landwirtschaft-immer-mehr-im-trend-bauernzeitung-vom-05-juni-2023\/#breadcrumb","itemListElement":[{"@type":"ListItem","position":1,"name":"Startseite","item":"https:\/\/permakultur-landwirtschaft.org\/"},{"@type":"ListItem","position":2,"name":"Agroforstsysteme sind auch in der produzierenden Landwirtschaft immer mehr im Trend &#8211; Bauernzeitung vom 05. Juni 2023"}]},{"@type":"WebSite","@id":"https:\/\/permakultur-landwirtschaft.org\/#website","url":"https:\/\/permakultur-landwirtschaft.org\/","name":"Permakultur-Landwirtschaft","description":"F\u00f6rderung der Permakultur in der Landwirtschaft","publisher":{"@id":"https:\/\/permakultur-landwirtschaft.org\/#organization"},"potentialAction":[{"@type":"SearchAction","target":{"@type":"EntryPoint","urlTemplate":"https:\/\/permakultur-landwirtschaft.org\/?s={search_term_string}"},"query-input":{"@type":"PropertyValueSpecification","valueRequired":true,"valueName":"search_term_string"}}],"inLanguage":"fr-FR"},{"@type":"Organization","@id":"https:\/\/permakultur-landwirtschaft.org\/#organization","name":"Permakultur-Landwirtschaft","alternateName":"Verein Permakultur-Landwirtschaft","url":"https:\/\/permakultur-landwirtschaft.org\/","logo":{"@type":"ImageObject","inLanguage":"fr-FR","@id":"https:\/\/permakultur-landwirtschaft.org\/#\/schema\/logo\/image\/","url":"https:\/\/permakultur-landwirtschaft.org\/wp-content\/uploads\/2021\/11\/pela_1268x1269.png","contentUrl":"https:\/\/permakultur-landwirtschaft.org\/wp-content\/uploads\/2021\/11\/pela_1268x1269.png","width":1298,"height":1269,"caption":"Permakultur-Landwirtschaft"},"image":{"@id":"https:\/\/permakultur-landwirtschaft.org\/#\/schema\/logo\/image\/"},"sameAs":["https:\/\/www.facebook.com\/PermakulturLandwirtschaft","https:\/\/www.instagram.com\/permakultur_landwirtschaft\/","https:\/\/www.flickr.com\/photos\/permakultur-landwirtschaft","https:\/\/www.youtube.com\/@PermakulturLandwirtschaft"]},{"@type":"Person","@id":"https:\/\/permakultur-landwirtschaft.org\/#\/schema\/person\/6b0467872f75aed3e144093f9bf4f0b0","name":"adrian reutimann","url":"https:\/\/permakultur-landwirtschaft.org\/fr\/author\/reutiadr\/"}]}},"_links":{"self":[{"href":"https:\/\/permakultur-landwirtschaft.org\/fr\/wp-json\/wp\/v2\/posts\/31249","targetHints":{"allow":["GET"]}}],"collection":[{"href":"https:\/\/permakultur-landwirtschaft.org\/fr\/wp-json\/wp\/v2\/posts"}],"about":[{"href":"https:\/\/permakultur-landwirtschaft.org\/fr\/wp-json\/wp\/v2\/types\/post"}],"author":[{"embeddable":true,"href":"https:\/\/permakultur-landwirtschaft.org\/fr\/wp-json\/wp\/v2\/users\/2"}],"replies":[{"embeddable":true,"href":"https:\/\/permakultur-landwirtschaft.org\/fr\/wp-json\/wp\/v2\/comments?post=31249"}],"version-history":[{"count":1,"href":"https:\/\/permakultur-landwirtschaft.org\/fr\/wp-json\/wp\/v2\/posts\/31249\/revisions"}],"predecessor-version":[{"id":31251,"href":"https:\/\/permakultur-landwirtschaft.org\/fr\/wp-json\/wp\/v2\/posts\/31249\/revisions\/31251"}],"wp:featuredmedia":[{"embeddable":true,"href":"https:\/\/permakultur-landwirtschaft.org\/fr\/wp-json\/wp\/v2\/media\/31250"}],"wp:attachment":[{"href":"https:\/\/permakultur-landwirtschaft.org\/fr\/wp-json\/wp\/v2\/media?parent=31249"}],"wp:term":[{"taxonomy":"category","embeddable":true,"href":"https:\/\/permakultur-landwirtschaft.org\/fr\/wp-json\/wp\/v2\/categories?post=31249"},{"taxonomy":"post_tag","embeddable":true,"href":"https:\/\/permakultur-landwirtschaft.org\/fr\/wp-json\/wp\/v2\/tags?post=31249"}],"curies":[{"name":"wp","href":"https:\/\/api.w.org\/{rel}","templated":true}]}}