{"id":31242,"date":"2023-09-18T10:01:00","date_gmt":"2023-09-18T08:01:00","guid":{"rendered":"https:\/\/permakultur-landwirtschaft.org\/?p=31242"},"modified":"2023-09-19T14:19:16","modified_gmt":"2023-09-19T12:19:16","slug":"portes-ouvertes-a-la-ferme-de-lilan-le-18-septembre-2023","status":"publish","type":"post","link":"https:\/\/permakultur-landwirtschaft.org\/fr\/portes-ouvertes-a-la-ferme-de-lilan-le-18-septembre-2023\/","title":{"rendered":"Portes ouvertes \u00e0 la ferme de lilan le 18 septembre 2023"},"content":{"rendered":"<p>Texte de fermedelilan.ch:<\/p>\n\n\n\n<p>En 2021, la Ferme de Lilan a ouvert ses portes. Apr\u00e8s une ann\u00e9e consacr\u00e9e \u00e0 l\u2019am\u00e9nagement de nos jardins, \u00e0 l\u2019int\u00e9gration de nos animaux et \u00e0 notre premi\u00e8re r\u00e9colte, nous sommes ravis de vous inviter \u00e0 d\u00e9couvrir notre univers permacole en pleine cr\u00e9ation.<\/p>\n\n\n\n<p>Nous vous convions \u00e0 nous rejoindre le lundi du Je\u00fbne, le 18 septembre 2023, \u00e0 partir de 10h jusqu\u2019\u00e0 17h, pour visiter la ferme et d\u00e9guster quelques produits concoct\u00e9s sur place!<\/p>\n\n\n\n<p>Le programme complet sera d\u00e9voil\u00e9 apr\u00e8s les vacances scolaires, mais vous pouvez d\u2019ores et d\u00e9j\u00e0 vous inscrire via le formulaire ci-dessous.<\/p>\n\n\n\n<p>Au plaisir de vous accueillir ici \u00e0 cette occasion! Et d\u2019ici l\u00e0, c\u2019est la pleine saison ici, alors retour aux champs et en cuisine!<\/p>\n\n\n\n<p>\u00c0 bient\u00f4t,<br>L\u2019\u00e9quipe de Lilan<\/p>\n\n\n\n<p><a href=\"https:\/\/fermedelilan.ch\/portes-ouvertes\/\" target=\"_blank\" rel=\"noreferrer noopener\">Lien vers l&#8217;\u00e9v\u00e9nement chez la Ferme de Lilan<\/a><\/p>","protected":false},"excerpt":{"rendered":"<p>Texte de fermedelilan.ch: En 2021, la Ferme de Lilan a ouvert ses portes. Apr\u00e8s une ann\u00e9e consacr\u00e9e \u00e0 l\u2019am\u00e9nagement de nos jardins, \u00e0 l\u2019int\u00e9gration de nos animaux et \u00e0 notre premi\u00e8re r\u00e9colte, nous sommes ravis de vous inviter \u00e0 d\u00e9couvrir notre univers permacole en pleine cr\u00e9ation. Nous vous convions \u00e0 nous rejoindre le lundi du [&hellip;]<\/p>\n","protected":false},"author":2,"featured_media":31243,"comment_status":"closed","ping_status":"closed","sticky":false,"template":"","format":"standard","meta":{"_acf_changed":false,"site-sidebar-layout":"default","site-content-layout":"","ast-site-content-layout":"default","site-content-style":"default","site-sidebar-style":"default","ast-global-header-display":"","ast-banner-title-visibility":"","ast-main-header-display":"","ast-hfb-above-header-display":"","ast-hfb-below-header-display":"","ast-hfb-mobile-header-display":"","site-post-title":"","ast-breadcrumbs-content":"","ast-featured-img":"","footer-sml-layout":"","ast-disable-related-posts":"","theme-transparent-header-meta":"","adv-header-id-meta":"","stick-header-meta":"","header-above-stick-meta":"","header-main-stick-meta":"","header-below-stick-meta":"","astra-migrate-meta-layouts":"default","ast-page-background-enabled":"default","ast-page-background-meta":{"desktop":{"background-color":"var(--ast-global-color-4)","background-image":"","background-repeat":"repeat","background-position":"center center","background-size":"auto","background-attachment":"scroll","background-type":"","background-media":"","overlay-type":"","overlay-color":"","overlay-opacity":"","overlay-gradient":""},"tablet":{"background-color":"","background-image":"","background-repeat":"repeat","background-position":"center center","background-size":"auto","background-attachment":"scroll","background-type":"","background-media":"","overlay-type":"","overlay-color":"","overlay-opacity":"","overlay-gradient":""},"mobile":{"background-color":"","background-image":"","background-repeat":"repeat","background-position":"center center","background-size":"auto","background-attachment":"scroll","background-type":"","background-media":"","overlay-type":"","overlay-color":"","overlay-opacity":"","overlay-gradient":""}},"ast-content-background-meta":{"desktop":{"background-color":"var(--ast-global-color-5)","background-image":"","background-repeat":"repeat","background-position":"center center","background-size":"auto","background-attachment":"scroll","background-type":"","background-media":"","overlay-type":"","overlay-color":"","overlay-opacity":"","overlay-gradient":""},"tablet":{"background-color":"var(--ast-global-color-5)","background-image":"","background-repeat":"repeat","background-position":"center center","background-size":"auto","background-attachment":"scroll","background-type":"","background-media":"","overlay-type":"","overlay-color":"","overlay-opacity":"","overlay-gradient":""},"mobile":{"background-color":"var(--ast-global-color-5)","background-image":"","background-repeat":"repeat","background-position":"center center","background-size":"auto","background-attachment":"scroll","background-type":"","background-media":"","overlay-type":"","overlay-color":"","overlay-opacity":"","overlay-gradient":""}},"footnotes":""},"categories":[21],"tags":[],"class_list":["post-31242","post","type-post","status-publish","format-standard","has-post-thumbnail","hentry","category-veranstaltungen_archiv"],"acf":[],"yoast_head":"<!-- This site is optimized with the Yoast SEO plugin v27.4 - https:\/\/yoast.com\/product\/yoast-seo-wordpress\/ -->\n<title>Portes ouvertes \u00e0 la ferme de lilan le 18 septembre 2023 - Permakultur-Landwirtschaft<\/title>\n<meta name=\"robots\" content=\"index, follow, max-snippet:-1, max-image-preview:large, max-video-preview:-1\" \/>\n<link rel=\"canonical\" href=\"https:\/\/permakultur-landwirtschaft.org\/fr\/portes-ouvertes-a-la-ferme-de-lilan-le-18-septembre-2023\/\" \/>\n<meta property=\"og:locale\" content=\"fr_FR\" \/>\n<meta property=\"og:type\" content=\"article\" \/>\n<meta property=\"og:title\" content=\"Portes ouvertes \u00e0 la ferme de lilan le 18 septembre 2023 - Permakultur-Landwirtschaft\" \/>\n<meta property=\"og:description\" content=\"Texte de fermedelilan.ch: En 2021, la Ferme de Lilan a ouvert ses portes. Apr\u00e8s une ann\u00e9e consacr\u00e9e \u00e0 l\u2019am\u00e9nagement de nos jardins, \u00e0 l\u2019int\u00e9gration de nos animaux et \u00e0 notre premi\u00e8re r\u00e9colte, nous sommes ravis de vous inviter \u00e0 d\u00e9couvrir notre univers permacole en pleine cr\u00e9ation. Nous vous convions \u00e0 nous rejoindre le lundi du [&hellip;]\" \/>\n<meta property=\"og:url\" content=\"https:\/\/permakultur-landwirtschaft.org\/fr\/portes-ouvertes-a-la-ferme-de-lilan-le-18-septembre-2023\/\" \/>\n<meta property=\"og:site_name\" content=\"Permakultur-Landwirtschaft\" \/>\n<meta property=\"article:publisher\" content=\"https:\/\/www.facebook.com\/PermakulturLandwirtschaft\" \/>\n<meta property=\"article:published_time\" content=\"2023-09-18T08:01:00+00:00\" \/>\n<meta property=\"article:modified_time\" content=\"2023-09-19T12:19:16+00:00\" \/>\n<meta property=\"og:image\" content=\"https:\/\/permakultur-landwirtschaft.org\/wp-content\/uploads\/2023\/07\/202309_ferme_de_lilan_2023-07-26_09-29-37.jpg\" \/>\n\t<meta property=\"og:image:width\" content=\"700\" \/>\n\t<meta property=\"og:image:height\" content=\"385\" \/>\n\t<meta property=\"og:image:type\" content=\"image\/jpeg\" \/>\n<meta name=\"author\" content=\"adrian reutimann\" \/>\n<meta name=\"twitter:card\" content=\"summary_large_image\" \/>\n<meta name=\"twitter:label1\" content=\"\u00c9crit par\" \/>\n\t<meta name=\"twitter:data1\" content=\"adrian reutimann\" \/>\n\t<meta name=\"twitter:label2\" content=\"Dur\u00e9e de lecture estim\u00e9e\" \/>\n\t<meta name=\"twitter:data2\" content=\"1 minute\" \/>\n<script type=\"application\/ld+json\" class=\"yoast-schema-graph\">{\"@context\":\"https:\\\/\\\/schema.org\",\"@graph\":[{\"@type\":\"Article\",\"@id\":\"https:\\\/\\\/permakultur-landwirtschaft.org\\\/portes-ouvertes-a-la-ferme-de-lilan-le-18-septembre-2023\\\/#article\",\"isPartOf\":{\"@id\":\"https:\\\/\\\/permakultur-landwirtschaft.org\\\/portes-ouvertes-a-la-ferme-de-lilan-le-18-septembre-2023\\\/\"},\"author\":{\"name\":\"adrian reutimann\",\"@id\":\"https:\\\/\\\/permakultur-landwirtschaft.org\\\/#\\\/schema\\\/person\\\/6b0467872f75aed3e144093f9bf4f0b0\"},\"headline\":\"Portes ouvertes \u00e0 la ferme de lilan le 18 septembre 2023\",\"datePublished\":\"2023-09-18T08:01:00+00:00\",\"dateModified\":\"2023-09-19T12:19:16+00:00\",\"mainEntityOfPage\":{\"@id\":\"https:\\\/\\\/permakultur-landwirtschaft.org\\\/portes-ouvertes-a-la-ferme-de-lilan-le-18-septembre-2023\\\/\"},\"wordCount\":157,\"publisher\":{\"@id\":\"https:\\\/\\\/permakultur-landwirtschaft.org\\\/#organization\"},\"image\":{\"@id\":\"https:\\\/\\\/permakultur-landwirtschaft.org\\\/portes-ouvertes-a-la-ferme-de-lilan-le-18-septembre-2023\\\/#primaryimage\"},\"thumbnailUrl\":\"https:\\\/\\\/permakultur-landwirtschaft.org\\\/wp-content\\\/uploads\\\/2023\\\/07\\\/202309_ferme_de_lilan_2023-07-26_09-29-37.jpg\",\"articleSection\":[\"Veranstaltungen_Archiv\"],\"inLanguage\":\"fr-FR\"},{\"@type\":\"WebPage\",\"@id\":\"https:\\\/\\\/permakultur-landwirtschaft.org\\\/portes-ouvertes-a-la-ferme-de-lilan-le-18-septembre-2023\\\/\",\"url\":\"https:\\\/\\\/permakultur-landwirtschaft.org\\\/portes-ouvertes-a-la-ferme-de-lilan-le-18-septembre-2023\\\/\",\"name\":\"Portes ouvertes \u00e0 la ferme de lilan le 18 septembre 2023 - Permakultur-Landwirtschaft\",\"isPartOf\":{\"@id\":\"https:\\\/\\\/permakultur-landwirtschaft.org\\\/#website\"},\"primaryImageOfPage\":{\"@id\":\"https:\\\/\\\/permakultur-landwirtschaft.org\\\/portes-ouvertes-a-la-ferme-de-lilan-le-18-septembre-2023\\\/#primaryimage\"},\"image\":{\"@id\":\"https:\\\/\\\/permakultur-landwirtschaft.org\\\/portes-ouvertes-a-la-ferme-de-lilan-le-18-septembre-2023\\\/#primaryimage\"},\"thumbnailUrl\":\"https:\\\/\\\/permakultur-landwirtschaft.org\\\/wp-content\\\/uploads\\\/2023\\\/07\\\/202309_ferme_de_lilan_2023-07-26_09-29-37.jpg\",\"datePublished\":\"2023-09-18T08:01:00+00:00\",\"dateModified\":\"2023-09-19T12:19:16+00:00\",\"breadcrumb\":{\"@id\":\"https:\\\/\\\/permakultur-landwirtschaft.org\\\/portes-ouvertes-a-la-ferme-de-lilan-le-18-septembre-2023\\\/#breadcrumb\"},\"inLanguage\":\"fr-FR\",\"potentialAction\":[{\"@type\":\"ReadAction\",\"target\":[\"https:\\\/\\\/permakultur-landwirtschaft.org\\\/portes-ouvertes-a-la-ferme-de-lilan-le-18-septembre-2023\\\/\"]}]},{\"@type\":\"ImageObject\",\"inLanguage\":\"fr-FR\",\"@id\":\"https:\\\/\\\/permakultur-landwirtschaft.org\\\/portes-ouvertes-a-la-ferme-de-lilan-le-18-septembre-2023\\\/#primaryimage\",\"url\":\"https:\\\/\\\/permakultur-landwirtschaft.org\\\/wp-content\\\/uploads\\\/2023\\\/07\\\/202309_ferme_de_lilan_2023-07-26_09-29-37.jpg\",\"contentUrl\":\"https:\\\/\\\/permakultur-landwirtschaft.org\\\/wp-content\\\/uploads\\\/2023\\\/07\\\/202309_ferme_de_lilan_2023-07-26_09-29-37.jpg\",\"width\":700,\"height\":385,\"caption\":\"Image: fermedelilan.ch\"},{\"@type\":\"BreadcrumbList\",\"@id\":\"https:\\\/\\\/permakultur-landwirtschaft.org\\\/portes-ouvertes-a-la-ferme-de-lilan-le-18-septembre-2023\\\/#breadcrumb\",\"itemListElement\":[{\"@type\":\"ListItem\",\"position\":1,\"name\":\"Startseite\",\"item\":\"https:\\\/\\\/permakultur-landwirtschaft.org\\\/\"},{\"@type\":\"ListItem\",\"position\":2,\"name\":\"Portes ouvertes \u00e0 la ferme de lilan le 18 septembre 2023\"}]},{\"@type\":\"WebSite\",\"@id\":\"https:\\\/\\\/permakultur-landwirtschaft.org\\\/#website\",\"url\":\"https:\\\/\\\/permakultur-landwirtschaft.org\\\/\",\"name\":\"Permakultur-Landwirtschaft\",\"description\":\"F\u00f6rderung der Permakultur in der Landwirtschaft\",\"publisher\":{\"@id\":\"https:\\\/\\\/permakultur-landwirtschaft.org\\\/#organization\"},\"potentialAction\":[{\"@type\":\"SearchAction\",\"target\":{\"@type\":\"EntryPoint\",\"urlTemplate\":\"https:\\\/\\\/permakultur-landwirtschaft.org\\\/?s={search_term_string}\"},\"query-input\":{\"@type\":\"PropertyValueSpecification\",\"valueRequired\":true,\"valueName\":\"search_term_string\"}}],\"inLanguage\":\"fr-FR\"},{\"@type\":\"Organization\",\"@id\":\"https:\\\/\\\/permakultur-landwirtschaft.org\\\/#organization\",\"name\":\"Permakultur-Landwirtschaft\",\"alternateName\":\"Verein Permakultur-Landwirtschaft\",\"url\":\"https:\\\/\\\/permakultur-landwirtschaft.org\\\/\",\"logo\":{\"@type\":\"ImageObject\",\"inLanguage\":\"fr-FR\",\"@id\":\"https:\\\/\\\/permakultur-landwirtschaft.org\\\/#\\\/schema\\\/logo\\\/image\\\/\",\"url\":\"https:\\\/\\\/permakultur-landwirtschaft.org\\\/wp-content\\\/uploads\\\/2021\\\/11\\\/pela_1268x1269.png\",\"contentUrl\":\"https:\\\/\\\/permakultur-landwirtschaft.org\\\/wp-content\\\/uploads\\\/2021\\\/11\\\/pela_1268x1269.png\",\"width\":1298,\"height\":1269,\"caption\":\"Permakultur-Landwirtschaft\"},\"image\":{\"@id\":\"https:\\\/\\\/permakultur-landwirtschaft.org\\\/#\\\/schema\\\/logo\\\/image\\\/\"},\"sameAs\":[\"https:\\\/\\\/www.facebook.com\\\/PermakulturLandwirtschaft\",\"https:\\\/\\\/www.instagram.com\\\/permakultur_landwirtschaft\\\/\",\"https:\\\/\\\/www.flickr.com\\\/photos\\\/permakultur-landwirtschaft\",\"https:\\\/\\\/www.youtube.com\\\/@PermakulturLandwirtschaft\"]},{\"@type\":\"Person\",\"@id\":\"https:\\\/\\\/permakultur-landwirtschaft.org\\\/#\\\/schema\\\/person\\\/6b0467872f75aed3e144093f9bf4f0b0\",\"name\":\"adrian reutimann\",\"url\":\"https:\\\/\\\/permakultur-landwirtschaft.org\\\/fr\\\/author\\\/reutiadr\\\/\"}]}<\/script>\n<!-- \/ Yoast SEO plugin. -->","yoast_head_json":{"title":"Portes ouvertes \u00e0 la ferme de lilan le 18 septembre 2023 - Permakultur-Landwirtschaft","robots":{"index":"index","follow":"follow","max-snippet":"max-snippet:-1","max-image-preview":"max-image-preview:large","max-video-preview":"max-video-preview:-1"},"canonical":"https:\/\/permakultur-landwirtschaft.org\/fr\/portes-ouvertes-a-la-ferme-de-lilan-le-18-septembre-2023\/","og_locale":"fr_FR","og_type":"article","og_title":"Portes ouvertes \u00e0 la ferme de lilan le 18 septembre 2023 - Permakultur-Landwirtschaft","og_description":"Texte de fermedelilan.ch: En 2021, la Ferme de Lilan a ouvert ses portes. Apr\u00e8s une ann\u00e9e consacr\u00e9e \u00e0 l\u2019am\u00e9nagement de nos jardins, \u00e0 l\u2019int\u00e9gration de nos animaux et \u00e0 notre premi\u00e8re r\u00e9colte, nous sommes ravis de vous inviter \u00e0 d\u00e9couvrir notre univers permacole en pleine cr\u00e9ation. Nous vous convions \u00e0 nous rejoindre le lundi du [&hellip;]","og_url":"https:\/\/permakultur-landwirtschaft.org\/fr\/portes-ouvertes-a-la-ferme-de-lilan-le-18-septembre-2023\/","og_site_name":"Permakultur-Landwirtschaft","article_publisher":"https:\/\/www.facebook.com\/PermakulturLandwirtschaft","article_published_time":"2023-09-18T08:01:00+00:00","article_modified_time":"2023-09-19T12:19:16+00:00","og_image":[{"width":700,"height":385,"url":"https:\/\/permakultur-landwirtschaft.org\/wp-content\/uploads\/2023\/07\/202309_ferme_de_lilan_2023-07-26_09-29-37.jpg","type":"image\/jpeg"}],"author":"adrian reutimann","twitter_card":"summary_large_image","twitter_misc":{"\u00c9crit par":"adrian reutimann","Dur\u00e9e de lecture estim\u00e9e":"1 minute"},"schema":{"@context":"https:\/\/schema.org","@graph":[{"@type":"Article","@id":"https:\/\/permakultur-landwirtschaft.org\/portes-ouvertes-a-la-ferme-de-lilan-le-18-septembre-2023\/#article","isPartOf":{"@id":"https:\/\/permakultur-landwirtschaft.org\/portes-ouvertes-a-la-ferme-de-lilan-le-18-septembre-2023\/"},"author":{"name":"adrian reutimann","@id":"https:\/\/permakultur-landwirtschaft.org\/#\/schema\/person\/6b0467872f75aed3e144093f9bf4f0b0"},"headline":"Portes ouvertes \u00e0 la ferme de lilan le 18 septembre 2023","datePublished":"2023-09-18T08:01:00+00:00","dateModified":"2023-09-19T12:19:16+00:00","mainEntityOfPage":{"@id":"https:\/\/permakultur-landwirtschaft.org\/portes-ouvertes-a-la-ferme-de-lilan-le-18-septembre-2023\/"},"wordCount":157,"publisher":{"@id":"https:\/\/permakultur-landwirtschaft.org\/#organization"},"image":{"@id":"https:\/\/permakultur-landwirtschaft.org\/portes-ouvertes-a-la-ferme-de-lilan-le-18-septembre-2023\/#primaryimage"},"thumbnailUrl":"https:\/\/permakultur-landwirtschaft.org\/wp-content\/uploads\/2023\/07\/202309_ferme_de_lilan_2023-07-26_09-29-37.jpg","articleSection":["Veranstaltungen_Archiv"],"inLanguage":"fr-FR"},{"@type":"WebPage","@id":"https:\/\/permakultur-landwirtschaft.org\/portes-ouvertes-a-la-ferme-de-lilan-le-18-septembre-2023\/","url":"https:\/\/permakultur-landwirtschaft.org\/portes-ouvertes-a-la-ferme-de-lilan-le-18-septembre-2023\/","name":"Portes ouvertes \u00e0 la ferme de lilan le 18 septembre 2023 - Permakultur-Landwirtschaft","isPartOf":{"@id":"https:\/\/permakultur-landwirtschaft.org\/#website"},"primaryImageOfPage":{"@id":"https:\/\/permakultur-landwirtschaft.org\/portes-ouvertes-a-la-ferme-de-lilan-le-18-septembre-2023\/#primaryimage"},"image":{"@id":"https:\/\/permakultur-landwirtschaft.org\/portes-ouvertes-a-la-ferme-de-lilan-le-18-septembre-2023\/#primaryimage"},"thumbnailUrl":"https:\/\/permakultur-landwirtschaft.org\/wp-content\/uploads\/2023\/07\/202309_ferme_de_lilan_2023-07-26_09-29-37.jpg","datePublished":"2023-09-18T08:01:00+00:00","dateModified":"2023-09-19T12:19:16+00:00","breadcrumb":{"@id":"https:\/\/permakultur-landwirtschaft.org\/portes-ouvertes-a-la-ferme-de-lilan-le-18-septembre-2023\/#breadcrumb"},"inLanguage":"fr-FR","potentialAction":[{"@type":"ReadAction","target":["https:\/\/permakultur-landwirtschaft.org\/portes-ouvertes-a-la-ferme-de-lilan-le-18-septembre-2023\/"]}]},{"@type":"ImageObject","inLanguage":"fr-FR","@id":"https:\/\/permakultur-landwirtschaft.org\/portes-ouvertes-a-la-ferme-de-lilan-le-18-septembre-2023\/#primaryimage","url":"https:\/\/permakultur-landwirtschaft.org\/wp-content\/uploads\/2023\/07\/202309_ferme_de_lilan_2023-07-26_09-29-37.jpg","contentUrl":"https:\/\/permakultur-landwirtschaft.org\/wp-content\/uploads\/2023\/07\/202309_ferme_de_lilan_2023-07-26_09-29-37.jpg","width":700,"height":385,"caption":"Image: fermedelilan.ch"},{"@type":"BreadcrumbList","@id":"https:\/\/permakultur-landwirtschaft.org\/portes-ouvertes-a-la-ferme-de-lilan-le-18-septembre-2023\/#breadcrumb","itemListElement":[{"@type":"ListItem","position":1,"name":"Startseite","item":"https:\/\/permakultur-landwirtschaft.org\/"},{"@type":"ListItem","position":2,"name":"Portes ouvertes \u00e0 la ferme de lilan le 18 septembre 2023"}]},{"@type":"WebSite","@id":"https:\/\/permakultur-landwirtschaft.org\/#website","url":"https:\/\/permakultur-landwirtschaft.org\/","name":"Permakultur-Landwirtschaft","description":"F\u00f6rderung der Permakultur in der Landwirtschaft","publisher":{"@id":"https:\/\/permakultur-landwirtschaft.org\/#organization"},"potentialAction":[{"@type":"SearchAction","target":{"@type":"EntryPoint","urlTemplate":"https:\/\/permakultur-landwirtschaft.org\/?s={search_term_string}"},"query-input":{"@type":"PropertyValueSpecification","valueRequired":true,"valueName":"search_term_string"}}],"inLanguage":"fr-FR"},{"@type":"Organization","@id":"https:\/\/permakultur-landwirtschaft.org\/#organization","name":"Permakultur-Landwirtschaft","alternateName":"Verein Permakultur-Landwirtschaft","url":"https:\/\/permakultur-landwirtschaft.org\/","logo":{"@type":"ImageObject","inLanguage":"fr-FR","@id":"https:\/\/permakultur-landwirtschaft.org\/#\/schema\/logo\/image\/","url":"https:\/\/permakultur-landwirtschaft.org\/wp-content\/uploads\/2021\/11\/pela_1268x1269.png","contentUrl":"https:\/\/permakultur-landwirtschaft.org\/wp-content\/uploads\/2021\/11\/pela_1268x1269.png","width":1298,"height":1269,"caption":"Permakultur-Landwirtschaft"},"image":{"@id":"https:\/\/permakultur-landwirtschaft.org\/#\/schema\/logo\/image\/"},"sameAs":["https:\/\/www.facebook.com\/PermakulturLandwirtschaft","https:\/\/www.instagram.com\/permakultur_landwirtschaft\/","https:\/\/www.flickr.com\/photos\/permakultur-landwirtschaft","https:\/\/www.youtube.com\/@PermakulturLandwirtschaft"]},{"@type":"Person","@id":"https:\/\/permakultur-landwirtschaft.org\/#\/schema\/person\/6b0467872f75aed3e144093f9bf4f0b0","name":"adrian reutimann","url":"https:\/\/permakultur-landwirtschaft.org\/fr\/author\/reutiadr\/"}]}},"_links":{"self":[{"href":"https:\/\/permakultur-landwirtschaft.org\/fr\/wp-json\/wp\/v2\/posts\/31242","targetHints":{"allow":["GET"]}}],"collection":[{"href":"https:\/\/permakultur-landwirtschaft.org\/fr\/wp-json\/wp\/v2\/posts"}],"about":[{"href":"https:\/\/permakultur-landwirtschaft.org\/fr\/wp-json\/wp\/v2\/types\/post"}],"author":[{"embeddable":true,"href":"https:\/\/permakultur-landwirtschaft.org\/fr\/wp-json\/wp\/v2\/users\/2"}],"replies":[{"embeddable":true,"href":"https:\/\/permakultur-landwirtschaft.org\/fr\/wp-json\/wp\/v2\/comments?post=31242"}],"version-history":[{"count":1,"href":"https:\/\/permakultur-landwirtschaft.org\/fr\/wp-json\/wp\/v2\/posts\/31242\/revisions"}],"predecessor-version":[{"id":31244,"href":"https:\/\/permakultur-landwirtschaft.org\/fr\/wp-json\/wp\/v2\/posts\/31242\/revisions\/31244"}],"wp:featuredmedia":[{"embeddable":true,"href":"https:\/\/permakultur-landwirtschaft.org\/fr\/wp-json\/wp\/v2\/media\/31243"}],"wp:attachment":[{"href":"https:\/\/permakultur-landwirtschaft.org\/fr\/wp-json\/wp\/v2\/media?parent=31242"}],"wp:term":[{"taxonomy":"category","embeddable":true,"href":"https:\/\/permakultur-landwirtschaft.org\/fr\/wp-json\/wp\/v2\/categories?post=31242"},{"taxonomy":"post_tag","embeddable":true,"href":"https:\/\/permakultur-landwirtschaft.org\/fr\/wp-json\/wp\/v2\/tags?post=31242"}],"curies":[{"name":"wp","href":"https:\/\/api.w.org\/{rel}","templated":true}]}}