{"id":31226,"date":"2023-07-25T11:56:51","date_gmt":"2023-07-25T09:56:51","guid":{"rendered":"https:\/\/permakultur-landwirtschaft.org\/?p=31226"},"modified":"2023-07-25T11:58:45","modified_gmt":"2023-07-25T09:58:45","slug":"unser-leben-mit-permakultur-buch-von-perrine-und-charles-herve-gruyer-der-ferme-du-bec-hellouin","status":"publish","type":"post","link":"https:\/\/permakultur-landwirtschaft.org\/fr\/unser-leben-mit-permakultur-buch-von-perrine-und-charles-herve-gruyer-der-ferme-du-bec-hellouin\/","title":{"rendered":"Unser Leben mit Permakultur &#8211; Buch von Perrine und Charles Herv\u00e9-Gruyer der Ferme du Bec Hellouin"},"content":{"rendered":"<p>\u201eUnser Leben mit Permakultur\u201c: ein Klassiker, der Menschen auf der ganzen Welt inspiriert und begeistert \u2013 endlich auf Deutsch<\/p>\n\n\n\n<p>Als Perrine und Charles Herv\u00e9-Gruyer ihre Ferme du Bec Hellouin vor \u00fcber 15 Jahren aufbauten, ahnten sie noch nicht, was dies in ihrem Leben und dem Leben so vieler anderer bewirken w\u00fcrde. Wer sich heute mit Permakultur besch\u00e4ftigt, kommt an ihren Namen nicht vorbei. Denn: Innerhalb k\u00fcrzester Zeit haben sie auf ihrem Gem\u00fcsehof in der Normandie ein Vorzeigemodell f\u00fcr die Landwirtschaft der Zukunft geschaffen \u2013 unabh\u00e4ngig von fossiler Energie, Pestiziden und Ressourcenverschwendung.<\/p>\n\n\n\n<p>In ihrem Buch erz\u00e4hlen die beiden von der Permakultur \u2013 und ihrem Leben. Sie berichten von Herausforderungen und magischen Momenten, beschreiben, wof\u00fcr die Permakultur steht und welches enorme Potenzial in ihr steckt. Und sie zeigen, wie sie es geschafft haben, auf wenig Fl\u00e4che beispiellose Ertr\u00e4ge zu erzielen \u2013 immer im Einklang mit der Natur.<\/p>\n\n\n\n<p>Neben all diesem Know-how rund um die Permakultur, Gestaltungsvarianten und Umsetzungshilfen lassen Perrine und Charles dich an ihrer Reise teilhaben. Sie erz\u00e4hlen von ihrem Weg und ihren Visionen und zeigen, wie sinnstiftend sich ihr Leben auf der Ferme anf\u00fchlt. Dar\u00fcber hinaus liefern sie jede Menge Inspiration, um selbst anzupacken und aktiv zu werden<\/p>\n\n\n\n<p><a href=\"https:\/\/www.loewenzahn.at\/produkt\/2976\/unser-leben-mit-permakultur\/\" target=\"_blank\" rel=\"noreferrer noopener\">Link zum Buch bei L\u00f6wenzahn<\/a><\/p>\n\n\n\n<p><a href=\"https:\/\/www.book2look.com\/book\/NIzLJlzefS\" target=\"_blank\" rel=\"noreferrer noopener\">Link zur Leseprobe<\/a><\/p>","protected":false},"excerpt":{"rendered":"<p>\u201eUnser Leben mit Permakultur\u201c: ein Klassiker, der Menschen auf der ganzen Welt inspiriert und begeistert \u2013 endlich auf Deutsch Als Perrine und Charles Herv\u00e9-Gruyer ihre Ferme du Bec Hellouin vor \u00fcber 15 Jahren aufbauten, ahnten sie noch nicht, was dies in ihrem Leben und dem Leben so vieler anderer bewirken w\u00fcrde. Wer sich heute mit [&hellip;]<\/p>\n","protected":false},"author":2,"featured_media":31227,"comment_status":"closed","ping_status":"closed","sticky":false,"template":"","format":"standard","meta":{"_acf_changed":false,"site-sidebar-layout":"default","site-content-layout":"","ast-site-content-layout":"default","site-content-style":"default","site-sidebar-style":"default","ast-global-header-display":"","ast-banner-title-visibility":"","ast-main-header-display":"","ast-hfb-above-header-display":"","ast-hfb-below-header-display":"","ast-hfb-mobile-header-display":"","site-post-title":"","ast-breadcrumbs-content":"","ast-featured-img":"","footer-sml-layout":"","ast-disable-related-posts":"","theme-transparent-header-meta":"","adv-header-id-meta":"","stick-header-meta":"","header-above-stick-meta":"","header-main-stick-meta":"","header-below-stick-meta":"","astra-migrate-meta-layouts":"default","ast-page-background-enabled":"default","ast-page-background-meta":{"desktop":{"background-color":"var(--ast-global-color-4)","background-image":"","background-repeat":"repeat","background-position":"center center","background-size":"auto","background-attachment":"scroll","background-type":"","background-media":"","overlay-type":"","overlay-color":"","overlay-opacity":"","overlay-gradient":""},"tablet":{"background-color":"","background-image":"","background-repeat":"repeat","background-position":"center center","background-size":"auto","background-attachment":"scroll","background-type":"","background-media":"","overlay-type":"","overlay-color":"","overlay-opacity":"","overlay-gradient":""},"mobile":{"background-color":"","background-image":"","background-repeat":"repeat","background-position":"center center","background-size":"auto","background-attachment":"scroll","background-type":"","background-media":"","overlay-type":"","overlay-color":"","overlay-opacity":"","overlay-gradient":""}},"ast-content-background-meta":{"desktop":{"background-color":"var(--ast-global-color-5)","background-image":"","background-repeat":"repeat","background-position":"center center","background-size":"auto","background-attachment":"scroll","background-type":"","background-media":"","overlay-type":"","overlay-color":"","overlay-opacity":"","overlay-gradient":""},"tablet":{"background-color":"var(--ast-global-color-5)","background-image":"","background-repeat":"repeat","background-position":"center center","background-size":"auto","background-attachment":"scroll","background-type":"","background-media":"","overlay-type":"","overlay-color":"","overlay-opacity":"","overlay-gradient":""},"mobile":{"background-color":"var(--ast-global-color-5)","background-image":"","background-repeat":"repeat","background-position":"center center","background-size":"auto","background-attachment":"scroll","background-type":"","background-media":"","overlay-type":"","overlay-color":"","overlay-opacity":"","overlay-gradient":""}},"footnotes":""},"categories":[22],"tags":[],"class_list":["post-31226","post","type-post","status-publish","format-standard","has-post-thumbnail","hentry","category-neuigkeit"],"acf":[],"yoast_head":"<!-- This site is optimized with the Yoast SEO plugin v27.5 - https:\/\/yoast.com\/product\/yoast-seo-wordpress\/ -->\n<title>Unser Leben mit Permakultur - Buch von Perrine und Charles Herv\u00e9-Gruyer der Ferme du Bec Hellouin - Permakultur-Landwirtschaft<\/title>\n<meta name=\"robots\" content=\"index, follow, max-snippet:-1, max-image-preview:large, max-video-preview:-1\" \/>\n<link rel=\"canonical\" href=\"https:\/\/permakultur-landwirtschaft.org\/fr\/unser-leben-mit-permakultur-buch-von-perrine-und-charles-herve-gruyer-der-ferme-du-bec-hellouin\/\" \/>\n<meta property=\"og:locale\" content=\"fr_FR\" \/>\n<meta property=\"og:type\" content=\"article\" \/>\n<meta property=\"og:title\" content=\"Unser Leben mit Permakultur - Buch von Perrine und Charles Herv\u00e9-Gruyer der Ferme du Bec Hellouin - Permakultur-Landwirtschaft\" \/>\n<meta property=\"og:description\" content=\"\u201eUnser Leben mit Permakultur\u201c: ein Klassiker, der Menschen auf der ganzen Welt inspiriert und begeistert \u2013 endlich auf Deutsch Als Perrine und Charles Herv\u00e9-Gruyer ihre Ferme du Bec Hellouin vor \u00fcber 15 Jahren aufbauten, ahnten sie noch nicht, was dies in ihrem Leben und dem Leben so vieler anderer bewirken w\u00fcrde. Wer sich heute mit [&hellip;]\" \/>\n<meta property=\"og:url\" content=\"https:\/\/permakultur-landwirtschaft.org\/fr\/unser-leben-mit-permakultur-buch-von-perrine-und-charles-herve-gruyer-der-ferme-du-bec-hellouin\/\" \/>\n<meta property=\"og:site_name\" content=\"Permakultur-Landwirtschaft\" \/>\n<meta property=\"article:publisher\" content=\"https:\/\/www.facebook.com\/PermakulturLandwirtschaft\" \/>\n<meta property=\"article:published_time\" content=\"2023-07-25T09:56:51+00:00\" \/>\n<meta property=\"article:modified_time\" content=\"2023-07-25T09:58:45+00:00\" \/>\n<meta property=\"og:image\" content=\"https:\/\/permakultur-landwirtschaft.org\/wp-content\/uploads\/2023\/07\/buch_herve_2023-07-25_11-50-30.jpg\" \/>\n\t<meta property=\"og:image:width\" content=\"700\" \/>\n\t<meta property=\"og:image:height\" content=\"673\" \/>\n\t<meta property=\"og:image:type\" content=\"image\/jpeg\" \/>\n<meta name=\"author\" content=\"adrian reutimann\" \/>\n<meta name=\"twitter:card\" content=\"summary_large_image\" \/>\n<meta name=\"twitter:label1\" content=\"\u00c9crit par\" \/>\n\t<meta name=\"twitter:data1\" content=\"adrian reutimann\" \/>\n\t<meta name=\"twitter:label2\" content=\"Dur\u00e9e de lecture estim\u00e9e\" \/>\n\t<meta name=\"twitter:data2\" content=\"2 minutes\" \/>\n<script type=\"application\/ld+json\" class=\"yoast-schema-graph\">{\"@context\":\"https:\\\/\\\/schema.org\",\"@graph\":[{\"@type\":\"Article\",\"@id\":\"https:\\\/\\\/permakultur-landwirtschaft.org\\\/unser-leben-mit-permakultur-buch-von-perrine-und-charles-herve-gruyer-der-ferme-du-bec-hellouin\\\/#article\",\"isPartOf\":{\"@id\":\"https:\\\/\\\/permakultur-landwirtschaft.org\\\/unser-leben-mit-permakultur-buch-von-perrine-und-charles-herve-gruyer-der-ferme-du-bec-hellouin\\\/\"},\"author\":{\"name\":\"adrian reutimann\",\"@id\":\"https:\\\/\\\/permakultur-landwirtschaft.org\\\/#\\\/schema\\\/person\\\/6b0467872f75aed3e144093f9bf4f0b0\"},\"headline\":\"Unser Leben mit Permakultur &#8211; Buch von Perrine und Charles Herv\u00e9-Gruyer der Ferme du Bec Hellouin\",\"datePublished\":\"2023-07-25T09:56:51+00:00\",\"dateModified\":\"2023-07-25T09:58:45+00:00\",\"mainEntityOfPage\":{\"@id\":\"https:\\\/\\\/permakultur-landwirtschaft.org\\\/unser-leben-mit-permakultur-buch-von-perrine-und-charles-herve-gruyer-der-ferme-du-bec-hellouin\\\/\"},\"wordCount\":233,\"publisher\":{\"@id\":\"https:\\\/\\\/permakultur-landwirtschaft.org\\\/#organization\"},\"image\":{\"@id\":\"https:\\\/\\\/permakultur-landwirtschaft.org\\\/unser-leben-mit-permakultur-buch-von-perrine-und-charles-herve-gruyer-der-ferme-du-bec-hellouin\\\/#primaryimage\"},\"thumbnailUrl\":\"https:\\\/\\\/permakultur-landwirtschaft.org\\\/wp-content\\\/uploads\\\/2023\\\/07\\\/buch_herve_2023-07-25_11-50-30.jpg\",\"articleSection\":[\"Neuigkeit\"],\"inLanguage\":\"fr-FR\"},{\"@type\":\"WebPage\",\"@id\":\"https:\\\/\\\/permakultur-landwirtschaft.org\\\/unser-leben-mit-permakultur-buch-von-perrine-und-charles-herve-gruyer-der-ferme-du-bec-hellouin\\\/\",\"url\":\"https:\\\/\\\/permakultur-landwirtschaft.org\\\/unser-leben-mit-permakultur-buch-von-perrine-und-charles-herve-gruyer-der-ferme-du-bec-hellouin\\\/\",\"name\":\"Unser Leben mit Permakultur - Buch von Perrine und Charles Herv\u00e9-Gruyer der Ferme du Bec Hellouin - Permakultur-Landwirtschaft\",\"isPartOf\":{\"@id\":\"https:\\\/\\\/permakultur-landwirtschaft.org\\\/#website\"},\"primaryImageOfPage\":{\"@id\":\"https:\\\/\\\/permakultur-landwirtschaft.org\\\/unser-leben-mit-permakultur-buch-von-perrine-und-charles-herve-gruyer-der-ferme-du-bec-hellouin\\\/#primaryimage\"},\"image\":{\"@id\":\"https:\\\/\\\/permakultur-landwirtschaft.org\\\/unser-leben-mit-permakultur-buch-von-perrine-und-charles-herve-gruyer-der-ferme-du-bec-hellouin\\\/#primaryimage\"},\"thumbnailUrl\":\"https:\\\/\\\/permakultur-landwirtschaft.org\\\/wp-content\\\/uploads\\\/2023\\\/07\\\/buch_herve_2023-07-25_11-50-30.jpg\",\"datePublished\":\"2023-07-25T09:56:51+00:00\",\"dateModified\":\"2023-07-25T09:58:45+00:00\",\"breadcrumb\":{\"@id\":\"https:\\\/\\\/permakultur-landwirtschaft.org\\\/unser-leben-mit-permakultur-buch-von-perrine-und-charles-herve-gruyer-der-ferme-du-bec-hellouin\\\/#breadcrumb\"},\"inLanguage\":\"fr-FR\",\"potentialAction\":[{\"@type\":\"ReadAction\",\"target\":[\"https:\\\/\\\/permakultur-landwirtschaft.org\\\/unser-leben-mit-permakultur-buch-von-perrine-und-charles-herve-gruyer-der-ferme-du-bec-hellouin\\\/\"]}]},{\"@type\":\"ImageObject\",\"inLanguage\":\"fr-FR\",\"@id\":\"https:\\\/\\\/permakultur-landwirtschaft.org\\\/unser-leben-mit-permakultur-buch-von-perrine-und-charles-herve-gruyer-der-ferme-du-bec-hellouin\\\/#primaryimage\",\"url\":\"https:\\\/\\\/permakultur-landwirtschaft.org\\\/wp-content\\\/uploads\\\/2023\\\/07\\\/buch_herve_2023-07-25_11-50-30.jpg\",\"contentUrl\":\"https:\\\/\\\/permakultur-landwirtschaft.org\\\/wp-content\\\/uploads\\\/2023\\\/07\\\/buch_herve_2023-07-25_11-50-30.jpg\",\"width\":700,\"height\":673,\"caption\":\"Buch Herve\"},{\"@type\":\"BreadcrumbList\",\"@id\":\"https:\\\/\\\/permakultur-landwirtschaft.org\\\/unser-leben-mit-permakultur-buch-von-perrine-und-charles-herve-gruyer-der-ferme-du-bec-hellouin\\\/#breadcrumb\",\"itemListElement\":[{\"@type\":\"ListItem\",\"position\":1,\"name\":\"Startseite\",\"item\":\"https:\\\/\\\/permakultur-landwirtschaft.org\\\/\"},{\"@type\":\"ListItem\",\"position\":2,\"name\":\"Unser Leben mit Permakultur &#8211; Buch von Perrine und Charles Herv\u00e9-Gruyer der Ferme du Bec Hellouin\"}]},{\"@type\":\"WebSite\",\"@id\":\"https:\\\/\\\/permakultur-landwirtschaft.org\\\/#website\",\"url\":\"https:\\\/\\\/permakultur-landwirtschaft.org\\\/\",\"name\":\"Permakultur-Landwirtschaft\",\"description\":\"F\u00f6rderung der Permakultur in der Landwirtschaft\",\"publisher\":{\"@id\":\"https:\\\/\\\/permakultur-landwirtschaft.org\\\/#organization\"},\"potentialAction\":[{\"@type\":\"SearchAction\",\"target\":{\"@type\":\"EntryPoint\",\"urlTemplate\":\"https:\\\/\\\/permakultur-landwirtschaft.org\\\/?s={search_term_string}\"},\"query-input\":{\"@type\":\"PropertyValueSpecification\",\"valueRequired\":true,\"valueName\":\"search_term_string\"}}],\"inLanguage\":\"fr-FR\"},{\"@type\":\"Organization\",\"@id\":\"https:\\\/\\\/permakultur-landwirtschaft.org\\\/#organization\",\"name\":\"Permakultur-Landwirtschaft\",\"alternateName\":\"Verein Permakultur-Landwirtschaft\",\"url\":\"https:\\\/\\\/permakultur-landwirtschaft.org\\\/\",\"logo\":{\"@type\":\"ImageObject\",\"inLanguage\":\"fr-FR\",\"@id\":\"https:\\\/\\\/permakultur-landwirtschaft.org\\\/#\\\/schema\\\/logo\\\/image\\\/\",\"url\":\"https:\\\/\\\/permakultur-landwirtschaft.org\\\/wp-content\\\/uploads\\\/2021\\\/11\\\/pela_1268x1269.png\",\"contentUrl\":\"https:\\\/\\\/permakultur-landwirtschaft.org\\\/wp-content\\\/uploads\\\/2021\\\/11\\\/pela_1268x1269.png\",\"width\":1298,\"height\":1269,\"caption\":\"Permakultur-Landwirtschaft\"},\"image\":{\"@id\":\"https:\\\/\\\/permakultur-landwirtschaft.org\\\/#\\\/schema\\\/logo\\\/image\\\/\"},\"sameAs\":[\"https:\\\/\\\/www.facebook.com\\\/PermakulturLandwirtschaft\",\"https:\\\/\\\/www.instagram.com\\\/permakultur_landwirtschaft\\\/\",\"https:\\\/\\\/www.flickr.com\\\/photos\\\/permakultur-landwirtschaft\",\"https:\\\/\\\/www.youtube.com\\\/@PermakulturLandwirtschaft\"]},{\"@type\":\"Person\",\"@id\":\"https:\\\/\\\/permakultur-landwirtschaft.org\\\/#\\\/schema\\\/person\\\/6b0467872f75aed3e144093f9bf4f0b0\",\"name\":\"adrian reutimann\",\"url\":\"https:\\\/\\\/permakultur-landwirtschaft.org\\\/fr\\\/author\\\/reutiadr\\\/\"}]}<\/script>\n<!-- \/ Yoast SEO plugin. -->","yoast_head_json":{"title":"Unser Leben mit Permakultur - Buch von Perrine und Charles Herv\u00e9-Gruyer der Ferme du Bec Hellouin - Permakultur-Landwirtschaft","robots":{"index":"index","follow":"follow","max-snippet":"max-snippet:-1","max-image-preview":"max-image-preview:large","max-video-preview":"max-video-preview:-1"},"canonical":"https:\/\/permakultur-landwirtschaft.org\/fr\/unser-leben-mit-permakultur-buch-von-perrine-und-charles-herve-gruyer-der-ferme-du-bec-hellouin\/","og_locale":"fr_FR","og_type":"article","og_title":"Unser Leben mit Permakultur - Buch von Perrine und Charles Herv\u00e9-Gruyer der Ferme du Bec Hellouin - Permakultur-Landwirtschaft","og_description":"\u201eUnser Leben mit Permakultur\u201c: ein Klassiker, der Menschen auf der ganzen Welt inspiriert und begeistert \u2013 endlich auf Deutsch Als Perrine und Charles Herv\u00e9-Gruyer ihre Ferme du Bec Hellouin vor \u00fcber 15 Jahren aufbauten, ahnten sie noch nicht, was dies in ihrem Leben und dem Leben so vieler anderer bewirken w\u00fcrde. Wer sich heute mit [&hellip;]","og_url":"https:\/\/permakultur-landwirtschaft.org\/fr\/unser-leben-mit-permakultur-buch-von-perrine-und-charles-herve-gruyer-der-ferme-du-bec-hellouin\/","og_site_name":"Permakultur-Landwirtschaft","article_publisher":"https:\/\/www.facebook.com\/PermakulturLandwirtschaft","article_published_time":"2023-07-25T09:56:51+00:00","article_modified_time":"2023-07-25T09:58:45+00:00","og_image":[{"width":700,"height":673,"url":"https:\/\/permakultur-landwirtschaft.org\/wp-content\/uploads\/2023\/07\/buch_herve_2023-07-25_11-50-30.jpg","type":"image\/jpeg"}],"author":"adrian reutimann","twitter_card":"summary_large_image","twitter_misc":{"\u00c9crit par":"adrian reutimann","Dur\u00e9e de lecture estim\u00e9e":"2 minutes"},"schema":{"@context":"https:\/\/schema.org","@graph":[{"@type":"Article","@id":"https:\/\/permakultur-landwirtschaft.org\/unser-leben-mit-permakultur-buch-von-perrine-und-charles-herve-gruyer-der-ferme-du-bec-hellouin\/#article","isPartOf":{"@id":"https:\/\/permakultur-landwirtschaft.org\/unser-leben-mit-permakultur-buch-von-perrine-und-charles-herve-gruyer-der-ferme-du-bec-hellouin\/"},"author":{"name":"adrian reutimann","@id":"https:\/\/permakultur-landwirtschaft.org\/#\/schema\/person\/6b0467872f75aed3e144093f9bf4f0b0"},"headline":"Unser Leben mit Permakultur &#8211; Buch von Perrine und Charles Herv\u00e9-Gruyer der Ferme du Bec Hellouin","datePublished":"2023-07-25T09:56:51+00:00","dateModified":"2023-07-25T09:58:45+00:00","mainEntityOfPage":{"@id":"https:\/\/permakultur-landwirtschaft.org\/unser-leben-mit-permakultur-buch-von-perrine-und-charles-herve-gruyer-der-ferme-du-bec-hellouin\/"},"wordCount":233,"publisher":{"@id":"https:\/\/permakultur-landwirtschaft.org\/#organization"},"image":{"@id":"https:\/\/permakultur-landwirtschaft.org\/unser-leben-mit-permakultur-buch-von-perrine-und-charles-herve-gruyer-der-ferme-du-bec-hellouin\/#primaryimage"},"thumbnailUrl":"https:\/\/permakultur-landwirtschaft.org\/wp-content\/uploads\/2023\/07\/buch_herve_2023-07-25_11-50-30.jpg","articleSection":["Neuigkeit"],"inLanguage":"fr-FR"},{"@type":"WebPage","@id":"https:\/\/permakultur-landwirtschaft.org\/unser-leben-mit-permakultur-buch-von-perrine-und-charles-herve-gruyer-der-ferme-du-bec-hellouin\/","url":"https:\/\/permakultur-landwirtschaft.org\/unser-leben-mit-permakultur-buch-von-perrine-und-charles-herve-gruyer-der-ferme-du-bec-hellouin\/","name":"Unser Leben mit Permakultur - Buch von Perrine und Charles Herv\u00e9-Gruyer der Ferme du Bec Hellouin - Permakultur-Landwirtschaft","isPartOf":{"@id":"https:\/\/permakultur-landwirtschaft.org\/#website"},"primaryImageOfPage":{"@id":"https:\/\/permakultur-landwirtschaft.org\/unser-leben-mit-permakultur-buch-von-perrine-und-charles-herve-gruyer-der-ferme-du-bec-hellouin\/#primaryimage"},"image":{"@id":"https:\/\/permakultur-landwirtschaft.org\/unser-leben-mit-permakultur-buch-von-perrine-und-charles-herve-gruyer-der-ferme-du-bec-hellouin\/#primaryimage"},"thumbnailUrl":"https:\/\/permakultur-landwirtschaft.org\/wp-content\/uploads\/2023\/07\/buch_herve_2023-07-25_11-50-30.jpg","datePublished":"2023-07-25T09:56:51+00:00","dateModified":"2023-07-25T09:58:45+00:00","breadcrumb":{"@id":"https:\/\/permakultur-landwirtschaft.org\/unser-leben-mit-permakultur-buch-von-perrine-und-charles-herve-gruyer-der-ferme-du-bec-hellouin\/#breadcrumb"},"inLanguage":"fr-FR","potentialAction":[{"@type":"ReadAction","target":["https:\/\/permakultur-landwirtschaft.org\/unser-leben-mit-permakultur-buch-von-perrine-und-charles-herve-gruyer-der-ferme-du-bec-hellouin\/"]}]},{"@type":"ImageObject","inLanguage":"fr-FR","@id":"https:\/\/permakultur-landwirtschaft.org\/unser-leben-mit-permakultur-buch-von-perrine-und-charles-herve-gruyer-der-ferme-du-bec-hellouin\/#primaryimage","url":"https:\/\/permakultur-landwirtschaft.org\/wp-content\/uploads\/2023\/07\/buch_herve_2023-07-25_11-50-30.jpg","contentUrl":"https:\/\/permakultur-landwirtschaft.org\/wp-content\/uploads\/2023\/07\/buch_herve_2023-07-25_11-50-30.jpg","width":700,"height":673,"caption":"Buch Herve"},{"@type":"BreadcrumbList","@id":"https:\/\/permakultur-landwirtschaft.org\/unser-leben-mit-permakultur-buch-von-perrine-und-charles-herve-gruyer-der-ferme-du-bec-hellouin\/#breadcrumb","itemListElement":[{"@type":"ListItem","position":1,"name":"Startseite","item":"https:\/\/permakultur-landwirtschaft.org\/"},{"@type":"ListItem","position":2,"name":"Unser Leben mit Permakultur &#8211; Buch von Perrine und Charles Herv\u00e9-Gruyer der Ferme du Bec Hellouin"}]},{"@type":"WebSite","@id":"https:\/\/permakultur-landwirtschaft.org\/#website","url":"https:\/\/permakultur-landwirtschaft.org\/","name":"Permakultur-Landwirtschaft","description":"F\u00f6rderung der Permakultur in der Landwirtschaft","publisher":{"@id":"https:\/\/permakultur-landwirtschaft.org\/#organization"},"potentialAction":[{"@type":"SearchAction","target":{"@type":"EntryPoint","urlTemplate":"https:\/\/permakultur-landwirtschaft.org\/?s={search_term_string}"},"query-input":{"@type":"PropertyValueSpecification","valueRequired":true,"valueName":"search_term_string"}}],"inLanguage":"fr-FR"},{"@type":"Organization","@id":"https:\/\/permakultur-landwirtschaft.org\/#organization","name":"Permakultur-Landwirtschaft","alternateName":"Verein Permakultur-Landwirtschaft","url":"https:\/\/permakultur-landwirtschaft.org\/","logo":{"@type":"ImageObject","inLanguage":"fr-FR","@id":"https:\/\/permakultur-landwirtschaft.org\/#\/schema\/logo\/image\/","url":"https:\/\/permakultur-landwirtschaft.org\/wp-content\/uploads\/2021\/11\/pela_1268x1269.png","contentUrl":"https:\/\/permakultur-landwirtschaft.org\/wp-content\/uploads\/2021\/11\/pela_1268x1269.png","width":1298,"height":1269,"caption":"Permakultur-Landwirtschaft"},"image":{"@id":"https:\/\/permakultur-landwirtschaft.org\/#\/schema\/logo\/image\/"},"sameAs":["https:\/\/www.facebook.com\/PermakulturLandwirtschaft","https:\/\/www.instagram.com\/permakultur_landwirtschaft\/","https:\/\/www.flickr.com\/photos\/permakultur-landwirtschaft","https:\/\/www.youtube.com\/@PermakulturLandwirtschaft"]},{"@type":"Person","@id":"https:\/\/permakultur-landwirtschaft.org\/#\/schema\/person\/6b0467872f75aed3e144093f9bf4f0b0","name":"adrian reutimann","url":"https:\/\/permakultur-landwirtschaft.org\/fr\/author\/reutiadr\/"}]}},"_links":{"self":[{"href":"https:\/\/permakultur-landwirtschaft.org\/fr\/wp-json\/wp\/v2\/posts\/31226","targetHints":{"allow":["GET"]}}],"collection":[{"href":"https:\/\/permakultur-landwirtschaft.org\/fr\/wp-json\/wp\/v2\/posts"}],"about":[{"href":"https:\/\/permakultur-landwirtschaft.org\/fr\/wp-json\/wp\/v2\/types\/post"}],"author":[{"embeddable":true,"href":"https:\/\/permakultur-landwirtschaft.org\/fr\/wp-json\/wp\/v2\/users\/2"}],"replies":[{"embeddable":true,"href":"https:\/\/permakultur-landwirtschaft.org\/fr\/wp-json\/wp\/v2\/comments?post=31226"}],"version-history":[{"count":2,"href":"https:\/\/permakultur-landwirtschaft.org\/fr\/wp-json\/wp\/v2\/posts\/31226\/revisions"}],"predecessor-version":[{"id":31229,"href":"https:\/\/permakultur-landwirtschaft.org\/fr\/wp-json\/wp\/v2\/posts\/31226\/revisions\/31229"}],"wp:featuredmedia":[{"embeddable":true,"href":"https:\/\/permakultur-landwirtschaft.org\/fr\/wp-json\/wp\/v2\/media\/31227"}],"wp:attachment":[{"href":"https:\/\/permakultur-landwirtschaft.org\/fr\/wp-json\/wp\/v2\/media?parent=31226"}],"wp:term":[{"taxonomy":"category","embeddable":true,"href":"https:\/\/permakultur-landwirtschaft.org\/fr\/wp-json\/wp\/v2\/categories?post=31226"},{"taxonomy":"post_tag","embeddable":true,"href":"https:\/\/permakultur-landwirtschaft.org\/fr\/wp-json\/wp\/v2\/tags?post=31226"}],"curies":[{"name":"wp","href":"https:\/\/api.w.org\/{rel}","templated":true}]}}