{"id":31134,"date":"2023-08-03T10:47:00","date_gmt":"2023-08-03T08:47:00","guid":{"rendered":"https:\/\/permakultur-landwirtschaft.org\/?p=31134"},"modified":"2023-08-08T09:33:11","modified_gmt":"2023-08-08T07:33:11","slug":"permakulturreise-nach-oesterreich-03-05-august-2023","status":"publish","type":"post","link":"https:\/\/permakultur-landwirtschaft.org\/fr\/permakulturreise-nach-oesterreich-03-05-august-2023\/","title":{"rendered":"Permakulturreise nach \u00d6sterreich 03. &#8211; 05. August 2023"},"content":{"rendered":"<p>Text vom biohof-frohberg.ch:<\/p>\n\n\n\n<p>Besichtigung mit F\u00fchrung auf dem Krameterhof mit Josef Holzer jun. und Besuch vom G\u00e4rtnerhof Langerhorst in Ober\u00f6sterreich.<\/p>\n\n\n\n<p>Nach einer Pause organisieren wir f\u00fcr 2023 sehr gerne wieder die legend\u00e4re Permakulturreise nach \u00d6sterreich . Am Donnerstag reisen wir ins Salzburgerland nach Radstadt. Dort \u00fcbernachten wir zweimal in einem angenehmen Hotel. Am Freitag steht der Besuch bei Holzer&#8217;s Krameterhof im Zentrum. Josef Andreas Holzer wird uns durch sein Gel\u00e4nde mit den paradiesischen Teichlandschaften f\u00fchren und \u00fcber seine Wirtschaftsweise informieren. Samstags fr\u00fch reisen wir nach Ober\u00f6sterreich ins kleine Paradies der Familie Langerhorst. Eine eindr\u00fcckliche Oase die uns zeigt, dass es auch anders geht. Ohne kostentreibende Maschinen produzieren sie hochwertige Lebensmittel. Ohne Bodenverdichtung (schwere Maschinen), daf\u00fcr mit Humusaufbau. Die Vermarktung erfolgt \u00fcber Gem\u00fcse-Abos und vor Ort. Das Mittagessen auf diesem Hof geh\u00f6rt als Kr\u00f6nung dazu. Anschliessend machen wir uns mit vielen Eindr\u00fccken wieder auf den Heimweg. Es ist das Ziel, rechtzeitig wieder in Uster zu sein, damit Sie Ihren Zuganschluss erwischen. Informieren Sie sich und melden Sie sich an.<br>Wir freuen uns auf eine spannende Reise.<\/p>\n\n\n\n<p><strong>Date<\/strong><br>03. bis 05. August 2023<\/p>\n\n\n\n<p><strong>Lieu<br><\/strong>Ober\u00f6sterreich<\/p>\n\n\n\n<p><a href=\"http:\/\/www.biohof-frohberg.ch\/biohof\/veranstaltungen.php\" target=\"_blank\" rel=\"noreferrer noopener\">Infos zum Anlass unter diesem Link<\/a><\/p>\n\n\n\n<p><a href=\"http:\/\/www.biohof-frohberg.ch\/media\/pdf\/Reise_August_23.pdf\" target=\"_blank\" rel=\"noreferrer noopener\">Flyer zum Anlass<\/a><\/p>\n\n\n\n<p><a href=\"https:\/\/krameterhof.at\/\" target=\"_blank\" rel=\"noreferrer noopener\">Link zum Krameterhof<\/a><\/p>\n\n\n\n<hr class=\"wp-block-separator has-alpha-channel-opacity\"\/>\n\n\n\n<p><a href=\"https:\/\/permakultur-landwirtschaft.org\/fr\/veranstaltungen\/\">Hier geht&#8217;s zur \u00dcbersicht aller Veranstaltungen<\/a><\/p>","protected":false},"excerpt":{"rendered":"<p>Text vom biohof-frohberg.ch: Besichtigung mit F\u00fchrung auf dem Krameterhof mit Josef Holzer jun. und Besuch vom G\u00e4rtnerhof Langerhorst in Ober\u00f6sterreich. Nach einer Pause organisieren wir f\u00fcr 2023 sehr gerne wieder die legend\u00e4re Permakulturreise nach \u00d6sterreich . Am Donnerstag reisen wir ins Salzburgerland nach Radstadt. Dort \u00fcbernachten wir zweimal in einem angenehmen Hotel. Am Freitag steht [&hellip;]<\/p>\n","protected":false},"author":2,"featured_media":31135,"comment_status":"closed","ping_status":"closed","sticky":false,"template":"","format":"standard","meta":{"_acf_changed":false,"site-sidebar-layout":"default","site-content-layout":"","ast-site-content-layout":"default","site-content-style":"default","site-sidebar-style":"default","ast-global-header-display":"","ast-banner-title-visibility":"","ast-main-header-display":"","ast-hfb-above-header-display":"","ast-hfb-below-header-display":"","ast-hfb-mobile-header-display":"","site-post-title":"","ast-breadcrumbs-content":"","ast-featured-img":"","footer-sml-layout":"","ast-disable-related-posts":"","theme-transparent-header-meta":"","adv-header-id-meta":"","stick-header-meta":"","header-above-stick-meta":"","header-main-stick-meta":"","header-below-stick-meta":"","astra-migrate-meta-layouts":"default","ast-page-background-enabled":"default","ast-page-background-meta":{"desktop":{"background-color":"var(--ast-global-color-4)","background-image":"","background-repeat":"repeat","background-position":"center center","background-size":"auto","background-attachment":"scroll","background-type":"","background-media":"","overlay-type":"","overlay-color":"","overlay-opacity":"","overlay-gradient":""},"tablet":{"background-color":"","background-image":"","background-repeat":"repeat","background-position":"center center","background-size":"auto","background-attachment":"scroll","background-type":"","background-media":"","overlay-type":"","overlay-color":"","overlay-opacity":"","overlay-gradient":""},"mobile":{"background-color":"","background-image":"","background-repeat":"repeat","background-position":"center center","background-size":"auto","background-attachment":"scroll","background-type":"","background-media":"","overlay-type":"","overlay-color":"","overlay-opacity":"","overlay-gradient":""}},"ast-content-background-meta":{"desktop":{"background-color":"var(--ast-global-color-5)","background-image":"","background-repeat":"repeat","background-position":"center center","background-size":"auto","background-attachment":"scroll","background-type":"","background-media":"","overlay-type":"","overlay-color":"","overlay-opacity":"","overlay-gradient":""},"tablet":{"background-color":"var(--ast-global-color-5)","background-image":"","background-repeat":"repeat","background-position":"center center","background-size":"auto","background-attachment":"scroll","background-type":"","background-media":"","overlay-type":"","overlay-color":"","overlay-opacity":"","overlay-gradient":""},"mobile":{"background-color":"var(--ast-global-color-5)","background-image":"","background-repeat":"repeat","background-position":"center center","background-size":"auto","background-attachment":"scroll","background-type":"","background-media":"","overlay-type":"","overlay-color":"","overlay-opacity":"","overlay-gradient":""}},"footnotes":""},"categories":[21],"tags":[],"class_list":["post-31134","post","type-post","status-publish","format-standard","has-post-thumbnail","hentry","category-veranstaltungen_archiv"],"acf":[],"yoast_head":"<!-- This site is optimized with the Yoast SEO plugin v27.4 - https:\/\/yoast.com\/product\/yoast-seo-wordpress\/ -->\n<title>Permakulturreise nach \u00d6sterreich 03. - 05. August 2023 - Permakultur-Landwirtschaft<\/title>\n<meta name=\"robots\" content=\"index, follow, max-snippet:-1, max-image-preview:large, max-video-preview:-1\" \/>\n<link rel=\"canonical\" href=\"https:\/\/permakultur-landwirtschaft.org\/fr\/permakulturreise-nach-oesterreich-03-05-august-2023\/\" \/>\n<meta property=\"og:locale\" content=\"fr_FR\" \/>\n<meta property=\"og:type\" content=\"article\" \/>\n<meta property=\"og:title\" content=\"Permakulturreise nach \u00d6sterreich 03. - 05. August 2023 - Permakultur-Landwirtschaft\" \/>\n<meta property=\"og:description\" content=\"Text vom biohof-frohberg.ch: Besichtigung mit F\u00fchrung auf dem Krameterhof mit Josef Holzer jun. und Besuch vom G\u00e4rtnerhof Langerhorst in Ober\u00f6sterreich. Nach einer Pause organisieren wir f\u00fcr 2023 sehr gerne wieder die legend\u00e4re Permakulturreise nach \u00d6sterreich . Am Donnerstag reisen wir ins Salzburgerland nach Radstadt. Dort \u00fcbernachten wir zweimal in einem angenehmen Hotel. Am Freitag steht [&hellip;]\" \/>\n<meta property=\"og:url\" content=\"https:\/\/permakultur-landwirtschaft.org\/fr\/permakulturreise-nach-oesterreich-03-05-august-2023\/\" \/>\n<meta property=\"og:site_name\" content=\"Permakultur-Landwirtschaft\" \/>\n<meta property=\"article:publisher\" content=\"https:\/\/www.facebook.com\/PermakulturLandwirtschaft\" \/>\n<meta property=\"article:published_time\" content=\"2023-08-03T08:47:00+00:00\" \/>\n<meta property=\"article:modified_time\" content=\"2023-08-08T07:33:11+00:00\" \/>\n<meta property=\"og:image\" content=\"https:\/\/permakultur-landwirtschaft.org\/wp-content\/uploads\/2023\/06\/krameterhof_holzer_2023-06-20_11-43-01.jpg\" \/>\n\t<meta property=\"og:image:width\" content=\"700\" \/>\n\t<meta property=\"og:image:height\" content=\"408\" \/>\n\t<meta property=\"og:image:type\" content=\"image\/jpeg\" \/>\n<meta name=\"author\" content=\"adrian reutimann\" \/>\n<meta name=\"twitter:card\" content=\"summary_large_image\" \/>\n<meta name=\"twitter:label1\" content=\"\u00c9crit par\" \/>\n\t<meta name=\"twitter:data1\" content=\"adrian reutimann\" \/>\n\t<meta name=\"twitter:label2\" content=\"Dur\u00e9e de lecture estim\u00e9e\" \/>\n\t<meta name=\"twitter:data2\" content=\"2 minutes\" \/>\n<script type=\"application\/ld+json\" class=\"yoast-schema-graph\">{\"@context\":\"https:\\\/\\\/schema.org\",\"@graph\":[{\"@type\":\"Article\",\"@id\":\"https:\\\/\\\/permakultur-landwirtschaft.org\\\/permakulturreise-nach-oesterreich-03-05-august-2023\\\/#article\",\"isPartOf\":{\"@id\":\"https:\\\/\\\/permakultur-landwirtschaft.org\\\/permakulturreise-nach-oesterreich-03-05-august-2023\\\/\"},\"author\":{\"name\":\"adrian reutimann\",\"@id\":\"https:\\\/\\\/permakultur-landwirtschaft.org\\\/#\\\/schema\\\/person\\\/6b0467872f75aed3e144093f9bf4f0b0\"},\"headline\":\"Permakulturreise nach \u00d6sterreich 03. &#8211; 05. August 2023\",\"datePublished\":\"2023-08-03T08:47:00+00:00\",\"dateModified\":\"2023-08-08T07:33:11+00:00\",\"mainEntityOfPage\":{\"@id\":\"https:\\\/\\\/permakultur-landwirtschaft.org\\\/permakulturreise-nach-oesterreich-03-05-august-2023\\\/\"},\"wordCount\":220,\"publisher\":{\"@id\":\"https:\\\/\\\/permakultur-landwirtschaft.org\\\/#organization\"},\"image\":{\"@id\":\"https:\\\/\\\/permakultur-landwirtschaft.org\\\/permakulturreise-nach-oesterreich-03-05-august-2023\\\/#primaryimage\"},\"thumbnailUrl\":\"https:\\\/\\\/permakultur-landwirtschaft.org\\\/wp-content\\\/uploads\\\/2023\\\/06\\\/krameterhof_holzer_2023-06-20_11-43-01.jpg\",\"articleSection\":[\"Veranstaltungen_Archiv\"],\"inLanguage\":\"fr-FR\"},{\"@type\":\"WebPage\",\"@id\":\"https:\\\/\\\/permakultur-landwirtschaft.org\\\/permakulturreise-nach-oesterreich-03-05-august-2023\\\/\",\"url\":\"https:\\\/\\\/permakultur-landwirtschaft.org\\\/permakulturreise-nach-oesterreich-03-05-august-2023\\\/\",\"name\":\"Permakulturreise nach \u00d6sterreich 03. - 05. August 2023 - Permakultur-Landwirtschaft\",\"isPartOf\":{\"@id\":\"https:\\\/\\\/permakultur-landwirtschaft.org\\\/#website\"},\"primaryImageOfPage\":{\"@id\":\"https:\\\/\\\/permakultur-landwirtschaft.org\\\/permakulturreise-nach-oesterreich-03-05-august-2023\\\/#primaryimage\"},\"image\":{\"@id\":\"https:\\\/\\\/permakultur-landwirtschaft.org\\\/permakulturreise-nach-oesterreich-03-05-august-2023\\\/#primaryimage\"},\"thumbnailUrl\":\"https:\\\/\\\/permakultur-landwirtschaft.org\\\/wp-content\\\/uploads\\\/2023\\\/06\\\/krameterhof_holzer_2023-06-20_11-43-01.jpg\",\"datePublished\":\"2023-08-03T08:47:00+00:00\",\"dateModified\":\"2023-08-08T07:33:11+00:00\",\"breadcrumb\":{\"@id\":\"https:\\\/\\\/permakultur-landwirtschaft.org\\\/permakulturreise-nach-oesterreich-03-05-august-2023\\\/#breadcrumb\"},\"inLanguage\":\"fr-FR\",\"potentialAction\":[{\"@type\":\"ReadAction\",\"target\":[\"https:\\\/\\\/permakultur-landwirtschaft.org\\\/permakulturreise-nach-oesterreich-03-05-august-2023\\\/\"]}]},{\"@type\":\"ImageObject\",\"inLanguage\":\"fr-FR\",\"@id\":\"https:\\\/\\\/permakultur-landwirtschaft.org\\\/permakulturreise-nach-oesterreich-03-05-august-2023\\\/#primaryimage\",\"url\":\"https:\\\/\\\/permakultur-landwirtschaft.org\\\/wp-content\\\/uploads\\\/2023\\\/06\\\/krameterhof_holzer_2023-06-20_11-43-01.jpg\",\"contentUrl\":\"https:\\\/\\\/permakultur-landwirtschaft.org\\\/wp-content\\\/uploads\\\/2023\\\/06\\\/krameterhof_holzer_2023-06-20_11-43-01.jpg\",\"width\":700,\"height\":408},{\"@type\":\"BreadcrumbList\",\"@id\":\"https:\\\/\\\/permakultur-landwirtschaft.org\\\/permakulturreise-nach-oesterreich-03-05-august-2023\\\/#breadcrumb\",\"itemListElement\":[{\"@type\":\"ListItem\",\"position\":1,\"name\":\"Startseite\",\"item\":\"https:\\\/\\\/permakultur-landwirtschaft.org\\\/\"},{\"@type\":\"ListItem\",\"position\":2,\"name\":\"Permakulturreise nach \u00d6sterreich 03. &#8211; 05. August 2023\"}]},{\"@type\":\"WebSite\",\"@id\":\"https:\\\/\\\/permakultur-landwirtschaft.org\\\/#website\",\"url\":\"https:\\\/\\\/permakultur-landwirtschaft.org\\\/\",\"name\":\"Permakultur-Landwirtschaft\",\"description\":\"F\u00f6rderung der Permakultur in der Landwirtschaft\",\"publisher\":{\"@id\":\"https:\\\/\\\/permakultur-landwirtschaft.org\\\/#organization\"},\"potentialAction\":[{\"@type\":\"SearchAction\",\"target\":{\"@type\":\"EntryPoint\",\"urlTemplate\":\"https:\\\/\\\/permakultur-landwirtschaft.org\\\/?s={search_term_string}\"},\"query-input\":{\"@type\":\"PropertyValueSpecification\",\"valueRequired\":true,\"valueName\":\"search_term_string\"}}],\"inLanguage\":\"fr-FR\"},{\"@type\":\"Organization\",\"@id\":\"https:\\\/\\\/permakultur-landwirtschaft.org\\\/#organization\",\"name\":\"Permakultur-Landwirtschaft\",\"alternateName\":\"Verein Permakultur-Landwirtschaft\",\"url\":\"https:\\\/\\\/permakultur-landwirtschaft.org\\\/\",\"logo\":{\"@type\":\"ImageObject\",\"inLanguage\":\"fr-FR\",\"@id\":\"https:\\\/\\\/permakultur-landwirtschaft.org\\\/#\\\/schema\\\/logo\\\/image\\\/\",\"url\":\"https:\\\/\\\/permakultur-landwirtschaft.org\\\/wp-content\\\/uploads\\\/2021\\\/11\\\/pela_1268x1269.png\",\"contentUrl\":\"https:\\\/\\\/permakultur-landwirtschaft.org\\\/wp-content\\\/uploads\\\/2021\\\/11\\\/pela_1268x1269.png\",\"width\":1298,\"height\":1269,\"caption\":\"Permakultur-Landwirtschaft\"},\"image\":{\"@id\":\"https:\\\/\\\/permakultur-landwirtschaft.org\\\/#\\\/schema\\\/logo\\\/image\\\/\"},\"sameAs\":[\"https:\\\/\\\/www.facebook.com\\\/PermakulturLandwirtschaft\",\"https:\\\/\\\/www.instagram.com\\\/permakultur_landwirtschaft\\\/\",\"https:\\\/\\\/www.flickr.com\\\/photos\\\/permakultur-landwirtschaft\",\"https:\\\/\\\/www.youtube.com\\\/@PermakulturLandwirtschaft\"]},{\"@type\":\"Person\",\"@id\":\"https:\\\/\\\/permakultur-landwirtschaft.org\\\/#\\\/schema\\\/person\\\/6b0467872f75aed3e144093f9bf4f0b0\",\"name\":\"adrian reutimann\",\"url\":\"https:\\\/\\\/permakultur-landwirtschaft.org\\\/fr\\\/author\\\/reutiadr\\\/\"}]}<\/script>\n<!-- \/ Yoast SEO plugin. -->","yoast_head_json":{"title":"Permakulturreise nach \u00d6sterreich 03. - 05. August 2023 - Permakultur-Landwirtschaft","robots":{"index":"index","follow":"follow","max-snippet":"max-snippet:-1","max-image-preview":"max-image-preview:large","max-video-preview":"max-video-preview:-1"},"canonical":"https:\/\/permakultur-landwirtschaft.org\/fr\/permakulturreise-nach-oesterreich-03-05-august-2023\/","og_locale":"fr_FR","og_type":"article","og_title":"Permakulturreise nach \u00d6sterreich 03. - 05. August 2023 - Permakultur-Landwirtschaft","og_description":"Text vom biohof-frohberg.ch: Besichtigung mit F\u00fchrung auf dem Krameterhof mit Josef Holzer jun. und Besuch vom G\u00e4rtnerhof Langerhorst in Ober\u00f6sterreich. Nach einer Pause organisieren wir f\u00fcr 2023 sehr gerne wieder die legend\u00e4re Permakulturreise nach \u00d6sterreich . Am Donnerstag reisen wir ins Salzburgerland nach Radstadt. Dort \u00fcbernachten wir zweimal in einem angenehmen Hotel. Am Freitag steht [&hellip;]","og_url":"https:\/\/permakultur-landwirtschaft.org\/fr\/permakulturreise-nach-oesterreich-03-05-august-2023\/","og_site_name":"Permakultur-Landwirtschaft","article_publisher":"https:\/\/www.facebook.com\/PermakulturLandwirtschaft","article_published_time":"2023-08-03T08:47:00+00:00","article_modified_time":"2023-08-08T07:33:11+00:00","og_image":[{"width":700,"height":408,"url":"https:\/\/permakultur-landwirtschaft.org\/wp-content\/uploads\/2023\/06\/krameterhof_holzer_2023-06-20_11-43-01.jpg","type":"image\/jpeg"}],"author":"adrian reutimann","twitter_card":"summary_large_image","twitter_misc":{"\u00c9crit par":"adrian reutimann","Dur\u00e9e de lecture estim\u00e9e":"2 minutes"},"schema":{"@context":"https:\/\/schema.org","@graph":[{"@type":"Article","@id":"https:\/\/permakultur-landwirtschaft.org\/permakulturreise-nach-oesterreich-03-05-august-2023\/#article","isPartOf":{"@id":"https:\/\/permakultur-landwirtschaft.org\/permakulturreise-nach-oesterreich-03-05-august-2023\/"},"author":{"name":"adrian reutimann","@id":"https:\/\/permakultur-landwirtschaft.org\/#\/schema\/person\/6b0467872f75aed3e144093f9bf4f0b0"},"headline":"Permakulturreise nach \u00d6sterreich 03. &#8211; 05. August 2023","datePublished":"2023-08-03T08:47:00+00:00","dateModified":"2023-08-08T07:33:11+00:00","mainEntityOfPage":{"@id":"https:\/\/permakultur-landwirtschaft.org\/permakulturreise-nach-oesterreich-03-05-august-2023\/"},"wordCount":220,"publisher":{"@id":"https:\/\/permakultur-landwirtschaft.org\/#organization"},"image":{"@id":"https:\/\/permakultur-landwirtschaft.org\/permakulturreise-nach-oesterreich-03-05-august-2023\/#primaryimage"},"thumbnailUrl":"https:\/\/permakultur-landwirtschaft.org\/wp-content\/uploads\/2023\/06\/krameterhof_holzer_2023-06-20_11-43-01.jpg","articleSection":["Veranstaltungen_Archiv"],"inLanguage":"fr-FR"},{"@type":"WebPage","@id":"https:\/\/permakultur-landwirtschaft.org\/permakulturreise-nach-oesterreich-03-05-august-2023\/","url":"https:\/\/permakultur-landwirtschaft.org\/permakulturreise-nach-oesterreich-03-05-august-2023\/","name":"Permakulturreise nach \u00d6sterreich 03. - 05. August 2023 - Permakultur-Landwirtschaft","isPartOf":{"@id":"https:\/\/permakultur-landwirtschaft.org\/#website"},"primaryImageOfPage":{"@id":"https:\/\/permakultur-landwirtschaft.org\/permakulturreise-nach-oesterreich-03-05-august-2023\/#primaryimage"},"image":{"@id":"https:\/\/permakultur-landwirtschaft.org\/permakulturreise-nach-oesterreich-03-05-august-2023\/#primaryimage"},"thumbnailUrl":"https:\/\/permakultur-landwirtschaft.org\/wp-content\/uploads\/2023\/06\/krameterhof_holzer_2023-06-20_11-43-01.jpg","datePublished":"2023-08-03T08:47:00+00:00","dateModified":"2023-08-08T07:33:11+00:00","breadcrumb":{"@id":"https:\/\/permakultur-landwirtschaft.org\/permakulturreise-nach-oesterreich-03-05-august-2023\/#breadcrumb"},"inLanguage":"fr-FR","potentialAction":[{"@type":"ReadAction","target":["https:\/\/permakultur-landwirtschaft.org\/permakulturreise-nach-oesterreich-03-05-august-2023\/"]}]},{"@type":"ImageObject","inLanguage":"fr-FR","@id":"https:\/\/permakultur-landwirtschaft.org\/permakulturreise-nach-oesterreich-03-05-august-2023\/#primaryimage","url":"https:\/\/permakultur-landwirtschaft.org\/wp-content\/uploads\/2023\/06\/krameterhof_holzer_2023-06-20_11-43-01.jpg","contentUrl":"https:\/\/permakultur-landwirtschaft.org\/wp-content\/uploads\/2023\/06\/krameterhof_holzer_2023-06-20_11-43-01.jpg","width":700,"height":408},{"@type":"BreadcrumbList","@id":"https:\/\/permakultur-landwirtschaft.org\/permakulturreise-nach-oesterreich-03-05-august-2023\/#breadcrumb","itemListElement":[{"@type":"ListItem","position":1,"name":"Startseite","item":"https:\/\/permakultur-landwirtschaft.org\/"},{"@type":"ListItem","position":2,"name":"Permakulturreise nach \u00d6sterreich 03. &#8211; 05. August 2023"}]},{"@type":"WebSite","@id":"https:\/\/permakultur-landwirtschaft.org\/#website","url":"https:\/\/permakultur-landwirtschaft.org\/","name":"Permakultur-Landwirtschaft","description":"F\u00f6rderung der Permakultur in der Landwirtschaft","publisher":{"@id":"https:\/\/permakultur-landwirtschaft.org\/#organization"},"potentialAction":[{"@type":"SearchAction","target":{"@type":"EntryPoint","urlTemplate":"https:\/\/permakultur-landwirtschaft.org\/?s={search_term_string}"},"query-input":{"@type":"PropertyValueSpecification","valueRequired":true,"valueName":"search_term_string"}}],"inLanguage":"fr-FR"},{"@type":"Organization","@id":"https:\/\/permakultur-landwirtschaft.org\/#organization","name":"Permakultur-Landwirtschaft","alternateName":"Verein Permakultur-Landwirtschaft","url":"https:\/\/permakultur-landwirtschaft.org\/","logo":{"@type":"ImageObject","inLanguage":"fr-FR","@id":"https:\/\/permakultur-landwirtschaft.org\/#\/schema\/logo\/image\/","url":"https:\/\/permakultur-landwirtschaft.org\/wp-content\/uploads\/2021\/11\/pela_1268x1269.png","contentUrl":"https:\/\/permakultur-landwirtschaft.org\/wp-content\/uploads\/2021\/11\/pela_1268x1269.png","width":1298,"height":1269,"caption":"Permakultur-Landwirtschaft"},"image":{"@id":"https:\/\/permakultur-landwirtschaft.org\/#\/schema\/logo\/image\/"},"sameAs":["https:\/\/www.facebook.com\/PermakulturLandwirtschaft","https:\/\/www.instagram.com\/permakultur_landwirtschaft\/","https:\/\/www.flickr.com\/photos\/permakultur-landwirtschaft","https:\/\/www.youtube.com\/@PermakulturLandwirtschaft"]},{"@type":"Person","@id":"https:\/\/permakultur-landwirtschaft.org\/#\/schema\/person\/6b0467872f75aed3e144093f9bf4f0b0","name":"adrian reutimann","url":"https:\/\/permakultur-landwirtschaft.org\/fr\/author\/reutiadr\/"}]}},"_links":{"self":[{"href":"https:\/\/permakultur-landwirtschaft.org\/fr\/wp-json\/wp\/v2\/posts\/31134","targetHints":{"allow":["GET"]}}],"collection":[{"href":"https:\/\/permakultur-landwirtschaft.org\/fr\/wp-json\/wp\/v2\/posts"}],"about":[{"href":"https:\/\/permakultur-landwirtschaft.org\/fr\/wp-json\/wp\/v2\/types\/post"}],"author":[{"embeddable":true,"href":"https:\/\/permakultur-landwirtschaft.org\/fr\/wp-json\/wp\/v2\/users\/2"}],"replies":[{"embeddable":true,"href":"https:\/\/permakultur-landwirtschaft.org\/fr\/wp-json\/wp\/v2\/comments?post=31134"}],"version-history":[{"count":1,"href":"https:\/\/permakultur-landwirtschaft.org\/fr\/wp-json\/wp\/v2\/posts\/31134\/revisions"}],"predecessor-version":[{"id":31137,"href":"https:\/\/permakultur-landwirtschaft.org\/fr\/wp-json\/wp\/v2\/posts\/31134\/revisions\/31137"}],"wp:featuredmedia":[{"embeddable":true,"href":"https:\/\/permakultur-landwirtschaft.org\/fr\/wp-json\/wp\/v2\/media\/31135"}],"wp:attachment":[{"href":"https:\/\/permakultur-landwirtschaft.org\/fr\/wp-json\/wp\/v2\/media?parent=31134"}],"wp:term":[{"taxonomy":"category","embeddable":true,"href":"https:\/\/permakultur-landwirtschaft.org\/fr\/wp-json\/wp\/v2\/categories?post=31134"},{"taxonomy":"post_tag","embeddable":true,"href":"https:\/\/permakultur-landwirtschaft.org\/fr\/wp-json\/wp\/v2\/tags?post=31134"}],"curies":[{"name":"wp","href":"https:\/\/api.w.org\/{rel}","templated":true}]}}