{"id":31104,"date":"2023-05-17T14:58:00","date_gmt":"2023-05-17T12:58:00","guid":{"rendered":"https:\/\/permakultur-landwirtschaft.org\/?p=31104"},"modified":"2023-06-15T15:17:51","modified_gmt":"2023-06-15T13:17:51","slug":"selbstversorgung-produzieren-was-wir-konsumieren-swissmilk-vom-17-mai-2023","status":"publish","type":"post","link":"https:\/\/permakultur-landwirtschaft.org\/fr\/selbstversorgung-produzieren-was-wir-konsumieren-swissmilk-vom-17-mai-2023\/","title":{"rendered":"Selbstversorgung: Produzieren, was wir konsumieren &#8211; Swissmilk vom 17. Mai 2023"},"content":{"rendered":"<div data-elementor-type=\"wp-post\" data-elementor-id=\"31104\" class=\"elementor elementor-31104\" data-elementor-post-type=\"post\">\n\t\t\t\t\t\t<section class=\"elementor-section elementor-top-section elementor-element elementor-element-245918e8 elementor-section-boxed elementor-section-height-default elementor-section-height-default\" data-id=\"245918e8\" data-element_type=\"section\" data-e-type=\"section\">\n\t\t\t\t\t\t<div class=\"elementor-container elementor-column-gap-default\">\n\t\t\t\t\t<div class=\"elementor-column elementor-col-100 elementor-top-column elementor-element elementor-element-24d4b7af\" data-id=\"24d4b7af\" data-element_type=\"column\" data-e-type=\"column\">\n\t\t\t<div class=\"elementor-widget-wrap elementor-element-populated\">\n\t\t\t\t\t\t<div class=\"elementor-element elementor-element-f6ebea5 elementor-blockquote--skin-border elementor-blockquote--button-view-icon-text elementor-blockquote--button-skin-classic elementor-widget elementor-widget-blockquote\" data-id=\"f6ebea5\" data-element_type=\"widget\" data-e-type=\"widget\" data-widget_type=\"blockquote.default\">\n\t\t\t\t<div class=\"elementor-widget-container\">\n\t\t\t\t\t\t\t<blockquote class=\"elementor-blockquote\">\n\t\t\t<p class=\"elementor-blockquote__content\">\n\t\t\t\tWir sprechen lieber von Beikraut als von Unkraut.\t\t\t<\/p>\n\t\t\t\t\t\t\t<div class=\"e-q-footer\">\n\t\t\t\t\t\t\t\t\t\t\t<cite class=\"elementor-blockquote__author\">Tobias Messmer, Co-Projektleiter Permakultur-G\u00e4rten<\/cite>\n\t\t\t\t\t\t\t\t\t\t\t\t\t\t\t\t<a href=\"https:\/\/twitter.com\/intent\/tweet?text=Wir+sprechen+lieber+von+Beikraut+als+von+Unkraut.+%E2%80%94+Tobias+Messmer%2C+Co-Projektleiter+Permakultur-G%C3%A4rten&amp;url=https%3A%2F%2Fpermakultur-landwirtschaft.org%2Fselbstversorgung-produzieren-was-wir-konsumieren-swissmilk-vom-17-mai-2023%2F\" class=\"elementor-blockquote__tweet-button\" target=\"_blank\">\n\t\t\t\t\t\t\t\t\t\t\t\t\t\t\t<svg aria-hidden=\"true\" class=\"e-font-icon-svg e-fab-twitter\" viewbox=\"0 0 512 512\" xmlns=\"http:\/\/www.w3.org\/2000\/svg\"><path d=\"M459.37 151.716c.325 4.548.325 9.097.325 13.645 0 138.72-105.583 298.558-298.558 298.558-59.452 0-114.68-17.219-161.137-47.106 8.447.974 16.568 1.299 25.34 1.299 49.055 0 94.213-16.568 130.274-44.832-46.132-.975-84.792-31.188-98.112-72.772 6.498.974 12.995 1.624 19.818 1.624 9.421 0 18.843-1.3 27.614-3.573-48.081-9.747-84.143-51.98-84.143-102.985v-1.299c13.969 7.797 30.214 12.67 47.431 13.319-28.264-18.843-46.781-51.005-46.781-87.391 0-19.492 5.197-37.36 14.294-52.954 51.655 63.675 129.3 105.258 216.365 109.807-1.624-7.797-2.599-15.918-2.599-24.04 0-57.828 46.782-104.934 104.934-104.934 30.213 0 57.502 12.67 76.67 33.137 23.715-4.548 46.456-13.32 66.599-25.34-7.798 24.366-24.366 44.833-46.132 57.827 21.117-2.273 41.584-8.122 60.426-16.243-14.292 20.791-32.161 39.308-52.628 54.253z\"><\/path><\/svg>\t\t\t\t\t\t\t\t\t\t\t\t\t\t\t\t\t\t\t\t\t\t\t\t\t\t\t\t\t\t<span class=\"elementor-blockquote__tweet-label\">Tweet<\/span>\n\t\t\t\t\t\t\t\t\t\t\t\t\t<\/a>\n\t\t\t\t\t\t\t\t\t<\/div>\n\t\t\t\t\t<\/blockquote>\n\t\t\t\t\t\t<\/div>\n\t\t\t\t<\/div>\n\t\t\t\t<div class=\"elementor-element elementor-element-fda722c elementor-blockquote--skin-border elementor-blockquote--button-view-icon-text elementor-blockquote--button-skin-classic elementor-widget elementor-widget-blockquote\" data-id=\"fda722c\" data-element_type=\"widget\" data-e-type=\"widget\" data-widget_type=\"blockquote.default\">\n\t\t\t\t<div class=\"elementor-widget-container\">\n\t\t\t\t\t\t\t<blockquote class=\"elementor-blockquote\">\n\t\t\t<p class=\"elementor-blockquote__content\">\n\t\t\t\tWenn Permakultur so einfach skalierbar w\u00e4re, h\u00e4tte man es schon l\u00e4ngst gemacht.\t\t\t<\/p>\n\t\t\t\t\t\t\t<div class=\"e-q-footer\">\n\t\t\t\t\t\t\t\t\t\t\t<cite class=\"elementor-blockquote__author\">Liv Kellermann, Co-Projektleiterin Permakultur-G\u00e4rten<\/cite>\n\t\t\t\t\t\t\t\t\t\t\t\t\t\t\t\t<a href=\"https:\/\/twitter.com\/intent\/tweet?text=Wenn+Permakultur+so+einfach+skalierbar+w%C3%A4re%2C+h%C3%A4tte+man+es+schon+l%C3%A4ngst+gemacht.+%E2%80%94+Liv+Kellermann%2C+Co-Projektleiterin+Permakultur-G%C3%A4rten&amp;url=https%3A%2F%2Fpermakultur-landwirtschaft.org%2Fselbstversorgung-produzieren-was-wir-konsumieren-swissmilk-vom-17-mai-2023%2F\" class=\"elementor-blockquote__tweet-button\" target=\"_blank\">\n\t\t\t\t\t\t\t\t\t\t\t\t\t\t\t<svg aria-hidden=\"true\" class=\"e-font-icon-svg e-fab-twitter\" viewbox=\"0 0 512 512\" xmlns=\"http:\/\/www.w3.org\/2000\/svg\"><path d=\"M459.37 151.716c.325 4.548.325 9.097.325 13.645 0 138.72-105.583 298.558-298.558 298.558-59.452 0-114.68-17.219-161.137-47.106 8.447.974 16.568 1.299 25.34 1.299 49.055 0 94.213-16.568 130.274-44.832-46.132-.975-84.792-31.188-98.112-72.772 6.498.974 12.995 1.624 19.818 1.624 9.421 0 18.843-1.3 27.614-3.573-48.081-9.747-84.143-51.98-84.143-102.985v-1.299c13.969 7.797 30.214 12.67 47.431 13.319-28.264-18.843-46.781-51.005-46.781-87.391 0-19.492 5.197-37.36 14.294-52.954 51.655 63.675 129.3 105.258 216.365 109.807-1.624-7.797-2.599-15.918-2.599-24.04 0-57.828 46.782-104.934 104.934-104.934 30.213 0 57.502 12.67 76.67 33.137 23.715-4.548 46.456-13.32 66.599-25.34-7.798 24.366-24.366 44.833-46.132 57.827 21.117-2.273 41.584-8.122 60.426-16.243-14.292 20.791-32.161 39.308-52.628 54.253z\"><\/path><\/svg>\t\t\t\t\t\t\t\t\t\t\t\t\t\t\t\t\t\t\t\t\t\t\t\t\t\t\t\t\t\t<span class=\"elementor-blockquote__tweet-label\">Tweet<\/span>\n\t\t\t\t\t\t\t\t\t\t\t\t\t<\/a>\n\t\t\t\t\t\t\t\t\t<\/div>\n\t\t\t\t\t<\/blockquote>\n\t\t\t\t\t\t<\/div>\n\t\t\t\t<\/div>\n\t\t\t\t<div class=\"elementor-element elementor-element-75eb0a4a elementor-widget elementor-widget-text-editor\" data-id=\"75eb0a4a\" data-element_type=\"widget\" data-e-type=\"widget\" data-widget_type=\"text-editor.default\">\n\t\t\t\t<div class=\"elementor-widget-container\">\n\t\t\t\t\t\t\t\t\t<p><\/p>\n<p>Text von swissmilk.ch:<\/p>\n<p><\/p>\n<p><\/p>\n<p>Fr\u00fcher Anbauschlacht, heute Permakultur: Es gibt verschiedene Wege zu mehr Selbstversorgung. Im Podcast und in der Story kommen Expertinnen und Experten zu Wort, die wissen, wie das geht.<\/p>\n<p><\/p>\n<p><\/p>\n<p class=\"is-layout-flow wp-block-quote-is-layout-flow\"><\/p>\n<p><\/p>\n<p><a href=\"https:\/\/www.swissmilk.ch\/de\/gschichte-vo-hie\/selbstversorgung-produzieren-was-wir-konsumieren\/\" target=\"_blank\" rel=\"noreferrer noopener\">Link zum Artikel bei Swissmilk<\/a><\/p>\n<p><\/p>\n<p><\/p>\n<p>Beitr\u00e4ge von Watson zu dem Artikel vom 15. Juni 2023:<\/p>\n<p><\/p>\n<p><\/p>\n<ul class=\"wp-block-list\">\n<li style=\"list-style-type: none;\">\n<ul><\/ul>\n<\/li>\n<\/ul>\n<ul>\n<li><a href=\"https:\/\/www.watson.ch\/promotion\/gute%20news\/966863753-permakultur-selbstversorgung-eine-zukunftsmusik\" target=\"_blank\" rel=\"noreferrer noopener\">Permakultur &amp; Selbstversorgung: Eine Zukunftsmusik?<\/a> (deutsch)<\/li><li><a href=\"https:\/\/www.watson.ch\/fr\/promotion\/les%20good%20news\/871226276-permaculture-autosuffisance-une-musique-d-avenir\" target=\"_blank\" rel=\"noreferrer noopener\">Permaculture &amp; autosuffisance: une musique d&#8217;avenir?<\/a> (fran\u00e7ais)<\/li>\n<\/ul>\n<p><\/p>\n<p><\/p>\n<p><\/p>\n<p><\/p>\t\t\t\t\t\t\t\t<\/div>\n\t\t\t\t<\/div>\n\t\t\t\t\t<\/div>\n\t\t<\/div>\n\t\t\t\t\t<\/div>\n\t\t<\/section>\n\t\t\t\t<\/div>","protected":false},"excerpt":{"rendered":"<p>Wir sprechen lieber von Beikraut als von Unkraut. Tobias Messmer, Co-Projektleiter Permakultur-G\u00e4rten Tweet Wenn Permakultur so einfach skalierbar w\u00e4re, h\u00e4tte man es schon l\u00e4ngst gemacht. Liv Kellermann, Co-Projektleiterin Permakultur-G\u00e4rten Tweet Text von swissmilk.ch: Fr\u00fcher Anbauschlacht, heute Permakultur: Es gibt verschiedene Wege zu mehr Selbstversorgung. Im Podcast und in der Story kommen Expertinnen und Experten zu [&hellip;]<\/p>\n","protected":false},"author":2,"featured_media":31105,"comment_status":"closed","ping_status":"closed","sticky":false,"template":"elementor_theme","format":"standard","meta":{"_acf_changed":false,"site-sidebar-layout":"default","site-content-layout":"","ast-site-content-layout":"default","site-content-style":"default","site-sidebar-style":"default","ast-global-header-display":"","ast-banner-title-visibility":"","ast-main-header-display":"","ast-hfb-above-header-display":"","ast-hfb-below-header-display":"","ast-hfb-mobile-header-display":"","site-post-title":"","ast-breadcrumbs-content":"","ast-featured-img":"","footer-sml-layout":"","ast-disable-related-posts":"","theme-transparent-header-meta":"","adv-header-id-meta":"","stick-header-meta":"","header-above-stick-meta":"","header-main-stick-meta":"","header-below-stick-meta":"","astra-migrate-meta-layouts":"default","ast-page-background-enabled":"default","ast-page-background-meta":{"desktop":{"background-color":"var(--ast-global-color-4)","background-image":"","background-repeat":"repeat","background-position":"center center","background-size":"auto","background-attachment":"scroll","background-type":"","background-media":"","overlay-type":"","overlay-color":"","overlay-opacity":"","overlay-gradient":""},"tablet":{"background-color":"","background-image":"","background-repeat":"repeat","background-position":"center center","background-size":"auto","background-attachment":"scroll","background-type":"","background-media":"","overlay-type":"","overlay-color":"","overlay-opacity":"","overlay-gradient":""},"mobile":{"background-color":"","background-image":"","background-repeat":"repeat","background-position":"center center","background-size":"auto","background-attachment":"scroll","background-type":"","background-media":"","overlay-type":"","overlay-color":"","overlay-opacity":"","overlay-gradient":""}},"ast-content-background-meta":{"desktop":{"background-color":"var(--ast-global-color-5)","background-image":"","background-repeat":"repeat","background-position":"center center","background-size":"auto","background-attachment":"scroll","background-type":"","background-media":"","overlay-type":"","overlay-color":"","overlay-opacity":"","overlay-gradient":""},"tablet":{"background-color":"var(--ast-global-color-5)","background-image":"","background-repeat":"repeat","background-position":"center center","background-size":"auto","background-attachment":"scroll","background-type":"","background-media":"","overlay-type":"","overlay-color":"","overlay-opacity":"","overlay-gradient":""},"mobile":{"background-color":"var(--ast-global-color-5)","background-image":"","background-repeat":"repeat","background-position":"center center","background-size":"auto","background-attachment":"scroll","background-type":"","background-media":"","overlay-type":"","overlay-color":"","overlay-opacity":"","overlay-gradient":""}},"footnotes":""},"categories":[22],"tags":[70,69,17,19],"class_list":["post-31104","post","type-post","status-publish","format-standard","has-post-thumbnail","hentry","category-neuigkeit","tag-forschung","tag-hafl","tag-permakultur","tag-selbstversorgung"],"acf":[],"yoast_head":"<!-- This site is optimized with the Yoast SEO plugin v27.5 - https:\/\/yoast.com\/product\/yoast-seo-wordpress\/ -->\n<title>Selbstversorgung: Produzieren, was wir konsumieren - Swissmilk vom 17. Mai 2023 - Permakultur-Landwirtschaft<\/title>\n<meta name=\"robots\" content=\"index, follow, max-snippet:-1, max-image-preview:large, max-video-preview:-1\" \/>\n<link rel=\"canonical\" href=\"https:\/\/permakultur-landwirtschaft.org\/fr\/selbstversorgung-produzieren-was-wir-konsumieren-swissmilk-vom-17-mai-2023\/\" \/>\n<meta property=\"og:locale\" content=\"fr_FR\" \/>\n<meta property=\"og:type\" content=\"article\" \/>\n<meta property=\"og:title\" content=\"Selbstversorgung: Produzieren, was wir konsumieren - Swissmilk vom 17. Mai 2023 - Permakultur-Landwirtschaft\" \/>\n<meta property=\"og:description\" content=\"Wir sprechen lieber von Beikraut als von Unkraut. Tobias Messmer, Co-Projektleiter Permakultur-G\u00e4rten Tweet Wenn Permakultur so einfach skalierbar w\u00e4re, h\u00e4tte man es schon l\u00e4ngst gemacht. Liv Kellermann, Co-Projektleiterin Permakultur-G\u00e4rten Tweet Text von swissmilk.ch: Fr\u00fcher Anbauschlacht, heute Permakultur: Es gibt verschiedene Wege zu mehr Selbstversorgung. Im Podcast und in der Story kommen Expertinnen und Experten zu [&hellip;]\" \/>\n<meta property=\"og:url\" content=\"https:\/\/permakultur-landwirtschaft.org\/fr\/selbstversorgung-produzieren-was-wir-konsumieren-swissmilk-vom-17-mai-2023\/\" \/>\n<meta property=\"og:site_name\" content=\"Permakultur-Landwirtschaft\" \/>\n<meta property=\"article:publisher\" content=\"https:\/\/www.facebook.com\/PermakulturLandwirtschaft\" \/>\n<meta property=\"article:published_time\" content=\"2023-05-17T12:58:00+00:00\" \/>\n<meta property=\"article:modified_time\" content=\"2023-06-15T13:17:51+00:00\" \/>\n<meta property=\"og:image\" content=\"https:\/\/permakultur-landwirtschaft.org\/wp-content\/uploads\/2023\/06\/swissmilk_hafl_feldgarten_Header-Selbstversorgung-700.jpg\" \/>\n\t<meta property=\"og:image:width\" content=\"700\" \/>\n\t<meta property=\"og:image:height\" content=\"437\" \/>\n\t<meta property=\"og:image:type\" content=\"image\/jpeg\" \/>\n<meta name=\"author\" content=\"adrian reutimann\" \/>\n<meta name=\"twitter:card\" content=\"summary_large_image\" \/>\n<meta name=\"twitter:label1\" content=\"\u00c9crit par\" \/>\n\t<meta name=\"twitter:data1\" content=\"adrian reutimann\" \/>\n\t<meta name=\"twitter:label2\" content=\"Dur\u00e9e de lecture estim\u00e9e\" \/>\n\t<meta name=\"twitter:data2\" content=\"1 minute\" \/>\n<script type=\"application\/ld+json\" class=\"yoast-schema-graph\">{\"@context\":\"https:\\\/\\\/schema.org\",\"@graph\":[{\"@type\":\"Article\",\"@id\":\"https:\\\/\\\/permakultur-landwirtschaft.org\\\/selbstversorgung-produzieren-was-wir-konsumieren-swissmilk-vom-17-mai-2023\\\/#article\",\"isPartOf\":{\"@id\":\"https:\\\/\\\/permakultur-landwirtschaft.org\\\/selbstversorgung-produzieren-was-wir-konsumieren-swissmilk-vom-17-mai-2023\\\/\"},\"author\":{\"name\":\"adrian reutimann\",\"@id\":\"https:\\\/\\\/permakultur-landwirtschaft.org\\\/#\\\/schema\\\/person\\\/6b0467872f75aed3e144093f9bf4f0b0\"},\"headline\":\"Selbstversorgung: Produzieren, was wir konsumieren &#8211; Swissmilk vom 17. Mai 2023\",\"datePublished\":\"2023-05-17T12:58:00+00:00\",\"dateModified\":\"2023-06-15T13:17:51+00:00\",\"mainEntityOfPage\":{\"@id\":\"https:\\\/\\\/permakultur-landwirtschaft.org\\\/selbstversorgung-produzieren-was-wir-konsumieren-swissmilk-vom-17-mai-2023\\\/\"},\"wordCount\":106,\"publisher\":{\"@id\":\"https:\\\/\\\/permakultur-landwirtschaft.org\\\/#organization\"},\"image\":{\"@id\":\"https:\\\/\\\/permakultur-landwirtschaft.org\\\/selbstversorgung-produzieren-was-wir-konsumieren-swissmilk-vom-17-mai-2023\\\/#primaryimage\"},\"thumbnailUrl\":\"https:\\\/\\\/permakultur-landwirtschaft.org\\\/wp-content\\\/uploads\\\/2023\\\/06\\\/swissmilk_hafl_feldgarten_Header-Selbstversorgung-700.jpg\",\"keywords\":[\"Forschung\",\"HAFL\",\"Permakultur\",\"Selbstversorgung\"],\"articleSection\":[\"Neuigkeit\"],\"inLanguage\":\"fr-FR\"},{\"@type\":\"WebPage\",\"@id\":\"https:\\\/\\\/permakultur-landwirtschaft.org\\\/selbstversorgung-produzieren-was-wir-konsumieren-swissmilk-vom-17-mai-2023\\\/\",\"url\":\"https:\\\/\\\/permakultur-landwirtschaft.org\\\/selbstversorgung-produzieren-was-wir-konsumieren-swissmilk-vom-17-mai-2023\\\/\",\"name\":\"Selbstversorgung: Produzieren, was wir konsumieren - Swissmilk vom 17. Mai 2023 - Permakultur-Landwirtschaft\",\"isPartOf\":{\"@id\":\"https:\\\/\\\/permakultur-landwirtschaft.org\\\/#website\"},\"primaryImageOfPage\":{\"@id\":\"https:\\\/\\\/permakultur-landwirtschaft.org\\\/selbstversorgung-produzieren-was-wir-konsumieren-swissmilk-vom-17-mai-2023\\\/#primaryimage\"},\"image\":{\"@id\":\"https:\\\/\\\/permakultur-landwirtschaft.org\\\/selbstversorgung-produzieren-was-wir-konsumieren-swissmilk-vom-17-mai-2023\\\/#primaryimage\"},\"thumbnailUrl\":\"https:\\\/\\\/permakultur-landwirtschaft.org\\\/wp-content\\\/uploads\\\/2023\\\/06\\\/swissmilk_hafl_feldgarten_Header-Selbstversorgung-700.jpg\",\"datePublished\":\"2023-05-17T12:58:00+00:00\",\"dateModified\":\"2023-06-15T13:17:51+00:00\",\"breadcrumb\":{\"@id\":\"https:\\\/\\\/permakultur-landwirtschaft.org\\\/selbstversorgung-produzieren-was-wir-konsumieren-swissmilk-vom-17-mai-2023\\\/#breadcrumb\"},\"inLanguage\":\"fr-FR\",\"potentialAction\":[{\"@type\":\"ReadAction\",\"target\":[\"https:\\\/\\\/permakultur-landwirtschaft.org\\\/selbstversorgung-produzieren-was-wir-konsumieren-swissmilk-vom-17-mai-2023\\\/\"]}]},{\"@type\":\"ImageObject\",\"inLanguage\":\"fr-FR\",\"@id\":\"https:\\\/\\\/permakultur-landwirtschaft.org\\\/selbstversorgung-produzieren-was-wir-konsumieren-swissmilk-vom-17-mai-2023\\\/#primaryimage\",\"url\":\"https:\\\/\\\/permakultur-landwirtschaft.org\\\/wp-content\\\/uploads\\\/2023\\\/06\\\/swissmilk_hafl_feldgarten_Header-Selbstversorgung-700.jpg\",\"contentUrl\":\"https:\\\/\\\/permakultur-landwirtschaft.org\\\/wp-content\\\/uploads\\\/2023\\\/06\\\/swissmilk_hafl_feldgarten_Header-Selbstversorgung-700.jpg\",\"width\":700,\"height\":437,\"caption\":\"Bild: swissmilk\"},{\"@type\":\"BreadcrumbList\",\"@id\":\"https:\\\/\\\/permakultur-landwirtschaft.org\\\/selbstversorgung-produzieren-was-wir-konsumieren-swissmilk-vom-17-mai-2023\\\/#breadcrumb\",\"itemListElement\":[{\"@type\":\"ListItem\",\"position\":1,\"name\":\"Startseite\",\"item\":\"https:\\\/\\\/permakultur-landwirtschaft.org\\\/\"},{\"@type\":\"ListItem\",\"position\":2,\"name\":\"Selbstversorgung: Produzieren, was wir konsumieren &#8211; Swissmilk vom 17. Mai 2023\"}]},{\"@type\":\"WebSite\",\"@id\":\"https:\\\/\\\/permakultur-landwirtschaft.org\\\/#website\",\"url\":\"https:\\\/\\\/permakultur-landwirtschaft.org\\\/\",\"name\":\"Permakultur-Landwirtschaft\",\"description\":\"F\u00f6rderung der Permakultur in der Landwirtschaft\",\"publisher\":{\"@id\":\"https:\\\/\\\/permakultur-landwirtschaft.org\\\/#organization\"},\"potentialAction\":[{\"@type\":\"SearchAction\",\"target\":{\"@type\":\"EntryPoint\",\"urlTemplate\":\"https:\\\/\\\/permakultur-landwirtschaft.org\\\/?s={search_term_string}\"},\"query-input\":{\"@type\":\"PropertyValueSpecification\",\"valueRequired\":true,\"valueName\":\"search_term_string\"}}],\"inLanguage\":\"fr-FR\"},{\"@type\":\"Organization\",\"@id\":\"https:\\\/\\\/permakultur-landwirtschaft.org\\\/#organization\",\"name\":\"Permakultur-Landwirtschaft\",\"alternateName\":\"Verein Permakultur-Landwirtschaft\",\"url\":\"https:\\\/\\\/permakultur-landwirtschaft.org\\\/\",\"logo\":{\"@type\":\"ImageObject\",\"inLanguage\":\"fr-FR\",\"@id\":\"https:\\\/\\\/permakultur-landwirtschaft.org\\\/#\\\/schema\\\/logo\\\/image\\\/\",\"url\":\"https:\\\/\\\/permakultur-landwirtschaft.org\\\/wp-content\\\/uploads\\\/2021\\\/11\\\/pela_1268x1269.png\",\"contentUrl\":\"https:\\\/\\\/permakultur-landwirtschaft.org\\\/wp-content\\\/uploads\\\/2021\\\/11\\\/pela_1268x1269.png\",\"width\":1298,\"height\":1269,\"caption\":\"Permakultur-Landwirtschaft\"},\"image\":{\"@id\":\"https:\\\/\\\/permakultur-landwirtschaft.org\\\/#\\\/schema\\\/logo\\\/image\\\/\"},\"sameAs\":[\"https:\\\/\\\/www.facebook.com\\\/PermakulturLandwirtschaft\",\"https:\\\/\\\/www.instagram.com\\\/permakultur_landwirtschaft\\\/\",\"https:\\\/\\\/www.flickr.com\\\/photos\\\/permakultur-landwirtschaft\",\"https:\\\/\\\/www.youtube.com\\\/@PermakulturLandwirtschaft\"]},{\"@type\":\"Person\",\"@id\":\"https:\\\/\\\/permakultur-landwirtschaft.org\\\/#\\\/schema\\\/person\\\/6b0467872f75aed3e144093f9bf4f0b0\",\"name\":\"adrian reutimann\",\"url\":\"https:\\\/\\\/permakultur-landwirtschaft.org\\\/fr\\\/author\\\/reutiadr\\\/\"}]}<\/script>\n<!-- \/ Yoast SEO plugin. -->","yoast_head_json":{"title":"Selbstversorgung: Produzieren, was wir konsumieren - Swissmilk vom 17. Mai 2023 - Permakultur-Landwirtschaft","robots":{"index":"index","follow":"follow","max-snippet":"max-snippet:-1","max-image-preview":"max-image-preview:large","max-video-preview":"max-video-preview:-1"},"canonical":"https:\/\/permakultur-landwirtschaft.org\/fr\/selbstversorgung-produzieren-was-wir-konsumieren-swissmilk-vom-17-mai-2023\/","og_locale":"fr_FR","og_type":"article","og_title":"Selbstversorgung: Produzieren, was wir konsumieren - Swissmilk vom 17. Mai 2023 - Permakultur-Landwirtschaft","og_description":"Wir sprechen lieber von Beikraut als von Unkraut. Tobias Messmer, Co-Projektleiter Permakultur-G\u00e4rten Tweet Wenn Permakultur so einfach skalierbar w\u00e4re, h\u00e4tte man es schon l\u00e4ngst gemacht. Liv Kellermann, Co-Projektleiterin Permakultur-G\u00e4rten Tweet Text von swissmilk.ch: Fr\u00fcher Anbauschlacht, heute Permakultur: Es gibt verschiedene Wege zu mehr Selbstversorgung. Im Podcast und in der Story kommen Expertinnen und Experten zu [&hellip;]","og_url":"https:\/\/permakultur-landwirtschaft.org\/fr\/selbstversorgung-produzieren-was-wir-konsumieren-swissmilk-vom-17-mai-2023\/","og_site_name":"Permakultur-Landwirtschaft","article_publisher":"https:\/\/www.facebook.com\/PermakulturLandwirtschaft","article_published_time":"2023-05-17T12:58:00+00:00","article_modified_time":"2023-06-15T13:17:51+00:00","og_image":[{"width":700,"height":437,"url":"https:\/\/permakultur-landwirtschaft.org\/wp-content\/uploads\/2023\/06\/swissmilk_hafl_feldgarten_Header-Selbstversorgung-700.jpg","type":"image\/jpeg"}],"author":"adrian reutimann","twitter_card":"summary_large_image","twitter_misc":{"\u00c9crit par":"adrian reutimann","Dur\u00e9e de lecture estim\u00e9e":"1 minute"},"schema":{"@context":"https:\/\/schema.org","@graph":[{"@type":"Article","@id":"https:\/\/permakultur-landwirtschaft.org\/selbstversorgung-produzieren-was-wir-konsumieren-swissmilk-vom-17-mai-2023\/#article","isPartOf":{"@id":"https:\/\/permakultur-landwirtschaft.org\/selbstversorgung-produzieren-was-wir-konsumieren-swissmilk-vom-17-mai-2023\/"},"author":{"name":"adrian reutimann","@id":"https:\/\/permakultur-landwirtschaft.org\/#\/schema\/person\/6b0467872f75aed3e144093f9bf4f0b0"},"headline":"Selbstversorgung: Produzieren, was wir konsumieren &#8211; Swissmilk vom 17. Mai 2023","datePublished":"2023-05-17T12:58:00+00:00","dateModified":"2023-06-15T13:17:51+00:00","mainEntityOfPage":{"@id":"https:\/\/permakultur-landwirtschaft.org\/selbstversorgung-produzieren-was-wir-konsumieren-swissmilk-vom-17-mai-2023\/"},"wordCount":106,"publisher":{"@id":"https:\/\/permakultur-landwirtschaft.org\/#organization"},"image":{"@id":"https:\/\/permakultur-landwirtschaft.org\/selbstversorgung-produzieren-was-wir-konsumieren-swissmilk-vom-17-mai-2023\/#primaryimage"},"thumbnailUrl":"https:\/\/permakultur-landwirtschaft.org\/wp-content\/uploads\/2023\/06\/swissmilk_hafl_feldgarten_Header-Selbstversorgung-700.jpg","keywords":["Forschung","HAFL","Permakultur","Selbstversorgung"],"articleSection":["Neuigkeit"],"inLanguage":"fr-FR"},{"@type":"WebPage","@id":"https:\/\/permakultur-landwirtschaft.org\/selbstversorgung-produzieren-was-wir-konsumieren-swissmilk-vom-17-mai-2023\/","url":"https:\/\/permakultur-landwirtschaft.org\/selbstversorgung-produzieren-was-wir-konsumieren-swissmilk-vom-17-mai-2023\/","name":"Selbstversorgung: Produzieren, was wir konsumieren - Swissmilk vom 17. Mai 2023 - Permakultur-Landwirtschaft","isPartOf":{"@id":"https:\/\/permakultur-landwirtschaft.org\/#website"},"primaryImageOfPage":{"@id":"https:\/\/permakultur-landwirtschaft.org\/selbstversorgung-produzieren-was-wir-konsumieren-swissmilk-vom-17-mai-2023\/#primaryimage"},"image":{"@id":"https:\/\/permakultur-landwirtschaft.org\/selbstversorgung-produzieren-was-wir-konsumieren-swissmilk-vom-17-mai-2023\/#primaryimage"},"thumbnailUrl":"https:\/\/permakultur-landwirtschaft.org\/wp-content\/uploads\/2023\/06\/swissmilk_hafl_feldgarten_Header-Selbstversorgung-700.jpg","datePublished":"2023-05-17T12:58:00+00:00","dateModified":"2023-06-15T13:17:51+00:00","breadcrumb":{"@id":"https:\/\/permakultur-landwirtschaft.org\/selbstversorgung-produzieren-was-wir-konsumieren-swissmilk-vom-17-mai-2023\/#breadcrumb"},"inLanguage":"fr-FR","potentialAction":[{"@type":"ReadAction","target":["https:\/\/permakultur-landwirtschaft.org\/selbstversorgung-produzieren-was-wir-konsumieren-swissmilk-vom-17-mai-2023\/"]}]},{"@type":"ImageObject","inLanguage":"fr-FR","@id":"https:\/\/permakultur-landwirtschaft.org\/selbstversorgung-produzieren-was-wir-konsumieren-swissmilk-vom-17-mai-2023\/#primaryimage","url":"https:\/\/permakultur-landwirtschaft.org\/wp-content\/uploads\/2023\/06\/swissmilk_hafl_feldgarten_Header-Selbstversorgung-700.jpg","contentUrl":"https:\/\/permakultur-landwirtschaft.org\/wp-content\/uploads\/2023\/06\/swissmilk_hafl_feldgarten_Header-Selbstversorgung-700.jpg","width":700,"height":437,"caption":"Bild: swissmilk"},{"@type":"BreadcrumbList","@id":"https:\/\/permakultur-landwirtschaft.org\/selbstversorgung-produzieren-was-wir-konsumieren-swissmilk-vom-17-mai-2023\/#breadcrumb","itemListElement":[{"@type":"ListItem","position":1,"name":"Startseite","item":"https:\/\/permakultur-landwirtschaft.org\/"},{"@type":"ListItem","position":2,"name":"Selbstversorgung: Produzieren, was wir konsumieren &#8211; Swissmilk vom 17. Mai 2023"}]},{"@type":"WebSite","@id":"https:\/\/permakultur-landwirtschaft.org\/#website","url":"https:\/\/permakultur-landwirtschaft.org\/","name":"Permakultur-Landwirtschaft","description":"F\u00f6rderung der Permakultur in der Landwirtschaft","publisher":{"@id":"https:\/\/permakultur-landwirtschaft.org\/#organization"},"potentialAction":[{"@type":"SearchAction","target":{"@type":"EntryPoint","urlTemplate":"https:\/\/permakultur-landwirtschaft.org\/?s={search_term_string}"},"query-input":{"@type":"PropertyValueSpecification","valueRequired":true,"valueName":"search_term_string"}}],"inLanguage":"fr-FR"},{"@type":"Organization","@id":"https:\/\/permakultur-landwirtschaft.org\/#organization","name":"Permakultur-Landwirtschaft","alternateName":"Verein Permakultur-Landwirtschaft","url":"https:\/\/permakultur-landwirtschaft.org\/","logo":{"@type":"ImageObject","inLanguage":"fr-FR","@id":"https:\/\/permakultur-landwirtschaft.org\/#\/schema\/logo\/image\/","url":"https:\/\/permakultur-landwirtschaft.org\/wp-content\/uploads\/2021\/11\/pela_1268x1269.png","contentUrl":"https:\/\/permakultur-landwirtschaft.org\/wp-content\/uploads\/2021\/11\/pela_1268x1269.png","width":1298,"height":1269,"caption":"Permakultur-Landwirtschaft"},"image":{"@id":"https:\/\/permakultur-landwirtschaft.org\/#\/schema\/logo\/image\/"},"sameAs":["https:\/\/www.facebook.com\/PermakulturLandwirtschaft","https:\/\/www.instagram.com\/permakultur_landwirtschaft\/","https:\/\/www.flickr.com\/photos\/permakultur-landwirtschaft","https:\/\/www.youtube.com\/@PermakulturLandwirtschaft"]},{"@type":"Person","@id":"https:\/\/permakultur-landwirtschaft.org\/#\/schema\/person\/6b0467872f75aed3e144093f9bf4f0b0","name":"adrian reutimann","url":"https:\/\/permakultur-landwirtschaft.org\/fr\/author\/reutiadr\/"}]}},"_links":{"self":[{"href":"https:\/\/permakultur-landwirtschaft.org\/fr\/wp-json\/wp\/v2\/posts\/31104","targetHints":{"allow":["GET"]}}],"collection":[{"href":"https:\/\/permakultur-landwirtschaft.org\/fr\/wp-json\/wp\/v2\/posts"}],"about":[{"href":"https:\/\/permakultur-landwirtschaft.org\/fr\/wp-json\/wp\/v2\/types\/post"}],"author":[{"embeddable":true,"href":"https:\/\/permakultur-landwirtschaft.org\/fr\/wp-json\/wp\/v2\/users\/2"}],"replies":[{"embeddable":true,"href":"https:\/\/permakultur-landwirtschaft.org\/fr\/wp-json\/wp\/v2\/comments?post=31104"}],"version-history":[{"count":15,"href":"https:\/\/permakultur-landwirtschaft.org\/fr\/wp-json\/wp\/v2\/posts\/31104\/revisions"}],"predecessor-version":[{"id":31121,"href":"https:\/\/permakultur-landwirtschaft.org\/fr\/wp-json\/wp\/v2\/posts\/31104\/revisions\/31121"}],"wp:featuredmedia":[{"embeddable":true,"href":"https:\/\/permakultur-landwirtschaft.org\/fr\/wp-json\/wp\/v2\/media\/31105"}],"wp:attachment":[{"href":"https:\/\/permakultur-landwirtschaft.org\/fr\/wp-json\/wp\/v2\/media?parent=31104"}],"wp:term":[{"taxonomy":"category","embeddable":true,"href":"https:\/\/permakultur-landwirtschaft.org\/fr\/wp-json\/wp\/v2\/categories?post=31104"},{"taxonomy":"post_tag","embeddable":true,"href":"https:\/\/permakultur-landwirtschaft.org\/fr\/wp-json\/wp\/v2\/tags?post=31104"}],"curies":[{"name":"wp","href":"https:\/\/api.w.org\/{rel}","templated":true}]}}