{"id":31063,"date":"2023-06-01T09:00:00","date_gmt":"2023-06-01T07:00:00","guid":{"rendered":"https:\/\/permakultur-landwirtschaft.org\/?p=31063"},"modified":"2023-06-09T09:09:55","modified_gmt":"2023-06-09T07:09:55","slug":"une-micro-ferme-et-de-grandes-ambitions-a-charmoille-rfj-du-1er-juin-2023","status":"publish","type":"post","link":"https:\/\/permakultur-landwirtschaft.org\/fr\/une-micro-ferme-et-de-grandes-ambitions-a-charmoille-rfj-du-1er-juin-2023\/","title":{"rendered":"Une micro-ferme et de grandes ambitions \u00e0 Charmoille &#8211; RFJ du 1er juin 2023"},"content":{"rendered":"<p>Texte de rfj.ch:<\/p>\n\n\n\n<p>C\u2019est dans un projet hors du commun que se sont lanc\u00e9 quatre amoureux de la nature : d\u00e9velopper une micro-ferme en permaculture \u00e0 Charmoille.<\/p>\n\n\n\n<p>Depuis un an, Claudine Miserez, St\u00e9phane Caravellas, Agathe Saeckinger et Anthony Defago exploitent un demi-hectare en mara\u00eechage \u00e0 Charmoille. Apr\u00e8s des ann\u00e9es de recherche, les quatre amis ont rencontr\u00e9 un agriculteur de la r\u00e9gion, Jean Studer, qui leur a lou\u00e9 la ferme et le site pour d\u00e9velopper leur projet. La micro-ferme de la Rochette produit des l\u00e9gumes, des fruits, des herbes aromatiques et m\u00e9dicinales. Le collectif propose aussi des ateliers et des formations notamment sur la permaculture qu\u2019ils utilisent sur leur surface. Pour optimiser la production et \u00eatre en coh\u00e9rence avec leurs valeurs, les mara\u00eechers ont tir\u00e9 un trait sur les machines motoris\u00e9es. \u00ab Gr\u00e2ce \u00e0 des outils manuels, on peut resserrer les cultures. L\u2019id\u00e9e c\u2019est d\u2019optimiser la production, d\u2019\u00e9viter le gaspillage, de transformer ce qui ne peut pas \u00eatre vendu en frais \u00bb explique Claudine Miserez. St\u00e9phane Caravellas compl\u00e8te en indiquant que le but est de r\u00e9duire les intrants et les charges pour obtenir un revenu net.\u00a0<\/p>\n\n\n\n<p><a href=\"https:\/\/www.rfj.ch\/rfj\/Actualite\/Region\/20230601-Une-micro-ferme-et-de-grandes-ambitions-a-Charmoille.html\" target=\"_blank\" rel=\"noreferrer noopener\">Lien vers le reportage<\/a><\/p>\n\n\n\n<p><a href=\"https:\/\/fermelarochette.ch\" target=\"_blank\" rel=\"noreferrer noopener\">Lien vers la micro-ferme de la Rochette<\/a><\/p>","protected":false},"excerpt":{"rendered":"<p>Texte de rfj.ch: C\u2019est dans un projet hors du commun que se sont lanc\u00e9 quatre amoureux de la nature : d\u00e9velopper une micro-ferme en permaculture \u00e0 Charmoille. Depuis un an, Claudine Miserez, St\u00e9phane Caravellas, Agathe Saeckinger et Anthony Defago exploitent un demi-hectare en mara\u00eechage \u00e0 Charmoille. Apr\u00e8s des ann\u00e9es de recherche, les quatre amis ont [&hellip;]<\/p>\n","protected":false},"author":2,"featured_media":31064,"comment_status":"closed","ping_status":"closed","sticky":false,"template":"","format":"standard","meta":{"_acf_changed":false,"site-sidebar-layout":"default","site-content-layout":"","ast-site-content-layout":"default","site-content-style":"default","site-sidebar-style":"default","ast-global-header-display":"","ast-banner-title-visibility":"","ast-main-header-display":"","ast-hfb-above-header-display":"","ast-hfb-below-header-display":"","ast-hfb-mobile-header-display":"","site-post-title":"","ast-breadcrumbs-content":"","ast-featured-img":"","footer-sml-layout":"","ast-disable-related-posts":"","theme-transparent-header-meta":"","adv-header-id-meta":"","stick-header-meta":"","header-above-stick-meta":"","header-main-stick-meta":"","header-below-stick-meta":"","astra-migrate-meta-layouts":"default","ast-page-background-enabled":"default","ast-page-background-meta":{"desktop":{"background-color":"var(--ast-global-color-4)","background-image":"","background-repeat":"repeat","background-position":"center center","background-size":"auto","background-attachment":"scroll","background-type":"","background-media":"","overlay-type":"","overlay-color":"","overlay-opacity":"","overlay-gradient":""},"tablet":{"background-color":"","background-image":"","background-repeat":"repeat","background-position":"center center","background-size":"auto","background-attachment":"scroll","background-type":"","background-media":"","overlay-type":"","overlay-color":"","overlay-opacity":"","overlay-gradient":""},"mobile":{"background-color":"","background-image":"","background-repeat":"repeat","background-position":"center center","background-size":"auto","background-attachment":"scroll","background-type":"","background-media":"","overlay-type":"","overlay-color":"","overlay-opacity":"","overlay-gradient":""}},"ast-content-background-meta":{"desktop":{"background-color":"var(--ast-global-color-5)","background-image":"","background-repeat":"repeat","background-position":"center center","background-size":"auto","background-attachment":"scroll","background-type":"","background-media":"","overlay-type":"","overlay-color":"","overlay-opacity":"","overlay-gradient":""},"tablet":{"background-color":"var(--ast-global-color-5)","background-image":"","background-repeat":"repeat","background-position":"center center","background-size":"auto","background-attachment":"scroll","background-type":"","background-media":"","overlay-type":"","overlay-color":"","overlay-opacity":"","overlay-gradient":""},"mobile":{"background-color":"var(--ast-global-color-5)","background-image":"","background-repeat":"repeat","background-position":"center center","background-size":"auto","background-attachment":"scroll","background-type":"","background-media":"","overlay-type":"","overlay-color":"","overlay-opacity":"","overlay-gradient":""}},"footnotes":""},"categories":[22],"tags":[],"class_list":["post-31063","post","type-post","status-publish","format-standard","has-post-thumbnail","hentry","category-neuigkeit"],"acf":[],"yoast_head":"<!-- This site is optimized with the Yoast SEO plugin v27.5 - https:\/\/yoast.com\/product\/yoast-seo-wordpress\/ -->\n<title>Une micro-ferme et de grandes ambitions \u00e0 Charmoille - RFJ du 1er juin 2023 - Permakultur-Landwirtschaft<\/title>\n<meta name=\"robots\" content=\"index, follow, max-snippet:-1, max-image-preview:large, max-video-preview:-1\" \/>\n<link rel=\"canonical\" href=\"https:\/\/permakultur-landwirtschaft.org\/fr\/une-micro-ferme-et-de-grandes-ambitions-a-charmoille-rfj-du-1er-juin-2023\/\" \/>\n<meta property=\"og:locale\" content=\"fr_FR\" \/>\n<meta property=\"og:type\" content=\"article\" \/>\n<meta property=\"og:title\" content=\"Une micro-ferme et de grandes ambitions \u00e0 Charmoille - RFJ du 1er juin 2023 - Permakultur-Landwirtschaft\" \/>\n<meta property=\"og:description\" content=\"Texte de rfj.ch: C\u2019est dans un projet hors du commun que se sont lanc\u00e9 quatre amoureux de la nature : d\u00e9velopper une micro-ferme en permaculture \u00e0 Charmoille. Depuis un an, Claudine Miserez, St\u00e9phane Caravellas, Agathe Saeckinger et Anthony Defago exploitent un demi-hectare en mara\u00eechage \u00e0 Charmoille. Apr\u00e8s des ann\u00e9es de recherche, les quatre amis ont [&hellip;]\" \/>\n<meta property=\"og:url\" content=\"https:\/\/permakultur-landwirtschaft.org\/fr\/une-micro-ferme-et-de-grandes-ambitions-a-charmoille-rfj-du-1er-juin-2023\/\" \/>\n<meta property=\"og:site_name\" content=\"Permakultur-Landwirtschaft\" \/>\n<meta property=\"article:publisher\" content=\"https:\/\/www.facebook.com\/PermakulturLandwirtschaft\" \/>\n<meta property=\"article:published_time\" content=\"2023-06-01T07:00:00+00:00\" \/>\n<meta property=\"article:modified_time\" content=\"2023-06-09T07:09:55+00:00\" \/>\n<meta property=\"og:image\" content=\"https:\/\/permakultur-landwirtschaft.org\/wp-content\/uploads\/2023\/06\/rfj_charmoille_2789882.jpg\" \/>\n\t<meta property=\"og:image:width\" content=\"700\" \/>\n\t<meta property=\"og:image:height\" content=\"525\" \/>\n\t<meta property=\"og:image:type\" content=\"image\/jpeg\" \/>\n<meta name=\"author\" content=\"adrian reutimann\" \/>\n<meta name=\"twitter:card\" content=\"summary_large_image\" \/>\n<meta name=\"twitter:label1\" content=\"\u00c9crit par\" \/>\n\t<meta name=\"twitter:data1\" content=\"adrian reutimann\" \/>\n\t<meta name=\"twitter:label2\" content=\"Dur\u00e9e de lecture estim\u00e9e\" \/>\n\t<meta name=\"twitter:data2\" content=\"2 minutes\" \/>\n<script type=\"application\/ld+json\" class=\"yoast-schema-graph\">{\"@context\":\"https:\\\/\\\/schema.org\",\"@graph\":[{\"@type\":\"Article\",\"@id\":\"https:\\\/\\\/permakultur-landwirtschaft.org\\\/une-micro-ferme-et-de-grandes-ambitions-a-charmoille-rfj-du-1er-juin-2023\\\/#article\",\"isPartOf\":{\"@id\":\"https:\\\/\\\/permakultur-landwirtschaft.org\\\/une-micro-ferme-et-de-grandes-ambitions-a-charmoille-rfj-du-1er-juin-2023\\\/\"},\"author\":{\"name\":\"adrian reutimann\",\"@id\":\"https:\\\/\\\/permakultur-landwirtschaft.org\\\/#\\\/schema\\\/person\\\/6b0467872f75aed3e144093f9bf4f0b0\"},\"headline\":\"Une micro-ferme et de grandes ambitions \u00e0 Charmoille &#8211; RFJ du 1er juin 2023\",\"datePublished\":\"2023-06-01T07:00:00+00:00\",\"dateModified\":\"2023-06-09T07:09:55+00:00\",\"mainEntityOfPage\":{\"@id\":\"https:\\\/\\\/permakultur-landwirtschaft.org\\\/une-micro-ferme-et-de-grandes-ambitions-a-charmoille-rfj-du-1er-juin-2023\\\/\"},\"wordCount\":226,\"publisher\":{\"@id\":\"https:\\\/\\\/permakultur-landwirtschaft.org\\\/#organization\"},\"image\":{\"@id\":\"https:\\\/\\\/permakultur-landwirtschaft.org\\\/une-micro-ferme-et-de-grandes-ambitions-a-charmoille-rfj-du-1er-juin-2023\\\/#primaryimage\"},\"thumbnailUrl\":\"https:\\\/\\\/permakultur-landwirtschaft.org\\\/wp-content\\\/uploads\\\/2023\\\/06\\\/rfj_charmoille_2789882.jpg\",\"articleSection\":[\"Neuigkeit\"],\"inLanguage\":\"fr-FR\"},{\"@type\":\"WebPage\",\"@id\":\"https:\\\/\\\/permakultur-landwirtschaft.org\\\/une-micro-ferme-et-de-grandes-ambitions-a-charmoille-rfj-du-1er-juin-2023\\\/\",\"url\":\"https:\\\/\\\/permakultur-landwirtschaft.org\\\/une-micro-ferme-et-de-grandes-ambitions-a-charmoille-rfj-du-1er-juin-2023\\\/\",\"name\":\"Une micro-ferme et de grandes ambitions \u00e0 Charmoille - RFJ du 1er juin 2023 - Permakultur-Landwirtschaft\",\"isPartOf\":{\"@id\":\"https:\\\/\\\/permakultur-landwirtschaft.org\\\/#website\"},\"primaryImageOfPage\":{\"@id\":\"https:\\\/\\\/permakultur-landwirtschaft.org\\\/une-micro-ferme-et-de-grandes-ambitions-a-charmoille-rfj-du-1er-juin-2023\\\/#primaryimage\"},\"image\":{\"@id\":\"https:\\\/\\\/permakultur-landwirtschaft.org\\\/une-micro-ferme-et-de-grandes-ambitions-a-charmoille-rfj-du-1er-juin-2023\\\/#primaryimage\"},\"thumbnailUrl\":\"https:\\\/\\\/permakultur-landwirtschaft.org\\\/wp-content\\\/uploads\\\/2023\\\/06\\\/rfj_charmoille_2789882.jpg\",\"datePublished\":\"2023-06-01T07:00:00+00:00\",\"dateModified\":\"2023-06-09T07:09:55+00:00\",\"breadcrumb\":{\"@id\":\"https:\\\/\\\/permakultur-landwirtschaft.org\\\/une-micro-ferme-et-de-grandes-ambitions-a-charmoille-rfj-du-1er-juin-2023\\\/#breadcrumb\"},\"inLanguage\":\"fr-FR\",\"potentialAction\":[{\"@type\":\"ReadAction\",\"target\":[\"https:\\\/\\\/permakultur-landwirtschaft.org\\\/une-micro-ferme-et-de-grandes-ambitions-a-charmoille-rfj-du-1er-juin-2023\\\/\"]}]},{\"@type\":\"ImageObject\",\"inLanguage\":\"fr-FR\",\"@id\":\"https:\\\/\\\/permakultur-landwirtschaft.org\\\/une-micro-ferme-et-de-grandes-ambitions-a-charmoille-rfj-du-1er-juin-2023\\\/#primaryimage\",\"url\":\"https:\\\/\\\/permakultur-landwirtschaft.org\\\/wp-content\\\/uploads\\\/2023\\\/06\\\/rfj_charmoille_2789882.jpg\",\"contentUrl\":\"https:\\\/\\\/permakultur-landwirtschaft.org\\\/wp-content\\\/uploads\\\/2023\\\/06\\\/rfj_charmoille_2789882.jpg\",\"width\":700,\"height\":525,\"caption\":\"Image: rfj.ch\"},{\"@type\":\"BreadcrumbList\",\"@id\":\"https:\\\/\\\/permakultur-landwirtschaft.org\\\/une-micro-ferme-et-de-grandes-ambitions-a-charmoille-rfj-du-1er-juin-2023\\\/#breadcrumb\",\"itemListElement\":[{\"@type\":\"ListItem\",\"position\":1,\"name\":\"Startseite\",\"item\":\"https:\\\/\\\/permakultur-landwirtschaft.org\\\/\"},{\"@type\":\"ListItem\",\"position\":2,\"name\":\"Une micro-ferme et de grandes ambitions \u00e0 Charmoille &#8211; RFJ du 1er juin 2023\"}]},{\"@type\":\"WebSite\",\"@id\":\"https:\\\/\\\/permakultur-landwirtschaft.org\\\/#website\",\"url\":\"https:\\\/\\\/permakultur-landwirtschaft.org\\\/\",\"name\":\"Permakultur-Landwirtschaft\",\"description\":\"F\u00f6rderung der Permakultur in der Landwirtschaft\",\"publisher\":{\"@id\":\"https:\\\/\\\/permakultur-landwirtschaft.org\\\/#organization\"},\"potentialAction\":[{\"@type\":\"SearchAction\",\"target\":{\"@type\":\"EntryPoint\",\"urlTemplate\":\"https:\\\/\\\/permakultur-landwirtschaft.org\\\/?s={search_term_string}\"},\"query-input\":{\"@type\":\"PropertyValueSpecification\",\"valueRequired\":true,\"valueName\":\"search_term_string\"}}],\"inLanguage\":\"fr-FR\"},{\"@type\":\"Organization\",\"@id\":\"https:\\\/\\\/permakultur-landwirtschaft.org\\\/#organization\",\"name\":\"Permakultur-Landwirtschaft\",\"alternateName\":\"Verein Permakultur-Landwirtschaft\",\"url\":\"https:\\\/\\\/permakultur-landwirtschaft.org\\\/\",\"logo\":{\"@type\":\"ImageObject\",\"inLanguage\":\"fr-FR\",\"@id\":\"https:\\\/\\\/permakultur-landwirtschaft.org\\\/#\\\/schema\\\/logo\\\/image\\\/\",\"url\":\"https:\\\/\\\/permakultur-landwirtschaft.org\\\/wp-content\\\/uploads\\\/2021\\\/11\\\/pela_1268x1269.png\",\"contentUrl\":\"https:\\\/\\\/permakultur-landwirtschaft.org\\\/wp-content\\\/uploads\\\/2021\\\/11\\\/pela_1268x1269.png\",\"width\":1298,\"height\":1269,\"caption\":\"Permakultur-Landwirtschaft\"},\"image\":{\"@id\":\"https:\\\/\\\/permakultur-landwirtschaft.org\\\/#\\\/schema\\\/logo\\\/image\\\/\"},\"sameAs\":[\"https:\\\/\\\/www.facebook.com\\\/PermakulturLandwirtschaft\",\"https:\\\/\\\/www.instagram.com\\\/permakultur_landwirtschaft\\\/\",\"https:\\\/\\\/www.flickr.com\\\/photos\\\/permakultur-landwirtschaft\",\"https:\\\/\\\/www.youtube.com\\\/@PermakulturLandwirtschaft\"]},{\"@type\":\"Person\",\"@id\":\"https:\\\/\\\/permakultur-landwirtschaft.org\\\/#\\\/schema\\\/person\\\/6b0467872f75aed3e144093f9bf4f0b0\",\"name\":\"adrian reutimann\",\"url\":\"https:\\\/\\\/permakultur-landwirtschaft.org\\\/fr\\\/author\\\/reutiadr\\\/\"}]}<\/script>\n<!-- \/ Yoast SEO plugin. -->","yoast_head_json":{"title":"Une micro-ferme et de grandes ambitions \u00e0 Charmoille - RFJ du 1er juin 2023 - Permakultur-Landwirtschaft","robots":{"index":"index","follow":"follow","max-snippet":"max-snippet:-1","max-image-preview":"max-image-preview:large","max-video-preview":"max-video-preview:-1"},"canonical":"https:\/\/permakultur-landwirtschaft.org\/fr\/une-micro-ferme-et-de-grandes-ambitions-a-charmoille-rfj-du-1er-juin-2023\/","og_locale":"fr_FR","og_type":"article","og_title":"Une micro-ferme et de grandes ambitions \u00e0 Charmoille - RFJ du 1er juin 2023 - Permakultur-Landwirtschaft","og_description":"Texte de rfj.ch: C\u2019est dans un projet hors du commun que se sont lanc\u00e9 quatre amoureux de la nature : d\u00e9velopper une micro-ferme en permaculture \u00e0 Charmoille. Depuis un an, Claudine Miserez, St\u00e9phane Caravellas, Agathe Saeckinger et Anthony Defago exploitent un demi-hectare en mara\u00eechage \u00e0 Charmoille. Apr\u00e8s des ann\u00e9es de recherche, les quatre amis ont [&hellip;]","og_url":"https:\/\/permakultur-landwirtschaft.org\/fr\/une-micro-ferme-et-de-grandes-ambitions-a-charmoille-rfj-du-1er-juin-2023\/","og_site_name":"Permakultur-Landwirtschaft","article_publisher":"https:\/\/www.facebook.com\/PermakulturLandwirtschaft","article_published_time":"2023-06-01T07:00:00+00:00","article_modified_time":"2023-06-09T07:09:55+00:00","og_image":[{"width":700,"height":525,"url":"https:\/\/permakultur-landwirtschaft.org\/wp-content\/uploads\/2023\/06\/rfj_charmoille_2789882.jpg","type":"image\/jpeg"}],"author":"adrian reutimann","twitter_card":"summary_large_image","twitter_misc":{"\u00c9crit par":"adrian reutimann","Dur\u00e9e de lecture estim\u00e9e":"2 minutes"},"schema":{"@context":"https:\/\/schema.org","@graph":[{"@type":"Article","@id":"https:\/\/permakultur-landwirtschaft.org\/une-micro-ferme-et-de-grandes-ambitions-a-charmoille-rfj-du-1er-juin-2023\/#article","isPartOf":{"@id":"https:\/\/permakultur-landwirtschaft.org\/une-micro-ferme-et-de-grandes-ambitions-a-charmoille-rfj-du-1er-juin-2023\/"},"author":{"name":"adrian reutimann","@id":"https:\/\/permakultur-landwirtschaft.org\/#\/schema\/person\/6b0467872f75aed3e144093f9bf4f0b0"},"headline":"Une micro-ferme et de grandes ambitions \u00e0 Charmoille &#8211; RFJ du 1er juin 2023","datePublished":"2023-06-01T07:00:00+00:00","dateModified":"2023-06-09T07:09:55+00:00","mainEntityOfPage":{"@id":"https:\/\/permakultur-landwirtschaft.org\/une-micro-ferme-et-de-grandes-ambitions-a-charmoille-rfj-du-1er-juin-2023\/"},"wordCount":226,"publisher":{"@id":"https:\/\/permakultur-landwirtschaft.org\/#organization"},"image":{"@id":"https:\/\/permakultur-landwirtschaft.org\/une-micro-ferme-et-de-grandes-ambitions-a-charmoille-rfj-du-1er-juin-2023\/#primaryimage"},"thumbnailUrl":"https:\/\/permakultur-landwirtschaft.org\/wp-content\/uploads\/2023\/06\/rfj_charmoille_2789882.jpg","articleSection":["Neuigkeit"],"inLanguage":"fr-FR"},{"@type":"WebPage","@id":"https:\/\/permakultur-landwirtschaft.org\/une-micro-ferme-et-de-grandes-ambitions-a-charmoille-rfj-du-1er-juin-2023\/","url":"https:\/\/permakultur-landwirtschaft.org\/une-micro-ferme-et-de-grandes-ambitions-a-charmoille-rfj-du-1er-juin-2023\/","name":"Une micro-ferme et de grandes ambitions \u00e0 Charmoille - RFJ du 1er juin 2023 - Permakultur-Landwirtschaft","isPartOf":{"@id":"https:\/\/permakultur-landwirtschaft.org\/#website"},"primaryImageOfPage":{"@id":"https:\/\/permakultur-landwirtschaft.org\/une-micro-ferme-et-de-grandes-ambitions-a-charmoille-rfj-du-1er-juin-2023\/#primaryimage"},"image":{"@id":"https:\/\/permakultur-landwirtschaft.org\/une-micro-ferme-et-de-grandes-ambitions-a-charmoille-rfj-du-1er-juin-2023\/#primaryimage"},"thumbnailUrl":"https:\/\/permakultur-landwirtschaft.org\/wp-content\/uploads\/2023\/06\/rfj_charmoille_2789882.jpg","datePublished":"2023-06-01T07:00:00+00:00","dateModified":"2023-06-09T07:09:55+00:00","breadcrumb":{"@id":"https:\/\/permakultur-landwirtschaft.org\/une-micro-ferme-et-de-grandes-ambitions-a-charmoille-rfj-du-1er-juin-2023\/#breadcrumb"},"inLanguage":"fr-FR","potentialAction":[{"@type":"ReadAction","target":["https:\/\/permakultur-landwirtschaft.org\/une-micro-ferme-et-de-grandes-ambitions-a-charmoille-rfj-du-1er-juin-2023\/"]}]},{"@type":"ImageObject","inLanguage":"fr-FR","@id":"https:\/\/permakultur-landwirtschaft.org\/une-micro-ferme-et-de-grandes-ambitions-a-charmoille-rfj-du-1er-juin-2023\/#primaryimage","url":"https:\/\/permakultur-landwirtschaft.org\/wp-content\/uploads\/2023\/06\/rfj_charmoille_2789882.jpg","contentUrl":"https:\/\/permakultur-landwirtschaft.org\/wp-content\/uploads\/2023\/06\/rfj_charmoille_2789882.jpg","width":700,"height":525,"caption":"Image: rfj.ch"},{"@type":"BreadcrumbList","@id":"https:\/\/permakultur-landwirtschaft.org\/une-micro-ferme-et-de-grandes-ambitions-a-charmoille-rfj-du-1er-juin-2023\/#breadcrumb","itemListElement":[{"@type":"ListItem","position":1,"name":"Startseite","item":"https:\/\/permakultur-landwirtschaft.org\/"},{"@type":"ListItem","position":2,"name":"Une micro-ferme et de grandes ambitions \u00e0 Charmoille &#8211; RFJ du 1er juin 2023"}]},{"@type":"WebSite","@id":"https:\/\/permakultur-landwirtschaft.org\/#website","url":"https:\/\/permakultur-landwirtschaft.org\/","name":"Permakultur-Landwirtschaft","description":"F\u00f6rderung der Permakultur in der Landwirtschaft","publisher":{"@id":"https:\/\/permakultur-landwirtschaft.org\/#organization"},"potentialAction":[{"@type":"SearchAction","target":{"@type":"EntryPoint","urlTemplate":"https:\/\/permakultur-landwirtschaft.org\/?s={search_term_string}"},"query-input":{"@type":"PropertyValueSpecification","valueRequired":true,"valueName":"search_term_string"}}],"inLanguage":"fr-FR"},{"@type":"Organization","@id":"https:\/\/permakultur-landwirtschaft.org\/#organization","name":"Permakultur-Landwirtschaft","alternateName":"Verein Permakultur-Landwirtschaft","url":"https:\/\/permakultur-landwirtschaft.org\/","logo":{"@type":"ImageObject","inLanguage":"fr-FR","@id":"https:\/\/permakultur-landwirtschaft.org\/#\/schema\/logo\/image\/","url":"https:\/\/permakultur-landwirtschaft.org\/wp-content\/uploads\/2021\/11\/pela_1268x1269.png","contentUrl":"https:\/\/permakultur-landwirtschaft.org\/wp-content\/uploads\/2021\/11\/pela_1268x1269.png","width":1298,"height":1269,"caption":"Permakultur-Landwirtschaft"},"image":{"@id":"https:\/\/permakultur-landwirtschaft.org\/#\/schema\/logo\/image\/"},"sameAs":["https:\/\/www.facebook.com\/PermakulturLandwirtschaft","https:\/\/www.instagram.com\/permakultur_landwirtschaft\/","https:\/\/www.flickr.com\/photos\/permakultur-landwirtschaft","https:\/\/www.youtube.com\/@PermakulturLandwirtschaft"]},{"@type":"Person","@id":"https:\/\/permakultur-landwirtschaft.org\/#\/schema\/person\/6b0467872f75aed3e144093f9bf4f0b0","name":"adrian reutimann","url":"https:\/\/permakultur-landwirtschaft.org\/fr\/author\/reutiadr\/"}]}},"_links":{"self":[{"href":"https:\/\/permakultur-landwirtschaft.org\/fr\/wp-json\/wp\/v2\/posts\/31063","targetHints":{"allow":["GET"]}}],"collection":[{"href":"https:\/\/permakultur-landwirtschaft.org\/fr\/wp-json\/wp\/v2\/posts"}],"about":[{"href":"https:\/\/permakultur-landwirtschaft.org\/fr\/wp-json\/wp\/v2\/types\/post"}],"author":[{"embeddable":true,"href":"https:\/\/permakultur-landwirtschaft.org\/fr\/wp-json\/wp\/v2\/users\/2"}],"replies":[{"embeddable":true,"href":"https:\/\/permakultur-landwirtschaft.org\/fr\/wp-json\/wp\/v2\/comments?post=31063"}],"version-history":[{"count":1,"href":"https:\/\/permakultur-landwirtschaft.org\/fr\/wp-json\/wp\/v2\/posts\/31063\/revisions"}],"predecessor-version":[{"id":31065,"href":"https:\/\/permakultur-landwirtschaft.org\/fr\/wp-json\/wp\/v2\/posts\/31063\/revisions\/31065"}],"wp:featuredmedia":[{"embeddable":true,"href":"https:\/\/permakultur-landwirtschaft.org\/fr\/wp-json\/wp\/v2\/media\/31064"}],"wp:attachment":[{"href":"https:\/\/permakultur-landwirtschaft.org\/fr\/wp-json\/wp\/v2\/media?parent=31063"}],"wp:term":[{"taxonomy":"category","embeddable":true,"href":"https:\/\/permakultur-landwirtschaft.org\/fr\/wp-json\/wp\/v2\/categories?post=31063"},{"taxonomy":"post_tag","embeddable":true,"href":"https:\/\/permakultur-landwirtschaft.org\/fr\/wp-json\/wp\/v2\/tags?post=31063"}],"curies":[{"name":"wp","href":"https:\/\/api.w.org\/{rel}","templated":true}]}}