{"id":30982,"date":"2023-05-31T13:41:00","date_gmt":"2023-05-31T11:41:00","guid":{"rendered":"https:\/\/permakultur-landwirtschaft.org\/?p=30982"},"modified":"2023-06-06T13:50:17","modified_gmt":"2023-06-06T11:50:17","slug":"innovatives-konzept-und-neue-paechter-fuer-landwirtschaftsbetrieb-elfenau-in-bern-gesucht","status":"publish","type":"post","link":"https:\/\/permakultur-landwirtschaft.org\/fr\/innovatives-konzept-und-neue-paechter-fuer-landwirtschaftsbetrieb-elfenau-in-bern-gesucht\/","title":{"rendered":"Innovatives Konzept und neue P\u00e4chter f\u00fcr Landwirtschaftsbetrieb Elfenau in Bern gesucht"},"content":{"rendered":"<p>Text von bern.ch:<\/p>\n\n\n\n<p>F\u00fcr den Landwirtschaftsbetrieb Elfenau im Portfolio des Fonds f\u00fcr Boden- und Wohnbaupolitik wird eine neue P\u00e4chterschaft gesucht. Der Betrieb mit \u00fcber 24 Hektaren landwirtschaftlicher Nutzfl\u00e4che in der Parkanlage Elfenau wird \u00f6ffentlich ausgeschrieben. Gesucht wird eine P\u00e4chterschaft mit innovativem Konzept, die den Betrieb \u00f6kologisch und unter Ber\u00fccksichtigung der Interessen der Stadt und des Quartiers f\u00fchrt.<\/p>\n\n\n\n<p><a href=\"https:\/\/www.bern.ch\/mediencenter\/medienmitteilungen\/aktuell_ptk\/neue-paechterschaft-fuer-landwirtschaftsbetrieb-elfenau-gesucht\" target=\"_blank\" rel=\"noreferrer noopener\">Link zur Medienmitteilung der Stadt Bern<\/a><\/p>\n\n\n\n<p><a href=\"https:\/\/www.schweizerbauer.ch\/regionen\/bern\/24-ha-hof-stadt-bern-sucht-paechter\/\" target=\"_blank\" rel=\"noreferrer noopener\">Link zum Beitrag im Schweizer Bauer: &#171;24-ha-Hof: Stadt Bern sucht P\u00e4chter&#187;<\/a><\/p>\n\n\n\n<p><a href=\"https:\/\/www.derbund.ch\/stadt-bern-sucht-neue-paechter-fuer-landwirtschaftsbetrieb-elfenau-538980597454\" target=\"_blank\" rel=\"noreferrer noopener\">Link zum Beitrag im Bund: &#171;Stadt Bern sucht neue P\u00e4chter f\u00fcr Landwirtschaftsbetrieb Elfenau&#187;<\/a><\/p>","protected":false},"excerpt":{"rendered":"<p>Text von bern.ch: F\u00fcr den Landwirtschaftsbetrieb Elfenau im Portfolio des Fonds f\u00fcr Boden- und Wohnbaupolitik wird eine neue P\u00e4chterschaft gesucht. Der Betrieb mit \u00fcber 24 Hektaren landwirtschaftlicher Nutzfl\u00e4che in der Parkanlage Elfenau wird \u00f6ffentlich ausgeschrieben. Gesucht wird eine P\u00e4chterschaft mit innovativem Konzept, die den Betrieb \u00f6kologisch und unter Ber\u00fccksichtigung der Interessen der Stadt und des [&hellip;]<\/p>\n","protected":false},"author":2,"featured_media":30984,"comment_status":"closed","ping_status":"closed","sticky":false,"template":"","format":"standard","meta":{"_acf_changed":false,"site-sidebar-layout":"default","site-content-layout":"","ast-site-content-layout":"default","site-content-style":"default","site-sidebar-style":"default","ast-global-header-display":"","ast-banner-title-visibility":"","ast-main-header-display":"","ast-hfb-above-header-display":"","ast-hfb-below-header-display":"","ast-hfb-mobile-header-display":"","site-post-title":"","ast-breadcrumbs-content":"","ast-featured-img":"","footer-sml-layout":"","ast-disable-related-posts":"","theme-transparent-header-meta":"","adv-header-id-meta":"","stick-header-meta":"","header-above-stick-meta":"","header-main-stick-meta":"","header-below-stick-meta":"","astra-migrate-meta-layouts":"default","ast-page-background-enabled":"default","ast-page-background-meta":{"desktop":{"background-color":"var(--ast-global-color-4)","background-image":"","background-repeat":"repeat","background-position":"center center","background-size":"auto","background-attachment":"scroll","background-type":"","background-media":"","overlay-type":"","overlay-color":"","overlay-opacity":"","overlay-gradient":""},"tablet":{"background-color":"","background-image":"","background-repeat":"repeat","background-position":"center center","background-size":"auto","background-attachment":"scroll","background-type":"","background-media":"","overlay-type":"","overlay-color":"","overlay-opacity":"","overlay-gradient":""},"mobile":{"background-color":"","background-image":"","background-repeat":"repeat","background-position":"center center","background-size":"auto","background-attachment":"scroll","background-type":"","background-media":"","overlay-type":"","overlay-color":"","overlay-opacity":"","overlay-gradient":""}},"ast-content-background-meta":{"desktop":{"background-color":"var(--ast-global-color-5)","background-image":"","background-repeat":"repeat","background-position":"center center","background-size":"auto","background-attachment":"scroll","background-type":"","background-media":"","overlay-type":"","overlay-color":"","overlay-opacity":"","overlay-gradient":""},"tablet":{"background-color":"var(--ast-global-color-5)","background-image":"","background-repeat":"repeat","background-position":"center center","background-size":"auto","background-attachment":"scroll","background-type":"","background-media":"","overlay-type":"","overlay-color":"","overlay-opacity":"","overlay-gradient":""},"mobile":{"background-color":"var(--ast-global-color-5)","background-image":"","background-repeat":"repeat","background-position":"center center","background-size":"auto","background-attachment":"scroll","background-type":"","background-media":"","overlay-type":"","overlay-color":"","overlay-opacity":"","overlay-gradient":""}},"footnotes":""},"categories":[22],"tags":[],"class_list":["post-30982","post","type-post","status-publish","format-standard","has-post-thumbnail","hentry","category-neuigkeit"],"acf":[],"yoast_head":"<!-- This site is optimized with the Yoast SEO plugin v27.5 - https:\/\/yoast.com\/product\/yoast-seo-wordpress\/ -->\n<title>Innovatives Konzept und neue P\u00e4chter f\u00fcr Landwirtschaftsbetrieb Elfenau in Bern gesucht - Permakultur-Landwirtschaft<\/title>\n<meta name=\"robots\" content=\"index, follow, max-snippet:-1, max-image-preview:large, max-video-preview:-1\" \/>\n<link rel=\"canonical\" href=\"https:\/\/permakultur-landwirtschaft.org\/fr\/innovatives-konzept-und-neue-paechter-fuer-landwirtschaftsbetrieb-elfenau-in-bern-gesucht\/\" \/>\n<meta property=\"og:locale\" content=\"fr_FR\" \/>\n<meta property=\"og:type\" content=\"article\" \/>\n<meta property=\"og:title\" content=\"Innovatives Konzept und neue P\u00e4chter f\u00fcr Landwirtschaftsbetrieb Elfenau in Bern gesucht - Permakultur-Landwirtschaft\" \/>\n<meta property=\"og:description\" content=\"Text von bern.ch: F\u00fcr den Landwirtschaftsbetrieb Elfenau im Portfolio des Fonds f\u00fcr Boden- und Wohnbaupolitik wird eine neue P\u00e4chterschaft gesucht. Der Betrieb mit \u00fcber 24 Hektaren landwirtschaftlicher Nutzfl\u00e4che in der Parkanlage Elfenau wird \u00f6ffentlich ausgeschrieben. Gesucht wird eine P\u00e4chterschaft mit innovativem Konzept, die den Betrieb \u00f6kologisch und unter Ber\u00fccksichtigung der Interessen der Stadt und des [&hellip;]\" \/>\n<meta property=\"og:url\" content=\"https:\/\/permakultur-landwirtschaft.org\/fr\/innovatives-konzept-und-neue-paechter-fuer-landwirtschaftsbetrieb-elfenau-in-bern-gesucht\/\" \/>\n<meta property=\"og:site_name\" content=\"Permakultur-Landwirtschaft\" \/>\n<meta property=\"article:publisher\" content=\"https:\/\/www.facebook.com\/PermakulturLandwirtschaft\" \/>\n<meta property=\"article:published_time\" content=\"2023-05-31T11:41:00+00:00\" \/>\n<meta property=\"article:modified_time\" content=\"2023-06-06T11:50:17+00:00\" \/>\n<meta property=\"og:image\" content=\"https:\/\/permakultur-landwirtschaft.org\/wp-content\/uploads\/2023\/06\/2023_bern_elfenauhof.jpg\" \/>\n\t<meta property=\"og:image:width\" content=\"700\" \/>\n\t<meta property=\"og:image:height\" content=\"466\" \/>\n\t<meta property=\"og:image:type\" content=\"image\/jpeg\" \/>\n<meta name=\"author\" content=\"adrian reutimann\" \/>\n<meta name=\"twitter:card\" content=\"summary_large_image\" \/>\n<meta name=\"twitter:label1\" content=\"\u00c9crit par\" \/>\n\t<meta name=\"twitter:data1\" content=\"adrian reutimann\" \/>\n\t<meta name=\"twitter:label2\" content=\"Dur\u00e9e de lecture estim\u00e9e\" \/>\n\t<meta name=\"twitter:data2\" content=\"1 minute\" \/>\n<script type=\"application\/ld+json\" class=\"yoast-schema-graph\">{\"@context\":\"https:\\\/\\\/schema.org\",\"@graph\":[{\"@type\":\"Article\",\"@id\":\"https:\\\/\\\/permakultur-landwirtschaft.org\\\/innovatives-konzept-und-neue-paechter-fuer-landwirtschaftsbetrieb-elfenau-in-bern-gesucht\\\/#article\",\"isPartOf\":{\"@id\":\"https:\\\/\\\/permakultur-landwirtschaft.org\\\/innovatives-konzept-und-neue-paechter-fuer-landwirtschaftsbetrieb-elfenau-in-bern-gesucht\\\/\"},\"author\":{\"name\":\"adrian reutimann\",\"@id\":\"https:\\\/\\\/permakultur-landwirtschaft.org\\\/#\\\/schema\\\/person\\\/6b0467872f75aed3e144093f9bf4f0b0\"},\"headline\":\"Innovatives Konzept und neue P\u00e4chter f\u00fcr Landwirtschaftsbetrieb Elfenau in Bern gesucht\",\"datePublished\":\"2023-05-31T11:41:00+00:00\",\"dateModified\":\"2023-06-06T11:50:17+00:00\",\"mainEntityOfPage\":{\"@id\":\"https:\\\/\\\/permakultur-landwirtschaft.org\\\/innovatives-konzept-und-neue-paechter-fuer-landwirtschaftsbetrieb-elfenau-in-bern-gesucht\\\/\"},\"wordCount\":110,\"publisher\":{\"@id\":\"https:\\\/\\\/permakultur-landwirtschaft.org\\\/#organization\"},\"image\":{\"@id\":\"https:\\\/\\\/permakultur-landwirtschaft.org\\\/innovatives-konzept-und-neue-paechter-fuer-landwirtschaftsbetrieb-elfenau-in-bern-gesucht\\\/#primaryimage\"},\"thumbnailUrl\":\"https:\\\/\\\/permakultur-landwirtschaft.org\\\/wp-content\\\/uploads\\\/2023\\\/06\\\/2023_bern_elfenauhof.jpg\",\"articleSection\":[\"Neuigkeit\"],\"inLanguage\":\"fr-FR\"},{\"@type\":\"WebPage\",\"@id\":\"https:\\\/\\\/permakultur-landwirtschaft.org\\\/innovatives-konzept-und-neue-paechter-fuer-landwirtschaftsbetrieb-elfenau-in-bern-gesucht\\\/\",\"url\":\"https:\\\/\\\/permakultur-landwirtschaft.org\\\/innovatives-konzept-und-neue-paechter-fuer-landwirtschaftsbetrieb-elfenau-in-bern-gesucht\\\/\",\"name\":\"Innovatives Konzept und neue P\u00e4chter f\u00fcr Landwirtschaftsbetrieb Elfenau in Bern gesucht - Permakultur-Landwirtschaft\",\"isPartOf\":{\"@id\":\"https:\\\/\\\/permakultur-landwirtschaft.org\\\/#website\"},\"primaryImageOfPage\":{\"@id\":\"https:\\\/\\\/permakultur-landwirtschaft.org\\\/innovatives-konzept-und-neue-paechter-fuer-landwirtschaftsbetrieb-elfenau-in-bern-gesucht\\\/#primaryimage\"},\"image\":{\"@id\":\"https:\\\/\\\/permakultur-landwirtschaft.org\\\/innovatives-konzept-und-neue-paechter-fuer-landwirtschaftsbetrieb-elfenau-in-bern-gesucht\\\/#primaryimage\"},\"thumbnailUrl\":\"https:\\\/\\\/permakultur-landwirtschaft.org\\\/wp-content\\\/uploads\\\/2023\\\/06\\\/2023_bern_elfenauhof.jpg\",\"datePublished\":\"2023-05-31T11:41:00+00:00\",\"dateModified\":\"2023-06-06T11:50:17+00:00\",\"breadcrumb\":{\"@id\":\"https:\\\/\\\/permakultur-landwirtschaft.org\\\/innovatives-konzept-und-neue-paechter-fuer-landwirtschaftsbetrieb-elfenau-in-bern-gesucht\\\/#breadcrumb\"},\"inLanguage\":\"fr-FR\",\"potentialAction\":[{\"@type\":\"ReadAction\",\"target\":[\"https:\\\/\\\/permakultur-landwirtschaft.org\\\/innovatives-konzept-und-neue-paechter-fuer-landwirtschaftsbetrieb-elfenau-in-bern-gesucht\\\/\"]}]},{\"@type\":\"ImageObject\",\"inLanguage\":\"fr-FR\",\"@id\":\"https:\\\/\\\/permakultur-landwirtschaft.org\\\/innovatives-konzept-und-neue-paechter-fuer-landwirtschaftsbetrieb-elfenau-in-bern-gesucht\\\/#primaryimage\",\"url\":\"https:\\\/\\\/permakultur-landwirtschaft.org\\\/wp-content\\\/uploads\\\/2023\\\/06\\\/2023_bern_elfenauhof.jpg\",\"contentUrl\":\"https:\\\/\\\/permakultur-landwirtschaft.org\\\/wp-content\\\/uploads\\\/2023\\\/06\\\/2023_bern_elfenauhof.jpg\",\"width\":700,\"height\":466,\"caption\":\"Bild: bern.ch\"},{\"@type\":\"BreadcrumbList\",\"@id\":\"https:\\\/\\\/permakultur-landwirtschaft.org\\\/innovatives-konzept-und-neue-paechter-fuer-landwirtschaftsbetrieb-elfenau-in-bern-gesucht\\\/#breadcrumb\",\"itemListElement\":[{\"@type\":\"ListItem\",\"position\":1,\"name\":\"Startseite\",\"item\":\"https:\\\/\\\/permakultur-landwirtschaft.org\\\/\"},{\"@type\":\"ListItem\",\"position\":2,\"name\":\"Innovatives Konzept und neue P\u00e4chter f\u00fcr Landwirtschaftsbetrieb Elfenau in Bern gesucht\"}]},{\"@type\":\"WebSite\",\"@id\":\"https:\\\/\\\/permakultur-landwirtschaft.org\\\/#website\",\"url\":\"https:\\\/\\\/permakultur-landwirtschaft.org\\\/\",\"name\":\"Permakultur-Landwirtschaft\",\"description\":\"F\u00f6rderung der Permakultur in der Landwirtschaft\",\"publisher\":{\"@id\":\"https:\\\/\\\/permakultur-landwirtschaft.org\\\/#organization\"},\"potentialAction\":[{\"@type\":\"SearchAction\",\"target\":{\"@type\":\"EntryPoint\",\"urlTemplate\":\"https:\\\/\\\/permakultur-landwirtschaft.org\\\/?s={search_term_string}\"},\"query-input\":{\"@type\":\"PropertyValueSpecification\",\"valueRequired\":true,\"valueName\":\"search_term_string\"}}],\"inLanguage\":\"fr-FR\"},{\"@type\":\"Organization\",\"@id\":\"https:\\\/\\\/permakultur-landwirtschaft.org\\\/#organization\",\"name\":\"Permakultur-Landwirtschaft\",\"alternateName\":\"Verein Permakultur-Landwirtschaft\",\"url\":\"https:\\\/\\\/permakultur-landwirtschaft.org\\\/\",\"logo\":{\"@type\":\"ImageObject\",\"inLanguage\":\"fr-FR\",\"@id\":\"https:\\\/\\\/permakultur-landwirtschaft.org\\\/#\\\/schema\\\/logo\\\/image\\\/\",\"url\":\"https:\\\/\\\/permakultur-landwirtschaft.org\\\/wp-content\\\/uploads\\\/2021\\\/11\\\/pela_1268x1269.png\",\"contentUrl\":\"https:\\\/\\\/permakultur-landwirtschaft.org\\\/wp-content\\\/uploads\\\/2021\\\/11\\\/pela_1268x1269.png\",\"width\":1298,\"height\":1269,\"caption\":\"Permakultur-Landwirtschaft\"},\"image\":{\"@id\":\"https:\\\/\\\/permakultur-landwirtschaft.org\\\/#\\\/schema\\\/logo\\\/image\\\/\"},\"sameAs\":[\"https:\\\/\\\/www.facebook.com\\\/PermakulturLandwirtschaft\",\"https:\\\/\\\/www.instagram.com\\\/permakultur_landwirtschaft\\\/\",\"https:\\\/\\\/www.flickr.com\\\/photos\\\/permakultur-landwirtschaft\",\"https:\\\/\\\/www.youtube.com\\\/@PermakulturLandwirtschaft\"]},{\"@type\":\"Person\",\"@id\":\"https:\\\/\\\/permakultur-landwirtschaft.org\\\/#\\\/schema\\\/person\\\/6b0467872f75aed3e144093f9bf4f0b0\",\"name\":\"adrian reutimann\",\"url\":\"https:\\\/\\\/permakultur-landwirtschaft.org\\\/fr\\\/author\\\/reutiadr\\\/\"}]}<\/script>\n<!-- \/ Yoast SEO plugin. -->","yoast_head_json":{"title":"Innovatives Konzept und neue P\u00e4chter f\u00fcr Landwirtschaftsbetrieb Elfenau in Bern gesucht - Permakultur-Landwirtschaft","robots":{"index":"index","follow":"follow","max-snippet":"max-snippet:-1","max-image-preview":"max-image-preview:large","max-video-preview":"max-video-preview:-1"},"canonical":"https:\/\/permakultur-landwirtschaft.org\/fr\/innovatives-konzept-und-neue-paechter-fuer-landwirtschaftsbetrieb-elfenau-in-bern-gesucht\/","og_locale":"fr_FR","og_type":"article","og_title":"Innovatives Konzept und neue P\u00e4chter f\u00fcr Landwirtschaftsbetrieb Elfenau in Bern gesucht - Permakultur-Landwirtschaft","og_description":"Text von bern.ch: F\u00fcr den Landwirtschaftsbetrieb Elfenau im Portfolio des Fonds f\u00fcr Boden- und Wohnbaupolitik wird eine neue P\u00e4chterschaft gesucht. Der Betrieb mit \u00fcber 24 Hektaren landwirtschaftlicher Nutzfl\u00e4che in der Parkanlage Elfenau wird \u00f6ffentlich ausgeschrieben. Gesucht wird eine P\u00e4chterschaft mit innovativem Konzept, die den Betrieb \u00f6kologisch und unter Ber\u00fccksichtigung der Interessen der Stadt und des [&hellip;]","og_url":"https:\/\/permakultur-landwirtschaft.org\/fr\/innovatives-konzept-und-neue-paechter-fuer-landwirtschaftsbetrieb-elfenau-in-bern-gesucht\/","og_site_name":"Permakultur-Landwirtschaft","article_publisher":"https:\/\/www.facebook.com\/PermakulturLandwirtschaft","article_published_time":"2023-05-31T11:41:00+00:00","article_modified_time":"2023-06-06T11:50:17+00:00","og_image":[{"width":700,"height":466,"url":"https:\/\/permakultur-landwirtschaft.org\/wp-content\/uploads\/2023\/06\/2023_bern_elfenauhof.jpg","type":"image\/jpeg"}],"author":"adrian reutimann","twitter_card":"summary_large_image","twitter_misc":{"\u00c9crit par":"adrian reutimann","Dur\u00e9e de lecture estim\u00e9e":"1 minute"},"schema":{"@context":"https:\/\/schema.org","@graph":[{"@type":"Article","@id":"https:\/\/permakultur-landwirtschaft.org\/innovatives-konzept-und-neue-paechter-fuer-landwirtschaftsbetrieb-elfenau-in-bern-gesucht\/#article","isPartOf":{"@id":"https:\/\/permakultur-landwirtschaft.org\/innovatives-konzept-und-neue-paechter-fuer-landwirtschaftsbetrieb-elfenau-in-bern-gesucht\/"},"author":{"name":"adrian reutimann","@id":"https:\/\/permakultur-landwirtschaft.org\/#\/schema\/person\/6b0467872f75aed3e144093f9bf4f0b0"},"headline":"Innovatives Konzept und neue P\u00e4chter f\u00fcr Landwirtschaftsbetrieb Elfenau in Bern gesucht","datePublished":"2023-05-31T11:41:00+00:00","dateModified":"2023-06-06T11:50:17+00:00","mainEntityOfPage":{"@id":"https:\/\/permakultur-landwirtschaft.org\/innovatives-konzept-und-neue-paechter-fuer-landwirtschaftsbetrieb-elfenau-in-bern-gesucht\/"},"wordCount":110,"publisher":{"@id":"https:\/\/permakultur-landwirtschaft.org\/#organization"},"image":{"@id":"https:\/\/permakultur-landwirtschaft.org\/innovatives-konzept-und-neue-paechter-fuer-landwirtschaftsbetrieb-elfenau-in-bern-gesucht\/#primaryimage"},"thumbnailUrl":"https:\/\/permakultur-landwirtschaft.org\/wp-content\/uploads\/2023\/06\/2023_bern_elfenauhof.jpg","articleSection":["Neuigkeit"],"inLanguage":"fr-FR"},{"@type":"WebPage","@id":"https:\/\/permakultur-landwirtschaft.org\/innovatives-konzept-und-neue-paechter-fuer-landwirtschaftsbetrieb-elfenau-in-bern-gesucht\/","url":"https:\/\/permakultur-landwirtschaft.org\/innovatives-konzept-und-neue-paechter-fuer-landwirtschaftsbetrieb-elfenau-in-bern-gesucht\/","name":"Innovatives Konzept und neue P\u00e4chter f\u00fcr Landwirtschaftsbetrieb Elfenau in Bern gesucht - Permakultur-Landwirtschaft","isPartOf":{"@id":"https:\/\/permakultur-landwirtschaft.org\/#website"},"primaryImageOfPage":{"@id":"https:\/\/permakultur-landwirtschaft.org\/innovatives-konzept-und-neue-paechter-fuer-landwirtschaftsbetrieb-elfenau-in-bern-gesucht\/#primaryimage"},"image":{"@id":"https:\/\/permakultur-landwirtschaft.org\/innovatives-konzept-und-neue-paechter-fuer-landwirtschaftsbetrieb-elfenau-in-bern-gesucht\/#primaryimage"},"thumbnailUrl":"https:\/\/permakultur-landwirtschaft.org\/wp-content\/uploads\/2023\/06\/2023_bern_elfenauhof.jpg","datePublished":"2023-05-31T11:41:00+00:00","dateModified":"2023-06-06T11:50:17+00:00","breadcrumb":{"@id":"https:\/\/permakultur-landwirtschaft.org\/innovatives-konzept-und-neue-paechter-fuer-landwirtschaftsbetrieb-elfenau-in-bern-gesucht\/#breadcrumb"},"inLanguage":"fr-FR","potentialAction":[{"@type":"ReadAction","target":["https:\/\/permakultur-landwirtschaft.org\/innovatives-konzept-und-neue-paechter-fuer-landwirtschaftsbetrieb-elfenau-in-bern-gesucht\/"]}]},{"@type":"ImageObject","inLanguage":"fr-FR","@id":"https:\/\/permakultur-landwirtschaft.org\/innovatives-konzept-und-neue-paechter-fuer-landwirtschaftsbetrieb-elfenau-in-bern-gesucht\/#primaryimage","url":"https:\/\/permakultur-landwirtschaft.org\/wp-content\/uploads\/2023\/06\/2023_bern_elfenauhof.jpg","contentUrl":"https:\/\/permakultur-landwirtschaft.org\/wp-content\/uploads\/2023\/06\/2023_bern_elfenauhof.jpg","width":700,"height":466,"caption":"Bild: bern.ch"},{"@type":"BreadcrumbList","@id":"https:\/\/permakultur-landwirtschaft.org\/innovatives-konzept-und-neue-paechter-fuer-landwirtschaftsbetrieb-elfenau-in-bern-gesucht\/#breadcrumb","itemListElement":[{"@type":"ListItem","position":1,"name":"Startseite","item":"https:\/\/permakultur-landwirtschaft.org\/"},{"@type":"ListItem","position":2,"name":"Innovatives Konzept und neue P\u00e4chter f\u00fcr Landwirtschaftsbetrieb Elfenau in Bern gesucht"}]},{"@type":"WebSite","@id":"https:\/\/permakultur-landwirtschaft.org\/#website","url":"https:\/\/permakultur-landwirtschaft.org\/","name":"Permakultur-Landwirtschaft","description":"F\u00f6rderung der Permakultur in der Landwirtschaft","publisher":{"@id":"https:\/\/permakultur-landwirtschaft.org\/#organization"},"potentialAction":[{"@type":"SearchAction","target":{"@type":"EntryPoint","urlTemplate":"https:\/\/permakultur-landwirtschaft.org\/?s={search_term_string}"},"query-input":{"@type":"PropertyValueSpecification","valueRequired":true,"valueName":"search_term_string"}}],"inLanguage":"fr-FR"},{"@type":"Organization","@id":"https:\/\/permakultur-landwirtschaft.org\/#organization","name":"Permakultur-Landwirtschaft","alternateName":"Verein Permakultur-Landwirtschaft","url":"https:\/\/permakultur-landwirtschaft.org\/","logo":{"@type":"ImageObject","inLanguage":"fr-FR","@id":"https:\/\/permakultur-landwirtschaft.org\/#\/schema\/logo\/image\/","url":"https:\/\/permakultur-landwirtschaft.org\/wp-content\/uploads\/2021\/11\/pela_1268x1269.png","contentUrl":"https:\/\/permakultur-landwirtschaft.org\/wp-content\/uploads\/2021\/11\/pela_1268x1269.png","width":1298,"height":1269,"caption":"Permakultur-Landwirtschaft"},"image":{"@id":"https:\/\/permakultur-landwirtschaft.org\/#\/schema\/logo\/image\/"},"sameAs":["https:\/\/www.facebook.com\/PermakulturLandwirtschaft","https:\/\/www.instagram.com\/permakultur_landwirtschaft\/","https:\/\/www.flickr.com\/photos\/permakultur-landwirtschaft","https:\/\/www.youtube.com\/@PermakulturLandwirtschaft"]},{"@type":"Person","@id":"https:\/\/permakultur-landwirtschaft.org\/#\/schema\/person\/6b0467872f75aed3e144093f9bf4f0b0","name":"adrian reutimann","url":"https:\/\/permakultur-landwirtschaft.org\/fr\/author\/reutiadr\/"}]}},"_links":{"self":[{"href":"https:\/\/permakultur-landwirtschaft.org\/fr\/wp-json\/wp\/v2\/posts\/30982","targetHints":{"allow":["GET"]}}],"collection":[{"href":"https:\/\/permakultur-landwirtschaft.org\/fr\/wp-json\/wp\/v2\/posts"}],"about":[{"href":"https:\/\/permakultur-landwirtschaft.org\/fr\/wp-json\/wp\/v2\/types\/post"}],"author":[{"embeddable":true,"href":"https:\/\/permakultur-landwirtschaft.org\/fr\/wp-json\/wp\/v2\/users\/2"}],"replies":[{"embeddable":true,"href":"https:\/\/permakultur-landwirtschaft.org\/fr\/wp-json\/wp\/v2\/comments?post=30982"}],"version-history":[{"count":1,"href":"https:\/\/permakultur-landwirtschaft.org\/fr\/wp-json\/wp\/v2\/posts\/30982\/revisions"}],"predecessor-version":[{"id":30985,"href":"https:\/\/permakultur-landwirtschaft.org\/fr\/wp-json\/wp\/v2\/posts\/30982\/revisions\/30985"}],"wp:featuredmedia":[{"embeddable":true,"href":"https:\/\/permakultur-landwirtschaft.org\/fr\/wp-json\/wp\/v2\/media\/30984"}],"wp:attachment":[{"href":"https:\/\/permakultur-landwirtschaft.org\/fr\/wp-json\/wp\/v2\/media?parent=30982"}],"wp:term":[{"taxonomy":"category","embeddable":true,"href":"https:\/\/permakultur-landwirtschaft.org\/fr\/wp-json\/wp\/v2\/categories?post=30982"},{"taxonomy":"post_tag","embeddable":true,"href":"https:\/\/permakultur-landwirtschaft.org\/fr\/wp-json\/wp\/v2\/tags?post=30982"}],"curies":[{"name":"wp","href":"https:\/\/api.w.org\/{rel}","templated":true}]}}