{"id":30407,"date":"2023-06-24T16:43:00","date_gmt":"2023-06-24T14:43:00","guid":{"rendered":"https:\/\/permakultur-landwirtschaft.org\/?p=30407"},"modified":"2023-06-27T14:00:33","modified_gmt":"2023-06-27T12:00:33","slug":"die-kunst-des-kompostierens-kurs-vom-24-bis-25-juni-2023","status":"publish","type":"post","link":"https:\/\/permakultur-landwirtschaft.org\/fr\/die-kunst-des-kompostierens-kurs-vom-24-bis-25-juni-2023\/","title":{"rendered":"Die Kunst des Kompostierens &#8211; Kurs vom 24. bis 25. Juni 2023"},"content":{"rendered":"<p>Text von down-to-earth.ch:<\/p>\n\n\n\n<p>GESUNDER BODEN \u2013 GESUNDE PFLANZEN \u2013 GESUNDE MENSCHEN \u2013 KRANKER BODEN \u2013 KRANKE PFLANZEN \u2013 KRANKE MENSCHEN<\/p>\n\n\n\n<p>Erlerne in diesen umfangreichen Workshoptagen wie man den Boden heilt. Baue Boden auf, sammle und speichere Kohlenstoff, bereite Kompost, koche Komposttee und stelle Biokohle her. Entdecke die L\u00f6sungen f\u00fcr den Klimawandel sowie Strategien und dessen Werkzeuge, die du daf\u00fcr einsetzen kannst.<\/p>\n\n\n\n<p>Der Lernweg einer tiefen Naturverbindung wird w\u00e4hrend des Kurses beschritten, um den Menschen im \u00f6kologischen Netzwerk der Erde wieder einzubinden. Dabei ist auch die Gemeinschaftsbildung ein wichtiger Bestandteil dieses \u00f6kologischen Geflechts, die w\u00e4hrend des Kurses eine bereichernde Erfahrung f\u00fcr die TeilnehmerInnen sein wird.<\/p>\n\n\n\n<p>Marcus Pan, international t\u00e4tiger Permakultur Designer &amp; Lehrer vermittelt in diesem Kurs nicht nur seine langj\u00e4hrigen Erfahrungen in der Planung sowie im Aufbau von Permakultur Systemen. Ebenso teilt er sein Wissen \u00fcber tiefe Naturverbindungen und die Wiederherstellung dieser Verbindung, des Weiteren seine Erkenntnisse \u00fcber die Zusammenh\u00e4nge in der Natur sowie seine Erfahrungen in der Kompostierung<\/p>\n\n\n\n<h3 class=\"wp-block-heading\">Date \/ Datum<\/h3>\n\n\n\n<p>24. bis 25. Juni 2023<\/p>\n\n\n\n<h3 class=\"wp-block-heading\">Adresse<\/h3>\n\n\n\n<p>Gl\u00fcck-Hof<br>Baldegg 5<br>5400 Baden AG<\/p>\n\n\n\n<h3 class=\"wp-block-heading\">Infos <\/h3>\n\n\n\n<p><a href=\"https:\/\/down-to-earth.ch\/course_training\/die-kunst-des-kompostierens\/\" target=\"_blank\" rel=\"noreferrer noopener\">Infos zu dem Anlass<\/a><\/p>\n\n\n\n<p><a href=\"https:\/\/www.glueck-hof.ch\" target=\"_blank\" rel=\"noreferrer noopener\">Link zum Gl\u00fcck-Hof<\/a><\/p>\n\n\n\n<figure class=\"wp-block-image size-full\"><a href=\"https:\/\/down-to-earth.ch\/course_training\/die-kunst-des-kompostierens\/\" target=\"_blank\" rel=\"noopener\"><img fetchpriority=\"high\" decoding=\"async\" width=\"700\" height=\"407\" src=\"https:\/\/permakultur-landwirtschaft.org\/wp-content\/uploads\/2023\/05\/20230523_kompostieren_downtoearth_2023-05-23_08-36-24.jpg\" alt=\"\" class=\"wp-image-30408\" srcset=\"https:\/\/permakultur-landwirtschaft.org\/wp-content\/uploads\/2023\/05\/20230523_kompostieren_downtoearth_2023-05-23_08-36-24.jpg 700w, https:\/\/permakultur-landwirtschaft.org\/wp-content\/uploads\/2023\/05\/20230523_kompostieren_downtoearth_2023-05-23_08-36-24-300x174.jpg 300w\" sizes=\"(max-width: 700px) 100vw, 700px\" \/><\/a><figcaption class=\"wp-element-caption\">Bild: down-to-earth.ch<\/figcaption><\/figure>\n\n\n\n<hr class=\"wp-block-separator has-css-opacity\"\/>\n\n\n\n<h3 class=\"wp-block-heading\"><a href=\"https:\/\/permakultur-landwirtschaft.org\/fr\/veranstaltungen\/\" data-type=\"page\" data-id=\"476\">Cliquez ici pour voir les \u00e9v\u00e9nements actuels \/ <\/a><br><a href=\"https:\/\/permakultur-landwirtschaft.org\/fr\/veranstaltungen\/\">Hier geht&#8217;s zur \u00dcbersicht aktuelle Veranstaltungen<\/a><\/h3>","protected":false},"excerpt":{"rendered":"<p>Text von down-to-earth.ch: GESUNDER BODEN \u2013 GESUNDE PFLANZEN \u2013 GESUNDE MENSCHEN \u2013 KRANKER BODEN \u2013 KRANKE PFLANZEN \u2013 KRANKE MENSCHEN Erlerne in diesen umfangreichen Workshoptagen wie man den Boden heilt. Baue Boden auf, sammle und speichere Kohlenstoff, bereite Kompost, koche Komposttee und stelle Biokohle her. Entdecke die L\u00f6sungen f\u00fcr den Klimawandel sowie Strategien und dessen [&hellip;]<\/p>\n","protected":false},"author":2,"featured_media":30408,"comment_status":"closed","ping_status":"closed","sticky":false,"template":"","format":"standard","meta":{"_acf_changed":false,"site-sidebar-layout":"default","site-content-layout":"","ast-site-content-layout":"default","site-content-style":"default","site-sidebar-style":"default","ast-global-header-display":"","ast-banner-title-visibility":"","ast-main-header-display":"","ast-hfb-above-header-display":"","ast-hfb-below-header-display":"","ast-hfb-mobile-header-display":"","site-post-title":"","ast-breadcrumbs-content":"","ast-featured-img":"","footer-sml-layout":"","ast-disable-related-posts":"","theme-transparent-header-meta":"","adv-header-id-meta":"","stick-header-meta":"","header-above-stick-meta":"","header-main-stick-meta":"","header-below-stick-meta":"","astra-migrate-meta-layouts":"default","ast-page-background-enabled":"default","ast-page-background-meta":{"desktop":{"background-color":"var(--ast-global-color-4)","background-image":"","background-repeat":"repeat","background-position":"center center","background-size":"auto","background-attachment":"scroll","background-type":"","background-media":"","overlay-type":"","overlay-color":"","overlay-opacity":"","overlay-gradient":""},"tablet":{"background-color":"","background-image":"","background-repeat":"repeat","background-position":"center center","background-size":"auto","background-attachment":"scroll","background-type":"","background-media":"","overlay-type":"","overlay-color":"","overlay-opacity":"","overlay-gradient":""},"mobile":{"background-color":"","background-image":"","background-repeat":"repeat","background-position":"center center","background-size":"auto","background-attachment":"scroll","background-type":"","background-media":"","overlay-type":"","overlay-color":"","overlay-opacity":"","overlay-gradient":""}},"ast-content-background-meta":{"desktop":{"background-color":"var(--ast-global-color-5)","background-image":"","background-repeat":"repeat","background-position":"center center","background-size":"auto","background-attachment":"scroll","background-type":"","background-media":"","overlay-type":"","overlay-color":"","overlay-opacity":"","overlay-gradient":""},"tablet":{"background-color":"var(--ast-global-color-5)","background-image":"","background-repeat":"repeat","background-position":"center center","background-size":"auto","background-attachment":"scroll","background-type":"","background-media":"","overlay-type":"","overlay-color":"","overlay-opacity":"","overlay-gradient":""},"mobile":{"background-color":"var(--ast-global-color-5)","background-image":"","background-repeat":"repeat","background-position":"center center","background-size":"auto","background-attachment":"scroll","background-type":"","background-media":"","overlay-type":"","overlay-color":"","overlay-opacity":"","overlay-gradient":""}},"footnotes":""},"categories":[21],"tags":[74,36],"class_list":["post-30407","post","type-post","status-publish","format-standard","has-post-thumbnail","hentry","category-veranstaltungen_archiv","tag-kompost","tag-kurs"],"acf":[],"yoast_head":"<!-- This site is optimized with the Yoast SEO plugin v27.4 - https:\/\/yoast.com\/product\/yoast-seo-wordpress\/ -->\n<title>Die Kunst des Kompostierens - Kurs vom 24. bis 25. Juni 2023 - Permakultur-Landwirtschaft<\/title>\n<meta name=\"robots\" content=\"index, follow, max-snippet:-1, max-image-preview:large, max-video-preview:-1\" \/>\n<link rel=\"canonical\" href=\"https:\/\/permakultur-landwirtschaft.org\/fr\/die-kunst-des-kompostierens-kurs-vom-24-bis-25-juni-2023\/\" \/>\n<meta property=\"og:locale\" content=\"fr_FR\" \/>\n<meta property=\"og:type\" content=\"article\" \/>\n<meta property=\"og:title\" content=\"Die Kunst des Kompostierens - Kurs vom 24. bis 25. Juni 2023 - Permakultur-Landwirtschaft\" \/>\n<meta property=\"og:description\" content=\"Text von down-to-earth.ch: GESUNDER BODEN \u2013 GESUNDE PFLANZEN \u2013 GESUNDE MENSCHEN \u2013 KRANKER BODEN \u2013 KRANKE PFLANZEN \u2013 KRANKE MENSCHEN Erlerne in diesen umfangreichen Workshoptagen wie man den Boden heilt. Baue Boden auf, sammle und speichere Kohlenstoff, bereite Kompost, koche Komposttee und stelle Biokohle her. Entdecke die L\u00f6sungen f\u00fcr den Klimawandel sowie Strategien und dessen [&hellip;]\" \/>\n<meta property=\"og:url\" content=\"https:\/\/permakultur-landwirtschaft.org\/fr\/die-kunst-des-kompostierens-kurs-vom-24-bis-25-juni-2023\/\" \/>\n<meta property=\"og:site_name\" content=\"Permakultur-Landwirtschaft\" \/>\n<meta property=\"article:publisher\" content=\"https:\/\/www.facebook.com\/PermakulturLandwirtschaft\" \/>\n<meta property=\"article:published_time\" content=\"2023-06-24T14:43:00+00:00\" \/>\n<meta property=\"article:modified_time\" content=\"2023-06-27T12:00:33+00:00\" \/>\n<meta property=\"og:image\" content=\"https:\/\/permakultur-landwirtschaft.org\/wp-content\/uploads\/2023\/05\/20230523_kompostieren_downtoearth_2023-05-23_08-36-24.jpg\" \/>\n\t<meta property=\"og:image:width\" content=\"700\" \/>\n\t<meta property=\"og:image:height\" content=\"407\" \/>\n\t<meta property=\"og:image:type\" content=\"image\/jpeg\" \/>\n<meta name=\"author\" content=\"adrian reutimann\" \/>\n<meta name=\"twitter:card\" content=\"summary_large_image\" \/>\n<meta name=\"twitter:label1\" content=\"\u00c9crit par\" \/>\n\t<meta name=\"twitter:data1\" content=\"adrian reutimann\" \/>\n\t<meta name=\"twitter:label2\" content=\"Dur\u00e9e de lecture estim\u00e9e\" \/>\n\t<meta name=\"twitter:data2\" content=\"2 minutes\" \/>\n<script type=\"application\/ld+json\" class=\"yoast-schema-graph\">{\"@context\":\"https:\\\/\\\/schema.org\",\"@graph\":[{\"@type\":\"Article\",\"@id\":\"https:\\\/\\\/permakultur-landwirtschaft.org\\\/die-kunst-des-kompostierens-kurs-vom-24-bis-25-juni-2023\\\/#article\",\"isPartOf\":{\"@id\":\"https:\\\/\\\/permakultur-landwirtschaft.org\\\/die-kunst-des-kompostierens-kurs-vom-24-bis-25-juni-2023\\\/\"},\"author\":{\"name\":\"adrian reutimann\",\"@id\":\"https:\\\/\\\/permakultur-landwirtschaft.org\\\/#\\\/schema\\\/person\\\/6b0467872f75aed3e144093f9bf4f0b0\"},\"headline\":\"Die Kunst des Kompostierens &#8211; Kurs vom 24. bis 25. Juni 2023\",\"datePublished\":\"2023-06-24T14:43:00+00:00\",\"dateModified\":\"2023-06-27T12:00:33+00:00\",\"mainEntityOfPage\":{\"@id\":\"https:\\\/\\\/permakultur-landwirtschaft.org\\\/die-kunst-des-kompostierens-kurs-vom-24-bis-25-juni-2023\\\/\"},\"wordCount\":209,\"publisher\":{\"@id\":\"https:\\\/\\\/permakultur-landwirtschaft.org\\\/#organization\"},\"image\":{\"@id\":\"https:\\\/\\\/permakultur-landwirtschaft.org\\\/die-kunst-des-kompostierens-kurs-vom-24-bis-25-juni-2023\\\/#primaryimage\"},\"thumbnailUrl\":\"https:\\\/\\\/permakultur-landwirtschaft.org\\\/wp-content\\\/uploads\\\/2023\\\/05\\\/20230523_kompostieren_downtoearth_2023-05-23_08-36-24.jpg\",\"keywords\":[\"Kompost\",\"Kurs\"],\"articleSection\":[\"Veranstaltungen_Archiv\"],\"inLanguage\":\"fr-FR\"},{\"@type\":\"WebPage\",\"@id\":\"https:\\\/\\\/permakultur-landwirtschaft.org\\\/die-kunst-des-kompostierens-kurs-vom-24-bis-25-juni-2023\\\/\",\"url\":\"https:\\\/\\\/permakultur-landwirtschaft.org\\\/die-kunst-des-kompostierens-kurs-vom-24-bis-25-juni-2023\\\/\",\"name\":\"Die Kunst des Kompostierens - Kurs vom 24. bis 25. Juni 2023 - Permakultur-Landwirtschaft\",\"isPartOf\":{\"@id\":\"https:\\\/\\\/permakultur-landwirtschaft.org\\\/#website\"},\"primaryImageOfPage\":{\"@id\":\"https:\\\/\\\/permakultur-landwirtschaft.org\\\/die-kunst-des-kompostierens-kurs-vom-24-bis-25-juni-2023\\\/#primaryimage\"},\"image\":{\"@id\":\"https:\\\/\\\/permakultur-landwirtschaft.org\\\/die-kunst-des-kompostierens-kurs-vom-24-bis-25-juni-2023\\\/#primaryimage\"},\"thumbnailUrl\":\"https:\\\/\\\/permakultur-landwirtschaft.org\\\/wp-content\\\/uploads\\\/2023\\\/05\\\/20230523_kompostieren_downtoearth_2023-05-23_08-36-24.jpg\",\"datePublished\":\"2023-06-24T14:43:00+00:00\",\"dateModified\":\"2023-06-27T12:00:33+00:00\",\"breadcrumb\":{\"@id\":\"https:\\\/\\\/permakultur-landwirtschaft.org\\\/die-kunst-des-kompostierens-kurs-vom-24-bis-25-juni-2023\\\/#breadcrumb\"},\"inLanguage\":\"fr-FR\",\"potentialAction\":[{\"@type\":\"ReadAction\",\"target\":[\"https:\\\/\\\/permakultur-landwirtschaft.org\\\/die-kunst-des-kompostierens-kurs-vom-24-bis-25-juni-2023\\\/\"]}]},{\"@type\":\"ImageObject\",\"inLanguage\":\"fr-FR\",\"@id\":\"https:\\\/\\\/permakultur-landwirtschaft.org\\\/die-kunst-des-kompostierens-kurs-vom-24-bis-25-juni-2023\\\/#primaryimage\",\"url\":\"https:\\\/\\\/permakultur-landwirtschaft.org\\\/wp-content\\\/uploads\\\/2023\\\/05\\\/20230523_kompostieren_downtoearth_2023-05-23_08-36-24.jpg\",\"contentUrl\":\"https:\\\/\\\/permakultur-landwirtschaft.org\\\/wp-content\\\/uploads\\\/2023\\\/05\\\/20230523_kompostieren_downtoearth_2023-05-23_08-36-24.jpg\",\"width\":700,\"height\":407},{\"@type\":\"BreadcrumbList\",\"@id\":\"https:\\\/\\\/permakultur-landwirtschaft.org\\\/die-kunst-des-kompostierens-kurs-vom-24-bis-25-juni-2023\\\/#breadcrumb\",\"itemListElement\":[{\"@type\":\"ListItem\",\"position\":1,\"name\":\"Startseite\",\"item\":\"https:\\\/\\\/permakultur-landwirtschaft.org\\\/\"},{\"@type\":\"ListItem\",\"position\":2,\"name\":\"Die Kunst des Kompostierens &#8211; Kurs vom 24. bis 25. Juni 2023\"}]},{\"@type\":\"WebSite\",\"@id\":\"https:\\\/\\\/permakultur-landwirtschaft.org\\\/#website\",\"url\":\"https:\\\/\\\/permakultur-landwirtschaft.org\\\/\",\"name\":\"Permakultur-Landwirtschaft\",\"description\":\"F\u00f6rderung der Permakultur in der Landwirtschaft\",\"publisher\":{\"@id\":\"https:\\\/\\\/permakultur-landwirtschaft.org\\\/#organization\"},\"potentialAction\":[{\"@type\":\"SearchAction\",\"target\":{\"@type\":\"EntryPoint\",\"urlTemplate\":\"https:\\\/\\\/permakultur-landwirtschaft.org\\\/?s={search_term_string}\"},\"query-input\":{\"@type\":\"PropertyValueSpecification\",\"valueRequired\":true,\"valueName\":\"search_term_string\"}}],\"inLanguage\":\"fr-FR\"},{\"@type\":\"Organization\",\"@id\":\"https:\\\/\\\/permakultur-landwirtschaft.org\\\/#organization\",\"name\":\"Permakultur-Landwirtschaft\",\"alternateName\":\"Verein Permakultur-Landwirtschaft\",\"url\":\"https:\\\/\\\/permakultur-landwirtschaft.org\\\/\",\"logo\":{\"@type\":\"ImageObject\",\"inLanguage\":\"fr-FR\",\"@id\":\"https:\\\/\\\/permakultur-landwirtschaft.org\\\/#\\\/schema\\\/logo\\\/image\\\/\",\"url\":\"https:\\\/\\\/permakultur-landwirtschaft.org\\\/wp-content\\\/uploads\\\/2021\\\/11\\\/pela_1268x1269.png\",\"contentUrl\":\"https:\\\/\\\/permakultur-landwirtschaft.org\\\/wp-content\\\/uploads\\\/2021\\\/11\\\/pela_1268x1269.png\",\"width\":1298,\"height\":1269,\"caption\":\"Permakultur-Landwirtschaft\"},\"image\":{\"@id\":\"https:\\\/\\\/permakultur-landwirtschaft.org\\\/#\\\/schema\\\/logo\\\/image\\\/\"},\"sameAs\":[\"https:\\\/\\\/www.facebook.com\\\/PermakulturLandwirtschaft\",\"https:\\\/\\\/www.instagram.com\\\/permakultur_landwirtschaft\\\/\",\"https:\\\/\\\/www.flickr.com\\\/photos\\\/permakultur-landwirtschaft\",\"https:\\\/\\\/www.youtube.com\\\/@PermakulturLandwirtschaft\"]},{\"@type\":\"Person\",\"@id\":\"https:\\\/\\\/permakultur-landwirtschaft.org\\\/#\\\/schema\\\/person\\\/6b0467872f75aed3e144093f9bf4f0b0\",\"name\":\"adrian reutimann\",\"url\":\"https:\\\/\\\/permakultur-landwirtschaft.org\\\/fr\\\/author\\\/reutiadr\\\/\"}]}<\/script>\n<!-- \/ Yoast SEO plugin. -->","yoast_head_json":{"title":"Die Kunst des Kompostierens - Kurs vom 24. bis 25. Juni 2023 - Permakultur-Landwirtschaft","robots":{"index":"index","follow":"follow","max-snippet":"max-snippet:-1","max-image-preview":"max-image-preview:large","max-video-preview":"max-video-preview:-1"},"canonical":"https:\/\/permakultur-landwirtschaft.org\/fr\/die-kunst-des-kompostierens-kurs-vom-24-bis-25-juni-2023\/","og_locale":"fr_FR","og_type":"article","og_title":"Die Kunst des Kompostierens - Kurs vom 24. bis 25. Juni 2023 - Permakultur-Landwirtschaft","og_description":"Text von down-to-earth.ch: GESUNDER BODEN \u2013 GESUNDE PFLANZEN \u2013 GESUNDE MENSCHEN \u2013 KRANKER BODEN \u2013 KRANKE PFLANZEN \u2013 KRANKE MENSCHEN Erlerne in diesen umfangreichen Workshoptagen wie man den Boden heilt. Baue Boden auf, sammle und speichere Kohlenstoff, bereite Kompost, koche Komposttee und stelle Biokohle her. Entdecke die L\u00f6sungen f\u00fcr den Klimawandel sowie Strategien und dessen [&hellip;]","og_url":"https:\/\/permakultur-landwirtschaft.org\/fr\/die-kunst-des-kompostierens-kurs-vom-24-bis-25-juni-2023\/","og_site_name":"Permakultur-Landwirtschaft","article_publisher":"https:\/\/www.facebook.com\/PermakulturLandwirtschaft","article_published_time":"2023-06-24T14:43:00+00:00","article_modified_time":"2023-06-27T12:00:33+00:00","og_image":[{"width":700,"height":407,"url":"https:\/\/permakultur-landwirtschaft.org\/wp-content\/uploads\/2023\/05\/20230523_kompostieren_downtoearth_2023-05-23_08-36-24.jpg","type":"image\/jpeg"}],"author":"adrian reutimann","twitter_card":"summary_large_image","twitter_misc":{"\u00c9crit par":"adrian reutimann","Dur\u00e9e de lecture estim\u00e9e":"2 minutes"},"schema":{"@context":"https:\/\/schema.org","@graph":[{"@type":"Article","@id":"https:\/\/permakultur-landwirtschaft.org\/die-kunst-des-kompostierens-kurs-vom-24-bis-25-juni-2023\/#article","isPartOf":{"@id":"https:\/\/permakultur-landwirtschaft.org\/die-kunst-des-kompostierens-kurs-vom-24-bis-25-juni-2023\/"},"author":{"name":"adrian reutimann","@id":"https:\/\/permakultur-landwirtschaft.org\/#\/schema\/person\/6b0467872f75aed3e144093f9bf4f0b0"},"headline":"Die Kunst des Kompostierens &#8211; Kurs vom 24. bis 25. Juni 2023","datePublished":"2023-06-24T14:43:00+00:00","dateModified":"2023-06-27T12:00:33+00:00","mainEntityOfPage":{"@id":"https:\/\/permakultur-landwirtschaft.org\/die-kunst-des-kompostierens-kurs-vom-24-bis-25-juni-2023\/"},"wordCount":209,"publisher":{"@id":"https:\/\/permakultur-landwirtschaft.org\/#organization"},"image":{"@id":"https:\/\/permakultur-landwirtschaft.org\/die-kunst-des-kompostierens-kurs-vom-24-bis-25-juni-2023\/#primaryimage"},"thumbnailUrl":"https:\/\/permakultur-landwirtschaft.org\/wp-content\/uploads\/2023\/05\/20230523_kompostieren_downtoearth_2023-05-23_08-36-24.jpg","keywords":["Kompost","Kurs"],"articleSection":["Veranstaltungen_Archiv"],"inLanguage":"fr-FR"},{"@type":"WebPage","@id":"https:\/\/permakultur-landwirtschaft.org\/die-kunst-des-kompostierens-kurs-vom-24-bis-25-juni-2023\/","url":"https:\/\/permakultur-landwirtschaft.org\/die-kunst-des-kompostierens-kurs-vom-24-bis-25-juni-2023\/","name":"Die Kunst des Kompostierens - Kurs vom 24. bis 25. Juni 2023 - Permakultur-Landwirtschaft","isPartOf":{"@id":"https:\/\/permakultur-landwirtschaft.org\/#website"},"primaryImageOfPage":{"@id":"https:\/\/permakultur-landwirtschaft.org\/die-kunst-des-kompostierens-kurs-vom-24-bis-25-juni-2023\/#primaryimage"},"image":{"@id":"https:\/\/permakultur-landwirtschaft.org\/die-kunst-des-kompostierens-kurs-vom-24-bis-25-juni-2023\/#primaryimage"},"thumbnailUrl":"https:\/\/permakultur-landwirtschaft.org\/wp-content\/uploads\/2023\/05\/20230523_kompostieren_downtoearth_2023-05-23_08-36-24.jpg","datePublished":"2023-06-24T14:43:00+00:00","dateModified":"2023-06-27T12:00:33+00:00","breadcrumb":{"@id":"https:\/\/permakultur-landwirtschaft.org\/die-kunst-des-kompostierens-kurs-vom-24-bis-25-juni-2023\/#breadcrumb"},"inLanguage":"fr-FR","potentialAction":[{"@type":"ReadAction","target":["https:\/\/permakultur-landwirtschaft.org\/die-kunst-des-kompostierens-kurs-vom-24-bis-25-juni-2023\/"]}]},{"@type":"ImageObject","inLanguage":"fr-FR","@id":"https:\/\/permakultur-landwirtschaft.org\/die-kunst-des-kompostierens-kurs-vom-24-bis-25-juni-2023\/#primaryimage","url":"https:\/\/permakultur-landwirtschaft.org\/wp-content\/uploads\/2023\/05\/20230523_kompostieren_downtoearth_2023-05-23_08-36-24.jpg","contentUrl":"https:\/\/permakultur-landwirtschaft.org\/wp-content\/uploads\/2023\/05\/20230523_kompostieren_downtoearth_2023-05-23_08-36-24.jpg","width":700,"height":407},{"@type":"BreadcrumbList","@id":"https:\/\/permakultur-landwirtschaft.org\/die-kunst-des-kompostierens-kurs-vom-24-bis-25-juni-2023\/#breadcrumb","itemListElement":[{"@type":"ListItem","position":1,"name":"Startseite","item":"https:\/\/permakultur-landwirtschaft.org\/"},{"@type":"ListItem","position":2,"name":"Die Kunst des Kompostierens &#8211; Kurs vom 24. bis 25. Juni 2023"}]},{"@type":"WebSite","@id":"https:\/\/permakultur-landwirtschaft.org\/#website","url":"https:\/\/permakultur-landwirtschaft.org\/","name":"Permakultur-Landwirtschaft","description":"F\u00f6rderung der Permakultur in der Landwirtschaft","publisher":{"@id":"https:\/\/permakultur-landwirtschaft.org\/#organization"},"potentialAction":[{"@type":"SearchAction","target":{"@type":"EntryPoint","urlTemplate":"https:\/\/permakultur-landwirtschaft.org\/?s={search_term_string}"},"query-input":{"@type":"PropertyValueSpecification","valueRequired":true,"valueName":"search_term_string"}}],"inLanguage":"fr-FR"},{"@type":"Organization","@id":"https:\/\/permakultur-landwirtschaft.org\/#organization","name":"Permakultur-Landwirtschaft","alternateName":"Verein Permakultur-Landwirtschaft","url":"https:\/\/permakultur-landwirtschaft.org\/","logo":{"@type":"ImageObject","inLanguage":"fr-FR","@id":"https:\/\/permakultur-landwirtschaft.org\/#\/schema\/logo\/image\/","url":"https:\/\/permakultur-landwirtschaft.org\/wp-content\/uploads\/2021\/11\/pela_1268x1269.png","contentUrl":"https:\/\/permakultur-landwirtschaft.org\/wp-content\/uploads\/2021\/11\/pela_1268x1269.png","width":1298,"height":1269,"caption":"Permakultur-Landwirtschaft"},"image":{"@id":"https:\/\/permakultur-landwirtschaft.org\/#\/schema\/logo\/image\/"},"sameAs":["https:\/\/www.facebook.com\/PermakulturLandwirtschaft","https:\/\/www.instagram.com\/permakultur_landwirtschaft\/","https:\/\/www.flickr.com\/photos\/permakultur-landwirtschaft","https:\/\/www.youtube.com\/@PermakulturLandwirtschaft"]},{"@type":"Person","@id":"https:\/\/permakultur-landwirtschaft.org\/#\/schema\/person\/6b0467872f75aed3e144093f9bf4f0b0","name":"adrian reutimann","url":"https:\/\/permakultur-landwirtschaft.org\/fr\/author\/reutiadr\/"}]}},"_links":{"self":[{"href":"https:\/\/permakultur-landwirtschaft.org\/fr\/wp-json\/wp\/v2\/posts\/30407","targetHints":{"allow":["GET"]}}],"collection":[{"href":"https:\/\/permakultur-landwirtschaft.org\/fr\/wp-json\/wp\/v2\/posts"}],"about":[{"href":"https:\/\/permakultur-landwirtschaft.org\/fr\/wp-json\/wp\/v2\/types\/post"}],"author":[{"embeddable":true,"href":"https:\/\/permakultur-landwirtschaft.org\/fr\/wp-json\/wp\/v2\/users\/2"}],"replies":[{"embeddable":true,"href":"https:\/\/permakultur-landwirtschaft.org\/fr\/wp-json\/wp\/v2\/comments?post=30407"}],"version-history":[{"count":1,"href":"https:\/\/permakultur-landwirtschaft.org\/fr\/wp-json\/wp\/v2\/posts\/30407\/revisions"}],"predecessor-version":[{"id":30409,"href":"https:\/\/permakultur-landwirtschaft.org\/fr\/wp-json\/wp\/v2\/posts\/30407\/revisions\/30409"}],"wp:featuredmedia":[{"embeddable":true,"href":"https:\/\/permakultur-landwirtschaft.org\/fr\/wp-json\/wp\/v2\/media\/30408"}],"wp:attachment":[{"href":"https:\/\/permakultur-landwirtschaft.org\/fr\/wp-json\/wp\/v2\/media?parent=30407"}],"wp:term":[{"taxonomy":"category","embeddable":true,"href":"https:\/\/permakultur-landwirtschaft.org\/fr\/wp-json\/wp\/v2\/categories?post=30407"},{"taxonomy":"post_tag","embeddable":true,"href":"https:\/\/permakultur-landwirtschaft.org\/fr\/wp-json\/wp\/v2\/tags?post=30407"}],"curies":[{"name":"wp","href":"https:\/\/api.w.org\/{rel}","templated":true}]}}