{"id":30325,"date":"2023-05-11T16:46:00","date_gmt":"2023-05-11T14:46:00","guid":{"rendered":"https:\/\/permakultur-landwirtschaft.org\/?p=30325"},"modified":"2023-05-17T16:52:31","modified_gmt":"2023-05-17T14:52:31","slug":"agroforst-zum-mithoeren-podcasts-der-ig-agroforst-schweiz","status":"publish","type":"post","link":"https:\/\/permakultur-landwirtschaft.org\/fr\/agroforst-zum-mithoeren-podcasts-der-ig-agroforst-schweiz\/","title":{"rendered":"Agroforst zum Mith\u00f6ren &#8211; Podcasts der IG Agroforst Schweiz"},"content":{"rendered":"<p>Text von <a href=\"https:\/\/www.agridea.ch\/de\/agridea\/medien-und-kommunikation\/\" target=\"_blank\" rel=\"noreferrer noopener\">AGRIDEALetter<\/a>:<\/p>\n\n\n\n<p>Zum Thema Agroforst gibt es neu einen kostenlosen Podcast. Darin erfahren die Zuh\u00f6renden alles Wissenswerte zu dieser spezifischen Landnutzung in der Schweiz und den umliegenden L\u00e4ndern \u2013 und das aus erster Quelle. So informieren Fachpersonen aus der Praxis, Wissenschaft und Beratung \u00fcber die Vielfalt der Systeme sowie deren Chancen und Herausforderungen. Die Podcast-Folgen erscheinen alle zwei Wochen auf agroforst.ch\/podcast sowie auf Spotify und Apple Podcast. Diese Produktion erm\u00f6glicht hat die IG Agroforst Schweiz \u2013 das Gemeinschaftsprojekt der AGRIDEA, ZHAW und Agroscope.<\/p>\n\n\n\n<hr class=\"wp-block-separator has-alpha-channel-opacity\"\/>\n\n\n\n<p><a href=\"https:\/\/www.agroforst.ch\/podcast\/\" target=\"_blank\" rel=\"noreferrer noopener\">Link zu den Agroforst Podcasts<\/a><\/p>\n\n\n\n<p><a href=\"https:\/\/agridea.abacuscity.ch\/de\/A~3048~1\/0~0~Shop3\/Agroforstsysteme\/Allemand\/Print-papier\" target=\"_blank\" rel=\"noreferrer noopener\">Link zur Agroforst-Brosch\u00fcre von AGRIDEA<\/a><\/p>\n\n\n\n<figure class=\"wp-block-image size-full\"><a href=\"https:\/\/www.agroforst.ch\/podcast\/\" target=\"_blank\" rel=\"noopener\"><img fetchpriority=\"high\" decoding=\"async\" width=\"700\" height=\"700\" src=\"https:\/\/permakultur-landwirtschaft.org\/wp-content\/uploads\/2023\/05\/20230517_agroforst_podcast_60854458c4d1acdf4e1c2f79c4137142d85d78e379bdafbd69bd34c85f5819ad.jpg\" alt=\"\" class=\"wp-image-30326\" srcset=\"https:\/\/permakultur-landwirtschaft.org\/wp-content\/uploads\/2023\/05\/20230517_agroforst_podcast_60854458c4d1acdf4e1c2f79c4137142d85d78e379bdafbd69bd34c85f5819ad.jpg 700w, https:\/\/permakultur-landwirtschaft.org\/wp-content\/uploads\/2023\/05\/20230517_agroforst_podcast_60854458c4d1acdf4e1c2f79c4137142d85d78e379bdafbd69bd34c85f5819ad-300x300.jpg 300w, https:\/\/permakultur-landwirtschaft.org\/wp-content\/uploads\/2023\/05\/20230517_agroforst_podcast_60854458c4d1acdf4e1c2f79c4137142d85d78e379bdafbd69bd34c85f5819ad-150x150.jpg 150w\" sizes=\"(max-width: 700px) 100vw, 700px\" \/><\/a><figcaption class=\"wp-element-caption\">Bild: agroforst.ch<\/figcaption><\/figure>\n\n\n\n<hr class=\"wp-block-separator has-css-opacity\"\/>\n\n\n\n<h3 class=\"wp-block-heading\"><a href=\"https:\/\/permakultur-landwirtschaft.org\/fr\/medien\/\"><\/a><a href=\"https:\/\/permakultur-landwirtschaft.org\/fr\/medien\/\">Hier geht&#8217;s zur \u00dcbersicht aller Neuigkeiten<\/a><br><a href=\"https:\/\/permakultur-landwirtschaft.org\/fr\/medien\/\">Cliquez ici pour un aper\u00e7u de toutes les nouveau<\/a><\/h3>","protected":false},"excerpt":{"rendered":"<p>Text von AGRIDEALetter: Zum Thema Agroforst gibt es neu einen kostenlosen Podcast. Darin erfahren die Zuh\u00f6renden alles Wissenswerte zu dieser spezifischen Landnutzung in der Schweiz und den umliegenden L\u00e4ndern \u2013 und das aus erster Quelle. So informieren Fachpersonen aus der Praxis, Wissenschaft und Beratung \u00fcber die Vielfalt der Systeme sowie deren Chancen und Herausforderungen. Die [&hellip;]<\/p>\n","protected":false},"author":2,"featured_media":30326,"comment_status":"closed","ping_status":"closed","sticky":false,"template":"","format":"standard","meta":{"_acf_changed":false,"site-sidebar-layout":"default","site-content-layout":"","ast-site-content-layout":"default","site-content-style":"default","site-sidebar-style":"default","ast-global-header-display":"","ast-banner-title-visibility":"","ast-main-header-display":"","ast-hfb-above-header-display":"","ast-hfb-below-header-display":"","ast-hfb-mobile-header-display":"","site-post-title":"","ast-breadcrumbs-content":"","ast-featured-img":"","footer-sml-layout":"","ast-disable-related-posts":"","theme-transparent-header-meta":"","adv-header-id-meta":"","stick-header-meta":"","header-above-stick-meta":"","header-main-stick-meta":"","header-below-stick-meta":"","astra-migrate-meta-layouts":"default","ast-page-background-enabled":"default","ast-page-background-meta":{"desktop":{"background-color":"var(--ast-global-color-4)","background-image":"","background-repeat":"repeat","background-position":"center center","background-size":"auto","background-attachment":"scroll","background-type":"","background-media":"","overlay-type":"","overlay-color":"","overlay-opacity":"","overlay-gradient":""},"tablet":{"background-color":"","background-image":"","background-repeat":"repeat","background-position":"center center","background-size":"auto","background-attachment":"scroll","background-type":"","background-media":"","overlay-type":"","overlay-color":"","overlay-opacity":"","overlay-gradient":""},"mobile":{"background-color":"","background-image":"","background-repeat":"repeat","background-position":"center center","background-size":"auto","background-attachment":"scroll","background-type":"","background-media":"","overlay-type":"","overlay-color":"","overlay-opacity":"","overlay-gradient":""}},"ast-content-background-meta":{"desktop":{"background-color":"var(--ast-global-color-5)","background-image":"","background-repeat":"repeat","background-position":"center center","background-size":"auto","background-attachment":"scroll","background-type":"","background-media":"","overlay-type":"","overlay-color":"","overlay-opacity":"","overlay-gradient":""},"tablet":{"background-color":"var(--ast-global-color-5)","background-image":"","background-repeat":"repeat","background-position":"center center","background-size":"auto","background-attachment":"scroll","background-type":"","background-media":"","overlay-type":"","overlay-color":"","overlay-opacity":"","overlay-gradient":""},"mobile":{"background-color":"var(--ast-global-color-5)","background-image":"","background-repeat":"repeat","background-position":"center center","background-size":"auto","background-attachment":"scroll","background-type":"","background-media":"","overlay-type":"","overlay-color":"","overlay-opacity":"","overlay-gradient":""}},"footnotes":""},"categories":[22],"tags":[],"class_list":["post-30325","post","type-post","status-publish","format-standard","has-post-thumbnail","hentry","category-neuigkeit"],"acf":[],"yoast_head":"<!-- This site is optimized with the Yoast SEO plugin v27.5 - https:\/\/yoast.com\/product\/yoast-seo-wordpress\/ -->\n<title>Agroforst zum Mith\u00f6ren - Podcasts der IG Agroforst Schweiz - Permakultur-Landwirtschaft<\/title>\n<meta name=\"robots\" content=\"index, follow, max-snippet:-1, max-image-preview:large, max-video-preview:-1\" \/>\n<link rel=\"canonical\" href=\"https:\/\/permakultur-landwirtschaft.org\/fr\/agroforst-zum-mithoeren-podcasts-der-ig-agroforst-schweiz\/\" \/>\n<meta property=\"og:locale\" content=\"fr_FR\" \/>\n<meta property=\"og:type\" content=\"article\" \/>\n<meta property=\"og:title\" content=\"Agroforst zum Mith\u00f6ren - Podcasts der IG Agroforst Schweiz - Permakultur-Landwirtschaft\" \/>\n<meta property=\"og:description\" content=\"Text von AGRIDEALetter: Zum Thema Agroforst gibt es neu einen kostenlosen Podcast. Darin erfahren die Zuh\u00f6renden alles Wissenswerte zu dieser spezifischen Landnutzung in der Schweiz und den umliegenden L\u00e4ndern \u2013 und das aus erster Quelle. So informieren Fachpersonen aus der Praxis, Wissenschaft und Beratung \u00fcber die Vielfalt der Systeme sowie deren Chancen und Herausforderungen. Die [&hellip;]\" \/>\n<meta property=\"og:url\" content=\"https:\/\/permakultur-landwirtschaft.org\/fr\/agroforst-zum-mithoeren-podcasts-der-ig-agroforst-schweiz\/\" \/>\n<meta property=\"og:site_name\" content=\"Permakultur-Landwirtschaft\" \/>\n<meta property=\"article:publisher\" content=\"https:\/\/www.facebook.com\/PermakulturLandwirtschaft\" \/>\n<meta property=\"article:published_time\" content=\"2023-05-11T14:46:00+00:00\" \/>\n<meta property=\"article:modified_time\" content=\"2023-05-17T14:52:31+00:00\" \/>\n<meta property=\"og:image\" content=\"https:\/\/permakultur-landwirtschaft.org\/wp-content\/uploads\/2023\/05\/20230517_agroforst_podcast_60854458c4d1acdf4e1c2f79c4137142d85d78e379bdafbd69bd34c85f5819ad.jpg\" \/>\n\t<meta property=\"og:image:width\" content=\"700\" \/>\n\t<meta property=\"og:image:height\" content=\"700\" \/>\n\t<meta property=\"og:image:type\" content=\"image\/jpeg\" \/>\n<meta name=\"author\" content=\"adrian reutimann\" \/>\n<meta name=\"twitter:card\" content=\"summary_large_image\" \/>\n<meta name=\"twitter:label1\" content=\"\u00c9crit par\" \/>\n\t<meta name=\"twitter:data1\" content=\"adrian reutimann\" \/>\n\t<meta name=\"twitter:label2\" content=\"Dur\u00e9e de lecture estim\u00e9e\" \/>\n\t<meta name=\"twitter:data2\" content=\"1 minute\" \/>\n<script type=\"application\/ld+json\" class=\"yoast-schema-graph\">{\"@context\":\"https:\\\/\\\/schema.org\",\"@graph\":[{\"@type\":\"Article\",\"@id\":\"https:\\\/\\\/permakultur-landwirtschaft.org\\\/agroforst-zum-mithoeren-podcasts-der-ig-agroforst-schweiz\\\/#article\",\"isPartOf\":{\"@id\":\"https:\\\/\\\/permakultur-landwirtschaft.org\\\/agroforst-zum-mithoeren-podcasts-der-ig-agroforst-schweiz\\\/\"},\"author\":{\"name\":\"adrian reutimann\",\"@id\":\"https:\\\/\\\/permakultur-landwirtschaft.org\\\/#\\\/schema\\\/person\\\/6b0467872f75aed3e144093f9bf4f0b0\"},\"headline\":\"Agroforst zum Mith\u00f6ren &#8211; Podcasts der IG Agroforst Schweiz\",\"datePublished\":\"2023-05-11T14:46:00+00:00\",\"dateModified\":\"2023-05-17T14:52:31+00:00\",\"mainEntityOfPage\":{\"@id\":\"https:\\\/\\\/permakultur-landwirtschaft.org\\\/agroforst-zum-mithoeren-podcasts-der-ig-agroforst-schweiz\\\/\"},\"wordCount\":128,\"publisher\":{\"@id\":\"https:\\\/\\\/permakultur-landwirtschaft.org\\\/#organization\"},\"image\":{\"@id\":\"https:\\\/\\\/permakultur-landwirtschaft.org\\\/agroforst-zum-mithoeren-podcasts-der-ig-agroforst-schweiz\\\/#primaryimage\"},\"thumbnailUrl\":\"https:\\\/\\\/permakultur-landwirtschaft.org\\\/wp-content\\\/uploads\\\/2023\\\/05\\\/20230517_agroforst_podcast_60854458c4d1acdf4e1c2f79c4137142d85d78e379bdafbd69bd34c85f5819ad.jpg\",\"articleSection\":[\"Neuigkeit\"],\"inLanguage\":\"fr-FR\"},{\"@type\":\"WebPage\",\"@id\":\"https:\\\/\\\/permakultur-landwirtschaft.org\\\/agroforst-zum-mithoeren-podcasts-der-ig-agroforst-schweiz\\\/\",\"url\":\"https:\\\/\\\/permakultur-landwirtschaft.org\\\/agroforst-zum-mithoeren-podcasts-der-ig-agroforst-schweiz\\\/\",\"name\":\"Agroforst zum Mith\u00f6ren - Podcasts der IG Agroforst Schweiz - Permakultur-Landwirtschaft\",\"isPartOf\":{\"@id\":\"https:\\\/\\\/permakultur-landwirtschaft.org\\\/#website\"},\"primaryImageOfPage\":{\"@id\":\"https:\\\/\\\/permakultur-landwirtschaft.org\\\/agroforst-zum-mithoeren-podcasts-der-ig-agroforst-schweiz\\\/#primaryimage\"},\"image\":{\"@id\":\"https:\\\/\\\/permakultur-landwirtschaft.org\\\/agroforst-zum-mithoeren-podcasts-der-ig-agroforst-schweiz\\\/#primaryimage\"},\"thumbnailUrl\":\"https:\\\/\\\/permakultur-landwirtschaft.org\\\/wp-content\\\/uploads\\\/2023\\\/05\\\/20230517_agroforst_podcast_60854458c4d1acdf4e1c2f79c4137142d85d78e379bdafbd69bd34c85f5819ad.jpg\",\"datePublished\":\"2023-05-11T14:46:00+00:00\",\"dateModified\":\"2023-05-17T14:52:31+00:00\",\"breadcrumb\":{\"@id\":\"https:\\\/\\\/permakultur-landwirtschaft.org\\\/agroforst-zum-mithoeren-podcasts-der-ig-agroforst-schweiz\\\/#breadcrumb\"},\"inLanguage\":\"fr-FR\",\"potentialAction\":[{\"@type\":\"ReadAction\",\"target\":[\"https:\\\/\\\/permakultur-landwirtschaft.org\\\/agroforst-zum-mithoeren-podcasts-der-ig-agroforst-schweiz\\\/\"]}]},{\"@type\":\"ImageObject\",\"inLanguage\":\"fr-FR\",\"@id\":\"https:\\\/\\\/permakultur-landwirtschaft.org\\\/agroforst-zum-mithoeren-podcasts-der-ig-agroforst-schweiz\\\/#primaryimage\",\"url\":\"https:\\\/\\\/permakultur-landwirtschaft.org\\\/wp-content\\\/uploads\\\/2023\\\/05\\\/20230517_agroforst_podcast_60854458c4d1acdf4e1c2f79c4137142d85d78e379bdafbd69bd34c85f5819ad.jpg\",\"contentUrl\":\"https:\\\/\\\/permakultur-landwirtschaft.org\\\/wp-content\\\/uploads\\\/2023\\\/05\\\/20230517_agroforst_podcast_60854458c4d1acdf4e1c2f79c4137142d85d78e379bdafbd69bd34c85f5819ad.jpg\",\"width\":700,\"height\":700},{\"@type\":\"BreadcrumbList\",\"@id\":\"https:\\\/\\\/permakultur-landwirtschaft.org\\\/agroforst-zum-mithoeren-podcasts-der-ig-agroforst-schweiz\\\/#breadcrumb\",\"itemListElement\":[{\"@type\":\"ListItem\",\"position\":1,\"name\":\"Startseite\",\"item\":\"https:\\\/\\\/permakultur-landwirtschaft.org\\\/\"},{\"@type\":\"ListItem\",\"position\":2,\"name\":\"Agroforst zum Mith\u00f6ren &#8211; Podcasts der IG Agroforst Schweiz\"}]},{\"@type\":\"WebSite\",\"@id\":\"https:\\\/\\\/permakultur-landwirtschaft.org\\\/#website\",\"url\":\"https:\\\/\\\/permakultur-landwirtschaft.org\\\/\",\"name\":\"Permakultur-Landwirtschaft\",\"description\":\"F\u00f6rderung der Permakultur in der Landwirtschaft\",\"publisher\":{\"@id\":\"https:\\\/\\\/permakultur-landwirtschaft.org\\\/#organization\"},\"potentialAction\":[{\"@type\":\"SearchAction\",\"target\":{\"@type\":\"EntryPoint\",\"urlTemplate\":\"https:\\\/\\\/permakultur-landwirtschaft.org\\\/?s={search_term_string}\"},\"query-input\":{\"@type\":\"PropertyValueSpecification\",\"valueRequired\":true,\"valueName\":\"search_term_string\"}}],\"inLanguage\":\"fr-FR\"},{\"@type\":\"Organization\",\"@id\":\"https:\\\/\\\/permakultur-landwirtschaft.org\\\/#organization\",\"name\":\"Permakultur-Landwirtschaft\",\"alternateName\":\"Verein Permakultur-Landwirtschaft\",\"url\":\"https:\\\/\\\/permakultur-landwirtschaft.org\\\/\",\"logo\":{\"@type\":\"ImageObject\",\"inLanguage\":\"fr-FR\",\"@id\":\"https:\\\/\\\/permakultur-landwirtschaft.org\\\/#\\\/schema\\\/logo\\\/image\\\/\",\"url\":\"https:\\\/\\\/permakultur-landwirtschaft.org\\\/wp-content\\\/uploads\\\/2021\\\/11\\\/pela_1268x1269.png\",\"contentUrl\":\"https:\\\/\\\/permakultur-landwirtschaft.org\\\/wp-content\\\/uploads\\\/2021\\\/11\\\/pela_1268x1269.png\",\"width\":1298,\"height\":1269,\"caption\":\"Permakultur-Landwirtschaft\"},\"image\":{\"@id\":\"https:\\\/\\\/permakultur-landwirtschaft.org\\\/#\\\/schema\\\/logo\\\/image\\\/\"},\"sameAs\":[\"https:\\\/\\\/www.facebook.com\\\/PermakulturLandwirtschaft\",\"https:\\\/\\\/www.instagram.com\\\/permakultur_landwirtschaft\\\/\",\"https:\\\/\\\/www.flickr.com\\\/photos\\\/permakultur-landwirtschaft\",\"https:\\\/\\\/www.youtube.com\\\/@PermakulturLandwirtschaft\"]},{\"@type\":\"Person\",\"@id\":\"https:\\\/\\\/permakultur-landwirtschaft.org\\\/#\\\/schema\\\/person\\\/6b0467872f75aed3e144093f9bf4f0b0\",\"name\":\"adrian reutimann\",\"url\":\"https:\\\/\\\/permakultur-landwirtschaft.org\\\/fr\\\/author\\\/reutiadr\\\/\"}]}<\/script>\n<!-- \/ Yoast SEO plugin. -->","yoast_head_json":{"title":"Agroforst zum Mith\u00f6ren - Podcasts der IG Agroforst Schweiz - Permakultur-Landwirtschaft","robots":{"index":"index","follow":"follow","max-snippet":"max-snippet:-1","max-image-preview":"max-image-preview:large","max-video-preview":"max-video-preview:-1"},"canonical":"https:\/\/permakultur-landwirtschaft.org\/fr\/agroforst-zum-mithoeren-podcasts-der-ig-agroforst-schweiz\/","og_locale":"fr_FR","og_type":"article","og_title":"Agroforst zum Mith\u00f6ren - Podcasts der IG Agroforst Schweiz - Permakultur-Landwirtschaft","og_description":"Text von AGRIDEALetter: Zum Thema Agroforst gibt es neu einen kostenlosen Podcast. Darin erfahren die Zuh\u00f6renden alles Wissenswerte zu dieser spezifischen Landnutzung in der Schweiz und den umliegenden L\u00e4ndern \u2013 und das aus erster Quelle. So informieren Fachpersonen aus der Praxis, Wissenschaft und Beratung \u00fcber die Vielfalt der Systeme sowie deren Chancen und Herausforderungen. Die [&hellip;]","og_url":"https:\/\/permakultur-landwirtschaft.org\/fr\/agroforst-zum-mithoeren-podcasts-der-ig-agroforst-schweiz\/","og_site_name":"Permakultur-Landwirtschaft","article_publisher":"https:\/\/www.facebook.com\/PermakulturLandwirtschaft","article_published_time":"2023-05-11T14:46:00+00:00","article_modified_time":"2023-05-17T14:52:31+00:00","og_image":[{"width":700,"height":700,"url":"https:\/\/permakultur-landwirtschaft.org\/wp-content\/uploads\/2023\/05\/20230517_agroforst_podcast_60854458c4d1acdf4e1c2f79c4137142d85d78e379bdafbd69bd34c85f5819ad.jpg","type":"image\/jpeg"}],"author":"adrian reutimann","twitter_card":"summary_large_image","twitter_misc":{"\u00c9crit par":"adrian reutimann","Dur\u00e9e de lecture estim\u00e9e":"1 minute"},"schema":{"@context":"https:\/\/schema.org","@graph":[{"@type":"Article","@id":"https:\/\/permakultur-landwirtschaft.org\/agroforst-zum-mithoeren-podcasts-der-ig-agroforst-schweiz\/#article","isPartOf":{"@id":"https:\/\/permakultur-landwirtschaft.org\/agroforst-zum-mithoeren-podcasts-der-ig-agroforst-schweiz\/"},"author":{"name":"adrian reutimann","@id":"https:\/\/permakultur-landwirtschaft.org\/#\/schema\/person\/6b0467872f75aed3e144093f9bf4f0b0"},"headline":"Agroforst zum Mith\u00f6ren &#8211; Podcasts der IG Agroforst Schweiz","datePublished":"2023-05-11T14:46:00+00:00","dateModified":"2023-05-17T14:52:31+00:00","mainEntityOfPage":{"@id":"https:\/\/permakultur-landwirtschaft.org\/agroforst-zum-mithoeren-podcasts-der-ig-agroforst-schweiz\/"},"wordCount":128,"publisher":{"@id":"https:\/\/permakultur-landwirtschaft.org\/#organization"},"image":{"@id":"https:\/\/permakultur-landwirtschaft.org\/agroforst-zum-mithoeren-podcasts-der-ig-agroforst-schweiz\/#primaryimage"},"thumbnailUrl":"https:\/\/permakultur-landwirtschaft.org\/wp-content\/uploads\/2023\/05\/20230517_agroforst_podcast_60854458c4d1acdf4e1c2f79c4137142d85d78e379bdafbd69bd34c85f5819ad.jpg","articleSection":["Neuigkeit"],"inLanguage":"fr-FR"},{"@type":"WebPage","@id":"https:\/\/permakultur-landwirtschaft.org\/agroforst-zum-mithoeren-podcasts-der-ig-agroforst-schweiz\/","url":"https:\/\/permakultur-landwirtschaft.org\/agroforst-zum-mithoeren-podcasts-der-ig-agroforst-schweiz\/","name":"Agroforst zum Mith\u00f6ren - Podcasts der IG Agroforst Schweiz - Permakultur-Landwirtschaft","isPartOf":{"@id":"https:\/\/permakultur-landwirtschaft.org\/#website"},"primaryImageOfPage":{"@id":"https:\/\/permakultur-landwirtschaft.org\/agroforst-zum-mithoeren-podcasts-der-ig-agroforst-schweiz\/#primaryimage"},"image":{"@id":"https:\/\/permakultur-landwirtschaft.org\/agroforst-zum-mithoeren-podcasts-der-ig-agroforst-schweiz\/#primaryimage"},"thumbnailUrl":"https:\/\/permakultur-landwirtschaft.org\/wp-content\/uploads\/2023\/05\/20230517_agroforst_podcast_60854458c4d1acdf4e1c2f79c4137142d85d78e379bdafbd69bd34c85f5819ad.jpg","datePublished":"2023-05-11T14:46:00+00:00","dateModified":"2023-05-17T14:52:31+00:00","breadcrumb":{"@id":"https:\/\/permakultur-landwirtschaft.org\/agroforst-zum-mithoeren-podcasts-der-ig-agroforst-schweiz\/#breadcrumb"},"inLanguage":"fr-FR","potentialAction":[{"@type":"ReadAction","target":["https:\/\/permakultur-landwirtschaft.org\/agroforst-zum-mithoeren-podcasts-der-ig-agroforst-schweiz\/"]}]},{"@type":"ImageObject","inLanguage":"fr-FR","@id":"https:\/\/permakultur-landwirtschaft.org\/agroforst-zum-mithoeren-podcasts-der-ig-agroforst-schweiz\/#primaryimage","url":"https:\/\/permakultur-landwirtschaft.org\/wp-content\/uploads\/2023\/05\/20230517_agroforst_podcast_60854458c4d1acdf4e1c2f79c4137142d85d78e379bdafbd69bd34c85f5819ad.jpg","contentUrl":"https:\/\/permakultur-landwirtschaft.org\/wp-content\/uploads\/2023\/05\/20230517_agroforst_podcast_60854458c4d1acdf4e1c2f79c4137142d85d78e379bdafbd69bd34c85f5819ad.jpg","width":700,"height":700},{"@type":"BreadcrumbList","@id":"https:\/\/permakultur-landwirtschaft.org\/agroforst-zum-mithoeren-podcasts-der-ig-agroforst-schweiz\/#breadcrumb","itemListElement":[{"@type":"ListItem","position":1,"name":"Startseite","item":"https:\/\/permakultur-landwirtschaft.org\/"},{"@type":"ListItem","position":2,"name":"Agroforst zum Mith\u00f6ren &#8211; Podcasts der IG Agroforst Schweiz"}]},{"@type":"WebSite","@id":"https:\/\/permakultur-landwirtschaft.org\/#website","url":"https:\/\/permakultur-landwirtschaft.org\/","name":"Permakultur-Landwirtschaft","description":"F\u00f6rderung der Permakultur in der Landwirtschaft","publisher":{"@id":"https:\/\/permakultur-landwirtschaft.org\/#organization"},"potentialAction":[{"@type":"SearchAction","target":{"@type":"EntryPoint","urlTemplate":"https:\/\/permakultur-landwirtschaft.org\/?s={search_term_string}"},"query-input":{"@type":"PropertyValueSpecification","valueRequired":true,"valueName":"search_term_string"}}],"inLanguage":"fr-FR"},{"@type":"Organization","@id":"https:\/\/permakultur-landwirtschaft.org\/#organization","name":"Permakultur-Landwirtschaft","alternateName":"Verein Permakultur-Landwirtschaft","url":"https:\/\/permakultur-landwirtschaft.org\/","logo":{"@type":"ImageObject","inLanguage":"fr-FR","@id":"https:\/\/permakultur-landwirtschaft.org\/#\/schema\/logo\/image\/","url":"https:\/\/permakultur-landwirtschaft.org\/wp-content\/uploads\/2021\/11\/pela_1268x1269.png","contentUrl":"https:\/\/permakultur-landwirtschaft.org\/wp-content\/uploads\/2021\/11\/pela_1268x1269.png","width":1298,"height":1269,"caption":"Permakultur-Landwirtschaft"},"image":{"@id":"https:\/\/permakultur-landwirtschaft.org\/#\/schema\/logo\/image\/"},"sameAs":["https:\/\/www.facebook.com\/PermakulturLandwirtschaft","https:\/\/www.instagram.com\/permakultur_landwirtschaft\/","https:\/\/www.flickr.com\/photos\/permakultur-landwirtschaft","https:\/\/www.youtube.com\/@PermakulturLandwirtschaft"]},{"@type":"Person","@id":"https:\/\/permakultur-landwirtschaft.org\/#\/schema\/person\/6b0467872f75aed3e144093f9bf4f0b0","name":"adrian reutimann","url":"https:\/\/permakultur-landwirtschaft.org\/fr\/author\/reutiadr\/"}]}},"_links":{"self":[{"href":"https:\/\/permakultur-landwirtschaft.org\/fr\/wp-json\/wp\/v2\/posts\/30325","targetHints":{"allow":["GET"]}}],"collection":[{"href":"https:\/\/permakultur-landwirtschaft.org\/fr\/wp-json\/wp\/v2\/posts"}],"about":[{"href":"https:\/\/permakultur-landwirtschaft.org\/fr\/wp-json\/wp\/v2\/types\/post"}],"author":[{"embeddable":true,"href":"https:\/\/permakultur-landwirtschaft.org\/fr\/wp-json\/wp\/v2\/users\/2"}],"replies":[{"embeddable":true,"href":"https:\/\/permakultur-landwirtschaft.org\/fr\/wp-json\/wp\/v2\/comments?post=30325"}],"version-history":[{"count":3,"href":"https:\/\/permakultur-landwirtschaft.org\/fr\/wp-json\/wp\/v2\/posts\/30325\/revisions"}],"predecessor-version":[{"id":30329,"href":"https:\/\/permakultur-landwirtschaft.org\/fr\/wp-json\/wp\/v2\/posts\/30325\/revisions\/30329"}],"wp:featuredmedia":[{"embeddable":true,"href":"https:\/\/permakultur-landwirtschaft.org\/fr\/wp-json\/wp\/v2\/media\/30326"}],"wp:attachment":[{"href":"https:\/\/permakultur-landwirtschaft.org\/fr\/wp-json\/wp\/v2\/media?parent=30325"}],"wp:term":[{"taxonomy":"category","embeddable":true,"href":"https:\/\/permakultur-landwirtschaft.org\/fr\/wp-json\/wp\/v2\/categories?post=30325"},{"taxonomy":"post_tag","embeddable":true,"href":"https:\/\/permakultur-landwirtschaft.org\/fr\/wp-json\/wp\/v2\/tags?post=30325"}],"curies":[{"name":"wp","href":"https:\/\/api.w.org\/{rel}","templated":true}]}}