{"id":30224,"date":"2023-05-04T09:40:00","date_gmt":"2023-05-04T07:40:00","guid":{"rendered":"https:\/\/permakultur-landwirtschaft.org\/?p=30224"},"modified":"2023-05-11T09:45:14","modified_gmt":"2023-05-11T07:45:14","slug":"kulturlandschaftspreis-fuer-die-permakultur-der-schweibenalp-jungfrauzeitung-vom-04-mai-2023","status":"publish","type":"post","link":"https:\/\/permakultur-landwirtschaft.org\/fr\/kulturlandschaftspreis-fuer-die-permakultur-der-schweibenalp-jungfrauzeitung-vom-04-mai-2023\/","title":{"rendered":"Kulturlandschaftspreis f\u00fcr die Permakultur der Schweibenalp &#8211; Jungfrauzeitung vom 04. Mai 2023"},"content":{"rendered":"<p>Text von jungfrauzeitung.ch:<\/p>\n\n\n\n<p>Die Jury verlieh 2022 einen Spezialpreis an die Schweibenalp in Brienz, welche nach dem System der Permakultur bewirtschaftet wird. Das 4,7 Hektar grosse Gebiet liegt auf 1100 Meter oberhalb des Brienzersees und Giessbachtals, ist aber keine Alp, wie der Name vermuten l\u00e4sst, sondern landwirtschaftliche Nutzfl\u00e4che.<\/p>\n\n\n\n<p>Davon geh\u00f6rt knapp die H\u00e4lfte zu den Biodiversit\u00e4tsfl\u00e4chen. Hinzu kommen Hecken, ein Obstgarten von hoher \u00f6kologischer Qualit\u00e4t mit 57 B\u00e4umen sowie eine eindr\u00fcckliche Allee aus alten Ahornb\u00e4umen. Als Permakultur sind im landwirtschaftlichen System 45 Ar angemeldet, dazu geh\u00f6ren Kr\u00e4uter-, Gem\u00fcse- und Saatgut-Anbau. Auf weiteren elf Ar werden Medizinalpflanzen kultiviert, zudem gibt es noch 0,7 Ar Beerenstr\u00e4ucher. Betrieben wird auch eine kleine Imkerei, es gibt Wasserstellen und Wildniszonen.<\/p>\n\n\n\n<p>Mit der Bewirtschaftung nach dem System der Permakultur wird hier angestrebt, die landwirtschaftliche Nutzfl\u00e4che im Sinne der Nachhaltigkeit und biologisch zu bewirtschaften, Kreisl\u00e4ufe zu schliessen, die Bodenfruchtbarkeit zu erhalten und zu f\u00f6rdern sowie Produkte zur Selbstversorgung und f\u00fcr den Verkauf herzustellen, wie zum Beispiel Setzlinge aus der G\u00e4rtnerei, Kr\u00e4uter, Gem\u00fcse, Stauden, S\u00e4mereien, Medizinalpflanzen, Pilze, Obst und Beeren.<\/p>\n\n\n\n<p>Link zum Artikel: <a href=\"https:\/\/www.jungfrauzeitung.ch\/artikel\/209629\/\" target=\"_blank\" rel=\"noreferrer noopener\">www.jungfrauzeitung.ch\/artikel\/209629<\/a><\/p>\n\n\n\n<figure class=\"wp-block-image size-full\"><a href=\"https:\/\/www.jungfrauzeitung.ch\/artikel\/209629\/\" target=\"_blank\" rel=\"noreferrer noopener\"><img fetchpriority=\"high\" decoding=\"async\" width=\"704\" height=\"469\" src=\"https:\/\/permakultur-landwirtschaft.org\/wp-content\/uploads\/2023\/05\/20230511_schweibenalp_jungfrau_gosimg10OH02c001d5808080b3000012019gig.jpg\" alt=\"\" class=\"wp-image-30225\" srcset=\"https:\/\/permakultur-landwirtschaft.org\/wp-content\/uploads\/2023\/05\/20230511_schweibenalp_jungfrau_gosimg10OH02c001d5808080b3000012019gig.jpg 704w, https:\/\/permakultur-landwirtschaft.org\/wp-content\/uploads\/2023\/05\/20230511_schweibenalp_jungfrau_gosimg10OH02c001d5808080b3000012019gig-300x200.jpg 300w, https:\/\/permakultur-landwirtschaft.org\/wp-content\/uploads\/2023\/05\/20230511_schweibenalp_jungfrau_gosimg10OH02c001d5808080b3000012019gig-272x182.jpg 272w\" sizes=\"(max-width: 704px) 100vw, 704px\" \/><\/a><figcaption class=\"wp-element-caption\">Bild: jungfrauzeitung.ch<\/figcaption><\/figure>\n\n\n\n<hr class=\"wp-block-separator has-alpha-channel-opacity\"\/>\n\n\n\n<h3 class=\"wp-block-heading\"><a href=\"https:\/\/permakultur-landwirtschaft.org\/fr\/stellenangebote-im-bereich-permakultur\/\"><\/a><a href=\"https:\/\/permakultur-landwirtschaft.org\/fr\/medien\/\"><\/a><a href=\"https:\/\/permakultur-landwirtschaft.org\/fr\/medien\/\">Hier geht&#8217;s zur \u00dcbersicht aller Neuigkeiten<\/a><br><a href=\"https:\/\/permakultur-landwirtschaft.org\/fr\/medien\/\">Cliquez ici pour un aper\u00e7u de toutes les nouveau<\/a><\/h3>","protected":false},"excerpt":{"rendered":"<p>Text von jungfrauzeitung.ch: Die Jury verlieh 2022 einen Spezialpreis an die Schweibenalp in Brienz, welche nach dem System der Permakultur bewirtschaftet wird. Das 4,7 Hektar grosse Gebiet liegt auf 1100 Meter oberhalb des Brienzersees und Giessbachtals, ist aber keine Alp, wie der Name vermuten l\u00e4sst, sondern landwirtschaftliche Nutzfl\u00e4che. Davon geh\u00f6rt knapp die H\u00e4lfte zu den [&hellip;]<\/p>\n","protected":false},"author":2,"featured_media":30225,"comment_status":"closed","ping_status":"closed","sticky":false,"template":"","format":"standard","meta":{"_acf_changed":false,"site-sidebar-layout":"default","site-content-layout":"","ast-site-content-layout":"default","site-content-style":"default","site-sidebar-style":"default","ast-global-header-display":"","ast-banner-title-visibility":"","ast-main-header-display":"","ast-hfb-above-header-display":"","ast-hfb-below-header-display":"","ast-hfb-mobile-header-display":"","site-post-title":"","ast-breadcrumbs-content":"","ast-featured-img":"","footer-sml-layout":"","ast-disable-related-posts":"","theme-transparent-header-meta":"","adv-header-id-meta":"","stick-header-meta":"","header-above-stick-meta":"","header-main-stick-meta":"","header-below-stick-meta":"","astra-migrate-meta-layouts":"default","ast-page-background-enabled":"default","ast-page-background-meta":{"desktop":{"background-color":"var(--ast-global-color-4)","background-image":"","background-repeat":"repeat","background-position":"center center","background-size":"auto","background-attachment":"scroll","background-type":"","background-media":"","overlay-type":"","overlay-color":"","overlay-opacity":"","overlay-gradient":""},"tablet":{"background-color":"","background-image":"","background-repeat":"repeat","background-position":"center center","background-size":"auto","background-attachment":"scroll","background-type":"","background-media":"","overlay-type":"","overlay-color":"","overlay-opacity":"","overlay-gradient":""},"mobile":{"background-color":"","background-image":"","background-repeat":"repeat","background-position":"center center","background-size":"auto","background-attachment":"scroll","background-type":"","background-media":"","overlay-type":"","overlay-color":"","overlay-opacity":"","overlay-gradient":""}},"ast-content-background-meta":{"desktop":{"background-color":"var(--ast-global-color-5)","background-image":"","background-repeat":"repeat","background-position":"center center","background-size":"auto","background-attachment":"scroll","background-type":"","background-media":"","overlay-type":"","overlay-color":"","overlay-opacity":"","overlay-gradient":""},"tablet":{"background-color":"var(--ast-global-color-5)","background-image":"","background-repeat":"repeat","background-position":"center center","background-size":"auto","background-attachment":"scroll","background-type":"","background-media":"","overlay-type":"","overlay-color":"","overlay-opacity":"","overlay-gradient":""},"mobile":{"background-color":"var(--ast-global-color-5)","background-image":"","background-repeat":"repeat","background-position":"center center","background-size":"auto","background-attachment":"scroll","background-type":"","background-media":"","overlay-type":"","overlay-color":"","overlay-opacity":"","overlay-gradient":""}},"footnotes":""},"categories":[22],"tags":[],"class_list":["post-30224","post","type-post","status-publish","format-standard","has-post-thumbnail","hentry","category-neuigkeit"],"acf":[],"yoast_head":"<!-- This site is optimized with the Yoast SEO plugin v27.5 - https:\/\/yoast.com\/product\/yoast-seo-wordpress\/ -->\n<title>Kulturlandschaftspreis f\u00fcr die Permakultur der Schweibenalp - Jungfrauzeitung vom 04. Mai 2023 - Permakultur-Landwirtschaft<\/title>\n<meta name=\"robots\" content=\"index, follow, max-snippet:-1, max-image-preview:large, max-video-preview:-1\" \/>\n<link rel=\"canonical\" href=\"https:\/\/permakultur-landwirtschaft.org\/fr\/kulturlandschaftspreis-fuer-die-permakultur-der-schweibenalp-jungfrauzeitung-vom-04-mai-2023\/\" \/>\n<meta property=\"og:locale\" content=\"fr_FR\" \/>\n<meta property=\"og:type\" content=\"article\" \/>\n<meta property=\"og:title\" content=\"Kulturlandschaftspreis f\u00fcr die Permakultur der Schweibenalp - Jungfrauzeitung vom 04. Mai 2023 - Permakultur-Landwirtschaft\" \/>\n<meta property=\"og:description\" content=\"Text von jungfrauzeitung.ch: Die Jury verlieh 2022 einen Spezialpreis an die Schweibenalp in Brienz, welche nach dem System der Permakultur bewirtschaftet wird. Das 4,7 Hektar grosse Gebiet liegt auf 1100 Meter oberhalb des Brienzersees und Giessbachtals, ist aber keine Alp, wie der Name vermuten l\u00e4sst, sondern landwirtschaftliche Nutzfl\u00e4che. Davon geh\u00f6rt knapp die H\u00e4lfte zu den [&hellip;]\" \/>\n<meta property=\"og:url\" content=\"https:\/\/permakultur-landwirtschaft.org\/fr\/kulturlandschaftspreis-fuer-die-permakultur-der-schweibenalp-jungfrauzeitung-vom-04-mai-2023\/\" \/>\n<meta property=\"og:site_name\" content=\"Permakultur-Landwirtschaft\" \/>\n<meta property=\"article:publisher\" content=\"https:\/\/www.facebook.com\/PermakulturLandwirtschaft\" \/>\n<meta property=\"article:published_time\" content=\"2023-05-04T07:40:00+00:00\" \/>\n<meta property=\"article:modified_time\" content=\"2023-05-11T07:45:14+00:00\" \/>\n<meta property=\"og:image\" content=\"https:\/\/permakultur-landwirtschaft.org\/wp-content\/uploads\/2023\/05\/20230511_schweibenalp_jungfrau_gosimg10OH02c001d5808080b3000012019gig.jpg\" \/>\n\t<meta property=\"og:image:width\" content=\"704\" \/>\n\t<meta property=\"og:image:height\" content=\"469\" \/>\n\t<meta property=\"og:image:type\" content=\"image\/jpeg\" \/>\n<meta name=\"author\" content=\"adrian reutimann\" \/>\n<meta name=\"twitter:card\" content=\"summary_large_image\" \/>\n<meta name=\"twitter:label1\" content=\"\u00c9crit par\" \/>\n\t<meta name=\"twitter:data1\" content=\"adrian reutimann\" \/>\n\t<meta name=\"twitter:label2\" content=\"Dur\u00e9e de lecture estim\u00e9e\" \/>\n\t<meta name=\"twitter:data2\" content=\"2 minutes\" \/>\n<script type=\"application\/ld+json\" class=\"yoast-schema-graph\">{\"@context\":\"https:\\\/\\\/schema.org\",\"@graph\":[{\"@type\":\"Article\",\"@id\":\"https:\\\/\\\/permakultur-landwirtschaft.org\\\/kulturlandschaftspreis-fuer-die-permakultur-der-schweibenalp-jungfrauzeitung-vom-04-mai-2023\\\/#article\",\"isPartOf\":{\"@id\":\"https:\\\/\\\/permakultur-landwirtschaft.org\\\/kulturlandschaftspreis-fuer-die-permakultur-der-schweibenalp-jungfrauzeitung-vom-04-mai-2023\\\/\"},\"author\":{\"name\":\"adrian reutimann\",\"@id\":\"https:\\\/\\\/permakultur-landwirtschaft.org\\\/#\\\/schema\\\/person\\\/6b0467872f75aed3e144093f9bf4f0b0\"},\"headline\":\"Kulturlandschaftspreis f\u00fcr die Permakultur der Schweibenalp &#8211; Jungfrauzeitung vom 04. Mai 2023\",\"datePublished\":\"2023-05-04T07:40:00+00:00\",\"dateModified\":\"2023-05-11T07:45:14+00:00\",\"mainEntityOfPage\":{\"@id\":\"https:\\\/\\\/permakultur-landwirtschaft.org\\\/kulturlandschaftspreis-fuer-die-permakultur-der-schweibenalp-jungfrauzeitung-vom-04-mai-2023\\\/\"},\"wordCount\":227,\"publisher\":{\"@id\":\"https:\\\/\\\/permakultur-landwirtschaft.org\\\/#organization\"},\"image\":{\"@id\":\"https:\\\/\\\/permakultur-landwirtschaft.org\\\/kulturlandschaftspreis-fuer-die-permakultur-der-schweibenalp-jungfrauzeitung-vom-04-mai-2023\\\/#primaryimage\"},\"thumbnailUrl\":\"https:\\\/\\\/permakultur-landwirtschaft.org\\\/wp-content\\\/uploads\\\/2023\\\/05\\\/20230511_schweibenalp_jungfrau_gosimg10OH02c001d5808080b3000012019gig.jpg\",\"articleSection\":[\"Neuigkeit\"],\"inLanguage\":\"fr-FR\"},{\"@type\":\"WebPage\",\"@id\":\"https:\\\/\\\/permakultur-landwirtschaft.org\\\/kulturlandschaftspreis-fuer-die-permakultur-der-schweibenalp-jungfrauzeitung-vom-04-mai-2023\\\/\",\"url\":\"https:\\\/\\\/permakultur-landwirtschaft.org\\\/kulturlandschaftspreis-fuer-die-permakultur-der-schweibenalp-jungfrauzeitung-vom-04-mai-2023\\\/\",\"name\":\"Kulturlandschaftspreis f\u00fcr die Permakultur der Schweibenalp - Jungfrauzeitung vom 04. Mai 2023 - Permakultur-Landwirtschaft\",\"isPartOf\":{\"@id\":\"https:\\\/\\\/permakultur-landwirtschaft.org\\\/#website\"},\"primaryImageOfPage\":{\"@id\":\"https:\\\/\\\/permakultur-landwirtschaft.org\\\/kulturlandschaftspreis-fuer-die-permakultur-der-schweibenalp-jungfrauzeitung-vom-04-mai-2023\\\/#primaryimage\"},\"image\":{\"@id\":\"https:\\\/\\\/permakultur-landwirtschaft.org\\\/kulturlandschaftspreis-fuer-die-permakultur-der-schweibenalp-jungfrauzeitung-vom-04-mai-2023\\\/#primaryimage\"},\"thumbnailUrl\":\"https:\\\/\\\/permakultur-landwirtschaft.org\\\/wp-content\\\/uploads\\\/2023\\\/05\\\/20230511_schweibenalp_jungfrau_gosimg10OH02c001d5808080b3000012019gig.jpg\",\"datePublished\":\"2023-05-04T07:40:00+00:00\",\"dateModified\":\"2023-05-11T07:45:14+00:00\",\"breadcrumb\":{\"@id\":\"https:\\\/\\\/permakultur-landwirtschaft.org\\\/kulturlandschaftspreis-fuer-die-permakultur-der-schweibenalp-jungfrauzeitung-vom-04-mai-2023\\\/#breadcrumb\"},\"inLanguage\":\"fr-FR\",\"potentialAction\":[{\"@type\":\"ReadAction\",\"target\":[\"https:\\\/\\\/permakultur-landwirtschaft.org\\\/kulturlandschaftspreis-fuer-die-permakultur-der-schweibenalp-jungfrauzeitung-vom-04-mai-2023\\\/\"]}]},{\"@type\":\"ImageObject\",\"inLanguage\":\"fr-FR\",\"@id\":\"https:\\\/\\\/permakultur-landwirtschaft.org\\\/kulturlandschaftspreis-fuer-die-permakultur-der-schweibenalp-jungfrauzeitung-vom-04-mai-2023\\\/#primaryimage\",\"url\":\"https:\\\/\\\/permakultur-landwirtschaft.org\\\/wp-content\\\/uploads\\\/2023\\\/05\\\/20230511_schweibenalp_jungfrau_gosimg10OH02c001d5808080b3000012019gig.jpg\",\"contentUrl\":\"https:\\\/\\\/permakultur-landwirtschaft.org\\\/wp-content\\\/uploads\\\/2023\\\/05\\\/20230511_schweibenalp_jungfrau_gosimg10OH02c001d5808080b3000012019gig.jpg\",\"width\":704,\"height\":469,\"caption\":\"Bild:alpine-permakultur.ch\"},{\"@type\":\"BreadcrumbList\",\"@id\":\"https:\\\/\\\/permakultur-landwirtschaft.org\\\/kulturlandschaftspreis-fuer-die-permakultur-der-schweibenalp-jungfrauzeitung-vom-04-mai-2023\\\/#breadcrumb\",\"itemListElement\":[{\"@type\":\"ListItem\",\"position\":1,\"name\":\"Startseite\",\"item\":\"https:\\\/\\\/permakultur-landwirtschaft.org\\\/\"},{\"@type\":\"ListItem\",\"position\":2,\"name\":\"Kulturlandschaftspreis f\u00fcr die Permakultur der Schweibenalp &#8211; Jungfrauzeitung vom 04. Mai 2023\"}]},{\"@type\":\"WebSite\",\"@id\":\"https:\\\/\\\/permakultur-landwirtschaft.org\\\/#website\",\"url\":\"https:\\\/\\\/permakultur-landwirtschaft.org\\\/\",\"name\":\"Permakultur-Landwirtschaft\",\"description\":\"F\u00f6rderung der Permakultur in der Landwirtschaft\",\"publisher\":{\"@id\":\"https:\\\/\\\/permakultur-landwirtschaft.org\\\/#organization\"},\"potentialAction\":[{\"@type\":\"SearchAction\",\"target\":{\"@type\":\"EntryPoint\",\"urlTemplate\":\"https:\\\/\\\/permakultur-landwirtschaft.org\\\/?s={search_term_string}\"},\"query-input\":{\"@type\":\"PropertyValueSpecification\",\"valueRequired\":true,\"valueName\":\"search_term_string\"}}],\"inLanguage\":\"fr-FR\"},{\"@type\":\"Organization\",\"@id\":\"https:\\\/\\\/permakultur-landwirtschaft.org\\\/#organization\",\"name\":\"Permakultur-Landwirtschaft\",\"alternateName\":\"Verein Permakultur-Landwirtschaft\",\"url\":\"https:\\\/\\\/permakultur-landwirtschaft.org\\\/\",\"logo\":{\"@type\":\"ImageObject\",\"inLanguage\":\"fr-FR\",\"@id\":\"https:\\\/\\\/permakultur-landwirtschaft.org\\\/#\\\/schema\\\/logo\\\/image\\\/\",\"url\":\"https:\\\/\\\/permakultur-landwirtschaft.org\\\/wp-content\\\/uploads\\\/2021\\\/11\\\/pela_1268x1269.png\",\"contentUrl\":\"https:\\\/\\\/permakultur-landwirtschaft.org\\\/wp-content\\\/uploads\\\/2021\\\/11\\\/pela_1268x1269.png\",\"width\":1298,\"height\":1269,\"caption\":\"Permakultur-Landwirtschaft\"},\"image\":{\"@id\":\"https:\\\/\\\/permakultur-landwirtschaft.org\\\/#\\\/schema\\\/logo\\\/image\\\/\"},\"sameAs\":[\"https:\\\/\\\/www.facebook.com\\\/PermakulturLandwirtschaft\",\"https:\\\/\\\/www.instagram.com\\\/permakultur_landwirtschaft\\\/\",\"https:\\\/\\\/www.flickr.com\\\/photos\\\/permakultur-landwirtschaft\",\"https:\\\/\\\/www.youtube.com\\\/@PermakulturLandwirtschaft\"]},{\"@type\":\"Person\",\"@id\":\"https:\\\/\\\/permakultur-landwirtschaft.org\\\/#\\\/schema\\\/person\\\/6b0467872f75aed3e144093f9bf4f0b0\",\"name\":\"adrian reutimann\",\"url\":\"https:\\\/\\\/permakultur-landwirtschaft.org\\\/fr\\\/author\\\/reutiadr\\\/\"}]}<\/script>\n<!-- \/ Yoast SEO plugin. -->","yoast_head_json":{"title":"Kulturlandschaftspreis f\u00fcr die Permakultur der Schweibenalp - Jungfrauzeitung vom 04. Mai 2023 - Permakultur-Landwirtschaft","robots":{"index":"index","follow":"follow","max-snippet":"max-snippet:-1","max-image-preview":"max-image-preview:large","max-video-preview":"max-video-preview:-1"},"canonical":"https:\/\/permakultur-landwirtschaft.org\/fr\/kulturlandschaftspreis-fuer-die-permakultur-der-schweibenalp-jungfrauzeitung-vom-04-mai-2023\/","og_locale":"fr_FR","og_type":"article","og_title":"Kulturlandschaftspreis f\u00fcr die Permakultur der Schweibenalp - Jungfrauzeitung vom 04. Mai 2023 - Permakultur-Landwirtschaft","og_description":"Text von jungfrauzeitung.ch: Die Jury verlieh 2022 einen Spezialpreis an die Schweibenalp in Brienz, welche nach dem System der Permakultur bewirtschaftet wird. Das 4,7 Hektar grosse Gebiet liegt auf 1100 Meter oberhalb des Brienzersees und Giessbachtals, ist aber keine Alp, wie der Name vermuten l\u00e4sst, sondern landwirtschaftliche Nutzfl\u00e4che. Davon geh\u00f6rt knapp die H\u00e4lfte zu den [&hellip;]","og_url":"https:\/\/permakultur-landwirtschaft.org\/fr\/kulturlandschaftspreis-fuer-die-permakultur-der-schweibenalp-jungfrauzeitung-vom-04-mai-2023\/","og_site_name":"Permakultur-Landwirtschaft","article_publisher":"https:\/\/www.facebook.com\/PermakulturLandwirtschaft","article_published_time":"2023-05-04T07:40:00+00:00","article_modified_time":"2023-05-11T07:45:14+00:00","og_image":[{"width":704,"height":469,"url":"https:\/\/permakultur-landwirtschaft.org\/wp-content\/uploads\/2023\/05\/20230511_schweibenalp_jungfrau_gosimg10OH02c001d5808080b3000012019gig.jpg","type":"image\/jpeg"}],"author":"adrian reutimann","twitter_card":"summary_large_image","twitter_misc":{"\u00c9crit par":"adrian reutimann","Dur\u00e9e de lecture estim\u00e9e":"2 minutes"},"schema":{"@context":"https:\/\/schema.org","@graph":[{"@type":"Article","@id":"https:\/\/permakultur-landwirtschaft.org\/kulturlandschaftspreis-fuer-die-permakultur-der-schweibenalp-jungfrauzeitung-vom-04-mai-2023\/#article","isPartOf":{"@id":"https:\/\/permakultur-landwirtschaft.org\/kulturlandschaftspreis-fuer-die-permakultur-der-schweibenalp-jungfrauzeitung-vom-04-mai-2023\/"},"author":{"name":"adrian reutimann","@id":"https:\/\/permakultur-landwirtschaft.org\/#\/schema\/person\/6b0467872f75aed3e144093f9bf4f0b0"},"headline":"Kulturlandschaftspreis f\u00fcr die Permakultur der Schweibenalp &#8211; Jungfrauzeitung vom 04. Mai 2023","datePublished":"2023-05-04T07:40:00+00:00","dateModified":"2023-05-11T07:45:14+00:00","mainEntityOfPage":{"@id":"https:\/\/permakultur-landwirtschaft.org\/kulturlandschaftspreis-fuer-die-permakultur-der-schweibenalp-jungfrauzeitung-vom-04-mai-2023\/"},"wordCount":227,"publisher":{"@id":"https:\/\/permakultur-landwirtschaft.org\/#organization"},"image":{"@id":"https:\/\/permakultur-landwirtschaft.org\/kulturlandschaftspreis-fuer-die-permakultur-der-schweibenalp-jungfrauzeitung-vom-04-mai-2023\/#primaryimage"},"thumbnailUrl":"https:\/\/permakultur-landwirtschaft.org\/wp-content\/uploads\/2023\/05\/20230511_schweibenalp_jungfrau_gosimg10OH02c001d5808080b3000012019gig.jpg","articleSection":["Neuigkeit"],"inLanguage":"fr-FR"},{"@type":"WebPage","@id":"https:\/\/permakultur-landwirtschaft.org\/kulturlandschaftspreis-fuer-die-permakultur-der-schweibenalp-jungfrauzeitung-vom-04-mai-2023\/","url":"https:\/\/permakultur-landwirtschaft.org\/kulturlandschaftspreis-fuer-die-permakultur-der-schweibenalp-jungfrauzeitung-vom-04-mai-2023\/","name":"Kulturlandschaftspreis f\u00fcr die Permakultur der Schweibenalp - Jungfrauzeitung vom 04. Mai 2023 - Permakultur-Landwirtschaft","isPartOf":{"@id":"https:\/\/permakultur-landwirtschaft.org\/#website"},"primaryImageOfPage":{"@id":"https:\/\/permakultur-landwirtschaft.org\/kulturlandschaftspreis-fuer-die-permakultur-der-schweibenalp-jungfrauzeitung-vom-04-mai-2023\/#primaryimage"},"image":{"@id":"https:\/\/permakultur-landwirtschaft.org\/kulturlandschaftspreis-fuer-die-permakultur-der-schweibenalp-jungfrauzeitung-vom-04-mai-2023\/#primaryimage"},"thumbnailUrl":"https:\/\/permakultur-landwirtschaft.org\/wp-content\/uploads\/2023\/05\/20230511_schweibenalp_jungfrau_gosimg10OH02c001d5808080b3000012019gig.jpg","datePublished":"2023-05-04T07:40:00+00:00","dateModified":"2023-05-11T07:45:14+00:00","breadcrumb":{"@id":"https:\/\/permakultur-landwirtschaft.org\/kulturlandschaftspreis-fuer-die-permakultur-der-schweibenalp-jungfrauzeitung-vom-04-mai-2023\/#breadcrumb"},"inLanguage":"fr-FR","potentialAction":[{"@type":"ReadAction","target":["https:\/\/permakultur-landwirtschaft.org\/kulturlandschaftspreis-fuer-die-permakultur-der-schweibenalp-jungfrauzeitung-vom-04-mai-2023\/"]}]},{"@type":"ImageObject","inLanguage":"fr-FR","@id":"https:\/\/permakultur-landwirtschaft.org\/kulturlandschaftspreis-fuer-die-permakultur-der-schweibenalp-jungfrauzeitung-vom-04-mai-2023\/#primaryimage","url":"https:\/\/permakultur-landwirtschaft.org\/wp-content\/uploads\/2023\/05\/20230511_schweibenalp_jungfrau_gosimg10OH02c001d5808080b3000012019gig.jpg","contentUrl":"https:\/\/permakultur-landwirtschaft.org\/wp-content\/uploads\/2023\/05\/20230511_schweibenalp_jungfrau_gosimg10OH02c001d5808080b3000012019gig.jpg","width":704,"height":469,"caption":"Bild:alpine-permakultur.ch"},{"@type":"BreadcrumbList","@id":"https:\/\/permakultur-landwirtschaft.org\/kulturlandschaftspreis-fuer-die-permakultur-der-schweibenalp-jungfrauzeitung-vom-04-mai-2023\/#breadcrumb","itemListElement":[{"@type":"ListItem","position":1,"name":"Startseite","item":"https:\/\/permakultur-landwirtschaft.org\/"},{"@type":"ListItem","position":2,"name":"Kulturlandschaftspreis f\u00fcr die Permakultur der Schweibenalp &#8211; Jungfrauzeitung vom 04. Mai 2023"}]},{"@type":"WebSite","@id":"https:\/\/permakultur-landwirtschaft.org\/#website","url":"https:\/\/permakultur-landwirtschaft.org\/","name":"Permakultur-Landwirtschaft","description":"F\u00f6rderung der Permakultur in der Landwirtschaft","publisher":{"@id":"https:\/\/permakultur-landwirtschaft.org\/#organization"},"potentialAction":[{"@type":"SearchAction","target":{"@type":"EntryPoint","urlTemplate":"https:\/\/permakultur-landwirtschaft.org\/?s={search_term_string}"},"query-input":{"@type":"PropertyValueSpecification","valueRequired":true,"valueName":"search_term_string"}}],"inLanguage":"fr-FR"},{"@type":"Organization","@id":"https:\/\/permakultur-landwirtschaft.org\/#organization","name":"Permakultur-Landwirtschaft","alternateName":"Verein Permakultur-Landwirtschaft","url":"https:\/\/permakultur-landwirtschaft.org\/","logo":{"@type":"ImageObject","inLanguage":"fr-FR","@id":"https:\/\/permakultur-landwirtschaft.org\/#\/schema\/logo\/image\/","url":"https:\/\/permakultur-landwirtschaft.org\/wp-content\/uploads\/2021\/11\/pela_1268x1269.png","contentUrl":"https:\/\/permakultur-landwirtschaft.org\/wp-content\/uploads\/2021\/11\/pela_1268x1269.png","width":1298,"height":1269,"caption":"Permakultur-Landwirtschaft"},"image":{"@id":"https:\/\/permakultur-landwirtschaft.org\/#\/schema\/logo\/image\/"},"sameAs":["https:\/\/www.facebook.com\/PermakulturLandwirtschaft","https:\/\/www.instagram.com\/permakultur_landwirtschaft\/","https:\/\/www.flickr.com\/photos\/permakultur-landwirtschaft","https:\/\/www.youtube.com\/@PermakulturLandwirtschaft"]},{"@type":"Person","@id":"https:\/\/permakultur-landwirtschaft.org\/#\/schema\/person\/6b0467872f75aed3e144093f9bf4f0b0","name":"adrian reutimann","url":"https:\/\/permakultur-landwirtschaft.org\/fr\/author\/reutiadr\/"}]}},"_links":{"self":[{"href":"https:\/\/permakultur-landwirtschaft.org\/fr\/wp-json\/wp\/v2\/posts\/30224","targetHints":{"allow":["GET"]}}],"collection":[{"href":"https:\/\/permakultur-landwirtschaft.org\/fr\/wp-json\/wp\/v2\/posts"}],"about":[{"href":"https:\/\/permakultur-landwirtschaft.org\/fr\/wp-json\/wp\/v2\/types\/post"}],"author":[{"embeddable":true,"href":"https:\/\/permakultur-landwirtschaft.org\/fr\/wp-json\/wp\/v2\/users\/2"}],"replies":[{"embeddable":true,"href":"https:\/\/permakultur-landwirtschaft.org\/fr\/wp-json\/wp\/v2\/comments?post=30224"}],"version-history":[{"count":1,"href":"https:\/\/permakultur-landwirtschaft.org\/fr\/wp-json\/wp\/v2\/posts\/30224\/revisions"}],"predecessor-version":[{"id":30226,"href":"https:\/\/permakultur-landwirtschaft.org\/fr\/wp-json\/wp\/v2\/posts\/30224\/revisions\/30226"}],"wp:featuredmedia":[{"embeddable":true,"href":"https:\/\/permakultur-landwirtschaft.org\/fr\/wp-json\/wp\/v2\/media\/30225"}],"wp:attachment":[{"href":"https:\/\/permakultur-landwirtschaft.org\/fr\/wp-json\/wp\/v2\/media?parent=30224"}],"wp:term":[{"taxonomy":"category","embeddable":true,"href":"https:\/\/permakultur-landwirtschaft.org\/fr\/wp-json\/wp\/v2\/categories?post=30224"},{"taxonomy":"post_tag","embeddable":true,"href":"https:\/\/permakultur-landwirtschaft.org\/fr\/wp-json\/wp\/v2\/tags?post=30224"}],"curies":[{"name":"wp","href":"https:\/\/api.w.org\/{rel}","templated":true}]}}