{"id":30122,"date":"2023-05-08T14:19:00","date_gmt":"2023-05-08T12:19:00","guid":{"rendered":"https:\/\/permakultur-landwirtschaft.org\/?p=30122"},"modified":"2023-05-09T09:17:28","modified_gmt":"2023-05-09T07:17:28","slug":"agroforst-kombiniert-baeume-mit-landwirtschaftlichen-kulturen-fuehrung-vom-08-mai-2023","status":"publish","type":"post","link":"https:\/\/permakultur-landwirtschaft.org\/fr\/agroforst-kombiniert-baeume-mit-landwirtschaftlichen-kulturen-fuehrung-vom-08-mai-2023\/","title":{"rendered":"Agroforst kombiniert B\u00e4ume mit landwirtschaftlichen Kulturen &#8211; F\u00fchrung vom 08. Mai 2023"},"content":{"rendered":"<p>Text von zhaw.ch:<\/p>\n\n\n\n<p>Die Landwirtschaft steht heute vor grossen Herausforderungen: Sicherung der Nahrungsmittelversorgung, F\u00f6rderung der Biodiversit\u00e4t und Resilienz gegen\u00fcber dem Klimawandel \u2013 diese und weitere Ziele sollen erreicht werden. Wie kann eine Landwirtschaft aussehen, die gleichzeitig produktiv und dennoch nachhaltig ist? Eine m\u00f6gliche Antwort sind die sogenannten Agroforstsysteme, bei denen B\u00e4ume und Str\u00e4ucher zusammen mit herk\u00f6mmlichen Ackerkulturen angebaut werden. Die Vorteile sind vielf\u00e4ltig: B\u00e4ume und Str\u00e4ucher bieten zus\u00e4tzliche Photosynthesefl\u00e4che, um die Mikroorganismen im Boden mit Kohlenstoff zu versorgen. Sie binden dar\u00fcber hinaus grosse Mengen an CO2 und tragen zur Reduktion von Treibhausgasemissionen aus der Landwirtschaft bei. Bl\u00fchende B\u00e4ume und Str\u00e4ucher bieten zudem V\u00f6geln und Insekten zus\u00e4tzliche Nahrung, Nist- und \u00dcberwinterungspl\u00e4tze. In dieser Montagsf\u00fchrung beleuchten wir dieses System genauer und thematisieren Vor- und Nachteile einer Kombination von B\u00e4umen mit landwirtschaftlichen Unterkulturen.<\/p>\n\n\n\n<h3 class=\"wp-block-heading\">Date \/ Datum<\/h3>\n\n\n\n<p>08. Mai 2023, 18:00 &#8211; 19:00<\/p>\n\n\n\n<h3 class=\"wp-block-heading\">Adresse<\/h3>\n\n\n\n<p>ZHAW, Campus Gr\u00fcental, Geb\u00e4ude GA, Hauptgeb\u00e4ude, W\u00e4denswil<br>Gr\u00fcentalstrasse 14<br>8820 W\u00e4denswil ZH<\/p>\n\n\n\n<h3 class=\"wp-block-heading\">Infos <\/h3>\n\n\n\n<p>Infos zu dem Anlass: <a href=\"https:\/\/www.zhaw.ch\/de\/lsfm\/ueber-uns\/offene-hochschule\/gaerten-im-grueental\/veranstaltungen\/detailansicht-veranstaltungen\/event-news\/montagsfuehrung-agroforst-kombiniert-baeume-mit-landwirtschaftlichen-kulturen\/\" target=\"_blank\" rel=\"noreferrer noopener\">www.zhaw.ch\/de\/lsfm\/ueber-uns\/offene-hochschule\/gaerten-im-grueental\/veranstaltungen\/detailansicht-veranstaltungen\/event-news\/montagsfuehrung-agroforst-kombiniert-baeume-mit-landwirtschaftlichen-kulturen<\/a><\/p>\n\n\n\n<figure class=\"wp-block-image size-full\"><a href=\"https:\/\/www.zhaw.ch\/de\/lsfm\/ueber-uns\/offene-hochschule\/gaerten-im-grueental\/veranstaltungen\/detailansicht-veranstaltungen\/event-news\/montagsfuehrung-agroforst-kombiniert-baeume-mit-landwirtschaftlichen-kulturen\/\" target=\"_blank\" rel=\"noopener\"><img fetchpriority=\"high\" decoding=\"async\" width=\"700\" height=\"393\" src=\"https:\/\/permakultur-landwirtschaft.org\/wp-content\/uploads\/2023\/05\/mareike_csm_Agroforst-System_a386bb0fc0.jpg\" alt=\"\" class=\"wp-image-30123\" srcset=\"https:\/\/permakultur-landwirtschaft.org\/wp-content\/uploads\/2023\/05\/mareike_csm_Agroforst-System_a386bb0fc0.jpg 700w, https:\/\/permakultur-landwirtschaft.org\/wp-content\/uploads\/2023\/05\/mareike_csm_Agroforst-System_a386bb0fc0-300x168.jpg 300w\" sizes=\"(max-width: 700px) 100vw, 700px\" \/><\/a><figcaption class=\"wp-element-caption\">Bild: Mareike J\u00e4ger<\/figcaption><\/figure>\n\n\n\n<hr class=\"wp-block-separator has-css-opacity\"\/>\n\n\n\n<h3 class=\"wp-block-heading\"><a href=\"https:\/\/permakultur-landwirtschaft.org\/fr\/veranstaltungen\/\" data-type=\"page\" data-id=\"476\">Cliquez ici pour voir les \u00e9v\u00e9nements actuels \/ <\/a><br><a href=\"https:\/\/permakultur-landwirtschaft.org\/fr\/veranstaltungen\/\">Hier geht&#8217;s zur \u00dcbersicht aktuelle Veranstaltungen<\/a><\/h3>","protected":false},"excerpt":{"rendered":"<p>Text von zhaw.ch: Die Landwirtschaft steht heute vor grossen Herausforderungen: Sicherung der Nahrungsmittelversorgung, F\u00f6rderung der Biodiversit\u00e4t und Resilienz gegen\u00fcber dem Klimawandel \u2013 diese und weitere Ziele sollen erreicht werden. Wie kann eine Landwirtschaft aussehen, die gleichzeitig produktiv und dennoch nachhaltig ist? Eine m\u00f6gliche Antwort sind die sogenannten Agroforstsysteme, bei denen B\u00e4ume und Str\u00e4ucher zusammen mit [&hellip;]<\/p>\n","protected":false},"author":2,"featured_media":30123,"comment_status":"closed","ping_status":"closed","sticky":false,"template":"","format":"standard","meta":{"_acf_changed":false,"site-sidebar-layout":"default","site-content-layout":"","ast-site-content-layout":"default","site-content-style":"default","site-sidebar-style":"default","ast-global-header-display":"","ast-banner-title-visibility":"","ast-main-header-display":"","ast-hfb-above-header-display":"","ast-hfb-below-header-display":"","ast-hfb-mobile-header-display":"","site-post-title":"","ast-breadcrumbs-content":"","ast-featured-img":"","footer-sml-layout":"","ast-disable-related-posts":"","theme-transparent-header-meta":"","adv-header-id-meta":"","stick-header-meta":"","header-above-stick-meta":"","header-main-stick-meta":"","header-below-stick-meta":"","astra-migrate-meta-layouts":"default","ast-page-background-enabled":"default","ast-page-background-meta":{"desktop":{"background-color":"var(--ast-global-color-4)","background-image":"","background-repeat":"repeat","background-position":"center center","background-size":"auto","background-attachment":"scroll","background-type":"","background-media":"","overlay-type":"","overlay-color":"","overlay-opacity":"","overlay-gradient":""},"tablet":{"background-color":"","background-image":"","background-repeat":"repeat","background-position":"center center","background-size":"auto","background-attachment":"scroll","background-type":"","background-media":"","overlay-type":"","overlay-color":"","overlay-opacity":"","overlay-gradient":""},"mobile":{"background-color":"","background-image":"","background-repeat":"repeat","background-position":"center center","background-size":"auto","background-attachment":"scroll","background-type":"","background-media":"","overlay-type":"","overlay-color":"","overlay-opacity":"","overlay-gradient":""}},"ast-content-background-meta":{"desktop":{"background-color":"var(--ast-global-color-5)","background-image":"","background-repeat":"repeat","background-position":"center center","background-size":"auto","background-attachment":"scroll","background-type":"","background-media":"","overlay-type":"","overlay-color":"","overlay-opacity":"","overlay-gradient":""},"tablet":{"background-color":"var(--ast-global-color-5)","background-image":"","background-repeat":"repeat","background-position":"center center","background-size":"auto","background-attachment":"scroll","background-type":"","background-media":"","overlay-type":"","overlay-color":"","overlay-opacity":"","overlay-gradient":""},"mobile":{"background-color":"var(--ast-global-color-5)","background-image":"","background-repeat":"repeat","background-position":"center center","background-size":"auto","background-attachment":"scroll","background-type":"","background-media":"","overlay-type":"","overlay-color":"","overlay-opacity":"","overlay-gradient":""}},"footnotes":""},"categories":[21],"tags":[],"class_list":["post-30122","post","type-post","status-publish","format-standard","has-post-thumbnail","hentry","category-veranstaltungen_archiv"],"acf":[],"yoast_head":"<!-- This site is optimized with the Yoast SEO plugin v27.4 - https:\/\/yoast.com\/product\/yoast-seo-wordpress\/ -->\n<title>Agroforst kombiniert B\u00e4ume mit landwirtschaftlichen Kulturen - F\u00fchrung vom 08. Mai 2023 - Permakultur-Landwirtschaft<\/title>\n<meta name=\"robots\" content=\"index, follow, max-snippet:-1, max-image-preview:large, max-video-preview:-1\" \/>\n<link rel=\"canonical\" href=\"https:\/\/permakultur-landwirtschaft.org\/fr\/agroforst-kombiniert-baeume-mit-landwirtschaftlichen-kulturen-fuehrung-vom-08-mai-2023\/\" \/>\n<meta property=\"og:locale\" content=\"fr_FR\" \/>\n<meta property=\"og:type\" content=\"article\" \/>\n<meta property=\"og:title\" content=\"Agroforst kombiniert B\u00e4ume mit landwirtschaftlichen Kulturen - F\u00fchrung vom 08. Mai 2023 - Permakultur-Landwirtschaft\" \/>\n<meta property=\"og:description\" content=\"Text von zhaw.ch: Die Landwirtschaft steht heute vor grossen Herausforderungen: Sicherung der Nahrungsmittelversorgung, F\u00f6rderung der Biodiversit\u00e4t und Resilienz gegen\u00fcber dem Klimawandel \u2013 diese und weitere Ziele sollen erreicht werden. Wie kann eine Landwirtschaft aussehen, die gleichzeitig produktiv und dennoch nachhaltig ist? Eine m\u00f6gliche Antwort sind die sogenannten Agroforstsysteme, bei denen B\u00e4ume und Str\u00e4ucher zusammen mit [&hellip;]\" \/>\n<meta property=\"og:url\" content=\"https:\/\/permakultur-landwirtschaft.org\/fr\/agroforst-kombiniert-baeume-mit-landwirtschaftlichen-kulturen-fuehrung-vom-08-mai-2023\/\" \/>\n<meta property=\"og:site_name\" content=\"Permakultur-Landwirtschaft\" \/>\n<meta property=\"article:publisher\" content=\"https:\/\/www.facebook.com\/PermakulturLandwirtschaft\" \/>\n<meta property=\"article:published_time\" content=\"2023-05-08T12:19:00+00:00\" \/>\n<meta property=\"article:modified_time\" content=\"2023-05-09T07:17:28+00:00\" \/>\n<meta property=\"og:image\" content=\"https:\/\/permakultur-landwirtschaft.org\/wp-content\/uploads\/2023\/05\/mareike_csm_Agroforst-System_a386bb0fc0.jpg\" \/>\n\t<meta property=\"og:image:width\" content=\"700\" \/>\n\t<meta property=\"og:image:height\" content=\"393\" \/>\n\t<meta property=\"og:image:type\" content=\"image\/jpeg\" \/>\n<meta name=\"author\" content=\"adrian reutimann\" \/>\n<meta name=\"twitter:card\" content=\"summary_large_image\" \/>\n<meta name=\"twitter:label1\" content=\"\u00c9crit par\" \/>\n\t<meta name=\"twitter:data1\" content=\"adrian reutimann\" \/>\n\t<meta name=\"twitter:label2\" content=\"Dur\u00e9e de lecture estim\u00e9e\" \/>\n\t<meta name=\"twitter:data2\" content=\"2 minutes\" \/>\n<script type=\"application\/ld+json\" class=\"yoast-schema-graph\">{\"@context\":\"https:\\\/\\\/schema.org\",\"@graph\":[{\"@type\":\"Article\",\"@id\":\"https:\\\/\\\/permakultur-landwirtschaft.org\\\/agroforst-kombiniert-baeume-mit-landwirtschaftlichen-kulturen-fuehrung-vom-08-mai-2023\\\/#article\",\"isPartOf\":{\"@id\":\"https:\\\/\\\/permakultur-landwirtschaft.org\\\/agroforst-kombiniert-baeume-mit-landwirtschaftlichen-kulturen-fuehrung-vom-08-mai-2023\\\/\"},\"author\":{\"name\":\"adrian reutimann\",\"@id\":\"https:\\\/\\\/permakultur-landwirtschaft.org\\\/#\\\/schema\\\/person\\\/6b0467872f75aed3e144093f9bf4f0b0\"},\"headline\":\"Agroforst kombiniert B\u00e4ume mit landwirtschaftlichen Kulturen &#8211; F\u00fchrung vom 08. Mai 2023\",\"datePublished\":\"2023-05-08T12:19:00+00:00\",\"dateModified\":\"2023-05-09T07:17:28+00:00\",\"mainEntityOfPage\":{\"@id\":\"https:\\\/\\\/permakultur-landwirtschaft.org\\\/agroforst-kombiniert-baeume-mit-landwirtschaftlichen-kulturen-fuehrung-vom-08-mai-2023\\\/\"},\"wordCount\":219,\"publisher\":{\"@id\":\"https:\\\/\\\/permakultur-landwirtschaft.org\\\/#organization\"},\"image\":{\"@id\":\"https:\\\/\\\/permakultur-landwirtschaft.org\\\/agroforst-kombiniert-baeume-mit-landwirtschaftlichen-kulturen-fuehrung-vom-08-mai-2023\\\/#primaryimage\"},\"thumbnailUrl\":\"https:\\\/\\\/permakultur-landwirtschaft.org\\\/wp-content\\\/uploads\\\/2023\\\/05\\\/mareike_csm_Agroforst-System_a386bb0fc0.jpg\",\"articleSection\":[\"Veranstaltungen_Archiv\"],\"inLanguage\":\"fr-FR\"},{\"@type\":\"WebPage\",\"@id\":\"https:\\\/\\\/permakultur-landwirtschaft.org\\\/agroforst-kombiniert-baeume-mit-landwirtschaftlichen-kulturen-fuehrung-vom-08-mai-2023\\\/\",\"url\":\"https:\\\/\\\/permakultur-landwirtschaft.org\\\/agroforst-kombiniert-baeume-mit-landwirtschaftlichen-kulturen-fuehrung-vom-08-mai-2023\\\/\",\"name\":\"Agroforst kombiniert B\u00e4ume mit landwirtschaftlichen Kulturen - F\u00fchrung vom 08. Mai 2023 - Permakultur-Landwirtschaft\",\"isPartOf\":{\"@id\":\"https:\\\/\\\/permakultur-landwirtschaft.org\\\/#website\"},\"primaryImageOfPage\":{\"@id\":\"https:\\\/\\\/permakultur-landwirtschaft.org\\\/agroforst-kombiniert-baeume-mit-landwirtschaftlichen-kulturen-fuehrung-vom-08-mai-2023\\\/#primaryimage\"},\"image\":{\"@id\":\"https:\\\/\\\/permakultur-landwirtschaft.org\\\/agroforst-kombiniert-baeume-mit-landwirtschaftlichen-kulturen-fuehrung-vom-08-mai-2023\\\/#primaryimage\"},\"thumbnailUrl\":\"https:\\\/\\\/permakultur-landwirtschaft.org\\\/wp-content\\\/uploads\\\/2023\\\/05\\\/mareike_csm_Agroforst-System_a386bb0fc0.jpg\",\"datePublished\":\"2023-05-08T12:19:00+00:00\",\"dateModified\":\"2023-05-09T07:17:28+00:00\",\"breadcrumb\":{\"@id\":\"https:\\\/\\\/permakultur-landwirtschaft.org\\\/agroforst-kombiniert-baeume-mit-landwirtschaftlichen-kulturen-fuehrung-vom-08-mai-2023\\\/#breadcrumb\"},\"inLanguage\":\"fr-FR\",\"potentialAction\":[{\"@type\":\"ReadAction\",\"target\":[\"https:\\\/\\\/permakultur-landwirtschaft.org\\\/agroforst-kombiniert-baeume-mit-landwirtschaftlichen-kulturen-fuehrung-vom-08-mai-2023\\\/\"]}]},{\"@type\":\"ImageObject\",\"inLanguage\":\"fr-FR\",\"@id\":\"https:\\\/\\\/permakultur-landwirtschaft.org\\\/agroforst-kombiniert-baeume-mit-landwirtschaftlichen-kulturen-fuehrung-vom-08-mai-2023\\\/#primaryimage\",\"url\":\"https:\\\/\\\/permakultur-landwirtschaft.org\\\/wp-content\\\/uploads\\\/2023\\\/05\\\/mareike_csm_Agroforst-System_a386bb0fc0.jpg\",\"contentUrl\":\"https:\\\/\\\/permakultur-landwirtschaft.org\\\/wp-content\\\/uploads\\\/2023\\\/05\\\/mareike_csm_Agroforst-System_a386bb0fc0.jpg\",\"width\":700,\"height\":393},{\"@type\":\"BreadcrumbList\",\"@id\":\"https:\\\/\\\/permakultur-landwirtschaft.org\\\/agroforst-kombiniert-baeume-mit-landwirtschaftlichen-kulturen-fuehrung-vom-08-mai-2023\\\/#breadcrumb\",\"itemListElement\":[{\"@type\":\"ListItem\",\"position\":1,\"name\":\"Startseite\",\"item\":\"https:\\\/\\\/permakultur-landwirtschaft.org\\\/\"},{\"@type\":\"ListItem\",\"position\":2,\"name\":\"Agroforst kombiniert B\u00e4ume mit landwirtschaftlichen Kulturen &#8211; F\u00fchrung vom 08. Mai 2023\"}]},{\"@type\":\"WebSite\",\"@id\":\"https:\\\/\\\/permakultur-landwirtschaft.org\\\/#website\",\"url\":\"https:\\\/\\\/permakultur-landwirtschaft.org\\\/\",\"name\":\"Permakultur-Landwirtschaft\",\"description\":\"F\u00f6rderung der Permakultur in der Landwirtschaft\",\"publisher\":{\"@id\":\"https:\\\/\\\/permakultur-landwirtschaft.org\\\/#organization\"},\"potentialAction\":[{\"@type\":\"SearchAction\",\"target\":{\"@type\":\"EntryPoint\",\"urlTemplate\":\"https:\\\/\\\/permakultur-landwirtschaft.org\\\/?s={search_term_string}\"},\"query-input\":{\"@type\":\"PropertyValueSpecification\",\"valueRequired\":true,\"valueName\":\"search_term_string\"}}],\"inLanguage\":\"fr-FR\"},{\"@type\":\"Organization\",\"@id\":\"https:\\\/\\\/permakultur-landwirtschaft.org\\\/#organization\",\"name\":\"Permakultur-Landwirtschaft\",\"alternateName\":\"Verein Permakultur-Landwirtschaft\",\"url\":\"https:\\\/\\\/permakultur-landwirtschaft.org\\\/\",\"logo\":{\"@type\":\"ImageObject\",\"inLanguage\":\"fr-FR\",\"@id\":\"https:\\\/\\\/permakultur-landwirtschaft.org\\\/#\\\/schema\\\/logo\\\/image\\\/\",\"url\":\"https:\\\/\\\/permakultur-landwirtschaft.org\\\/wp-content\\\/uploads\\\/2021\\\/11\\\/pela_1268x1269.png\",\"contentUrl\":\"https:\\\/\\\/permakultur-landwirtschaft.org\\\/wp-content\\\/uploads\\\/2021\\\/11\\\/pela_1268x1269.png\",\"width\":1298,\"height\":1269,\"caption\":\"Permakultur-Landwirtschaft\"},\"image\":{\"@id\":\"https:\\\/\\\/permakultur-landwirtschaft.org\\\/#\\\/schema\\\/logo\\\/image\\\/\"},\"sameAs\":[\"https:\\\/\\\/www.facebook.com\\\/PermakulturLandwirtschaft\",\"https:\\\/\\\/www.instagram.com\\\/permakultur_landwirtschaft\\\/\",\"https:\\\/\\\/www.flickr.com\\\/photos\\\/permakultur-landwirtschaft\",\"https:\\\/\\\/www.youtube.com\\\/@PermakulturLandwirtschaft\"]},{\"@type\":\"Person\",\"@id\":\"https:\\\/\\\/permakultur-landwirtschaft.org\\\/#\\\/schema\\\/person\\\/6b0467872f75aed3e144093f9bf4f0b0\",\"name\":\"adrian reutimann\",\"url\":\"https:\\\/\\\/permakultur-landwirtschaft.org\\\/fr\\\/author\\\/reutiadr\\\/\"}]}<\/script>\n<!-- \/ Yoast SEO plugin. -->","yoast_head_json":{"title":"Agroforst kombiniert B\u00e4ume mit landwirtschaftlichen Kulturen - F\u00fchrung vom 08. Mai 2023 - Permakultur-Landwirtschaft","robots":{"index":"index","follow":"follow","max-snippet":"max-snippet:-1","max-image-preview":"max-image-preview:large","max-video-preview":"max-video-preview:-1"},"canonical":"https:\/\/permakultur-landwirtschaft.org\/fr\/agroforst-kombiniert-baeume-mit-landwirtschaftlichen-kulturen-fuehrung-vom-08-mai-2023\/","og_locale":"fr_FR","og_type":"article","og_title":"Agroforst kombiniert B\u00e4ume mit landwirtschaftlichen Kulturen - F\u00fchrung vom 08. Mai 2023 - Permakultur-Landwirtschaft","og_description":"Text von zhaw.ch: Die Landwirtschaft steht heute vor grossen Herausforderungen: Sicherung der Nahrungsmittelversorgung, F\u00f6rderung der Biodiversit\u00e4t und Resilienz gegen\u00fcber dem Klimawandel \u2013 diese und weitere Ziele sollen erreicht werden. Wie kann eine Landwirtschaft aussehen, die gleichzeitig produktiv und dennoch nachhaltig ist? Eine m\u00f6gliche Antwort sind die sogenannten Agroforstsysteme, bei denen B\u00e4ume und Str\u00e4ucher zusammen mit [&hellip;]","og_url":"https:\/\/permakultur-landwirtschaft.org\/fr\/agroforst-kombiniert-baeume-mit-landwirtschaftlichen-kulturen-fuehrung-vom-08-mai-2023\/","og_site_name":"Permakultur-Landwirtschaft","article_publisher":"https:\/\/www.facebook.com\/PermakulturLandwirtschaft","article_published_time":"2023-05-08T12:19:00+00:00","article_modified_time":"2023-05-09T07:17:28+00:00","og_image":[{"width":700,"height":393,"url":"https:\/\/permakultur-landwirtschaft.org\/wp-content\/uploads\/2023\/05\/mareike_csm_Agroforst-System_a386bb0fc0.jpg","type":"image\/jpeg"}],"author":"adrian reutimann","twitter_card":"summary_large_image","twitter_misc":{"\u00c9crit par":"adrian reutimann","Dur\u00e9e de lecture estim\u00e9e":"2 minutes"},"schema":{"@context":"https:\/\/schema.org","@graph":[{"@type":"Article","@id":"https:\/\/permakultur-landwirtschaft.org\/agroforst-kombiniert-baeume-mit-landwirtschaftlichen-kulturen-fuehrung-vom-08-mai-2023\/#article","isPartOf":{"@id":"https:\/\/permakultur-landwirtschaft.org\/agroforst-kombiniert-baeume-mit-landwirtschaftlichen-kulturen-fuehrung-vom-08-mai-2023\/"},"author":{"name":"adrian reutimann","@id":"https:\/\/permakultur-landwirtschaft.org\/#\/schema\/person\/6b0467872f75aed3e144093f9bf4f0b0"},"headline":"Agroforst kombiniert B\u00e4ume mit landwirtschaftlichen Kulturen &#8211; F\u00fchrung vom 08. Mai 2023","datePublished":"2023-05-08T12:19:00+00:00","dateModified":"2023-05-09T07:17:28+00:00","mainEntityOfPage":{"@id":"https:\/\/permakultur-landwirtschaft.org\/agroforst-kombiniert-baeume-mit-landwirtschaftlichen-kulturen-fuehrung-vom-08-mai-2023\/"},"wordCount":219,"publisher":{"@id":"https:\/\/permakultur-landwirtschaft.org\/#organization"},"image":{"@id":"https:\/\/permakultur-landwirtschaft.org\/agroforst-kombiniert-baeume-mit-landwirtschaftlichen-kulturen-fuehrung-vom-08-mai-2023\/#primaryimage"},"thumbnailUrl":"https:\/\/permakultur-landwirtschaft.org\/wp-content\/uploads\/2023\/05\/mareike_csm_Agroforst-System_a386bb0fc0.jpg","articleSection":["Veranstaltungen_Archiv"],"inLanguage":"fr-FR"},{"@type":"WebPage","@id":"https:\/\/permakultur-landwirtschaft.org\/agroforst-kombiniert-baeume-mit-landwirtschaftlichen-kulturen-fuehrung-vom-08-mai-2023\/","url":"https:\/\/permakultur-landwirtschaft.org\/agroforst-kombiniert-baeume-mit-landwirtschaftlichen-kulturen-fuehrung-vom-08-mai-2023\/","name":"Agroforst kombiniert B\u00e4ume mit landwirtschaftlichen Kulturen - F\u00fchrung vom 08. Mai 2023 - Permakultur-Landwirtschaft","isPartOf":{"@id":"https:\/\/permakultur-landwirtschaft.org\/#website"},"primaryImageOfPage":{"@id":"https:\/\/permakultur-landwirtschaft.org\/agroforst-kombiniert-baeume-mit-landwirtschaftlichen-kulturen-fuehrung-vom-08-mai-2023\/#primaryimage"},"image":{"@id":"https:\/\/permakultur-landwirtschaft.org\/agroforst-kombiniert-baeume-mit-landwirtschaftlichen-kulturen-fuehrung-vom-08-mai-2023\/#primaryimage"},"thumbnailUrl":"https:\/\/permakultur-landwirtschaft.org\/wp-content\/uploads\/2023\/05\/mareike_csm_Agroforst-System_a386bb0fc0.jpg","datePublished":"2023-05-08T12:19:00+00:00","dateModified":"2023-05-09T07:17:28+00:00","breadcrumb":{"@id":"https:\/\/permakultur-landwirtschaft.org\/agroforst-kombiniert-baeume-mit-landwirtschaftlichen-kulturen-fuehrung-vom-08-mai-2023\/#breadcrumb"},"inLanguage":"fr-FR","potentialAction":[{"@type":"ReadAction","target":["https:\/\/permakultur-landwirtschaft.org\/agroforst-kombiniert-baeume-mit-landwirtschaftlichen-kulturen-fuehrung-vom-08-mai-2023\/"]}]},{"@type":"ImageObject","inLanguage":"fr-FR","@id":"https:\/\/permakultur-landwirtschaft.org\/agroforst-kombiniert-baeume-mit-landwirtschaftlichen-kulturen-fuehrung-vom-08-mai-2023\/#primaryimage","url":"https:\/\/permakultur-landwirtschaft.org\/wp-content\/uploads\/2023\/05\/mareike_csm_Agroforst-System_a386bb0fc0.jpg","contentUrl":"https:\/\/permakultur-landwirtschaft.org\/wp-content\/uploads\/2023\/05\/mareike_csm_Agroforst-System_a386bb0fc0.jpg","width":700,"height":393},{"@type":"BreadcrumbList","@id":"https:\/\/permakultur-landwirtschaft.org\/agroforst-kombiniert-baeume-mit-landwirtschaftlichen-kulturen-fuehrung-vom-08-mai-2023\/#breadcrumb","itemListElement":[{"@type":"ListItem","position":1,"name":"Startseite","item":"https:\/\/permakultur-landwirtschaft.org\/"},{"@type":"ListItem","position":2,"name":"Agroforst kombiniert B\u00e4ume mit landwirtschaftlichen Kulturen &#8211; F\u00fchrung vom 08. Mai 2023"}]},{"@type":"WebSite","@id":"https:\/\/permakultur-landwirtschaft.org\/#website","url":"https:\/\/permakultur-landwirtschaft.org\/","name":"Permakultur-Landwirtschaft","description":"F\u00f6rderung der Permakultur in der Landwirtschaft","publisher":{"@id":"https:\/\/permakultur-landwirtschaft.org\/#organization"},"potentialAction":[{"@type":"SearchAction","target":{"@type":"EntryPoint","urlTemplate":"https:\/\/permakultur-landwirtschaft.org\/?s={search_term_string}"},"query-input":{"@type":"PropertyValueSpecification","valueRequired":true,"valueName":"search_term_string"}}],"inLanguage":"fr-FR"},{"@type":"Organization","@id":"https:\/\/permakultur-landwirtschaft.org\/#organization","name":"Permakultur-Landwirtschaft","alternateName":"Verein Permakultur-Landwirtschaft","url":"https:\/\/permakultur-landwirtschaft.org\/","logo":{"@type":"ImageObject","inLanguage":"fr-FR","@id":"https:\/\/permakultur-landwirtschaft.org\/#\/schema\/logo\/image\/","url":"https:\/\/permakultur-landwirtschaft.org\/wp-content\/uploads\/2021\/11\/pela_1268x1269.png","contentUrl":"https:\/\/permakultur-landwirtschaft.org\/wp-content\/uploads\/2021\/11\/pela_1268x1269.png","width":1298,"height":1269,"caption":"Permakultur-Landwirtschaft"},"image":{"@id":"https:\/\/permakultur-landwirtschaft.org\/#\/schema\/logo\/image\/"},"sameAs":["https:\/\/www.facebook.com\/PermakulturLandwirtschaft","https:\/\/www.instagram.com\/permakultur_landwirtschaft\/","https:\/\/www.flickr.com\/photos\/permakultur-landwirtschaft","https:\/\/www.youtube.com\/@PermakulturLandwirtschaft"]},{"@type":"Person","@id":"https:\/\/permakultur-landwirtschaft.org\/#\/schema\/person\/6b0467872f75aed3e144093f9bf4f0b0","name":"adrian reutimann","url":"https:\/\/permakultur-landwirtschaft.org\/fr\/author\/reutiadr\/"}]}},"_links":{"self":[{"href":"https:\/\/permakultur-landwirtschaft.org\/fr\/wp-json\/wp\/v2\/posts\/30122","targetHints":{"allow":["GET"]}}],"collection":[{"href":"https:\/\/permakultur-landwirtschaft.org\/fr\/wp-json\/wp\/v2\/posts"}],"about":[{"href":"https:\/\/permakultur-landwirtschaft.org\/fr\/wp-json\/wp\/v2\/types\/post"}],"author":[{"embeddable":true,"href":"https:\/\/permakultur-landwirtschaft.org\/fr\/wp-json\/wp\/v2\/users\/2"}],"replies":[{"embeddable":true,"href":"https:\/\/permakultur-landwirtschaft.org\/fr\/wp-json\/wp\/v2\/comments?post=30122"}],"version-history":[{"count":1,"href":"https:\/\/permakultur-landwirtschaft.org\/fr\/wp-json\/wp\/v2\/posts\/30122\/revisions"}],"predecessor-version":[{"id":30125,"href":"https:\/\/permakultur-landwirtschaft.org\/fr\/wp-json\/wp\/v2\/posts\/30122\/revisions\/30125"}],"wp:featuredmedia":[{"embeddable":true,"href":"https:\/\/permakultur-landwirtschaft.org\/fr\/wp-json\/wp\/v2\/media\/30123"}],"wp:attachment":[{"href":"https:\/\/permakultur-landwirtschaft.org\/fr\/wp-json\/wp\/v2\/media?parent=30122"}],"wp:term":[{"taxonomy":"category","embeddable":true,"href":"https:\/\/permakultur-landwirtschaft.org\/fr\/wp-json\/wp\/v2\/categories?post=30122"},{"taxonomy":"post_tag","embeddable":true,"href":"https:\/\/permakultur-landwirtschaft.org\/fr\/wp-json\/wp\/v2\/tags?post=30122"}],"curies":[{"name":"wp","href":"https:\/\/api.w.org\/{rel}","templated":true}]}}