{"id":29318,"date":"2023-03-22T10:19:00","date_gmt":"2023-03-22T09:19:00","guid":{"rendered":"https:\/\/permakultur-landwirtschaft.org\/?p=29318"},"modified":"2023-03-30T10:28:39","modified_gmt":"2023-03-30T08:28:39","slug":"permakultur-mit-der-natur-arbeiten-artikel-in-multipolar-vom-22-maerz-2023","status":"publish","type":"post","link":"https:\/\/permakultur-landwirtschaft.org\/fr\/permakultur-mit-der-natur-arbeiten-artikel-in-multipolar-vom-22-maerz-2023\/","title":{"rendered":"Permakultur: Mit der Natur arbeiten &#8211; Artikel in multipolar vom 22. M\u00e4rz 2023"},"content":{"rendered":"<p>Text von multipolar-magazin.de:<\/p>\n\n\n\n<p>Die konventionelle Landwirtschaft tr\u00e4gt mit der Zerst\u00f6rung von B\u00f6den sowie dem massiven Einsatz von Kunstd\u00fcngern und Pestiziden ma\u00dfgeblich zur Umwelt- und Klimakrise bei. Eine vielversprechende Alternative ist die Permakultur \u2013 ein Konzept, das darauf basiert, nat\u00fcrliche \u00d6kosysteme und Kreisl\u00e4ufe in der Natur zu beobachten und nachzuahmen. Als Vorreiter gilt die Familie Holzer im \u00f6sterreichischen Lungau.<\/p>\n\n\n\n<h3 class=\"wp-block-heading\">Kreative L\u00f6sungen<\/h3>\n\n\n\n<p>Permakultur steht auch f\u00fcr kreative L\u00f6sungen: So gibt es auf Josef Holzers Krameterhof \u201eMini-Schweine\u201c, die f\u00fcr den Schutz der Legehennen zust\u00e4ndig sind, welche leichte Beute f\u00fcr Habicht und Bussard sind. Die H\u00fchner wiederum d\u00fcrfen vor dem Gem\u00fcseanbau und nach dessen Ernte aufs Feld, um Schnecken und andere Sch\u00e4dlinge zu verspeisen \u2013 ein nat\u00fcrlicher Ersatz f\u00fcr Pestizide. Dabei handelt es sich um individuelle L\u00f6sungen, kein Permakultur-Betrieb ist wie der andere.<\/p>\n\n\n\n<p>Link zum Artikel: <a rel=\"noreferrer noopener\" href=\"https:\/\/multipolar-magazin.de\/artikel\/permakultur-mit-der-natur-arbeiten\" target=\"_blank\">multipolar-magazin.de\/artikel\/permakultur-mit-der-natur-arbeiten<\/a><\/p>\n\n\n\n<figure class=\"wp-block-image size-full\"><a href=\"https:\/\/multipolar-magazin.de\/artikel\/permakultur-mit-der-natur-arbeiten\" target=\"_blank\" rel=\"noreferrer noopener\"><img fetchpriority=\"high\" decoding=\"async\" width=\"700\" height=\"350\" src=\"https:\/\/permakultur-landwirtschaft.org\/wp-content\/uploads\/2023\/03\/multipolar_shutterstock-1245506659a-961x.jpg\" alt=\"\" class=\"wp-image-29319\" srcset=\"https:\/\/permakultur-landwirtschaft.org\/wp-content\/uploads\/2023\/03\/multipolar_shutterstock-1245506659a-961x.jpg 700w, https:\/\/permakultur-landwirtschaft.org\/wp-content\/uploads\/2023\/03\/multipolar_shutterstock-1245506659a-961x-300x150.jpg 300w\" sizes=\"(max-width: 700px) 100vw, 700px\" \/><\/a><figcaption class=\"wp-element-caption\">Bild: Shutterstock<\/figcaption><\/figure>\n\n\n\n<hr class=\"wp-block-separator has-alpha-channel-opacity\"\/>\n\n\n\n<h3 class=\"wp-block-heading\"><a href=\"https:\/\/permakultur-landwirtschaft.org\/fr\/stellenangebote-im-bereich-permakultur\/\"><\/a><a href=\"https:\/\/permakultur-landwirtschaft.org\/fr\/medien\/\"><\/a><a href=\"https:\/\/permakultur-landwirtschaft.org\/fr\/medien\/\">Hier geht&#8217;s zur \u00dcbersicht aller Neuigkeiten<\/a><br><a href=\"https:\/\/permakultur-landwirtschaft.org\/fr\/medien\/\">Cliquez ici pour un aper\u00e7u de toutes les nouveau<\/a><\/h3>","protected":false},"excerpt":{"rendered":"<p>Text von multipolar-magazin.de: Die konventionelle Landwirtschaft tr\u00e4gt mit der Zerst\u00f6rung von B\u00f6den sowie dem massiven Einsatz von Kunstd\u00fcngern und Pestiziden ma\u00dfgeblich zur Umwelt- und Klimakrise bei. Eine vielversprechende Alternative ist die Permakultur \u2013 ein Konzept, das darauf basiert, nat\u00fcrliche \u00d6kosysteme und Kreisl\u00e4ufe in der Natur zu beobachten und nachzuahmen. Als Vorreiter gilt die Familie Holzer [&hellip;]<\/p>\n","protected":false},"author":2,"featured_media":29319,"comment_status":"closed","ping_status":"closed","sticky":false,"template":"","format":"standard","meta":{"_acf_changed":false,"site-sidebar-layout":"default","site-content-layout":"","ast-site-content-layout":"default","site-content-style":"default","site-sidebar-style":"default","ast-global-header-display":"","ast-banner-title-visibility":"","ast-main-header-display":"","ast-hfb-above-header-display":"","ast-hfb-below-header-display":"","ast-hfb-mobile-header-display":"","site-post-title":"","ast-breadcrumbs-content":"","ast-featured-img":"","footer-sml-layout":"","ast-disable-related-posts":"","theme-transparent-header-meta":"","adv-header-id-meta":"","stick-header-meta":"","header-above-stick-meta":"","header-main-stick-meta":"","header-below-stick-meta":"","astra-migrate-meta-layouts":"default","ast-page-background-enabled":"default","ast-page-background-meta":{"desktop":{"background-color":"var(--ast-global-color-4)","background-image":"","background-repeat":"repeat","background-position":"center center","background-size":"auto","background-attachment":"scroll","background-type":"","background-media":"","overlay-type":"","overlay-color":"","overlay-opacity":"","overlay-gradient":""},"tablet":{"background-color":"","background-image":"","background-repeat":"repeat","background-position":"center center","background-size":"auto","background-attachment":"scroll","background-type":"","background-media":"","overlay-type":"","overlay-color":"","overlay-opacity":"","overlay-gradient":""},"mobile":{"background-color":"","background-image":"","background-repeat":"repeat","background-position":"center center","background-size":"auto","background-attachment":"scroll","background-type":"","background-media":"","overlay-type":"","overlay-color":"","overlay-opacity":"","overlay-gradient":""}},"ast-content-background-meta":{"desktop":{"background-color":"var(--ast-global-color-5)","background-image":"","background-repeat":"repeat","background-position":"center center","background-size":"auto","background-attachment":"scroll","background-type":"","background-media":"","overlay-type":"","overlay-color":"","overlay-opacity":"","overlay-gradient":""},"tablet":{"background-color":"var(--ast-global-color-5)","background-image":"","background-repeat":"repeat","background-position":"center center","background-size":"auto","background-attachment":"scroll","background-type":"","background-media":"","overlay-type":"","overlay-color":"","overlay-opacity":"","overlay-gradient":""},"mobile":{"background-color":"var(--ast-global-color-5)","background-image":"","background-repeat":"repeat","background-position":"center center","background-size":"auto","background-attachment":"scroll","background-type":"","background-media":"","overlay-type":"","overlay-color":"","overlay-opacity":"","overlay-gradient":""}},"footnotes":""},"categories":[22],"tags":[],"class_list":["post-29318","post","type-post","status-publish","format-standard","has-post-thumbnail","hentry","category-neuigkeit"],"acf":[],"yoast_head":"<!-- This site is optimized with the Yoast SEO plugin v27.5 - https:\/\/yoast.com\/product\/yoast-seo-wordpress\/ -->\n<title>Permakultur: Mit der Natur arbeiten - Artikel in multipolar vom 22. M\u00e4rz 2023 - Permakultur-Landwirtschaft<\/title>\n<meta name=\"robots\" content=\"index, follow, max-snippet:-1, max-image-preview:large, max-video-preview:-1\" \/>\n<link rel=\"canonical\" href=\"https:\/\/permakultur-landwirtschaft.org\/fr\/permakultur-mit-der-natur-arbeiten-artikel-in-multipolar-vom-22-maerz-2023\/\" \/>\n<meta property=\"og:locale\" content=\"fr_FR\" \/>\n<meta property=\"og:type\" content=\"article\" \/>\n<meta property=\"og:title\" content=\"Permakultur: Mit der Natur arbeiten - Artikel in multipolar vom 22. M\u00e4rz 2023 - Permakultur-Landwirtschaft\" \/>\n<meta property=\"og:description\" content=\"Text von multipolar-magazin.de: Die konventionelle Landwirtschaft tr\u00e4gt mit der Zerst\u00f6rung von B\u00f6den sowie dem massiven Einsatz von Kunstd\u00fcngern und Pestiziden ma\u00dfgeblich zur Umwelt- und Klimakrise bei. Eine vielversprechende Alternative ist die Permakultur \u2013 ein Konzept, das darauf basiert, nat\u00fcrliche \u00d6kosysteme und Kreisl\u00e4ufe in der Natur zu beobachten und nachzuahmen. Als Vorreiter gilt die Familie Holzer [&hellip;]\" \/>\n<meta property=\"og:url\" content=\"https:\/\/permakultur-landwirtschaft.org\/fr\/permakultur-mit-der-natur-arbeiten-artikel-in-multipolar-vom-22-maerz-2023\/\" \/>\n<meta property=\"og:site_name\" content=\"Permakultur-Landwirtschaft\" \/>\n<meta property=\"article:publisher\" content=\"https:\/\/www.facebook.com\/PermakulturLandwirtschaft\" \/>\n<meta property=\"article:published_time\" content=\"2023-03-22T09:19:00+00:00\" \/>\n<meta property=\"article:modified_time\" content=\"2023-03-30T08:28:39+00:00\" \/>\n<meta property=\"og:image\" content=\"https:\/\/permakultur-landwirtschaft.org\/wp-content\/uploads\/2023\/03\/multipolar_shutterstock-1245506659a-961x.jpg\" \/>\n\t<meta property=\"og:image:width\" content=\"700\" \/>\n\t<meta property=\"og:image:height\" content=\"350\" \/>\n\t<meta property=\"og:image:type\" content=\"image\/jpeg\" \/>\n<meta name=\"author\" content=\"adrian reutimann\" \/>\n<meta name=\"twitter:card\" content=\"summary_large_image\" \/>\n<meta name=\"twitter:label1\" content=\"\u00c9crit par\" \/>\n\t<meta name=\"twitter:data1\" content=\"adrian reutimann\" \/>\n\t<meta name=\"twitter:label2\" content=\"Dur\u00e9e de lecture estim\u00e9e\" \/>\n\t<meta name=\"twitter:data2\" content=\"1 minute\" \/>\n<script type=\"application\/ld+json\" class=\"yoast-schema-graph\">{\"@context\":\"https:\\\/\\\/schema.org\",\"@graph\":[{\"@type\":\"Article\",\"@id\":\"https:\\\/\\\/permakultur-landwirtschaft.org\\\/permakultur-mit-der-natur-arbeiten-artikel-in-multipolar-vom-22-maerz-2023\\\/#article\",\"isPartOf\":{\"@id\":\"https:\\\/\\\/permakultur-landwirtschaft.org\\\/permakultur-mit-der-natur-arbeiten-artikel-in-multipolar-vom-22-maerz-2023\\\/\"},\"author\":{\"name\":\"adrian reutimann\",\"@id\":\"https:\\\/\\\/permakultur-landwirtschaft.org\\\/#\\\/schema\\\/person\\\/6b0467872f75aed3e144093f9bf4f0b0\"},\"headline\":\"Permakultur: Mit der Natur arbeiten &#8211; Artikel in multipolar vom 22. M\u00e4rz 2023\",\"datePublished\":\"2023-03-22T09:19:00+00:00\",\"dateModified\":\"2023-03-30T08:28:39+00:00\",\"mainEntityOfPage\":{\"@id\":\"https:\\\/\\\/permakultur-landwirtschaft.org\\\/permakultur-mit-der-natur-arbeiten-artikel-in-multipolar-vom-22-maerz-2023\\\/\"},\"wordCount\":186,\"publisher\":{\"@id\":\"https:\\\/\\\/permakultur-landwirtschaft.org\\\/#organization\"},\"image\":{\"@id\":\"https:\\\/\\\/permakultur-landwirtschaft.org\\\/permakultur-mit-der-natur-arbeiten-artikel-in-multipolar-vom-22-maerz-2023\\\/#primaryimage\"},\"thumbnailUrl\":\"https:\\\/\\\/permakultur-landwirtschaft.org\\\/wp-content\\\/uploads\\\/2023\\\/03\\\/multipolar_shutterstock-1245506659a-961x.jpg\",\"articleSection\":[\"Neuigkeit\"],\"inLanguage\":\"fr-FR\"},{\"@type\":\"WebPage\",\"@id\":\"https:\\\/\\\/permakultur-landwirtschaft.org\\\/permakultur-mit-der-natur-arbeiten-artikel-in-multipolar-vom-22-maerz-2023\\\/\",\"url\":\"https:\\\/\\\/permakultur-landwirtschaft.org\\\/permakultur-mit-der-natur-arbeiten-artikel-in-multipolar-vom-22-maerz-2023\\\/\",\"name\":\"Permakultur: Mit der Natur arbeiten - Artikel in multipolar vom 22. M\u00e4rz 2023 - Permakultur-Landwirtschaft\",\"isPartOf\":{\"@id\":\"https:\\\/\\\/permakultur-landwirtschaft.org\\\/#website\"},\"primaryImageOfPage\":{\"@id\":\"https:\\\/\\\/permakultur-landwirtschaft.org\\\/permakultur-mit-der-natur-arbeiten-artikel-in-multipolar-vom-22-maerz-2023\\\/#primaryimage\"},\"image\":{\"@id\":\"https:\\\/\\\/permakultur-landwirtschaft.org\\\/permakultur-mit-der-natur-arbeiten-artikel-in-multipolar-vom-22-maerz-2023\\\/#primaryimage\"},\"thumbnailUrl\":\"https:\\\/\\\/permakultur-landwirtschaft.org\\\/wp-content\\\/uploads\\\/2023\\\/03\\\/multipolar_shutterstock-1245506659a-961x.jpg\",\"datePublished\":\"2023-03-22T09:19:00+00:00\",\"dateModified\":\"2023-03-30T08:28:39+00:00\",\"breadcrumb\":{\"@id\":\"https:\\\/\\\/permakultur-landwirtschaft.org\\\/permakultur-mit-der-natur-arbeiten-artikel-in-multipolar-vom-22-maerz-2023\\\/#breadcrumb\"},\"inLanguage\":\"fr-FR\",\"potentialAction\":[{\"@type\":\"ReadAction\",\"target\":[\"https:\\\/\\\/permakultur-landwirtschaft.org\\\/permakultur-mit-der-natur-arbeiten-artikel-in-multipolar-vom-22-maerz-2023\\\/\"]}]},{\"@type\":\"ImageObject\",\"inLanguage\":\"fr-FR\",\"@id\":\"https:\\\/\\\/permakultur-landwirtschaft.org\\\/permakultur-mit-der-natur-arbeiten-artikel-in-multipolar-vom-22-maerz-2023\\\/#primaryimage\",\"url\":\"https:\\\/\\\/permakultur-landwirtschaft.org\\\/wp-content\\\/uploads\\\/2023\\\/03\\\/multipolar_shutterstock-1245506659a-961x.jpg\",\"contentUrl\":\"https:\\\/\\\/permakultur-landwirtschaft.org\\\/wp-content\\\/uploads\\\/2023\\\/03\\\/multipolar_shutterstock-1245506659a-961x.jpg\",\"width\":700,\"height\":350},{\"@type\":\"BreadcrumbList\",\"@id\":\"https:\\\/\\\/permakultur-landwirtschaft.org\\\/permakultur-mit-der-natur-arbeiten-artikel-in-multipolar-vom-22-maerz-2023\\\/#breadcrumb\",\"itemListElement\":[{\"@type\":\"ListItem\",\"position\":1,\"name\":\"Startseite\",\"item\":\"https:\\\/\\\/permakultur-landwirtschaft.org\\\/\"},{\"@type\":\"ListItem\",\"position\":2,\"name\":\"Permakultur: Mit der Natur arbeiten &#8211; Artikel in multipolar vom 22. M\u00e4rz 2023\"}]},{\"@type\":\"WebSite\",\"@id\":\"https:\\\/\\\/permakultur-landwirtschaft.org\\\/#website\",\"url\":\"https:\\\/\\\/permakultur-landwirtschaft.org\\\/\",\"name\":\"Permakultur-Landwirtschaft\",\"description\":\"F\u00f6rderung der Permakultur in der Landwirtschaft\",\"publisher\":{\"@id\":\"https:\\\/\\\/permakultur-landwirtschaft.org\\\/#organization\"},\"potentialAction\":[{\"@type\":\"SearchAction\",\"target\":{\"@type\":\"EntryPoint\",\"urlTemplate\":\"https:\\\/\\\/permakultur-landwirtschaft.org\\\/?s={search_term_string}\"},\"query-input\":{\"@type\":\"PropertyValueSpecification\",\"valueRequired\":true,\"valueName\":\"search_term_string\"}}],\"inLanguage\":\"fr-FR\"},{\"@type\":\"Organization\",\"@id\":\"https:\\\/\\\/permakultur-landwirtschaft.org\\\/#organization\",\"name\":\"Permakultur-Landwirtschaft\",\"alternateName\":\"Verein Permakultur-Landwirtschaft\",\"url\":\"https:\\\/\\\/permakultur-landwirtschaft.org\\\/\",\"logo\":{\"@type\":\"ImageObject\",\"inLanguage\":\"fr-FR\",\"@id\":\"https:\\\/\\\/permakultur-landwirtschaft.org\\\/#\\\/schema\\\/logo\\\/image\\\/\",\"url\":\"https:\\\/\\\/permakultur-landwirtschaft.org\\\/wp-content\\\/uploads\\\/2021\\\/11\\\/pela_1268x1269.png\",\"contentUrl\":\"https:\\\/\\\/permakultur-landwirtschaft.org\\\/wp-content\\\/uploads\\\/2021\\\/11\\\/pela_1268x1269.png\",\"width\":1298,\"height\":1269,\"caption\":\"Permakultur-Landwirtschaft\"},\"image\":{\"@id\":\"https:\\\/\\\/permakultur-landwirtschaft.org\\\/#\\\/schema\\\/logo\\\/image\\\/\"},\"sameAs\":[\"https:\\\/\\\/www.facebook.com\\\/PermakulturLandwirtschaft\",\"https:\\\/\\\/www.instagram.com\\\/permakultur_landwirtschaft\\\/\",\"https:\\\/\\\/www.flickr.com\\\/photos\\\/permakultur-landwirtschaft\",\"https:\\\/\\\/www.youtube.com\\\/@PermakulturLandwirtschaft\"]},{\"@type\":\"Person\",\"@id\":\"https:\\\/\\\/permakultur-landwirtschaft.org\\\/#\\\/schema\\\/person\\\/6b0467872f75aed3e144093f9bf4f0b0\",\"name\":\"adrian reutimann\",\"url\":\"https:\\\/\\\/permakultur-landwirtschaft.org\\\/fr\\\/author\\\/reutiadr\\\/\"}]}<\/script>\n<!-- \/ Yoast SEO plugin. -->","yoast_head_json":{"title":"Permakultur: Mit der Natur arbeiten - Artikel in multipolar vom 22. M\u00e4rz 2023 - Permakultur-Landwirtschaft","robots":{"index":"index","follow":"follow","max-snippet":"max-snippet:-1","max-image-preview":"max-image-preview:large","max-video-preview":"max-video-preview:-1"},"canonical":"https:\/\/permakultur-landwirtschaft.org\/fr\/permakultur-mit-der-natur-arbeiten-artikel-in-multipolar-vom-22-maerz-2023\/","og_locale":"fr_FR","og_type":"article","og_title":"Permakultur: Mit der Natur arbeiten - Artikel in multipolar vom 22. M\u00e4rz 2023 - Permakultur-Landwirtschaft","og_description":"Text von multipolar-magazin.de: Die konventionelle Landwirtschaft tr\u00e4gt mit der Zerst\u00f6rung von B\u00f6den sowie dem massiven Einsatz von Kunstd\u00fcngern und Pestiziden ma\u00dfgeblich zur Umwelt- und Klimakrise bei. Eine vielversprechende Alternative ist die Permakultur \u2013 ein Konzept, das darauf basiert, nat\u00fcrliche \u00d6kosysteme und Kreisl\u00e4ufe in der Natur zu beobachten und nachzuahmen. Als Vorreiter gilt die Familie Holzer [&hellip;]","og_url":"https:\/\/permakultur-landwirtschaft.org\/fr\/permakultur-mit-der-natur-arbeiten-artikel-in-multipolar-vom-22-maerz-2023\/","og_site_name":"Permakultur-Landwirtschaft","article_publisher":"https:\/\/www.facebook.com\/PermakulturLandwirtschaft","article_published_time":"2023-03-22T09:19:00+00:00","article_modified_time":"2023-03-30T08:28:39+00:00","og_image":[{"width":700,"height":350,"url":"https:\/\/permakultur-landwirtschaft.org\/wp-content\/uploads\/2023\/03\/multipolar_shutterstock-1245506659a-961x.jpg","type":"image\/jpeg"}],"author":"adrian reutimann","twitter_card":"summary_large_image","twitter_misc":{"\u00c9crit par":"adrian reutimann","Dur\u00e9e de lecture estim\u00e9e":"1 minute"},"schema":{"@context":"https:\/\/schema.org","@graph":[{"@type":"Article","@id":"https:\/\/permakultur-landwirtschaft.org\/permakultur-mit-der-natur-arbeiten-artikel-in-multipolar-vom-22-maerz-2023\/#article","isPartOf":{"@id":"https:\/\/permakultur-landwirtschaft.org\/permakultur-mit-der-natur-arbeiten-artikel-in-multipolar-vom-22-maerz-2023\/"},"author":{"name":"adrian reutimann","@id":"https:\/\/permakultur-landwirtschaft.org\/#\/schema\/person\/6b0467872f75aed3e144093f9bf4f0b0"},"headline":"Permakultur: Mit der Natur arbeiten &#8211; Artikel in multipolar vom 22. M\u00e4rz 2023","datePublished":"2023-03-22T09:19:00+00:00","dateModified":"2023-03-30T08:28:39+00:00","mainEntityOfPage":{"@id":"https:\/\/permakultur-landwirtschaft.org\/permakultur-mit-der-natur-arbeiten-artikel-in-multipolar-vom-22-maerz-2023\/"},"wordCount":186,"publisher":{"@id":"https:\/\/permakultur-landwirtschaft.org\/#organization"},"image":{"@id":"https:\/\/permakultur-landwirtschaft.org\/permakultur-mit-der-natur-arbeiten-artikel-in-multipolar-vom-22-maerz-2023\/#primaryimage"},"thumbnailUrl":"https:\/\/permakultur-landwirtschaft.org\/wp-content\/uploads\/2023\/03\/multipolar_shutterstock-1245506659a-961x.jpg","articleSection":["Neuigkeit"],"inLanguage":"fr-FR"},{"@type":"WebPage","@id":"https:\/\/permakultur-landwirtschaft.org\/permakultur-mit-der-natur-arbeiten-artikel-in-multipolar-vom-22-maerz-2023\/","url":"https:\/\/permakultur-landwirtschaft.org\/permakultur-mit-der-natur-arbeiten-artikel-in-multipolar-vom-22-maerz-2023\/","name":"Permakultur: Mit der Natur arbeiten - Artikel in multipolar vom 22. M\u00e4rz 2023 - Permakultur-Landwirtschaft","isPartOf":{"@id":"https:\/\/permakultur-landwirtschaft.org\/#website"},"primaryImageOfPage":{"@id":"https:\/\/permakultur-landwirtschaft.org\/permakultur-mit-der-natur-arbeiten-artikel-in-multipolar-vom-22-maerz-2023\/#primaryimage"},"image":{"@id":"https:\/\/permakultur-landwirtschaft.org\/permakultur-mit-der-natur-arbeiten-artikel-in-multipolar-vom-22-maerz-2023\/#primaryimage"},"thumbnailUrl":"https:\/\/permakultur-landwirtschaft.org\/wp-content\/uploads\/2023\/03\/multipolar_shutterstock-1245506659a-961x.jpg","datePublished":"2023-03-22T09:19:00+00:00","dateModified":"2023-03-30T08:28:39+00:00","breadcrumb":{"@id":"https:\/\/permakultur-landwirtschaft.org\/permakultur-mit-der-natur-arbeiten-artikel-in-multipolar-vom-22-maerz-2023\/#breadcrumb"},"inLanguage":"fr-FR","potentialAction":[{"@type":"ReadAction","target":["https:\/\/permakultur-landwirtschaft.org\/permakultur-mit-der-natur-arbeiten-artikel-in-multipolar-vom-22-maerz-2023\/"]}]},{"@type":"ImageObject","inLanguage":"fr-FR","@id":"https:\/\/permakultur-landwirtschaft.org\/permakultur-mit-der-natur-arbeiten-artikel-in-multipolar-vom-22-maerz-2023\/#primaryimage","url":"https:\/\/permakultur-landwirtschaft.org\/wp-content\/uploads\/2023\/03\/multipolar_shutterstock-1245506659a-961x.jpg","contentUrl":"https:\/\/permakultur-landwirtschaft.org\/wp-content\/uploads\/2023\/03\/multipolar_shutterstock-1245506659a-961x.jpg","width":700,"height":350},{"@type":"BreadcrumbList","@id":"https:\/\/permakultur-landwirtschaft.org\/permakultur-mit-der-natur-arbeiten-artikel-in-multipolar-vom-22-maerz-2023\/#breadcrumb","itemListElement":[{"@type":"ListItem","position":1,"name":"Startseite","item":"https:\/\/permakultur-landwirtschaft.org\/"},{"@type":"ListItem","position":2,"name":"Permakultur: Mit der Natur arbeiten &#8211; Artikel in multipolar vom 22. M\u00e4rz 2023"}]},{"@type":"WebSite","@id":"https:\/\/permakultur-landwirtschaft.org\/#website","url":"https:\/\/permakultur-landwirtschaft.org\/","name":"Permakultur-Landwirtschaft","description":"F\u00f6rderung der Permakultur in der Landwirtschaft","publisher":{"@id":"https:\/\/permakultur-landwirtschaft.org\/#organization"},"potentialAction":[{"@type":"SearchAction","target":{"@type":"EntryPoint","urlTemplate":"https:\/\/permakultur-landwirtschaft.org\/?s={search_term_string}"},"query-input":{"@type":"PropertyValueSpecification","valueRequired":true,"valueName":"search_term_string"}}],"inLanguage":"fr-FR"},{"@type":"Organization","@id":"https:\/\/permakultur-landwirtschaft.org\/#organization","name":"Permakultur-Landwirtschaft","alternateName":"Verein Permakultur-Landwirtschaft","url":"https:\/\/permakultur-landwirtschaft.org\/","logo":{"@type":"ImageObject","inLanguage":"fr-FR","@id":"https:\/\/permakultur-landwirtschaft.org\/#\/schema\/logo\/image\/","url":"https:\/\/permakultur-landwirtschaft.org\/wp-content\/uploads\/2021\/11\/pela_1268x1269.png","contentUrl":"https:\/\/permakultur-landwirtschaft.org\/wp-content\/uploads\/2021\/11\/pela_1268x1269.png","width":1298,"height":1269,"caption":"Permakultur-Landwirtschaft"},"image":{"@id":"https:\/\/permakultur-landwirtschaft.org\/#\/schema\/logo\/image\/"},"sameAs":["https:\/\/www.facebook.com\/PermakulturLandwirtschaft","https:\/\/www.instagram.com\/permakultur_landwirtschaft\/","https:\/\/www.flickr.com\/photos\/permakultur-landwirtschaft","https:\/\/www.youtube.com\/@PermakulturLandwirtschaft"]},{"@type":"Person","@id":"https:\/\/permakultur-landwirtschaft.org\/#\/schema\/person\/6b0467872f75aed3e144093f9bf4f0b0","name":"adrian reutimann","url":"https:\/\/permakultur-landwirtschaft.org\/fr\/author\/reutiadr\/"}]}},"_links":{"self":[{"href":"https:\/\/permakultur-landwirtschaft.org\/fr\/wp-json\/wp\/v2\/posts\/29318","targetHints":{"allow":["GET"]}}],"collection":[{"href":"https:\/\/permakultur-landwirtschaft.org\/fr\/wp-json\/wp\/v2\/posts"}],"about":[{"href":"https:\/\/permakultur-landwirtschaft.org\/fr\/wp-json\/wp\/v2\/types\/post"}],"author":[{"embeddable":true,"href":"https:\/\/permakultur-landwirtschaft.org\/fr\/wp-json\/wp\/v2\/users\/2"}],"replies":[{"embeddable":true,"href":"https:\/\/permakultur-landwirtschaft.org\/fr\/wp-json\/wp\/v2\/comments?post=29318"}],"version-history":[{"count":1,"href":"https:\/\/permakultur-landwirtschaft.org\/fr\/wp-json\/wp\/v2\/posts\/29318\/revisions"}],"predecessor-version":[{"id":29321,"href":"https:\/\/permakultur-landwirtschaft.org\/fr\/wp-json\/wp\/v2\/posts\/29318\/revisions\/29321"}],"wp:featuredmedia":[{"embeddable":true,"href":"https:\/\/permakultur-landwirtschaft.org\/fr\/wp-json\/wp\/v2\/media\/29319"}],"wp:attachment":[{"href":"https:\/\/permakultur-landwirtschaft.org\/fr\/wp-json\/wp\/v2\/media?parent=29318"}],"wp:term":[{"taxonomy":"category","embeddable":true,"href":"https:\/\/permakultur-landwirtschaft.org\/fr\/wp-json\/wp\/v2\/categories?post=29318"},{"taxonomy":"post_tag","embeddable":true,"href":"https:\/\/permakultur-landwirtschaft.org\/fr\/wp-json\/wp\/v2\/tags?post=29318"}],"curies":[{"name":"wp","href":"https:\/\/api.w.org\/{rel}","templated":true}]}}