{"id":28946,"date":"2023-03-01T14:19:00","date_gmt":"2023-03-01T13:19:00","guid":{"rendered":"https:\/\/permakultur-landwirtschaft.org\/?p=28946"},"modified":"2023-03-22T22:26:44","modified_gmt":"2023-03-22T21:26:44","slug":"permakultur-artikel-in-forschung-kompakt-von-die-gruene-nr-3-2023","status":"publish","type":"post","link":"https:\/\/permakultur-landwirtschaft.org\/fr\/permakultur-artikel-in-forschung-kompakt-von-die-gruene-nr-3-2023\/","title":{"rendered":"Permakultur erforschen &#8211; Artikel in die gr\u00fcne Nr. 3 2023"},"content":{"rendered":"<p>Text von die gr\u00fcne:<\/p>\n\n\n\n<p><strong>Permakultur erforschen<\/strong><\/p>\n\n\n\n<p>Die HAFL befasst sich seit einigen Jahren intensiv mit Permakultur und Agroforst. Neben lnputs in der Lehre und dem Aufbau einer Wissens- und Beratungsplattform (zusammen mit dem Verein Permakultu-Landwirtschaft) hat die HAFL ein vom BLW und der Stiftung &#171;Sur-La-Croix&#187; finanziertes Projekt mit Permakultur-Pilotbetrieben.<\/p>\n\n\n\n<p><strong>Nachhaltiges Gesamtsystem <\/strong><\/p>\n\n\n\n<p>Die Permakultur ist ein besonders nachhaltiges Produktionssystem, mit dem die Bodenfruchtbarkeit<br>regeneriert und die Biodiversit\u00e4t mit vielf\u00e4ltigen Mischkulturen gef\u00f6rdert wird. Permakultur kann \u00fcberdies als lnbegriff der standortangepassten und ressourceneffizienten Lebensmittelproduktion betrachtet werden (z.B. keine Futterproduktion auf Ackerfl\u00e4chen), wie sie gem\u00e4ss Art. 104a der Bundesverfassung zur Gew\u00e4hrleistung der Ern\u00e4hrungssicherheit gef\u00f6rdert werden soll.<\/p>\n\n\n\n<hr class=\"wp-block-separator has-alpha-channel-opacity\"\/>\n\n\n\n<p>Link zum Onlineartikel: <a href=\"https:\/\/www.diegruene.ch\/artikel\/vermischtes\/permakultur-erforschen-462260\" target=\"_blank\" rel=\"noreferrer noopener\">www.diegruene.ch\/artikel\/vermischtes\/permakultur-erforschen-462260<\/a><\/p>\n\n\n\n<p>Link zum Artikel: <a rel=\"noreferrer noopener\" href=\"https:\/\/permakultur-landwirtschaft.org\/documents\/artikel\/20230301_Die_Gruene_-_HAFL_Permakultur_erforschen_und_Nachhaltiges_Gesamtsystem.pdf\" target=\"_blank\">permakultur-landwirtschaft.org\/documents\/artikel\/20230301_Die_Gruene_-_HAFL_Permakultur_erforschen_und_Nachhaltiges_Gesamtsystem.pdf<\/a><\/p>\n\n\n\n<p>Link zur Forschungsgruppe Permakultur, der HAFL: <a href=\"https:\/\/www.bfh.ch\/fr\/recherche\/domaines-de-recherche\/permaculture\/\" target=\"_blank\" rel=\"noreferrer noopener\">bfh.ch\/permakultur<\/a><\/p>\n\n\n\n<figure class=\"wp-block-image size-full\"><a href=\"https:\/\/www.diegruene.ch\/artikel\/vermischtes\/permakultur-erforschen-462260\" target=\"_blank\" rel=\"noreferrer noopener\"><img fetchpriority=\"high\" decoding=\"async\" width=\"700\" height=\"438\" src=\"https:\/\/permakultur-landwirtschaft.org\/wp-content\/uploads\/2023\/03\/gruene_permakultur_erforschen_700.jpg\" alt=\"\" class=\"wp-image-29242\" srcset=\"https:\/\/permakultur-landwirtschaft.org\/wp-content\/uploads\/2023\/03\/gruene_permakultur_erforschen_700.jpg 700w, https:\/\/permakultur-landwirtschaft.org\/wp-content\/uploads\/2023\/03\/gruene_permakultur_erforschen_700-300x188.jpg 300w\" sizes=\"(max-width: 700px) 100vw, 700px\" \/><\/a><figcaption class=\"wp-element-caption\">Bild: Dominik F\u00fcglistaller<\/figcaption><\/figure>\n\n\n\n<hr class=\"wp-block-separator has-css-opacity\"\/>\n\n\n\n<h3 class=\"wp-block-heading\"><a href=\"https:\/\/permakultur-landwirtschaft.org\/fr\/medien\/\">Hier geht&#8217;s zur \u00dcbersicht aller Neuigkeiten<\/a><\/h3>","protected":false},"excerpt":{"rendered":"<p>Text von die gr\u00fcne: Permakultur erforschen Die HAFL befasst sich seit einigen Jahren intensiv mit Permakultur und Agroforst. Neben lnputs in der Lehre und dem Aufbau einer Wissens- und Beratungsplattform (zusammen mit dem Verein Permakultu-Landwirtschaft) hat die HAFL ein vom BLW und der Stiftung &#171;Sur-La-Croix&#187; finanziertes Projekt mit Permakultur-Pilotbetrieben. Nachhaltiges Gesamtsystem Die Permakultur ist ein [&hellip;]<\/p>\n","protected":false},"author":2,"featured_media":29242,"comment_status":"closed","ping_status":"closed","sticky":false,"template":"","format":"standard","meta":{"_acf_changed":false,"site-sidebar-layout":"default","site-content-layout":"","ast-site-content-layout":"default","site-content-style":"default","site-sidebar-style":"default","ast-global-header-display":"","ast-banner-title-visibility":"","ast-main-header-display":"","ast-hfb-above-header-display":"","ast-hfb-below-header-display":"","ast-hfb-mobile-header-display":"","site-post-title":"","ast-breadcrumbs-content":"","ast-featured-img":"","footer-sml-layout":"","ast-disable-related-posts":"","theme-transparent-header-meta":"","adv-header-id-meta":"","stick-header-meta":"","header-above-stick-meta":"","header-main-stick-meta":"","header-below-stick-meta":"","astra-migrate-meta-layouts":"default","ast-page-background-enabled":"default","ast-page-background-meta":{"desktop":{"background-color":"var(--ast-global-color-4)","background-image":"","background-repeat":"repeat","background-position":"center center","background-size":"auto","background-attachment":"scroll","background-type":"","background-media":"","overlay-type":"","overlay-color":"","overlay-opacity":"","overlay-gradient":""},"tablet":{"background-color":"","background-image":"","background-repeat":"repeat","background-position":"center center","background-size":"auto","background-attachment":"scroll","background-type":"","background-media":"","overlay-type":"","overlay-color":"","overlay-opacity":"","overlay-gradient":""},"mobile":{"background-color":"","background-image":"","background-repeat":"repeat","background-position":"center center","background-size":"auto","background-attachment":"scroll","background-type":"","background-media":"","overlay-type":"","overlay-color":"","overlay-opacity":"","overlay-gradient":""}},"ast-content-background-meta":{"desktop":{"background-color":"var(--ast-global-color-5)","background-image":"","background-repeat":"repeat","background-position":"center center","background-size":"auto","background-attachment":"scroll","background-type":"","background-media":"","overlay-type":"","overlay-color":"","overlay-opacity":"","overlay-gradient":""},"tablet":{"background-color":"var(--ast-global-color-5)","background-image":"","background-repeat":"repeat","background-position":"center center","background-size":"auto","background-attachment":"scroll","background-type":"","background-media":"","overlay-type":"","overlay-color":"","overlay-opacity":"","overlay-gradient":""},"mobile":{"background-color":"var(--ast-global-color-5)","background-image":"","background-repeat":"repeat","background-position":"center center","background-size":"auto","background-attachment":"scroll","background-type":"","background-media":"","overlay-type":"","overlay-color":"","overlay-opacity":"","overlay-gradient":""}},"footnotes":""},"categories":[22],"tags":[],"class_list":["post-28946","post","type-post","status-publish","format-standard","has-post-thumbnail","hentry","category-neuigkeit"],"acf":[],"yoast_head":"<!-- This site is optimized with the Yoast SEO plugin v27.5 - https:\/\/yoast.com\/product\/yoast-seo-wordpress\/ -->\n<title>Permakultur erforschen - Artikel in die gr\u00fcne Nr. 3 2023 - Permakultur-Landwirtschaft<\/title>\n<meta name=\"robots\" content=\"index, follow, max-snippet:-1, max-image-preview:large, max-video-preview:-1\" \/>\n<link rel=\"canonical\" href=\"https:\/\/permakultur-landwirtschaft.org\/fr\/permakultur-artikel-in-forschung-kompakt-von-die-gruene-nr-3-2023\/\" \/>\n<meta property=\"og:locale\" content=\"fr_FR\" \/>\n<meta property=\"og:type\" content=\"article\" \/>\n<meta property=\"og:title\" content=\"Permakultur erforschen - Artikel in die gr\u00fcne Nr. 3 2023 - Permakultur-Landwirtschaft\" \/>\n<meta property=\"og:description\" content=\"Text von die gr\u00fcne: Permakultur erforschen Die HAFL befasst sich seit einigen Jahren intensiv mit Permakultur und Agroforst. Neben lnputs in der Lehre und dem Aufbau einer Wissens- und Beratungsplattform (zusammen mit dem Verein Permakultu-Landwirtschaft) hat die HAFL ein vom BLW und der Stiftung &#171;Sur-La-Croix&#187; finanziertes Projekt mit Permakultur-Pilotbetrieben. Nachhaltiges Gesamtsystem Die Permakultur ist ein [&hellip;]\" \/>\n<meta property=\"og:url\" content=\"https:\/\/permakultur-landwirtschaft.org\/fr\/permakultur-artikel-in-forschung-kompakt-von-die-gruene-nr-3-2023\/\" \/>\n<meta property=\"og:site_name\" content=\"Permakultur-Landwirtschaft\" \/>\n<meta property=\"article:publisher\" content=\"https:\/\/www.facebook.com\/PermakulturLandwirtschaft\" \/>\n<meta property=\"article:published_time\" content=\"2023-03-01T13:19:00+00:00\" \/>\n<meta property=\"article:modified_time\" content=\"2023-03-22T21:26:44+00:00\" \/>\n<meta property=\"og:image\" content=\"https:\/\/permakultur-landwirtschaft.org\/wp-content\/uploads\/2023\/03\/gruene_permakultur_erforschen_700.jpg\" \/>\n\t<meta property=\"og:image:width\" content=\"700\" \/>\n\t<meta property=\"og:image:height\" content=\"438\" \/>\n\t<meta property=\"og:image:type\" content=\"image\/jpeg\" \/>\n<meta name=\"author\" content=\"adrian reutimann\" \/>\n<meta name=\"twitter:card\" content=\"summary_large_image\" \/>\n<meta name=\"twitter:label1\" content=\"\u00c9crit par\" \/>\n\t<meta name=\"twitter:data1\" content=\"adrian reutimann\" \/>\n\t<meta name=\"twitter:label2\" content=\"Dur\u00e9e de lecture estim\u00e9e\" \/>\n\t<meta name=\"twitter:data2\" content=\"1 minute\" \/>\n<script type=\"application\/ld+json\" class=\"yoast-schema-graph\">{\"@context\":\"https:\\\/\\\/schema.org\",\"@graph\":[{\"@type\":\"Article\",\"@id\":\"https:\\\/\\\/permakultur-landwirtschaft.org\\\/permakultur-artikel-in-forschung-kompakt-von-die-gruene-nr-3-2023\\\/#article\",\"isPartOf\":{\"@id\":\"https:\\\/\\\/permakultur-landwirtschaft.org\\\/permakultur-artikel-in-forschung-kompakt-von-die-gruene-nr-3-2023\\\/\"},\"author\":{\"name\":\"adrian reutimann\",\"@id\":\"https:\\\/\\\/permakultur-landwirtschaft.org\\\/#\\\/schema\\\/person\\\/6b0467872f75aed3e144093f9bf4f0b0\"},\"headline\":\"Permakultur erforschen &#8211; Artikel in die gr\u00fcne Nr. 3 2023\",\"datePublished\":\"2023-03-01T13:19:00+00:00\",\"dateModified\":\"2023-03-22T21:26:44+00:00\",\"mainEntityOfPage\":{\"@id\":\"https:\\\/\\\/permakultur-landwirtschaft.org\\\/permakultur-artikel-in-forschung-kompakt-von-die-gruene-nr-3-2023\\\/\"},\"wordCount\":166,\"publisher\":{\"@id\":\"https:\\\/\\\/permakultur-landwirtschaft.org\\\/#organization\"},\"image\":{\"@id\":\"https:\\\/\\\/permakultur-landwirtschaft.org\\\/permakultur-artikel-in-forschung-kompakt-von-die-gruene-nr-3-2023\\\/#primaryimage\"},\"thumbnailUrl\":\"https:\\\/\\\/permakultur-landwirtschaft.org\\\/wp-content\\\/uploads\\\/2023\\\/03\\\/gruene_permakultur_erforschen_700.jpg\",\"articleSection\":[\"Neuigkeit\"],\"inLanguage\":\"fr-FR\"},{\"@type\":\"WebPage\",\"@id\":\"https:\\\/\\\/permakultur-landwirtschaft.org\\\/permakultur-artikel-in-forschung-kompakt-von-die-gruene-nr-3-2023\\\/\",\"url\":\"https:\\\/\\\/permakultur-landwirtschaft.org\\\/permakultur-artikel-in-forschung-kompakt-von-die-gruene-nr-3-2023\\\/\",\"name\":\"Permakultur erforschen - Artikel in die gr\u00fcne Nr. 3 2023 - Permakultur-Landwirtschaft\",\"isPartOf\":{\"@id\":\"https:\\\/\\\/permakultur-landwirtschaft.org\\\/#website\"},\"primaryImageOfPage\":{\"@id\":\"https:\\\/\\\/permakultur-landwirtschaft.org\\\/permakultur-artikel-in-forschung-kompakt-von-die-gruene-nr-3-2023\\\/#primaryimage\"},\"image\":{\"@id\":\"https:\\\/\\\/permakultur-landwirtschaft.org\\\/permakultur-artikel-in-forschung-kompakt-von-die-gruene-nr-3-2023\\\/#primaryimage\"},\"thumbnailUrl\":\"https:\\\/\\\/permakultur-landwirtschaft.org\\\/wp-content\\\/uploads\\\/2023\\\/03\\\/gruene_permakultur_erforschen_700.jpg\",\"datePublished\":\"2023-03-01T13:19:00+00:00\",\"dateModified\":\"2023-03-22T21:26:44+00:00\",\"breadcrumb\":{\"@id\":\"https:\\\/\\\/permakultur-landwirtschaft.org\\\/permakultur-artikel-in-forschung-kompakt-von-die-gruene-nr-3-2023\\\/#breadcrumb\"},\"inLanguage\":\"fr-FR\",\"potentialAction\":[{\"@type\":\"ReadAction\",\"target\":[\"https:\\\/\\\/permakultur-landwirtschaft.org\\\/permakultur-artikel-in-forschung-kompakt-von-die-gruene-nr-3-2023\\\/\"]}]},{\"@type\":\"ImageObject\",\"inLanguage\":\"fr-FR\",\"@id\":\"https:\\\/\\\/permakultur-landwirtschaft.org\\\/permakultur-artikel-in-forschung-kompakt-von-die-gruene-nr-3-2023\\\/#primaryimage\",\"url\":\"https:\\\/\\\/permakultur-landwirtschaft.org\\\/wp-content\\\/uploads\\\/2023\\\/03\\\/gruene_permakultur_erforschen_700.jpg\",\"contentUrl\":\"https:\\\/\\\/permakultur-landwirtschaft.org\\\/wp-content\\\/uploads\\\/2023\\\/03\\\/gruene_permakultur_erforschen_700.jpg\",\"width\":700,\"height\":438},{\"@type\":\"BreadcrumbList\",\"@id\":\"https:\\\/\\\/permakultur-landwirtschaft.org\\\/permakultur-artikel-in-forschung-kompakt-von-die-gruene-nr-3-2023\\\/#breadcrumb\",\"itemListElement\":[{\"@type\":\"ListItem\",\"position\":1,\"name\":\"Startseite\",\"item\":\"https:\\\/\\\/permakultur-landwirtschaft.org\\\/\"},{\"@type\":\"ListItem\",\"position\":2,\"name\":\"Permakultur erforschen &#8211; Artikel in die gr\u00fcne Nr. 3 2023\"}]},{\"@type\":\"WebSite\",\"@id\":\"https:\\\/\\\/permakultur-landwirtschaft.org\\\/#website\",\"url\":\"https:\\\/\\\/permakultur-landwirtschaft.org\\\/\",\"name\":\"Permakultur-Landwirtschaft\",\"description\":\"F\u00f6rderung der Permakultur in der Landwirtschaft\",\"publisher\":{\"@id\":\"https:\\\/\\\/permakultur-landwirtschaft.org\\\/#organization\"},\"potentialAction\":[{\"@type\":\"SearchAction\",\"target\":{\"@type\":\"EntryPoint\",\"urlTemplate\":\"https:\\\/\\\/permakultur-landwirtschaft.org\\\/?s={search_term_string}\"},\"query-input\":{\"@type\":\"PropertyValueSpecification\",\"valueRequired\":true,\"valueName\":\"search_term_string\"}}],\"inLanguage\":\"fr-FR\"},{\"@type\":\"Organization\",\"@id\":\"https:\\\/\\\/permakultur-landwirtschaft.org\\\/#organization\",\"name\":\"Permakultur-Landwirtschaft\",\"alternateName\":\"Verein Permakultur-Landwirtschaft\",\"url\":\"https:\\\/\\\/permakultur-landwirtschaft.org\\\/\",\"logo\":{\"@type\":\"ImageObject\",\"inLanguage\":\"fr-FR\",\"@id\":\"https:\\\/\\\/permakultur-landwirtschaft.org\\\/#\\\/schema\\\/logo\\\/image\\\/\",\"url\":\"https:\\\/\\\/permakultur-landwirtschaft.org\\\/wp-content\\\/uploads\\\/2021\\\/11\\\/pela_1268x1269.png\",\"contentUrl\":\"https:\\\/\\\/permakultur-landwirtschaft.org\\\/wp-content\\\/uploads\\\/2021\\\/11\\\/pela_1268x1269.png\",\"width\":1298,\"height\":1269,\"caption\":\"Permakultur-Landwirtschaft\"},\"image\":{\"@id\":\"https:\\\/\\\/permakultur-landwirtschaft.org\\\/#\\\/schema\\\/logo\\\/image\\\/\"},\"sameAs\":[\"https:\\\/\\\/www.facebook.com\\\/PermakulturLandwirtschaft\",\"https:\\\/\\\/www.instagram.com\\\/permakultur_landwirtschaft\\\/\",\"https:\\\/\\\/www.flickr.com\\\/photos\\\/permakultur-landwirtschaft\",\"https:\\\/\\\/www.youtube.com\\\/@PermakulturLandwirtschaft\"]},{\"@type\":\"Person\",\"@id\":\"https:\\\/\\\/permakultur-landwirtschaft.org\\\/#\\\/schema\\\/person\\\/6b0467872f75aed3e144093f9bf4f0b0\",\"name\":\"adrian reutimann\",\"url\":\"https:\\\/\\\/permakultur-landwirtschaft.org\\\/fr\\\/author\\\/reutiadr\\\/\"}]}<\/script>\n<!-- \/ Yoast SEO plugin. -->","yoast_head_json":{"title":"Permakultur erforschen - Artikel in die gr\u00fcne Nr. 3 2023 - Permakultur-Landwirtschaft","robots":{"index":"index","follow":"follow","max-snippet":"max-snippet:-1","max-image-preview":"max-image-preview:large","max-video-preview":"max-video-preview:-1"},"canonical":"https:\/\/permakultur-landwirtschaft.org\/fr\/permakultur-artikel-in-forschung-kompakt-von-die-gruene-nr-3-2023\/","og_locale":"fr_FR","og_type":"article","og_title":"Permakultur erforschen - Artikel in die gr\u00fcne Nr. 3 2023 - Permakultur-Landwirtschaft","og_description":"Text von die gr\u00fcne: Permakultur erforschen Die HAFL befasst sich seit einigen Jahren intensiv mit Permakultur und Agroforst. Neben lnputs in der Lehre und dem Aufbau einer Wissens- und Beratungsplattform (zusammen mit dem Verein Permakultu-Landwirtschaft) hat die HAFL ein vom BLW und der Stiftung &#171;Sur-La-Croix&#187; finanziertes Projekt mit Permakultur-Pilotbetrieben. Nachhaltiges Gesamtsystem Die Permakultur ist ein [&hellip;]","og_url":"https:\/\/permakultur-landwirtschaft.org\/fr\/permakultur-artikel-in-forschung-kompakt-von-die-gruene-nr-3-2023\/","og_site_name":"Permakultur-Landwirtschaft","article_publisher":"https:\/\/www.facebook.com\/PermakulturLandwirtschaft","article_published_time":"2023-03-01T13:19:00+00:00","article_modified_time":"2023-03-22T21:26:44+00:00","og_image":[{"width":700,"height":438,"url":"https:\/\/permakultur-landwirtschaft.org\/wp-content\/uploads\/2023\/03\/gruene_permakultur_erforschen_700.jpg","type":"image\/jpeg"}],"author":"adrian reutimann","twitter_card":"summary_large_image","twitter_misc":{"\u00c9crit par":"adrian reutimann","Dur\u00e9e de lecture estim\u00e9e":"1 minute"},"schema":{"@context":"https:\/\/schema.org","@graph":[{"@type":"Article","@id":"https:\/\/permakultur-landwirtschaft.org\/permakultur-artikel-in-forschung-kompakt-von-die-gruene-nr-3-2023\/#article","isPartOf":{"@id":"https:\/\/permakultur-landwirtschaft.org\/permakultur-artikel-in-forschung-kompakt-von-die-gruene-nr-3-2023\/"},"author":{"name":"adrian reutimann","@id":"https:\/\/permakultur-landwirtschaft.org\/#\/schema\/person\/6b0467872f75aed3e144093f9bf4f0b0"},"headline":"Permakultur erforschen &#8211; Artikel in die gr\u00fcne Nr. 3 2023","datePublished":"2023-03-01T13:19:00+00:00","dateModified":"2023-03-22T21:26:44+00:00","mainEntityOfPage":{"@id":"https:\/\/permakultur-landwirtschaft.org\/permakultur-artikel-in-forschung-kompakt-von-die-gruene-nr-3-2023\/"},"wordCount":166,"publisher":{"@id":"https:\/\/permakultur-landwirtschaft.org\/#organization"},"image":{"@id":"https:\/\/permakultur-landwirtschaft.org\/permakultur-artikel-in-forschung-kompakt-von-die-gruene-nr-3-2023\/#primaryimage"},"thumbnailUrl":"https:\/\/permakultur-landwirtschaft.org\/wp-content\/uploads\/2023\/03\/gruene_permakultur_erforschen_700.jpg","articleSection":["Neuigkeit"],"inLanguage":"fr-FR"},{"@type":"WebPage","@id":"https:\/\/permakultur-landwirtschaft.org\/permakultur-artikel-in-forschung-kompakt-von-die-gruene-nr-3-2023\/","url":"https:\/\/permakultur-landwirtschaft.org\/permakultur-artikel-in-forschung-kompakt-von-die-gruene-nr-3-2023\/","name":"Permakultur erforschen - Artikel in die gr\u00fcne Nr. 3 2023 - Permakultur-Landwirtschaft","isPartOf":{"@id":"https:\/\/permakultur-landwirtschaft.org\/#website"},"primaryImageOfPage":{"@id":"https:\/\/permakultur-landwirtschaft.org\/permakultur-artikel-in-forschung-kompakt-von-die-gruene-nr-3-2023\/#primaryimage"},"image":{"@id":"https:\/\/permakultur-landwirtschaft.org\/permakultur-artikel-in-forschung-kompakt-von-die-gruene-nr-3-2023\/#primaryimage"},"thumbnailUrl":"https:\/\/permakultur-landwirtschaft.org\/wp-content\/uploads\/2023\/03\/gruene_permakultur_erforschen_700.jpg","datePublished":"2023-03-01T13:19:00+00:00","dateModified":"2023-03-22T21:26:44+00:00","breadcrumb":{"@id":"https:\/\/permakultur-landwirtschaft.org\/permakultur-artikel-in-forschung-kompakt-von-die-gruene-nr-3-2023\/#breadcrumb"},"inLanguage":"fr-FR","potentialAction":[{"@type":"ReadAction","target":["https:\/\/permakultur-landwirtschaft.org\/permakultur-artikel-in-forschung-kompakt-von-die-gruene-nr-3-2023\/"]}]},{"@type":"ImageObject","inLanguage":"fr-FR","@id":"https:\/\/permakultur-landwirtschaft.org\/permakultur-artikel-in-forschung-kompakt-von-die-gruene-nr-3-2023\/#primaryimage","url":"https:\/\/permakultur-landwirtschaft.org\/wp-content\/uploads\/2023\/03\/gruene_permakultur_erforschen_700.jpg","contentUrl":"https:\/\/permakultur-landwirtschaft.org\/wp-content\/uploads\/2023\/03\/gruene_permakultur_erforschen_700.jpg","width":700,"height":438},{"@type":"BreadcrumbList","@id":"https:\/\/permakultur-landwirtschaft.org\/permakultur-artikel-in-forschung-kompakt-von-die-gruene-nr-3-2023\/#breadcrumb","itemListElement":[{"@type":"ListItem","position":1,"name":"Startseite","item":"https:\/\/permakultur-landwirtschaft.org\/"},{"@type":"ListItem","position":2,"name":"Permakultur erforschen &#8211; Artikel in die gr\u00fcne Nr. 3 2023"}]},{"@type":"WebSite","@id":"https:\/\/permakultur-landwirtschaft.org\/#website","url":"https:\/\/permakultur-landwirtschaft.org\/","name":"Permakultur-Landwirtschaft","description":"F\u00f6rderung der Permakultur in der Landwirtschaft","publisher":{"@id":"https:\/\/permakultur-landwirtschaft.org\/#organization"},"potentialAction":[{"@type":"SearchAction","target":{"@type":"EntryPoint","urlTemplate":"https:\/\/permakultur-landwirtschaft.org\/?s={search_term_string}"},"query-input":{"@type":"PropertyValueSpecification","valueRequired":true,"valueName":"search_term_string"}}],"inLanguage":"fr-FR"},{"@type":"Organization","@id":"https:\/\/permakultur-landwirtschaft.org\/#organization","name":"Permakultur-Landwirtschaft","alternateName":"Verein Permakultur-Landwirtschaft","url":"https:\/\/permakultur-landwirtschaft.org\/","logo":{"@type":"ImageObject","inLanguage":"fr-FR","@id":"https:\/\/permakultur-landwirtschaft.org\/#\/schema\/logo\/image\/","url":"https:\/\/permakultur-landwirtschaft.org\/wp-content\/uploads\/2021\/11\/pela_1268x1269.png","contentUrl":"https:\/\/permakultur-landwirtschaft.org\/wp-content\/uploads\/2021\/11\/pela_1268x1269.png","width":1298,"height":1269,"caption":"Permakultur-Landwirtschaft"},"image":{"@id":"https:\/\/permakultur-landwirtschaft.org\/#\/schema\/logo\/image\/"},"sameAs":["https:\/\/www.facebook.com\/PermakulturLandwirtschaft","https:\/\/www.instagram.com\/permakultur_landwirtschaft\/","https:\/\/www.flickr.com\/photos\/permakultur-landwirtschaft","https:\/\/www.youtube.com\/@PermakulturLandwirtschaft"]},{"@type":"Person","@id":"https:\/\/permakultur-landwirtschaft.org\/#\/schema\/person\/6b0467872f75aed3e144093f9bf4f0b0","name":"adrian reutimann","url":"https:\/\/permakultur-landwirtschaft.org\/fr\/author\/reutiadr\/"}]}},"_links":{"self":[{"href":"https:\/\/permakultur-landwirtschaft.org\/fr\/wp-json\/wp\/v2\/posts\/28946","targetHints":{"allow":["GET"]}}],"collection":[{"href":"https:\/\/permakultur-landwirtschaft.org\/fr\/wp-json\/wp\/v2\/posts"}],"about":[{"href":"https:\/\/permakultur-landwirtschaft.org\/fr\/wp-json\/wp\/v2\/types\/post"}],"author":[{"embeddable":true,"href":"https:\/\/permakultur-landwirtschaft.org\/fr\/wp-json\/wp\/v2\/users\/2"}],"replies":[{"embeddable":true,"href":"https:\/\/permakultur-landwirtschaft.org\/fr\/wp-json\/wp\/v2\/comments?post=28946"}],"version-history":[{"count":6,"href":"https:\/\/permakultur-landwirtschaft.org\/fr\/wp-json\/wp\/v2\/posts\/28946\/revisions"}],"predecessor-version":[{"id":29244,"href":"https:\/\/permakultur-landwirtschaft.org\/fr\/wp-json\/wp\/v2\/posts\/28946\/revisions\/29244"}],"wp:featuredmedia":[{"embeddable":true,"href":"https:\/\/permakultur-landwirtschaft.org\/fr\/wp-json\/wp\/v2\/media\/29242"}],"wp:attachment":[{"href":"https:\/\/permakultur-landwirtschaft.org\/fr\/wp-json\/wp\/v2\/media?parent=28946"}],"wp:term":[{"taxonomy":"category","embeddable":true,"href":"https:\/\/permakultur-landwirtschaft.org\/fr\/wp-json\/wp\/v2\/categories?post=28946"},{"taxonomy":"post_tag","embeddable":true,"href":"https:\/\/permakultur-landwirtschaft.org\/fr\/wp-json\/wp\/v2\/tags?post=28946"}],"curies":[{"name":"wp","href":"https:\/\/api.w.org\/{rel}","templated":true}]}}