{"id":28859,"date":"2023-03-16T10:29:00","date_gmt":"2023-03-16T09:29:00","guid":{"rendered":"https:\/\/permakultur-landwirtschaft.org\/?p=28859"},"modified":"2023-03-16T14:44:47","modified_gmt":"2023-03-16T13:44:47","slug":"gv2023","status":"publish","type":"post","link":"https:\/\/permakultur-landwirtschaft.org\/fr\/gv2023\/","title":{"rendered":"Mitgliederversammlung des Vereins Permakultur-Landwirtschaft am 16. M\u00e4rz 2023"},"content":{"rendered":"<p><strong>Einladung zur Mitgliederversammlung 2023<\/strong><\/p>\n\n\n\n<p>Die Mitgliederversammlung 2022 wurde in der Markthalle in Basel erstmals nach der Pandemie<br>wieder vor Ort durchgef\u00fchrt. Auch dieses Jahr k\u00f6nnen wir uns wieder treffen, uns mit Euch<br>austauschen, Euch kennenlernen und auch unsere zahlreichen neuen Mitglieder in diesem Kreis<br>pers\u00f6nlich begr\u00fcssen.<br>Die Anmeldung f\u00fcr die Mitgliederversammlung und das Mittagessen kann bis am 09. M\u00e4rz 2023 \u00fcber untenstehendes Formular gemacht werden.<\/p>\n\n\n\n<p>Die Mitgliederversammlung 2023 des Vereins Permakultur-Landwirtschaft findet 2023 bei Selina &amp; Alexander auf dem Biohof Schwander in Baldegg LU statt.<\/p>\n\n\n\n<p><strong>Date<br><\/strong>16. M\u00e4rz 2023<\/p>\n\n\n\n<p><strong>Programme<\/strong><br>10:00 &#8211; 12:00 Mitgliederversammlung des Vereins Permakultur-Landwirtschaft<br>12.00 &#8211; 13.15 Uhr Gemeinsames Mittagessen<br>13.15 &#8211; 15.00 Uhr Hofrundgang Biohof Schwander<\/p>\n\n\n\n<p><strong>Adresse<br><\/strong>Biohof Schwander<br>Reckholdern 1<br>6283 Baldegg<br><a rel=\"noreferrer noopener\" href=\"https:\/\/www.biohof-schwander.ch\/\" target=\"_blank\">www.biohof-schwander.ch<\/a><br>Projekt krautig von Selina &amp; Alexander: <a href=\"https:\/\/www.krautig.ch\/\" target=\"_blank\" rel=\"noreferrer noopener\">www.krautig.ch<\/a><\/p>\n\n\n\n<p><strong>Arriv\u00e9e<\/strong><br>Per \u00d6V mit Abholdienst oder individuell (Parkpl\u00e4tze vorhanden)<\/p>\n\n\n\n<p><strong>Inscription<br><\/strong>Anmeldung bitte bis am <strong>09. M\u00e4rz 2023 <\/strong>mit untenstehendem Formular<\/p>\n\n\n\n<p><strong>Traktanden<\/strong><\/p>\n\n\n\n<ul class=\"wp-block-list\">\n<li>Willkommen und Jahresr\u00fcckblick 2022<\/li>\n\n\n\n<li>Genehmigung des Protokolls der letzten Mitgliederversammlung vom 11. Mai 2022<\/li>\n\n\n\n<li>Genehmigung des Jahresberichts 2022<\/li>\n\n\n\n<li>Entgegennahme des Revisionsberichts und Genehmigung der Jahresrechnung 2022 und Entlastung des Vorstands<\/li>\n\n\n\n<li>Genehmigung des Jahresbudgets 2023<\/li>\n\n\n\n<li>Vorstellung des T\u00e4tigkeitsprogramms 2023<\/li>\n\n\n\n<li>Wahl Vorstand<br>Vorschlag: Isabel Sch\u00e4ppi (bisher), Margrit Paradis (bisher), Etel Keller (bisher), Martin Lichtenegger (bisher), Melanie Alder (neu)<\/li>\n\n\n\n<li>Wahl Revisionsstelle<br>Vorschlag: Didi Baumann (bisher), Martin Schmid (bisher)<\/li>\n\n\n\n<li>Beschlussfassung \u00fcber Antr\u00e4ge von Mitgliedern oder des Vorstands<\/li>\n<\/ul>\n\n\n\n<p><strong>Antr\u00e4ge von Mitgliedern<\/strong><br>Antr\u00e4ge bitte bis am<strong> 11. M\u00e4rz 2023 <\/strong>an die E-Mail-Adresse margrit.paradis@permakultur-landwirtschaft.org senden.<\/p>\n\n\n\n<p><strong>Anmeldeformular Mitgliederversammlung<\/strong> <strong>2023<\/strong><\/p>\n\n\n\n<p>Anmeldung nicht mehr m\u00f6glich<\/p>\n\n\n\n<hr class=\"wp-block-separator has-css-opacity\"\/>\n\n\n\n<h3 class=\"wp-block-heading\"><a href=\"https:\/\/permakultur-landwirtschaft.org\/fr\/veranstaltungen\/\">Hier geht&#8217;s zur \u00dcbersicht aktuelle Veranstaltungen<\/a><\/h3>","protected":false},"excerpt":{"rendered":"<p>Einladung zur Mitgliederversammlung 2023 Die Mitgliederversammlung 2022 wurde in der Markthalle in Basel erstmals nach der Pandemiewieder vor Ort durchgef\u00fchrt. Auch dieses Jahr k\u00f6nnen wir uns wieder treffen, uns mit Euchaustauschen, Euch kennenlernen und auch unsere zahlreichen neuen Mitglieder in diesem Kreispers\u00f6nlich begr\u00fcssen.Die Anmeldung f\u00fcr die Mitgliederversammlung und das Mittagessen kann bis am 09. M\u00e4rz [&hellip;]<\/p>\n","protected":false},"author":2,"featured_media":16798,"comment_status":"closed","ping_status":"closed","sticky":false,"template":"","format":"standard","meta":{"_acf_changed":false,"site-sidebar-layout":"default","site-content-layout":"","ast-site-content-layout":"default","site-content-style":"default","site-sidebar-style":"default","ast-global-header-display":"","ast-banner-title-visibility":"","ast-main-header-display":"","ast-hfb-above-header-display":"","ast-hfb-below-header-display":"","ast-hfb-mobile-header-display":"","site-post-title":"","ast-breadcrumbs-content":"","ast-featured-img":"","footer-sml-layout":"","ast-disable-related-posts":"","theme-transparent-header-meta":"","adv-header-id-meta":"","stick-header-meta":"","header-above-stick-meta":"","header-main-stick-meta":"","header-below-stick-meta":"","astra-migrate-meta-layouts":"default","ast-page-background-enabled":"default","ast-page-background-meta":{"desktop":{"background-color":"var(--ast-global-color-4)","background-image":"","background-repeat":"repeat","background-position":"center center","background-size":"auto","background-attachment":"scroll","background-type":"","background-media":"","overlay-type":"","overlay-color":"","overlay-opacity":"","overlay-gradient":""},"tablet":{"background-color":"","background-image":"","background-repeat":"repeat","background-position":"center center","background-size":"auto","background-attachment":"scroll","background-type":"","background-media":"","overlay-type":"","overlay-color":"","overlay-opacity":"","overlay-gradient":""},"mobile":{"background-color":"","background-image":"","background-repeat":"repeat","background-position":"center center","background-size":"auto","background-attachment":"scroll","background-type":"","background-media":"","overlay-type":"","overlay-color":"","overlay-opacity":"","overlay-gradient":""}},"ast-content-background-meta":{"desktop":{"background-color":"var(--ast-global-color-5)","background-image":"","background-repeat":"repeat","background-position":"center center","background-size":"auto","background-attachment":"scroll","background-type":"","background-media":"","overlay-type":"","overlay-color":"","overlay-opacity":"","overlay-gradient":""},"tablet":{"background-color":"var(--ast-global-color-5)","background-image":"","background-repeat":"repeat","background-position":"center center","background-size":"auto","background-attachment":"scroll","background-type":"","background-media":"","overlay-type":"","overlay-color":"","overlay-opacity":"","overlay-gradient":""},"mobile":{"background-color":"var(--ast-global-color-5)","background-image":"","background-repeat":"repeat","background-position":"center center","background-size":"auto","background-attachment":"scroll","background-type":"","background-media":"","overlay-type":"","overlay-color":"","overlay-opacity":"","overlay-gradient":""}},"footnotes":""},"categories":[21],"tags":[],"class_list":["post-28859","post","type-post","status-publish","format-standard","has-post-thumbnail","hentry","category-veranstaltungen_archiv"],"acf":[],"yoast_head":"<!-- This site is optimized with the Yoast SEO plugin v27.4 - https:\/\/yoast.com\/product\/yoast-seo-wordpress\/ -->\n<title>Mitgliederversammlung des Vereins Permakultur-Landwirtschaft am 16. M\u00e4rz 2023 - Permakultur-Landwirtschaft<\/title>\n<meta name=\"robots\" content=\"index, follow, max-snippet:-1, max-image-preview:large, max-video-preview:-1\" \/>\n<link rel=\"canonical\" href=\"https:\/\/permakultur-landwirtschaft.org\/fr\/gv2023\/\" \/>\n<meta property=\"og:locale\" content=\"fr_FR\" \/>\n<meta property=\"og:type\" content=\"article\" \/>\n<meta property=\"og:title\" content=\"Mitgliederversammlung des Vereins Permakultur-Landwirtschaft am 16. M\u00e4rz 2023 - Permakultur-Landwirtschaft\" \/>\n<meta property=\"og:description\" content=\"Einladung zur Mitgliederversammlung 2023 Die Mitgliederversammlung 2022 wurde in der Markthalle in Basel erstmals nach der Pandemiewieder vor Ort durchgef\u00fchrt. Auch dieses Jahr k\u00f6nnen wir uns wieder treffen, uns mit Euchaustauschen, Euch kennenlernen und auch unsere zahlreichen neuen Mitglieder in diesem Kreispers\u00f6nlich begr\u00fcssen.Die Anmeldung f\u00fcr die Mitgliederversammlung und das Mittagessen kann bis am 09. M\u00e4rz [&hellip;]\" \/>\n<meta property=\"og:url\" content=\"https:\/\/permakultur-landwirtschaft.org\/fr\/gv2023\/\" \/>\n<meta property=\"og:site_name\" content=\"Permakultur-Landwirtschaft\" \/>\n<meta property=\"article:publisher\" content=\"https:\/\/www.facebook.com\/PermakulturLandwirtschaft\" \/>\n<meta property=\"article:published_time\" content=\"2023-03-16T09:29:00+00:00\" \/>\n<meta property=\"article:modified_time\" content=\"2023-03-16T13:44:47+00:00\" \/>\n<meta property=\"og:image\" content=\"https:\/\/permakultur-landwirtschaft.org\/wp-content\/uploads\/2021\/11\/pela_1268x1269.png\" \/>\n\t<meta property=\"og:image:width\" content=\"1298\" \/>\n\t<meta property=\"og:image:height\" content=\"1269\" \/>\n\t<meta property=\"og:image:type\" content=\"image\/png\" \/>\n<meta name=\"author\" content=\"adrian reutimann\" \/>\n<meta name=\"twitter:card\" content=\"summary_large_image\" \/>\n<meta name=\"twitter:label1\" content=\"\u00c9crit par\" \/>\n\t<meta name=\"twitter:data1\" content=\"adrian reutimann\" \/>\n\t<meta name=\"twitter:label2\" content=\"Dur\u00e9e de lecture estim\u00e9e\" \/>\n\t<meta name=\"twitter:data2\" content=\"1 minute\" \/>\n<script type=\"application\/ld+json\" class=\"yoast-schema-graph\">{\"@context\":\"https:\\\/\\\/schema.org\",\"@graph\":[{\"@type\":\"Article\",\"@id\":\"https:\\\/\\\/permakultur-landwirtschaft.org\\\/gv2023\\\/#article\",\"isPartOf\":{\"@id\":\"https:\\\/\\\/permakultur-landwirtschaft.org\\\/gv2023\\\/\"},\"author\":{\"name\":\"adrian reutimann\",\"@id\":\"https:\\\/\\\/permakultur-landwirtschaft.org\\\/#\\\/schema\\\/person\\\/6b0467872f75aed3e144093f9bf4f0b0\"},\"headline\":\"Mitgliederversammlung des Vereins Permakultur-Landwirtschaft am 16. M\u00e4rz 2023\",\"datePublished\":\"2023-03-16T09:29:00+00:00\",\"dateModified\":\"2023-03-16T13:44:47+00:00\",\"mainEntityOfPage\":{\"@id\":\"https:\\\/\\\/permakultur-landwirtschaft.org\\\/gv2023\\\/\"},\"wordCount\":245,\"publisher\":{\"@id\":\"https:\\\/\\\/permakultur-landwirtschaft.org\\\/#organization\"},\"image\":{\"@id\":\"https:\\\/\\\/permakultur-landwirtschaft.org\\\/gv2023\\\/#primaryimage\"},\"thumbnailUrl\":\"https:\\\/\\\/permakultur-landwirtschaft.org\\\/wp-content\\\/uploads\\\/2021\\\/11\\\/pela_1268x1269.png\",\"articleSection\":[\"Veranstaltungen_Archiv\"],\"inLanguage\":\"fr-FR\"},{\"@type\":\"WebPage\",\"@id\":\"https:\\\/\\\/permakultur-landwirtschaft.org\\\/gv2023\\\/\",\"url\":\"https:\\\/\\\/permakultur-landwirtschaft.org\\\/gv2023\\\/\",\"name\":\"Mitgliederversammlung des Vereins Permakultur-Landwirtschaft am 16. M\u00e4rz 2023 - Permakultur-Landwirtschaft\",\"isPartOf\":{\"@id\":\"https:\\\/\\\/permakultur-landwirtschaft.org\\\/#website\"},\"primaryImageOfPage\":{\"@id\":\"https:\\\/\\\/permakultur-landwirtschaft.org\\\/gv2023\\\/#primaryimage\"},\"image\":{\"@id\":\"https:\\\/\\\/permakultur-landwirtschaft.org\\\/gv2023\\\/#primaryimage\"},\"thumbnailUrl\":\"https:\\\/\\\/permakultur-landwirtschaft.org\\\/wp-content\\\/uploads\\\/2021\\\/11\\\/pela_1268x1269.png\",\"datePublished\":\"2023-03-16T09:29:00+00:00\",\"dateModified\":\"2023-03-16T13:44:47+00:00\",\"breadcrumb\":{\"@id\":\"https:\\\/\\\/permakultur-landwirtschaft.org\\\/gv2023\\\/#breadcrumb\"},\"inLanguage\":\"fr-FR\",\"potentialAction\":[{\"@type\":\"ReadAction\",\"target\":[\"https:\\\/\\\/permakultur-landwirtschaft.org\\\/gv2023\\\/\"]}]},{\"@type\":\"ImageObject\",\"inLanguage\":\"fr-FR\",\"@id\":\"https:\\\/\\\/permakultur-landwirtschaft.org\\\/gv2023\\\/#primaryimage\",\"url\":\"https:\\\/\\\/permakultur-landwirtschaft.org\\\/wp-content\\\/uploads\\\/2021\\\/11\\\/pela_1268x1269.png\",\"contentUrl\":\"https:\\\/\\\/permakultur-landwirtschaft.org\\\/wp-content\\\/uploads\\\/2021\\\/11\\\/pela_1268x1269.png\",\"width\":1298,\"height\":1269,\"caption\":\"Logo Permakultur-Landwirtschaft\"},{\"@type\":\"BreadcrumbList\",\"@id\":\"https:\\\/\\\/permakultur-landwirtschaft.org\\\/gv2023\\\/#breadcrumb\",\"itemListElement\":[{\"@type\":\"ListItem\",\"position\":1,\"name\":\"Startseite\",\"item\":\"https:\\\/\\\/permakultur-landwirtschaft.org\\\/\"},{\"@type\":\"ListItem\",\"position\":2,\"name\":\"Mitgliederversammlung des Vereins Permakultur-Landwirtschaft am 16. M\u00e4rz 2023\"}]},{\"@type\":\"WebSite\",\"@id\":\"https:\\\/\\\/permakultur-landwirtschaft.org\\\/#website\",\"url\":\"https:\\\/\\\/permakultur-landwirtschaft.org\\\/\",\"name\":\"Permakultur-Landwirtschaft\",\"description\":\"F\u00f6rderung der Permakultur in der Landwirtschaft\",\"publisher\":{\"@id\":\"https:\\\/\\\/permakultur-landwirtschaft.org\\\/#organization\"},\"potentialAction\":[{\"@type\":\"SearchAction\",\"target\":{\"@type\":\"EntryPoint\",\"urlTemplate\":\"https:\\\/\\\/permakultur-landwirtschaft.org\\\/?s={search_term_string}\"},\"query-input\":{\"@type\":\"PropertyValueSpecification\",\"valueRequired\":true,\"valueName\":\"search_term_string\"}}],\"inLanguage\":\"fr-FR\"},{\"@type\":\"Organization\",\"@id\":\"https:\\\/\\\/permakultur-landwirtschaft.org\\\/#organization\",\"name\":\"Permakultur-Landwirtschaft\",\"alternateName\":\"Verein Permakultur-Landwirtschaft\",\"url\":\"https:\\\/\\\/permakultur-landwirtschaft.org\\\/\",\"logo\":{\"@type\":\"ImageObject\",\"inLanguage\":\"fr-FR\",\"@id\":\"https:\\\/\\\/permakultur-landwirtschaft.org\\\/#\\\/schema\\\/logo\\\/image\\\/\",\"url\":\"https:\\\/\\\/permakultur-landwirtschaft.org\\\/wp-content\\\/uploads\\\/2021\\\/11\\\/pela_1268x1269.png\",\"contentUrl\":\"https:\\\/\\\/permakultur-landwirtschaft.org\\\/wp-content\\\/uploads\\\/2021\\\/11\\\/pela_1268x1269.png\",\"width\":1298,\"height\":1269,\"caption\":\"Permakultur-Landwirtschaft\"},\"image\":{\"@id\":\"https:\\\/\\\/permakultur-landwirtschaft.org\\\/#\\\/schema\\\/logo\\\/image\\\/\"},\"sameAs\":[\"https:\\\/\\\/www.facebook.com\\\/PermakulturLandwirtschaft\",\"https:\\\/\\\/www.instagram.com\\\/permakultur_landwirtschaft\\\/\",\"https:\\\/\\\/www.flickr.com\\\/photos\\\/permakultur-landwirtschaft\",\"https:\\\/\\\/www.youtube.com\\\/@PermakulturLandwirtschaft\"]},{\"@type\":\"Person\",\"@id\":\"https:\\\/\\\/permakultur-landwirtschaft.org\\\/#\\\/schema\\\/person\\\/6b0467872f75aed3e144093f9bf4f0b0\",\"name\":\"adrian reutimann\",\"url\":\"https:\\\/\\\/permakultur-landwirtschaft.org\\\/fr\\\/author\\\/reutiadr\\\/\"}]}<\/script>\n<!-- \/ Yoast SEO plugin. -->","yoast_head_json":{"title":"Mitgliederversammlung des Vereins Permakultur-Landwirtschaft am 16. M\u00e4rz 2023 - Permakultur-Landwirtschaft","robots":{"index":"index","follow":"follow","max-snippet":"max-snippet:-1","max-image-preview":"max-image-preview:large","max-video-preview":"max-video-preview:-1"},"canonical":"https:\/\/permakultur-landwirtschaft.org\/fr\/gv2023\/","og_locale":"fr_FR","og_type":"article","og_title":"Mitgliederversammlung des Vereins Permakultur-Landwirtschaft am 16. M\u00e4rz 2023 - Permakultur-Landwirtschaft","og_description":"Einladung zur Mitgliederversammlung 2023 Die Mitgliederversammlung 2022 wurde in der Markthalle in Basel erstmals nach der Pandemiewieder vor Ort durchgef\u00fchrt. Auch dieses Jahr k\u00f6nnen wir uns wieder treffen, uns mit Euchaustauschen, Euch kennenlernen und auch unsere zahlreichen neuen Mitglieder in diesem Kreispers\u00f6nlich begr\u00fcssen.Die Anmeldung f\u00fcr die Mitgliederversammlung und das Mittagessen kann bis am 09. M\u00e4rz [&hellip;]","og_url":"https:\/\/permakultur-landwirtschaft.org\/fr\/gv2023\/","og_site_name":"Permakultur-Landwirtschaft","article_publisher":"https:\/\/www.facebook.com\/PermakulturLandwirtschaft","article_published_time":"2023-03-16T09:29:00+00:00","article_modified_time":"2023-03-16T13:44:47+00:00","og_image":[{"width":1298,"height":1269,"url":"https:\/\/permakultur-landwirtschaft.org\/wp-content\/uploads\/2021\/11\/pela_1268x1269.png","type":"image\/png"}],"author":"adrian reutimann","twitter_card":"summary_large_image","twitter_misc":{"\u00c9crit par":"adrian reutimann","Dur\u00e9e de lecture estim\u00e9e":"1 minute"},"schema":{"@context":"https:\/\/schema.org","@graph":[{"@type":"Article","@id":"https:\/\/permakultur-landwirtschaft.org\/gv2023\/#article","isPartOf":{"@id":"https:\/\/permakultur-landwirtschaft.org\/gv2023\/"},"author":{"name":"adrian reutimann","@id":"https:\/\/permakultur-landwirtschaft.org\/#\/schema\/person\/6b0467872f75aed3e144093f9bf4f0b0"},"headline":"Mitgliederversammlung des Vereins Permakultur-Landwirtschaft am 16. M\u00e4rz 2023","datePublished":"2023-03-16T09:29:00+00:00","dateModified":"2023-03-16T13:44:47+00:00","mainEntityOfPage":{"@id":"https:\/\/permakultur-landwirtschaft.org\/gv2023\/"},"wordCount":245,"publisher":{"@id":"https:\/\/permakultur-landwirtschaft.org\/#organization"},"image":{"@id":"https:\/\/permakultur-landwirtschaft.org\/gv2023\/#primaryimage"},"thumbnailUrl":"https:\/\/permakultur-landwirtschaft.org\/wp-content\/uploads\/2021\/11\/pela_1268x1269.png","articleSection":["Veranstaltungen_Archiv"],"inLanguage":"fr-FR"},{"@type":"WebPage","@id":"https:\/\/permakultur-landwirtschaft.org\/gv2023\/","url":"https:\/\/permakultur-landwirtschaft.org\/gv2023\/","name":"Mitgliederversammlung des Vereins Permakultur-Landwirtschaft am 16. M\u00e4rz 2023 - Permakultur-Landwirtschaft","isPartOf":{"@id":"https:\/\/permakultur-landwirtschaft.org\/#website"},"primaryImageOfPage":{"@id":"https:\/\/permakultur-landwirtschaft.org\/gv2023\/#primaryimage"},"image":{"@id":"https:\/\/permakultur-landwirtschaft.org\/gv2023\/#primaryimage"},"thumbnailUrl":"https:\/\/permakultur-landwirtschaft.org\/wp-content\/uploads\/2021\/11\/pela_1268x1269.png","datePublished":"2023-03-16T09:29:00+00:00","dateModified":"2023-03-16T13:44:47+00:00","breadcrumb":{"@id":"https:\/\/permakultur-landwirtschaft.org\/gv2023\/#breadcrumb"},"inLanguage":"fr-FR","potentialAction":[{"@type":"ReadAction","target":["https:\/\/permakultur-landwirtschaft.org\/gv2023\/"]}]},{"@type":"ImageObject","inLanguage":"fr-FR","@id":"https:\/\/permakultur-landwirtschaft.org\/gv2023\/#primaryimage","url":"https:\/\/permakultur-landwirtschaft.org\/wp-content\/uploads\/2021\/11\/pela_1268x1269.png","contentUrl":"https:\/\/permakultur-landwirtschaft.org\/wp-content\/uploads\/2021\/11\/pela_1268x1269.png","width":1298,"height":1269,"caption":"Logo Permakultur-Landwirtschaft"},{"@type":"BreadcrumbList","@id":"https:\/\/permakultur-landwirtschaft.org\/gv2023\/#breadcrumb","itemListElement":[{"@type":"ListItem","position":1,"name":"Startseite","item":"https:\/\/permakultur-landwirtschaft.org\/"},{"@type":"ListItem","position":2,"name":"Mitgliederversammlung des Vereins Permakultur-Landwirtschaft am 16. M\u00e4rz 2023"}]},{"@type":"WebSite","@id":"https:\/\/permakultur-landwirtschaft.org\/#website","url":"https:\/\/permakultur-landwirtschaft.org\/","name":"Permakultur-Landwirtschaft","description":"F\u00f6rderung der Permakultur in der Landwirtschaft","publisher":{"@id":"https:\/\/permakultur-landwirtschaft.org\/#organization"},"potentialAction":[{"@type":"SearchAction","target":{"@type":"EntryPoint","urlTemplate":"https:\/\/permakultur-landwirtschaft.org\/?s={search_term_string}"},"query-input":{"@type":"PropertyValueSpecification","valueRequired":true,"valueName":"search_term_string"}}],"inLanguage":"fr-FR"},{"@type":"Organization","@id":"https:\/\/permakultur-landwirtschaft.org\/#organization","name":"Permakultur-Landwirtschaft","alternateName":"Verein Permakultur-Landwirtschaft","url":"https:\/\/permakultur-landwirtschaft.org\/","logo":{"@type":"ImageObject","inLanguage":"fr-FR","@id":"https:\/\/permakultur-landwirtschaft.org\/#\/schema\/logo\/image\/","url":"https:\/\/permakultur-landwirtschaft.org\/wp-content\/uploads\/2021\/11\/pela_1268x1269.png","contentUrl":"https:\/\/permakultur-landwirtschaft.org\/wp-content\/uploads\/2021\/11\/pela_1268x1269.png","width":1298,"height":1269,"caption":"Permakultur-Landwirtschaft"},"image":{"@id":"https:\/\/permakultur-landwirtschaft.org\/#\/schema\/logo\/image\/"},"sameAs":["https:\/\/www.facebook.com\/PermakulturLandwirtschaft","https:\/\/www.instagram.com\/permakultur_landwirtschaft\/","https:\/\/www.flickr.com\/photos\/permakultur-landwirtschaft","https:\/\/www.youtube.com\/@PermakulturLandwirtschaft"]},{"@type":"Person","@id":"https:\/\/permakultur-landwirtschaft.org\/#\/schema\/person\/6b0467872f75aed3e144093f9bf4f0b0","name":"adrian reutimann","url":"https:\/\/permakultur-landwirtschaft.org\/fr\/author\/reutiadr\/"}]}},"_links":{"self":[{"href":"https:\/\/permakultur-landwirtschaft.org\/fr\/wp-json\/wp\/v2\/posts\/28859","targetHints":{"allow":["GET"]}}],"collection":[{"href":"https:\/\/permakultur-landwirtschaft.org\/fr\/wp-json\/wp\/v2\/posts"}],"about":[{"href":"https:\/\/permakultur-landwirtschaft.org\/fr\/wp-json\/wp\/v2\/types\/post"}],"author":[{"embeddable":true,"href":"https:\/\/permakultur-landwirtschaft.org\/fr\/wp-json\/wp\/v2\/users\/2"}],"replies":[{"embeddable":true,"href":"https:\/\/permakultur-landwirtschaft.org\/fr\/wp-json\/wp\/v2\/comments?post=28859"}],"version-history":[{"count":7,"href":"https:\/\/permakultur-landwirtschaft.org\/fr\/wp-json\/wp\/v2\/posts\/28859\/revisions"}],"predecessor-version":[{"id":34163,"href":"https:\/\/permakultur-landwirtschaft.org\/fr\/wp-json\/wp\/v2\/posts\/28859\/revisions\/34163"}],"wp:featuredmedia":[{"embeddable":true,"href":"https:\/\/permakultur-landwirtschaft.org\/fr\/wp-json\/wp\/v2\/media\/16798"}],"wp:attachment":[{"href":"https:\/\/permakultur-landwirtschaft.org\/fr\/wp-json\/wp\/v2\/media?parent=28859"}],"wp:term":[{"taxonomy":"category","embeddable":true,"href":"https:\/\/permakultur-landwirtschaft.org\/fr\/wp-json\/wp\/v2\/categories?post=28859"},{"taxonomy":"post_tag","embeddable":true,"href":"https:\/\/permakultur-landwirtschaft.org\/fr\/wp-json\/wp\/v2\/tags?post=28859"}],"curies":[{"name":"wp","href":"https:\/\/api.w.org\/{rel}","templated":true}]}}