{"id":28846,"date":"2021-05-12T17:12:00","date_gmt":"2021-05-12T15:12:00","guid":{"rendered":"https:\/\/permakultur-landwirtschaft.org\/?p=28846"},"modified":"2023-03-01T17:15:18","modified_gmt":"2023-03-01T16:15:18","slug":"mit-agroforst-das-land-doppelt-nutzen-bauernzeitung-vom-12-mai-2021","status":"publish","type":"post","link":"https:\/\/permakultur-landwirtschaft.org\/fr\/mit-agroforst-das-land-doppelt-nutzen-bauernzeitung-vom-12-mai-2021\/","title":{"rendered":"Mit Agroforst das Land doppelt nutzen &#8211; Bauernzeitung vom 12. Mai 2021"},"content":{"rendered":"<p>Text von bauernzeitung.ch:<\/p>\n\n\n\n<p>Eine Mehrfachnutzung der Fl\u00e4che mit B\u00e4umen und weitern Kulturen diene der Umwelt, hiess es an einer Online-Tagung. Immer mehr Bauern interessieren sich f\u00fcr solche modernen Systeme.<\/p>\n\n\n\n<p>\u00dcber Agroforst sei bisher viel theoretisiert worden, meinte Beat Felder vom BBZN Hohenrain wies an einer Online-Tagung. Nun aber stosse das Thema auf zunehmendes Interesse in der b\u00e4uerlichen Praxis. Agroforst sei Landnutzung im Doppelpack, n\u00e4mlich B\u00e4ume und Unterkultur. Heute gebe es auf vielen Kulturfl\u00e4chen Defizite bez\u00fcglich Erosion, Phosphor- und Nitratbelastung und Biodiversit\u00e4t. Agroforst sei auch ein Beitrag\u2026<\/p>\n\n\n\n<hr class=\"wp-block-separator has-alpha-channel-opacity\"\/>\n\n\n\n<p>Link zum Beitrag in der Bauernzeitung: <a href=\"https:\/\/www.bauernzeitung.ch\/artikel\/pflanzen\/mit-agroforst-das-land-doppelt-nutzen-352331\" target=\"_blank\" rel=\"noreferrer noopener\">www.bauernzeitung.ch\/artikel\/pflanzen\/mit-agroforst-das-land-doppelt-nutzen-352331<\/a><\/p>\n\n\n\n<figure class=\"wp-block-image size-full\"><a href=\"https:\/\/www.bauernzeitung.ch\/artikel\/pflanzen\/mit-agroforst-das-land-doppelt-nutzen-352331\" target=\"_blank\" rel=\"noopener\"><img fetchpriority=\"high\" decoding=\"async\" width=\"700\" height=\"525\" src=\"https:\/\/permakultur-landwirtschaft.org\/wp-content\/uploads\/2023\/03\/BZ_Agroforst_csm_5471ff439882e2f059a6a9cbe61edf0f4f81a06e_4acb162e1a.jpg\" alt=\"\" class=\"wp-image-28847\" srcset=\"https:\/\/permakultur-landwirtschaft.org\/wp-content\/uploads\/2023\/03\/BZ_Agroforst_csm_5471ff439882e2f059a6a9cbe61edf0f4f81a06e_4acb162e1a.jpg 700w, https:\/\/permakultur-landwirtschaft.org\/wp-content\/uploads\/2023\/03\/BZ_Agroforst_csm_5471ff439882e2f059a6a9cbe61edf0f4f81a06e_4acb162e1a-300x225.jpg 300w\" sizes=\"(max-width: 700px) 100vw, 700px\" \/><\/a><figcaption class=\"wp-element-caption\">Bild: Beat Felder BBZN<\/figcaption><\/figure>\n\n\n\n<hr class=\"wp-block-separator has-css-opacity\"\/>\n\n\n\n<h3 class=\"wp-block-heading\"><a href=\"https:\/\/permakultur-landwirtschaft.org\/fr\/medien\/\">Hier geht&#8217;s zur \u00dcbersicht aller Neuigkeiten<\/a><\/h3>","protected":false},"excerpt":{"rendered":"<p>Text von bauernzeitung.ch: Eine Mehrfachnutzung der Fl\u00e4che mit B\u00e4umen und weitern Kulturen diene der Umwelt, hiess es an einer Online-Tagung. Immer mehr Bauern interessieren sich f\u00fcr solche modernen Systeme. \u00dcber Agroforst sei bisher viel theoretisiert worden, meinte Beat Felder vom BBZN Hohenrain wies an einer Online-Tagung. Nun aber stosse das Thema auf zunehmendes Interesse in [&hellip;]<\/p>\n","protected":false},"author":2,"featured_media":28847,"comment_status":"closed","ping_status":"closed","sticky":false,"template":"","format":"standard","meta":{"_acf_changed":false,"site-sidebar-layout":"default","site-content-layout":"","ast-site-content-layout":"default","site-content-style":"default","site-sidebar-style":"default","ast-global-header-display":"","ast-banner-title-visibility":"","ast-main-header-display":"","ast-hfb-above-header-display":"","ast-hfb-below-header-display":"","ast-hfb-mobile-header-display":"","site-post-title":"","ast-breadcrumbs-content":"","ast-featured-img":"","footer-sml-layout":"","ast-disable-related-posts":"","theme-transparent-header-meta":"","adv-header-id-meta":"","stick-header-meta":"","header-above-stick-meta":"","header-main-stick-meta":"","header-below-stick-meta":"","astra-migrate-meta-layouts":"default","ast-page-background-enabled":"default","ast-page-background-meta":{"desktop":{"background-color":"var(--ast-global-color-4)","background-image":"","background-repeat":"repeat","background-position":"center center","background-size":"auto","background-attachment":"scroll","background-type":"","background-media":"","overlay-type":"","overlay-color":"","overlay-opacity":"","overlay-gradient":""},"tablet":{"background-color":"","background-image":"","background-repeat":"repeat","background-position":"center center","background-size":"auto","background-attachment":"scroll","background-type":"","background-media":"","overlay-type":"","overlay-color":"","overlay-opacity":"","overlay-gradient":""},"mobile":{"background-color":"","background-image":"","background-repeat":"repeat","background-position":"center center","background-size":"auto","background-attachment":"scroll","background-type":"","background-media":"","overlay-type":"","overlay-color":"","overlay-opacity":"","overlay-gradient":""}},"ast-content-background-meta":{"desktop":{"background-color":"var(--ast-global-color-5)","background-image":"","background-repeat":"repeat","background-position":"center center","background-size":"auto","background-attachment":"scroll","background-type":"","background-media":"","overlay-type":"","overlay-color":"","overlay-opacity":"","overlay-gradient":""},"tablet":{"background-color":"var(--ast-global-color-5)","background-image":"","background-repeat":"repeat","background-position":"center center","background-size":"auto","background-attachment":"scroll","background-type":"","background-media":"","overlay-type":"","overlay-color":"","overlay-opacity":"","overlay-gradient":""},"mobile":{"background-color":"var(--ast-global-color-5)","background-image":"","background-repeat":"repeat","background-position":"center center","background-size":"auto","background-attachment":"scroll","background-type":"","background-media":"","overlay-type":"","overlay-color":"","overlay-opacity":"","overlay-gradient":""}},"footnotes":""},"categories":[22],"tags":[],"class_list":["post-28846","post","type-post","status-publish","format-standard","has-post-thumbnail","hentry","category-neuigkeit"],"acf":[],"yoast_head":"<!-- This site is optimized with the Yoast SEO plugin v27.5 - https:\/\/yoast.com\/product\/yoast-seo-wordpress\/ -->\n<title>Mit Agroforst das Land doppelt nutzen - Bauernzeitung vom 12. Mai 2021 - Permakultur-Landwirtschaft<\/title>\n<meta name=\"robots\" content=\"index, follow, max-snippet:-1, max-image-preview:large, max-video-preview:-1\" \/>\n<link rel=\"canonical\" href=\"https:\/\/permakultur-landwirtschaft.org\/fr\/mit-agroforst-das-land-doppelt-nutzen-bauernzeitung-vom-12-mai-2021\/\" \/>\n<meta property=\"og:locale\" content=\"fr_FR\" \/>\n<meta property=\"og:type\" content=\"article\" \/>\n<meta property=\"og:title\" content=\"Mit Agroforst das Land doppelt nutzen - Bauernzeitung vom 12. Mai 2021 - Permakultur-Landwirtschaft\" \/>\n<meta property=\"og:description\" content=\"Text von bauernzeitung.ch: Eine Mehrfachnutzung der Fl\u00e4che mit B\u00e4umen und weitern Kulturen diene der Umwelt, hiess es an einer Online-Tagung. Immer mehr Bauern interessieren sich f\u00fcr solche modernen Systeme. \u00dcber Agroforst sei bisher viel theoretisiert worden, meinte Beat Felder vom BBZN Hohenrain wies an einer Online-Tagung. Nun aber stosse das Thema auf zunehmendes Interesse in [&hellip;]\" \/>\n<meta property=\"og:url\" content=\"https:\/\/permakultur-landwirtschaft.org\/fr\/mit-agroforst-das-land-doppelt-nutzen-bauernzeitung-vom-12-mai-2021\/\" \/>\n<meta property=\"og:site_name\" content=\"Permakultur-Landwirtschaft\" \/>\n<meta property=\"article:publisher\" content=\"https:\/\/www.facebook.com\/PermakulturLandwirtschaft\" \/>\n<meta property=\"article:published_time\" content=\"2021-05-12T15:12:00+00:00\" \/>\n<meta property=\"article:modified_time\" content=\"2023-03-01T16:15:18+00:00\" \/>\n<meta property=\"og:image\" content=\"https:\/\/permakultur-landwirtschaft.org\/wp-content\/uploads\/2023\/03\/BZ_Agroforst_csm_5471ff439882e2f059a6a9cbe61edf0f4f81a06e_4acb162e1a.jpg\" \/>\n\t<meta property=\"og:image:width\" content=\"700\" \/>\n\t<meta property=\"og:image:height\" content=\"525\" \/>\n\t<meta property=\"og:image:type\" content=\"image\/jpeg\" \/>\n<meta name=\"author\" content=\"adrian reutimann\" \/>\n<meta name=\"twitter:card\" content=\"summary_large_image\" \/>\n<meta name=\"twitter:label1\" content=\"\u00c9crit par\" \/>\n\t<meta name=\"twitter:data1\" content=\"adrian reutimann\" \/>\n\t<meta name=\"twitter:label2\" content=\"Dur\u00e9e de lecture estim\u00e9e\" \/>\n\t<meta name=\"twitter:data2\" content=\"1 minute\" \/>\n<script type=\"application\/ld+json\" class=\"yoast-schema-graph\">{\"@context\":\"https:\\\/\\\/schema.org\",\"@graph\":[{\"@type\":\"Article\",\"@id\":\"https:\\\/\\\/permakultur-landwirtschaft.org\\\/mit-agroforst-das-land-doppelt-nutzen-bauernzeitung-vom-12-mai-2021\\\/#article\",\"isPartOf\":{\"@id\":\"https:\\\/\\\/permakultur-landwirtschaft.org\\\/mit-agroforst-das-land-doppelt-nutzen-bauernzeitung-vom-12-mai-2021\\\/\"},\"author\":{\"name\":\"adrian reutimann\",\"@id\":\"https:\\\/\\\/permakultur-landwirtschaft.org\\\/#\\\/schema\\\/person\\\/6b0467872f75aed3e144093f9bf4f0b0\"},\"headline\":\"Mit Agroforst das Land doppelt nutzen &#8211; Bauernzeitung vom 12. Mai 2021\",\"datePublished\":\"2021-05-12T15:12:00+00:00\",\"dateModified\":\"2023-03-01T16:15:18+00:00\",\"mainEntityOfPage\":{\"@id\":\"https:\\\/\\\/permakultur-landwirtschaft.org\\\/mit-agroforst-das-land-doppelt-nutzen-bauernzeitung-vom-12-mai-2021\\\/\"},\"wordCount\":129,\"publisher\":{\"@id\":\"https:\\\/\\\/permakultur-landwirtschaft.org\\\/#organization\"},\"image\":{\"@id\":\"https:\\\/\\\/permakultur-landwirtschaft.org\\\/mit-agroforst-das-land-doppelt-nutzen-bauernzeitung-vom-12-mai-2021\\\/#primaryimage\"},\"thumbnailUrl\":\"https:\\\/\\\/permakultur-landwirtschaft.org\\\/wp-content\\\/uploads\\\/2023\\\/03\\\/BZ_Agroforst_csm_5471ff439882e2f059a6a9cbe61edf0f4f81a06e_4acb162e1a.jpg\",\"articleSection\":[\"Neuigkeit\"],\"inLanguage\":\"fr-FR\"},{\"@type\":\"WebPage\",\"@id\":\"https:\\\/\\\/permakultur-landwirtschaft.org\\\/mit-agroforst-das-land-doppelt-nutzen-bauernzeitung-vom-12-mai-2021\\\/\",\"url\":\"https:\\\/\\\/permakultur-landwirtschaft.org\\\/mit-agroforst-das-land-doppelt-nutzen-bauernzeitung-vom-12-mai-2021\\\/\",\"name\":\"Mit Agroforst das Land doppelt nutzen - Bauernzeitung vom 12. Mai 2021 - Permakultur-Landwirtschaft\",\"isPartOf\":{\"@id\":\"https:\\\/\\\/permakultur-landwirtschaft.org\\\/#website\"},\"primaryImageOfPage\":{\"@id\":\"https:\\\/\\\/permakultur-landwirtschaft.org\\\/mit-agroforst-das-land-doppelt-nutzen-bauernzeitung-vom-12-mai-2021\\\/#primaryimage\"},\"image\":{\"@id\":\"https:\\\/\\\/permakultur-landwirtschaft.org\\\/mit-agroforst-das-land-doppelt-nutzen-bauernzeitung-vom-12-mai-2021\\\/#primaryimage\"},\"thumbnailUrl\":\"https:\\\/\\\/permakultur-landwirtschaft.org\\\/wp-content\\\/uploads\\\/2023\\\/03\\\/BZ_Agroforst_csm_5471ff439882e2f059a6a9cbe61edf0f4f81a06e_4acb162e1a.jpg\",\"datePublished\":\"2021-05-12T15:12:00+00:00\",\"dateModified\":\"2023-03-01T16:15:18+00:00\",\"breadcrumb\":{\"@id\":\"https:\\\/\\\/permakultur-landwirtschaft.org\\\/mit-agroforst-das-land-doppelt-nutzen-bauernzeitung-vom-12-mai-2021\\\/#breadcrumb\"},\"inLanguage\":\"fr-FR\",\"potentialAction\":[{\"@type\":\"ReadAction\",\"target\":[\"https:\\\/\\\/permakultur-landwirtschaft.org\\\/mit-agroforst-das-land-doppelt-nutzen-bauernzeitung-vom-12-mai-2021\\\/\"]}]},{\"@type\":\"ImageObject\",\"inLanguage\":\"fr-FR\",\"@id\":\"https:\\\/\\\/permakultur-landwirtschaft.org\\\/mit-agroforst-das-land-doppelt-nutzen-bauernzeitung-vom-12-mai-2021\\\/#primaryimage\",\"url\":\"https:\\\/\\\/permakultur-landwirtschaft.org\\\/wp-content\\\/uploads\\\/2023\\\/03\\\/BZ_Agroforst_csm_5471ff439882e2f059a6a9cbe61edf0f4f81a06e_4acb162e1a.jpg\",\"contentUrl\":\"https:\\\/\\\/permakultur-landwirtschaft.org\\\/wp-content\\\/uploads\\\/2023\\\/03\\\/BZ_Agroforst_csm_5471ff439882e2f059a6a9cbe61edf0f4f81a06e_4acb162e1a.jpg\",\"width\":700,\"height\":525},{\"@type\":\"BreadcrumbList\",\"@id\":\"https:\\\/\\\/permakultur-landwirtschaft.org\\\/mit-agroforst-das-land-doppelt-nutzen-bauernzeitung-vom-12-mai-2021\\\/#breadcrumb\",\"itemListElement\":[{\"@type\":\"ListItem\",\"position\":1,\"name\":\"Startseite\",\"item\":\"https:\\\/\\\/permakultur-landwirtschaft.org\\\/\"},{\"@type\":\"ListItem\",\"position\":2,\"name\":\"Mit Agroforst das Land doppelt nutzen &#8211; Bauernzeitung vom 12. Mai 2021\"}]},{\"@type\":\"WebSite\",\"@id\":\"https:\\\/\\\/permakultur-landwirtschaft.org\\\/#website\",\"url\":\"https:\\\/\\\/permakultur-landwirtschaft.org\\\/\",\"name\":\"Permakultur-Landwirtschaft\",\"description\":\"F\u00f6rderung der Permakultur in der Landwirtschaft\",\"publisher\":{\"@id\":\"https:\\\/\\\/permakultur-landwirtschaft.org\\\/#organization\"},\"potentialAction\":[{\"@type\":\"SearchAction\",\"target\":{\"@type\":\"EntryPoint\",\"urlTemplate\":\"https:\\\/\\\/permakultur-landwirtschaft.org\\\/?s={search_term_string}\"},\"query-input\":{\"@type\":\"PropertyValueSpecification\",\"valueRequired\":true,\"valueName\":\"search_term_string\"}}],\"inLanguage\":\"fr-FR\"},{\"@type\":\"Organization\",\"@id\":\"https:\\\/\\\/permakultur-landwirtschaft.org\\\/#organization\",\"name\":\"Permakultur-Landwirtschaft\",\"alternateName\":\"Verein Permakultur-Landwirtschaft\",\"url\":\"https:\\\/\\\/permakultur-landwirtschaft.org\\\/\",\"logo\":{\"@type\":\"ImageObject\",\"inLanguage\":\"fr-FR\",\"@id\":\"https:\\\/\\\/permakultur-landwirtschaft.org\\\/#\\\/schema\\\/logo\\\/image\\\/\",\"url\":\"https:\\\/\\\/permakultur-landwirtschaft.org\\\/wp-content\\\/uploads\\\/2021\\\/11\\\/pela_1268x1269.png\",\"contentUrl\":\"https:\\\/\\\/permakultur-landwirtschaft.org\\\/wp-content\\\/uploads\\\/2021\\\/11\\\/pela_1268x1269.png\",\"width\":1298,\"height\":1269,\"caption\":\"Permakultur-Landwirtschaft\"},\"image\":{\"@id\":\"https:\\\/\\\/permakultur-landwirtschaft.org\\\/#\\\/schema\\\/logo\\\/image\\\/\"},\"sameAs\":[\"https:\\\/\\\/www.facebook.com\\\/PermakulturLandwirtschaft\",\"https:\\\/\\\/www.instagram.com\\\/permakultur_landwirtschaft\\\/\",\"https:\\\/\\\/www.flickr.com\\\/photos\\\/permakultur-landwirtschaft\",\"https:\\\/\\\/www.youtube.com\\\/@PermakulturLandwirtschaft\"]},{\"@type\":\"Person\",\"@id\":\"https:\\\/\\\/permakultur-landwirtschaft.org\\\/#\\\/schema\\\/person\\\/6b0467872f75aed3e144093f9bf4f0b0\",\"name\":\"adrian reutimann\",\"url\":\"https:\\\/\\\/permakultur-landwirtschaft.org\\\/fr\\\/author\\\/reutiadr\\\/\"}]}<\/script>\n<!-- \/ Yoast SEO plugin. -->","yoast_head_json":{"title":"Mit Agroforst das Land doppelt nutzen - Bauernzeitung vom 12. Mai 2021 - Permakultur-Landwirtschaft","robots":{"index":"index","follow":"follow","max-snippet":"max-snippet:-1","max-image-preview":"max-image-preview:large","max-video-preview":"max-video-preview:-1"},"canonical":"https:\/\/permakultur-landwirtschaft.org\/fr\/mit-agroforst-das-land-doppelt-nutzen-bauernzeitung-vom-12-mai-2021\/","og_locale":"fr_FR","og_type":"article","og_title":"Mit Agroforst das Land doppelt nutzen - Bauernzeitung vom 12. Mai 2021 - Permakultur-Landwirtschaft","og_description":"Text von bauernzeitung.ch: Eine Mehrfachnutzung der Fl\u00e4che mit B\u00e4umen und weitern Kulturen diene der Umwelt, hiess es an einer Online-Tagung. Immer mehr Bauern interessieren sich f\u00fcr solche modernen Systeme. \u00dcber Agroforst sei bisher viel theoretisiert worden, meinte Beat Felder vom BBZN Hohenrain wies an einer Online-Tagung. Nun aber stosse das Thema auf zunehmendes Interesse in [&hellip;]","og_url":"https:\/\/permakultur-landwirtschaft.org\/fr\/mit-agroforst-das-land-doppelt-nutzen-bauernzeitung-vom-12-mai-2021\/","og_site_name":"Permakultur-Landwirtschaft","article_publisher":"https:\/\/www.facebook.com\/PermakulturLandwirtschaft","article_published_time":"2021-05-12T15:12:00+00:00","article_modified_time":"2023-03-01T16:15:18+00:00","og_image":[{"width":700,"height":525,"url":"https:\/\/permakultur-landwirtschaft.org\/wp-content\/uploads\/2023\/03\/BZ_Agroforst_csm_5471ff439882e2f059a6a9cbe61edf0f4f81a06e_4acb162e1a.jpg","type":"image\/jpeg"}],"author":"adrian reutimann","twitter_card":"summary_large_image","twitter_misc":{"\u00c9crit par":"adrian reutimann","Dur\u00e9e de lecture estim\u00e9e":"1 minute"},"schema":{"@context":"https:\/\/schema.org","@graph":[{"@type":"Article","@id":"https:\/\/permakultur-landwirtschaft.org\/mit-agroforst-das-land-doppelt-nutzen-bauernzeitung-vom-12-mai-2021\/#article","isPartOf":{"@id":"https:\/\/permakultur-landwirtschaft.org\/mit-agroforst-das-land-doppelt-nutzen-bauernzeitung-vom-12-mai-2021\/"},"author":{"name":"adrian reutimann","@id":"https:\/\/permakultur-landwirtschaft.org\/#\/schema\/person\/6b0467872f75aed3e144093f9bf4f0b0"},"headline":"Mit Agroforst das Land doppelt nutzen &#8211; Bauernzeitung vom 12. Mai 2021","datePublished":"2021-05-12T15:12:00+00:00","dateModified":"2023-03-01T16:15:18+00:00","mainEntityOfPage":{"@id":"https:\/\/permakultur-landwirtschaft.org\/mit-agroforst-das-land-doppelt-nutzen-bauernzeitung-vom-12-mai-2021\/"},"wordCount":129,"publisher":{"@id":"https:\/\/permakultur-landwirtschaft.org\/#organization"},"image":{"@id":"https:\/\/permakultur-landwirtschaft.org\/mit-agroforst-das-land-doppelt-nutzen-bauernzeitung-vom-12-mai-2021\/#primaryimage"},"thumbnailUrl":"https:\/\/permakultur-landwirtschaft.org\/wp-content\/uploads\/2023\/03\/BZ_Agroforst_csm_5471ff439882e2f059a6a9cbe61edf0f4f81a06e_4acb162e1a.jpg","articleSection":["Neuigkeit"],"inLanguage":"fr-FR"},{"@type":"WebPage","@id":"https:\/\/permakultur-landwirtschaft.org\/mit-agroforst-das-land-doppelt-nutzen-bauernzeitung-vom-12-mai-2021\/","url":"https:\/\/permakultur-landwirtschaft.org\/mit-agroforst-das-land-doppelt-nutzen-bauernzeitung-vom-12-mai-2021\/","name":"Mit Agroforst das Land doppelt nutzen - Bauernzeitung vom 12. Mai 2021 - Permakultur-Landwirtschaft","isPartOf":{"@id":"https:\/\/permakultur-landwirtschaft.org\/#website"},"primaryImageOfPage":{"@id":"https:\/\/permakultur-landwirtschaft.org\/mit-agroforst-das-land-doppelt-nutzen-bauernzeitung-vom-12-mai-2021\/#primaryimage"},"image":{"@id":"https:\/\/permakultur-landwirtschaft.org\/mit-agroforst-das-land-doppelt-nutzen-bauernzeitung-vom-12-mai-2021\/#primaryimage"},"thumbnailUrl":"https:\/\/permakultur-landwirtschaft.org\/wp-content\/uploads\/2023\/03\/BZ_Agroforst_csm_5471ff439882e2f059a6a9cbe61edf0f4f81a06e_4acb162e1a.jpg","datePublished":"2021-05-12T15:12:00+00:00","dateModified":"2023-03-01T16:15:18+00:00","breadcrumb":{"@id":"https:\/\/permakultur-landwirtschaft.org\/mit-agroforst-das-land-doppelt-nutzen-bauernzeitung-vom-12-mai-2021\/#breadcrumb"},"inLanguage":"fr-FR","potentialAction":[{"@type":"ReadAction","target":["https:\/\/permakultur-landwirtschaft.org\/mit-agroforst-das-land-doppelt-nutzen-bauernzeitung-vom-12-mai-2021\/"]}]},{"@type":"ImageObject","inLanguage":"fr-FR","@id":"https:\/\/permakultur-landwirtschaft.org\/mit-agroforst-das-land-doppelt-nutzen-bauernzeitung-vom-12-mai-2021\/#primaryimage","url":"https:\/\/permakultur-landwirtschaft.org\/wp-content\/uploads\/2023\/03\/BZ_Agroforst_csm_5471ff439882e2f059a6a9cbe61edf0f4f81a06e_4acb162e1a.jpg","contentUrl":"https:\/\/permakultur-landwirtschaft.org\/wp-content\/uploads\/2023\/03\/BZ_Agroforst_csm_5471ff439882e2f059a6a9cbe61edf0f4f81a06e_4acb162e1a.jpg","width":700,"height":525},{"@type":"BreadcrumbList","@id":"https:\/\/permakultur-landwirtschaft.org\/mit-agroforst-das-land-doppelt-nutzen-bauernzeitung-vom-12-mai-2021\/#breadcrumb","itemListElement":[{"@type":"ListItem","position":1,"name":"Startseite","item":"https:\/\/permakultur-landwirtschaft.org\/"},{"@type":"ListItem","position":2,"name":"Mit Agroforst das Land doppelt nutzen &#8211; Bauernzeitung vom 12. Mai 2021"}]},{"@type":"WebSite","@id":"https:\/\/permakultur-landwirtschaft.org\/#website","url":"https:\/\/permakultur-landwirtschaft.org\/","name":"Permakultur-Landwirtschaft","description":"F\u00f6rderung der Permakultur in der Landwirtschaft","publisher":{"@id":"https:\/\/permakultur-landwirtschaft.org\/#organization"},"potentialAction":[{"@type":"SearchAction","target":{"@type":"EntryPoint","urlTemplate":"https:\/\/permakultur-landwirtschaft.org\/?s={search_term_string}"},"query-input":{"@type":"PropertyValueSpecification","valueRequired":true,"valueName":"search_term_string"}}],"inLanguage":"fr-FR"},{"@type":"Organization","@id":"https:\/\/permakultur-landwirtschaft.org\/#organization","name":"Permakultur-Landwirtschaft","alternateName":"Verein Permakultur-Landwirtschaft","url":"https:\/\/permakultur-landwirtschaft.org\/","logo":{"@type":"ImageObject","inLanguage":"fr-FR","@id":"https:\/\/permakultur-landwirtschaft.org\/#\/schema\/logo\/image\/","url":"https:\/\/permakultur-landwirtschaft.org\/wp-content\/uploads\/2021\/11\/pela_1268x1269.png","contentUrl":"https:\/\/permakultur-landwirtschaft.org\/wp-content\/uploads\/2021\/11\/pela_1268x1269.png","width":1298,"height":1269,"caption":"Permakultur-Landwirtschaft"},"image":{"@id":"https:\/\/permakultur-landwirtschaft.org\/#\/schema\/logo\/image\/"},"sameAs":["https:\/\/www.facebook.com\/PermakulturLandwirtschaft","https:\/\/www.instagram.com\/permakultur_landwirtschaft\/","https:\/\/www.flickr.com\/photos\/permakultur-landwirtschaft","https:\/\/www.youtube.com\/@PermakulturLandwirtschaft"]},{"@type":"Person","@id":"https:\/\/permakultur-landwirtschaft.org\/#\/schema\/person\/6b0467872f75aed3e144093f9bf4f0b0","name":"adrian reutimann","url":"https:\/\/permakultur-landwirtschaft.org\/fr\/author\/reutiadr\/"}]}},"_links":{"self":[{"href":"https:\/\/permakultur-landwirtschaft.org\/fr\/wp-json\/wp\/v2\/posts\/28846","targetHints":{"allow":["GET"]}}],"collection":[{"href":"https:\/\/permakultur-landwirtschaft.org\/fr\/wp-json\/wp\/v2\/posts"}],"about":[{"href":"https:\/\/permakultur-landwirtschaft.org\/fr\/wp-json\/wp\/v2\/types\/post"}],"author":[{"embeddable":true,"href":"https:\/\/permakultur-landwirtschaft.org\/fr\/wp-json\/wp\/v2\/users\/2"}],"replies":[{"embeddable":true,"href":"https:\/\/permakultur-landwirtschaft.org\/fr\/wp-json\/wp\/v2\/comments?post=28846"}],"version-history":[{"count":1,"href":"https:\/\/permakultur-landwirtschaft.org\/fr\/wp-json\/wp\/v2\/posts\/28846\/revisions"}],"predecessor-version":[{"id":28848,"href":"https:\/\/permakultur-landwirtschaft.org\/fr\/wp-json\/wp\/v2\/posts\/28846\/revisions\/28848"}],"wp:featuredmedia":[{"embeddable":true,"href":"https:\/\/permakultur-landwirtschaft.org\/fr\/wp-json\/wp\/v2\/media\/28847"}],"wp:attachment":[{"href":"https:\/\/permakultur-landwirtschaft.org\/fr\/wp-json\/wp\/v2\/media?parent=28846"}],"wp:term":[{"taxonomy":"category","embeddable":true,"href":"https:\/\/permakultur-landwirtschaft.org\/fr\/wp-json\/wp\/v2\/categories?post=28846"},{"taxonomy":"post_tag","embeddable":true,"href":"https:\/\/permakultur-landwirtschaft.org\/fr\/wp-json\/wp\/v2\/tags?post=28846"}],"curies":[{"name":"wp","href":"https:\/\/api.w.org\/{rel}","templated":true}]}}