{"id":28736,"date":"2023-06-16T09:09:00","date_gmt":"2023-06-16T07:09:00","guid":{"rendered":"https:\/\/permakultur-landwirtschaft.org\/?p=28736"},"modified":"2023-07-26T10:48:04","modified_gmt":"2023-07-26T08:48:04","slug":"pflanzenkohle-fachtagung-am-16-juni-2023","status":"publish","type":"post","link":"https:\/\/permakultur-landwirtschaft.org\/fr\/pflanzenkohle-fachtagung-am-16-juni-2023\/","title":{"rendered":"Pflanzenkohle-Fachtagung am 16. Juni 2023"},"content":{"rendered":"<p>Pflanzenkohle ist als C-Senke, Bodenverbesserer und als Rohstoff f\u00fcr industrielle Anwendungen in aller Munde. Die Branche nimmt an Fahrt auf, kontroverse Meinungen werden laut. Charnet, der Schweizer Fachverband f\u00fcr Pflanzenkohle, schafft mit der Fachtagung Pflanzenkohle eine Plattform f\u00fcr die aktuelle Diskussion. Welchen Nutzen bringt Pflanzenkohle f\u00fcr Schweizer B\u00f6den? Wie gross ist ihr Potenzial f\u00fcr den Klimaschutz tats\u00e4chlich? Wie ist deren Anwendung aktuell geregelt? In Parallelsessions vermittelt die Tagung zudem aktuelles Wissen im Bereich Bau, Landwirtschaft, Stadtgr\u00fcn und Anlagenplanung.<\/p>\n\n\n\n<p><a href=\"https:\/\/charnet.ch\/fachtagung2023\/\" target=\"_blank\" rel=\"noreferrer noopener\">Link zum R\u00fcckblick der Tagung<\/a><\/p>\n\n\n\n<figure class=\"wp-block-gallery has-nested-images columns-default is-cropped wp-block-gallery-1 is-layout-flex wp-block-gallery-is-layout-flex\">\n<figure class=\"wp-block-image size-full\"><a href=\"https:\/\/charnet.ch\/fachtagung2023\/\" target=\"_blank\" rel=\"noreferrer noopener\"><img fetchpriority=\"high\" decoding=\"async\" width=\"700\" height=\"470\" data-id=\"28737\" src=\"https:\/\/permakultur-landwirtschaft.org\/wp-content\/uploads\/2023\/02\/Fachtagung_2023-Charnet.png\" alt=\"\" class=\"wp-image-28737\" srcset=\"https:\/\/permakultur-landwirtschaft.org\/wp-content\/uploads\/2023\/02\/Fachtagung_2023-Charnet.png 700w, https:\/\/permakultur-landwirtschaft.org\/wp-content\/uploads\/2023\/02\/Fachtagung_2023-Charnet-300x201.png 300w, https:\/\/permakultur-landwirtschaft.org\/wp-content\/uploads\/2023\/02\/Fachtagung_2023-Charnet-272x182.png 272w\" sizes=\"(max-width: 700px) 100vw, 700px\" \/><\/a><figcaption class=\"wp-element-caption\">Bild: charnet.ch<\/figcaption><\/figure>\n<\/figure>\n\n\n\n<hr class=\"wp-block-separator has-alpha-channel-opacity\"\/>\n\n\n\n<h3 class=\"wp-block-heading\">Date<\/h3>\n\n\n\n<p>Freitag, 16. Juni 2023, 9.00-17.00 Uhr<\/p>\n\n\n\n<h3 class=\"wp-block-heading\">Adresse<\/h3>\n\n\n\n<p>Campus Fachhochschule Nordwestschweiz (FHNW)<br>Brugg-Windisch AG<\/p>\n\n\n\n<h3 class=\"wp-block-heading\">Inscription<\/h3>\n\n\n\n<p>Infos zum Anlass unter diesem Link: <a rel=\"noreferrer noopener\" href=\"https:\/\/charnet.ch\/fachtagung2023\/\" target=\"_blank\">charnet.ch\/fachtagung2023<\/a><\/p>\n\n\n\n<figure class=\"wp-block-gallery has-nested-images columns-3 wp-block-gallery-2 is-layout-flex wp-block-gallery-is-layout-flex\">\n<figure class=\"wp-block-image size-large\"><a href=\"https:\/\/charnet.ch\/fachtagung2023\/\" target=\"_blank\" rel=\"noreferrer noopener\"><img decoding=\"async\" width=\"1024\" height=\"193\" data-id=\"28738\" src=\"https:\/\/permakultur-landwirtschaft.org\/wp-content\/uploads\/2023\/02\/BannerFachtagung2023_1600px1-1024x193.jpg\" alt=\"\" class=\"wp-image-28738\" srcset=\"https:\/\/permakultur-landwirtschaft.org\/wp-content\/uploads\/2023\/02\/BannerFachtagung2023_1600px1-1024x193.jpg 1024w, https:\/\/permakultur-landwirtschaft.org\/wp-content\/uploads\/2023\/02\/BannerFachtagung2023_1600px1-300x56.jpg 300w, https:\/\/permakultur-landwirtschaft.org\/wp-content\/uploads\/2023\/02\/BannerFachtagung2023_1600px1-768x144.jpg 768w, https:\/\/permakultur-landwirtschaft.org\/wp-content\/uploads\/2023\/02\/BannerFachtagung2023_1600px1.jpg 1600w\" sizes=\"(max-width: 1024px) 100vw, 1024px\" \/><\/a><\/figure>\n<\/figure>\n\n\n\n<hr class=\"wp-block-separator has-css-opacity\"\/>\n\n\n\n<h3 class=\"wp-block-heading\"><a href=\"https:\/\/permakultur-landwirtschaft.org\/fr\/veranstaltungen\/\">Hier geht&#8217;s zur \u00dcbersicht aktuelle Veranstaltungen<\/a><br><a href=\"https:\/\/permakultur-landwirtschaft.org\/fr\/veranstaltungen\/\" data-type=\"page\" data-id=\"476\">Cliquez ici pour voir les \u00e9v\u00e9nements actuels<\/a><\/h3>","protected":false},"excerpt":{"rendered":"<p>Pflanzenkohle ist als C-Senke, Bodenverbesserer und als Rohstoff f\u00fcr industrielle Anwendungen in aller Munde. Die Branche nimmt an Fahrt auf, kontroverse Meinungen werden laut. Charnet, der Schweizer Fachverband f\u00fcr Pflanzenkohle, schafft mit der Fachtagung Pflanzenkohle eine Plattform f\u00fcr die aktuelle Diskussion. Welchen Nutzen bringt Pflanzenkohle f\u00fcr Schweizer B\u00f6den? Wie gross ist ihr Potenzial f\u00fcr den [&hellip;]<\/p>\n","protected":false},"author":2,"featured_media":28737,"comment_status":"closed","ping_status":"closed","sticky":false,"template":"","format":"standard","meta":{"_acf_changed":false,"site-sidebar-layout":"default","site-content-layout":"","ast-site-content-layout":"default","site-content-style":"default","site-sidebar-style":"default","ast-global-header-display":"","ast-banner-title-visibility":"","ast-main-header-display":"","ast-hfb-above-header-display":"","ast-hfb-below-header-display":"","ast-hfb-mobile-header-display":"","site-post-title":"","ast-breadcrumbs-content":"","ast-featured-img":"","footer-sml-layout":"","ast-disable-related-posts":"","theme-transparent-header-meta":"","adv-header-id-meta":"","stick-header-meta":"","header-above-stick-meta":"","header-main-stick-meta":"","header-below-stick-meta":"","astra-migrate-meta-layouts":"default","ast-page-background-enabled":"default","ast-page-background-meta":{"desktop":{"background-color":"var(--ast-global-color-4)","background-image":"","background-repeat":"repeat","background-position":"center center","background-size":"auto","background-attachment":"scroll","background-type":"","background-media":"","overlay-type":"","overlay-color":"","overlay-opacity":"","overlay-gradient":""},"tablet":{"background-color":"","background-image":"","background-repeat":"repeat","background-position":"center center","background-size":"auto","background-attachment":"scroll","background-type":"","background-media":"","overlay-type":"","overlay-color":"","overlay-opacity":"","overlay-gradient":""},"mobile":{"background-color":"","background-image":"","background-repeat":"repeat","background-position":"center center","background-size":"auto","background-attachment":"scroll","background-type":"","background-media":"","overlay-type":"","overlay-color":"","overlay-opacity":"","overlay-gradient":""}},"ast-content-background-meta":{"desktop":{"background-color":"var(--ast-global-color-5)","background-image":"","background-repeat":"repeat","background-position":"center center","background-size":"auto","background-attachment":"scroll","background-type":"","background-media":"","overlay-type":"","overlay-color":"","overlay-opacity":"","overlay-gradient":""},"tablet":{"background-color":"var(--ast-global-color-5)","background-image":"","background-repeat":"repeat","background-position":"center center","background-size":"auto","background-attachment":"scroll","background-type":"","background-media":"","overlay-type":"","overlay-color":"","overlay-opacity":"","overlay-gradient":""},"mobile":{"background-color":"var(--ast-global-color-5)","background-image":"","background-repeat":"repeat","background-position":"center center","background-size":"auto","background-attachment":"scroll","background-type":"","background-media":"","overlay-type":"","overlay-color":"","overlay-opacity":"","overlay-gradient":""}},"footnotes":""},"categories":[21],"tags":[],"class_list":["post-28736","post","type-post","status-publish","format-standard","has-post-thumbnail","hentry","category-veranstaltungen_archiv"],"acf":[],"yoast_head":"<!-- This site is optimized with the Yoast SEO plugin v27.4 - https:\/\/yoast.com\/product\/yoast-seo-wordpress\/ -->\n<title>Pflanzenkohle-Fachtagung am 16. Juni 2023 - Permakultur-Landwirtschaft<\/title>\n<meta name=\"robots\" content=\"index, follow, max-snippet:-1, max-image-preview:large, max-video-preview:-1\" \/>\n<link rel=\"canonical\" href=\"https:\/\/permakultur-landwirtschaft.org\/fr\/pflanzenkohle-fachtagung-am-16-juni-2023\/\" \/>\n<meta property=\"og:locale\" content=\"fr_FR\" \/>\n<meta property=\"og:type\" content=\"article\" \/>\n<meta property=\"og:title\" content=\"Pflanzenkohle-Fachtagung am 16. Juni 2023 - Permakultur-Landwirtschaft\" \/>\n<meta property=\"og:description\" content=\"Pflanzenkohle ist als C-Senke, Bodenverbesserer und als Rohstoff f\u00fcr industrielle Anwendungen in aller Munde. Die Branche nimmt an Fahrt auf, kontroverse Meinungen werden laut. Charnet, der Schweizer Fachverband f\u00fcr Pflanzenkohle, schafft mit der Fachtagung Pflanzenkohle eine Plattform f\u00fcr die aktuelle Diskussion. Welchen Nutzen bringt Pflanzenkohle f\u00fcr Schweizer B\u00f6den? Wie gross ist ihr Potenzial f\u00fcr den [&hellip;]\" \/>\n<meta property=\"og:url\" content=\"https:\/\/permakultur-landwirtschaft.org\/fr\/pflanzenkohle-fachtagung-am-16-juni-2023\/\" \/>\n<meta property=\"og:site_name\" content=\"Permakultur-Landwirtschaft\" \/>\n<meta property=\"article:publisher\" content=\"https:\/\/www.facebook.com\/PermakulturLandwirtschaft\" \/>\n<meta property=\"article:published_time\" content=\"2023-06-16T07:09:00+00:00\" \/>\n<meta property=\"article:modified_time\" content=\"2023-07-26T08:48:04+00:00\" \/>\n<meta property=\"og:image\" content=\"https:\/\/permakultur-landwirtschaft.org\/wp-content\/uploads\/2023\/02\/Fachtagung_2023-Charnet.png\" \/>\n\t<meta property=\"og:image:width\" content=\"700\" \/>\n\t<meta property=\"og:image:height\" content=\"470\" \/>\n\t<meta property=\"og:image:type\" content=\"image\/png\" \/>\n<meta name=\"author\" content=\"adrian reutimann\" \/>\n<meta name=\"twitter:card\" content=\"summary_large_image\" \/>\n<meta name=\"twitter:label1\" content=\"\u00c9crit par\" \/>\n\t<meta name=\"twitter:data1\" content=\"adrian reutimann\" \/>\n\t<meta name=\"twitter:label2\" content=\"Dur\u00e9e de lecture estim\u00e9e\" \/>\n\t<meta name=\"twitter:data2\" content=\"2 minutes\" \/>\n<script type=\"application\/ld+json\" class=\"yoast-schema-graph\">{\"@context\":\"https:\\\/\\\/schema.org\",\"@graph\":[{\"@type\":\"Article\",\"@id\":\"https:\\\/\\\/permakultur-landwirtschaft.org\\\/pflanzenkohle-fachtagung-am-16-juni-2023\\\/#article\",\"isPartOf\":{\"@id\":\"https:\\\/\\\/permakultur-landwirtschaft.org\\\/pflanzenkohle-fachtagung-am-16-juni-2023\\\/\"},\"author\":{\"name\":\"adrian reutimann\",\"@id\":\"https:\\\/\\\/permakultur-landwirtschaft.org\\\/#\\\/schema\\\/person\\\/6b0467872f75aed3e144093f9bf4f0b0\"},\"headline\":\"Pflanzenkohle-Fachtagung am 16. Juni 2023\",\"datePublished\":\"2023-06-16T07:09:00+00:00\",\"dateModified\":\"2023-07-26T08:48:04+00:00\",\"mainEntityOfPage\":{\"@id\":\"https:\\\/\\\/permakultur-landwirtschaft.org\\\/pflanzenkohle-fachtagung-am-16-juni-2023\\\/\"},\"wordCount\":135,\"publisher\":{\"@id\":\"https:\\\/\\\/permakultur-landwirtschaft.org\\\/#organization\"},\"image\":{\"@id\":\"https:\\\/\\\/permakultur-landwirtschaft.org\\\/pflanzenkohle-fachtagung-am-16-juni-2023\\\/#primaryimage\"},\"thumbnailUrl\":\"https:\\\/\\\/permakultur-landwirtschaft.org\\\/wp-content\\\/uploads\\\/2023\\\/02\\\/Fachtagung_2023-Charnet.png\",\"articleSection\":[\"Veranstaltungen_Archiv\"],\"inLanguage\":\"fr-FR\"},{\"@type\":\"WebPage\",\"@id\":\"https:\\\/\\\/permakultur-landwirtschaft.org\\\/pflanzenkohle-fachtagung-am-16-juni-2023\\\/\",\"url\":\"https:\\\/\\\/permakultur-landwirtschaft.org\\\/pflanzenkohle-fachtagung-am-16-juni-2023\\\/\",\"name\":\"Pflanzenkohle-Fachtagung am 16. Juni 2023 - Permakultur-Landwirtschaft\",\"isPartOf\":{\"@id\":\"https:\\\/\\\/permakultur-landwirtschaft.org\\\/#website\"},\"primaryImageOfPage\":{\"@id\":\"https:\\\/\\\/permakultur-landwirtschaft.org\\\/pflanzenkohle-fachtagung-am-16-juni-2023\\\/#primaryimage\"},\"image\":{\"@id\":\"https:\\\/\\\/permakultur-landwirtschaft.org\\\/pflanzenkohle-fachtagung-am-16-juni-2023\\\/#primaryimage\"},\"thumbnailUrl\":\"https:\\\/\\\/permakultur-landwirtschaft.org\\\/wp-content\\\/uploads\\\/2023\\\/02\\\/Fachtagung_2023-Charnet.png\",\"datePublished\":\"2023-06-16T07:09:00+00:00\",\"dateModified\":\"2023-07-26T08:48:04+00:00\",\"breadcrumb\":{\"@id\":\"https:\\\/\\\/permakultur-landwirtschaft.org\\\/pflanzenkohle-fachtagung-am-16-juni-2023\\\/#breadcrumb\"},\"inLanguage\":\"fr-FR\",\"potentialAction\":[{\"@type\":\"ReadAction\",\"target\":[\"https:\\\/\\\/permakultur-landwirtschaft.org\\\/pflanzenkohle-fachtagung-am-16-juni-2023\\\/\"]}]},{\"@type\":\"ImageObject\",\"inLanguage\":\"fr-FR\",\"@id\":\"https:\\\/\\\/permakultur-landwirtschaft.org\\\/pflanzenkohle-fachtagung-am-16-juni-2023\\\/#primaryimage\",\"url\":\"https:\\\/\\\/permakultur-landwirtschaft.org\\\/wp-content\\\/uploads\\\/2023\\\/02\\\/Fachtagung_2023-Charnet.png\",\"contentUrl\":\"https:\\\/\\\/permakultur-landwirtschaft.org\\\/wp-content\\\/uploads\\\/2023\\\/02\\\/Fachtagung_2023-Charnet.png\",\"width\":700,\"height\":470},{\"@type\":\"BreadcrumbList\",\"@id\":\"https:\\\/\\\/permakultur-landwirtschaft.org\\\/pflanzenkohle-fachtagung-am-16-juni-2023\\\/#breadcrumb\",\"itemListElement\":[{\"@type\":\"ListItem\",\"position\":1,\"name\":\"Startseite\",\"item\":\"https:\\\/\\\/permakultur-landwirtschaft.org\\\/\"},{\"@type\":\"ListItem\",\"position\":2,\"name\":\"Pflanzenkohle-Fachtagung am 16. Juni 2023\"}]},{\"@type\":\"WebSite\",\"@id\":\"https:\\\/\\\/permakultur-landwirtschaft.org\\\/#website\",\"url\":\"https:\\\/\\\/permakultur-landwirtschaft.org\\\/\",\"name\":\"Permakultur-Landwirtschaft\",\"description\":\"F\u00f6rderung der Permakultur in der Landwirtschaft\",\"publisher\":{\"@id\":\"https:\\\/\\\/permakultur-landwirtschaft.org\\\/#organization\"},\"potentialAction\":[{\"@type\":\"SearchAction\",\"target\":{\"@type\":\"EntryPoint\",\"urlTemplate\":\"https:\\\/\\\/permakultur-landwirtschaft.org\\\/?s={search_term_string}\"},\"query-input\":{\"@type\":\"PropertyValueSpecification\",\"valueRequired\":true,\"valueName\":\"search_term_string\"}}],\"inLanguage\":\"fr-FR\"},{\"@type\":\"Organization\",\"@id\":\"https:\\\/\\\/permakultur-landwirtschaft.org\\\/#organization\",\"name\":\"Permakultur-Landwirtschaft\",\"alternateName\":\"Verein Permakultur-Landwirtschaft\",\"url\":\"https:\\\/\\\/permakultur-landwirtschaft.org\\\/\",\"logo\":{\"@type\":\"ImageObject\",\"inLanguage\":\"fr-FR\",\"@id\":\"https:\\\/\\\/permakultur-landwirtschaft.org\\\/#\\\/schema\\\/logo\\\/image\\\/\",\"url\":\"https:\\\/\\\/permakultur-landwirtschaft.org\\\/wp-content\\\/uploads\\\/2021\\\/11\\\/pela_1268x1269.png\",\"contentUrl\":\"https:\\\/\\\/permakultur-landwirtschaft.org\\\/wp-content\\\/uploads\\\/2021\\\/11\\\/pela_1268x1269.png\",\"width\":1298,\"height\":1269,\"caption\":\"Permakultur-Landwirtschaft\"},\"image\":{\"@id\":\"https:\\\/\\\/permakultur-landwirtschaft.org\\\/#\\\/schema\\\/logo\\\/image\\\/\"},\"sameAs\":[\"https:\\\/\\\/www.facebook.com\\\/PermakulturLandwirtschaft\",\"https:\\\/\\\/www.instagram.com\\\/permakultur_landwirtschaft\\\/\",\"https:\\\/\\\/www.flickr.com\\\/photos\\\/permakultur-landwirtschaft\",\"https:\\\/\\\/www.youtube.com\\\/@PermakulturLandwirtschaft\"]},{\"@type\":\"Person\",\"@id\":\"https:\\\/\\\/permakultur-landwirtschaft.org\\\/#\\\/schema\\\/person\\\/6b0467872f75aed3e144093f9bf4f0b0\",\"name\":\"adrian reutimann\",\"url\":\"https:\\\/\\\/permakultur-landwirtschaft.org\\\/fr\\\/author\\\/reutiadr\\\/\"}]}<\/script>\n<!-- \/ Yoast SEO plugin. -->","yoast_head_json":{"title":"Pflanzenkohle-Fachtagung am 16. Juni 2023 - Permakultur-Landwirtschaft","robots":{"index":"index","follow":"follow","max-snippet":"max-snippet:-1","max-image-preview":"max-image-preview:large","max-video-preview":"max-video-preview:-1"},"canonical":"https:\/\/permakultur-landwirtschaft.org\/fr\/pflanzenkohle-fachtagung-am-16-juni-2023\/","og_locale":"fr_FR","og_type":"article","og_title":"Pflanzenkohle-Fachtagung am 16. Juni 2023 - Permakultur-Landwirtschaft","og_description":"Pflanzenkohle ist als C-Senke, Bodenverbesserer und als Rohstoff f\u00fcr industrielle Anwendungen in aller Munde. Die Branche nimmt an Fahrt auf, kontroverse Meinungen werden laut. Charnet, der Schweizer Fachverband f\u00fcr Pflanzenkohle, schafft mit der Fachtagung Pflanzenkohle eine Plattform f\u00fcr die aktuelle Diskussion. Welchen Nutzen bringt Pflanzenkohle f\u00fcr Schweizer B\u00f6den? Wie gross ist ihr Potenzial f\u00fcr den [&hellip;]","og_url":"https:\/\/permakultur-landwirtschaft.org\/fr\/pflanzenkohle-fachtagung-am-16-juni-2023\/","og_site_name":"Permakultur-Landwirtschaft","article_publisher":"https:\/\/www.facebook.com\/PermakulturLandwirtschaft","article_published_time":"2023-06-16T07:09:00+00:00","article_modified_time":"2023-07-26T08:48:04+00:00","og_image":[{"width":700,"height":470,"url":"https:\/\/permakultur-landwirtschaft.org\/wp-content\/uploads\/2023\/02\/Fachtagung_2023-Charnet.png","type":"image\/png"}],"author":"adrian reutimann","twitter_card":"summary_large_image","twitter_misc":{"\u00c9crit par":"adrian reutimann","Dur\u00e9e de lecture estim\u00e9e":"2 minutes"},"schema":{"@context":"https:\/\/schema.org","@graph":[{"@type":"Article","@id":"https:\/\/permakultur-landwirtschaft.org\/pflanzenkohle-fachtagung-am-16-juni-2023\/#article","isPartOf":{"@id":"https:\/\/permakultur-landwirtschaft.org\/pflanzenkohle-fachtagung-am-16-juni-2023\/"},"author":{"name":"adrian reutimann","@id":"https:\/\/permakultur-landwirtschaft.org\/#\/schema\/person\/6b0467872f75aed3e144093f9bf4f0b0"},"headline":"Pflanzenkohle-Fachtagung am 16. Juni 2023","datePublished":"2023-06-16T07:09:00+00:00","dateModified":"2023-07-26T08:48:04+00:00","mainEntityOfPage":{"@id":"https:\/\/permakultur-landwirtschaft.org\/pflanzenkohle-fachtagung-am-16-juni-2023\/"},"wordCount":135,"publisher":{"@id":"https:\/\/permakultur-landwirtschaft.org\/#organization"},"image":{"@id":"https:\/\/permakultur-landwirtschaft.org\/pflanzenkohle-fachtagung-am-16-juni-2023\/#primaryimage"},"thumbnailUrl":"https:\/\/permakultur-landwirtschaft.org\/wp-content\/uploads\/2023\/02\/Fachtagung_2023-Charnet.png","articleSection":["Veranstaltungen_Archiv"],"inLanguage":"fr-FR"},{"@type":"WebPage","@id":"https:\/\/permakultur-landwirtschaft.org\/pflanzenkohle-fachtagung-am-16-juni-2023\/","url":"https:\/\/permakultur-landwirtschaft.org\/pflanzenkohle-fachtagung-am-16-juni-2023\/","name":"Pflanzenkohle-Fachtagung am 16. Juni 2023 - Permakultur-Landwirtschaft","isPartOf":{"@id":"https:\/\/permakultur-landwirtschaft.org\/#website"},"primaryImageOfPage":{"@id":"https:\/\/permakultur-landwirtschaft.org\/pflanzenkohle-fachtagung-am-16-juni-2023\/#primaryimage"},"image":{"@id":"https:\/\/permakultur-landwirtschaft.org\/pflanzenkohle-fachtagung-am-16-juni-2023\/#primaryimage"},"thumbnailUrl":"https:\/\/permakultur-landwirtschaft.org\/wp-content\/uploads\/2023\/02\/Fachtagung_2023-Charnet.png","datePublished":"2023-06-16T07:09:00+00:00","dateModified":"2023-07-26T08:48:04+00:00","breadcrumb":{"@id":"https:\/\/permakultur-landwirtschaft.org\/pflanzenkohle-fachtagung-am-16-juni-2023\/#breadcrumb"},"inLanguage":"fr-FR","potentialAction":[{"@type":"ReadAction","target":["https:\/\/permakultur-landwirtschaft.org\/pflanzenkohle-fachtagung-am-16-juni-2023\/"]}]},{"@type":"ImageObject","inLanguage":"fr-FR","@id":"https:\/\/permakultur-landwirtschaft.org\/pflanzenkohle-fachtagung-am-16-juni-2023\/#primaryimage","url":"https:\/\/permakultur-landwirtschaft.org\/wp-content\/uploads\/2023\/02\/Fachtagung_2023-Charnet.png","contentUrl":"https:\/\/permakultur-landwirtschaft.org\/wp-content\/uploads\/2023\/02\/Fachtagung_2023-Charnet.png","width":700,"height":470},{"@type":"BreadcrumbList","@id":"https:\/\/permakultur-landwirtschaft.org\/pflanzenkohle-fachtagung-am-16-juni-2023\/#breadcrumb","itemListElement":[{"@type":"ListItem","position":1,"name":"Startseite","item":"https:\/\/permakultur-landwirtschaft.org\/"},{"@type":"ListItem","position":2,"name":"Pflanzenkohle-Fachtagung am 16. Juni 2023"}]},{"@type":"WebSite","@id":"https:\/\/permakultur-landwirtschaft.org\/#website","url":"https:\/\/permakultur-landwirtschaft.org\/","name":"Permakultur-Landwirtschaft","description":"F\u00f6rderung der Permakultur in der Landwirtschaft","publisher":{"@id":"https:\/\/permakultur-landwirtschaft.org\/#organization"},"potentialAction":[{"@type":"SearchAction","target":{"@type":"EntryPoint","urlTemplate":"https:\/\/permakultur-landwirtschaft.org\/?s={search_term_string}"},"query-input":{"@type":"PropertyValueSpecification","valueRequired":true,"valueName":"search_term_string"}}],"inLanguage":"fr-FR"},{"@type":"Organization","@id":"https:\/\/permakultur-landwirtschaft.org\/#organization","name":"Permakultur-Landwirtschaft","alternateName":"Verein Permakultur-Landwirtschaft","url":"https:\/\/permakultur-landwirtschaft.org\/","logo":{"@type":"ImageObject","inLanguage":"fr-FR","@id":"https:\/\/permakultur-landwirtschaft.org\/#\/schema\/logo\/image\/","url":"https:\/\/permakultur-landwirtschaft.org\/wp-content\/uploads\/2021\/11\/pela_1268x1269.png","contentUrl":"https:\/\/permakultur-landwirtschaft.org\/wp-content\/uploads\/2021\/11\/pela_1268x1269.png","width":1298,"height":1269,"caption":"Permakultur-Landwirtschaft"},"image":{"@id":"https:\/\/permakultur-landwirtschaft.org\/#\/schema\/logo\/image\/"},"sameAs":["https:\/\/www.facebook.com\/PermakulturLandwirtschaft","https:\/\/www.instagram.com\/permakultur_landwirtschaft\/","https:\/\/www.flickr.com\/photos\/permakultur-landwirtschaft","https:\/\/www.youtube.com\/@PermakulturLandwirtschaft"]},{"@type":"Person","@id":"https:\/\/permakultur-landwirtschaft.org\/#\/schema\/person\/6b0467872f75aed3e144093f9bf4f0b0","name":"adrian reutimann","url":"https:\/\/permakultur-landwirtschaft.org\/fr\/author\/reutiadr\/"}]}},"_links":{"self":[{"href":"https:\/\/permakultur-landwirtschaft.org\/fr\/wp-json\/wp\/v2\/posts\/28736","targetHints":{"allow":["GET"]}}],"collection":[{"href":"https:\/\/permakultur-landwirtschaft.org\/fr\/wp-json\/wp\/v2\/posts"}],"about":[{"href":"https:\/\/permakultur-landwirtschaft.org\/fr\/wp-json\/wp\/v2\/types\/post"}],"author":[{"embeddable":true,"href":"https:\/\/permakultur-landwirtschaft.org\/fr\/wp-json\/wp\/v2\/users\/2"}],"replies":[{"embeddable":true,"href":"https:\/\/permakultur-landwirtschaft.org\/fr\/wp-json\/wp\/v2\/comments?post=28736"}],"version-history":[{"count":3,"href":"https:\/\/permakultur-landwirtschaft.org\/fr\/wp-json\/wp\/v2\/posts\/28736\/revisions"}],"predecessor-version":[{"id":31263,"href":"https:\/\/permakultur-landwirtschaft.org\/fr\/wp-json\/wp\/v2\/posts\/28736\/revisions\/31263"}],"wp:featuredmedia":[{"embeddable":true,"href":"https:\/\/permakultur-landwirtschaft.org\/fr\/wp-json\/wp\/v2\/media\/28737"}],"wp:attachment":[{"href":"https:\/\/permakultur-landwirtschaft.org\/fr\/wp-json\/wp\/v2\/media?parent=28736"}],"wp:term":[{"taxonomy":"category","embeddable":true,"href":"https:\/\/permakultur-landwirtschaft.org\/fr\/wp-json\/wp\/v2\/categories?post=28736"},{"taxonomy":"post_tag","embeddable":true,"href":"https:\/\/permakultur-landwirtschaft.org\/fr\/wp-json\/wp\/v2\/tags?post=28736"}],"curies":[{"name":"wp","href":"https:\/\/api.w.org\/{rel}","templated":true}]}}