{"id":28033,"date":"2022-11-01T15:32:00","date_gmt":"2022-11-01T14:32:00","guid":{"rendered":"https:\/\/permakultur-landwirtschaft.org\/?p=28033"},"modified":"2023-01-24T15:38:51","modified_gmt":"2023-01-24T14:38:51","slug":"weshalb-sich-obstbaeume-und-reben-ergaenzen-schweizer-bauer-vom-01-november-2022","status":"publish","type":"post","link":"https:\/\/permakultur-landwirtschaft.org\/fr\/weshalb-sich-obstbaeume-und-reben-ergaenzen-schweizer-bauer-vom-01-november-2022\/","title":{"rendered":"Weshalb sich Obstb\u00e4ume und Reben erg\u00e4nzen &#8211; Schweizer Bauer vom 01. November 2022"},"content":{"rendered":"<p>Text von schweizerbauer.ch \/ Renate Hodel, lid:<\/p>\n\n\n\n<p>Reben sind w\u00e4rmeliebende Kulturen, in vermehrt heissen und niederschlagsarmen Sommern leiden Trauben aber zunehmend unter zu starker Sonneneinstrahlung. Nachdem sie aufgrund der Mechanisierung und Produktivit\u00e4t geopfert wurden, tauchen nun wieder Obstb\u00e4ume in den Weinbergen auf \u2013 im Namen der Klimaresistenz.<\/p>\n\n\n\n<p>Die Landwirtschaft muss sich aufgrund der Klimaerw\u00e4rmung immer neuen Herausforderungen stellen: auf extreme N\u00e4sse folgt extreme Trockenheit, auf Hitzetage folgen Gewitter und Hagel.<\/p>\n\n\n\n<p>Um das Gleichgewicht wieder herzustellen oder zumindest die Verh\u00e4ltnisse wieder etwas auszugleichen, werden intensiv Forschung betrieben und Projekte aufgegleist, welche die Landwirtschaft fit f\u00fcr die Zukunft machen sollen.<\/p>\n\n\n\n<h3 class=\"wp-block-heading\">Die Westschweiz pflanzt B\u00e4ume<\/h3>\n\n\n\n<p>In den Kantonen Genf, Jura, Neuenburg und Waadt wurde 2020 das interkantonale Projekt \u00abAgro4esterie\u00bb zur nachhaltigen Nutzung nat\u00fcrlicher Ressourcen gestartet. Das Ressourcenprojekt hat zum Ziel, die Praxis der modernen Agroforstwirtschaft zu f\u00f6rdern: Das Projekt und die Agroforstsysteme sollen widerstandsf\u00e4hig, an die lokalen Bedingungen angepasst, wirtschaftlich interessant und auf gezielte Umweltprobleme ausgerichtet sein.<\/p>\n\n\n\n<p>So machen auch verschiedene Winzerinnen und Winzer mit und haben in ihren Rebzeilen Obst- und andere Laubb\u00e4ume gepflanzt. Der sogenannte Vitiforst soll den Boden n\u00e4hren, die Biodiversit\u00e4t erh\u00f6hen und die Reben vor Frost und Hitze sch\u00fctzen.<\/p>\n\n\n\n<hr class=\"wp-block-separator has-alpha-channel-opacity\"\/>\n\n\n\n<p>Link zum Beitrag: <a rel=\"noreferrer noopener\" href=\"https:\/\/www.schweizerbauer.ch\/pflanzen\/pflanzenschutz\/weshalb-sich-obstbaeume-und-reben-ergaenzen\/\" target=\"_blank\">www.schweizerbauer.ch\/pflanzen\/pflanzenschutz\/weshalb-sich-obstbaeume-und-reben-ergaenzen<\/a><\/p>\n\n\n\n<figure class=\"wp-block-gallery has-nested-images columns-default is-cropped wp-block-gallery-1 is-layout-flex wp-block-gallery-is-layout-flex\">\n<figure class=\"wp-block-image size-large\"><a href=\"https:\/\/www.schweizerbauer.ch\/pflanzen\/pflanzenschutz\/weshalb-sich-obstbaeume-und-reben-ergaenzen\/\" target=\"_blank\" rel=\"noreferrer noopener\"><img fetchpriority=\"high\" decoding=\"async\" width=\"1024\" height=\"682\" data-id=\"28034\" src=\"https:\/\/permakultur-landwirtschaft.org\/wp-content\/uploads\/2023\/01\/reben_agroforst_lid_350405e2-8feb-1981-d16e-293458168d84-121594-1024x682.jpeg\" alt=\"\" class=\"wp-image-28034\" srcset=\"https:\/\/permakultur-landwirtschaft.org\/wp-content\/uploads\/2023\/01\/reben_agroforst_lid_350405e2-8feb-1981-d16e-293458168d84-121594-1024x682.jpeg 1024w, https:\/\/permakultur-landwirtschaft.org\/wp-content\/uploads\/2023\/01\/reben_agroforst_lid_350405e2-8feb-1981-d16e-293458168d84-121594-300x200.jpeg 300w, https:\/\/permakultur-landwirtschaft.org\/wp-content\/uploads\/2023\/01\/reben_agroforst_lid_350405e2-8feb-1981-d16e-293458168d84-121594-768x512.jpeg 768w, https:\/\/permakultur-landwirtschaft.org\/wp-content\/uploads\/2023\/01\/reben_agroforst_lid_350405e2-8feb-1981-d16e-293458168d84-121594-272x182.jpeg 272w\" sizes=\"(max-width: 1024px) 100vw, 1024px\" \/><\/a><figcaption class=\"wp-element-caption\">Bild: Renate Hodel<\/figcaption><\/figure>\n\n\n\n<figure class=\"wp-block-image size-large\"><a href=\"https:\/\/www.schweizerbauer.ch\/pflanzen\/pflanzenschutz\/weshalb-sich-obstbaeume-und-reben-ergaenzen\/\" target=\"_blank\" rel=\"noreferrer noopener\"><img decoding=\"async\" width=\"1024\" height=\"683\" data-id=\"28035\" src=\"https:\/\/permakultur-landwirtschaft.org\/wp-content\/uploads\/2023\/01\/reben_agroforst_lid_2350405e2-8feb-1981-d16e-293458168d84-121594-1024x683.jpeg\" alt=\"\" class=\"wp-image-28035\" srcset=\"https:\/\/permakultur-landwirtschaft.org\/wp-content\/uploads\/2023\/01\/reben_agroforst_lid_2350405e2-8feb-1981-d16e-293458168d84-121594-1024x683.jpeg 1024w, https:\/\/permakultur-landwirtschaft.org\/wp-content\/uploads\/2023\/01\/reben_agroforst_lid_2350405e2-8feb-1981-d16e-293458168d84-121594-300x200.jpeg 300w, https:\/\/permakultur-landwirtschaft.org\/wp-content\/uploads\/2023\/01\/reben_agroforst_lid_2350405e2-8feb-1981-d16e-293458168d84-121594-768x512.jpeg 768w, https:\/\/permakultur-landwirtschaft.org\/wp-content\/uploads\/2023\/01\/reben_agroforst_lid_2350405e2-8feb-1981-d16e-293458168d84-121594-272x182.jpeg 272w, https:\/\/permakultur-landwirtschaft.org\/wp-content\/uploads\/2023\/01\/reben_agroforst_lid_2350405e2-8feb-1981-d16e-293458168d84-121594.jpeg 2048w\" sizes=\"(max-width: 1024px) 100vw, 1024px\" \/><\/a><figcaption class=\"wp-element-caption\">Bild: Renate Hodel<\/figcaption><\/figure>\n<\/figure>\n\n\n\n<hr class=\"wp-block-separator has-css-opacity\"\/>\n\n\n\n<h3 class=\"wp-block-heading\"><a href=\"https:\/\/permakultur-landwirtschaft.org\/fr\/medien\/\">Hier geht&#8217;s zur \u00dcbersicht aller Neuigkeiten<\/a><\/h3>","protected":false},"excerpt":{"rendered":"<p>Text von schweizerbauer.ch \/ Renate Hodel, lid: Reben sind w\u00e4rmeliebende Kulturen, in vermehrt heissen und niederschlagsarmen Sommern leiden Trauben aber zunehmend unter zu starker Sonneneinstrahlung. Nachdem sie aufgrund der Mechanisierung und Produktivit\u00e4t geopfert wurden, tauchen nun wieder Obstb\u00e4ume in den Weinbergen auf \u2013 im Namen der Klimaresistenz. Die Landwirtschaft muss sich aufgrund der Klimaerw\u00e4rmung immer [&hellip;]<\/p>\n","protected":false},"author":2,"featured_media":28034,"comment_status":"closed","ping_status":"closed","sticky":false,"template":"","format":"standard","meta":{"_acf_changed":false,"site-sidebar-layout":"default","site-content-layout":"","ast-site-content-layout":"default","site-content-style":"default","site-sidebar-style":"default","ast-global-header-display":"","ast-banner-title-visibility":"","ast-main-header-display":"","ast-hfb-above-header-display":"","ast-hfb-below-header-display":"","ast-hfb-mobile-header-display":"","site-post-title":"","ast-breadcrumbs-content":"","ast-featured-img":"","footer-sml-layout":"","ast-disable-related-posts":"","theme-transparent-header-meta":"","adv-header-id-meta":"","stick-header-meta":"","header-above-stick-meta":"","header-main-stick-meta":"","header-below-stick-meta":"","astra-migrate-meta-layouts":"default","ast-page-background-enabled":"default","ast-page-background-meta":{"desktop":{"background-color":"var(--ast-global-color-4)","background-image":"","background-repeat":"repeat","background-position":"center center","background-size":"auto","background-attachment":"scroll","background-type":"","background-media":"","overlay-type":"","overlay-color":"","overlay-opacity":"","overlay-gradient":""},"tablet":{"background-color":"","background-image":"","background-repeat":"repeat","background-position":"center center","background-size":"auto","background-attachment":"scroll","background-type":"","background-media":"","overlay-type":"","overlay-color":"","overlay-opacity":"","overlay-gradient":""},"mobile":{"background-color":"","background-image":"","background-repeat":"repeat","background-position":"center center","background-size":"auto","background-attachment":"scroll","background-type":"","background-media":"","overlay-type":"","overlay-color":"","overlay-opacity":"","overlay-gradient":""}},"ast-content-background-meta":{"desktop":{"background-color":"var(--ast-global-color-5)","background-image":"","background-repeat":"repeat","background-position":"center center","background-size":"auto","background-attachment":"scroll","background-type":"","background-media":"","overlay-type":"","overlay-color":"","overlay-opacity":"","overlay-gradient":""},"tablet":{"background-color":"var(--ast-global-color-5)","background-image":"","background-repeat":"repeat","background-position":"center center","background-size":"auto","background-attachment":"scroll","background-type":"","background-media":"","overlay-type":"","overlay-color":"","overlay-opacity":"","overlay-gradient":""},"mobile":{"background-color":"var(--ast-global-color-5)","background-image":"","background-repeat":"repeat","background-position":"center center","background-size":"auto","background-attachment":"scroll","background-type":"","background-media":"","overlay-type":"","overlay-color":"","overlay-opacity":"","overlay-gradient":""}},"footnotes":""},"categories":[22],"tags":[],"class_list":["post-28033","post","type-post","status-publish","format-standard","has-post-thumbnail","hentry","category-neuigkeit"],"acf":[],"yoast_head":"<!-- This site is optimized with the Yoast SEO plugin v27.5 - https:\/\/yoast.com\/product\/yoast-seo-wordpress\/ -->\n<title>Weshalb sich Obstb\u00e4ume und Reben erg\u00e4nzen - Schweizer Bauer vom 01. November 2022 - Permakultur-Landwirtschaft<\/title>\n<meta name=\"robots\" content=\"index, follow, max-snippet:-1, max-image-preview:large, max-video-preview:-1\" \/>\n<link rel=\"canonical\" href=\"https:\/\/permakultur-landwirtschaft.org\/fr\/weshalb-sich-obstbaeume-und-reben-ergaenzen-schweizer-bauer-vom-01-november-2022\/\" \/>\n<meta property=\"og:locale\" content=\"fr_FR\" \/>\n<meta property=\"og:type\" content=\"article\" \/>\n<meta property=\"og:title\" content=\"Weshalb sich Obstb\u00e4ume und Reben erg\u00e4nzen - Schweizer Bauer vom 01. November 2022 - Permakultur-Landwirtschaft\" \/>\n<meta property=\"og:description\" content=\"Text von schweizerbauer.ch \/ Renate Hodel, lid: Reben sind w\u00e4rmeliebende Kulturen, in vermehrt heissen und niederschlagsarmen Sommern leiden Trauben aber zunehmend unter zu starker Sonneneinstrahlung. Nachdem sie aufgrund der Mechanisierung und Produktivit\u00e4t geopfert wurden, tauchen nun wieder Obstb\u00e4ume in den Weinbergen auf \u2013 im Namen der Klimaresistenz. Die Landwirtschaft muss sich aufgrund der Klimaerw\u00e4rmung immer [&hellip;]\" \/>\n<meta property=\"og:url\" content=\"https:\/\/permakultur-landwirtschaft.org\/fr\/weshalb-sich-obstbaeume-und-reben-ergaenzen-schweizer-bauer-vom-01-november-2022\/\" \/>\n<meta property=\"og:site_name\" content=\"Permakultur-Landwirtschaft\" \/>\n<meta property=\"article:publisher\" content=\"https:\/\/www.facebook.com\/PermakulturLandwirtschaft\" \/>\n<meta property=\"article:published_time\" content=\"2022-11-01T14:32:00+00:00\" \/>\n<meta property=\"article:modified_time\" content=\"2023-01-24T14:38:51+00:00\" \/>\n<meta property=\"og:image\" content=\"https:\/\/permakultur-landwirtschaft.org\/wp-content\/uploads\/2023\/01\/reben_agroforst_lid_350405e2-8feb-1981-d16e-293458168d84-121594.jpeg\" \/>\n\t<meta property=\"og:image:width\" content=\"2500\" \/>\n\t<meta property=\"og:image:height\" content=\"1666\" \/>\n\t<meta property=\"og:image:type\" content=\"image\/jpeg\" \/>\n<meta name=\"author\" content=\"adrian reutimann\" \/>\n<meta name=\"twitter:card\" content=\"summary_large_image\" \/>\n<meta name=\"twitter:label1\" content=\"\u00c9crit par\" \/>\n\t<meta name=\"twitter:data1\" content=\"adrian reutimann\" \/>\n\t<meta name=\"twitter:label2\" content=\"Dur\u00e9e de lecture estim\u00e9e\" \/>\n\t<meta name=\"twitter:data2\" content=\"1 minute\" \/>\n<script type=\"application\/ld+json\" class=\"yoast-schema-graph\">{\"@context\":\"https:\\\/\\\/schema.org\",\"@graph\":[{\"@type\":\"Article\",\"@id\":\"https:\\\/\\\/permakultur-landwirtschaft.org\\\/weshalb-sich-obstbaeume-und-reben-ergaenzen-schweizer-bauer-vom-01-november-2022\\\/#article\",\"isPartOf\":{\"@id\":\"https:\\\/\\\/permakultur-landwirtschaft.org\\\/weshalb-sich-obstbaeume-und-reben-ergaenzen-schweizer-bauer-vom-01-november-2022\\\/\"},\"author\":{\"name\":\"adrian reutimann\",\"@id\":\"https:\\\/\\\/permakultur-landwirtschaft.org\\\/#\\\/schema\\\/person\\\/6b0467872f75aed3e144093f9bf4f0b0\"},\"headline\":\"Weshalb sich Obstb\u00e4ume und Reben erg\u00e4nzen &#8211; Schweizer Bauer vom 01. November 2022\",\"datePublished\":\"2022-11-01T14:32:00+00:00\",\"dateModified\":\"2023-01-24T14:38:51+00:00\",\"mainEntityOfPage\":{\"@id\":\"https:\\\/\\\/permakultur-landwirtschaft.org\\\/weshalb-sich-obstbaeume-und-reben-ergaenzen-schweizer-bauer-vom-01-november-2022\\\/\"},\"wordCount\":240,\"publisher\":{\"@id\":\"https:\\\/\\\/permakultur-landwirtschaft.org\\\/#organization\"},\"image\":{\"@id\":\"https:\\\/\\\/permakultur-landwirtschaft.org\\\/weshalb-sich-obstbaeume-und-reben-ergaenzen-schweizer-bauer-vom-01-november-2022\\\/#primaryimage\"},\"thumbnailUrl\":\"https:\\\/\\\/permakultur-landwirtschaft.org\\\/wp-content\\\/uploads\\\/2023\\\/01\\\/reben_agroforst_lid_350405e2-8feb-1981-d16e-293458168d84-121594.jpeg\",\"articleSection\":[\"Neuigkeit\"],\"inLanguage\":\"fr-FR\"},{\"@type\":\"WebPage\",\"@id\":\"https:\\\/\\\/permakultur-landwirtschaft.org\\\/weshalb-sich-obstbaeume-und-reben-ergaenzen-schweizer-bauer-vom-01-november-2022\\\/\",\"url\":\"https:\\\/\\\/permakultur-landwirtschaft.org\\\/weshalb-sich-obstbaeume-und-reben-ergaenzen-schweizer-bauer-vom-01-november-2022\\\/\",\"name\":\"Weshalb sich Obstb\u00e4ume und Reben erg\u00e4nzen - Schweizer Bauer vom 01. November 2022 - Permakultur-Landwirtschaft\",\"isPartOf\":{\"@id\":\"https:\\\/\\\/permakultur-landwirtschaft.org\\\/#website\"},\"primaryImageOfPage\":{\"@id\":\"https:\\\/\\\/permakultur-landwirtschaft.org\\\/weshalb-sich-obstbaeume-und-reben-ergaenzen-schweizer-bauer-vom-01-november-2022\\\/#primaryimage\"},\"image\":{\"@id\":\"https:\\\/\\\/permakultur-landwirtschaft.org\\\/weshalb-sich-obstbaeume-und-reben-ergaenzen-schweizer-bauer-vom-01-november-2022\\\/#primaryimage\"},\"thumbnailUrl\":\"https:\\\/\\\/permakultur-landwirtschaft.org\\\/wp-content\\\/uploads\\\/2023\\\/01\\\/reben_agroforst_lid_350405e2-8feb-1981-d16e-293458168d84-121594.jpeg\",\"datePublished\":\"2022-11-01T14:32:00+00:00\",\"dateModified\":\"2023-01-24T14:38:51+00:00\",\"breadcrumb\":{\"@id\":\"https:\\\/\\\/permakultur-landwirtschaft.org\\\/weshalb-sich-obstbaeume-und-reben-ergaenzen-schweizer-bauer-vom-01-november-2022\\\/#breadcrumb\"},\"inLanguage\":\"fr-FR\",\"potentialAction\":[{\"@type\":\"ReadAction\",\"target\":[\"https:\\\/\\\/permakultur-landwirtschaft.org\\\/weshalb-sich-obstbaeume-und-reben-ergaenzen-schweizer-bauer-vom-01-november-2022\\\/\"]}]},{\"@type\":\"ImageObject\",\"inLanguage\":\"fr-FR\",\"@id\":\"https:\\\/\\\/permakultur-landwirtschaft.org\\\/weshalb-sich-obstbaeume-und-reben-ergaenzen-schweizer-bauer-vom-01-november-2022\\\/#primaryimage\",\"url\":\"https:\\\/\\\/permakultur-landwirtschaft.org\\\/wp-content\\\/uploads\\\/2023\\\/01\\\/reben_agroforst_lid_350405e2-8feb-1981-d16e-293458168d84-121594.jpeg\",\"contentUrl\":\"https:\\\/\\\/permakultur-landwirtschaft.org\\\/wp-content\\\/uploads\\\/2023\\\/01\\\/reben_agroforst_lid_350405e2-8feb-1981-d16e-293458168d84-121594.jpeg\",\"width\":2500,\"height\":1666},{\"@type\":\"BreadcrumbList\",\"@id\":\"https:\\\/\\\/permakultur-landwirtschaft.org\\\/weshalb-sich-obstbaeume-und-reben-ergaenzen-schweizer-bauer-vom-01-november-2022\\\/#breadcrumb\",\"itemListElement\":[{\"@type\":\"ListItem\",\"position\":1,\"name\":\"Startseite\",\"item\":\"https:\\\/\\\/permakultur-landwirtschaft.org\\\/\"},{\"@type\":\"ListItem\",\"position\":2,\"name\":\"Weshalb sich Obstb\u00e4ume und Reben erg\u00e4nzen &#8211; Schweizer Bauer vom 01. November 2022\"}]},{\"@type\":\"WebSite\",\"@id\":\"https:\\\/\\\/permakultur-landwirtschaft.org\\\/#website\",\"url\":\"https:\\\/\\\/permakultur-landwirtschaft.org\\\/\",\"name\":\"Permakultur-Landwirtschaft\",\"description\":\"F\u00f6rderung der Permakultur in der Landwirtschaft\",\"publisher\":{\"@id\":\"https:\\\/\\\/permakultur-landwirtschaft.org\\\/#organization\"},\"potentialAction\":[{\"@type\":\"SearchAction\",\"target\":{\"@type\":\"EntryPoint\",\"urlTemplate\":\"https:\\\/\\\/permakultur-landwirtschaft.org\\\/?s={search_term_string}\"},\"query-input\":{\"@type\":\"PropertyValueSpecification\",\"valueRequired\":true,\"valueName\":\"search_term_string\"}}],\"inLanguage\":\"fr-FR\"},{\"@type\":\"Organization\",\"@id\":\"https:\\\/\\\/permakultur-landwirtschaft.org\\\/#organization\",\"name\":\"Permakultur-Landwirtschaft\",\"alternateName\":\"Verein Permakultur-Landwirtschaft\",\"url\":\"https:\\\/\\\/permakultur-landwirtschaft.org\\\/\",\"logo\":{\"@type\":\"ImageObject\",\"inLanguage\":\"fr-FR\",\"@id\":\"https:\\\/\\\/permakultur-landwirtschaft.org\\\/#\\\/schema\\\/logo\\\/image\\\/\",\"url\":\"https:\\\/\\\/permakultur-landwirtschaft.org\\\/wp-content\\\/uploads\\\/2021\\\/11\\\/pela_1268x1269.png\",\"contentUrl\":\"https:\\\/\\\/permakultur-landwirtschaft.org\\\/wp-content\\\/uploads\\\/2021\\\/11\\\/pela_1268x1269.png\",\"width\":1298,\"height\":1269,\"caption\":\"Permakultur-Landwirtschaft\"},\"image\":{\"@id\":\"https:\\\/\\\/permakultur-landwirtschaft.org\\\/#\\\/schema\\\/logo\\\/image\\\/\"},\"sameAs\":[\"https:\\\/\\\/www.facebook.com\\\/PermakulturLandwirtschaft\",\"https:\\\/\\\/www.instagram.com\\\/permakultur_landwirtschaft\\\/\",\"https:\\\/\\\/www.flickr.com\\\/photos\\\/permakultur-landwirtschaft\",\"https:\\\/\\\/www.youtube.com\\\/@PermakulturLandwirtschaft\"]},{\"@type\":\"Person\",\"@id\":\"https:\\\/\\\/permakultur-landwirtschaft.org\\\/#\\\/schema\\\/person\\\/6b0467872f75aed3e144093f9bf4f0b0\",\"name\":\"adrian reutimann\",\"url\":\"https:\\\/\\\/permakultur-landwirtschaft.org\\\/fr\\\/author\\\/reutiadr\\\/\"}]}<\/script>\n<!-- \/ Yoast SEO plugin. -->","yoast_head_json":{"title":"Weshalb sich Obstb\u00e4ume und Reben erg\u00e4nzen - Schweizer Bauer vom 01. November 2022 - Permakultur-Landwirtschaft","robots":{"index":"index","follow":"follow","max-snippet":"max-snippet:-1","max-image-preview":"max-image-preview:large","max-video-preview":"max-video-preview:-1"},"canonical":"https:\/\/permakultur-landwirtschaft.org\/fr\/weshalb-sich-obstbaeume-und-reben-ergaenzen-schweizer-bauer-vom-01-november-2022\/","og_locale":"fr_FR","og_type":"article","og_title":"Weshalb sich Obstb\u00e4ume und Reben erg\u00e4nzen - Schweizer Bauer vom 01. November 2022 - Permakultur-Landwirtschaft","og_description":"Text von schweizerbauer.ch \/ Renate Hodel, lid: Reben sind w\u00e4rmeliebende Kulturen, in vermehrt heissen und niederschlagsarmen Sommern leiden Trauben aber zunehmend unter zu starker Sonneneinstrahlung. Nachdem sie aufgrund der Mechanisierung und Produktivit\u00e4t geopfert wurden, tauchen nun wieder Obstb\u00e4ume in den Weinbergen auf \u2013 im Namen der Klimaresistenz. Die Landwirtschaft muss sich aufgrund der Klimaerw\u00e4rmung immer [&hellip;]","og_url":"https:\/\/permakultur-landwirtschaft.org\/fr\/weshalb-sich-obstbaeume-und-reben-ergaenzen-schweizer-bauer-vom-01-november-2022\/","og_site_name":"Permakultur-Landwirtschaft","article_publisher":"https:\/\/www.facebook.com\/PermakulturLandwirtschaft","article_published_time":"2022-11-01T14:32:00+00:00","article_modified_time":"2023-01-24T14:38:51+00:00","og_image":[{"width":2500,"height":1666,"url":"https:\/\/permakultur-landwirtschaft.org\/wp-content\/uploads\/2023\/01\/reben_agroforst_lid_350405e2-8feb-1981-d16e-293458168d84-121594.jpeg","type":"image\/jpeg"}],"author":"adrian reutimann","twitter_card":"summary_large_image","twitter_misc":{"\u00c9crit par":"adrian reutimann","Dur\u00e9e de lecture estim\u00e9e":"1 minute"},"schema":{"@context":"https:\/\/schema.org","@graph":[{"@type":"Article","@id":"https:\/\/permakultur-landwirtschaft.org\/weshalb-sich-obstbaeume-und-reben-ergaenzen-schweizer-bauer-vom-01-november-2022\/#article","isPartOf":{"@id":"https:\/\/permakultur-landwirtschaft.org\/weshalb-sich-obstbaeume-und-reben-ergaenzen-schweizer-bauer-vom-01-november-2022\/"},"author":{"name":"adrian reutimann","@id":"https:\/\/permakultur-landwirtschaft.org\/#\/schema\/person\/6b0467872f75aed3e144093f9bf4f0b0"},"headline":"Weshalb sich Obstb\u00e4ume und Reben erg\u00e4nzen &#8211; Schweizer Bauer vom 01. November 2022","datePublished":"2022-11-01T14:32:00+00:00","dateModified":"2023-01-24T14:38:51+00:00","mainEntityOfPage":{"@id":"https:\/\/permakultur-landwirtschaft.org\/weshalb-sich-obstbaeume-und-reben-ergaenzen-schweizer-bauer-vom-01-november-2022\/"},"wordCount":240,"publisher":{"@id":"https:\/\/permakultur-landwirtschaft.org\/#organization"},"image":{"@id":"https:\/\/permakultur-landwirtschaft.org\/weshalb-sich-obstbaeume-und-reben-ergaenzen-schweizer-bauer-vom-01-november-2022\/#primaryimage"},"thumbnailUrl":"https:\/\/permakultur-landwirtschaft.org\/wp-content\/uploads\/2023\/01\/reben_agroforst_lid_350405e2-8feb-1981-d16e-293458168d84-121594.jpeg","articleSection":["Neuigkeit"],"inLanguage":"fr-FR"},{"@type":"WebPage","@id":"https:\/\/permakultur-landwirtschaft.org\/weshalb-sich-obstbaeume-und-reben-ergaenzen-schweizer-bauer-vom-01-november-2022\/","url":"https:\/\/permakultur-landwirtschaft.org\/weshalb-sich-obstbaeume-und-reben-ergaenzen-schweizer-bauer-vom-01-november-2022\/","name":"Weshalb sich Obstb\u00e4ume und Reben erg\u00e4nzen - Schweizer Bauer vom 01. November 2022 - Permakultur-Landwirtschaft","isPartOf":{"@id":"https:\/\/permakultur-landwirtschaft.org\/#website"},"primaryImageOfPage":{"@id":"https:\/\/permakultur-landwirtschaft.org\/weshalb-sich-obstbaeume-und-reben-ergaenzen-schweizer-bauer-vom-01-november-2022\/#primaryimage"},"image":{"@id":"https:\/\/permakultur-landwirtschaft.org\/weshalb-sich-obstbaeume-und-reben-ergaenzen-schweizer-bauer-vom-01-november-2022\/#primaryimage"},"thumbnailUrl":"https:\/\/permakultur-landwirtschaft.org\/wp-content\/uploads\/2023\/01\/reben_agroforst_lid_350405e2-8feb-1981-d16e-293458168d84-121594.jpeg","datePublished":"2022-11-01T14:32:00+00:00","dateModified":"2023-01-24T14:38:51+00:00","breadcrumb":{"@id":"https:\/\/permakultur-landwirtschaft.org\/weshalb-sich-obstbaeume-und-reben-ergaenzen-schweizer-bauer-vom-01-november-2022\/#breadcrumb"},"inLanguage":"fr-FR","potentialAction":[{"@type":"ReadAction","target":["https:\/\/permakultur-landwirtschaft.org\/weshalb-sich-obstbaeume-und-reben-ergaenzen-schweizer-bauer-vom-01-november-2022\/"]}]},{"@type":"ImageObject","inLanguage":"fr-FR","@id":"https:\/\/permakultur-landwirtschaft.org\/weshalb-sich-obstbaeume-und-reben-ergaenzen-schweizer-bauer-vom-01-november-2022\/#primaryimage","url":"https:\/\/permakultur-landwirtschaft.org\/wp-content\/uploads\/2023\/01\/reben_agroforst_lid_350405e2-8feb-1981-d16e-293458168d84-121594.jpeg","contentUrl":"https:\/\/permakultur-landwirtschaft.org\/wp-content\/uploads\/2023\/01\/reben_agroforst_lid_350405e2-8feb-1981-d16e-293458168d84-121594.jpeg","width":2500,"height":1666},{"@type":"BreadcrumbList","@id":"https:\/\/permakultur-landwirtschaft.org\/weshalb-sich-obstbaeume-und-reben-ergaenzen-schweizer-bauer-vom-01-november-2022\/#breadcrumb","itemListElement":[{"@type":"ListItem","position":1,"name":"Startseite","item":"https:\/\/permakultur-landwirtschaft.org\/"},{"@type":"ListItem","position":2,"name":"Weshalb sich Obstb\u00e4ume und Reben erg\u00e4nzen &#8211; Schweizer Bauer vom 01. November 2022"}]},{"@type":"WebSite","@id":"https:\/\/permakultur-landwirtschaft.org\/#website","url":"https:\/\/permakultur-landwirtschaft.org\/","name":"Permakultur-Landwirtschaft","description":"F\u00f6rderung der Permakultur in der Landwirtschaft","publisher":{"@id":"https:\/\/permakultur-landwirtschaft.org\/#organization"},"potentialAction":[{"@type":"SearchAction","target":{"@type":"EntryPoint","urlTemplate":"https:\/\/permakultur-landwirtschaft.org\/?s={search_term_string}"},"query-input":{"@type":"PropertyValueSpecification","valueRequired":true,"valueName":"search_term_string"}}],"inLanguage":"fr-FR"},{"@type":"Organization","@id":"https:\/\/permakultur-landwirtschaft.org\/#organization","name":"Permakultur-Landwirtschaft","alternateName":"Verein Permakultur-Landwirtschaft","url":"https:\/\/permakultur-landwirtschaft.org\/","logo":{"@type":"ImageObject","inLanguage":"fr-FR","@id":"https:\/\/permakultur-landwirtschaft.org\/#\/schema\/logo\/image\/","url":"https:\/\/permakultur-landwirtschaft.org\/wp-content\/uploads\/2021\/11\/pela_1268x1269.png","contentUrl":"https:\/\/permakultur-landwirtschaft.org\/wp-content\/uploads\/2021\/11\/pela_1268x1269.png","width":1298,"height":1269,"caption":"Permakultur-Landwirtschaft"},"image":{"@id":"https:\/\/permakultur-landwirtschaft.org\/#\/schema\/logo\/image\/"},"sameAs":["https:\/\/www.facebook.com\/PermakulturLandwirtschaft","https:\/\/www.instagram.com\/permakultur_landwirtschaft\/","https:\/\/www.flickr.com\/photos\/permakultur-landwirtschaft","https:\/\/www.youtube.com\/@PermakulturLandwirtschaft"]},{"@type":"Person","@id":"https:\/\/permakultur-landwirtschaft.org\/#\/schema\/person\/6b0467872f75aed3e144093f9bf4f0b0","name":"adrian reutimann","url":"https:\/\/permakultur-landwirtschaft.org\/fr\/author\/reutiadr\/"}]}},"_links":{"self":[{"href":"https:\/\/permakultur-landwirtschaft.org\/fr\/wp-json\/wp\/v2\/posts\/28033","targetHints":{"allow":["GET"]}}],"collection":[{"href":"https:\/\/permakultur-landwirtschaft.org\/fr\/wp-json\/wp\/v2\/posts"}],"about":[{"href":"https:\/\/permakultur-landwirtschaft.org\/fr\/wp-json\/wp\/v2\/types\/post"}],"author":[{"embeddable":true,"href":"https:\/\/permakultur-landwirtschaft.org\/fr\/wp-json\/wp\/v2\/users\/2"}],"replies":[{"embeddable":true,"href":"https:\/\/permakultur-landwirtschaft.org\/fr\/wp-json\/wp\/v2\/comments?post=28033"}],"version-history":[{"count":4,"href":"https:\/\/permakultur-landwirtschaft.org\/fr\/wp-json\/wp\/v2\/posts\/28033\/revisions"}],"predecessor-version":[{"id":28039,"href":"https:\/\/permakultur-landwirtschaft.org\/fr\/wp-json\/wp\/v2\/posts\/28033\/revisions\/28039"}],"wp:featuredmedia":[{"embeddable":true,"href":"https:\/\/permakultur-landwirtschaft.org\/fr\/wp-json\/wp\/v2\/media\/28034"}],"wp:attachment":[{"href":"https:\/\/permakultur-landwirtschaft.org\/fr\/wp-json\/wp\/v2\/media?parent=28033"}],"wp:term":[{"taxonomy":"category","embeddable":true,"href":"https:\/\/permakultur-landwirtschaft.org\/fr\/wp-json\/wp\/v2\/categories?post=28033"},{"taxonomy":"post_tag","embeddable":true,"href":"https:\/\/permakultur-landwirtschaft.org\/fr\/wp-json\/wp\/v2\/tags?post=28033"}],"curies":[{"name":"wp","href":"https:\/\/api.w.org\/{rel}","templated":true}]}}