{"id":27654,"date":"2023-01-12T10:39:40","date_gmt":"2023-01-12T09:39:40","guid":{"rendered":"https:\/\/permakultur-landwirtschaft.org\/?p=27654"},"modified":"2023-02-01T12:31:33","modified_gmt":"2023-02-01T11:31:33","slug":"potential-der-permakultur-fuer-die-schweizer-landwirtschaft-online-vortraege-vom-12-26-januar-2023","status":"publish","type":"post","link":"https:\/\/permakultur-landwirtschaft.org\/fr\/potential-der-permakultur-fuer-die-schweizer-landwirtschaft-online-vortraege-vom-12-26-januar-2023\/","title":{"rendered":"Potential der Permakultur f\u00fcr die Schweizer Landwirtschaft &#8211; Online Vortr\u00e4ge vom 12. &#8211; 26. Januar 2023"},"content":{"rendered":"<p>Text von permakultur-beratung.ch:<\/p>\n\n\n\n<p>Zu folgenden Video-Vortr\u00e4gen bist du herzlich eingeladen.<\/p>\n\n\n\n<h3 class=\"wp-block-heading\">Date \/ Datum<\/h3>\n\n\n\n<p>Do.&nbsp;12. Januar 2023, 20:00 &#8211; 21:30:&nbsp;Weltagrarbericht und Situation der Landwirtschaft in der Schweiz heute<br>Do. 19. Januar 2023, 20:00 &#8211; 21:30: Das Potential der Permakultur f\u00fcr die&nbsp;Landwirtschaft-Betriebe&nbsp;und die&nbsp;Nachhaltige Entwicklung der Schweiz<br>Do. 26. Januar 2023, 20:00 &#8211; 21:30:&nbsp;Potential der&nbsp;Permakultur&nbsp;f\u00fcr Menschen auf den H\u00f6fen: Attraktive Wohn- und Arbeitsorte, Fallbeispiel Permakultur-Partnerhof Chuderboden.<\/p>\n\n\n\n<h3 class=\"wp-block-heading\">Adresse<\/h3>\n\n\n\n<p>online<\/p>\n\n\n\n<h3 class=\"wp-block-heading\">Co\u00fbts<\/h3>\n\n\n\n<p>Kostenfrei<\/p>\n\n\n\n<h3 class=\"wp-block-heading\">Infos <\/h3>\n\n\n\n<p>Infos zu den Anl\u00e4ssen: <a href=\"https:\/\/www.permakultur-beratung.ch\/online-kurse\/online-vortraege-2023\/\" target=\"_blank\" rel=\"noreferrer noopener\">www.permakultur-beratung.ch\/online-kurse\/online-vortraege-2023<\/a><\/p>\n\n\n\n<figure class=\"wp-block-image size-full\"><a href=\"https:\/\/www.permakultur-beratung.ch\/online-kurse\/online-vortraege-2023\/\" target=\"_blank\" rel=\"noopener\"><img fetchpriority=\"high\" decoding=\"async\" width=\"408\" height=\"272\" src=\"https:\/\/permakultur-landwirtschaft.org\/wp-content\/uploads\/2020\/05\/beat_20200408.jpeg\" alt=\"\" class=\"wp-image-1972\" srcset=\"https:\/\/permakultur-landwirtschaft.org\/wp-content\/uploads\/2020\/05\/beat_20200408.jpeg 408w, https:\/\/permakultur-landwirtschaft.org\/wp-content\/uploads\/2020\/05\/beat_20200408-300x200.jpeg 300w, https:\/\/permakultur-landwirtschaft.org\/wp-content\/uploads\/2020\/05\/beat_20200408-272x182.jpeg 272w\" sizes=\"(max-width: 408px) 100vw, 408px\" \/><\/a><figcaption class=\"wp-element-caption\">Bild: permakultur-beratung.ch<\/figcaption><\/figure>\n\n\n\n<hr class=\"wp-block-separator has-css-opacity\"\/>\n\n\n\n<h3 class=\"wp-block-heading\"><a href=\"https:\/\/permakultur-landwirtschaft.org\/fr\/veranstaltungen\/\" data-type=\"page\" data-id=\"476\">Cliquez ici pour voir les \u00e9v\u00e9nements actuels \/ <\/a><br><a href=\"https:\/\/permakultur-landwirtschaft.org\/fr\/veranstaltungen\/\">Hier geht&#8217;s zur \u00dcbersicht aktuelle Veranstaltungen<\/a><\/h3>","protected":false},"excerpt":{"rendered":"<p>Text von permakultur-beratung.ch: Zu folgenden Video-Vortr\u00e4gen bist du herzlich eingeladen. Date \/ Datum Do.&nbsp;12. Januar 2023, 20:00 &#8211; 21:30:&nbsp;Weltagrarbericht und Situation der Landwirtschaft in der Schweiz heuteDo. 19. Januar 2023, 20:00 &#8211; 21:30: Das Potential der Permakultur f\u00fcr die&nbsp;Landwirtschaft-Betriebe&nbsp;und die&nbsp;Nachhaltige Entwicklung der SchweizDo. 26. Januar 2023, 20:00 &#8211; 21:30:&nbsp;Potential der&nbsp;Permakultur&nbsp;f\u00fcr Menschen auf den H\u00f6fen: Attraktive [&hellip;]<\/p>\n","protected":false},"author":2,"featured_media":1972,"comment_status":"closed","ping_status":"closed","sticky":false,"template":"","format":"standard","meta":{"_acf_changed":false,"site-sidebar-layout":"default","site-content-layout":"","ast-site-content-layout":"default","site-content-style":"default","site-sidebar-style":"default","ast-global-header-display":"","ast-banner-title-visibility":"","ast-main-header-display":"","ast-hfb-above-header-display":"","ast-hfb-below-header-display":"","ast-hfb-mobile-header-display":"","site-post-title":"","ast-breadcrumbs-content":"","ast-featured-img":"","footer-sml-layout":"","ast-disable-related-posts":"","theme-transparent-header-meta":"","adv-header-id-meta":"","stick-header-meta":"","header-above-stick-meta":"","header-main-stick-meta":"","header-below-stick-meta":"","astra-migrate-meta-layouts":"default","ast-page-background-enabled":"default","ast-page-background-meta":{"desktop":{"background-color":"var(--ast-global-color-4)","background-image":"","background-repeat":"repeat","background-position":"center center","background-size":"auto","background-attachment":"scroll","background-type":"","background-media":"","overlay-type":"","overlay-color":"","overlay-opacity":"","overlay-gradient":""},"tablet":{"background-color":"","background-image":"","background-repeat":"repeat","background-position":"center center","background-size":"auto","background-attachment":"scroll","background-type":"","background-media":"","overlay-type":"","overlay-color":"","overlay-opacity":"","overlay-gradient":""},"mobile":{"background-color":"","background-image":"","background-repeat":"repeat","background-position":"center center","background-size":"auto","background-attachment":"scroll","background-type":"","background-media":"","overlay-type":"","overlay-color":"","overlay-opacity":"","overlay-gradient":""}},"ast-content-background-meta":{"desktop":{"background-color":"var(--ast-global-color-5)","background-image":"","background-repeat":"repeat","background-position":"center center","background-size":"auto","background-attachment":"scroll","background-type":"","background-media":"","overlay-type":"","overlay-color":"","overlay-opacity":"","overlay-gradient":""},"tablet":{"background-color":"var(--ast-global-color-5)","background-image":"","background-repeat":"repeat","background-position":"center center","background-size":"auto","background-attachment":"scroll","background-type":"","background-media":"","overlay-type":"","overlay-color":"","overlay-opacity":"","overlay-gradient":""},"mobile":{"background-color":"var(--ast-global-color-5)","background-image":"","background-repeat":"repeat","background-position":"center center","background-size":"auto","background-attachment":"scroll","background-type":"","background-media":"","overlay-type":"","overlay-color":"","overlay-opacity":"","overlay-gradient":""}},"footnotes":""},"categories":[21],"tags":[],"class_list":["post-27654","post","type-post","status-publish","format-standard","has-post-thumbnail","hentry","category-veranstaltungen_archiv"],"acf":[],"yoast_head":"<!-- This site is optimized with the Yoast SEO plugin v27.5 - https:\/\/yoast.com\/product\/yoast-seo-wordpress\/ -->\n<title>Potential der Permakultur f\u00fcr die Schweizer Landwirtschaft - Online Vortr\u00e4ge vom 12. - 26. Januar 2023 - Permakultur-Landwirtschaft<\/title>\n<meta name=\"robots\" content=\"index, follow, max-snippet:-1, max-image-preview:large, max-video-preview:-1\" \/>\n<link rel=\"canonical\" href=\"https:\/\/permakultur-landwirtschaft.org\/fr\/potential-der-permakultur-fuer-die-schweizer-landwirtschaft-online-vortraege-vom-12-26-januar-2023\/\" \/>\n<meta property=\"og:locale\" content=\"fr_FR\" \/>\n<meta property=\"og:type\" content=\"article\" \/>\n<meta property=\"og:title\" content=\"Potential der Permakultur f\u00fcr die Schweizer Landwirtschaft - Online Vortr\u00e4ge vom 12. - 26. Januar 2023 - Permakultur-Landwirtschaft\" \/>\n<meta property=\"og:description\" content=\"Text von permakultur-beratung.ch: Zu folgenden Video-Vortr\u00e4gen bist du herzlich eingeladen. Date \/ Datum Do.&nbsp;12. Januar 2023, 20:00 &#8211; 21:30:&nbsp;Weltagrarbericht und Situation der Landwirtschaft in der Schweiz heuteDo. 19. Januar 2023, 20:00 &#8211; 21:30: Das Potential der Permakultur f\u00fcr die&nbsp;Landwirtschaft-Betriebe&nbsp;und die&nbsp;Nachhaltige Entwicklung der SchweizDo. 26. Januar 2023, 20:00 &#8211; 21:30:&nbsp;Potential der&nbsp;Permakultur&nbsp;f\u00fcr Menschen auf den H\u00f6fen: Attraktive [&hellip;]\" \/>\n<meta property=\"og:url\" content=\"https:\/\/permakultur-landwirtschaft.org\/fr\/potential-der-permakultur-fuer-die-schweizer-landwirtschaft-online-vortraege-vom-12-26-januar-2023\/\" \/>\n<meta property=\"og:site_name\" content=\"Permakultur-Landwirtschaft\" \/>\n<meta property=\"article:publisher\" content=\"https:\/\/www.facebook.com\/PermakulturLandwirtschaft\" \/>\n<meta property=\"article:published_time\" content=\"2023-01-12T09:39:40+00:00\" \/>\n<meta property=\"article:modified_time\" content=\"2023-02-01T11:31:33+00:00\" \/>\n<meta property=\"og:image\" content=\"https:\/\/permakultur-landwirtschaft.org\/wp-content\/uploads\/2020\/05\/beat_20200408.jpeg\" \/>\n\t<meta property=\"og:image:width\" content=\"408\" \/>\n\t<meta property=\"og:image:height\" content=\"272\" \/>\n\t<meta property=\"og:image:type\" content=\"image\/jpeg\" \/>\n<meta name=\"author\" content=\"adrian reutimann\" \/>\n<meta name=\"twitter:card\" content=\"summary_large_image\" \/>\n<meta name=\"twitter:label1\" content=\"\u00c9crit par\" \/>\n\t<meta name=\"twitter:data1\" content=\"adrian reutimann\" \/>\n\t<meta name=\"twitter:label2\" content=\"Dur\u00e9e de lecture estim\u00e9e\" \/>\n\t<meta name=\"twitter:data2\" content=\"1 minute\" \/>\n<script type=\"application\/ld+json\" class=\"yoast-schema-graph\">{\"@context\":\"https:\\\/\\\/schema.org\",\"@graph\":[{\"@type\":\"Article\",\"@id\":\"https:\\\/\\\/permakultur-landwirtschaft.org\\\/potential-der-permakultur-fuer-die-schweizer-landwirtschaft-online-vortraege-vom-12-26-januar-2023\\\/#article\",\"isPartOf\":{\"@id\":\"https:\\\/\\\/permakultur-landwirtschaft.org\\\/potential-der-permakultur-fuer-die-schweizer-landwirtschaft-online-vortraege-vom-12-26-januar-2023\\\/\"},\"author\":{\"name\":\"adrian reutimann\",\"@id\":\"https:\\\/\\\/permakultur-landwirtschaft.org\\\/#\\\/schema\\\/person\\\/6b0467872f75aed3e144093f9bf4f0b0\"},\"headline\":\"Potential der Permakultur f\u00fcr die Schweizer Landwirtschaft &#8211; Online Vortr\u00e4ge vom 12. &#8211; 26. Januar 2023\",\"datePublished\":\"2023-01-12T09:39:40+00:00\",\"dateModified\":\"2023-02-01T11:31:33+00:00\",\"mainEntityOfPage\":{\"@id\":\"https:\\\/\\\/permakultur-landwirtschaft.org\\\/potential-der-permakultur-fuer-die-schweizer-landwirtschaft-online-vortraege-vom-12-26-januar-2023\\\/\"},\"wordCount\":117,\"publisher\":{\"@id\":\"https:\\\/\\\/permakultur-landwirtschaft.org\\\/#organization\"},\"image\":{\"@id\":\"https:\\\/\\\/permakultur-landwirtschaft.org\\\/potential-der-permakultur-fuer-die-schweizer-landwirtschaft-online-vortraege-vom-12-26-januar-2023\\\/#primaryimage\"},\"thumbnailUrl\":\"https:\\\/\\\/permakultur-landwirtschaft.org\\\/wp-content\\\/uploads\\\/2020\\\/05\\\/beat_20200408.jpeg\",\"articleSection\":[\"Veranstaltungen_Archiv\"],\"inLanguage\":\"fr-FR\"},{\"@type\":\"WebPage\",\"@id\":\"https:\\\/\\\/permakultur-landwirtschaft.org\\\/potential-der-permakultur-fuer-die-schweizer-landwirtschaft-online-vortraege-vom-12-26-januar-2023\\\/\",\"url\":\"https:\\\/\\\/permakultur-landwirtschaft.org\\\/potential-der-permakultur-fuer-die-schweizer-landwirtschaft-online-vortraege-vom-12-26-januar-2023\\\/\",\"name\":\"Potential der Permakultur f\u00fcr die Schweizer Landwirtschaft - Online Vortr\u00e4ge vom 12. - 26. Januar 2023 - Permakultur-Landwirtschaft\",\"isPartOf\":{\"@id\":\"https:\\\/\\\/permakultur-landwirtschaft.org\\\/#website\"},\"primaryImageOfPage\":{\"@id\":\"https:\\\/\\\/permakultur-landwirtschaft.org\\\/potential-der-permakultur-fuer-die-schweizer-landwirtschaft-online-vortraege-vom-12-26-januar-2023\\\/#primaryimage\"},\"image\":{\"@id\":\"https:\\\/\\\/permakultur-landwirtschaft.org\\\/potential-der-permakultur-fuer-die-schweizer-landwirtschaft-online-vortraege-vom-12-26-januar-2023\\\/#primaryimage\"},\"thumbnailUrl\":\"https:\\\/\\\/permakultur-landwirtschaft.org\\\/wp-content\\\/uploads\\\/2020\\\/05\\\/beat_20200408.jpeg\",\"datePublished\":\"2023-01-12T09:39:40+00:00\",\"dateModified\":\"2023-02-01T11:31:33+00:00\",\"breadcrumb\":{\"@id\":\"https:\\\/\\\/permakultur-landwirtschaft.org\\\/potential-der-permakultur-fuer-die-schweizer-landwirtschaft-online-vortraege-vom-12-26-januar-2023\\\/#breadcrumb\"},\"inLanguage\":\"fr-FR\",\"potentialAction\":[{\"@type\":\"ReadAction\",\"target\":[\"https:\\\/\\\/permakultur-landwirtschaft.org\\\/potential-der-permakultur-fuer-die-schweizer-landwirtschaft-online-vortraege-vom-12-26-januar-2023\\\/\"]}]},{\"@type\":\"ImageObject\",\"inLanguage\":\"fr-FR\",\"@id\":\"https:\\\/\\\/permakultur-landwirtschaft.org\\\/potential-der-permakultur-fuer-die-schweizer-landwirtschaft-online-vortraege-vom-12-26-januar-2023\\\/#primaryimage\",\"url\":\"https:\\\/\\\/permakultur-landwirtschaft.org\\\/wp-content\\\/uploads\\\/2020\\\/05\\\/beat_20200408.jpeg\",\"contentUrl\":\"https:\\\/\\\/permakultur-landwirtschaft.org\\\/wp-content\\\/uploads\\\/2020\\\/05\\\/beat_20200408.jpeg\",\"width\":408,\"height\":272,\"caption\":\"Bild: permakultur-beratung.ch\"},{\"@type\":\"BreadcrumbList\",\"@id\":\"https:\\\/\\\/permakultur-landwirtschaft.org\\\/potential-der-permakultur-fuer-die-schweizer-landwirtschaft-online-vortraege-vom-12-26-januar-2023\\\/#breadcrumb\",\"itemListElement\":[{\"@type\":\"ListItem\",\"position\":1,\"name\":\"Startseite\",\"item\":\"https:\\\/\\\/permakultur-landwirtschaft.org\\\/\"},{\"@type\":\"ListItem\",\"position\":2,\"name\":\"Potential der Permakultur f\u00fcr die Schweizer Landwirtschaft &#8211; Online Vortr\u00e4ge vom 12. &#8211; 26. Januar 2023\"}]},{\"@type\":\"WebSite\",\"@id\":\"https:\\\/\\\/permakultur-landwirtschaft.org\\\/#website\",\"url\":\"https:\\\/\\\/permakultur-landwirtschaft.org\\\/\",\"name\":\"Permakultur-Landwirtschaft\",\"description\":\"F\u00f6rderung der Permakultur in der Landwirtschaft\",\"publisher\":{\"@id\":\"https:\\\/\\\/permakultur-landwirtschaft.org\\\/#organization\"},\"potentialAction\":[{\"@type\":\"SearchAction\",\"target\":{\"@type\":\"EntryPoint\",\"urlTemplate\":\"https:\\\/\\\/permakultur-landwirtschaft.org\\\/?s={search_term_string}\"},\"query-input\":{\"@type\":\"PropertyValueSpecification\",\"valueRequired\":true,\"valueName\":\"search_term_string\"}}],\"inLanguage\":\"fr-FR\"},{\"@type\":\"Organization\",\"@id\":\"https:\\\/\\\/permakultur-landwirtschaft.org\\\/#organization\",\"name\":\"Permakultur-Landwirtschaft\",\"alternateName\":\"Verein Permakultur-Landwirtschaft\",\"url\":\"https:\\\/\\\/permakultur-landwirtschaft.org\\\/\",\"logo\":{\"@type\":\"ImageObject\",\"inLanguage\":\"fr-FR\",\"@id\":\"https:\\\/\\\/permakultur-landwirtschaft.org\\\/#\\\/schema\\\/logo\\\/image\\\/\",\"url\":\"https:\\\/\\\/permakultur-landwirtschaft.org\\\/wp-content\\\/uploads\\\/2021\\\/11\\\/pela_1268x1269.png\",\"contentUrl\":\"https:\\\/\\\/permakultur-landwirtschaft.org\\\/wp-content\\\/uploads\\\/2021\\\/11\\\/pela_1268x1269.png\",\"width\":1298,\"height\":1269,\"caption\":\"Permakultur-Landwirtschaft\"},\"image\":{\"@id\":\"https:\\\/\\\/permakultur-landwirtschaft.org\\\/#\\\/schema\\\/logo\\\/image\\\/\"},\"sameAs\":[\"https:\\\/\\\/www.facebook.com\\\/PermakulturLandwirtschaft\",\"https:\\\/\\\/www.instagram.com\\\/permakultur_landwirtschaft\\\/\",\"https:\\\/\\\/www.flickr.com\\\/photos\\\/permakultur-landwirtschaft\",\"https:\\\/\\\/www.youtube.com\\\/@PermakulturLandwirtschaft\"]},{\"@type\":\"Person\",\"@id\":\"https:\\\/\\\/permakultur-landwirtschaft.org\\\/#\\\/schema\\\/person\\\/6b0467872f75aed3e144093f9bf4f0b0\",\"name\":\"adrian reutimann\",\"url\":\"https:\\\/\\\/permakultur-landwirtschaft.org\\\/fr\\\/author\\\/reutiadr\\\/\"}]}<\/script>\n<!-- \/ Yoast SEO plugin. -->","yoast_head_json":{"title":"Potential der Permakultur f\u00fcr die Schweizer Landwirtschaft - Online Vortr\u00e4ge vom 12. - 26. Januar 2023 - Permakultur-Landwirtschaft","robots":{"index":"index","follow":"follow","max-snippet":"max-snippet:-1","max-image-preview":"max-image-preview:large","max-video-preview":"max-video-preview:-1"},"canonical":"https:\/\/permakultur-landwirtschaft.org\/fr\/potential-der-permakultur-fuer-die-schweizer-landwirtschaft-online-vortraege-vom-12-26-januar-2023\/","og_locale":"fr_FR","og_type":"article","og_title":"Potential der Permakultur f\u00fcr die Schweizer Landwirtschaft - Online Vortr\u00e4ge vom 12. - 26. Januar 2023 - Permakultur-Landwirtschaft","og_description":"Text von permakultur-beratung.ch: Zu folgenden Video-Vortr\u00e4gen bist du herzlich eingeladen. Date \/ Datum Do.&nbsp;12. Januar 2023, 20:00 &#8211; 21:30:&nbsp;Weltagrarbericht und Situation der Landwirtschaft in der Schweiz heuteDo. 19. Januar 2023, 20:00 &#8211; 21:30: Das Potential der Permakultur f\u00fcr die&nbsp;Landwirtschaft-Betriebe&nbsp;und die&nbsp;Nachhaltige Entwicklung der SchweizDo. 26. Januar 2023, 20:00 &#8211; 21:30:&nbsp;Potential der&nbsp;Permakultur&nbsp;f\u00fcr Menschen auf den H\u00f6fen: Attraktive [&hellip;]","og_url":"https:\/\/permakultur-landwirtschaft.org\/fr\/potential-der-permakultur-fuer-die-schweizer-landwirtschaft-online-vortraege-vom-12-26-januar-2023\/","og_site_name":"Permakultur-Landwirtschaft","article_publisher":"https:\/\/www.facebook.com\/PermakulturLandwirtschaft","article_published_time":"2023-01-12T09:39:40+00:00","article_modified_time":"2023-02-01T11:31:33+00:00","og_image":[{"width":408,"height":272,"url":"https:\/\/permakultur-landwirtschaft.org\/wp-content\/uploads\/2020\/05\/beat_20200408.jpeg","type":"image\/jpeg"}],"author":"adrian reutimann","twitter_card":"summary_large_image","twitter_misc":{"\u00c9crit par":"adrian reutimann","Dur\u00e9e de lecture estim\u00e9e":"1 minute"},"schema":{"@context":"https:\/\/schema.org","@graph":[{"@type":"Article","@id":"https:\/\/permakultur-landwirtschaft.org\/potential-der-permakultur-fuer-die-schweizer-landwirtschaft-online-vortraege-vom-12-26-januar-2023\/#article","isPartOf":{"@id":"https:\/\/permakultur-landwirtschaft.org\/potential-der-permakultur-fuer-die-schweizer-landwirtschaft-online-vortraege-vom-12-26-januar-2023\/"},"author":{"name":"adrian reutimann","@id":"https:\/\/permakultur-landwirtschaft.org\/#\/schema\/person\/6b0467872f75aed3e144093f9bf4f0b0"},"headline":"Potential der Permakultur f\u00fcr die Schweizer Landwirtschaft &#8211; Online Vortr\u00e4ge vom 12. &#8211; 26. Januar 2023","datePublished":"2023-01-12T09:39:40+00:00","dateModified":"2023-02-01T11:31:33+00:00","mainEntityOfPage":{"@id":"https:\/\/permakultur-landwirtschaft.org\/potential-der-permakultur-fuer-die-schweizer-landwirtschaft-online-vortraege-vom-12-26-januar-2023\/"},"wordCount":117,"publisher":{"@id":"https:\/\/permakultur-landwirtschaft.org\/#organization"},"image":{"@id":"https:\/\/permakultur-landwirtschaft.org\/potential-der-permakultur-fuer-die-schweizer-landwirtschaft-online-vortraege-vom-12-26-januar-2023\/#primaryimage"},"thumbnailUrl":"https:\/\/permakultur-landwirtschaft.org\/wp-content\/uploads\/2020\/05\/beat_20200408.jpeg","articleSection":["Veranstaltungen_Archiv"],"inLanguage":"fr-FR"},{"@type":"WebPage","@id":"https:\/\/permakultur-landwirtschaft.org\/potential-der-permakultur-fuer-die-schweizer-landwirtschaft-online-vortraege-vom-12-26-januar-2023\/","url":"https:\/\/permakultur-landwirtschaft.org\/potential-der-permakultur-fuer-die-schweizer-landwirtschaft-online-vortraege-vom-12-26-januar-2023\/","name":"Potential der Permakultur f\u00fcr die Schweizer Landwirtschaft - Online Vortr\u00e4ge vom 12. - 26. Januar 2023 - Permakultur-Landwirtschaft","isPartOf":{"@id":"https:\/\/permakultur-landwirtschaft.org\/#website"},"primaryImageOfPage":{"@id":"https:\/\/permakultur-landwirtschaft.org\/potential-der-permakultur-fuer-die-schweizer-landwirtschaft-online-vortraege-vom-12-26-januar-2023\/#primaryimage"},"image":{"@id":"https:\/\/permakultur-landwirtschaft.org\/potential-der-permakultur-fuer-die-schweizer-landwirtschaft-online-vortraege-vom-12-26-januar-2023\/#primaryimage"},"thumbnailUrl":"https:\/\/permakultur-landwirtschaft.org\/wp-content\/uploads\/2020\/05\/beat_20200408.jpeg","datePublished":"2023-01-12T09:39:40+00:00","dateModified":"2023-02-01T11:31:33+00:00","breadcrumb":{"@id":"https:\/\/permakultur-landwirtschaft.org\/potential-der-permakultur-fuer-die-schweizer-landwirtschaft-online-vortraege-vom-12-26-januar-2023\/#breadcrumb"},"inLanguage":"fr-FR","potentialAction":[{"@type":"ReadAction","target":["https:\/\/permakultur-landwirtschaft.org\/potential-der-permakultur-fuer-die-schweizer-landwirtschaft-online-vortraege-vom-12-26-januar-2023\/"]}]},{"@type":"ImageObject","inLanguage":"fr-FR","@id":"https:\/\/permakultur-landwirtschaft.org\/potential-der-permakultur-fuer-die-schweizer-landwirtschaft-online-vortraege-vom-12-26-januar-2023\/#primaryimage","url":"https:\/\/permakultur-landwirtschaft.org\/wp-content\/uploads\/2020\/05\/beat_20200408.jpeg","contentUrl":"https:\/\/permakultur-landwirtschaft.org\/wp-content\/uploads\/2020\/05\/beat_20200408.jpeg","width":408,"height":272,"caption":"Bild: permakultur-beratung.ch"},{"@type":"BreadcrumbList","@id":"https:\/\/permakultur-landwirtschaft.org\/potential-der-permakultur-fuer-die-schweizer-landwirtschaft-online-vortraege-vom-12-26-januar-2023\/#breadcrumb","itemListElement":[{"@type":"ListItem","position":1,"name":"Startseite","item":"https:\/\/permakultur-landwirtschaft.org\/"},{"@type":"ListItem","position":2,"name":"Potential der Permakultur f\u00fcr die Schweizer Landwirtschaft &#8211; Online Vortr\u00e4ge vom 12. &#8211; 26. Januar 2023"}]},{"@type":"WebSite","@id":"https:\/\/permakultur-landwirtschaft.org\/#website","url":"https:\/\/permakultur-landwirtschaft.org\/","name":"Permakultur-Landwirtschaft","description":"F\u00f6rderung der Permakultur in der Landwirtschaft","publisher":{"@id":"https:\/\/permakultur-landwirtschaft.org\/#organization"},"potentialAction":[{"@type":"SearchAction","target":{"@type":"EntryPoint","urlTemplate":"https:\/\/permakultur-landwirtschaft.org\/?s={search_term_string}"},"query-input":{"@type":"PropertyValueSpecification","valueRequired":true,"valueName":"search_term_string"}}],"inLanguage":"fr-FR"},{"@type":"Organization","@id":"https:\/\/permakultur-landwirtschaft.org\/#organization","name":"Permakultur-Landwirtschaft","alternateName":"Verein Permakultur-Landwirtschaft","url":"https:\/\/permakultur-landwirtschaft.org\/","logo":{"@type":"ImageObject","inLanguage":"fr-FR","@id":"https:\/\/permakultur-landwirtschaft.org\/#\/schema\/logo\/image\/","url":"https:\/\/permakultur-landwirtschaft.org\/wp-content\/uploads\/2021\/11\/pela_1268x1269.png","contentUrl":"https:\/\/permakultur-landwirtschaft.org\/wp-content\/uploads\/2021\/11\/pela_1268x1269.png","width":1298,"height":1269,"caption":"Permakultur-Landwirtschaft"},"image":{"@id":"https:\/\/permakultur-landwirtschaft.org\/#\/schema\/logo\/image\/"},"sameAs":["https:\/\/www.facebook.com\/PermakulturLandwirtschaft","https:\/\/www.instagram.com\/permakultur_landwirtschaft\/","https:\/\/www.flickr.com\/photos\/permakultur-landwirtschaft","https:\/\/www.youtube.com\/@PermakulturLandwirtschaft"]},{"@type":"Person","@id":"https:\/\/permakultur-landwirtschaft.org\/#\/schema\/person\/6b0467872f75aed3e144093f9bf4f0b0","name":"adrian reutimann","url":"https:\/\/permakultur-landwirtschaft.org\/fr\/author\/reutiadr\/"}]}},"_links":{"self":[{"href":"https:\/\/permakultur-landwirtschaft.org\/fr\/wp-json\/wp\/v2\/posts\/27654","targetHints":{"allow":["GET"]}}],"collection":[{"href":"https:\/\/permakultur-landwirtschaft.org\/fr\/wp-json\/wp\/v2\/posts"}],"about":[{"href":"https:\/\/permakultur-landwirtschaft.org\/fr\/wp-json\/wp\/v2\/types\/post"}],"author":[{"embeddable":true,"href":"https:\/\/permakultur-landwirtschaft.org\/fr\/wp-json\/wp\/v2\/users\/2"}],"replies":[{"embeddable":true,"href":"https:\/\/permakultur-landwirtschaft.org\/fr\/wp-json\/wp\/v2\/comments?post=27654"}],"version-history":[{"count":2,"href":"https:\/\/permakultur-landwirtschaft.org\/fr\/wp-json\/wp\/v2\/posts\/27654\/revisions"}],"predecessor-version":[{"id":28260,"href":"https:\/\/permakultur-landwirtschaft.org\/fr\/wp-json\/wp\/v2\/posts\/27654\/revisions\/28260"}],"wp:featuredmedia":[{"embeddable":true,"href":"https:\/\/permakultur-landwirtschaft.org\/fr\/wp-json\/wp\/v2\/media\/1972"}],"wp:attachment":[{"href":"https:\/\/permakultur-landwirtschaft.org\/fr\/wp-json\/wp\/v2\/media?parent=27654"}],"wp:term":[{"taxonomy":"category","embeddable":true,"href":"https:\/\/permakultur-landwirtschaft.org\/fr\/wp-json\/wp\/v2\/categories?post=27654"},{"taxonomy":"post_tag","embeddable":true,"href":"https:\/\/permakultur-landwirtschaft.org\/fr\/wp-json\/wp\/v2\/tags?post=27654"}],"curies":[{"name":"wp","href":"https:\/\/api.w.org\/{rel}","templated":true}]}}