{"id":27629,"date":"2022-12-15T12:38:00","date_gmt":"2022-12-15T11:38:00","guid":{"rendered":"https:\/\/permakultur-landwirtschaft.org\/?p=27629"},"modified":"2023-01-11T12:46:03","modified_gmt":"2023-01-11T11:46:03","slug":"agraroekologie-viel-mehr-als-bio-artikel-der-woz-vom-15-dezember-2022","status":"publish","type":"post","link":"https:\/\/permakultur-landwirtschaft.org\/fr\/agraroekologie-viel-mehr-als-bio-artikel-der-woz-vom-15-dezember-2022\/","title":{"rendered":"Agrar\u00f6kologie: Viel mehr als Bio &#8211; Artikel der WOZ vom 15. Dezember 2022"},"content":{"rendered":"<p>Text von woz.ch:<\/p>\n\n\n\n<p>Agrar\u00f6kologie kann vieles bedeuten: im Kollektiv selbstgebaute Maschinen und revolution\u00e4re Ideen verbinden, die Ausbildung zur Gem\u00fcseg\u00e4rtnerin selbst organisieren oder neue Kooperationen zwischen Stadt und Land entwickeln. Besuche bei einer Bewegung, die viel vorhat.<\/p>\n\n\n\n<blockquote class=\"wp-block-quote is-layout-flow wp-block-quote-is-layout-flow\">\n<p>Es geht um das grosse Bild, nicht um den eigenen, ideologisch perfekten Garten.<\/p>\n<\/blockquote>\n\n\n\n<hr class=\"wp-block-separator has-alpha-channel-opacity\"\/>\n\n\n\n<p>Link zum Beitrag in der WOZ: <a rel=\"noreferrer noopener\" href=\"https:\/\/www.woz.ch\/2250\/agraroekologie\/agraroekologie-viel-mehr-als-bio\/%2121ZEE8H86XVZ\" target=\"_blank\">www.woz.ch\/2250\/agraroekologie\/agraroekologie-viel-mehr-als-bio\/%2121ZEE8H86XVZ<\/a><\/p>\n\n\n\n<figure class=\"wp-block-gallery has-nested-images columns-default is-cropped wp-block-gallery-1 is-layout-flex wp-block-gallery-is-layout-flex\">\n<figure class=\"wp-block-image size-full\"><a href=\"https:\/\/www.woz.ch\/2250\/agraroekologie\/agraroekologie-viel-mehr-als-bio\/%2121ZEE8H86XVZ\" target=\"_blank\" rel=\"noreferrer noopener\"><img fetchpriority=\"high\" decoding=\"async\" width=\"700\" height=\"466\" data-id=\"27630\" src=\"https:\/\/permakultur-landwirtschaft.org\/wp-content\/uploads\/2023\/01\/woz-agraroekologie_2250_15_agrar_tb_gross.jpg\" alt=\"\" class=\"wp-image-27630\" srcset=\"https:\/\/permakultur-landwirtschaft.org\/wp-content\/uploads\/2023\/01\/woz-agraroekologie_2250_15_agrar_tb_gross.jpg 700w, https:\/\/permakultur-landwirtschaft.org\/wp-content\/uploads\/2023\/01\/woz-agraroekologie_2250_15_agrar_tb_gross-300x200.jpg 300w, https:\/\/permakultur-landwirtschaft.org\/wp-content\/uploads\/2023\/01\/woz-agraroekologie_2250_15_agrar_tb_gross-272x182.jpg 272w\" sizes=\"(max-width: 700px) 100vw, 700px\" \/><\/a><figcaption class=\"wp-element-caption\">Bild: Nora Rupp, woz.ch<\/figcaption><\/figure>\n\n\n\n<figure class=\"wp-block-image size-full\"><a href=\"https:\/\/www.woz.ch\/2250\/agraroekologie\/agraroekologie-viel-mehr-als-bio\/%2121ZEE8H86XVZ\" target=\"_blank\" rel=\"noopener\"><img decoding=\"async\" width=\"700\" height=\"467\" data-id=\"27631\" src=\"https:\/\/permakultur-landwirtschaft.org\/wp-content\/uploads\/2023\/01\/woz_paysan_2250_15_agrar_tb3.jpg\" alt=\"\" class=\"wp-image-27631\" srcset=\"https:\/\/permakultur-landwirtschaft.org\/wp-content\/uploads\/2023\/01\/woz_paysan_2250_15_agrar_tb3.jpg 700w, https:\/\/permakultur-landwirtschaft.org\/wp-content\/uploads\/2023\/01\/woz_paysan_2250_15_agrar_tb3-300x200.jpg 300w, https:\/\/permakultur-landwirtschaft.org\/wp-content\/uploads\/2023\/01\/woz_paysan_2250_15_agrar_tb3-272x182.jpg 272w\" sizes=\"(max-width: 700px) 100vw, 700px\" \/><\/a><figcaption class=\"wp-element-caption\">Bild: Nora Rupp, woz.ch<\/figcaption><\/figure>\n<\/figure>\n\n\n\n<hr class=\"wp-block-separator has-css-opacity\"\/>\n\n\n\n<h3 class=\"wp-block-heading\"><a href=\"https:\/\/permakultur-landwirtschaft.org\/fr\/medien\/\">Hier geht&#8217;s zur \u00dcbersicht aller Neuigkeiten<\/a><\/h3>","protected":false},"excerpt":{"rendered":"<p>Text von woz.ch: Agrar\u00f6kologie kann vieles bedeuten: im Kollektiv selbstgebaute Maschinen und revolution\u00e4re Ideen verbinden, die Ausbildung zur Gem\u00fcseg\u00e4rtnerin selbst organisieren oder neue Kooperationen zwischen Stadt und Land entwickeln. Besuche bei einer Bewegung, die viel vorhat. Es geht um das grosse Bild, nicht um den eigenen, ideologisch perfekten Garten. Link zum Beitrag in der WOZ: [&hellip;]<\/p>\n","protected":false},"author":2,"featured_media":27630,"comment_status":"closed","ping_status":"closed","sticky":false,"template":"","format":"standard","meta":{"_acf_changed":false,"site-sidebar-layout":"default","site-content-layout":"","ast-site-content-layout":"default","site-content-style":"default","site-sidebar-style":"default","ast-global-header-display":"","ast-banner-title-visibility":"","ast-main-header-display":"","ast-hfb-above-header-display":"","ast-hfb-below-header-display":"","ast-hfb-mobile-header-display":"","site-post-title":"","ast-breadcrumbs-content":"","ast-featured-img":"","footer-sml-layout":"","ast-disable-related-posts":"","theme-transparent-header-meta":"","adv-header-id-meta":"","stick-header-meta":"","header-above-stick-meta":"","header-main-stick-meta":"","header-below-stick-meta":"","astra-migrate-meta-layouts":"default","ast-page-background-enabled":"default","ast-page-background-meta":{"desktop":{"background-color":"var(--ast-global-color-4)","background-image":"","background-repeat":"repeat","background-position":"center center","background-size":"auto","background-attachment":"scroll","background-type":"","background-media":"","overlay-type":"","overlay-color":"","overlay-opacity":"","overlay-gradient":""},"tablet":{"background-color":"","background-image":"","background-repeat":"repeat","background-position":"center center","background-size":"auto","background-attachment":"scroll","background-type":"","background-media":"","overlay-type":"","overlay-color":"","overlay-opacity":"","overlay-gradient":""},"mobile":{"background-color":"","background-image":"","background-repeat":"repeat","background-position":"center center","background-size":"auto","background-attachment":"scroll","background-type":"","background-media":"","overlay-type":"","overlay-color":"","overlay-opacity":"","overlay-gradient":""}},"ast-content-background-meta":{"desktop":{"background-color":"var(--ast-global-color-5)","background-image":"","background-repeat":"repeat","background-position":"center center","background-size":"auto","background-attachment":"scroll","background-type":"","background-media":"","overlay-type":"","overlay-color":"","overlay-opacity":"","overlay-gradient":""},"tablet":{"background-color":"var(--ast-global-color-5)","background-image":"","background-repeat":"repeat","background-position":"center center","background-size":"auto","background-attachment":"scroll","background-type":"","background-media":"","overlay-type":"","overlay-color":"","overlay-opacity":"","overlay-gradient":""},"mobile":{"background-color":"var(--ast-global-color-5)","background-image":"","background-repeat":"repeat","background-position":"center center","background-size":"auto","background-attachment":"scroll","background-type":"","background-media":"","overlay-type":"","overlay-color":"","overlay-opacity":"","overlay-gradient":""}},"footnotes":""},"categories":[22],"tags":[],"class_list":["post-27629","post","type-post","status-publish","format-standard","has-post-thumbnail","hentry","category-neuigkeit"],"acf":[],"yoast_head":"<!-- This site is optimized with the Yoast SEO plugin v27.5 - https:\/\/yoast.com\/product\/yoast-seo-wordpress\/ -->\n<title>Agrar\u00f6kologie: Viel mehr als Bio - Artikel der WOZ vom 15. Dezember 2022 - Permakultur-Landwirtschaft<\/title>\n<meta name=\"robots\" content=\"index, follow, max-snippet:-1, max-image-preview:large, max-video-preview:-1\" \/>\n<link rel=\"canonical\" href=\"https:\/\/permakultur-landwirtschaft.org\/fr\/agraroekologie-viel-mehr-als-bio-artikel-der-woz-vom-15-dezember-2022\/\" \/>\n<meta property=\"og:locale\" content=\"fr_FR\" \/>\n<meta property=\"og:type\" content=\"article\" \/>\n<meta property=\"og:title\" content=\"Agrar\u00f6kologie: Viel mehr als Bio - Artikel der WOZ vom 15. Dezember 2022 - Permakultur-Landwirtschaft\" \/>\n<meta property=\"og:description\" content=\"Text von woz.ch: Agrar\u00f6kologie kann vieles bedeuten: im Kollektiv selbstgebaute Maschinen und revolution\u00e4re Ideen verbinden, die Ausbildung zur Gem\u00fcseg\u00e4rtnerin selbst organisieren oder neue Kooperationen zwischen Stadt und Land entwickeln. Besuche bei einer Bewegung, die viel vorhat. Es geht um das grosse Bild, nicht um den eigenen, ideologisch perfekten Garten. Link zum Beitrag in der WOZ: [&hellip;]\" \/>\n<meta property=\"og:url\" content=\"https:\/\/permakultur-landwirtschaft.org\/fr\/agraroekologie-viel-mehr-als-bio-artikel-der-woz-vom-15-dezember-2022\/\" \/>\n<meta property=\"og:site_name\" content=\"Permakultur-Landwirtschaft\" \/>\n<meta property=\"article:publisher\" content=\"https:\/\/www.facebook.com\/PermakulturLandwirtschaft\" \/>\n<meta property=\"article:published_time\" content=\"2022-12-15T11:38:00+00:00\" \/>\n<meta property=\"article:modified_time\" content=\"2023-01-11T11:46:03+00:00\" \/>\n<meta property=\"og:image\" content=\"https:\/\/permakultur-landwirtschaft.org\/wp-content\/uploads\/2023\/01\/woz-agraroekologie_2250_15_agrar_tb_gross.jpg\" \/>\n\t<meta property=\"og:image:width\" content=\"700\" \/>\n\t<meta property=\"og:image:height\" content=\"466\" \/>\n\t<meta property=\"og:image:type\" content=\"image\/jpeg\" \/>\n<meta name=\"author\" content=\"adrian reutimann\" \/>\n<meta name=\"twitter:card\" content=\"summary_large_image\" \/>\n<meta name=\"twitter:label1\" content=\"\u00c9crit par\" \/>\n\t<meta name=\"twitter:data1\" content=\"adrian reutimann\" \/>\n<script type=\"application\/ld+json\" class=\"yoast-schema-graph\">{\"@context\":\"https:\\\/\\\/schema.org\",\"@graph\":[{\"@type\":\"Article\",\"@id\":\"https:\\\/\\\/permakultur-landwirtschaft.org\\\/agraroekologie-viel-mehr-als-bio-artikel-der-woz-vom-15-dezember-2022\\\/#article\",\"isPartOf\":{\"@id\":\"https:\\\/\\\/permakultur-landwirtschaft.org\\\/agraroekologie-viel-mehr-als-bio-artikel-der-woz-vom-15-dezember-2022\\\/\"},\"author\":{\"name\":\"adrian reutimann\",\"@id\":\"https:\\\/\\\/permakultur-landwirtschaft.org\\\/#\\\/schema\\\/person\\\/6b0467872f75aed3e144093f9bf4f0b0\"},\"headline\":\"Agrar\u00f6kologie: Viel mehr als Bio &#8211; Artikel der WOZ vom 15. Dezember 2022\",\"datePublished\":\"2022-12-15T11:38:00+00:00\",\"dateModified\":\"2023-01-11T11:46:03+00:00\",\"mainEntityOfPage\":{\"@id\":\"https:\\\/\\\/permakultur-landwirtschaft.org\\\/agraroekologie-viel-mehr-als-bio-artikel-der-woz-vom-15-dezember-2022\\\/\"},\"wordCount\":97,\"publisher\":{\"@id\":\"https:\\\/\\\/permakultur-landwirtschaft.org\\\/#organization\"},\"image\":{\"@id\":\"https:\\\/\\\/permakultur-landwirtschaft.org\\\/agraroekologie-viel-mehr-als-bio-artikel-der-woz-vom-15-dezember-2022\\\/#primaryimage\"},\"thumbnailUrl\":\"https:\\\/\\\/permakultur-landwirtschaft.org\\\/wp-content\\\/uploads\\\/2023\\\/01\\\/woz-agraroekologie_2250_15_agrar_tb_gross.jpg\",\"articleSection\":[\"Neuigkeit\"],\"inLanguage\":\"fr-FR\"},{\"@type\":\"WebPage\",\"@id\":\"https:\\\/\\\/permakultur-landwirtschaft.org\\\/agraroekologie-viel-mehr-als-bio-artikel-der-woz-vom-15-dezember-2022\\\/\",\"url\":\"https:\\\/\\\/permakultur-landwirtschaft.org\\\/agraroekologie-viel-mehr-als-bio-artikel-der-woz-vom-15-dezember-2022\\\/\",\"name\":\"Agrar\u00f6kologie: Viel mehr als Bio - Artikel der WOZ vom 15. Dezember 2022 - Permakultur-Landwirtschaft\",\"isPartOf\":{\"@id\":\"https:\\\/\\\/permakultur-landwirtschaft.org\\\/#website\"},\"primaryImageOfPage\":{\"@id\":\"https:\\\/\\\/permakultur-landwirtschaft.org\\\/agraroekologie-viel-mehr-als-bio-artikel-der-woz-vom-15-dezember-2022\\\/#primaryimage\"},\"image\":{\"@id\":\"https:\\\/\\\/permakultur-landwirtschaft.org\\\/agraroekologie-viel-mehr-als-bio-artikel-der-woz-vom-15-dezember-2022\\\/#primaryimage\"},\"thumbnailUrl\":\"https:\\\/\\\/permakultur-landwirtschaft.org\\\/wp-content\\\/uploads\\\/2023\\\/01\\\/woz-agraroekologie_2250_15_agrar_tb_gross.jpg\",\"datePublished\":\"2022-12-15T11:38:00+00:00\",\"dateModified\":\"2023-01-11T11:46:03+00:00\",\"breadcrumb\":{\"@id\":\"https:\\\/\\\/permakultur-landwirtschaft.org\\\/agraroekologie-viel-mehr-als-bio-artikel-der-woz-vom-15-dezember-2022\\\/#breadcrumb\"},\"inLanguage\":\"fr-FR\",\"potentialAction\":[{\"@type\":\"ReadAction\",\"target\":[\"https:\\\/\\\/permakultur-landwirtschaft.org\\\/agraroekologie-viel-mehr-als-bio-artikel-der-woz-vom-15-dezember-2022\\\/\"]}]},{\"@type\":\"ImageObject\",\"inLanguage\":\"fr-FR\",\"@id\":\"https:\\\/\\\/permakultur-landwirtschaft.org\\\/agraroekologie-viel-mehr-als-bio-artikel-der-woz-vom-15-dezember-2022\\\/#primaryimage\",\"url\":\"https:\\\/\\\/permakultur-landwirtschaft.org\\\/wp-content\\\/uploads\\\/2023\\\/01\\\/woz-agraroekologie_2250_15_agrar_tb_gross.jpg\",\"contentUrl\":\"https:\\\/\\\/permakultur-landwirtschaft.org\\\/wp-content\\\/uploads\\\/2023\\\/01\\\/woz-agraroekologie_2250_15_agrar_tb_gross.jpg\",\"width\":700,\"height\":466},{\"@type\":\"BreadcrumbList\",\"@id\":\"https:\\\/\\\/permakultur-landwirtschaft.org\\\/agraroekologie-viel-mehr-als-bio-artikel-der-woz-vom-15-dezember-2022\\\/#breadcrumb\",\"itemListElement\":[{\"@type\":\"ListItem\",\"position\":1,\"name\":\"Startseite\",\"item\":\"https:\\\/\\\/permakultur-landwirtschaft.org\\\/\"},{\"@type\":\"ListItem\",\"position\":2,\"name\":\"Agrar\u00f6kologie: Viel mehr als Bio &#8211; Artikel der WOZ vom 15. Dezember 2022\"}]},{\"@type\":\"WebSite\",\"@id\":\"https:\\\/\\\/permakultur-landwirtschaft.org\\\/#website\",\"url\":\"https:\\\/\\\/permakultur-landwirtschaft.org\\\/\",\"name\":\"Permakultur-Landwirtschaft\",\"description\":\"F\u00f6rderung der Permakultur in der Landwirtschaft\",\"publisher\":{\"@id\":\"https:\\\/\\\/permakultur-landwirtschaft.org\\\/#organization\"},\"potentialAction\":[{\"@type\":\"SearchAction\",\"target\":{\"@type\":\"EntryPoint\",\"urlTemplate\":\"https:\\\/\\\/permakultur-landwirtschaft.org\\\/?s={search_term_string}\"},\"query-input\":{\"@type\":\"PropertyValueSpecification\",\"valueRequired\":true,\"valueName\":\"search_term_string\"}}],\"inLanguage\":\"fr-FR\"},{\"@type\":\"Organization\",\"@id\":\"https:\\\/\\\/permakultur-landwirtschaft.org\\\/#organization\",\"name\":\"Permakultur-Landwirtschaft\",\"alternateName\":\"Verein Permakultur-Landwirtschaft\",\"url\":\"https:\\\/\\\/permakultur-landwirtschaft.org\\\/\",\"logo\":{\"@type\":\"ImageObject\",\"inLanguage\":\"fr-FR\",\"@id\":\"https:\\\/\\\/permakultur-landwirtschaft.org\\\/#\\\/schema\\\/logo\\\/image\\\/\",\"url\":\"https:\\\/\\\/permakultur-landwirtschaft.org\\\/wp-content\\\/uploads\\\/2021\\\/11\\\/pela_1268x1269.png\",\"contentUrl\":\"https:\\\/\\\/permakultur-landwirtschaft.org\\\/wp-content\\\/uploads\\\/2021\\\/11\\\/pela_1268x1269.png\",\"width\":1298,\"height\":1269,\"caption\":\"Permakultur-Landwirtschaft\"},\"image\":{\"@id\":\"https:\\\/\\\/permakultur-landwirtschaft.org\\\/#\\\/schema\\\/logo\\\/image\\\/\"},\"sameAs\":[\"https:\\\/\\\/www.facebook.com\\\/PermakulturLandwirtschaft\",\"https:\\\/\\\/www.instagram.com\\\/permakultur_landwirtschaft\\\/\",\"https:\\\/\\\/www.flickr.com\\\/photos\\\/permakultur-landwirtschaft\",\"https:\\\/\\\/www.youtube.com\\\/@PermakulturLandwirtschaft\"]},{\"@type\":\"Person\",\"@id\":\"https:\\\/\\\/permakultur-landwirtschaft.org\\\/#\\\/schema\\\/person\\\/6b0467872f75aed3e144093f9bf4f0b0\",\"name\":\"adrian reutimann\",\"url\":\"https:\\\/\\\/permakultur-landwirtschaft.org\\\/fr\\\/author\\\/reutiadr\\\/\"}]}<\/script>\n<!-- \/ Yoast SEO plugin. -->","yoast_head_json":{"title":"Agrar\u00f6kologie: Viel mehr als Bio - Artikel der WOZ vom 15. Dezember 2022 - Permakultur-Landwirtschaft","robots":{"index":"index","follow":"follow","max-snippet":"max-snippet:-1","max-image-preview":"max-image-preview:large","max-video-preview":"max-video-preview:-1"},"canonical":"https:\/\/permakultur-landwirtschaft.org\/fr\/agraroekologie-viel-mehr-als-bio-artikel-der-woz-vom-15-dezember-2022\/","og_locale":"fr_FR","og_type":"article","og_title":"Agrar\u00f6kologie: Viel mehr als Bio - Artikel der WOZ vom 15. Dezember 2022 - Permakultur-Landwirtschaft","og_description":"Text von woz.ch: Agrar\u00f6kologie kann vieles bedeuten: im Kollektiv selbstgebaute Maschinen und revolution\u00e4re Ideen verbinden, die Ausbildung zur Gem\u00fcseg\u00e4rtnerin selbst organisieren oder neue Kooperationen zwischen Stadt und Land entwickeln. Besuche bei einer Bewegung, die viel vorhat. Es geht um das grosse Bild, nicht um den eigenen, ideologisch perfekten Garten. Link zum Beitrag in der WOZ: [&hellip;]","og_url":"https:\/\/permakultur-landwirtschaft.org\/fr\/agraroekologie-viel-mehr-als-bio-artikel-der-woz-vom-15-dezember-2022\/","og_site_name":"Permakultur-Landwirtschaft","article_publisher":"https:\/\/www.facebook.com\/PermakulturLandwirtschaft","article_published_time":"2022-12-15T11:38:00+00:00","article_modified_time":"2023-01-11T11:46:03+00:00","og_image":[{"width":700,"height":466,"url":"https:\/\/permakultur-landwirtschaft.org\/wp-content\/uploads\/2023\/01\/woz-agraroekologie_2250_15_agrar_tb_gross.jpg","type":"image\/jpeg"}],"author":"adrian reutimann","twitter_card":"summary_large_image","twitter_misc":{"\u00c9crit par":"adrian reutimann"},"schema":{"@context":"https:\/\/schema.org","@graph":[{"@type":"Article","@id":"https:\/\/permakultur-landwirtschaft.org\/agraroekologie-viel-mehr-als-bio-artikel-der-woz-vom-15-dezember-2022\/#article","isPartOf":{"@id":"https:\/\/permakultur-landwirtschaft.org\/agraroekologie-viel-mehr-als-bio-artikel-der-woz-vom-15-dezember-2022\/"},"author":{"name":"adrian reutimann","@id":"https:\/\/permakultur-landwirtschaft.org\/#\/schema\/person\/6b0467872f75aed3e144093f9bf4f0b0"},"headline":"Agrar\u00f6kologie: Viel mehr als Bio &#8211; Artikel der WOZ vom 15. Dezember 2022","datePublished":"2022-12-15T11:38:00+00:00","dateModified":"2023-01-11T11:46:03+00:00","mainEntityOfPage":{"@id":"https:\/\/permakultur-landwirtschaft.org\/agraroekologie-viel-mehr-als-bio-artikel-der-woz-vom-15-dezember-2022\/"},"wordCount":97,"publisher":{"@id":"https:\/\/permakultur-landwirtschaft.org\/#organization"},"image":{"@id":"https:\/\/permakultur-landwirtschaft.org\/agraroekologie-viel-mehr-als-bio-artikel-der-woz-vom-15-dezember-2022\/#primaryimage"},"thumbnailUrl":"https:\/\/permakultur-landwirtschaft.org\/wp-content\/uploads\/2023\/01\/woz-agraroekologie_2250_15_agrar_tb_gross.jpg","articleSection":["Neuigkeit"],"inLanguage":"fr-FR"},{"@type":"WebPage","@id":"https:\/\/permakultur-landwirtschaft.org\/agraroekologie-viel-mehr-als-bio-artikel-der-woz-vom-15-dezember-2022\/","url":"https:\/\/permakultur-landwirtschaft.org\/agraroekologie-viel-mehr-als-bio-artikel-der-woz-vom-15-dezember-2022\/","name":"Agrar\u00f6kologie: Viel mehr als Bio - Artikel der WOZ vom 15. Dezember 2022 - Permakultur-Landwirtschaft","isPartOf":{"@id":"https:\/\/permakultur-landwirtschaft.org\/#website"},"primaryImageOfPage":{"@id":"https:\/\/permakultur-landwirtschaft.org\/agraroekologie-viel-mehr-als-bio-artikel-der-woz-vom-15-dezember-2022\/#primaryimage"},"image":{"@id":"https:\/\/permakultur-landwirtschaft.org\/agraroekologie-viel-mehr-als-bio-artikel-der-woz-vom-15-dezember-2022\/#primaryimage"},"thumbnailUrl":"https:\/\/permakultur-landwirtschaft.org\/wp-content\/uploads\/2023\/01\/woz-agraroekologie_2250_15_agrar_tb_gross.jpg","datePublished":"2022-12-15T11:38:00+00:00","dateModified":"2023-01-11T11:46:03+00:00","breadcrumb":{"@id":"https:\/\/permakultur-landwirtschaft.org\/agraroekologie-viel-mehr-als-bio-artikel-der-woz-vom-15-dezember-2022\/#breadcrumb"},"inLanguage":"fr-FR","potentialAction":[{"@type":"ReadAction","target":["https:\/\/permakultur-landwirtschaft.org\/agraroekologie-viel-mehr-als-bio-artikel-der-woz-vom-15-dezember-2022\/"]}]},{"@type":"ImageObject","inLanguage":"fr-FR","@id":"https:\/\/permakultur-landwirtschaft.org\/agraroekologie-viel-mehr-als-bio-artikel-der-woz-vom-15-dezember-2022\/#primaryimage","url":"https:\/\/permakultur-landwirtschaft.org\/wp-content\/uploads\/2023\/01\/woz-agraroekologie_2250_15_agrar_tb_gross.jpg","contentUrl":"https:\/\/permakultur-landwirtschaft.org\/wp-content\/uploads\/2023\/01\/woz-agraroekologie_2250_15_agrar_tb_gross.jpg","width":700,"height":466},{"@type":"BreadcrumbList","@id":"https:\/\/permakultur-landwirtschaft.org\/agraroekologie-viel-mehr-als-bio-artikel-der-woz-vom-15-dezember-2022\/#breadcrumb","itemListElement":[{"@type":"ListItem","position":1,"name":"Startseite","item":"https:\/\/permakultur-landwirtschaft.org\/"},{"@type":"ListItem","position":2,"name":"Agrar\u00f6kologie: Viel mehr als Bio &#8211; Artikel der WOZ vom 15. Dezember 2022"}]},{"@type":"WebSite","@id":"https:\/\/permakultur-landwirtschaft.org\/#website","url":"https:\/\/permakultur-landwirtschaft.org\/","name":"Permakultur-Landwirtschaft","description":"F\u00f6rderung der Permakultur in der Landwirtschaft","publisher":{"@id":"https:\/\/permakultur-landwirtschaft.org\/#organization"},"potentialAction":[{"@type":"SearchAction","target":{"@type":"EntryPoint","urlTemplate":"https:\/\/permakultur-landwirtschaft.org\/?s={search_term_string}"},"query-input":{"@type":"PropertyValueSpecification","valueRequired":true,"valueName":"search_term_string"}}],"inLanguage":"fr-FR"},{"@type":"Organization","@id":"https:\/\/permakultur-landwirtschaft.org\/#organization","name":"Permakultur-Landwirtschaft","alternateName":"Verein Permakultur-Landwirtschaft","url":"https:\/\/permakultur-landwirtschaft.org\/","logo":{"@type":"ImageObject","inLanguage":"fr-FR","@id":"https:\/\/permakultur-landwirtschaft.org\/#\/schema\/logo\/image\/","url":"https:\/\/permakultur-landwirtschaft.org\/wp-content\/uploads\/2021\/11\/pela_1268x1269.png","contentUrl":"https:\/\/permakultur-landwirtschaft.org\/wp-content\/uploads\/2021\/11\/pela_1268x1269.png","width":1298,"height":1269,"caption":"Permakultur-Landwirtschaft"},"image":{"@id":"https:\/\/permakultur-landwirtschaft.org\/#\/schema\/logo\/image\/"},"sameAs":["https:\/\/www.facebook.com\/PermakulturLandwirtschaft","https:\/\/www.instagram.com\/permakultur_landwirtschaft\/","https:\/\/www.flickr.com\/photos\/permakultur-landwirtschaft","https:\/\/www.youtube.com\/@PermakulturLandwirtschaft"]},{"@type":"Person","@id":"https:\/\/permakultur-landwirtschaft.org\/#\/schema\/person\/6b0467872f75aed3e144093f9bf4f0b0","name":"adrian reutimann","url":"https:\/\/permakultur-landwirtschaft.org\/fr\/author\/reutiadr\/"}]}},"_links":{"self":[{"href":"https:\/\/permakultur-landwirtschaft.org\/fr\/wp-json\/wp\/v2\/posts\/27629","targetHints":{"allow":["GET"]}}],"collection":[{"href":"https:\/\/permakultur-landwirtschaft.org\/fr\/wp-json\/wp\/v2\/posts"}],"about":[{"href":"https:\/\/permakultur-landwirtschaft.org\/fr\/wp-json\/wp\/v2\/types\/post"}],"author":[{"embeddable":true,"href":"https:\/\/permakultur-landwirtschaft.org\/fr\/wp-json\/wp\/v2\/users\/2"}],"replies":[{"embeddable":true,"href":"https:\/\/permakultur-landwirtschaft.org\/fr\/wp-json\/wp\/v2\/comments?post=27629"}],"version-history":[{"count":2,"href":"https:\/\/permakultur-landwirtschaft.org\/fr\/wp-json\/wp\/v2\/posts\/27629\/revisions"}],"predecessor-version":[{"id":27633,"href":"https:\/\/permakultur-landwirtschaft.org\/fr\/wp-json\/wp\/v2\/posts\/27629\/revisions\/27633"}],"wp:featuredmedia":[{"embeddable":true,"href":"https:\/\/permakultur-landwirtschaft.org\/fr\/wp-json\/wp\/v2\/media\/27630"}],"wp:attachment":[{"href":"https:\/\/permakultur-landwirtschaft.org\/fr\/wp-json\/wp\/v2\/media?parent=27629"}],"wp:term":[{"taxonomy":"category","embeddable":true,"href":"https:\/\/permakultur-landwirtschaft.org\/fr\/wp-json\/wp\/v2\/categories?post=27629"},{"taxonomy":"post_tag","embeddable":true,"href":"https:\/\/permakultur-landwirtschaft.org\/fr\/wp-json\/wp\/v2\/tags?post=27629"}],"curies":[{"name":"wp","href":"https:\/\/api.w.org\/{rel}","templated":true}]}}