{"id":27614,"date":"2023-02-20T08:25:00","date_gmt":"2023-02-20T07:25:00","guid":{"rendered":"https:\/\/permakultur-landwirtschaft.org\/?p=27614"},"modified":"2023-03-01T14:29:02","modified_gmt":"2023-03-01T13:29:02","slug":"2nd-international-forest-garden-food-forest-symposium-vom-20-bis-24-februar-2023","status":"publish","type":"post","link":"https:\/\/permakultur-landwirtschaft.org\/fr\/2nd-international-forest-garden-food-forest-symposium-vom-20-bis-24-februar-2023\/","title":{"rendered":"2nd International Forest Garden \/ Food Forest Symposium vom 20. bis 24. Februar 2023"},"content":{"rendered":"<p>Text von www.agroforestry.co.uk:<\/p>\n\n\n\n<p>Following the great success of the first International Symposium in 2021, we are excited to announce that the Second Symposium will take place online from 20-24 February 2023!<\/p>\n\n\n\n<p>The aim is to cover all aspects of food forestry, so there will be presentations on projects from around the world (both urban and rural, from the far north to the tropics), current research, perennial foods and cooking, education, health, design, carbon storage and climate change. Geographically there will be material from five continents (North America eg. USA; South America eg. Ecuador and Uruguay; Europe from Finland to Spain and Portugal via the UK and Netherlands; Asia eg. Japan; Australasia \u2013 Australia and New Zealand.) <\/p>\n\n\n\n<p>Speakers: <a href=\"https:\/\/www.agroforestry.co.uk\/speakers2023\/\" target=\"_blank\" rel=\"noreferrer noopener\">www.agroforestry.co.uk\/speakers2023<\/a><\/p>\n\n\n\n<h3 class=\"wp-block-heading\">Date \/ Datum<\/h3>\n\n\n\n<p>20. &#8211; 24. Februar 2023<\/p>\n\n\n\n<h3 class=\"wp-block-heading\">Adresse<\/h3>\n\n\n\n<p>online<\/p>\n\n\n\n<h3 class=\"wp-block-heading\">Infos <\/h3>\n\n\n\n<p>Infos zu dem Anlass: <a href=\"https:\/\/www.agroforestry.co.uk\/symposium2023\/\" target=\"_blank\" rel=\"noreferrer noopener\">www.agroforestry.co.uk\/symposium2023<\/a><\/p>\n\n\n\n<figure class=\"wp-block-image size-full\"><a href=\"https:\/\/www.agroforestry.co.uk\/symposium2023\/\" target=\"_blank\" rel=\"noopener\"><img fetchpriority=\"high\" decoding=\"async\" width=\"532\" height=\"401\" src=\"https:\/\/permakultur-landwirtschaft.org\/wp-content\/uploads\/2023\/01\/forest-garden-symposium-spring-photo.png\" alt=\"\" class=\"wp-image-27615\" srcset=\"https:\/\/permakultur-landwirtschaft.org\/wp-content\/uploads\/2023\/01\/forest-garden-symposium-spring-photo.png 532w, https:\/\/permakultur-landwirtschaft.org\/wp-content\/uploads\/2023\/01\/forest-garden-symposium-spring-photo-300x226.png 300w\" sizes=\"(max-width: 532px) 100vw, 532px\" \/><\/a><figcaption class=\"wp-element-caption\">Bild: www.agroforestry.co.uk<\/figcaption><\/figure>\n\n\n\n<hr class=\"wp-block-separator has-css-opacity\"\/>\n\n\n\n<h3 class=\"wp-block-heading\"><a href=\"https:\/\/permakultur-landwirtschaft.org\/fr\/veranstaltungen\/\" data-type=\"page\" data-id=\"476\">Cliquez ici pour voir les \u00e9v\u00e9nements actuels \/ <\/a><br><a href=\"https:\/\/permakultur-landwirtschaft.org\/fr\/veranstaltungen\/\">Hier geht&#8217;s zur \u00dcbersicht aktuelle Veranstaltungen<\/a><\/h3>","protected":false},"excerpt":{"rendered":"<p>Text von www.agroforestry.co.uk: Following the great success of the first International Symposium in 2021, we are excited to announce that the Second Symposium will take place online from 20-24 February 2023! The aim is to cover all aspects of food forestry, so there will be presentations on projects from around the world (both urban and [&hellip;]<\/p>\n","protected":false},"author":2,"featured_media":27615,"comment_status":"closed","ping_status":"closed","sticky":false,"template":"","format":"standard","meta":{"_acf_changed":false,"site-sidebar-layout":"default","site-content-layout":"","ast-site-content-layout":"default","site-content-style":"default","site-sidebar-style":"default","ast-global-header-display":"","ast-banner-title-visibility":"","ast-main-header-display":"","ast-hfb-above-header-display":"","ast-hfb-below-header-display":"","ast-hfb-mobile-header-display":"","site-post-title":"","ast-breadcrumbs-content":"","ast-featured-img":"","footer-sml-layout":"","ast-disable-related-posts":"","theme-transparent-header-meta":"","adv-header-id-meta":"","stick-header-meta":"","header-above-stick-meta":"","header-main-stick-meta":"","header-below-stick-meta":"","astra-migrate-meta-layouts":"default","ast-page-background-enabled":"default","ast-page-background-meta":{"desktop":{"background-color":"var(--ast-global-color-4)","background-image":"","background-repeat":"repeat","background-position":"center center","background-size":"auto","background-attachment":"scroll","background-type":"","background-media":"","overlay-type":"","overlay-color":"","overlay-opacity":"","overlay-gradient":""},"tablet":{"background-color":"","background-image":"","background-repeat":"repeat","background-position":"center center","background-size":"auto","background-attachment":"scroll","background-type":"","background-media":"","overlay-type":"","overlay-color":"","overlay-opacity":"","overlay-gradient":""},"mobile":{"background-color":"","background-image":"","background-repeat":"repeat","background-position":"center center","background-size":"auto","background-attachment":"scroll","background-type":"","background-media":"","overlay-type":"","overlay-color":"","overlay-opacity":"","overlay-gradient":""}},"ast-content-background-meta":{"desktop":{"background-color":"var(--ast-global-color-5)","background-image":"","background-repeat":"repeat","background-position":"center center","background-size":"auto","background-attachment":"scroll","background-type":"","background-media":"","overlay-type":"","overlay-color":"","overlay-opacity":"","overlay-gradient":""},"tablet":{"background-color":"var(--ast-global-color-5)","background-image":"","background-repeat":"repeat","background-position":"center center","background-size":"auto","background-attachment":"scroll","background-type":"","background-media":"","overlay-type":"","overlay-color":"","overlay-opacity":"","overlay-gradient":""},"mobile":{"background-color":"var(--ast-global-color-5)","background-image":"","background-repeat":"repeat","background-position":"center center","background-size":"auto","background-attachment":"scroll","background-type":"","background-media":"","overlay-type":"","overlay-color":"","overlay-opacity":"","overlay-gradient":""}},"footnotes":""},"categories":[21],"tags":[],"class_list":["post-27614","post","type-post","status-publish","format-standard","has-post-thumbnail","hentry","category-veranstaltungen_archiv"],"acf":[],"yoast_head":"<!-- This site is optimized with the Yoast SEO plugin v27.4 - https:\/\/yoast.com\/product\/yoast-seo-wordpress\/ -->\n<title>2nd International Forest Garden \/ Food Forest Symposium vom 20. bis 24. Februar 2023 - Permakultur-Landwirtschaft<\/title>\n<meta name=\"robots\" content=\"index, follow, max-snippet:-1, max-image-preview:large, max-video-preview:-1\" \/>\n<link rel=\"canonical\" href=\"https:\/\/permakultur-landwirtschaft.org\/fr\/2nd-international-forest-garden-food-forest-symposium-vom-20-bis-24-februar-2023\/\" \/>\n<meta property=\"og:locale\" content=\"fr_FR\" \/>\n<meta property=\"og:type\" content=\"article\" \/>\n<meta property=\"og:title\" content=\"2nd International Forest Garden \/ Food Forest Symposium vom 20. bis 24. Februar 2023 - Permakultur-Landwirtschaft\" \/>\n<meta property=\"og:description\" content=\"Text von www.agroforestry.co.uk: Following the great success of the first International Symposium in 2021, we are excited to announce that the Second Symposium will take place online from 20-24 February 2023! The aim is to cover all aspects of food forestry, so there will be presentations on projects from around the world (both urban and [&hellip;]\" \/>\n<meta property=\"og:url\" content=\"https:\/\/permakultur-landwirtschaft.org\/fr\/2nd-international-forest-garden-food-forest-symposium-vom-20-bis-24-februar-2023\/\" \/>\n<meta property=\"og:site_name\" content=\"Permakultur-Landwirtschaft\" \/>\n<meta property=\"article:publisher\" content=\"https:\/\/www.facebook.com\/PermakulturLandwirtschaft\" \/>\n<meta property=\"article:published_time\" content=\"2023-02-20T07:25:00+00:00\" \/>\n<meta property=\"article:modified_time\" content=\"2023-03-01T13:29:02+00:00\" \/>\n<meta property=\"og:image\" content=\"https:\/\/permakultur-landwirtschaft.org\/wp-content\/uploads\/2023\/01\/forest-garden-symposium-spring-photo.png\" \/>\n\t<meta property=\"og:image:width\" content=\"532\" \/>\n\t<meta property=\"og:image:height\" content=\"401\" \/>\n\t<meta property=\"og:image:type\" content=\"image\/png\" \/>\n<meta name=\"author\" content=\"adrian reutimann\" \/>\n<meta name=\"twitter:card\" content=\"summary_large_image\" \/>\n<meta name=\"twitter:label1\" content=\"\u00c9crit par\" \/>\n\t<meta name=\"twitter:data1\" content=\"adrian reutimann\" \/>\n\t<meta name=\"twitter:label2\" content=\"Dur\u00e9e de lecture estim\u00e9e\" \/>\n\t<meta name=\"twitter:data2\" content=\"1 minute\" \/>\n<script type=\"application\/ld+json\" class=\"yoast-schema-graph\">{\"@context\":\"https:\\\/\\\/schema.org\",\"@graph\":[{\"@type\":\"Article\",\"@id\":\"https:\\\/\\\/permakultur-landwirtschaft.org\\\/2nd-international-forest-garden-food-forest-symposium-vom-20-bis-24-februar-2023\\\/#article\",\"isPartOf\":{\"@id\":\"https:\\\/\\\/permakultur-landwirtschaft.org\\\/2nd-international-forest-garden-food-forest-symposium-vom-20-bis-24-februar-2023\\\/\"},\"author\":{\"name\":\"adrian reutimann\",\"@id\":\"https:\\\/\\\/permakultur-landwirtschaft.org\\\/#\\\/schema\\\/person\\\/6b0467872f75aed3e144093f9bf4f0b0\"},\"headline\":\"2nd International Forest Garden \\\/ Food Forest Symposium vom 20. bis 24. Februar 2023\",\"datePublished\":\"2023-02-20T07:25:00+00:00\",\"dateModified\":\"2023-03-01T13:29:02+00:00\",\"mainEntityOfPage\":{\"@id\":\"https:\\\/\\\/permakultur-landwirtschaft.org\\\/2nd-international-forest-garden-food-forest-symposium-vom-20-bis-24-februar-2023\\\/\"},\"wordCount\":168,\"publisher\":{\"@id\":\"https:\\\/\\\/permakultur-landwirtschaft.org\\\/#organization\"},\"image\":{\"@id\":\"https:\\\/\\\/permakultur-landwirtschaft.org\\\/2nd-international-forest-garden-food-forest-symposium-vom-20-bis-24-februar-2023\\\/#primaryimage\"},\"thumbnailUrl\":\"https:\\\/\\\/permakultur-landwirtschaft.org\\\/wp-content\\\/uploads\\\/2023\\\/01\\\/forest-garden-symposium-spring-photo.png\",\"articleSection\":[\"Veranstaltungen_Archiv\"],\"inLanguage\":\"fr-FR\"},{\"@type\":\"WebPage\",\"@id\":\"https:\\\/\\\/permakultur-landwirtschaft.org\\\/2nd-international-forest-garden-food-forest-symposium-vom-20-bis-24-februar-2023\\\/\",\"url\":\"https:\\\/\\\/permakultur-landwirtschaft.org\\\/2nd-international-forest-garden-food-forest-symposium-vom-20-bis-24-februar-2023\\\/\",\"name\":\"2nd International Forest Garden \\\/ Food Forest Symposium vom 20. bis 24. Februar 2023 - Permakultur-Landwirtschaft\",\"isPartOf\":{\"@id\":\"https:\\\/\\\/permakultur-landwirtschaft.org\\\/#website\"},\"primaryImageOfPage\":{\"@id\":\"https:\\\/\\\/permakultur-landwirtschaft.org\\\/2nd-international-forest-garden-food-forest-symposium-vom-20-bis-24-februar-2023\\\/#primaryimage\"},\"image\":{\"@id\":\"https:\\\/\\\/permakultur-landwirtschaft.org\\\/2nd-international-forest-garden-food-forest-symposium-vom-20-bis-24-februar-2023\\\/#primaryimage\"},\"thumbnailUrl\":\"https:\\\/\\\/permakultur-landwirtschaft.org\\\/wp-content\\\/uploads\\\/2023\\\/01\\\/forest-garden-symposium-spring-photo.png\",\"datePublished\":\"2023-02-20T07:25:00+00:00\",\"dateModified\":\"2023-03-01T13:29:02+00:00\",\"breadcrumb\":{\"@id\":\"https:\\\/\\\/permakultur-landwirtschaft.org\\\/2nd-international-forest-garden-food-forest-symposium-vom-20-bis-24-februar-2023\\\/#breadcrumb\"},\"inLanguage\":\"fr-FR\",\"potentialAction\":[{\"@type\":\"ReadAction\",\"target\":[\"https:\\\/\\\/permakultur-landwirtschaft.org\\\/2nd-international-forest-garden-food-forest-symposium-vom-20-bis-24-februar-2023\\\/\"]}]},{\"@type\":\"ImageObject\",\"inLanguage\":\"fr-FR\",\"@id\":\"https:\\\/\\\/permakultur-landwirtschaft.org\\\/2nd-international-forest-garden-food-forest-symposium-vom-20-bis-24-februar-2023\\\/#primaryimage\",\"url\":\"https:\\\/\\\/permakultur-landwirtschaft.org\\\/wp-content\\\/uploads\\\/2023\\\/01\\\/forest-garden-symposium-spring-photo.png\",\"contentUrl\":\"https:\\\/\\\/permakultur-landwirtschaft.org\\\/wp-content\\\/uploads\\\/2023\\\/01\\\/forest-garden-symposium-spring-photo.png\",\"width\":532,\"height\":401},{\"@type\":\"BreadcrumbList\",\"@id\":\"https:\\\/\\\/permakultur-landwirtschaft.org\\\/2nd-international-forest-garden-food-forest-symposium-vom-20-bis-24-februar-2023\\\/#breadcrumb\",\"itemListElement\":[{\"@type\":\"ListItem\",\"position\":1,\"name\":\"Startseite\",\"item\":\"https:\\\/\\\/permakultur-landwirtschaft.org\\\/\"},{\"@type\":\"ListItem\",\"position\":2,\"name\":\"2nd International Forest Garden \\\/ Food Forest Symposium vom 20. bis 24. Februar 2023\"}]},{\"@type\":\"WebSite\",\"@id\":\"https:\\\/\\\/permakultur-landwirtschaft.org\\\/#website\",\"url\":\"https:\\\/\\\/permakultur-landwirtschaft.org\\\/\",\"name\":\"Permakultur-Landwirtschaft\",\"description\":\"F\u00f6rderung der Permakultur in der Landwirtschaft\",\"publisher\":{\"@id\":\"https:\\\/\\\/permakultur-landwirtschaft.org\\\/#organization\"},\"potentialAction\":[{\"@type\":\"SearchAction\",\"target\":{\"@type\":\"EntryPoint\",\"urlTemplate\":\"https:\\\/\\\/permakultur-landwirtschaft.org\\\/?s={search_term_string}\"},\"query-input\":{\"@type\":\"PropertyValueSpecification\",\"valueRequired\":true,\"valueName\":\"search_term_string\"}}],\"inLanguage\":\"fr-FR\"},{\"@type\":\"Organization\",\"@id\":\"https:\\\/\\\/permakultur-landwirtschaft.org\\\/#organization\",\"name\":\"Permakultur-Landwirtschaft\",\"alternateName\":\"Verein Permakultur-Landwirtschaft\",\"url\":\"https:\\\/\\\/permakultur-landwirtschaft.org\\\/\",\"logo\":{\"@type\":\"ImageObject\",\"inLanguage\":\"fr-FR\",\"@id\":\"https:\\\/\\\/permakultur-landwirtschaft.org\\\/#\\\/schema\\\/logo\\\/image\\\/\",\"url\":\"https:\\\/\\\/permakultur-landwirtschaft.org\\\/wp-content\\\/uploads\\\/2021\\\/11\\\/pela_1268x1269.png\",\"contentUrl\":\"https:\\\/\\\/permakultur-landwirtschaft.org\\\/wp-content\\\/uploads\\\/2021\\\/11\\\/pela_1268x1269.png\",\"width\":1298,\"height\":1269,\"caption\":\"Permakultur-Landwirtschaft\"},\"image\":{\"@id\":\"https:\\\/\\\/permakultur-landwirtschaft.org\\\/#\\\/schema\\\/logo\\\/image\\\/\"},\"sameAs\":[\"https:\\\/\\\/www.facebook.com\\\/PermakulturLandwirtschaft\",\"https:\\\/\\\/www.instagram.com\\\/permakultur_landwirtschaft\\\/\",\"https:\\\/\\\/www.flickr.com\\\/photos\\\/permakultur-landwirtschaft\",\"https:\\\/\\\/www.youtube.com\\\/@PermakulturLandwirtschaft\"]},{\"@type\":\"Person\",\"@id\":\"https:\\\/\\\/permakultur-landwirtschaft.org\\\/#\\\/schema\\\/person\\\/6b0467872f75aed3e144093f9bf4f0b0\",\"name\":\"adrian reutimann\",\"url\":\"https:\\\/\\\/permakultur-landwirtschaft.org\\\/fr\\\/author\\\/reutiadr\\\/\"}]}<\/script>\n<!-- \/ Yoast SEO plugin. -->","yoast_head_json":{"title":"2nd International Forest Garden \/ Food Forest Symposium vom 20. bis 24. Februar 2023 - Permakultur-Landwirtschaft","robots":{"index":"index","follow":"follow","max-snippet":"max-snippet:-1","max-image-preview":"max-image-preview:large","max-video-preview":"max-video-preview:-1"},"canonical":"https:\/\/permakultur-landwirtschaft.org\/fr\/2nd-international-forest-garden-food-forest-symposium-vom-20-bis-24-februar-2023\/","og_locale":"fr_FR","og_type":"article","og_title":"2nd International Forest Garden \/ Food Forest Symposium vom 20. bis 24. Februar 2023 - Permakultur-Landwirtschaft","og_description":"Text von www.agroforestry.co.uk: Following the great success of the first International Symposium in 2021, we are excited to announce that the Second Symposium will take place online from 20-24 February 2023! The aim is to cover all aspects of food forestry, so there will be presentations on projects from around the world (both urban and [&hellip;]","og_url":"https:\/\/permakultur-landwirtschaft.org\/fr\/2nd-international-forest-garden-food-forest-symposium-vom-20-bis-24-februar-2023\/","og_site_name":"Permakultur-Landwirtschaft","article_publisher":"https:\/\/www.facebook.com\/PermakulturLandwirtschaft","article_published_time":"2023-02-20T07:25:00+00:00","article_modified_time":"2023-03-01T13:29:02+00:00","og_image":[{"width":532,"height":401,"url":"https:\/\/permakultur-landwirtschaft.org\/wp-content\/uploads\/2023\/01\/forest-garden-symposium-spring-photo.png","type":"image\/png"}],"author":"adrian reutimann","twitter_card":"summary_large_image","twitter_misc":{"\u00c9crit par":"adrian reutimann","Dur\u00e9e de lecture estim\u00e9e":"1 minute"},"schema":{"@context":"https:\/\/schema.org","@graph":[{"@type":"Article","@id":"https:\/\/permakultur-landwirtschaft.org\/2nd-international-forest-garden-food-forest-symposium-vom-20-bis-24-februar-2023\/#article","isPartOf":{"@id":"https:\/\/permakultur-landwirtschaft.org\/2nd-international-forest-garden-food-forest-symposium-vom-20-bis-24-februar-2023\/"},"author":{"name":"adrian reutimann","@id":"https:\/\/permakultur-landwirtschaft.org\/#\/schema\/person\/6b0467872f75aed3e144093f9bf4f0b0"},"headline":"2nd International Forest Garden \/ Food Forest Symposium vom 20. bis 24. Februar 2023","datePublished":"2023-02-20T07:25:00+00:00","dateModified":"2023-03-01T13:29:02+00:00","mainEntityOfPage":{"@id":"https:\/\/permakultur-landwirtschaft.org\/2nd-international-forest-garden-food-forest-symposium-vom-20-bis-24-februar-2023\/"},"wordCount":168,"publisher":{"@id":"https:\/\/permakultur-landwirtschaft.org\/#organization"},"image":{"@id":"https:\/\/permakultur-landwirtschaft.org\/2nd-international-forest-garden-food-forest-symposium-vom-20-bis-24-februar-2023\/#primaryimage"},"thumbnailUrl":"https:\/\/permakultur-landwirtschaft.org\/wp-content\/uploads\/2023\/01\/forest-garden-symposium-spring-photo.png","articleSection":["Veranstaltungen_Archiv"],"inLanguage":"fr-FR"},{"@type":"WebPage","@id":"https:\/\/permakultur-landwirtschaft.org\/2nd-international-forest-garden-food-forest-symposium-vom-20-bis-24-februar-2023\/","url":"https:\/\/permakultur-landwirtschaft.org\/2nd-international-forest-garden-food-forest-symposium-vom-20-bis-24-februar-2023\/","name":"2nd International Forest Garden \/ Food Forest Symposium vom 20. bis 24. Februar 2023 - Permakultur-Landwirtschaft","isPartOf":{"@id":"https:\/\/permakultur-landwirtschaft.org\/#website"},"primaryImageOfPage":{"@id":"https:\/\/permakultur-landwirtschaft.org\/2nd-international-forest-garden-food-forest-symposium-vom-20-bis-24-februar-2023\/#primaryimage"},"image":{"@id":"https:\/\/permakultur-landwirtschaft.org\/2nd-international-forest-garden-food-forest-symposium-vom-20-bis-24-februar-2023\/#primaryimage"},"thumbnailUrl":"https:\/\/permakultur-landwirtschaft.org\/wp-content\/uploads\/2023\/01\/forest-garden-symposium-spring-photo.png","datePublished":"2023-02-20T07:25:00+00:00","dateModified":"2023-03-01T13:29:02+00:00","breadcrumb":{"@id":"https:\/\/permakultur-landwirtschaft.org\/2nd-international-forest-garden-food-forest-symposium-vom-20-bis-24-februar-2023\/#breadcrumb"},"inLanguage":"fr-FR","potentialAction":[{"@type":"ReadAction","target":["https:\/\/permakultur-landwirtschaft.org\/2nd-international-forest-garden-food-forest-symposium-vom-20-bis-24-februar-2023\/"]}]},{"@type":"ImageObject","inLanguage":"fr-FR","@id":"https:\/\/permakultur-landwirtschaft.org\/2nd-international-forest-garden-food-forest-symposium-vom-20-bis-24-februar-2023\/#primaryimage","url":"https:\/\/permakultur-landwirtschaft.org\/wp-content\/uploads\/2023\/01\/forest-garden-symposium-spring-photo.png","contentUrl":"https:\/\/permakultur-landwirtschaft.org\/wp-content\/uploads\/2023\/01\/forest-garden-symposium-spring-photo.png","width":532,"height":401},{"@type":"BreadcrumbList","@id":"https:\/\/permakultur-landwirtschaft.org\/2nd-international-forest-garden-food-forest-symposium-vom-20-bis-24-februar-2023\/#breadcrumb","itemListElement":[{"@type":"ListItem","position":1,"name":"Startseite","item":"https:\/\/permakultur-landwirtschaft.org\/"},{"@type":"ListItem","position":2,"name":"2nd International Forest Garden \/ Food Forest Symposium vom 20. bis 24. Februar 2023"}]},{"@type":"WebSite","@id":"https:\/\/permakultur-landwirtschaft.org\/#website","url":"https:\/\/permakultur-landwirtschaft.org\/","name":"Permakultur-Landwirtschaft","description":"F\u00f6rderung der Permakultur in der Landwirtschaft","publisher":{"@id":"https:\/\/permakultur-landwirtschaft.org\/#organization"},"potentialAction":[{"@type":"SearchAction","target":{"@type":"EntryPoint","urlTemplate":"https:\/\/permakultur-landwirtschaft.org\/?s={search_term_string}"},"query-input":{"@type":"PropertyValueSpecification","valueRequired":true,"valueName":"search_term_string"}}],"inLanguage":"fr-FR"},{"@type":"Organization","@id":"https:\/\/permakultur-landwirtschaft.org\/#organization","name":"Permakultur-Landwirtschaft","alternateName":"Verein Permakultur-Landwirtschaft","url":"https:\/\/permakultur-landwirtschaft.org\/","logo":{"@type":"ImageObject","inLanguage":"fr-FR","@id":"https:\/\/permakultur-landwirtschaft.org\/#\/schema\/logo\/image\/","url":"https:\/\/permakultur-landwirtschaft.org\/wp-content\/uploads\/2021\/11\/pela_1268x1269.png","contentUrl":"https:\/\/permakultur-landwirtschaft.org\/wp-content\/uploads\/2021\/11\/pela_1268x1269.png","width":1298,"height":1269,"caption":"Permakultur-Landwirtschaft"},"image":{"@id":"https:\/\/permakultur-landwirtschaft.org\/#\/schema\/logo\/image\/"},"sameAs":["https:\/\/www.facebook.com\/PermakulturLandwirtschaft","https:\/\/www.instagram.com\/permakultur_landwirtschaft\/","https:\/\/www.flickr.com\/photos\/permakultur-landwirtschaft","https:\/\/www.youtube.com\/@PermakulturLandwirtschaft"]},{"@type":"Person","@id":"https:\/\/permakultur-landwirtschaft.org\/#\/schema\/person\/6b0467872f75aed3e144093f9bf4f0b0","name":"adrian reutimann","url":"https:\/\/permakultur-landwirtschaft.org\/fr\/author\/reutiadr\/"}]}},"_links":{"self":[{"href":"https:\/\/permakultur-landwirtschaft.org\/fr\/wp-json\/wp\/v2\/posts\/27614","targetHints":{"allow":["GET"]}}],"collection":[{"href":"https:\/\/permakultur-landwirtschaft.org\/fr\/wp-json\/wp\/v2\/posts"}],"about":[{"href":"https:\/\/permakultur-landwirtschaft.org\/fr\/wp-json\/wp\/v2\/types\/post"}],"author":[{"embeddable":true,"href":"https:\/\/permakultur-landwirtschaft.org\/fr\/wp-json\/wp\/v2\/users\/2"}],"replies":[{"embeddable":true,"href":"https:\/\/permakultur-landwirtschaft.org\/fr\/wp-json\/wp\/v2\/comments?post=27614"}],"version-history":[{"count":1,"href":"https:\/\/permakultur-landwirtschaft.org\/fr\/wp-json\/wp\/v2\/posts\/27614\/revisions"}],"predecessor-version":[{"id":27616,"href":"https:\/\/permakultur-landwirtschaft.org\/fr\/wp-json\/wp\/v2\/posts\/27614\/revisions\/27616"}],"wp:featuredmedia":[{"embeddable":true,"href":"https:\/\/permakultur-landwirtschaft.org\/fr\/wp-json\/wp\/v2\/media\/27615"}],"wp:attachment":[{"href":"https:\/\/permakultur-landwirtschaft.org\/fr\/wp-json\/wp\/v2\/media?parent=27614"}],"wp:term":[{"taxonomy":"category","embeddable":true,"href":"https:\/\/permakultur-landwirtschaft.org\/fr\/wp-json\/wp\/v2\/categories?post=27614"},{"taxonomy":"post_tag","embeddable":true,"href":"https:\/\/permakultur-landwirtschaft.org\/fr\/wp-json\/wp\/v2\/tags?post=27614"}],"curies":[{"name":"wp","href":"https:\/\/api.w.org\/{rel}","templated":true}]}}