{"id":27610,"date":"2022-09-02T07:26:00","date_gmt":"2022-09-02T05:26:00","guid":{"rendered":"https:\/\/permakultur-landwirtschaft.org\/?p=27610"},"modified":"2023-01-11T07:31:58","modified_gmt":"2023-01-11T06:31:58","slug":"sepp-holzer-junior-ueber-nachhaltige-landwirtschaft-vortrag-vom-02-september-2022","status":"publish","type":"post","link":"https:\/\/permakultur-landwirtschaft.org\/fr\/sepp-holzer-junior-ueber-nachhaltige-landwirtschaft-vortrag-vom-02-september-2022\/","title":{"rendered":"Sepp Holzer Junior \u00fcber nachhaltige Landwirtschaft &#8211; Vortrag vom 02. September 2022"},"content":{"rendered":"<p>Text von circular-economy-symposium.ch:<\/p>\n\n\n\n<p><strong>\u00dcber Sepp Holzer Junior<\/strong><\/p>\n\n\n\n<p>Josef Andreas Holzer, Land- &amp; Forstwirt, ist Experte f\u00fcr die Themen Permakultur, Tierhaltung, Agroforstwirtschaft, Aquakultur, Ackerbau, Humusaufbau und Wassermanagement. Sein Bergbauernhof, der <a href=\"https:\/\/krameterhof.at\/\" target=\"_blank\" rel=\"noreferrer noopener\">Krameterhof <\/a>im \u00f6sterreichischen Lungau, umfasst eine Fl\u00e4che von 45 Hektar, die sich zwischen 1100 und 1500 m Seeh\u00f6he erstrecken. Der Krameterhof wurde durch Buchver\u00f6ffentlichungen, Medienberichte und Filmdokumentationen international bekannt. Er gilt als Permakultur-Vorzeigeprojekt und besticht durch seine Vielfalt, Komplexit\u00e4t und Gr\u00f6sse.<\/p>\n\n\n\n<p>Josefs international t\u00e4tiges Beratungs- und Planungsb\u00fcro, die <a href=\"https:\/\/holzerpermaculture.com\/\" target=\"_blank\" rel=\"noreferrer noopener\">Holzer Permakultur Solutions GmbH<\/a>, ist auf Kulturlandschaftsplanung, Wasserretention und die Entwicklung innovativer landwirtschaftlicher Konzepte spezialisiert.<\/p>\n\n\n\n<p><strong>Nachhaltige Landwirtschaft<\/strong><\/p>\n\n\n\n<p>Eine sinnvolle Ern\u00e4hrung fusst auf einer sinnvollen Landwirtschaft. Wie sieht eine solche aus und wie l\u00e4sst sich eine zeitgem\u00e4sse, regionale und nachhaltige Versorgung mit Lebensmitteln organisieren? Mit diesen Fragen besch\u00e4ftigt sich Josef A. Holzer seit vielen Jahren. Der international bekannte Experte f\u00fcr Permakultur (aus dem englischen permanent agriculture) erkl\u00e4rt die Grundlagen nachhaltiger Lebensmittelproduktion und zeigt, wie, wenn man sich die Komplexit\u00e4t, Vielfalt und Produktivit\u00e4t der Natur zunutze machen kann. Anhand praktischer Beispiele wird verst\u00e4ndlich, dass eine verantwortungsvolle, vielschichtige und kreative Landwirtschaft jenseits von Monokulturen, Massentierhaltung und Raubbau an der Natur m\u00f6glich und notwendig ist.<\/p>\n\n\n\n<p>Link zum Vortrag bei youtube: <a rel=\"noreferrer noopener\" href=\"https:\/\/youtu.be\/NihKORDJalg\" target=\"_blank\">youtu.be\/NihKORDJalg<\/a><\/p>\n\n\n\n<figure class=\"wp-block-image size-full\"><a href=\"https:\/\/youtu.be\/NihKORDJalg\" target=\"_blank\" rel=\"noreferrer noopener\"><img fetchpriority=\"high\" decoding=\"async\" width=\"700\" height=\"398\" src=\"https:\/\/permakultur-landwirtschaft.org\/wp-content\/uploads\/2023\/01\/josef_holzer_vortrag_2023-01-11_07-23-27.jpg\" alt=\"\" class=\"wp-image-27611\" srcset=\"https:\/\/permakultur-landwirtschaft.org\/wp-content\/uploads\/2023\/01\/josef_holzer_vortrag_2023-01-11_07-23-27.jpg 700w, https:\/\/permakultur-landwirtschaft.org\/wp-content\/uploads\/2023\/01\/josef_holzer_vortrag_2023-01-11_07-23-27-300x171.jpg 300w\" sizes=\"(max-width: 700px) 100vw, 700px\" \/><\/a><figcaption class=\"wp-element-caption\">Bild: circular-economy-symposium.ch<\/figcaption><\/figure>\n\n\n\n<hr class=\"wp-block-separator has-alpha-channel-opacity\"\/>\n\n\n\n<h3 class=\"wp-block-heading\"><a href=\"https:\/\/permakultur-landwirtschaft.org\/fr\/medien\/\">Hier geht&#8217;s zur \u00dcbersicht aller Neuigkeiten<\/a><\/h3>\n\n\n\n<h3 class=\"wp-block-heading\"><a href=\"https:\/\/permakultur-landwirtschaft.org\/fr\/filme\/\">Hier geht&#8217;s zur \u00dcbersicht aller Filme und Audios<\/a><\/h3>","protected":false},"excerpt":{"rendered":"<p>Text von circular-economy-symposium.ch: \u00dcber Sepp Holzer Junior Josef Andreas Holzer, Land- &amp; Forstwirt, ist Experte f\u00fcr die Themen Permakultur, Tierhaltung, Agroforstwirtschaft, Aquakultur, Ackerbau, Humusaufbau und Wassermanagement. Sein Bergbauernhof, der Krameterhof im \u00f6sterreichischen Lungau, umfasst eine Fl\u00e4che von 45 Hektar, die sich zwischen 1100 und 1500 m Seeh\u00f6he erstrecken. Der Krameterhof wurde durch Buchver\u00f6ffentlichungen, Medienberichte und [&hellip;]<\/p>\n","protected":false},"author":2,"featured_media":27612,"comment_status":"closed","ping_status":"closed","sticky":false,"template":"","format":"standard","meta":{"_acf_changed":false,"site-sidebar-layout":"default","site-content-layout":"","ast-site-content-layout":"default","site-content-style":"default","site-sidebar-style":"default","ast-global-header-display":"","ast-banner-title-visibility":"","ast-main-header-display":"","ast-hfb-above-header-display":"","ast-hfb-below-header-display":"","ast-hfb-mobile-header-display":"","site-post-title":"","ast-breadcrumbs-content":"","ast-featured-img":"","footer-sml-layout":"","ast-disable-related-posts":"","theme-transparent-header-meta":"","adv-header-id-meta":"","stick-header-meta":"","header-above-stick-meta":"","header-main-stick-meta":"","header-below-stick-meta":"","astra-migrate-meta-layouts":"default","ast-page-background-enabled":"default","ast-page-background-meta":{"desktop":{"background-color":"var(--ast-global-color-4)","background-image":"","background-repeat":"repeat","background-position":"center center","background-size":"auto","background-attachment":"scroll","background-type":"","background-media":"","overlay-type":"","overlay-color":"","overlay-opacity":"","overlay-gradient":""},"tablet":{"background-color":"","background-image":"","background-repeat":"repeat","background-position":"center center","background-size":"auto","background-attachment":"scroll","background-type":"","background-media":"","overlay-type":"","overlay-color":"","overlay-opacity":"","overlay-gradient":""},"mobile":{"background-color":"","background-image":"","background-repeat":"repeat","background-position":"center center","background-size":"auto","background-attachment":"scroll","background-type":"","background-media":"","overlay-type":"","overlay-color":"","overlay-opacity":"","overlay-gradient":""}},"ast-content-background-meta":{"desktop":{"background-color":"var(--ast-global-color-5)","background-image":"","background-repeat":"repeat","background-position":"center center","background-size":"auto","background-attachment":"scroll","background-type":"","background-media":"","overlay-type":"","overlay-color":"","overlay-opacity":"","overlay-gradient":""},"tablet":{"background-color":"var(--ast-global-color-5)","background-image":"","background-repeat":"repeat","background-position":"center center","background-size":"auto","background-attachment":"scroll","background-type":"","background-media":"","overlay-type":"","overlay-color":"","overlay-opacity":"","overlay-gradient":""},"mobile":{"background-color":"var(--ast-global-color-5)","background-image":"","background-repeat":"repeat","background-position":"center center","background-size":"auto","background-attachment":"scroll","background-type":"","background-media":"","overlay-type":"","overlay-color":"","overlay-opacity":"","overlay-gradient":""}},"footnotes":""},"categories":[45,22],"tags":[],"class_list":["post-27610","post","type-post","status-publish","format-standard","has-post-thumbnail","hentry","category-filme","category-neuigkeit"],"acf":[],"yoast_head":"<!-- This site is optimized with the Yoast SEO plugin v27.5 - https:\/\/yoast.com\/product\/yoast-seo-wordpress\/ -->\n<title>Sepp Holzer Junior \u00fcber nachhaltige Landwirtschaft - Vortrag vom 02. September 2022 - Permakultur-Landwirtschaft<\/title>\n<meta name=\"robots\" content=\"index, follow, max-snippet:-1, max-image-preview:large, max-video-preview:-1\" \/>\n<link rel=\"canonical\" href=\"https:\/\/permakultur-landwirtschaft.org\/fr\/sepp-holzer-junior-ueber-nachhaltige-landwirtschaft-vortrag-vom-02-september-2022\/\" \/>\n<meta property=\"og:locale\" content=\"fr_FR\" \/>\n<meta property=\"og:type\" content=\"article\" \/>\n<meta property=\"og:title\" content=\"Sepp Holzer Junior \u00fcber nachhaltige Landwirtschaft - Vortrag vom 02. September 2022 - Permakultur-Landwirtschaft\" \/>\n<meta property=\"og:description\" content=\"Text von circular-economy-symposium.ch: \u00dcber Sepp Holzer Junior Josef Andreas Holzer, Land- &amp; Forstwirt, ist Experte f\u00fcr die Themen Permakultur, Tierhaltung, Agroforstwirtschaft, Aquakultur, Ackerbau, Humusaufbau und Wassermanagement. Sein Bergbauernhof, der Krameterhof im \u00f6sterreichischen Lungau, umfasst eine Fl\u00e4che von 45 Hektar, die sich zwischen 1100 und 1500 m Seeh\u00f6he erstrecken. Der Krameterhof wurde durch Buchver\u00f6ffentlichungen, Medienberichte und [&hellip;]\" \/>\n<meta property=\"og:url\" content=\"https:\/\/permakultur-landwirtschaft.org\/fr\/sepp-holzer-junior-ueber-nachhaltige-landwirtschaft-vortrag-vom-02-september-2022\/\" \/>\n<meta property=\"og:site_name\" content=\"Permakultur-Landwirtschaft\" \/>\n<meta property=\"article:publisher\" content=\"https:\/\/www.facebook.com\/PermakulturLandwirtschaft\" \/>\n<meta property=\"article:published_time\" content=\"2022-09-02T05:26:00+00:00\" \/>\n<meta property=\"article:modified_time\" content=\"2023-01-11T06:31:58+00:00\" \/>\n<meta property=\"og:image\" content=\"https:\/\/permakultur-landwirtschaft.org\/wp-content\/uploads\/2023\/01\/josef_holzer_vortrag1_2023-01-11_07-23-27.jpg\" \/>\n\t<meta property=\"og:image:width\" content=\"700\" \/>\n\t<meta property=\"og:image:height\" content=\"352\" \/>\n\t<meta property=\"og:image:type\" content=\"image\/jpeg\" \/>\n<meta name=\"author\" content=\"adrian reutimann\" \/>\n<meta name=\"twitter:card\" content=\"summary_large_image\" \/>\n<meta name=\"twitter:label1\" content=\"\u00c9crit par\" \/>\n\t<meta name=\"twitter:data1\" content=\"adrian reutimann\" \/>\n\t<meta name=\"twitter:label2\" content=\"Dur\u00e9e de lecture estim\u00e9e\" \/>\n\t<meta name=\"twitter:data2\" content=\"1 minute\" \/>\n<script type=\"application\/ld+json\" class=\"yoast-schema-graph\">{\"@context\":\"https:\\\/\\\/schema.org\",\"@graph\":[{\"@type\":\"Article\",\"@id\":\"https:\\\/\\\/permakultur-landwirtschaft.org\\\/sepp-holzer-junior-ueber-nachhaltige-landwirtschaft-vortrag-vom-02-september-2022\\\/#article\",\"isPartOf\":{\"@id\":\"https:\\\/\\\/permakultur-landwirtschaft.org\\\/sepp-holzer-junior-ueber-nachhaltige-landwirtschaft-vortrag-vom-02-september-2022\\\/\"},\"author\":{\"name\":\"adrian reutimann\",\"@id\":\"https:\\\/\\\/permakultur-landwirtschaft.org\\\/#\\\/schema\\\/person\\\/6b0467872f75aed3e144093f9bf4f0b0\"},\"headline\":\"Sepp Holzer Junior \u00fcber nachhaltige Landwirtschaft &#8211; Vortrag vom 02. September 2022\",\"datePublished\":\"2022-09-02T05:26:00+00:00\",\"dateModified\":\"2023-01-11T06:31:58+00:00\",\"mainEntityOfPage\":{\"@id\":\"https:\\\/\\\/permakultur-landwirtschaft.org\\\/sepp-holzer-junior-ueber-nachhaltige-landwirtschaft-vortrag-vom-02-september-2022\\\/\"},\"wordCount\":241,\"publisher\":{\"@id\":\"https:\\\/\\\/permakultur-landwirtschaft.org\\\/#organization\"},\"image\":{\"@id\":\"https:\\\/\\\/permakultur-landwirtschaft.org\\\/sepp-holzer-junior-ueber-nachhaltige-landwirtschaft-vortrag-vom-02-september-2022\\\/#primaryimage\"},\"thumbnailUrl\":\"https:\\\/\\\/permakultur-landwirtschaft.org\\\/wp-content\\\/uploads\\\/2023\\\/01\\\/josef_holzer_vortrag1_2023-01-11_07-23-27.jpg\",\"articleSection\":[\"Film\",\"Neuigkeit\"],\"inLanguage\":\"fr-FR\"},{\"@type\":\"WebPage\",\"@id\":\"https:\\\/\\\/permakultur-landwirtschaft.org\\\/sepp-holzer-junior-ueber-nachhaltige-landwirtschaft-vortrag-vom-02-september-2022\\\/\",\"url\":\"https:\\\/\\\/permakultur-landwirtschaft.org\\\/sepp-holzer-junior-ueber-nachhaltige-landwirtschaft-vortrag-vom-02-september-2022\\\/\",\"name\":\"Sepp Holzer Junior \u00fcber nachhaltige Landwirtschaft - Vortrag vom 02. September 2022 - Permakultur-Landwirtschaft\",\"isPartOf\":{\"@id\":\"https:\\\/\\\/permakultur-landwirtschaft.org\\\/#website\"},\"primaryImageOfPage\":{\"@id\":\"https:\\\/\\\/permakultur-landwirtschaft.org\\\/sepp-holzer-junior-ueber-nachhaltige-landwirtschaft-vortrag-vom-02-september-2022\\\/#primaryimage\"},\"image\":{\"@id\":\"https:\\\/\\\/permakultur-landwirtschaft.org\\\/sepp-holzer-junior-ueber-nachhaltige-landwirtschaft-vortrag-vom-02-september-2022\\\/#primaryimage\"},\"thumbnailUrl\":\"https:\\\/\\\/permakultur-landwirtschaft.org\\\/wp-content\\\/uploads\\\/2023\\\/01\\\/josef_holzer_vortrag1_2023-01-11_07-23-27.jpg\",\"datePublished\":\"2022-09-02T05:26:00+00:00\",\"dateModified\":\"2023-01-11T06:31:58+00:00\",\"breadcrumb\":{\"@id\":\"https:\\\/\\\/permakultur-landwirtschaft.org\\\/sepp-holzer-junior-ueber-nachhaltige-landwirtschaft-vortrag-vom-02-september-2022\\\/#breadcrumb\"},\"inLanguage\":\"fr-FR\",\"potentialAction\":[{\"@type\":\"ReadAction\",\"target\":[\"https:\\\/\\\/permakultur-landwirtschaft.org\\\/sepp-holzer-junior-ueber-nachhaltige-landwirtschaft-vortrag-vom-02-september-2022\\\/\"]}]},{\"@type\":\"ImageObject\",\"inLanguage\":\"fr-FR\",\"@id\":\"https:\\\/\\\/permakultur-landwirtschaft.org\\\/sepp-holzer-junior-ueber-nachhaltige-landwirtschaft-vortrag-vom-02-september-2022\\\/#primaryimage\",\"url\":\"https:\\\/\\\/permakultur-landwirtschaft.org\\\/wp-content\\\/uploads\\\/2023\\\/01\\\/josef_holzer_vortrag1_2023-01-11_07-23-27.jpg\",\"contentUrl\":\"https:\\\/\\\/permakultur-landwirtschaft.org\\\/wp-content\\\/uploads\\\/2023\\\/01\\\/josef_holzer_vortrag1_2023-01-11_07-23-27.jpg\",\"width\":700,\"height\":352},{\"@type\":\"BreadcrumbList\",\"@id\":\"https:\\\/\\\/permakultur-landwirtschaft.org\\\/sepp-holzer-junior-ueber-nachhaltige-landwirtschaft-vortrag-vom-02-september-2022\\\/#breadcrumb\",\"itemListElement\":[{\"@type\":\"ListItem\",\"position\":1,\"name\":\"Startseite\",\"item\":\"https:\\\/\\\/permakultur-landwirtschaft.org\\\/\"},{\"@type\":\"ListItem\",\"position\":2,\"name\":\"Sepp Holzer Junior \u00fcber nachhaltige Landwirtschaft &#8211; Vortrag vom 02. September 2022\"}]},{\"@type\":\"WebSite\",\"@id\":\"https:\\\/\\\/permakultur-landwirtschaft.org\\\/#website\",\"url\":\"https:\\\/\\\/permakultur-landwirtschaft.org\\\/\",\"name\":\"Permakultur-Landwirtschaft\",\"description\":\"F\u00f6rderung der Permakultur in der Landwirtschaft\",\"publisher\":{\"@id\":\"https:\\\/\\\/permakultur-landwirtschaft.org\\\/#organization\"},\"potentialAction\":[{\"@type\":\"SearchAction\",\"target\":{\"@type\":\"EntryPoint\",\"urlTemplate\":\"https:\\\/\\\/permakultur-landwirtschaft.org\\\/?s={search_term_string}\"},\"query-input\":{\"@type\":\"PropertyValueSpecification\",\"valueRequired\":true,\"valueName\":\"search_term_string\"}}],\"inLanguage\":\"fr-FR\"},{\"@type\":\"Organization\",\"@id\":\"https:\\\/\\\/permakultur-landwirtschaft.org\\\/#organization\",\"name\":\"Permakultur-Landwirtschaft\",\"alternateName\":\"Verein Permakultur-Landwirtschaft\",\"url\":\"https:\\\/\\\/permakultur-landwirtschaft.org\\\/\",\"logo\":{\"@type\":\"ImageObject\",\"inLanguage\":\"fr-FR\",\"@id\":\"https:\\\/\\\/permakultur-landwirtschaft.org\\\/#\\\/schema\\\/logo\\\/image\\\/\",\"url\":\"https:\\\/\\\/permakultur-landwirtschaft.org\\\/wp-content\\\/uploads\\\/2021\\\/11\\\/pela_1268x1269.png\",\"contentUrl\":\"https:\\\/\\\/permakultur-landwirtschaft.org\\\/wp-content\\\/uploads\\\/2021\\\/11\\\/pela_1268x1269.png\",\"width\":1298,\"height\":1269,\"caption\":\"Permakultur-Landwirtschaft\"},\"image\":{\"@id\":\"https:\\\/\\\/permakultur-landwirtschaft.org\\\/#\\\/schema\\\/logo\\\/image\\\/\"},\"sameAs\":[\"https:\\\/\\\/www.facebook.com\\\/PermakulturLandwirtschaft\",\"https:\\\/\\\/www.instagram.com\\\/permakultur_landwirtschaft\\\/\",\"https:\\\/\\\/www.flickr.com\\\/photos\\\/permakultur-landwirtschaft\",\"https:\\\/\\\/www.youtube.com\\\/@PermakulturLandwirtschaft\"]},{\"@type\":\"Person\",\"@id\":\"https:\\\/\\\/permakultur-landwirtschaft.org\\\/#\\\/schema\\\/person\\\/6b0467872f75aed3e144093f9bf4f0b0\",\"name\":\"adrian reutimann\",\"url\":\"https:\\\/\\\/permakultur-landwirtschaft.org\\\/fr\\\/author\\\/reutiadr\\\/\"}]}<\/script>\n<!-- \/ Yoast SEO plugin. -->","yoast_head_json":{"title":"Sepp Holzer Junior \u00fcber nachhaltige Landwirtschaft - Vortrag vom 02. September 2022 - Permakultur-Landwirtschaft","robots":{"index":"index","follow":"follow","max-snippet":"max-snippet:-1","max-image-preview":"max-image-preview:large","max-video-preview":"max-video-preview:-1"},"canonical":"https:\/\/permakultur-landwirtschaft.org\/fr\/sepp-holzer-junior-ueber-nachhaltige-landwirtschaft-vortrag-vom-02-september-2022\/","og_locale":"fr_FR","og_type":"article","og_title":"Sepp Holzer Junior \u00fcber nachhaltige Landwirtschaft - Vortrag vom 02. September 2022 - Permakultur-Landwirtschaft","og_description":"Text von circular-economy-symposium.ch: \u00dcber Sepp Holzer Junior Josef Andreas Holzer, Land- &amp; Forstwirt, ist Experte f\u00fcr die Themen Permakultur, Tierhaltung, Agroforstwirtschaft, Aquakultur, Ackerbau, Humusaufbau und Wassermanagement. Sein Bergbauernhof, der Krameterhof im \u00f6sterreichischen Lungau, umfasst eine Fl\u00e4che von 45 Hektar, die sich zwischen 1100 und 1500 m Seeh\u00f6he erstrecken. Der Krameterhof wurde durch Buchver\u00f6ffentlichungen, Medienberichte und [&hellip;]","og_url":"https:\/\/permakultur-landwirtschaft.org\/fr\/sepp-holzer-junior-ueber-nachhaltige-landwirtschaft-vortrag-vom-02-september-2022\/","og_site_name":"Permakultur-Landwirtschaft","article_publisher":"https:\/\/www.facebook.com\/PermakulturLandwirtschaft","article_published_time":"2022-09-02T05:26:00+00:00","article_modified_time":"2023-01-11T06:31:58+00:00","og_image":[{"width":700,"height":352,"url":"https:\/\/permakultur-landwirtschaft.org\/wp-content\/uploads\/2023\/01\/josef_holzer_vortrag1_2023-01-11_07-23-27.jpg","type":"image\/jpeg"}],"author":"adrian reutimann","twitter_card":"summary_large_image","twitter_misc":{"\u00c9crit par":"adrian reutimann","Dur\u00e9e de lecture estim\u00e9e":"1 minute"},"schema":{"@context":"https:\/\/schema.org","@graph":[{"@type":"Article","@id":"https:\/\/permakultur-landwirtschaft.org\/sepp-holzer-junior-ueber-nachhaltige-landwirtschaft-vortrag-vom-02-september-2022\/#article","isPartOf":{"@id":"https:\/\/permakultur-landwirtschaft.org\/sepp-holzer-junior-ueber-nachhaltige-landwirtschaft-vortrag-vom-02-september-2022\/"},"author":{"name":"adrian reutimann","@id":"https:\/\/permakultur-landwirtschaft.org\/#\/schema\/person\/6b0467872f75aed3e144093f9bf4f0b0"},"headline":"Sepp Holzer Junior \u00fcber nachhaltige Landwirtschaft &#8211; Vortrag vom 02. September 2022","datePublished":"2022-09-02T05:26:00+00:00","dateModified":"2023-01-11T06:31:58+00:00","mainEntityOfPage":{"@id":"https:\/\/permakultur-landwirtschaft.org\/sepp-holzer-junior-ueber-nachhaltige-landwirtschaft-vortrag-vom-02-september-2022\/"},"wordCount":241,"publisher":{"@id":"https:\/\/permakultur-landwirtschaft.org\/#organization"},"image":{"@id":"https:\/\/permakultur-landwirtschaft.org\/sepp-holzer-junior-ueber-nachhaltige-landwirtschaft-vortrag-vom-02-september-2022\/#primaryimage"},"thumbnailUrl":"https:\/\/permakultur-landwirtschaft.org\/wp-content\/uploads\/2023\/01\/josef_holzer_vortrag1_2023-01-11_07-23-27.jpg","articleSection":["Film","Neuigkeit"],"inLanguage":"fr-FR"},{"@type":"WebPage","@id":"https:\/\/permakultur-landwirtschaft.org\/sepp-holzer-junior-ueber-nachhaltige-landwirtschaft-vortrag-vom-02-september-2022\/","url":"https:\/\/permakultur-landwirtschaft.org\/sepp-holzer-junior-ueber-nachhaltige-landwirtschaft-vortrag-vom-02-september-2022\/","name":"Sepp Holzer Junior \u00fcber nachhaltige Landwirtschaft - Vortrag vom 02. September 2022 - Permakultur-Landwirtschaft","isPartOf":{"@id":"https:\/\/permakultur-landwirtschaft.org\/#website"},"primaryImageOfPage":{"@id":"https:\/\/permakultur-landwirtschaft.org\/sepp-holzer-junior-ueber-nachhaltige-landwirtschaft-vortrag-vom-02-september-2022\/#primaryimage"},"image":{"@id":"https:\/\/permakultur-landwirtschaft.org\/sepp-holzer-junior-ueber-nachhaltige-landwirtschaft-vortrag-vom-02-september-2022\/#primaryimage"},"thumbnailUrl":"https:\/\/permakultur-landwirtschaft.org\/wp-content\/uploads\/2023\/01\/josef_holzer_vortrag1_2023-01-11_07-23-27.jpg","datePublished":"2022-09-02T05:26:00+00:00","dateModified":"2023-01-11T06:31:58+00:00","breadcrumb":{"@id":"https:\/\/permakultur-landwirtschaft.org\/sepp-holzer-junior-ueber-nachhaltige-landwirtschaft-vortrag-vom-02-september-2022\/#breadcrumb"},"inLanguage":"fr-FR","potentialAction":[{"@type":"ReadAction","target":["https:\/\/permakultur-landwirtschaft.org\/sepp-holzer-junior-ueber-nachhaltige-landwirtschaft-vortrag-vom-02-september-2022\/"]}]},{"@type":"ImageObject","inLanguage":"fr-FR","@id":"https:\/\/permakultur-landwirtschaft.org\/sepp-holzer-junior-ueber-nachhaltige-landwirtschaft-vortrag-vom-02-september-2022\/#primaryimage","url":"https:\/\/permakultur-landwirtschaft.org\/wp-content\/uploads\/2023\/01\/josef_holzer_vortrag1_2023-01-11_07-23-27.jpg","contentUrl":"https:\/\/permakultur-landwirtschaft.org\/wp-content\/uploads\/2023\/01\/josef_holzer_vortrag1_2023-01-11_07-23-27.jpg","width":700,"height":352},{"@type":"BreadcrumbList","@id":"https:\/\/permakultur-landwirtschaft.org\/sepp-holzer-junior-ueber-nachhaltige-landwirtschaft-vortrag-vom-02-september-2022\/#breadcrumb","itemListElement":[{"@type":"ListItem","position":1,"name":"Startseite","item":"https:\/\/permakultur-landwirtschaft.org\/"},{"@type":"ListItem","position":2,"name":"Sepp Holzer Junior \u00fcber nachhaltige Landwirtschaft &#8211; Vortrag vom 02. September 2022"}]},{"@type":"WebSite","@id":"https:\/\/permakultur-landwirtschaft.org\/#website","url":"https:\/\/permakultur-landwirtschaft.org\/","name":"Permakultur-Landwirtschaft","description":"F\u00f6rderung der Permakultur in der Landwirtschaft","publisher":{"@id":"https:\/\/permakultur-landwirtschaft.org\/#organization"},"potentialAction":[{"@type":"SearchAction","target":{"@type":"EntryPoint","urlTemplate":"https:\/\/permakultur-landwirtschaft.org\/?s={search_term_string}"},"query-input":{"@type":"PropertyValueSpecification","valueRequired":true,"valueName":"search_term_string"}}],"inLanguage":"fr-FR"},{"@type":"Organization","@id":"https:\/\/permakultur-landwirtschaft.org\/#organization","name":"Permakultur-Landwirtschaft","alternateName":"Verein Permakultur-Landwirtschaft","url":"https:\/\/permakultur-landwirtschaft.org\/","logo":{"@type":"ImageObject","inLanguage":"fr-FR","@id":"https:\/\/permakultur-landwirtschaft.org\/#\/schema\/logo\/image\/","url":"https:\/\/permakultur-landwirtschaft.org\/wp-content\/uploads\/2021\/11\/pela_1268x1269.png","contentUrl":"https:\/\/permakultur-landwirtschaft.org\/wp-content\/uploads\/2021\/11\/pela_1268x1269.png","width":1298,"height":1269,"caption":"Permakultur-Landwirtschaft"},"image":{"@id":"https:\/\/permakultur-landwirtschaft.org\/#\/schema\/logo\/image\/"},"sameAs":["https:\/\/www.facebook.com\/PermakulturLandwirtschaft","https:\/\/www.instagram.com\/permakultur_landwirtschaft\/","https:\/\/www.flickr.com\/photos\/permakultur-landwirtschaft","https:\/\/www.youtube.com\/@PermakulturLandwirtschaft"]},{"@type":"Person","@id":"https:\/\/permakultur-landwirtschaft.org\/#\/schema\/person\/6b0467872f75aed3e144093f9bf4f0b0","name":"adrian reutimann","url":"https:\/\/permakultur-landwirtschaft.org\/fr\/author\/reutiadr\/"}]}},"_links":{"self":[{"href":"https:\/\/permakultur-landwirtschaft.org\/fr\/wp-json\/wp\/v2\/posts\/27610","targetHints":{"allow":["GET"]}}],"collection":[{"href":"https:\/\/permakultur-landwirtschaft.org\/fr\/wp-json\/wp\/v2\/posts"}],"about":[{"href":"https:\/\/permakultur-landwirtschaft.org\/fr\/wp-json\/wp\/v2\/types\/post"}],"author":[{"embeddable":true,"href":"https:\/\/permakultur-landwirtschaft.org\/fr\/wp-json\/wp\/v2\/users\/2"}],"replies":[{"embeddable":true,"href":"https:\/\/permakultur-landwirtschaft.org\/fr\/wp-json\/wp\/v2\/comments?post=27610"}],"version-history":[{"count":1,"href":"https:\/\/permakultur-landwirtschaft.org\/fr\/wp-json\/wp\/v2\/posts\/27610\/revisions"}],"predecessor-version":[{"id":27613,"href":"https:\/\/permakultur-landwirtschaft.org\/fr\/wp-json\/wp\/v2\/posts\/27610\/revisions\/27613"}],"wp:featuredmedia":[{"embeddable":true,"href":"https:\/\/permakultur-landwirtschaft.org\/fr\/wp-json\/wp\/v2\/media\/27612"}],"wp:attachment":[{"href":"https:\/\/permakultur-landwirtschaft.org\/fr\/wp-json\/wp\/v2\/media?parent=27610"}],"wp:term":[{"taxonomy":"category","embeddable":true,"href":"https:\/\/permakultur-landwirtschaft.org\/fr\/wp-json\/wp\/v2\/categories?post=27610"},{"taxonomy":"post_tag","embeddable":true,"href":"https:\/\/permakultur-landwirtschaft.org\/fr\/wp-json\/wp\/v2\/tags?post=27610"}],"curies":[{"name":"wp","href":"https:\/\/api.w.org\/{rel}","templated":true}]}}