{"id":27586,"date":"2023-06-15T18:26:00","date_gmt":"2023-06-15T16:26:00","guid":{"rendered":"https:\/\/permakultur-landwirtschaft.org\/?p=27586"},"modified":"2024-07-12T16:50:45","modified_gmt":"2024-07-12T14:50:45","slug":"oekolandbau-convergence-in-deutschland-vom-19-bis-22-oktober-2023","status":"publish","type":"post","link":"https:\/\/permakultur-landwirtschaft.org\/fr\/oekolandbau-convergence-in-deutschland-vom-19-bis-22-oktober-2023\/","title":{"rendered":"\u00d6kolandbau-Convergence in Deutschland vom 19. bis 22. Oktober 2023"},"content":{"rendered":"<p>Text von theconvergence.info:<br><strong>\u00d6kolandbau trifft Permakultur<\/strong><\/p>\n\n\n\n<p>Wir laden Menschen aus den Bereichen \u00d6kolandbau und Permakultur mit au\u00dfergew\u00f6hnlichen Ideen und L\u00f6sungen in den Lebensgarten Steyerberg ein, die in Harmonie mit der Natur arbeiten, das Leben f\u00f6rdern wollen und praktisch experimentieren und forschen. Mit unserem Veranstaltungsformat, der Konferenztechnik Open Space, das sich stark an den Interessen und Bed\u00fcrfnissen der Teilnehmenden orientiert, schaffen wir die Bedingungen f\u00fcr einen optimalen Transfer von Wissen und Erfahrung. Wir kreieren einen Rahmen f\u00fcr \u00d6kolandwirt:innen und Permakulturschaffende, damit sie zusammenkommen k\u00f6nnen, um Ans\u00e4tze und Methoden miteinander zu teilen und dadurch voneinander zu lernen.<\/p>\n\n\n\n<p><a href=\"https:\/\/dieconvergence.de\/veranstaltung-2023\/\" target=\"_blank\" rel=\"noreferrer noopener\">R\u00fcckblick auf die Veranstaltung<\/a><\/p>\n\n\n\n<hr class=\"wp-block-separator has-alpha-channel-opacity\"\/>\n\n\n\n<h3 class=\"wp-block-heading\">Date<\/h3>\n\n\n\n<p>19. &#8211; 22. Oktober 2023<\/p>\n\n\n\n<h3 class=\"wp-block-heading\">Lieu<\/h3>\n\n\n\n<p>31595 Steyerberg<br>Deutschland<\/p>\n\n\n\n<p>Infos zum Anlass unter diesem Link: <a rel=\"noreferrer noopener\" href=\"https:\/\/theconvergence.info\/\" target=\"_blank\">theconvergence.info<\/a><\/p>\n\n\n\n<figure class=\"wp-block-image size-large\"><a href=\"https:\/\/theconvergence.info\/\" target=\"_blank\" rel=\"noreferrer noopener\"><img fetchpriority=\"high\" decoding=\"async\" width=\"683\" height=\"1024\" src=\"https:\/\/permakultur-landwirtschaft.org\/wp-content\/uploads\/2023\/01\/theconvergence.info_IMG_8284_small-683x1024.jpeg\" alt=\"\" class=\"wp-image-27590\" srcset=\"https:\/\/permakultur-landwirtschaft.org\/wp-content\/uploads\/2023\/01\/theconvergence.info_IMG_8284_small-683x1024.jpeg 683w, https:\/\/permakultur-landwirtschaft.org\/wp-content\/uploads\/2023\/01\/theconvergence.info_IMG_8284_small-200x300.jpeg 200w, https:\/\/permakultur-landwirtschaft.org\/wp-content\/uploads\/2023\/01\/theconvergence.info_IMG_8284_small.jpeg 700w\" sizes=\"(max-width: 683px) 100vw, 683px\" \/><\/a><figcaption class=\"wp-element-caption\">Quelle: theconvergence.info<\/figcaption><\/figure>","protected":false},"excerpt":{"rendered":"<p>Text von theconvergence.info:\u00d6kolandbau trifft Permakultur Wir laden Menschen aus den Bereichen \u00d6kolandbau und Permakultur mit au\u00dfergew\u00f6hnlichen Ideen und L\u00f6sungen in den Lebensgarten Steyerberg ein, die in Harmonie mit der Natur arbeiten, das Leben f\u00f6rdern wollen und praktisch experimentieren und forschen. Mit unserem Veranstaltungsformat, der Konferenztechnik Open Space, das sich stark an den Interessen und Bed\u00fcrfnissen [&hellip;]<\/p>\n","protected":false},"author":2,"featured_media":27587,"comment_status":"closed","ping_status":"closed","sticky":false,"template":"","format":"standard","meta":{"_acf_changed":false,"site-sidebar-layout":"default","site-content-layout":"","ast-site-content-layout":"default","site-content-style":"default","site-sidebar-style":"default","ast-global-header-display":"","ast-banner-title-visibility":"","ast-main-header-display":"","ast-hfb-above-header-display":"","ast-hfb-below-header-display":"","ast-hfb-mobile-header-display":"","site-post-title":"","ast-breadcrumbs-content":"","ast-featured-img":"","footer-sml-layout":"","ast-disable-related-posts":"","theme-transparent-header-meta":"","adv-header-id-meta":"","stick-header-meta":"","header-above-stick-meta":"","header-main-stick-meta":"","header-below-stick-meta":"","astra-migrate-meta-layouts":"set","ast-page-background-enabled":"default","ast-page-background-meta":{"desktop":{"background-color":"var(--ast-global-color-4)","background-image":"","background-repeat":"repeat","background-position":"center center","background-size":"auto","background-attachment":"scroll","background-type":"","background-media":"","overlay-type":"","overlay-color":"","overlay-opacity":"","overlay-gradient":""},"tablet":{"background-color":"","background-image":"","background-repeat":"repeat","background-position":"center center","background-size":"auto","background-attachment":"scroll","background-type":"","background-media":"","overlay-type":"","overlay-color":"","overlay-opacity":"","overlay-gradient":""},"mobile":{"background-color":"","background-image":"","background-repeat":"repeat","background-position":"center center","background-size":"auto","background-attachment":"scroll","background-type":"","background-media":"","overlay-type":"","overlay-color":"","overlay-opacity":"","overlay-gradient":""}},"ast-content-background-meta":{"desktop":{"background-color":"var(--ast-global-color-5)","background-image":"","background-repeat":"repeat","background-position":"center center","background-size":"auto","background-attachment":"scroll","background-type":"","background-media":"","overlay-type":"","overlay-color":"","overlay-opacity":"","overlay-gradient":""},"tablet":{"background-color":"var(--ast-global-color-5)","background-image":"","background-repeat":"repeat","background-position":"center center","background-size":"auto","background-attachment":"scroll","background-type":"","background-media":"","overlay-type":"","overlay-color":"","overlay-opacity":"","overlay-gradient":""},"mobile":{"background-color":"var(--ast-global-color-5)","background-image":"","background-repeat":"repeat","background-position":"center center","background-size":"auto","background-attachment":"scroll","background-type":"","background-media":"","overlay-type":"","overlay-color":"","overlay-opacity":"","overlay-gradient":""}},"footnotes":""},"categories":[14],"tags":[],"class_list":["post-27586","post","type-post","status-publish","format-standard","has-post-thumbnail","hentry","category-veranstaltung"],"acf":[],"yoast_head":"<!-- This site is optimized with the Yoast SEO plugin v27.5 - https:\/\/yoast.com\/product\/yoast-seo-wordpress\/ -->\n<title>\u00d6kolandbau-Convergence in Deutschland vom 19. bis 22. Oktober 2023 - Permakultur-Landwirtschaft<\/title>\n<meta name=\"robots\" content=\"index, follow, max-snippet:-1, max-image-preview:large, max-video-preview:-1\" \/>\n<link rel=\"canonical\" href=\"https:\/\/permakultur-landwirtschaft.org\/fr\/oekolandbau-convergence-in-deutschland-vom-19-bis-22-oktober-2023\/\" \/>\n<meta property=\"og:locale\" content=\"fr_FR\" \/>\n<meta property=\"og:type\" content=\"article\" \/>\n<meta property=\"og:title\" content=\"\u00d6kolandbau-Convergence in Deutschland vom 19. bis 22. Oktober 2023 - Permakultur-Landwirtschaft\" \/>\n<meta property=\"og:description\" content=\"Text von theconvergence.info:\u00d6kolandbau trifft Permakultur Wir laden Menschen aus den Bereichen \u00d6kolandbau und Permakultur mit au\u00dfergew\u00f6hnlichen Ideen und L\u00f6sungen in den Lebensgarten Steyerberg ein, die in Harmonie mit der Natur arbeiten, das Leben f\u00f6rdern wollen und praktisch experimentieren und forschen. Mit unserem Veranstaltungsformat, der Konferenztechnik Open Space, das sich stark an den Interessen und Bed\u00fcrfnissen [&hellip;]\" \/>\n<meta property=\"og:url\" content=\"https:\/\/permakultur-landwirtschaft.org\/fr\/oekolandbau-convergence-in-deutschland-vom-19-bis-22-oktober-2023\/\" \/>\n<meta property=\"og:site_name\" content=\"Permakultur-Landwirtschaft\" \/>\n<meta property=\"article:publisher\" content=\"https:\/\/www.facebook.com\/PermakulturLandwirtschaft\" \/>\n<meta property=\"article:published_time\" content=\"2023-06-15T16:26:00+00:00\" \/>\n<meta property=\"article:modified_time\" content=\"2024-07-12T14:50:45+00:00\" \/>\n<meta property=\"og:image\" content=\"https:\/\/permakultur-landwirtschaft.org\/wp-content\/uploads\/2023\/01\/oekolandbau_convergence_2023-01-10_15-00-33.jpg\" \/>\n\t<meta property=\"og:image:width\" content=\"701\" \/>\n\t<meta property=\"og:image:height\" content=\"349\" \/>\n\t<meta property=\"og:image:type\" content=\"image\/jpeg\" \/>\n<meta name=\"author\" content=\"adrian reutimann\" \/>\n<meta name=\"twitter:card\" content=\"summary_large_image\" \/>\n<meta name=\"twitter:label1\" content=\"\u00c9crit par\" \/>\n\t<meta name=\"twitter:data1\" content=\"adrian reutimann\" \/>\n\t<meta name=\"twitter:label2\" content=\"Dur\u00e9e de lecture estim\u00e9e\" \/>\n\t<meta name=\"twitter:data2\" content=\"2 minutes\" \/>\n<script type=\"application\/ld+json\" class=\"yoast-schema-graph\">{\"@context\":\"https:\\\/\\\/schema.org\",\"@graph\":[{\"@type\":\"Article\",\"@id\":\"https:\\\/\\\/permakultur-landwirtschaft.org\\\/oekolandbau-convergence-in-deutschland-vom-19-bis-22-oktober-2023\\\/#article\",\"isPartOf\":{\"@id\":\"https:\\\/\\\/permakultur-landwirtschaft.org\\\/oekolandbau-convergence-in-deutschland-vom-19-bis-22-oktober-2023\\\/\"},\"author\":{\"name\":\"adrian reutimann\",\"@id\":\"https:\\\/\\\/permakultur-landwirtschaft.org\\\/#\\\/schema\\\/person\\\/6b0467872f75aed3e144093f9bf4f0b0\"},\"headline\":\"\u00d6kolandbau-Convergence in Deutschland vom 19. bis 22. Oktober 2023\",\"datePublished\":\"2023-06-15T16:26:00+00:00\",\"dateModified\":\"2024-07-12T14:50:45+00:00\",\"mainEntityOfPage\":{\"@id\":\"https:\\\/\\\/permakultur-landwirtschaft.org\\\/oekolandbau-convergence-in-deutschland-vom-19-bis-22-oktober-2023\\\/\"},\"wordCount\":133,\"publisher\":{\"@id\":\"https:\\\/\\\/permakultur-landwirtschaft.org\\\/#organization\"},\"image\":{\"@id\":\"https:\\\/\\\/permakultur-landwirtschaft.org\\\/oekolandbau-convergence-in-deutschland-vom-19-bis-22-oktober-2023\\\/#primaryimage\"},\"thumbnailUrl\":\"https:\\\/\\\/permakultur-landwirtschaft.org\\\/wp-content\\\/uploads\\\/2023\\\/01\\\/oekolandbau_convergence_2023-01-10_15-00-33.jpg\",\"articleSection\":[\"Veranstaltung\"],\"inLanguage\":\"fr-FR\"},{\"@type\":\"WebPage\",\"@id\":\"https:\\\/\\\/permakultur-landwirtschaft.org\\\/oekolandbau-convergence-in-deutschland-vom-19-bis-22-oktober-2023\\\/\",\"url\":\"https:\\\/\\\/permakultur-landwirtschaft.org\\\/oekolandbau-convergence-in-deutschland-vom-19-bis-22-oktober-2023\\\/\",\"name\":\"\u00d6kolandbau-Convergence in Deutschland vom 19. bis 22. Oktober 2023 - Permakultur-Landwirtschaft\",\"isPartOf\":{\"@id\":\"https:\\\/\\\/permakultur-landwirtschaft.org\\\/#website\"},\"primaryImageOfPage\":{\"@id\":\"https:\\\/\\\/permakultur-landwirtschaft.org\\\/oekolandbau-convergence-in-deutschland-vom-19-bis-22-oktober-2023\\\/#primaryimage\"},\"image\":{\"@id\":\"https:\\\/\\\/permakultur-landwirtschaft.org\\\/oekolandbau-convergence-in-deutschland-vom-19-bis-22-oktober-2023\\\/#primaryimage\"},\"thumbnailUrl\":\"https:\\\/\\\/permakultur-landwirtschaft.org\\\/wp-content\\\/uploads\\\/2023\\\/01\\\/oekolandbau_convergence_2023-01-10_15-00-33.jpg\",\"datePublished\":\"2023-06-15T16:26:00+00:00\",\"dateModified\":\"2024-07-12T14:50:45+00:00\",\"breadcrumb\":{\"@id\":\"https:\\\/\\\/permakultur-landwirtschaft.org\\\/oekolandbau-convergence-in-deutschland-vom-19-bis-22-oktober-2023\\\/#breadcrumb\"},\"inLanguage\":\"fr-FR\",\"potentialAction\":[{\"@type\":\"ReadAction\",\"target\":[\"https:\\\/\\\/permakultur-landwirtschaft.org\\\/oekolandbau-convergence-in-deutschland-vom-19-bis-22-oktober-2023\\\/\"]}]},{\"@type\":\"ImageObject\",\"inLanguage\":\"fr-FR\",\"@id\":\"https:\\\/\\\/permakultur-landwirtschaft.org\\\/oekolandbau-convergence-in-deutschland-vom-19-bis-22-oktober-2023\\\/#primaryimage\",\"url\":\"https:\\\/\\\/permakultur-landwirtschaft.org\\\/wp-content\\\/uploads\\\/2023\\\/01\\\/oekolandbau_convergence_2023-01-10_15-00-33.jpg\",\"contentUrl\":\"https:\\\/\\\/permakultur-landwirtschaft.org\\\/wp-content\\\/uploads\\\/2023\\\/01\\\/oekolandbau_convergence_2023-01-10_15-00-33.jpg\",\"width\":701,\"height\":349},{\"@type\":\"BreadcrumbList\",\"@id\":\"https:\\\/\\\/permakultur-landwirtschaft.org\\\/oekolandbau-convergence-in-deutschland-vom-19-bis-22-oktober-2023\\\/#breadcrumb\",\"itemListElement\":[{\"@type\":\"ListItem\",\"position\":1,\"name\":\"Startseite\",\"item\":\"https:\\\/\\\/permakultur-landwirtschaft.org\\\/\"},{\"@type\":\"ListItem\",\"position\":2,\"name\":\"\u00d6kolandbau-Convergence in Deutschland vom 19. bis 22. Oktober 2023\"}]},{\"@type\":\"WebSite\",\"@id\":\"https:\\\/\\\/permakultur-landwirtschaft.org\\\/#website\",\"url\":\"https:\\\/\\\/permakultur-landwirtschaft.org\\\/\",\"name\":\"Permakultur-Landwirtschaft\",\"description\":\"F\u00f6rderung der Permakultur in der Landwirtschaft\",\"publisher\":{\"@id\":\"https:\\\/\\\/permakultur-landwirtschaft.org\\\/#organization\"},\"potentialAction\":[{\"@type\":\"SearchAction\",\"target\":{\"@type\":\"EntryPoint\",\"urlTemplate\":\"https:\\\/\\\/permakultur-landwirtschaft.org\\\/?s={search_term_string}\"},\"query-input\":{\"@type\":\"PropertyValueSpecification\",\"valueRequired\":true,\"valueName\":\"search_term_string\"}}],\"inLanguage\":\"fr-FR\"},{\"@type\":\"Organization\",\"@id\":\"https:\\\/\\\/permakultur-landwirtschaft.org\\\/#organization\",\"name\":\"Permakultur-Landwirtschaft\",\"alternateName\":\"Verein Permakultur-Landwirtschaft\",\"url\":\"https:\\\/\\\/permakultur-landwirtschaft.org\\\/\",\"logo\":{\"@type\":\"ImageObject\",\"inLanguage\":\"fr-FR\",\"@id\":\"https:\\\/\\\/permakultur-landwirtschaft.org\\\/#\\\/schema\\\/logo\\\/image\\\/\",\"url\":\"https:\\\/\\\/permakultur-landwirtschaft.org\\\/wp-content\\\/uploads\\\/2021\\\/11\\\/pela_1268x1269.png\",\"contentUrl\":\"https:\\\/\\\/permakultur-landwirtschaft.org\\\/wp-content\\\/uploads\\\/2021\\\/11\\\/pela_1268x1269.png\",\"width\":1298,\"height\":1269,\"caption\":\"Permakultur-Landwirtschaft\"},\"image\":{\"@id\":\"https:\\\/\\\/permakultur-landwirtschaft.org\\\/#\\\/schema\\\/logo\\\/image\\\/\"},\"sameAs\":[\"https:\\\/\\\/www.facebook.com\\\/PermakulturLandwirtschaft\",\"https:\\\/\\\/www.instagram.com\\\/permakultur_landwirtschaft\\\/\",\"https:\\\/\\\/www.flickr.com\\\/photos\\\/permakultur-landwirtschaft\",\"https:\\\/\\\/www.youtube.com\\\/@PermakulturLandwirtschaft\"]},{\"@type\":\"Person\",\"@id\":\"https:\\\/\\\/permakultur-landwirtschaft.org\\\/#\\\/schema\\\/person\\\/6b0467872f75aed3e144093f9bf4f0b0\",\"name\":\"adrian reutimann\",\"url\":\"https:\\\/\\\/permakultur-landwirtschaft.org\\\/fr\\\/author\\\/reutiadr\\\/\"}]}<\/script>\n<!-- \/ Yoast SEO plugin. -->","yoast_head_json":{"title":"\u00d6kolandbau-Convergence in Deutschland vom 19. bis 22. Oktober 2023 - Permakultur-Landwirtschaft","robots":{"index":"index","follow":"follow","max-snippet":"max-snippet:-1","max-image-preview":"max-image-preview:large","max-video-preview":"max-video-preview:-1"},"canonical":"https:\/\/permakultur-landwirtschaft.org\/fr\/oekolandbau-convergence-in-deutschland-vom-19-bis-22-oktober-2023\/","og_locale":"fr_FR","og_type":"article","og_title":"\u00d6kolandbau-Convergence in Deutschland vom 19. bis 22. Oktober 2023 - Permakultur-Landwirtschaft","og_description":"Text von theconvergence.info:\u00d6kolandbau trifft Permakultur Wir laden Menschen aus den Bereichen \u00d6kolandbau und Permakultur mit au\u00dfergew\u00f6hnlichen Ideen und L\u00f6sungen in den Lebensgarten Steyerberg ein, die in Harmonie mit der Natur arbeiten, das Leben f\u00f6rdern wollen und praktisch experimentieren und forschen. Mit unserem Veranstaltungsformat, der Konferenztechnik Open Space, das sich stark an den Interessen und Bed\u00fcrfnissen [&hellip;]","og_url":"https:\/\/permakultur-landwirtschaft.org\/fr\/oekolandbau-convergence-in-deutschland-vom-19-bis-22-oktober-2023\/","og_site_name":"Permakultur-Landwirtschaft","article_publisher":"https:\/\/www.facebook.com\/PermakulturLandwirtschaft","article_published_time":"2023-06-15T16:26:00+00:00","article_modified_time":"2024-07-12T14:50:45+00:00","og_image":[{"width":701,"height":349,"url":"https:\/\/permakultur-landwirtschaft.org\/wp-content\/uploads\/2023\/01\/oekolandbau_convergence_2023-01-10_15-00-33.jpg","type":"image\/jpeg"}],"author":"adrian reutimann","twitter_card":"summary_large_image","twitter_misc":{"\u00c9crit par":"adrian reutimann","Dur\u00e9e de lecture estim\u00e9e":"2 minutes"},"schema":{"@context":"https:\/\/schema.org","@graph":[{"@type":"Article","@id":"https:\/\/permakultur-landwirtschaft.org\/oekolandbau-convergence-in-deutschland-vom-19-bis-22-oktober-2023\/#article","isPartOf":{"@id":"https:\/\/permakultur-landwirtschaft.org\/oekolandbau-convergence-in-deutschland-vom-19-bis-22-oktober-2023\/"},"author":{"name":"adrian reutimann","@id":"https:\/\/permakultur-landwirtschaft.org\/#\/schema\/person\/6b0467872f75aed3e144093f9bf4f0b0"},"headline":"\u00d6kolandbau-Convergence in Deutschland vom 19. bis 22. Oktober 2023","datePublished":"2023-06-15T16:26:00+00:00","dateModified":"2024-07-12T14:50:45+00:00","mainEntityOfPage":{"@id":"https:\/\/permakultur-landwirtschaft.org\/oekolandbau-convergence-in-deutschland-vom-19-bis-22-oktober-2023\/"},"wordCount":133,"publisher":{"@id":"https:\/\/permakultur-landwirtschaft.org\/#organization"},"image":{"@id":"https:\/\/permakultur-landwirtschaft.org\/oekolandbau-convergence-in-deutschland-vom-19-bis-22-oktober-2023\/#primaryimage"},"thumbnailUrl":"https:\/\/permakultur-landwirtschaft.org\/wp-content\/uploads\/2023\/01\/oekolandbau_convergence_2023-01-10_15-00-33.jpg","articleSection":["Veranstaltung"],"inLanguage":"fr-FR"},{"@type":"WebPage","@id":"https:\/\/permakultur-landwirtschaft.org\/oekolandbau-convergence-in-deutschland-vom-19-bis-22-oktober-2023\/","url":"https:\/\/permakultur-landwirtschaft.org\/oekolandbau-convergence-in-deutschland-vom-19-bis-22-oktober-2023\/","name":"\u00d6kolandbau-Convergence in Deutschland vom 19. bis 22. Oktober 2023 - Permakultur-Landwirtschaft","isPartOf":{"@id":"https:\/\/permakultur-landwirtschaft.org\/#website"},"primaryImageOfPage":{"@id":"https:\/\/permakultur-landwirtschaft.org\/oekolandbau-convergence-in-deutschland-vom-19-bis-22-oktober-2023\/#primaryimage"},"image":{"@id":"https:\/\/permakultur-landwirtschaft.org\/oekolandbau-convergence-in-deutschland-vom-19-bis-22-oktober-2023\/#primaryimage"},"thumbnailUrl":"https:\/\/permakultur-landwirtschaft.org\/wp-content\/uploads\/2023\/01\/oekolandbau_convergence_2023-01-10_15-00-33.jpg","datePublished":"2023-06-15T16:26:00+00:00","dateModified":"2024-07-12T14:50:45+00:00","breadcrumb":{"@id":"https:\/\/permakultur-landwirtschaft.org\/oekolandbau-convergence-in-deutschland-vom-19-bis-22-oktober-2023\/#breadcrumb"},"inLanguage":"fr-FR","potentialAction":[{"@type":"ReadAction","target":["https:\/\/permakultur-landwirtschaft.org\/oekolandbau-convergence-in-deutschland-vom-19-bis-22-oktober-2023\/"]}]},{"@type":"ImageObject","inLanguage":"fr-FR","@id":"https:\/\/permakultur-landwirtschaft.org\/oekolandbau-convergence-in-deutschland-vom-19-bis-22-oktober-2023\/#primaryimage","url":"https:\/\/permakultur-landwirtschaft.org\/wp-content\/uploads\/2023\/01\/oekolandbau_convergence_2023-01-10_15-00-33.jpg","contentUrl":"https:\/\/permakultur-landwirtschaft.org\/wp-content\/uploads\/2023\/01\/oekolandbau_convergence_2023-01-10_15-00-33.jpg","width":701,"height":349},{"@type":"BreadcrumbList","@id":"https:\/\/permakultur-landwirtschaft.org\/oekolandbau-convergence-in-deutschland-vom-19-bis-22-oktober-2023\/#breadcrumb","itemListElement":[{"@type":"ListItem","position":1,"name":"Startseite","item":"https:\/\/permakultur-landwirtschaft.org\/"},{"@type":"ListItem","position":2,"name":"\u00d6kolandbau-Convergence in Deutschland vom 19. bis 22. Oktober 2023"}]},{"@type":"WebSite","@id":"https:\/\/permakultur-landwirtschaft.org\/#website","url":"https:\/\/permakultur-landwirtschaft.org\/","name":"Permakultur-Landwirtschaft","description":"F\u00f6rderung der Permakultur in der Landwirtschaft","publisher":{"@id":"https:\/\/permakultur-landwirtschaft.org\/#organization"},"potentialAction":[{"@type":"SearchAction","target":{"@type":"EntryPoint","urlTemplate":"https:\/\/permakultur-landwirtschaft.org\/?s={search_term_string}"},"query-input":{"@type":"PropertyValueSpecification","valueRequired":true,"valueName":"search_term_string"}}],"inLanguage":"fr-FR"},{"@type":"Organization","@id":"https:\/\/permakultur-landwirtschaft.org\/#organization","name":"Permakultur-Landwirtschaft","alternateName":"Verein Permakultur-Landwirtschaft","url":"https:\/\/permakultur-landwirtschaft.org\/","logo":{"@type":"ImageObject","inLanguage":"fr-FR","@id":"https:\/\/permakultur-landwirtschaft.org\/#\/schema\/logo\/image\/","url":"https:\/\/permakultur-landwirtschaft.org\/wp-content\/uploads\/2021\/11\/pela_1268x1269.png","contentUrl":"https:\/\/permakultur-landwirtschaft.org\/wp-content\/uploads\/2021\/11\/pela_1268x1269.png","width":1298,"height":1269,"caption":"Permakultur-Landwirtschaft"},"image":{"@id":"https:\/\/permakultur-landwirtschaft.org\/#\/schema\/logo\/image\/"},"sameAs":["https:\/\/www.facebook.com\/PermakulturLandwirtschaft","https:\/\/www.instagram.com\/permakultur_landwirtschaft\/","https:\/\/www.flickr.com\/photos\/permakultur-landwirtschaft","https:\/\/www.youtube.com\/@PermakulturLandwirtschaft"]},{"@type":"Person","@id":"https:\/\/permakultur-landwirtschaft.org\/#\/schema\/person\/6b0467872f75aed3e144093f9bf4f0b0","name":"adrian reutimann","url":"https:\/\/permakultur-landwirtschaft.org\/fr\/author\/reutiadr\/"}]}},"_links":{"self":[{"href":"https:\/\/permakultur-landwirtschaft.org\/fr\/wp-json\/wp\/v2\/posts\/27586","targetHints":{"allow":["GET"]}}],"collection":[{"href":"https:\/\/permakultur-landwirtschaft.org\/fr\/wp-json\/wp\/v2\/posts"}],"about":[{"href":"https:\/\/permakultur-landwirtschaft.org\/fr\/wp-json\/wp\/v2\/types\/post"}],"author":[{"embeddable":true,"href":"https:\/\/permakultur-landwirtschaft.org\/fr\/wp-json\/wp\/v2\/users\/2"}],"replies":[{"embeddable":true,"href":"https:\/\/permakultur-landwirtschaft.org\/fr\/wp-json\/wp\/v2\/comments?post=27586"}],"version-history":[{"count":8,"href":"https:\/\/permakultur-landwirtschaft.org\/fr\/wp-json\/wp\/v2\/posts\/27586\/revisions"}],"predecessor-version":[{"id":35063,"href":"https:\/\/permakultur-landwirtschaft.org\/fr\/wp-json\/wp\/v2\/posts\/27586\/revisions\/35063"}],"wp:featuredmedia":[{"embeddable":true,"href":"https:\/\/permakultur-landwirtschaft.org\/fr\/wp-json\/wp\/v2\/media\/27587"}],"wp:attachment":[{"href":"https:\/\/permakultur-landwirtschaft.org\/fr\/wp-json\/wp\/v2\/media?parent=27586"}],"wp:term":[{"taxonomy":"category","embeddable":true,"href":"https:\/\/permakultur-landwirtschaft.org\/fr\/wp-json\/wp\/v2\/categories?post=27586"},{"taxonomy":"post_tag","embeddable":true,"href":"https:\/\/permakultur-landwirtschaft.org\/fr\/wp-json\/wp\/v2\/tags?post=27586"}],"curies":[{"name":"wp","href":"https:\/\/api.w.org\/{rel}","templated":true}]}}