{"id":26863,"date":"2022-12-07T13:25:00","date_gmt":"2022-12-07T12:25:00","guid":{"rendered":"https:\/\/permakultur-landwirtschaft.org\/?p=26863"},"modified":"2022-12-13T16:20:51","modified_gmt":"2022-12-13T15:20:51","slug":"mulch-erlenhof-2022","status":"publish","type":"post","link":"https:\/\/permakultur-landwirtschaft.org\/fr\/mulch-erlenhof-2022\/","title":{"rendered":"Der Kabis gedeiht pr\u00e4chtig in 12 Zentimeter dickem Mulch &#8211; BauernZeitung \u00fcber den Erlenhof vom 07. Dezember 2022"},"content":{"rendered":"<p>Text von bauernzeitung.ch:<\/p>\n\n\n\n<p>Auf dem Erlenhof ist mit Kabis in einer dicken Mulchschicht eine Premiere gegl\u00fcckt. F\u00fcrs Pflanzen kam eine Maschine aus Deutschland zum Einsatz, die Betriebsleiter haben aber bereits eine eigene ausget\u00fcftelt.<\/p>\n\n\n\n<h3 class=\"wp-block-heading\">Fr\u00fcher 10&#8217;000 bis 15&#8217;000 Franken f\u00fcr D\u00fcnger ausgegeben<\/h3>\n\n\n\n<p>Zwar bringt der frisch verteilte Mulch N\u00e4hrstoffe aufs Kabisfeld. Die Zersetzung des Materials braucht jedoch Zeit und zehrt zuerst Stickstoff \u2013 je weiter das C:N- (Kohlenstoff\/ Stickstoff) Verh\u00e4ltnis des Mulchs ist, desto mehr Stickstoff wird f\u00fcr dessen Abbau verbraucht. Daher hat Xaver Heller das Gem\u00fcse beim Setzen mit einer Unterfussd\u00fcngung versorgt. \u00abWir streben beim Mulch ein C:N-Verh\u00e4ltnis von etwa 20-25:1 an\u00bb, erl\u00e4utert er. Auf dem Hof arbeiten die Betriebsleiter mit reduzierter Bodenbearbeitung.<\/p>\n\n\n\n<p>Trotzdem erreiche man gute Ertr\u00e4ge. Fr\u00fcher hat Heller nach eigenen Angaben 10\u2019000 bis &#8211; 15&#8217;000 Franken f\u00fcr D\u00fcnger ausgegeben. Jetzt solle der Mulch das Bodenleben n\u00e4hren und dieses wiederum die Kultur. Mit dem Geohobel mache er gute Erfahrungen. \u00abDer Humusgehalt steigt und beweist mir, dass dessen Aufbau auch bei einer intensiv produzierenden Landwirtschaft m\u00f6glich ist.\u00bb<\/p>\n\n\n\n<hr class=\"wp-block-separator has-alpha-channel-opacity\"\/>\n\n\n\n<p>Link zum Erlenhof: <a href=\"https:\/\/www.mein-hof.ch\/\" target=\"_blank\" rel=\"noreferrer noopener\">www.mein-hof.ch<\/a><\/p>\n\n\n\n<p>Link zum Beitrag in der Bauernzeitung: <a href=\"https:\/\/www.bauernzeitung.ch\/artikel\/landtechnik\/der-kabis-gedeiht-praechtig-in-12-zentimeter-dickem-mulch-450713\" target=\"_blank\" rel=\"noreferrer noopener\">www.bauernzeitung.ch\/artikel\/landtechnik\/der-kabis-gedeiht-praechtig-in-12-zentimeter-dickem-mulch-450713<\/a><\/p>\n\n\n\n<figure class=\"wp-block-image size-full\"><a href=\"https:\/\/www.bauernzeitung.ch\/artikel\/landtechnik\/der-kabis-gedeiht-praechtig-in-12-zentimeter-dickem-mulch-450713\" target=\"_blank\" rel=\"noopener\"><img fetchpriority=\"high\" decoding=\"async\" width=\"700\" height=\"525\" src=\"https:\/\/permakultur-landwirtschaft.org\/wp-content\/uploads\/2022\/12\/heller_bauernzeitung_csm_Mulch_2_bd10727cfa.jpg\" alt=\"\" class=\"wp-image-26864\" srcset=\"https:\/\/permakultur-landwirtschaft.org\/wp-content\/uploads\/2022\/12\/heller_bauernzeitung_csm_Mulch_2_bd10727cfa.jpg 700w, https:\/\/permakultur-landwirtschaft.org\/wp-content\/uploads\/2022\/12\/heller_bauernzeitung_csm_Mulch_2_bd10727cfa-300x225.jpg 300w\" sizes=\"(max-width: 700px) 100vw, 700px\" \/><\/a><figcaption class=\"wp-element-caption\">Bild: BauernZeitung &#8211; Jil Schuller<\/figcaption><\/figure>\n\n\n\n<hr class=\"wp-block-separator has-css-opacity\"\/>\n\n\n\n<h3 class=\"wp-block-heading\"><a href=\"https:\/\/permakultur-landwirtschaft.org\/fr\/medien\/\">Hier geht&#8217;s zur \u00dcbersicht aller Neuigkeiten<\/a><\/h3>","protected":false},"excerpt":{"rendered":"<p>Text von bauernzeitung.ch: Auf dem Erlenhof ist mit Kabis in einer dicken Mulchschicht eine Premiere gegl\u00fcckt. F\u00fcrs Pflanzen kam eine Maschine aus Deutschland zum Einsatz, die Betriebsleiter haben aber bereits eine eigene ausget\u00fcftelt. Fr\u00fcher 10&#8217;000 bis 15&#8217;000 Franken f\u00fcr D\u00fcnger ausgegeben Zwar bringt der frisch verteilte Mulch N\u00e4hrstoffe aufs Kabisfeld. Die Zersetzung des Materials braucht [&hellip;]<\/p>\n","protected":false},"author":2,"featured_media":26864,"comment_status":"closed","ping_status":"closed","sticky":false,"template":"","format":"standard","meta":{"_acf_changed":false,"site-sidebar-layout":"default","site-content-layout":"","ast-site-content-layout":"default","site-content-style":"default","site-sidebar-style":"default","ast-global-header-display":"","ast-banner-title-visibility":"","ast-main-header-display":"","ast-hfb-above-header-display":"","ast-hfb-below-header-display":"","ast-hfb-mobile-header-display":"","site-post-title":"","ast-breadcrumbs-content":"","ast-featured-img":"","footer-sml-layout":"","ast-disable-related-posts":"","theme-transparent-header-meta":"","adv-header-id-meta":"","stick-header-meta":"","header-above-stick-meta":"","header-main-stick-meta":"","header-below-stick-meta":"","astra-migrate-meta-layouts":"default","ast-page-background-enabled":"default","ast-page-background-meta":{"desktop":{"background-color":"var(--ast-global-color-4)","background-image":"","background-repeat":"repeat","background-position":"center center","background-size":"auto","background-attachment":"scroll","background-type":"","background-media":"","overlay-type":"","overlay-color":"","overlay-opacity":"","overlay-gradient":""},"tablet":{"background-color":"","background-image":"","background-repeat":"repeat","background-position":"center center","background-size":"auto","background-attachment":"scroll","background-type":"","background-media":"","overlay-type":"","overlay-color":"","overlay-opacity":"","overlay-gradient":""},"mobile":{"background-color":"","background-image":"","background-repeat":"repeat","background-position":"center center","background-size":"auto","background-attachment":"scroll","background-type":"","background-media":"","overlay-type":"","overlay-color":"","overlay-opacity":"","overlay-gradient":""}},"ast-content-background-meta":{"desktop":{"background-color":"var(--ast-global-color-5)","background-image":"","background-repeat":"repeat","background-position":"center center","background-size":"auto","background-attachment":"scroll","background-type":"","background-media":"","overlay-type":"","overlay-color":"","overlay-opacity":"","overlay-gradient":""},"tablet":{"background-color":"var(--ast-global-color-5)","background-image":"","background-repeat":"repeat","background-position":"center center","background-size":"auto","background-attachment":"scroll","background-type":"","background-media":"","overlay-type":"","overlay-color":"","overlay-opacity":"","overlay-gradient":""},"mobile":{"background-color":"var(--ast-global-color-5)","background-image":"","background-repeat":"repeat","background-position":"center center","background-size":"auto","background-attachment":"scroll","background-type":"","background-media":"","overlay-type":"","overlay-color":"","overlay-opacity":"","overlay-gradient":""}},"footnotes":""},"categories":[22],"tags":[],"class_list":["post-26863","post","type-post","status-publish","format-standard","has-post-thumbnail","hentry","category-neuigkeit"],"acf":[],"yoast_head":"<!-- This site is optimized with the Yoast SEO plugin v27.5 - https:\/\/yoast.com\/product\/yoast-seo-wordpress\/ -->\n<title>Der Kabis gedeiht pr\u00e4chtig in 12 Zentimeter dickem Mulch - BauernZeitung \u00fcber den Erlenhof vom 07. Dezember 2022 - Permakultur-Landwirtschaft<\/title>\n<meta name=\"robots\" content=\"index, follow, max-snippet:-1, max-image-preview:large, max-video-preview:-1\" \/>\n<link rel=\"canonical\" href=\"https:\/\/permakultur-landwirtschaft.org\/fr\/mulch-erlenhof-2022\/\" \/>\n<meta property=\"og:locale\" content=\"fr_FR\" \/>\n<meta property=\"og:type\" content=\"article\" \/>\n<meta property=\"og:title\" content=\"Der Kabis gedeiht pr\u00e4chtig in 12 Zentimeter dickem Mulch - BauernZeitung \u00fcber den Erlenhof vom 07. Dezember 2022 - Permakultur-Landwirtschaft\" \/>\n<meta property=\"og:description\" content=\"Text von bauernzeitung.ch: Auf dem Erlenhof ist mit Kabis in einer dicken Mulchschicht eine Premiere gegl\u00fcckt. F\u00fcrs Pflanzen kam eine Maschine aus Deutschland zum Einsatz, die Betriebsleiter haben aber bereits eine eigene ausget\u00fcftelt. Fr\u00fcher 10&#8217;000 bis 15&#8217;000 Franken f\u00fcr D\u00fcnger ausgegeben Zwar bringt der frisch verteilte Mulch N\u00e4hrstoffe aufs Kabisfeld. Die Zersetzung des Materials braucht [&hellip;]\" \/>\n<meta property=\"og:url\" content=\"https:\/\/permakultur-landwirtschaft.org\/fr\/mulch-erlenhof-2022\/\" \/>\n<meta property=\"og:site_name\" content=\"Permakultur-Landwirtschaft\" \/>\n<meta property=\"article:publisher\" content=\"https:\/\/www.facebook.com\/PermakulturLandwirtschaft\" \/>\n<meta property=\"article:published_time\" content=\"2022-12-07T12:25:00+00:00\" \/>\n<meta property=\"article:modified_time\" content=\"2022-12-13T15:20:51+00:00\" \/>\n<meta property=\"og:image\" content=\"https:\/\/permakultur-landwirtschaft.org\/wp-content\/uploads\/2022\/12\/heller_bauernzeitung_csm_Mulch_2_bd10727cfa.jpg\" \/>\n\t<meta property=\"og:image:width\" content=\"700\" \/>\n\t<meta property=\"og:image:height\" content=\"525\" \/>\n\t<meta property=\"og:image:type\" content=\"image\/jpeg\" \/>\n<meta name=\"author\" content=\"adrian reutimann\" \/>\n<meta name=\"twitter:card\" content=\"summary_large_image\" \/>\n<meta name=\"twitter:label1\" content=\"\u00c9crit par\" \/>\n\t<meta name=\"twitter:data1\" content=\"adrian reutimann\" \/>\n\t<meta name=\"twitter:label2\" content=\"Dur\u00e9e de lecture estim\u00e9e\" \/>\n\t<meta name=\"twitter:data2\" content=\"1 minute\" \/>\n<script type=\"application\/ld+json\" class=\"yoast-schema-graph\">{\"@context\":\"https:\\\/\\\/schema.org\",\"@graph\":[{\"@type\":\"Article\",\"@id\":\"https:\\\/\\\/permakultur-landwirtschaft.org\\\/mulch-erlenhof-2022\\\/#article\",\"isPartOf\":{\"@id\":\"https:\\\/\\\/permakultur-landwirtschaft.org\\\/mulch-erlenhof-2022\\\/\"},\"author\":{\"name\":\"adrian reutimann\",\"@id\":\"https:\\\/\\\/permakultur-landwirtschaft.org\\\/#\\\/schema\\\/person\\\/6b0467872f75aed3e144093f9bf4f0b0\"},\"headline\":\"Der Kabis gedeiht pr\u00e4chtig in 12 Zentimeter dickem Mulch &#8211; BauernZeitung \u00fcber den Erlenhof vom 07. Dezember 2022\",\"datePublished\":\"2022-12-07T12:25:00+00:00\",\"dateModified\":\"2022-12-13T15:20:51+00:00\",\"mainEntityOfPage\":{\"@id\":\"https:\\\/\\\/permakultur-landwirtschaft.org\\\/mulch-erlenhof-2022\\\/\"},\"wordCount\":232,\"publisher\":{\"@id\":\"https:\\\/\\\/permakultur-landwirtschaft.org\\\/#organization\"},\"image\":{\"@id\":\"https:\\\/\\\/permakultur-landwirtschaft.org\\\/mulch-erlenhof-2022\\\/#primaryimage\"},\"thumbnailUrl\":\"https:\\\/\\\/permakultur-landwirtschaft.org\\\/wp-content\\\/uploads\\\/2022\\\/12\\\/heller_bauernzeitung_csm_Mulch_2_bd10727cfa.jpg\",\"articleSection\":[\"Neuigkeit\"],\"inLanguage\":\"fr-FR\"},{\"@type\":\"WebPage\",\"@id\":\"https:\\\/\\\/permakultur-landwirtschaft.org\\\/mulch-erlenhof-2022\\\/\",\"url\":\"https:\\\/\\\/permakultur-landwirtschaft.org\\\/mulch-erlenhof-2022\\\/\",\"name\":\"Der Kabis gedeiht pr\u00e4chtig in 12 Zentimeter dickem Mulch - BauernZeitung \u00fcber den Erlenhof vom 07. Dezember 2022 - Permakultur-Landwirtschaft\",\"isPartOf\":{\"@id\":\"https:\\\/\\\/permakultur-landwirtschaft.org\\\/#website\"},\"primaryImageOfPage\":{\"@id\":\"https:\\\/\\\/permakultur-landwirtschaft.org\\\/mulch-erlenhof-2022\\\/#primaryimage\"},\"image\":{\"@id\":\"https:\\\/\\\/permakultur-landwirtschaft.org\\\/mulch-erlenhof-2022\\\/#primaryimage\"},\"thumbnailUrl\":\"https:\\\/\\\/permakultur-landwirtschaft.org\\\/wp-content\\\/uploads\\\/2022\\\/12\\\/heller_bauernzeitung_csm_Mulch_2_bd10727cfa.jpg\",\"datePublished\":\"2022-12-07T12:25:00+00:00\",\"dateModified\":\"2022-12-13T15:20:51+00:00\",\"breadcrumb\":{\"@id\":\"https:\\\/\\\/permakultur-landwirtschaft.org\\\/mulch-erlenhof-2022\\\/#breadcrumb\"},\"inLanguage\":\"fr-FR\",\"potentialAction\":[{\"@type\":\"ReadAction\",\"target\":[\"https:\\\/\\\/permakultur-landwirtschaft.org\\\/mulch-erlenhof-2022\\\/\"]}]},{\"@type\":\"ImageObject\",\"inLanguage\":\"fr-FR\",\"@id\":\"https:\\\/\\\/permakultur-landwirtschaft.org\\\/mulch-erlenhof-2022\\\/#primaryimage\",\"url\":\"https:\\\/\\\/permakultur-landwirtschaft.org\\\/wp-content\\\/uploads\\\/2022\\\/12\\\/heller_bauernzeitung_csm_Mulch_2_bd10727cfa.jpg\",\"contentUrl\":\"https:\\\/\\\/permakultur-landwirtschaft.org\\\/wp-content\\\/uploads\\\/2022\\\/12\\\/heller_bauernzeitung_csm_Mulch_2_bd10727cfa.jpg\",\"width\":700,\"height\":525},{\"@type\":\"BreadcrumbList\",\"@id\":\"https:\\\/\\\/permakultur-landwirtschaft.org\\\/mulch-erlenhof-2022\\\/#breadcrumb\",\"itemListElement\":[{\"@type\":\"ListItem\",\"position\":1,\"name\":\"Startseite\",\"item\":\"https:\\\/\\\/permakultur-landwirtschaft.org\\\/\"},{\"@type\":\"ListItem\",\"position\":2,\"name\":\"Der Kabis gedeiht pr\u00e4chtig in 12 Zentimeter dickem Mulch &#8211; BauernZeitung \u00fcber den Erlenhof vom 07. Dezember 2022\"}]},{\"@type\":\"WebSite\",\"@id\":\"https:\\\/\\\/permakultur-landwirtschaft.org\\\/#website\",\"url\":\"https:\\\/\\\/permakultur-landwirtschaft.org\\\/\",\"name\":\"Permakultur-Landwirtschaft\",\"description\":\"F\u00f6rderung der Permakultur in der Landwirtschaft\",\"publisher\":{\"@id\":\"https:\\\/\\\/permakultur-landwirtschaft.org\\\/#organization\"},\"potentialAction\":[{\"@type\":\"SearchAction\",\"target\":{\"@type\":\"EntryPoint\",\"urlTemplate\":\"https:\\\/\\\/permakultur-landwirtschaft.org\\\/?s={search_term_string}\"},\"query-input\":{\"@type\":\"PropertyValueSpecification\",\"valueRequired\":true,\"valueName\":\"search_term_string\"}}],\"inLanguage\":\"fr-FR\"},{\"@type\":\"Organization\",\"@id\":\"https:\\\/\\\/permakultur-landwirtschaft.org\\\/#organization\",\"name\":\"Permakultur-Landwirtschaft\",\"alternateName\":\"Verein Permakultur-Landwirtschaft\",\"url\":\"https:\\\/\\\/permakultur-landwirtschaft.org\\\/\",\"logo\":{\"@type\":\"ImageObject\",\"inLanguage\":\"fr-FR\",\"@id\":\"https:\\\/\\\/permakultur-landwirtschaft.org\\\/#\\\/schema\\\/logo\\\/image\\\/\",\"url\":\"https:\\\/\\\/permakultur-landwirtschaft.org\\\/wp-content\\\/uploads\\\/2021\\\/11\\\/pela_1268x1269.png\",\"contentUrl\":\"https:\\\/\\\/permakultur-landwirtschaft.org\\\/wp-content\\\/uploads\\\/2021\\\/11\\\/pela_1268x1269.png\",\"width\":1298,\"height\":1269,\"caption\":\"Permakultur-Landwirtschaft\"},\"image\":{\"@id\":\"https:\\\/\\\/permakultur-landwirtschaft.org\\\/#\\\/schema\\\/logo\\\/image\\\/\"},\"sameAs\":[\"https:\\\/\\\/www.facebook.com\\\/PermakulturLandwirtschaft\",\"https:\\\/\\\/www.instagram.com\\\/permakultur_landwirtschaft\\\/\",\"https:\\\/\\\/www.flickr.com\\\/photos\\\/permakultur-landwirtschaft\",\"https:\\\/\\\/www.youtube.com\\\/@PermakulturLandwirtschaft\"]},{\"@type\":\"Person\",\"@id\":\"https:\\\/\\\/permakultur-landwirtschaft.org\\\/#\\\/schema\\\/person\\\/6b0467872f75aed3e144093f9bf4f0b0\",\"name\":\"adrian reutimann\",\"url\":\"https:\\\/\\\/permakultur-landwirtschaft.org\\\/fr\\\/author\\\/reutiadr\\\/\"}]}<\/script>\n<!-- \/ Yoast SEO plugin. -->","yoast_head_json":{"title":"Der Kabis gedeiht pr\u00e4chtig in 12 Zentimeter dickem Mulch - BauernZeitung \u00fcber den Erlenhof vom 07. Dezember 2022 - Permakultur-Landwirtschaft","robots":{"index":"index","follow":"follow","max-snippet":"max-snippet:-1","max-image-preview":"max-image-preview:large","max-video-preview":"max-video-preview:-1"},"canonical":"https:\/\/permakultur-landwirtschaft.org\/fr\/mulch-erlenhof-2022\/","og_locale":"fr_FR","og_type":"article","og_title":"Der Kabis gedeiht pr\u00e4chtig in 12 Zentimeter dickem Mulch - BauernZeitung \u00fcber den Erlenhof vom 07. Dezember 2022 - Permakultur-Landwirtschaft","og_description":"Text von bauernzeitung.ch: Auf dem Erlenhof ist mit Kabis in einer dicken Mulchschicht eine Premiere gegl\u00fcckt. F\u00fcrs Pflanzen kam eine Maschine aus Deutschland zum Einsatz, die Betriebsleiter haben aber bereits eine eigene ausget\u00fcftelt. Fr\u00fcher 10&#8217;000 bis 15&#8217;000 Franken f\u00fcr D\u00fcnger ausgegeben Zwar bringt der frisch verteilte Mulch N\u00e4hrstoffe aufs Kabisfeld. Die Zersetzung des Materials braucht [&hellip;]","og_url":"https:\/\/permakultur-landwirtschaft.org\/fr\/mulch-erlenhof-2022\/","og_site_name":"Permakultur-Landwirtschaft","article_publisher":"https:\/\/www.facebook.com\/PermakulturLandwirtschaft","article_published_time":"2022-12-07T12:25:00+00:00","article_modified_time":"2022-12-13T15:20:51+00:00","og_image":[{"width":700,"height":525,"url":"https:\/\/permakultur-landwirtschaft.org\/wp-content\/uploads\/2022\/12\/heller_bauernzeitung_csm_Mulch_2_bd10727cfa.jpg","type":"image\/jpeg"}],"author":"adrian reutimann","twitter_card":"summary_large_image","twitter_misc":{"\u00c9crit par":"adrian reutimann","Dur\u00e9e de lecture estim\u00e9e":"1 minute"},"schema":{"@context":"https:\/\/schema.org","@graph":[{"@type":"Article","@id":"https:\/\/permakultur-landwirtschaft.org\/mulch-erlenhof-2022\/#article","isPartOf":{"@id":"https:\/\/permakultur-landwirtschaft.org\/mulch-erlenhof-2022\/"},"author":{"name":"adrian reutimann","@id":"https:\/\/permakultur-landwirtschaft.org\/#\/schema\/person\/6b0467872f75aed3e144093f9bf4f0b0"},"headline":"Der Kabis gedeiht pr\u00e4chtig in 12 Zentimeter dickem Mulch &#8211; BauernZeitung \u00fcber den Erlenhof vom 07. Dezember 2022","datePublished":"2022-12-07T12:25:00+00:00","dateModified":"2022-12-13T15:20:51+00:00","mainEntityOfPage":{"@id":"https:\/\/permakultur-landwirtschaft.org\/mulch-erlenhof-2022\/"},"wordCount":232,"publisher":{"@id":"https:\/\/permakultur-landwirtschaft.org\/#organization"},"image":{"@id":"https:\/\/permakultur-landwirtschaft.org\/mulch-erlenhof-2022\/#primaryimage"},"thumbnailUrl":"https:\/\/permakultur-landwirtschaft.org\/wp-content\/uploads\/2022\/12\/heller_bauernzeitung_csm_Mulch_2_bd10727cfa.jpg","articleSection":["Neuigkeit"],"inLanguage":"fr-FR"},{"@type":"WebPage","@id":"https:\/\/permakultur-landwirtschaft.org\/mulch-erlenhof-2022\/","url":"https:\/\/permakultur-landwirtschaft.org\/mulch-erlenhof-2022\/","name":"Der Kabis gedeiht pr\u00e4chtig in 12 Zentimeter dickem Mulch - BauernZeitung \u00fcber den Erlenhof vom 07. Dezember 2022 - Permakultur-Landwirtschaft","isPartOf":{"@id":"https:\/\/permakultur-landwirtschaft.org\/#website"},"primaryImageOfPage":{"@id":"https:\/\/permakultur-landwirtschaft.org\/mulch-erlenhof-2022\/#primaryimage"},"image":{"@id":"https:\/\/permakultur-landwirtschaft.org\/mulch-erlenhof-2022\/#primaryimage"},"thumbnailUrl":"https:\/\/permakultur-landwirtschaft.org\/wp-content\/uploads\/2022\/12\/heller_bauernzeitung_csm_Mulch_2_bd10727cfa.jpg","datePublished":"2022-12-07T12:25:00+00:00","dateModified":"2022-12-13T15:20:51+00:00","breadcrumb":{"@id":"https:\/\/permakultur-landwirtschaft.org\/mulch-erlenhof-2022\/#breadcrumb"},"inLanguage":"fr-FR","potentialAction":[{"@type":"ReadAction","target":["https:\/\/permakultur-landwirtschaft.org\/mulch-erlenhof-2022\/"]}]},{"@type":"ImageObject","inLanguage":"fr-FR","@id":"https:\/\/permakultur-landwirtschaft.org\/mulch-erlenhof-2022\/#primaryimage","url":"https:\/\/permakultur-landwirtschaft.org\/wp-content\/uploads\/2022\/12\/heller_bauernzeitung_csm_Mulch_2_bd10727cfa.jpg","contentUrl":"https:\/\/permakultur-landwirtschaft.org\/wp-content\/uploads\/2022\/12\/heller_bauernzeitung_csm_Mulch_2_bd10727cfa.jpg","width":700,"height":525},{"@type":"BreadcrumbList","@id":"https:\/\/permakultur-landwirtschaft.org\/mulch-erlenhof-2022\/#breadcrumb","itemListElement":[{"@type":"ListItem","position":1,"name":"Startseite","item":"https:\/\/permakultur-landwirtschaft.org\/"},{"@type":"ListItem","position":2,"name":"Der Kabis gedeiht pr\u00e4chtig in 12 Zentimeter dickem Mulch &#8211; BauernZeitung \u00fcber den Erlenhof vom 07. Dezember 2022"}]},{"@type":"WebSite","@id":"https:\/\/permakultur-landwirtschaft.org\/#website","url":"https:\/\/permakultur-landwirtschaft.org\/","name":"Permakultur-Landwirtschaft","description":"F\u00f6rderung der Permakultur in der Landwirtschaft","publisher":{"@id":"https:\/\/permakultur-landwirtschaft.org\/#organization"},"potentialAction":[{"@type":"SearchAction","target":{"@type":"EntryPoint","urlTemplate":"https:\/\/permakultur-landwirtschaft.org\/?s={search_term_string}"},"query-input":{"@type":"PropertyValueSpecification","valueRequired":true,"valueName":"search_term_string"}}],"inLanguage":"fr-FR"},{"@type":"Organization","@id":"https:\/\/permakultur-landwirtschaft.org\/#organization","name":"Permakultur-Landwirtschaft","alternateName":"Verein Permakultur-Landwirtschaft","url":"https:\/\/permakultur-landwirtschaft.org\/","logo":{"@type":"ImageObject","inLanguage":"fr-FR","@id":"https:\/\/permakultur-landwirtschaft.org\/#\/schema\/logo\/image\/","url":"https:\/\/permakultur-landwirtschaft.org\/wp-content\/uploads\/2021\/11\/pela_1268x1269.png","contentUrl":"https:\/\/permakultur-landwirtschaft.org\/wp-content\/uploads\/2021\/11\/pela_1268x1269.png","width":1298,"height":1269,"caption":"Permakultur-Landwirtschaft"},"image":{"@id":"https:\/\/permakultur-landwirtschaft.org\/#\/schema\/logo\/image\/"},"sameAs":["https:\/\/www.facebook.com\/PermakulturLandwirtschaft","https:\/\/www.instagram.com\/permakultur_landwirtschaft\/","https:\/\/www.flickr.com\/photos\/permakultur-landwirtschaft","https:\/\/www.youtube.com\/@PermakulturLandwirtschaft"]},{"@type":"Person","@id":"https:\/\/permakultur-landwirtschaft.org\/#\/schema\/person\/6b0467872f75aed3e144093f9bf4f0b0","name":"adrian reutimann","url":"https:\/\/permakultur-landwirtschaft.org\/fr\/author\/reutiadr\/"}]}},"_links":{"self":[{"href":"https:\/\/permakultur-landwirtschaft.org\/fr\/wp-json\/wp\/v2\/posts\/26863","targetHints":{"allow":["GET"]}}],"collection":[{"href":"https:\/\/permakultur-landwirtschaft.org\/fr\/wp-json\/wp\/v2\/posts"}],"about":[{"href":"https:\/\/permakultur-landwirtschaft.org\/fr\/wp-json\/wp\/v2\/types\/post"}],"author":[{"embeddable":true,"href":"https:\/\/permakultur-landwirtschaft.org\/fr\/wp-json\/wp\/v2\/users\/2"}],"replies":[{"embeddable":true,"href":"https:\/\/permakultur-landwirtschaft.org\/fr\/wp-json\/wp\/v2\/comments?post=26863"}],"version-history":[{"count":3,"href":"https:\/\/permakultur-landwirtschaft.org\/fr\/wp-json\/wp\/v2\/posts\/26863\/revisions"}],"predecessor-version":[{"id":26868,"href":"https:\/\/permakultur-landwirtschaft.org\/fr\/wp-json\/wp\/v2\/posts\/26863\/revisions\/26868"}],"wp:featuredmedia":[{"embeddable":true,"href":"https:\/\/permakultur-landwirtschaft.org\/fr\/wp-json\/wp\/v2\/media\/26864"}],"wp:attachment":[{"href":"https:\/\/permakultur-landwirtschaft.org\/fr\/wp-json\/wp\/v2\/media?parent=26863"}],"wp:term":[{"taxonomy":"category","embeddable":true,"href":"https:\/\/permakultur-landwirtschaft.org\/fr\/wp-json\/wp\/v2\/categories?post=26863"},{"taxonomy":"post_tag","embeddable":true,"href":"https:\/\/permakultur-landwirtschaft.org\/fr\/wp-json\/wp\/v2\/tags?post=26863"}],"curies":[{"name":"wp","href":"https:\/\/api.w.org\/{rel}","templated":true}]}}