{"id":26721,"date":"2023-05-24T10:46:00","date_gmt":"2023-05-24T08:46:00","guid":{"rendered":"https:\/\/permakultur-landwirtschaft.org\/?p=26721"},"modified":"2023-05-25T08:41:30","modified_gmt":"2023-05-25T06:41:30","slug":"permakultur-gestaltung-und-solawi-kurs-vom-24-mai-2023","status":"publish","type":"post","link":"https:\/\/permakultur-landwirtschaft.org\/fr\/permakultur-gestaltung-und-solawi-kurs-vom-24-mai-2023\/","title":{"rendered":"Permakultur Gestaltung und Solawi &#8211; Kurs vom 24. Mai 2023"},"content":{"rendered":"<p>Text von inforama.ch:<\/p>\n\n\n\n<p>Sie lernen die Planungsschritte und Analyse-Methoden der Permakultur kennen und erhalten Einblick in die Umsetzungsschritte, welche seit Fr\u00fchjahr 2020 stattfinden. Auf dem M\u00fchlacker wird seit 2011 Solidarische Landwirtschaft gelebt. Sie erfahren aus erster Hand, wie diese Genossenschaft funktioniert und sich \u00fcber die Jahre entwickelt hat.<\/p>\n\n\n\n<h3 class=\"wp-block-heading\">Date \/ Datum<\/h3>\n\n\n\n<p>24. Mai 2023<\/p>\n\n\n\n<h3 class=\"wp-block-heading\">Adresse<\/h3>\n\n\n\n<p>M\u00fchlacker<br>B\u00fcrenstrasse 135<br>4574 Nennigkofen SO<\/p>\n\n\n\n<h3 class=\"wp-block-heading\">Infos <\/h3>\n\n\n\n<p>Infos zu dem Anlass: <a href=\"https:\/\/www.inforama.ch\/kurse#\/weiterbildung\/biolandbau\/26741\" target=\"_blank\" rel=\"noreferrer noopener\">www.inforama.ch\/kurse#\/weiterbildung\/biolandbau\/26741<\/a><\/p>\n\n\n\n<figure class=\"wp-block-image size-full\"><a href=\"https:\/\/www.inforama.ch\/kurse#\/weiterbildung\/biolandbau\/26741\" target=\"_blank\" rel=\"noopener\"><img fetchpriority=\"high\" decoding=\"async\" width=\"469\" height=\"333\" src=\"https:\/\/permakultur-landwirtschaft.org\/wp-content\/uploads\/2018\/12\/logos_Inforama-gruen-800_quadrat.jpg\" alt=\"\" class=\"wp-image-1476\" srcset=\"https:\/\/permakultur-landwirtschaft.org\/wp-content\/uploads\/2018\/12\/logos_Inforama-gruen-800_quadrat.jpg 469w, https:\/\/permakultur-landwirtschaft.org\/wp-content\/uploads\/2018\/12\/logos_Inforama-gruen-800_quadrat-300x213.jpg 300w\" sizes=\"(max-width: 469px) 100vw, 469px\" \/><\/a><figcaption class=\"wp-element-caption\">Bild: inforama.ch<\/figcaption><\/figure>\n\n\n\n<hr class=\"wp-block-separator has-css-opacity\"\/>\n\n\n\n<h3 class=\"wp-block-heading\"><a href=\"https:\/\/permakultur-landwirtschaft.org\/fr\/veranstaltungen\/\" data-type=\"page\" data-id=\"476\">Cliquez ici pour voir les \u00e9v\u00e9nements actuels \/ <\/a><br><a href=\"https:\/\/permakultur-landwirtschaft.org\/fr\/veranstaltungen\/\">Hier geht&#8217;s zur \u00dcbersicht aktuelle Veranstaltungen<\/a><\/h3>","protected":false},"excerpt":{"rendered":"<p>Text von inforama.ch: Sie lernen die Planungsschritte und Analyse-Methoden der Permakultur kennen und erhalten Einblick in die Umsetzungsschritte, welche seit Fr\u00fchjahr 2020 stattfinden. Auf dem M\u00fchlacker wird seit 2011 Solidarische Landwirtschaft gelebt. Sie erfahren aus erster Hand, wie diese Genossenschaft funktioniert und sich \u00fcber die Jahre entwickelt hat. Date \/ Datum 24. Mai 2023 Adresse [&hellip;]<\/p>\n","protected":false},"author":2,"featured_media":1476,"comment_status":"closed","ping_status":"closed","sticky":false,"template":"","format":"standard","meta":{"_acf_changed":false,"site-sidebar-layout":"default","site-content-layout":"","ast-site-content-layout":"default","site-content-style":"default","site-sidebar-style":"default","ast-global-header-display":"","ast-banner-title-visibility":"","ast-main-header-display":"","ast-hfb-above-header-display":"","ast-hfb-below-header-display":"","ast-hfb-mobile-header-display":"","site-post-title":"","ast-breadcrumbs-content":"","ast-featured-img":"","footer-sml-layout":"","ast-disable-related-posts":"","theme-transparent-header-meta":"","adv-header-id-meta":"","stick-header-meta":"","header-above-stick-meta":"","header-main-stick-meta":"","header-below-stick-meta":"","astra-migrate-meta-layouts":"default","ast-page-background-enabled":"default","ast-page-background-meta":{"desktop":{"background-color":"var(--ast-global-color-4)","background-image":"","background-repeat":"repeat","background-position":"center center","background-size":"auto","background-attachment":"scroll","background-type":"","background-media":"","overlay-type":"","overlay-color":"","overlay-opacity":"","overlay-gradient":""},"tablet":{"background-color":"","background-image":"","background-repeat":"repeat","background-position":"center center","background-size":"auto","background-attachment":"scroll","background-type":"","background-media":"","overlay-type":"","overlay-color":"","overlay-opacity":"","overlay-gradient":""},"mobile":{"background-color":"","background-image":"","background-repeat":"repeat","background-position":"center center","background-size":"auto","background-attachment":"scroll","background-type":"","background-media":"","overlay-type":"","overlay-color":"","overlay-opacity":"","overlay-gradient":""}},"ast-content-background-meta":{"desktop":{"background-color":"var(--ast-global-color-5)","background-image":"","background-repeat":"repeat","background-position":"center center","background-size":"auto","background-attachment":"scroll","background-type":"","background-media":"","overlay-type":"","overlay-color":"","overlay-opacity":"","overlay-gradient":""},"tablet":{"background-color":"var(--ast-global-color-5)","background-image":"","background-repeat":"repeat","background-position":"center center","background-size":"auto","background-attachment":"scroll","background-type":"","background-media":"","overlay-type":"","overlay-color":"","overlay-opacity":"","overlay-gradient":""},"mobile":{"background-color":"var(--ast-global-color-5)","background-image":"","background-repeat":"repeat","background-position":"center center","background-size":"auto","background-attachment":"scroll","background-type":"","background-media":"","overlay-type":"","overlay-color":"","overlay-opacity":"","overlay-gradient":""}},"footnotes":""},"categories":[21],"tags":[],"class_list":["post-26721","post","type-post","status-publish","format-standard","has-post-thumbnail","hentry","category-veranstaltungen_archiv"],"acf":[],"yoast_head":"<!-- This site is optimized with the Yoast SEO plugin v27.4 - https:\/\/yoast.com\/product\/yoast-seo-wordpress\/ -->\n<title>Permakultur Gestaltung und Solawi - Kurs vom 24. Mai 2023 - Permakultur-Landwirtschaft<\/title>\n<meta name=\"robots\" content=\"index, follow, max-snippet:-1, max-image-preview:large, max-video-preview:-1\" \/>\n<link rel=\"canonical\" href=\"https:\/\/permakultur-landwirtschaft.org\/fr\/permakultur-gestaltung-und-solawi-kurs-vom-24-mai-2023\/\" \/>\n<meta property=\"og:locale\" content=\"fr_FR\" \/>\n<meta property=\"og:type\" content=\"article\" \/>\n<meta property=\"og:title\" content=\"Permakultur Gestaltung und Solawi - Kurs vom 24. Mai 2023 - Permakultur-Landwirtschaft\" \/>\n<meta property=\"og:description\" content=\"Text von inforama.ch: Sie lernen die Planungsschritte und Analyse-Methoden der Permakultur kennen und erhalten Einblick in die Umsetzungsschritte, welche seit Fr\u00fchjahr 2020 stattfinden. Auf dem M\u00fchlacker wird seit 2011 Solidarische Landwirtschaft gelebt. Sie erfahren aus erster Hand, wie diese Genossenschaft funktioniert und sich \u00fcber die Jahre entwickelt hat. Date \/ Datum 24. Mai 2023 Adresse [&hellip;]\" \/>\n<meta property=\"og:url\" content=\"https:\/\/permakultur-landwirtschaft.org\/fr\/permakultur-gestaltung-und-solawi-kurs-vom-24-mai-2023\/\" \/>\n<meta property=\"og:site_name\" content=\"Permakultur-Landwirtschaft\" \/>\n<meta property=\"article:publisher\" content=\"https:\/\/www.facebook.com\/PermakulturLandwirtschaft\" \/>\n<meta property=\"article:published_time\" content=\"2023-05-24T08:46:00+00:00\" \/>\n<meta property=\"article:modified_time\" content=\"2023-05-25T06:41:30+00:00\" \/>\n<meta property=\"og:image\" content=\"https:\/\/permakultur-landwirtschaft.org\/wp-content\/uploads\/2018\/12\/logos_Inforama-gruen-800_quadrat.jpg\" \/>\n\t<meta property=\"og:image:width\" content=\"469\" \/>\n\t<meta property=\"og:image:height\" content=\"333\" \/>\n\t<meta property=\"og:image:type\" content=\"image\/jpeg\" \/>\n<meta name=\"author\" content=\"adrian reutimann\" \/>\n<meta name=\"twitter:card\" content=\"summary_large_image\" \/>\n<meta name=\"twitter:label1\" content=\"\u00c9crit par\" \/>\n\t<meta name=\"twitter:data1\" content=\"adrian reutimann\" \/>\n\t<meta name=\"twitter:label2\" content=\"Dur\u00e9e de lecture estim\u00e9e\" \/>\n\t<meta name=\"twitter:data2\" content=\"1 minute\" \/>\n<script type=\"application\/ld+json\" class=\"yoast-schema-graph\">{\"@context\":\"https:\\\/\\\/schema.org\",\"@graph\":[{\"@type\":\"Article\",\"@id\":\"https:\\\/\\\/permakultur-landwirtschaft.org\\\/permakultur-gestaltung-und-solawi-kurs-vom-24-mai-2023\\\/#article\",\"isPartOf\":{\"@id\":\"https:\\\/\\\/permakultur-landwirtschaft.org\\\/permakultur-gestaltung-und-solawi-kurs-vom-24-mai-2023\\\/\"},\"author\":{\"name\":\"adrian reutimann\",\"@id\":\"https:\\\/\\\/permakultur-landwirtschaft.org\\\/#\\\/schema\\\/person\\\/6b0467872f75aed3e144093f9bf4f0b0\"},\"headline\":\"Permakultur Gestaltung und Solawi &#8211; Kurs vom 24. Mai 2023\",\"datePublished\":\"2023-05-24T08:46:00+00:00\",\"dateModified\":\"2023-05-25T06:41:30+00:00\",\"mainEntityOfPage\":{\"@id\":\"https:\\\/\\\/permakultur-landwirtschaft.org\\\/permakultur-gestaltung-und-solawi-kurs-vom-24-mai-2023\\\/\"},\"wordCount\":95,\"publisher\":{\"@id\":\"https:\\\/\\\/permakultur-landwirtschaft.org\\\/#organization\"},\"image\":{\"@id\":\"https:\\\/\\\/permakultur-landwirtschaft.org\\\/permakultur-gestaltung-und-solawi-kurs-vom-24-mai-2023\\\/#primaryimage\"},\"thumbnailUrl\":\"https:\\\/\\\/permakultur-landwirtschaft.org\\\/wp-content\\\/uploads\\\/2018\\\/12\\\/logos_Inforama-gruen-800_quadrat.jpg\",\"articleSection\":[\"Veranstaltungen_Archiv\"],\"inLanguage\":\"fr-FR\"},{\"@type\":\"WebPage\",\"@id\":\"https:\\\/\\\/permakultur-landwirtschaft.org\\\/permakultur-gestaltung-und-solawi-kurs-vom-24-mai-2023\\\/\",\"url\":\"https:\\\/\\\/permakultur-landwirtschaft.org\\\/permakultur-gestaltung-und-solawi-kurs-vom-24-mai-2023\\\/\",\"name\":\"Permakultur Gestaltung und Solawi - Kurs vom 24. Mai 2023 - Permakultur-Landwirtschaft\",\"isPartOf\":{\"@id\":\"https:\\\/\\\/permakultur-landwirtschaft.org\\\/#website\"},\"primaryImageOfPage\":{\"@id\":\"https:\\\/\\\/permakultur-landwirtschaft.org\\\/permakultur-gestaltung-und-solawi-kurs-vom-24-mai-2023\\\/#primaryimage\"},\"image\":{\"@id\":\"https:\\\/\\\/permakultur-landwirtschaft.org\\\/permakultur-gestaltung-und-solawi-kurs-vom-24-mai-2023\\\/#primaryimage\"},\"thumbnailUrl\":\"https:\\\/\\\/permakultur-landwirtschaft.org\\\/wp-content\\\/uploads\\\/2018\\\/12\\\/logos_Inforama-gruen-800_quadrat.jpg\",\"datePublished\":\"2023-05-24T08:46:00+00:00\",\"dateModified\":\"2023-05-25T06:41:30+00:00\",\"breadcrumb\":{\"@id\":\"https:\\\/\\\/permakultur-landwirtschaft.org\\\/permakultur-gestaltung-und-solawi-kurs-vom-24-mai-2023\\\/#breadcrumb\"},\"inLanguage\":\"fr-FR\",\"potentialAction\":[{\"@type\":\"ReadAction\",\"target\":[\"https:\\\/\\\/permakultur-landwirtschaft.org\\\/permakultur-gestaltung-und-solawi-kurs-vom-24-mai-2023\\\/\"]}]},{\"@type\":\"ImageObject\",\"inLanguage\":\"fr-FR\",\"@id\":\"https:\\\/\\\/permakultur-landwirtschaft.org\\\/permakultur-gestaltung-und-solawi-kurs-vom-24-mai-2023\\\/#primaryimage\",\"url\":\"https:\\\/\\\/permakultur-landwirtschaft.org\\\/wp-content\\\/uploads\\\/2018\\\/12\\\/logos_Inforama-gruen-800_quadrat.jpg\",\"contentUrl\":\"https:\\\/\\\/permakultur-landwirtschaft.org\\\/wp-content\\\/uploads\\\/2018\\\/12\\\/logos_Inforama-gruen-800_quadrat.jpg\",\"width\":469,\"height\":333},{\"@type\":\"BreadcrumbList\",\"@id\":\"https:\\\/\\\/permakultur-landwirtschaft.org\\\/permakultur-gestaltung-und-solawi-kurs-vom-24-mai-2023\\\/#breadcrumb\",\"itemListElement\":[{\"@type\":\"ListItem\",\"position\":1,\"name\":\"Startseite\",\"item\":\"https:\\\/\\\/permakultur-landwirtschaft.org\\\/\"},{\"@type\":\"ListItem\",\"position\":2,\"name\":\"Permakultur Gestaltung und Solawi &#8211; Kurs vom 24. Mai 2023\"}]},{\"@type\":\"WebSite\",\"@id\":\"https:\\\/\\\/permakultur-landwirtschaft.org\\\/#website\",\"url\":\"https:\\\/\\\/permakultur-landwirtschaft.org\\\/\",\"name\":\"Permakultur-Landwirtschaft\",\"description\":\"F\u00f6rderung der Permakultur in der Landwirtschaft\",\"publisher\":{\"@id\":\"https:\\\/\\\/permakultur-landwirtschaft.org\\\/#organization\"},\"potentialAction\":[{\"@type\":\"SearchAction\",\"target\":{\"@type\":\"EntryPoint\",\"urlTemplate\":\"https:\\\/\\\/permakultur-landwirtschaft.org\\\/?s={search_term_string}\"},\"query-input\":{\"@type\":\"PropertyValueSpecification\",\"valueRequired\":true,\"valueName\":\"search_term_string\"}}],\"inLanguage\":\"fr-FR\"},{\"@type\":\"Organization\",\"@id\":\"https:\\\/\\\/permakultur-landwirtschaft.org\\\/#organization\",\"name\":\"Permakultur-Landwirtschaft\",\"alternateName\":\"Verein Permakultur-Landwirtschaft\",\"url\":\"https:\\\/\\\/permakultur-landwirtschaft.org\\\/\",\"logo\":{\"@type\":\"ImageObject\",\"inLanguage\":\"fr-FR\",\"@id\":\"https:\\\/\\\/permakultur-landwirtschaft.org\\\/#\\\/schema\\\/logo\\\/image\\\/\",\"url\":\"https:\\\/\\\/permakultur-landwirtschaft.org\\\/wp-content\\\/uploads\\\/2021\\\/11\\\/pela_1268x1269.png\",\"contentUrl\":\"https:\\\/\\\/permakultur-landwirtschaft.org\\\/wp-content\\\/uploads\\\/2021\\\/11\\\/pela_1268x1269.png\",\"width\":1298,\"height\":1269,\"caption\":\"Permakultur-Landwirtschaft\"},\"image\":{\"@id\":\"https:\\\/\\\/permakultur-landwirtschaft.org\\\/#\\\/schema\\\/logo\\\/image\\\/\"},\"sameAs\":[\"https:\\\/\\\/www.facebook.com\\\/PermakulturLandwirtschaft\",\"https:\\\/\\\/www.instagram.com\\\/permakultur_landwirtschaft\\\/\",\"https:\\\/\\\/www.flickr.com\\\/photos\\\/permakultur-landwirtschaft\",\"https:\\\/\\\/www.youtube.com\\\/@PermakulturLandwirtschaft\"]},{\"@type\":\"Person\",\"@id\":\"https:\\\/\\\/permakultur-landwirtschaft.org\\\/#\\\/schema\\\/person\\\/6b0467872f75aed3e144093f9bf4f0b0\",\"name\":\"adrian reutimann\",\"url\":\"https:\\\/\\\/permakultur-landwirtschaft.org\\\/fr\\\/author\\\/reutiadr\\\/\"}]}<\/script>\n<!-- \/ Yoast SEO plugin. -->","yoast_head_json":{"title":"Permakultur Gestaltung und Solawi - Kurs vom 24. Mai 2023 - Permakultur-Landwirtschaft","robots":{"index":"index","follow":"follow","max-snippet":"max-snippet:-1","max-image-preview":"max-image-preview:large","max-video-preview":"max-video-preview:-1"},"canonical":"https:\/\/permakultur-landwirtschaft.org\/fr\/permakultur-gestaltung-und-solawi-kurs-vom-24-mai-2023\/","og_locale":"fr_FR","og_type":"article","og_title":"Permakultur Gestaltung und Solawi - Kurs vom 24. Mai 2023 - Permakultur-Landwirtschaft","og_description":"Text von inforama.ch: Sie lernen die Planungsschritte und Analyse-Methoden der Permakultur kennen und erhalten Einblick in die Umsetzungsschritte, welche seit Fr\u00fchjahr 2020 stattfinden. Auf dem M\u00fchlacker wird seit 2011 Solidarische Landwirtschaft gelebt. Sie erfahren aus erster Hand, wie diese Genossenschaft funktioniert und sich \u00fcber die Jahre entwickelt hat. Date \/ Datum 24. Mai 2023 Adresse [&hellip;]","og_url":"https:\/\/permakultur-landwirtschaft.org\/fr\/permakultur-gestaltung-und-solawi-kurs-vom-24-mai-2023\/","og_site_name":"Permakultur-Landwirtschaft","article_publisher":"https:\/\/www.facebook.com\/PermakulturLandwirtschaft","article_published_time":"2023-05-24T08:46:00+00:00","article_modified_time":"2023-05-25T06:41:30+00:00","og_image":[{"width":469,"height":333,"url":"https:\/\/permakultur-landwirtschaft.org\/wp-content\/uploads\/2018\/12\/logos_Inforama-gruen-800_quadrat.jpg","type":"image\/jpeg"}],"author":"adrian reutimann","twitter_card":"summary_large_image","twitter_misc":{"\u00c9crit par":"adrian reutimann","Dur\u00e9e de lecture estim\u00e9e":"1 minute"},"schema":{"@context":"https:\/\/schema.org","@graph":[{"@type":"Article","@id":"https:\/\/permakultur-landwirtschaft.org\/permakultur-gestaltung-und-solawi-kurs-vom-24-mai-2023\/#article","isPartOf":{"@id":"https:\/\/permakultur-landwirtschaft.org\/permakultur-gestaltung-und-solawi-kurs-vom-24-mai-2023\/"},"author":{"name":"adrian reutimann","@id":"https:\/\/permakultur-landwirtschaft.org\/#\/schema\/person\/6b0467872f75aed3e144093f9bf4f0b0"},"headline":"Permakultur Gestaltung und Solawi &#8211; Kurs vom 24. Mai 2023","datePublished":"2023-05-24T08:46:00+00:00","dateModified":"2023-05-25T06:41:30+00:00","mainEntityOfPage":{"@id":"https:\/\/permakultur-landwirtschaft.org\/permakultur-gestaltung-und-solawi-kurs-vom-24-mai-2023\/"},"wordCount":95,"publisher":{"@id":"https:\/\/permakultur-landwirtschaft.org\/#organization"},"image":{"@id":"https:\/\/permakultur-landwirtschaft.org\/permakultur-gestaltung-und-solawi-kurs-vom-24-mai-2023\/#primaryimage"},"thumbnailUrl":"https:\/\/permakultur-landwirtschaft.org\/wp-content\/uploads\/2018\/12\/logos_Inforama-gruen-800_quadrat.jpg","articleSection":["Veranstaltungen_Archiv"],"inLanguage":"fr-FR"},{"@type":"WebPage","@id":"https:\/\/permakultur-landwirtschaft.org\/permakultur-gestaltung-und-solawi-kurs-vom-24-mai-2023\/","url":"https:\/\/permakultur-landwirtschaft.org\/permakultur-gestaltung-und-solawi-kurs-vom-24-mai-2023\/","name":"Permakultur Gestaltung und Solawi - Kurs vom 24. Mai 2023 - Permakultur-Landwirtschaft","isPartOf":{"@id":"https:\/\/permakultur-landwirtschaft.org\/#website"},"primaryImageOfPage":{"@id":"https:\/\/permakultur-landwirtschaft.org\/permakultur-gestaltung-und-solawi-kurs-vom-24-mai-2023\/#primaryimage"},"image":{"@id":"https:\/\/permakultur-landwirtschaft.org\/permakultur-gestaltung-und-solawi-kurs-vom-24-mai-2023\/#primaryimage"},"thumbnailUrl":"https:\/\/permakultur-landwirtschaft.org\/wp-content\/uploads\/2018\/12\/logos_Inforama-gruen-800_quadrat.jpg","datePublished":"2023-05-24T08:46:00+00:00","dateModified":"2023-05-25T06:41:30+00:00","breadcrumb":{"@id":"https:\/\/permakultur-landwirtschaft.org\/permakultur-gestaltung-und-solawi-kurs-vom-24-mai-2023\/#breadcrumb"},"inLanguage":"fr-FR","potentialAction":[{"@type":"ReadAction","target":["https:\/\/permakultur-landwirtschaft.org\/permakultur-gestaltung-und-solawi-kurs-vom-24-mai-2023\/"]}]},{"@type":"ImageObject","inLanguage":"fr-FR","@id":"https:\/\/permakultur-landwirtschaft.org\/permakultur-gestaltung-und-solawi-kurs-vom-24-mai-2023\/#primaryimage","url":"https:\/\/permakultur-landwirtschaft.org\/wp-content\/uploads\/2018\/12\/logos_Inforama-gruen-800_quadrat.jpg","contentUrl":"https:\/\/permakultur-landwirtschaft.org\/wp-content\/uploads\/2018\/12\/logos_Inforama-gruen-800_quadrat.jpg","width":469,"height":333},{"@type":"BreadcrumbList","@id":"https:\/\/permakultur-landwirtschaft.org\/permakultur-gestaltung-und-solawi-kurs-vom-24-mai-2023\/#breadcrumb","itemListElement":[{"@type":"ListItem","position":1,"name":"Startseite","item":"https:\/\/permakultur-landwirtschaft.org\/"},{"@type":"ListItem","position":2,"name":"Permakultur Gestaltung und Solawi &#8211; Kurs vom 24. Mai 2023"}]},{"@type":"WebSite","@id":"https:\/\/permakultur-landwirtschaft.org\/#website","url":"https:\/\/permakultur-landwirtschaft.org\/","name":"Permakultur-Landwirtschaft","description":"F\u00f6rderung der Permakultur in der Landwirtschaft","publisher":{"@id":"https:\/\/permakultur-landwirtschaft.org\/#organization"},"potentialAction":[{"@type":"SearchAction","target":{"@type":"EntryPoint","urlTemplate":"https:\/\/permakultur-landwirtschaft.org\/?s={search_term_string}"},"query-input":{"@type":"PropertyValueSpecification","valueRequired":true,"valueName":"search_term_string"}}],"inLanguage":"fr-FR"},{"@type":"Organization","@id":"https:\/\/permakultur-landwirtschaft.org\/#organization","name":"Permakultur-Landwirtschaft","alternateName":"Verein Permakultur-Landwirtschaft","url":"https:\/\/permakultur-landwirtschaft.org\/","logo":{"@type":"ImageObject","inLanguage":"fr-FR","@id":"https:\/\/permakultur-landwirtschaft.org\/#\/schema\/logo\/image\/","url":"https:\/\/permakultur-landwirtschaft.org\/wp-content\/uploads\/2021\/11\/pela_1268x1269.png","contentUrl":"https:\/\/permakultur-landwirtschaft.org\/wp-content\/uploads\/2021\/11\/pela_1268x1269.png","width":1298,"height":1269,"caption":"Permakultur-Landwirtschaft"},"image":{"@id":"https:\/\/permakultur-landwirtschaft.org\/#\/schema\/logo\/image\/"},"sameAs":["https:\/\/www.facebook.com\/PermakulturLandwirtschaft","https:\/\/www.instagram.com\/permakultur_landwirtschaft\/","https:\/\/www.flickr.com\/photos\/permakultur-landwirtschaft","https:\/\/www.youtube.com\/@PermakulturLandwirtschaft"]},{"@type":"Person","@id":"https:\/\/permakultur-landwirtschaft.org\/#\/schema\/person\/6b0467872f75aed3e144093f9bf4f0b0","name":"adrian reutimann","url":"https:\/\/permakultur-landwirtschaft.org\/fr\/author\/reutiadr\/"}]}},"_links":{"self":[{"href":"https:\/\/permakultur-landwirtschaft.org\/fr\/wp-json\/wp\/v2\/posts\/26721","targetHints":{"allow":["GET"]}}],"collection":[{"href":"https:\/\/permakultur-landwirtschaft.org\/fr\/wp-json\/wp\/v2\/posts"}],"about":[{"href":"https:\/\/permakultur-landwirtschaft.org\/fr\/wp-json\/wp\/v2\/types\/post"}],"author":[{"embeddable":true,"href":"https:\/\/permakultur-landwirtschaft.org\/fr\/wp-json\/wp\/v2\/users\/2"}],"replies":[{"embeddable":true,"href":"https:\/\/permakultur-landwirtschaft.org\/fr\/wp-json\/wp\/v2\/comments?post=26721"}],"version-history":[{"count":2,"href":"https:\/\/permakultur-landwirtschaft.org\/fr\/wp-json\/wp\/v2\/posts\/26721\/revisions"}],"predecessor-version":[{"id":30429,"href":"https:\/\/permakultur-landwirtschaft.org\/fr\/wp-json\/wp\/v2\/posts\/26721\/revisions\/30429"}],"wp:featuredmedia":[{"embeddable":true,"href":"https:\/\/permakultur-landwirtschaft.org\/fr\/wp-json\/wp\/v2\/media\/1476"}],"wp:attachment":[{"href":"https:\/\/permakultur-landwirtschaft.org\/fr\/wp-json\/wp\/v2\/media?parent=26721"}],"wp:term":[{"taxonomy":"category","embeddable":true,"href":"https:\/\/permakultur-landwirtschaft.org\/fr\/wp-json\/wp\/v2\/categories?post=26721"},{"taxonomy":"post_tag","embeddable":true,"href":"https:\/\/permakultur-landwirtschaft.org\/fr\/wp-json\/wp\/v2\/tags?post=26721"}],"curies":[{"name":"wp","href":"https:\/\/api.w.org\/{rel}","templated":true}]}}