{"id":26417,"date":"2022-11-29T11:49:00","date_gmt":"2022-11-29T10:49:00","guid":{"rendered":"https:\/\/permakultur-landwirtschaft.org\/?p=26417"},"modified":"2022-12-21T09:51:47","modified_gmt":"2022-12-21T08:51:47","slug":"1-fachreihe-marktgaertnerei-vom-29-november-bis-20-dezember-2022","status":"publish","type":"post","link":"https:\/\/permakultur-landwirtschaft.org\/fr\/1-fachreihe-marktgaertnerei-vom-29-november-bis-20-dezember-2022\/","title":{"rendered":"1. Fachreihe Marktg\u00e4rtnerei &#8211; vom 29. November bis 20. Dezember 2022"},"content":{"rendered":"<p>Text von www.webinar-aufbauende-landwirtschaft.de:<\/p>\n\n\n\n<p><strong>Regenerative Ans\u00e4tze in kleinen Vielfaltsg\u00e4rtnereien<\/strong><br>Die Fachreihe Marktg\u00e4rtnerei richtet sich an alle Menschen die bereits Erfahrung im Gem\u00fcsebau haben und sich intensiver mit dem Thema Agrar\u00f6kologie im Marktgarten besch\u00e4ftigen wollen. Der Schwerpunkt dabei ist der Aufbau und die Verbesserung der Bodenfruchtbarkeit (z.B. durch Mischkulturanbau, Zwischenfr\u00fcchte, Mulchwirtschaft und Kompostierung). Au\u00dferdem soll gezeigt werden, wie durch die gezielte Integration von B\u00e4umen und Str\u00e4uchern in die G\u00e4rtnerei positive Synergieeffekte entstehen k\u00f6nnen.<br>Wir lernen direkt von Expertinnen und Experten der europ\u00e4ischen Marktgarten-Szene und besch\u00e4ftigen uns mit dem Thema in Tiefe. Du bekommst Antworten auf deine Fragen und Inspiration f\u00fcr das eigene Projekt.<\/p>\n\n\n\n<p><strong>Date<\/strong><br>29. November bis 20. Dezember 2022<\/p>\n\n\n\n<p><strong>Lieu<br><\/strong>Online<\/p>\n\n\n\n<p>Infos und Anmeldung zur Fachreihe unter diesem Link: <a rel=\"noreferrer noopener\" href=\"https:\/\/www.webinar-aufbauende-landwirtschaft.de\/1-fachreihe-marktgaertnerei\/\" target=\"_blank\">www.webinar-aufbauende-landwirtschaft.de\/1-fachreihe-marktgaertnerei<\/a><\/p>\n\n\n\n<figure class=\"wp-block-image size-full\"><a href=\"https:\/\/www.webinar-aufbauende-landwirtschaft.de\/1-fachreihe-marktgaertnerei\/\" target=\"_blank\" rel=\"noopener\"><img fetchpriority=\"high\" decoding=\"async\" width=\"700\" height=\"361\" src=\"https:\/\/permakultur-landwirtschaft.org\/wp-content\/uploads\/2022\/11\/Marktgaertnerei_2022-11-23_17-49-06.jpg\" alt=\"\" class=\"wp-image-26418\" srcset=\"https:\/\/permakultur-landwirtschaft.org\/wp-content\/uploads\/2022\/11\/Marktgaertnerei_2022-11-23_17-49-06.jpg 700w, https:\/\/permakultur-landwirtschaft.org\/wp-content\/uploads\/2022\/11\/Marktgaertnerei_2022-11-23_17-49-06-300x155.jpg 300w\" sizes=\"(max-width: 700px) 100vw, 700px\" \/><\/a><figcaption class=\"wp-element-caption\">Bild: www.webinar-aufbauende-landwirtschaft.de<\/figcaption><\/figure>\n\n\n\n<hr class=\"wp-block-separator has-css-opacity\"\/>\n\n\n\n<h3 class=\"wp-block-heading\"><a href=\"https:\/\/permakultur-landwirtschaft.org\/fr\/veranstaltungen\/\">Hier geht&#8217;s zur \u00dcbersicht aktuelle Veranstaltungen<\/a><\/h3>","protected":false},"excerpt":{"rendered":"<p>Text von www.webinar-aufbauende-landwirtschaft.de: Regenerative Ans\u00e4tze in kleinen Vielfaltsg\u00e4rtnereienDie Fachreihe Marktg\u00e4rtnerei richtet sich an alle Menschen die bereits Erfahrung im Gem\u00fcsebau haben und sich intensiver mit dem Thema Agrar\u00f6kologie im Marktgarten besch\u00e4ftigen wollen. Der Schwerpunkt dabei ist der Aufbau und die Verbesserung der Bodenfruchtbarkeit (z.B. durch Mischkulturanbau, Zwischenfr\u00fcchte, Mulchwirtschaft und Kompostierung). Au\u00dferdem soll gezeigt werden, wie [&hellip;]<\/p>\n","protected":false},"author":2,"featured_media":26418,"comment_status":"closed","ping_status":"closed","sticky":false,"template":"","format":"standard","meta":{"_acf_changed":false,"site-sidebar-layout":"default","site-content-layout":"","ast-site-content-layout":"default","site-content-style":"default","site-sidebar-style":"default","ast-global-header-display":"","ast-banner-title-visibility":"","ast-main-header-display":"","ast-hfb-above-header-display":"","ast-hfb-below-header-display":"","ast-hfb-mobile-header-display":"","site-post-title":"","ast-breadcrumbs-content":"","ast-featured-img":"","footer-sml-layout":"","ast-disable-related-posts":"","theme-transparent-header-meta":"","adv-header-id-meta":"","stick-header-meta":"","header-above-stick-meta":"","header-main-stick-meta":"","header-below-stick-meta":"","astra-migrate-meta-layouts":"default","ast-page-background-enabled":"default","ast-page-background-meta":{"desktop":{"background-color":"var(--ast-global-color-4)","background-image":"","background-repeat":"repeat","background-position":"center center","background-size":"auto","background-attachment":"scroll","background-type":"","background-media":"","overlay-type":"","overlay-color":"","overlay-opacity":"","overlay-gradient":""},"tablet":{"background-color":"","background-image":"","background-repeat":"repeat","background-position":"center center","background-size":"auto","background-attachment":"scroll","background-type":"","background-media":"","overlay-type":"","overlay-color":"","overlay-opacity":"","overlay-gradient":""},"mobile":{"background-color":"","background-image":"","background-repeat":"repeat","background-position":"center center","background-size":"auto","background-attachment":"scroll","background-type":"","background-media":"","overlay-type":"","overlay-color":"","overlay-opacity":"","overlay-gradient":""}},"ast-content-background-meta":{"desktop":{"background-color":"var(--ast-global-color-5)","background-image":"","background-repeat":"repeat","background-position":"center center","background-size":"auto","background-attachment":"scroll","background-type":"","background-media":"","overlay-type":"","overlay-color":"","overlay-opacity":"","overlay-gradient":""},"tablet":{"background-color":"var(--ast-global-color-5)","background-image":"","background-repeat":"repeat","background-position":"center center","background-size":"auto","background-attachment":"scroll","background-type":"","background-media":"","overlay-type":"","overlay-color":"","overlay-opacity":"","overlay-gradient":""},"mobile":{"background-color":"var(--ast-global-color-5)","background-image":"","background-repeat":"repeat","background-position":"center center","background-size":"auto","background-attachment":"scroll","background-type":"","background-media":"","overlay-type":"","overlay-color":"","overlay-opacity":"","overlay-gradient":""}},"footnotes":""},"categories":[21],"tags":[],"class_list":["post-26417","post","type-post","status-publish","format-standard","has-post-thumbnail","hentry","category-veranstaltungen_archiv"],"acf":[],"yoast_head":"<!-- This site is optimized with the Yoast SEO plugin v27.5 - https:\/\/yoast.com\/product\/yoast-seo-wordpress\/ -->\n<title>1. Fachreihe Marktg\u00e4rtnerei - vom 29. November bis 20. Dezember 2022 - Permakultur-Landwirtschaft<\/title>\n<meta name=\"robots\" content=\"index, follow, max-snippet:-1, max-image-preview:large, max-video-preview:-1\" \/>\n<link rel=\"canonical\" href=\"https:\/\/permakultur-landwirtschaft.org\/fr\/1-fachreihe-marktgaertnerei-vom-29-november-bis-20-dezember-2022\/\" \/>\n<meta property=\"og:locale\" content=\"fr_FR\" \/>\n<meta property=\"og:type\" content=\"article\" \/>\n<meta property=\"og:title\" content=\"1. Fachreihe Marktg\u00e4rtnerei - vom 29. November bis 20. Dezember 2022 - Permakultur-Landwirtschaft\" \/>\n<meta property=\"og:description\" content=\"Text von www.webinar-aufbauende-landwirtschaft.de: Regenerative Ans\u00e4tze in kleinen Vielfaltsg\u00e4rtnereienDie Fachreihe Marktg\u00e4rtnerei richtet sich an alle Menschen die bereits Erfahrung im Gem\u00fcsebau haben und sich intensiver mit dem Thema Agrar\u00f6kologie im Marktgarten besch\u00e4ftigen wollen. Der Schwerpunkt dabei ist der Aufbau und die Verbesserung der Bodenfruchtbarkeit (z.B. durch Mischkulturanbau, Zwischenfr\u00fcchte, Mulchwirtschaft und Kompostierung). Au\u00dferdem soll gezeigt werden, wie [&hellip;]\" \/>\n<meta property=\"og:url\" content=\"https:\/\/permakultur-landwirtschaft.org\/fr\/1-fachreihe-marktgaertnerei-vom-29-november-bis-20-dezember-2022\/\" \/>\n<meta property=\"og:site_name\" content=\"Permakultur-Landwirtschaft\" \/>\n<meta property=\"article:publisher\" content=\"https:\/\/www.facebook.com\/PermakulturLandwirtschaft\" \/>\n<meta property=\"article:published_time\" content=\"2022-11-29T10:49:00+00:00\" \/>\n<meta property=\"article:modified_time\" content=\"2022-12-21T08:51:47+00:00\" \/>\n<meta property=\"og:image\" content=\"https:\/\/permakultur-landwirtschaft.org\/wp-content\/uploads\/2022\/11\/Marktgaertnerei_2022-11-23_17-49-06.jpg\" \/>\n\t<meta property=\"og:image:width\" content=\"700\" \/>\n\t<meta property=\"og:image:height\" content=\"361\" \/>\n\t<meta property=\"og:image:type\" content=\"image\/jpeg\" \/>\n<meta name=\"author\" content=\"adrian reutimann\" \/>\n<meta name=\"twitter:card\" content=\"summary_large_image\" \/>\n<meta name=\"twitter:label1\" content=\"\u00c9crit par\" \/>\n\t<meta name=\"twitter:data1\" content=\"adrian reutimann\" \/>\n\t<meta name=\"twitter:label2\" content=\"Dur\u00e9e de lecture estim\u00e9e\" \/>\n\t<meta name=\"twitter:data2\" content=\"1 minute\" \/>\n<script type=\"application\/ld+json\" class=\"yoast-schema-graph\">{\"@context\":\"https:\\\/\\\/schema.org\",\"@graph\":[{\"@type\":\"Article\",\"@id\":\"https:\\\/\\\/permakultur-landwirtschaft.org\\\/1-fachreihe-marktgaertnerei-vom-29-november-bis-20-dezember-2022\\\/#article\",\"isPartOf\":{\"@id\":\"https:\\\/\\\/permakultur-landwirtschaft.org\\\/1-fachreihe-marktgaertnerei-vom-29-november-bis-20-dezember-2022\\\/\"},\"author\":{\"name\":\"adrian reutimann\",\"@id\":\"https:\\\/\\\/permakultur-landwirtschaft.org\\\/#\\\/schema\\\/person\\\/6b0467872f75aed3e144093f9bf4f0b0\"},\"headline\":\"1. Fachreihe Marktg\u00e4rtnerei &#8211; vom 29. November bis 20. Dezember 2022\",\"datePublished\":\"2022-11-29T10:49:00+00:00\",\"dateModified\":\"2022-12-21T08:51:47+00:00\",\"mainEntityOfPage\":{\"@id\":\"https:\\\/\\\/permakultur-landwirtschaft.org\\\/1-fachreihe-marktgaertnerei-vom-29-november-bis-20-dezember-2022\\\/\"},\"wordCount\":156,\"publisher\":{\"@id\":\"https:\\\/\\\/permakultur-landwirtschaft.org\\\/#organization\"},\"image\":{\"@id\":\"https:\\\/\\\/permakultur-landwirtschaft.org\\\/1-fachreihe-marktgaertnerei-vom-29-november-bis-20-dezember-2022\\\/#primaryimage\"},\"thumbnailUrl\":\"https:\\\/\\\/permakultur-landwirtschaft.org\\\/wp-content\\\/uploads\\\/2022\\\/11\\\/Marktgaertnerei_2022-11-23_17-49-06.jpg\",\"articleSection\":[\"Veranstaltungen_Archiv\"],\"inLanguage\":\"fr-FR\"},{\"@type\":\"WebPage\",\"@id\":\"https:\\\/\\\/permakultur-landwirtschaft.org\\\/1-fachreihe-marktgaertnerei-vom-29-november-bis-20-dezember-2022\\\/\",\"url\":\"https:\\\/\\\/permakultur-landwirtschaft.org\\\/1-fachreihe-marktgaertnerei-vom-29-november-bis-20-dezember-2022\\\/\",\"name\":\"1. Fachreihe Marktg\u00e4rtnerei - vom 29. November bis 20. Dezember 2022 - Permakultur-Landwirtschaft\",\"isPartOf\":{\"@id\":\"https:\\\/\\\/permakultur-landwirtschaft.org\\\/#website\"},\"primaryImageOfPage\":{\"@id\":\"https:\\\/\\\/permakultur-landwirtschaft.org\\\/1-fachreihe-marktgaertnerei-vom-29-november-bis-20-dezember-2022\\\/#primaryimage\"},\"image\":{\"@id\":\"https:\\\/\\\/permakultur-landwirtschaft.org\\\/1-fachreihe-marktgaertnerei-vom-29-november-bis-20-dezember-2022\\\/#primaryimage\"},\"thumbnailUrl\":\"https:\\\/\\\/permakultur-landwirtschaft.org\\\/wp-content\\\/uploads\\\/2022\\\/11\\\/Marktgaertnerei_2022-11-23_17-49-06.jpg\",\"datePublished\":\"2022-11-29T10:49:00+00:00\",\"dateModified\":\"2022-12-21T08:51:47+00:00\",\"breadcrumb\":{\"@id\":\"https:\\\/\\\/permakultur-landwirtschaft.org\\\/1-fachreihe-marktgaertnerei-vom-29-november-bis-20-dezember-2022\\\/#breadcrumb\"},\"inLanguage\":\"fr-FR\",\"potentialAction\":[{\"@type\":\"ReadAction\",\"target\":[\"https:\\\/\\\/permakultur-landwirtschaft.org\\\/1-fachreihe-marktgaertnerei-vom-29-november-bis-20-dezember-2022\\\/\"]}]},{\"@type\":\"ImageObject\",\"inLanguage\":\"fr-FR\",\"@id\":\"https:\\\/\\\/permakultur-landwirtschaft.org\\\/1-fachreihe-marktgaertnerei-vom-29-november-bis-20-dezember-2022\\\/#primaryimage\",\"url\":\"https:\\\/\\\/permakultur-landwirtschaft.org\\\/wp-content\\\/uploads\\\/2022\\\/11\\\/Marktgaertnerei_2022-11-23_17-49-06.jpg\",\"contentUrl\":\"https:\\\/\\\/permakultur-landwirtschaft.org\\\/wp-content\\\/uploads\\\/2022\\\/11\\\/Marktgaertnerei_2022-11-23_17-49-06.jpg\",\"width\":700,\"height\":361},{\"@type\":\"BreadcrumbList\",\"@id\":\"https:\\\/\\\/permakultur-landwirtschaft.org\\\/1-fachreihe-marktgaertnerei-vom-29-november-bis-20-dezember-2022\\\/#breadcrumb\",\"itemListElement\":[{\"@type\":\"ListItem\",\"position\":1,\"name\":\"Startseite\",\"item\":\"https:\\\/\\\/permakultur-landwirtschaft.org\\\/\"},{\"@type\":\"ListItem\",\"position\":2,\"name\":\"1. Fachreihe Marktg\u00e4rtnerei &#8211; vom 29. November bis 20. Dezember 2022\"}]},{\"@type\":\"WebSite\",\"@id\":\"https:\\\/\\\/permakultur-landwirtschaft.org\\\/#website\",\"url\":\"https:\\\/\\\/permakultur-landwirtschaft.org\\\/\",\"name\":\"Permakultur-Landwirtschaft\",\"description\":\"F\u00f6rderung der Permakultur in der Landwirtschaft\",\"publisher\":{\"@id\":\"https:\\\/\\\/permakultur-landwirtschaft.org\\\/#organization\"},\"potentialAction\":[{\"@type\":\"SearchAction\",\"target\":{\"@type\":\"EntryPoint\",\"urlTemplate\":\"https:\\\/\\\/permakultur-landwirtschaft.org\\\/?s={search_term_string}\"},\"query-input\":{\"@type\":\"PropertyValueSpecification\",\"valueRequired\":true,\"valueName\":\"search_term_string\"}}],\"inLanguage\":\"fr-FR\"},{\"@type\":\"Organization\",\"@id\":\"https:\\\/\\\/permakultur-landwirtschaft.org\\\/#organization\",\"name\":\"Permakultur-Landwirtschaft\",\"alternateName\":\"Verein Permakultur-Landwirtschaft\",\"url\":\"https:\\\/\\\/permakultur-landwirtschaft.org\\\/\",\"logo\":{\"@type\":\"ImageObject\",\"inLanguage\":\"fr-FR\",\"@id\":\"https:\\\/\\\/permakultur-landwirtschaft.org\\\/#\\\/schema\\\/logo\\\/image\\\/\",\"url\":\"https:\\\/\\\/permakultur-landwirtschaft.org\\\/wp-content\\\/uploads\\\/2021\\\/11\\\/pela_1268x1269.png\",\"contentUrl\":\"https:\\\/\\\/permakultur-landwirtschaft.org\\\/wp-content\\\/uploads\\\/2021\\\/11\\\/pela_1268x1269.png\",\"width\":1298,\"height\":1269,\"caption\":\"Permakultur-Landwirtschaft\"},\"image\":{\"@id\":\"https:\\\/\\\/permakultur-landwirtschaft.org\\\/#\\\/schema\\\/logo\\\/image\\\/\"},\"sameAs\":[\"https:\\\/\\\/www.facebook.com\\\/PermakulturLandwirtschaft\",\"https:\\\/\\\/www.instagram.com\\\/permakultur_landwirtschaft\\\/\",\"https:\\\/\\\/www.flickr.com\\\/photos\\\/permakultur-landwirtschaft\",\"https:\\\/\\\/www.youtube.com\\\/@PermakulturLandwirtschaft\"]},{\"@type\":\"Person\",\"@id\":\"https:\\\/\\\/permakultur-landwirtschaft.org\\\/#\\\/schema\\\/person\\\/6b0467872f75aed3e144093f9bf4f0b0\",\"name\":\"adrian reutimann\",\"url\":\"https:\\\/\\\/permakultur-landwirtschaft.org\\\/fr\\\/author\\\/reutiadr\\\/\"}]}<\/script>\n<!-- \/ Yoast SEO plugin. -->","yoast_head_json":{"title":"1. Fachreihe Marktg\u00e4rtnerei - vom 29. November bis 20. Dezember 2022 - Permakultur-Landwirtschaft","robots":{"index":"index","follow":"follow","max-snippet":"max-snippet:-1","max-image-preview":"max-image-preview:large","max-video-preview":"max-video-preview:-1"},"canonical":"https:\/\/permakultur-landwirtschaft.org\/fr\/1-fachreihe-marktgaertnerei-vom-29-november-bis-20-dezember-2022\/","og_locale":"fr_FR","og_type":"article","og_title":"1. Fachreihe Marktg\u00e4rtnerei - vom 29. November bis 20. Dezember 2022 - Permakultur-Landwirtschaft","og_description":"Text von www.webinar-aufbauende-landwirtschaft.de: Regenerative Ans\u00e4tze in kleinen Vielfaltsg\u00e4rtnereienDie Fachreihe Marktg\u00e4rtnerei richtet sich an alle Menschen die bereits Erfahrung im Gem\u00fcsebau haben und sich intensiver mit dem Thema Agrar\u00f6kologie im Marktgarten besch\u00e4ftigen wollen. Der Schwerpunkt dabei ist der Aufbau und die Verbesserung der Bodenfruchtbarkeit (z.B. durch Mischkulturanbau, Zwischenfr\u00fcchte, Mulchwirtschaft und Kompostierung). Au\u00dferdem soll gezeigt werden, wie [&hellip;]","og_url":"https:\/\/permakultur-landwirtschaft.org\/fr\/1-fachreihe-marktgaertnerei-vom-29-november-bis-20-dezember-2022\/","og_site_name":"Permakultur-Landwirtschaft","article_publisher":"https:\/\/www.facebook.com\/PermakulturLandwirtschaft","article_published_time":"2022-11-29T10:49:00+00:00","article_modified_time":"2022-12-21T08:51:47+00:00","og_image":[{"width":700,"height":361,"url":"https:\/\/permakultur-landwirtschaft.org\/wp-content\/uploads\/2022\/11\/Marktgaertnerei_2022-11-23_17-49-06.jpg","type":"image\/jpeg"}],"author":"adrian reutimann","twitter_card":"summary_large_image","twitter_misc":{"\u00c9crit par":"adrian reutimann","Dur\u00e9e de lecture estim\u00e9e":"1 minute"},"schema":{"@context":"https:\/\/schema.org","@graph":[{"@type":"Article","@id":"https:\/\/permakultur-landwirtschaft.org\/1-fachreihe-marktgaertnerei-vom-29-november-bis-20-dezember-2022\/#article","isPartOf":{"@id":"https:\/\/permakultur-landwirtschaft.org\/1-fachreihe-marktgaertnerei-vom-29-november-bis-20-dezember-2022\/"},"author":{"name":"adrian reutimann","@id":"https:\/\/permakultur-landwirtschaft.org\/#\/schema\/person\/6b0467872f75aed3e144093f9bf4f0b0"},"headline":"1. Fachreihe Marktg\u00e4rtnerei &#8211; vom 29. November bis 20. Dezember 2022","datePublished":"2022-11-29T10:49:00+00:00","dateModified":"2022-12-21T08:51:47+00:00","mainEntityOfPage":{"@id":"https:\/\/permakultur-landwirtschaft.org\/1-fachreihe-marktgaertnerei-vom-29-november-bis-20-dezember-2022\/"},"wordCount":156,"publisher":{"@id":"https:\/\/permakultur-landwirtschaft.org\/#organization"},"image":{"@id":"https:\/\/permakultur-landwirtschaft.org\/1-fachreihe-marktgaertnerei-vom-29-november-bis-20-dezember-2022\/#primaryimage"},"thumbnailUrl":"https:\/\/permakultur-landwirtschaft.org\/wp-content\/uploads\/2022\/11\/Marktgaertnerei_2022-11-23_17-49-06.jpg","articleSection":["Veranstaltungen_Archiv"],"inLanguage":"fr-FR"},{"@type":"WebPage","@id":"https:\/\/permakultur-landwirtschaft.org\/1-fachreihe-marktgaertnerei-vom-29-november-bis-20-dezember-2022\/","url":"https:\/\/permakultur-landwirtschaft.org\/1-fachreihe-marktgaertnerei-vom-29-november-bis-20-dezember-2022\/","name":"1. Fachreihe Marktg\u00e4rtnerei - vom 29. November bis 20. Dezember 2022 - Permakultur-Landwirtschaft","isPartOf":{"@id":"https:\/\/permakultur-landwirtschaft.org\/#website"},"primaryImageOfPage":{"@id":"https:\/\/permakultur-landwirtschaft.org\/1-fachreihe-marktgaertnerei-vom-29-november-bis-20-dezember-2022\/#primaryimage"},"image":{"@id":"https:\/\/permakultur-landwirtschaft.org\/1-fachreihe-marktgaertnerei-vom-29-november-bis-20-dezember-2022\/#primaryimage"},"thumbnailUrl":"https:\/\/permakultur-landwirtschaft.org\/wp-content\/uploads\/2022\/11\/Marktgaertnerei_2022-11-23_17-49-06.jpg","datePublished":"2022-11-29T10:49:00+00:00","dateModified":"2022-12-21T08:51:47+00:00","breadcrumb":{"@id":"https:\/\/permakultur-landwirtschaft.org\/1-fachreihe-marktgaertnerei-vom-29-november-bis-20-dezember-2022\/#breadcrumb"},"inLanguage":"fr-FR","potentialAction":[{"@type":"ReadAction","target":["https:\/\/permakultur-landwirtschaft.org\/1-fachreihe-marktgaertnerei-vom-29-november-bis-20-dezember-2022\/"]}]},{"@type":"ImageObject","inLanguage":"fr-FR","@id":"https:\/\/permakultur-landwirtschaft.org\/1-fachreihe-marktgaertnerei-vom-29-november-bis-20-dezember-2022\/#primaryimage","url":"https:\/\/permakultur-landwirtschaft.org\/wp-content\/uploads\/2022\/11\/Marktgaertnerei_2022-11-23_17-49-06.jpg","contentUrl":"https:\/\/permakultur-landwirtschaft.org\/wp-content\/uploads\/2022\/11\/Marktgaertnerei_2022-11-23_17-49-06.jpg","width":700,"height":361},{"@type":"BreadcrumbList","@id":"https:\/\/permakultur-landwirtschaft.org\/1-fachreihe-marktgaertnerei-vom-29-november-bis-20-dezember-2022\/#breadcrumb","itemListElement":[{"@type":"ListItem","position":1,"name":"Startseite","item":"https:\/\/permakultur-landwirtschaft.org\/"},{"@type":"ListItem","position":2,"name":"1. Fachreihe Marktg\u00e4rtnerei &#8211; vom 29. November bis 20. Dezember 2022"}]},{"@type":"WebSite","@id":"https:\/\/permakultur-landwirtschaft.org\/#website","url":"https:\/\/permakultur-landwirtschaft.org\/","name":"Permakultur-Landwirtschaft","description":"F\u00f6rderung der Permakultur in der Landwirtschaft","publisher":{"@id":"https:\/\/permakultur-landwirtschaft.org\/#organization"},"potentialAction":[{"@type":"SearchAction","target":{"@type":"EntryPoint","urlTemplate":"https:\/\/permakultur-landwirtschaft.org\/?s={search_term_string}"},"query-input":{"@type":"PropertyValueSpecification","valueRequired":true,"valueName":"search_term_string"}}],"inLanguage":"fr-FR"},{"@type":"Organization","@id":"https:\/\/permakultur-landwirtschaft.org\/#organization","name":"Permakultur-Landwirtschaft","alternateName":"Verein Permakultur-Landwirtschaft","url":"https:\/\/permakultur-landwirtschaft.org\/","logo":{"@type":"ImageObject","inLanguage":"fr-FR","@id":"https:\/\/permakultur-landwirtschaft.org\/#\/schema\/logo\/image\/","url":"https:\/\/permakultur-landwirtschaft.org\/wp-content\/uploads\/2021\/11\/pela_1268x1269.png","contentUrl":"https:\/\/permakultur-landwirtschaft.org\/wp-content\/uploads\/2021\/11\/pela_1268x1269.png","width":1298,"height":1269,"caption":"Permakultur-Landwirtschaft"},"image":{"@id":"https:\/\/permakultur-landwirtschaft.org\/#\/schema\/logo\/image\/"},"sameAs":["https:\/\/www.facebook.com\/PermakulturLandwirtschaft","https:\/\/www.instagram.com\/permakultur_landwirtschaft\/","https:\/\/www.flickr.com\/photos\/permakultur-landwirtschaft","https:\/\/www.youtube.com\/@PermakulturLandwirtschaft"]},{"@type":"Person","@id":"https:\/\/permakultur-landwirtschaft.org\/#\/schema\/person\/6b0467872f75aed3e144093f9bf4f0b0","name":"adrian reutimann","url":"https:\/\/permakultur-landwirtschaft.org\/fr\/author\/reutiadr\/"}]}},"_links":{"self":[{"href":"https:\/\/permakultur-landwirtschaft.org\/fr\/wp-json\/wp\/v2\/posts\/26417","targetHints":{"allow":["GET"]}}],"collection":[{"href":"https:\/\/permakultur-landwirtschaft.org\/fr\/wp-json\/wp\/v2\/posts"}],"about":[{"href":"https:\/\/permakultur-landwirtschaft.org\/fr\/wp-json\/wp\/v2\/types\/post"}],"author":[{"embeddable":true,"href":"https:\/\/permakultur-landwirtschaft.org\/fr\/wp-json\/wp\/v2\/users\/2"}],"replies":[{"embeddable":true,"href":"https:\/\/permakultur-landwirtschaft.org\/fr\/wp-json\/wp\/v2\/comments?post=26417"}],"version-history":[{"count":1,"href":"https:\/\/permakultur-landwirtschaft.org\/fr\/wp-json\/wp\/v2\/posts\/26417\/revisions"}],"predecessor-version":[{"id":26419,"href":"https:\/\/permakultur-landwirtschaft.org\/fr\/wp-json\/wp\/v2\/posts\/26417\/revisions\/26419"}],"wp:featuredmedia":[{"embeddable":true,"href":"https:\/\/permakultur-landwirtschaft.org\/fr\/wp-json\/wp\/v2\/media\/26418"}],"wp:attachment":[{"href":"https:\/\/permakultur-landwirtschaft.org\/fr\/wp-json\/wp\/v2\/media?parent=26417"}],"wp:term":[{"taxonomy":"category","embeddable":true,"href":"https:\/\/permakultur-landwirtschaft.org\/fr\/wp-json\/wp\/v2\/categories?post=26417"},{"taxonomy":"post_tag","embeddable":true,"href":"https:\/\/permakultur-landwirtschaft.org\/fr\/wp-json\/wp\/v2\/tags?post=26417"}],"curies":[{"name":"wp","href":"https:\/\/api.w.org\/{rel}","templated":true}]}}