{"id":26306,"date":"2022-11-18T18:41:16","date_gmt":"2022-11-18T17:41:16","guid":{"rendered":"https:\/\/permakultur-landwirtschaft.org\/?p=26306"},"modified":"2022-11-18T18:42:20","modified_gmt":"2022-11-18T17:42:20","slug":"pachtflaeche-fuer-agroforst-in-der-stadt-zuerich-ausgeschrieben","status":"publish","type":"post","link":"https:\/\/permakultur-landwirtschaft.org\/fr\/pachtflaeche-fuer-agroforst-in-der-stadt-zuerich-ausgeschrieben\/","title":{"rendered":"Pachtfl\u00e4che f\u00fcr Agroforst in der Stadt Z\u00fcrich ausgeschrieben &#8211; 18. November 2022"},"content":{"rendered":"<p>Text von stadt-zuerich.ch:<\/p>\n\n\n\n<p><strong>Objekt: (Kat.-Nr. Teilfl\u00e4che von WO 6233)<\/strong><\/p>\n\n\n\n<p>Ca. 3555 m2 Agroforest Fl\u00e4che, Wild- und Naschobst, mehrj\u00e4hriges Gem\u00fcse<\/p>\n\n\n\n<ul class=\"wp-block-list\">\n<li>Agroforest der Stadt Z\u00fcrich<\/li>\n\n\n\n<li>Die Fl\u00e4che befindet sich in der Zone FP, Bauten sind nicht erlaubt<\/li>\n\n\n\n<li>F\u00fcr die Nutzung gilt die GOZ (Garten Ordnung Z\u00fcrich)<\/li>\n\n\n\n<li>Ein Wasseranschluss ist vorhanden<\/li>\n\n\n\n<li>Es sind Parkpl\u00e4tze vorhanden (Blaue Zone)<\/li>\n\n\n\n<li>Die Fl\u00e4che ist \u00f6ffentlich zug\u00e4nglich<\/li>\n<\/ul>\n\n\n\n<p><strong>Nutzung<\/strong><\/p>\n\n\n\n<p>Die Fl\u00e4che eignet sich f\u00fcr die Nutzung durch eine Gruppe aus dem Quartier um den 1. Agroforest der Stadt Z\u00fcrich zu etablieren<\/p>\n\n\n\n<p><strong>Pachtbedingungen<\/strong><\/p>\n\n\n\n<p>Pachtzins pro Jahr: Fr. 1 250.00 plus Fr. 220.00 Beitrag Bodenschutzstiftung der Stadt Z\u00fcrich, ohne Wasserzins, Total Fr. 1 470.00<\/p>\n\n\n\n<p>Link zur Ausschreibung der Stadt Z\u00fcrich: <a rel=\"noreferrer noopener\" href=\"https:\/\/www.stadt-zuerich.ch\/ted\/de\/index\/gsz\/gaerten-und-andere-pachtflaechen\/freie-pachtflaechen.html\" target=\"_blank\">www.stadt-zuerich.ch\/ted\/de\/index\/gsz\/gaerten-und-andere-pachtflaechen\/freie-pachtflaechen.html<\/a><\/p>\n\n\n\n<figure class=\"wp-block-image size-full\"><a href=\"https:\/\/www.stadt-zuerich.ch\/ted\/de\/index\/gsz\/gaerten-und-andere-pachtflaechen\/freie-pachtflaechen.html\" target=\"_blank\" rel=\"noopener\"><img fetchpriority=\"high\" decoding=\"async\" width=\"697\" height=\"595\" src=\"https:\/\/permakultur-landwirtschaft.org\/wp-content\/uploads\/2022\/11\/stadt_zuerich_Garten-56.jpg\" alt=\"\" class=\"wp-image-26307\" srcset=\"https:\/\/permakultur-landwirtschaft.org\/wp-content\/uploads\/2022\/11\/stadt_zuerich_Garten-56.jpg 697w, https:\/\/permakultur-landwirtschaft.org\/wp-content\/uploads\/2022\/11\/stadt_zuerich_Garten-56-300x256.jpg 300w\" sizes=\"(max-width: 697px) 100vw, 697px\" \/><\/a><figcaption class=\"wp-element-caption\">Bild: stadt-zuerich.ch<\/figcaption><\/figure>\n\n\n\n<hr class=\"wp-block-separator has-css-opacity\"\/>\n\n\n\n<h3 class=\"wp-block-heading\"><a href=\"https:\/\/permakultur-landwirtschaft.org\/fr\/medien\/\">Hier geht&#8217;s zur \u00dcbersicht aller Neuigkeiten<\/a><\/h3>","protected":false},"excerpt":{"rendered":"<p>Text von stadt-zuerich.ch: Objekt: (Kat.-Nr. Teilfl\u00e4che von WO 6233) Ca. 3555 m2 Agroforest Fl\u00e4che, Wild- und Naschobst, mehrj\u00e4hriges Gem\u00fcse Nutzung Die Fl\u00e4che eignet sich f\u00fcr die Nutzung durch eine Gruppe aus dem Quartier um den 1. Agroforest der Stadt Z\u00fcrich zu etablieren Pachtbedingungen Pachtzins pro Jahr: Fr. 1 250.00 plus Fr. 220.00 Beitrag Bodenschutzstiftung der [&hellip;]<\/p>\n","protected":false},"author":2,"featured_media":26307,"comment_status":"closed","ping_status":"closed","sticky":false,"template":"","format":"standard","meta":{"_acf_changed":false,"site-sidebar-layout":"default","site-content-layout":"","ast-site-content-layout":"default","site-content-style":"default","site-sidebar-style":"default","ast-global-header-display":"","ast-banner-title-visibility":"","ast-main-header-display":"","ast-hfb-above-header-display":"","ast-hfb-below-header-display":"","ast-hfb-mobile-header-display":"","site-post-title":"","ast-breadcrumbs-content":"","ast-featured-img":"","footer-sml-layout":"","ast-disable-related-posts":"","theme-transparent-header-meta":"","adv-header-id-meta":"","stick-header-meta":"","header-above-stick-meta":"","header-main-stick-meta":"","header-below-stick-meta":"","astra-migrate-meta-layouts":"default","ast-page-background-enabled":"default","ast-page-background-meta":{"desktop":{"background-color":"var(--ast-global-color-4)","background-image":"","background-repeat":"repeat","background-position":"center center","background-size":"auto","background-attachment":"scroll","background-type":"","background-media":"","overlay-type":"","overlay-color":"","overlay-opacity":"","overlay-gradient":""},"tablet":{"background-color":"","background-image":"","background-repeat":"repeat","background-position":"center center","background-size":"auto","background-attachment":"scroll","background-type":"","background-media":"","overlay-type":"","overlay-color":"","overlay-opacity":"","overlay-gradient":""},"mobile":{"background-color":"","background-image":"","background-repeat":"repeat","background-position":"center center","background-size":"auto","background-attachment":"scroll","background-type":"","background-media":"","overlay-type":"","overlay-color":"","overlay-opacity":"","overlay-gradient":""}},"ast-content-background-meta":{"desktop":{"background-color":"var(--ast-global-color-5)","background-image":"","background-repeat":"repeat","background-position":"center center","background-size":"auto","background-attachment":"scroll","background-type":"","background-media":"","overlay-type":"","overlay-color":"","overlay-opacity":"","overlay-gradient":""},"tablet":{"background-color":"var(--ast-global-color-5)","background-image":"","background-repeat":"repeat","background-position":"center center","background-size":"auto","background-attachment":"scroll","background-type":"","background-media":"","overlay-type":"","overlay-color":"","overlay-opacity":"","overlay-gradient":""},"mobile":{"background-color":"var(--ast-global-color-5)","background-image":"","background-repeat":"repeat","background-position":"center center","background-size":"auto","background-attachment":"scroll","background-type":"","background-media":"","overlay-type":"","overlay-color":"","overlay-opacity":"","overlay-gradient":""}},"footnotes":""},"categories":[22],"tags":[],"class_list":["post-26306","post","type-post","status-publish","format-standard","has-post-thumbnail","hentry","category-neuigkeit"],"acf":[],"yoast_head":"<!-- This site is optimized with the Yoast SEO plugin v27.5 - https:\/\/yoast.com\/product\/yoast-seo-wordpress\/ -->\n<title>Pachtfl\u00e4che f\u00fcr Agroforst in der Stadt Z\u00fcrich ausgeschrieben - 18. November 2022 - Permakultur-Landwirtschaft<\/title>\n<meta name=\"robots\" content=\"index, follow, max-snippet:-1, max-image-preview:large, max-video-preview:-1\" \/>\n<link rel=\"canonical\" href=\"https:\/\/permakultur-landwirtschaft.org\/fr\/pachtflaeche-fuer-agroforst-in-der-stadt-zuerich-ausgeschrieben\/\" \/>\n<meta property=\"og:locale\" content=\"fr_FR\" \/>\n<meta property=\"og:type\" content=\"article\" \/>\n<meta property=\"og:title\" content=\"Pachtfl\u00e4che f\u00fcr Agroforst in der Stadt Z\u00fcrich ausgeschrieben - 18. November 2022 - Permakultur-Landwirtschaft\" \/>\n<meta property=\"og:description\" content=\"Text von stadt-zuerich.ch: Objekt: (Kat.-Nr. Teilfl\u00e4che von WO 6233) Ca. 3555 m2 Agroforest Fl\u00e4che, Wild- und Naschobst, mehrj\u00e4hriges Gem\u00fcse Nutzung Die Fl\u00e4che eignet sich f\u00fcr die Nutzung durch eine Gruppe aus dem Quartier um den 1. Agroforest der Stadt Z\u00fcrich zu etablieren Pachtbedingungen Pachtzins pro Jahr: Fr. 1 250.00 plus Fr. 220.00 Beitrag Bodenschutzstiftung der [&hellip;]\" \/>\n<meta property=\"og:url\" content=\"https:\/\/permakultur-landwirtschaft.org\/fr\/pachtflaeche-fuer-agroforst-in-der-stadt-zuerich-ausgeschrieben\/\" \/>\n<meta property=\"og:site_name\" content=\"Permakultur-Landwirtschaft\" \/>\n<meta property=\"article:publisher\" content=\"https:\/\/www.facebook.com\/PermakulturLandwirtschaft\" \/>\n<meta property=\"article:published_time\" content=\"2022-11-18T17:41:16+00:00\" \/>\n<meta property=\"article:modified_time\" content=\"2022-11-18T17:42:20+00:00\" \/>\n<meta property=\"og:image\" content=\"https:\/\/permakultur-landwirtschaft.org\/wp-content\/uploads\/2022\/11\/stadt_zuerich_Garten-56.jpg\" \/>\n\t<meta property=\"og:image:width\" content=\"697\" \/>\n\t<meta property=\"og:image:height\" content=\"595\" \/>\n\t<meta property=\"og:image:type\" content=\"image\/jpeg\" \/>\n<meta name=\"author\" content=\"adrian reutimann\" \/>\n<meta name=\"twitter:card\" content=\"summary_large_image\" \/>\n<meta name=\"twitter:label1\" content=\"\u00c9crit par\" \/>\n\t<meta name=\"twitter:data1\" content=\"adrian reutimann\" \/>\n\t<meta name=\"twitter:label2\" content=\"Dur\u00e9e de lecture estim\u00e9e\" \/>\n\t<meta name=\"twitter:data2\" content=\"1 minute\" \/>\n<script type=\"application\/ld+json\" class=\"yoast-schema-graph\">{\"@context\":\"https:\\\/\\\/schema.org\",\"@graph\":[{\"@type\":\"Article\",\"@id\":\"https:\\\/\\\/permakultur-landwirtschaft.org\\\/pachtflaeche-fuer-agroforst-in-der-stadt-zuerich-ausgeschrieben\\\/#article\",\"isPartOf\":{\"@id\":\"https:\\\/\\\/permakultur-landwirtschaft.org\\\/pachtflaeche-fuer-agroforst-in-der-stadt-zuerich-ausgeschrieben\\\/\"},\"author\":{\"name\":\"adrian reutimann\",\"@id\":\"https:\\\/\\\/permakultur-landwirtschaft.org\\\/#\\\/schema\\\/person\\\/6b0467872f75aed3e144093f9bf4f0b0\"},\"headline\":\"Pachtfl\u00e4che f\u00fcr Agroforst in der Stadt Z\u00fcrich ausgeschrieben &#8211; 18. November 2022\",\"datePublished\":\"2022-11-18T17:41:16+00:00\",\"dateModified\":\"2022-11-18T17:42:20+00:00\",\"mainEntityOfPage\":{\"@id\":\"https:\\\/\\\/permakultur-landwirtschaft.org\\\/pachtflaeche-fuer-agroforst-in-der-stadt-zuerich-ausgeschrieben\\\/\"},\"wordCount\":152,\"publisher\":{\"@id\":\"https:\\\/\\\/permakultur-landwirtschaft.org\\\/#organization\"},\"image\":{\"@id\":\"https:\\\/\\\/permakultur-landwirtschaft.org\\\/pachtflaeche-fuer-agroforst-in-der-stadt-zuerich-ausgeschrieben\\\/#primaryimage\"},\"thumbnailUrl\":\"https:\\\/\\\/permakultur-landwirtschaft.org\\\/wp-content\\\/uploads\\\/2022\\\/11\\\/stadt_zuerich_Garten-56.jpg\",\"articleSection\":[\"Neuigkeit\"],\"inLanguage\":\"fr-FR\"},{\"@type\":\"WebPage\",\"@id\":\"https:\\\/\\\/permakultur-landwirtschaft.org\\\/pachtflaeche-fuer-agroforst-in-der-stadt-zuerich-ausgeschrieben\\\/\",\"url\":\"https:\\\/\\\/permakultur-landwirtschaft.org\\\/pachtflaeche-fuer-agroforst-in-der-stadt-zuerich-ausgeschrieben\\\/\",\"name\":\"Pachtfl\u00e4che f\u00fcr Agroforst in der Stadt Z\u00fcrich ausgeschrieben - 18. November 2022 - Permakultur-Landwirtschaft\",\"isPartOf\":{\"@id\":\"https:\\\/\\\/permakultur-landwirtschaft.org\\\/#website\"},\"primaryImageOfPage\":{\"@id\":\"https:\\\/\\\/permakultur-landwirtschaft.org\\\/pachtflaeche-fuer-agroforst-in-der-stadt-zuerich-ausgeschrieben\\\/#primaryimage\"},\"image\":{\"@id\":\"https:\\\/\\\/permakultur-landwirtschaft.org\\\/pachtflaeche-fuer-agroforst-in-der-stadt-zuerich-ausgeschrieben\\\/#primaryimage\"},\"thumbnailUrl\":\"https:\\\/\\\/permakultur-landwirtschaft.org\\\/wp-content\\\/uploads\\\/2022\\\/11\\\/stadt_zuerich_Garten-56.jpg\",\"datePublished\":\"2022-11-18T17:41:16+00:00\",\"dateModified\":\"2022-11-18T17:42:20+00:00\",\"breadcrumb\":{\"@id\":\"https:\\\/\\\/permakultur-landwirtschaft.org\\\/pachtflaeche-fuer-agroforst-in-der-stadt-zuerich-ausgeschrieben\\\/#breadcrumb\"},\"inLanguage\":\"fr-FR\",\"potentialAction\":[{\"@type\":\"ReadAction\",\"target\":[\"https:\\\/\\\/permakultur-landwirtschaft.org\\\/pachtflaeche-fuer-agroforst-in-der-stadt-zuerich-ausgeschrieben\\\/\"]}]},{\"@type\":\"ImageObject\",\"inLanguage\":\"fr-FR\",\"@id\":\"https:\\\/\\\/permakultur-landwirtschaft.org\\\/pachtflaeche-fuer-agroforst-in-der-stadt-zuerich-ausgeschrieben\\\/#primaryimage\",\"url\":\"https:\\\/\\\/permakultur-landwirtschaft.org\\\/wp-content\\\/uploads\\\/2022\\\/11\\\/stadt_zuerich_Garten-56.jpg\",\"contentUrl\":\"https:\\\/\\\/permakultur-landwirtschaft.org\\\/wp-content\\\/uploads\\\/2022\\\/11\\\/stadt_zuerich_Garten-56.jpg\",\"width\":697,\"height\":595},{\"@type\":\"BreadcrumbList\",\"@id\":\"https:\\\/\\\/permakultur-landwirtschaft.org\\\/pachtflaeche-fuer-agroforst-in-der-stadt-zuerich-ausgeschrieben\\\/#breadcrumb\",\"itemListElement\":[{\"@type\":\"ListItem\",\"position\":1,\"name\":\"Startseite\",\"item\":\"https:\\\/\\\/permakultur-landwirtschaft.org\\\/\"},{\"@type\":\"ListItem\",\"position\":2,\"name\":\"Pachtfl\u00e4che f\u00fcr Agroforst in der Stadt Z\u00fcrich ausgeschrieben &#8211; 18. November 2022\"}]},{\"@type\":\"WebSite\",\"@id\":\"https:\\\/\\\/permakultur-landwirtschaft.org\\\/#website\",\"url\":\"https:\\\/\\\/permakultur-landwirtschaft.org\\\/\",\"name\":\"Permakultur-Landwirtschaft\",\"description\":\"F\u00f6rderung der Permakultur in der Landwirtschaft\",\"publisher\":{\"@id\":\"https:\\\/\\\/permakultur-landwirtschaft.org\\\/#organization\"},\"potentialAction\":[{\"@type\":\"SearchAction\",\"target\":{\"@type\":\"EntryPoint\",\"urlTemplate\":\"https:\\\/\\\/permakultur-landwirtschaft.org\\\/?s={search_term_string}\"},\"query-input\":{\"@type\":\"PropertyValueSpecification\",\"valueRequired\":true,\"valueName\":\"search_term_string\"}}],\"inLanguage\":\"fr-FR\"},{\"@type\":\"Organization\",\"@id\":\"https:\\\/\\\/permakultur-landwirtschaft.org\\\/#organization\",\"name\":\"Permakultur-Landwirtschaft\",\"alternateName\":\"Verein Permakultur-Landwirtschaft\",\"url\":\"https:\\\/\\\/permakultur-landwirtschaft.org\\\/\",\"logo\":{\"@type\":\"ImageObject\",\"inLanguage\":\"fr-FR\",\"@id\":\"https:\\\/\\\/permakultur-landwirtschaft.org\\\/#\\\/schema\\\/logo\\\/image\\\/\",\"url\":\"https:\\\/\\\/permakultur-landwirtschaft.org\\\/wp-content\\\/uploads\\\/2021\\\/11\\\/pela_1268x1269.png\",\"contentUrl\":\"https:\\\/\\\/permakultur-landwirtschaft.org\\\/wp-content\\\/uploads\\\/2021\\\/11\\\/pela_1268x1269.png\",\"width\":1298,\"height\":1269,\"caption\":\"Permakultur-Landwirtschaft\"},\"image\":{\"@id\":\"https:\\\/\\\/permakultur-landwirtschaft.org\\\/#\\\/schema\\\/logo\\\/image\\\/\"},\"sameAs\":[\"https:\\\/\\\/www.facebook.com\\\/PermakulturLandwirtschaft\",\"https:\\\/\\\/www.instagram.com\\\/permakultur_landwirtschaft\\\/\",\"https:\\\/\\\/www.flickr.com\\\/photos\\\/permakultur-landwirtschaft\",\"https:\\\/\\\/www.youtube.com\\\/@PermakulturLandwirtschaft\"]},{\"@type\":\"Person\",\"@id\":\"https:\\\/\\\/permakultur-landwirtschaft.org\\\/#\\\/schema\\\/person\\\/6b0467872f75aed3e144093f9bf4f0b0\",\"name\":\"adrian reutimann\",\"url\":\"https:\\\/\\\/permakultur-landwirtschaft.org\\\/fr\\\/author\\\/reutiadr\\\/\"}]}<\/script>\n<!-- \/ Yoast SEO plugin. -->","yoast_head_json":{"title":"Pachtfl\u00e4che f\u00fcr Agroforst in der Stadt Z\u00fcrich ausgeschrieben - 18. November 2022 - Permakultur-Landwirtschaft","robots":{"index":"index","follow":"follow","max-snippet":"max-snippet:-1","max-image-preview":"max-image-preview:large","max-video-preview":"max-video-preview:-1"},"canonical":"https:\/\/permakultur-landwirtschaft.org\/fr\/pachtflaeche-fuer-agroforst-in-der-stadt-zuerich-ausgeschrieben\/","og_locale":"fr_FR","og_type":"article","og_title":"Pachtfl\u00e4che f\u00fcr Agroforst in der Stadt Z\u00fcrich ausgeschrieben - 18. November 2022 - Permakultur-Landwirtschaft","og_description":"Text von stadt-zuerich.ch: Objekt: (Kat.-Nr. Teilfl\u00e4che von WO 6233) Ca. 3555 m2 Agroforest Fl\u00e4che, Wild- und Naschobst, mehrj\u00e4hriges Gem\u00fcse Nutzung Die Fl\u00e4che eignet sich f\u00fcr die Nutzung durch eine Gruppe aus dem Quartier um den 1. Agroforest der Stadt Z\u00fcrich zu etablieren Pachtbedingungen Pachtzins pro Jahr: Fr. 1 250.00 plus Fr. 220.00 Beitrag Bodenschutzstiftung der [&hellip;]","og_url":"https:\/\/permakultur-landwirtschaft.org\/fr\/pachtflaeche-fuer-agroforst-in-der-stadt-zuerich-ausgeschrieben\/","og_site_name":"Permakultur-Landwirtschaft","article_publisher":"https:\/\/www.facebook.com\/PermakulturLandwirtschaft","article_published_time":"2022-11-18T17:41:16+00:00","article_modified_time":"2022-11-18T17:42:20+00:00","og_image":[{"width":697,"height":595,"url":"https:\/\/permakultur-landwirtschaft.org\/wp-content\/uploads\/2022\/11\/stadt_zuerich_Garten-56.jpg","type":"image\/jpeg"}],"author":"adrian reutimann","twitter_card":"summary_large_image","twitter_misc":{"\u00c9crit par":"adrian reutimann","Dur\u00e9e de lecture estim\u00e9e":"1 minute"},"schema":{"@context":"https:\/\/schema.org","@graph":[{"@type":"Article","@id":"https:\/\/permakultur-landwirtschaft.org\/pachtflaeche-fuer-agroforst-in-der-stadt-zuerich-ausgeschrieben\/#article","isPartOf":{"@id":"https:\/\/permakultur-landwirtschaft.org\/pachtflaeche-fuer-agroforst-in-der-stadt-zuerich-ausgeschrieben\/"},"author":{"name":"adrian reutimann","@id":"https:\/\/permakultur-landwirtschaft.org\/#\/schema\/person\/6b0467872f75aed3e144093f9bf4f0b0"},"headline":"Pachtfl\u00e4che f\u00fcr Agroforst in der Stadt Z\u00fcrich ausgeschrieben &#8211; 18. November 2022","datePublished":"2022-11-18T17:41:16+00:00","dateModified":"2022-11-18T17:42:20+00:00","mainEntityOfPage":{"@id":"https:\/\/permakultur-landwirtschaft.org\/pachtflaeche-fuer-agroforst-in-der-stadt-zuerich-ausgeschrieben\/"},"wordCount":152,"publisher":{"@id":"https:\/\/permakultur-landwirtschaft.org\/#organization"},"image":{"@id":"https:\/\/permakultur-landwirtschaft.org\/pachtflaeche-fuer-agroforst-in-der-stadt-zuerich-ausgeschrieben\/#primaryimage"},"thumbnailUrl":"https:\/\/permakultur-landwirtschaft.org\/wp-content\/uploads\/2022\/11\/stadt_zuerich_Garten-56.jpg","articleSection":["Neuigkeit"],"inLanguage":"fr-FR"},{"@type":"WebPage","@id":"https:\/\/permakultur-landwirtschaft.org\/pachtflaeche-fuer-agroforst-in-der-stadt-zuerich-ausgeschrieben\/","url":"https:\/\/permakultur-landwirtschaft.org\/pachtflaeche-fuer-agroforst-in-der-stadt-zuerich-ausgeschrieben\/","name":"Pachtfl\u00e4che f\u00fcr Agroforst in der Stadt Z\u00fcrich ausgeschrieben - 18. November 2022 - Permakultur-Landwirtschaft","isPartOf":{"@id":"https:\/\/permakultur-landwirtschaft.org\/#website"},"primaryImageOfPage":{"@id":"https:\/\/permakultur-landwirtschaft.org\/pachtflaeche-fuer-agroforst-in-der-stadt-zuerich-ausgeschrieben\/#primaryimage"},"image":{"@id":"https:\/\/permakultur-landwirtschaft.org\/pachtflaeche-fuer-agroforst-in-der-stadt-zuerich-ausgeschrieben\/#primaryimage"},"thumbnailUrl":"https:\/\/permakultur-landwirtschaft.org\/wp-content\/uploads\/2022\/11\/stadt_zuerich_Garten-56.jpg","datePublished":"2022-11-18T17:41:16+00:00","dateModified":"2022-11-18T17:42:20+00:00","breadcrumb":{"@id":"https:\/\/permakultur-landwirtschaft.org\/pachtflaeche-fuer-agroforst-in-der-stadt-zuerich-ausgeschrieben\/#breadcrumb"},"inLanguage":"fr-FR","potentialAction":[{"@type":"ReadAction","target":["https:\/\/permakultur-landwirtschaft.org\/pachtflaeche-fuer-agroforst-in-der-stadt-zuerich-ausgeschrieben\/"]}]},{"@type":"ImageObject","inLanguage":"fr-FR","@id":"https:\/\/permakultur-landwirtschaft.org\/pachtflaeche-fuer-agroforst-in-der-stadt-zuerich-ausgeschrieben\/#primaryimage","url":"https:\/\/permakultur-landwirtschaft.org\/wp-content\/uploads\/2022\/11\/stadt_zuerich_Garten-56.jpg","contentUrl":"https:\/\/permakultur-landwirtschaft.org\/wp-content\/uploads\/2022\/11\/stadt_zuerich_Garten-56.jpg","width":697,"height":595},{"@type":"BreadcrumbList","@id":"https:\/\/permakultur-landwirtschaft.org\/pachtflaeche-fuer-agroforst-in-der-stadt-zuerich-ausgeschrieben\/#breadcrumb","itemListElement":[{"@type":"ListItem","position":1,"name":"Startseite","item":"https:\/\/permakultur-landwirtschaft.org\/"},{"@type":"ListItem","position":2,"name":"Pachtfl\u00e4che f\u00fcr Agroforst in der Stadt Z\u00fcrich ausgeschrieben &#8211; 18. November 2022"}]},{"@type":"WebSite","@id":"https:\/\/permakultur-landwirtschaft.org\/#website","url":"https:\/\/permakultur-landwirtschaft.org\/","name":"Permakultur-Landwirtschaft","description":"F\u00f6rderung der Permakultur in der Landwirtschaft","publisher":{"@id":"https:\/\/permakultur-landwirtschaft.org\/#organization"},"potentialAction":[{"@type":"SearchAction","target":{"@type":"EntryPoint","urlTemplate":"https:\/\/permakultur-landwirtschaft.org\/?s={search_term_string}"},"query-input":{"@type":"PropertyValueSpecification","valueRequired":true,"valueName":"search_term_string"}}],"inLanguage":"fr-FR"},{"@type":"Organization","@id":"https:\/\/permakultur-landwirtschaft.org\/#organization","name":"Permakultur-Landwirtschaft","alternateName":"Verein Permakultur-Landwirtschaft","url":"https:\/\/permakultur-landwirtschaft.org\/","logo":{"@type":"ImageObject","inLanguage":"fr-FR","@id":"https:\/\/permakultur-landwirtschaft.org\/#\/schema\/logo\/image\/","url":"https:\/\/permakultur-landwirtschaft.org\/wp-content\/uploads\/2021\/11\/pela_1268x1269.png","contentUrl":"https:\/\/permakultur-landwirtschaft.org\/wp-content\/uploads\/2021\/11\/pela_1268x1269.png","width":1298,"height":1269,"caption":"Permakultur-Landwirtschaft"},"image":{"@id":"https:\/\/permakultur-landwirtschaft.org\/#\/schema\/logo\/image\/"},"sameAs":["https:\/\/www.facebook.com\/PermakulturLandwirtschaft","https:\/\/www.instagram.com\/permakultur_landwirtschaft\/","https:\/\/www.flickr.com\/photos\/permakultur-landwirtschaft","https:\/\/www.youtube.com\/@PermakulturLandwirtschaft"]},{"@type":"Person","@id":"https:\/\/permakultur-landwirtschaft.org\/#\/schema\/person\/6b0467872f75aed3e144093f9bf4f0b0","name":"adrian reutimann","url":"https:\/\/permakultur-landwirtschaft.org\/fr\/author\/reutiadr\/"}]}},"_links":{"self":[{"href":"https:\/\/permakultur-landwirtschaft.org\/fr\/wp-json\/wp\/v2\/posts\/26306","targetHints":{"allow":["GET"]}}],"collection":[{"href":"https:\/\/permakultur-landwirtschaft.org\/fr\/wp-json\/wp\/v2\/posts"}],"about":[{"href":"https:\/\/permakultur-landwirtschaft.org\/fr\/wp-json\/wp\/v2\/types\/post"}],"author":[{"embeddable":true,"href":"https:\/\/permakultur-landwirtschaft.org\/fr\/wp-json\/wp\/v2\/users\/2"}],"replies":[{"embeddable":true,"href":"https:\/\/permakultur-landwirtschaft.org\/fr\/wp-json\/wp\/v2\/comments?post=26306"}],"version-history":[{"count":3,"href":"https:\/\/permakultur-landwirtschaft.org\/fr\/wp-json\/wp\/v2\/posts\/26306\/revisions"}],"predecessor-version":[{"id":26310,"href":"https:\/\/permakultur-landwirtschaft.org\/fr\/wp-json\/wp\/v2\/posts\/26306\/revisions\/26310"}],"wp:featuredmedia":[{"embeddable":true,"href":"https:\/\/permakultur-landwirtschaft.org\/fr\/wp-json\/wp\/v2\/media\/26307"}],"wp:attachment":[{"href":"https:\/\/permakultur-landwirtschaft.org\/fr\/wp-json\/wp\/v2\/media?parent=26306"}],"wp:term":[{"taxonomy":"category","embeddable":true,"href":"https:\/\/permakultur-landwirtschaft.org\/fr\/wp-json\/wp\/v2\/categories?post=26306"},{"taxonomy":"post_tag","embeddable":true,"href":"https:\/\/permakultur-landwirtschaft.org\/fr\/wp-json\/wp\/v2\/tags?post=26306"}],"curies":[{"name":"wp","href":"https:\/\/api.w.org\/{rel}","templated":true}]}}