{"id":26277,"date":"2022-10-27T10:56:00","date_gmt":"2022-10-27T08:56:00","guid":{"rendered":"https:\/\/permakultur-landwirtschaft.org\/?p=26277"},"modified":"2022-11-17T11:01:09","modified_gmt":"2022-11-17T10:01:09","slug":"solidaritaet-in-der-permakultur-beitrag-der-hafl-vom-27-oktober-2022","status":"publish","type":"post","link":"https:\/\/permakultur-landwirtschaft.org\/fr\/solidaritaet-in-der-permakultur-beitrag-der-hafl-vom-27-oktober-2022\/","title":{"rendered":"Solidarit\u00e4t in der Permakultur &#8211; Beitrag der HAFL vom 27. Oktober 2022"},"content":{"rendered":"<p>Text von bfh.ch:<\/p>\n\n\n\n<p>Die Masterarbeit von Dario Principi umfasst weit mehr als 30 Seiten auf Papier: Eine bl\u00fchende Anbaufl\u00e4che von 0.6 Hektar im bernischen Meikirch. Gemeinsam mit Freiwilligen baut er dort ein solidarisches Permakultur-Projekt auf.<\/p>\n\n\n\n<h2 class=\"wp-block-heading\">Viele Denkanst\u00f6sse<\/h2>\n\n\n\n<p>Die Wirkung auf das Umfeld, die Gesellschaft und die Landwirtschaft darf nicht vergessen werden. \u00abVorbeigehende Spazierg\u00e4nger oder Besucherinnen lernen ebenfalls durch das Projekt\u00bb, sagt Dario. Im Feld, das an die Permakulturfl\u00e4che angrenzt, wird momentan Extenso-Getreide anstatt wie fr\u00fcher mit Pestiziden behandelte Kartoffeln angepflanzt. Ein sch\u00f6ner Effekt.<\/p>\n\n\n\n<p>Auch Landwirt Andreas St\u00e4mpfli profitiert. Die Mutterkuhhaltung, der Ackerbau, die Familie und der Nebenerwerb lassen dem Landwirt wenig Zeit zur Auseinandersetzung mit dem Thema Permakultur. \u00abDurch das Projekt mache ich mir Gedanken, wie ich meinen Betrieb mit Permakultur erweitern und an die lokalen Begebenheiten anpassen k\u00f6nnte. Fehlendes Knowhow und Bedenken betreffend die Wirtschaftlichkeit sind hemmende Faktoren Permakultur im Betrieb einzubinden. Der Trend und fehlendes Wasser auf den Mutterkuhweiden sprechen aber daf\u00fcr. Die Wasserversorgung ist auch auf der Permakulturfl\u00e4che ein wichtiger Faktor. In meiner Kuhweide habe ich eine eigene Quelle. Diese besser zu nutzen ist ein Gedanke, den ich mir im Zusammenhang mit der Permakulturfl\u00e4che erstmals gemacht habe.\u00bb<\/p>\n\n\n\n<p>Link zum Beitrag der HAFL: <a rel=\"noreferrer noopener\" href=\"https:\/\/www.bfh.ch\/hafl\/de\/aktuell\/news\/2022\/permakultur-meikirch\/\" target=\"_blank\">www.bfh.ch\/hafl\/de\/aktuell\/news\/2022\/permakultur-meikirch<\/a><\/p>\n\n\n\n<figure class=\"wp-block-image size-full\"><a href=\"https:\/\/www.bfh.ch\/hafl\/de\/aktuell\/news\/2022\/permakultur-meikirch\/\" target=\"_blank\" rel=\"noopener\"><img fetchpriority=\"high\" decoding=\"async\" width=\"700\" height=\"579\" src=\"https:\/\/permakultur-landwirtschaft.org\/wp-content\/uploads\/2022\/11\/Bild-2_Dario-Principi-2.jpg\" alt=\"\" class=\"wp-image-26278\" srcset=\"https:\/\/permakultur-landwirtschaft.org\/wp-content\/uploads\/2022\/11\/Bild-2_Dario-Principi-2.jpg 700w, https:\/\/permakultur-landwirtschaft.org\/wp-content\/uploads\/2022\/11\/Bild-2_Dario-Principi-2-300x248.jpg 300w\" sizes=\"(max-width: 700px) 100vw, 700px\" \/><\/a><figcaption class=\"wp-element-caption\">Bild: Flurina Wetter<\/figcaption><\/figure>\n\n\n\n<hr class=\"wp-block-separator has-css-opacity\"\/>\n\n\n\n<h3 class=\"wp-block-heading\"><a href=\"https:\/\/permakultur-landwirtschaft.org\/fr\/medien\/\">Hier geht&#8217;s zur \u00dcbersicht aller Neuigkeiten<\/a><\/h3>","protected":false},"excerpt":{"rendered":"<p>Text von bfh.ch: Die Masterarbeit von Dario Principi umfasst weit mehr als 30 Seiten auf Papier: Eine bl\u00fchende Anbaufl\u00e4che von 0.6 Hektar im bernischen Meikirch. Gemeinsam mit Freiwilligen baut er dort ein solidarisches Permakultur-Projekt auf. Viele Denkanst\u00f6sse Die Wirkung auf das Umfeld, die Gesellschaft und die Landwirtschaft darf nicht vergessen werden. \u00abVorbeigehende Spazierg\u00e4nger oder Besucherinnen [&hellip;]<\/p>\n","protected":false},"author":2,"featured_media":26278,"comment_status":"closed","ping_status":"closed","sticky":false,"template":"","format":"standard","meta":{"_acf_changed":false,"site-sidebar-layout":"default","site-content-layout":"","ast-site-content-layout":"default","site-content-style":"default","site-sidebar-style":"default","ast-global-header-display":"","ast-banner-title-visibility":"","ast-main-header-display":"","ast-hfb-above-header-display":"","ast-hfb-below-header-display":"","ast-hfb-mobile-header-display":"","site-post-title":"","ast-breadcrumbs-content":"","ast-featured-img":"","footer-sml-layout":"","ast-disable-related-posts":"","theme-transparent-header-meta":"","adv-header-id-meta":"","stick-header-meta":"","header-above-stick-meta":"","header-main-stick-meta":"","header-below-stick-meta":"","astra-migrate-meta-layouts":"default","ast-page-background-enabled":"default","ast-page-background-meta":{"desktop":{"background-color":"var(--ast-global-color-4)","background-image":"","background-repeat":"repeat","background-position":"center center","background-size":"auto","background-attachment":"scroll","background-type":"","background-media":"","overlay-type":"","overlay-color":"","overlay-opacity":"","overlay-gradient":""},"tablet":{"background-color":"","background-image":"","background-repeat":"repeat","background-position":"center center","background-size":"auto","background-attachment":"scroll","background-type":"","background-media":"","overlay-type":"","overlay-color":"","overlay-opacity":"","overlay-gradient":""},"mobile":{"background-color":"","background-image":"","background-repeat":"repeat","background-position":"center center","background-size":"auto","background-attachment":"scroll","background-type":"","background-media":"","overlay-type":"","overlay-color":"","overlay-opacity":"","overlay-gradient":""}},"ast-content-background-meta":{"desktop":{"background-color":"var(--ast-global-color-5)","background-image":"","background-repeat":"repeat","background-position":"center center","background-size":"auto","background-attachment":"scroll","background-type":"","background-media":"","overlay-type":"","overlay-color":"","overlay-opacity":"","overlay-gradient":""},"tablet":{"background-color":"var(--ast-global-color-5)","background-image":"","background-repeat":"repeat","background-position":"center center","background-size":"auto","background-attachment":"scroll","background-type":"","background-media":"","overlay-type":"","overlay-color":"","overlay-opacity":"","overlay-gradient":""},"mobile":{"background-color":"var(--ast-global-color-5)","background-image":"","background-repeat":"repeat","background-position":"center center","background-size":"auto","background-attachment":"scroll","background-type":"","background-media":"","overlay-type":"","overlay-color":"","overlay-opacity":"","overlay-gradient":""}},"footnotes":""},"categories":[22],"tags":[],"class_list":["post-26277","post","type-post","status-publish","format-standard","has-post-thumbnail","hentry","category-neuigkeit"],"acf":[],"yoast_head":"<!-- This site is optimized with the Yoast SEO plugin v27.5 - https:\/\/yoast.com\/product\/yoast-seo-wordpress\/ -->\n<title>Solidarit\u00e4t in der Permakultur - Beitrag der HAFL vom 27. Oktober 2022 - Permakultur-Landwirtschaft<\/title>\n<meta name=\"robots\" content=\"index, follow, max-snippet:-1, max-image-preview:large, max-video-preview:-1\" \/>\n<link rel=\"canonical\" href=\"https:\/\/permakultur-landwirtschaft.org\/fr\/solidaritaet-in-der-permakultur-beitrag-der-hafl-vom-27-oktober-2022\/\" \/>\n<meta property=\"og:locale\" content=\"fr_FR\" \/>\n<meta property=\"og:type\" content=\"article\" \/>\n<meta property=\"og:title\" content=\"Solidarit\u00e4t in der Permakultur - Beitrag der HAFL vom 27. Oktober 2022 - Permakultur-Landwirtschaft\" \/>\n<meta property=\"og:description\" content=\"Text von bfh.ch: Die Masterarbeit von Dario Principi umfasst weit mehr als 30 Seiten auf Papier: Eine bl\u00fchende Anbaufl\u00e4che von 0.6 Hektar im bernischen Meikirch. Gemeinsam mit Freiwilligen baut er dort ein solidarisches Permakultur-Projekt auf. Viele Denkanst\u00f6sse Die Wirkung auf das Umfeld, die Gesellschaft und die Landwirtschaft darf nicht vergessen werden. \u00abVorbeigehende Spazierg\u00e4nger oder Besucherinnen [&hellip;]\" \/>\n<meta property=\"og:url\" content=\"https:\/\/permakultur-landwirtschaft.org\/fr\/solidaritaet-in-der-permakultur-beitrag-der-hafl-vom-27-oktober-2022\/\" \/>\n<meta property=\"og:site_name\" content=\"Permakultur-Landwirtschaft\" \/>\n<meta property=\"article:publisher\" content=\"https:\/\/www.facebook.com\/PermakulturLandwirtschaft\" \/>\n<meta property=\"article:published_time\" content=\"2022-10-27T08:56:00+00:00\" \/>\n<meta property=\"article:modified_time\" content=\"2022-11-17T10:01:09+00:00\" \/>\n<meta property=\"og:image\" content=\"https:\/\/permakultur-landwirtschaft.org\/wp-content\/uploads\/2022\/11\/Bild-2_Dario-Principi-2.jpg\" \/>\n\t<meta property=\"og:image:width\" content=\"700\" \/>\n\t<meta property=\"og:image:height\" content=\"579\" \/>\n\t<meta property=\"og:image:type\" content=\"image\/jpeg\" \/>\n<meta name=\"author\" content=\"adrian reutimann\" \/>\n<meta name=\"twitter:card\" content=\"summary_large_image\" \/>\n<meta name=\"twitter:label1\" content=\"\u00c9crit par\" \/>\n\t<meta name=\"twitter:data1\" content=\"adrian reutimann\" \/>\n\t<meta name=\"twitter:label2\" content=\"Dur\u00e9e de lecture estim\u00e9e\" \/>\n\t<meta name=\"twitter:data2\" content=\"1 minute\" \/>\n<script type=\"application\/ld+json\" class=\"yoast-schema-graph\">{\"@context\":\"https:\\\/\\\/schema.org\",\"@graph\":[{\"@type\":\"Article\",\"@id\":\"https:\\\/\\\/permakultur-landwirtschaft.org\\\/solidaritaet-in-der-permakultur-beitrag-der-hafl-vom-27-oktober-2022\\\/#article\",\"isPartOf\":{\"@id\":\"https:\\\/\\\/permakultur-landwirtschaft.org\\\/solidaritaet-in-der-permakultur-beitrag-der-hafl-vom-27-oktober-2022\\\/\"},\"author\":{\"name\":\"adrian reutimann\",\"@id\":\"https:\\\/\\\/permakultur-landwirtschaft.org\\\/#\\\/schema\\\/person\\\/6b0467872f75aed3e144093f9bf4f0b0\"},\"headline\":\"Solidarit\u00e4t in der Permakultur &#8211; Beitrag der HAFL vom 27. Oktober 2022\",\"datePublished\":\"2022-10-27T08:56:00+00:00\",\"dateModified\":\"2022-11-17T10:01:09+00:00\",\"mainEntityOfPage\":{\"@id\":\"https:\\\/\\\/permakultur-landwirtschaft.org\\\/solidaritaet-in-der-permakultur-beitrag-der-hafl-vom-27-oktober-2022\\\/\"},\"wordCount\":235,\"publisher\":{\"@id\":\"https:\\\/\\\/permakultur-landwirtschaft.org\\\/#organization\"},\"image\":{\"@id\":\"https:\\\/\\\/permakultur-landwirtschaft.org\\\/solidaritaet-in-der-permakultur-beitrag-der-hafl-vom-27-oktober-2022\\\/#primaryimage\"},\"thumbnailUrl\":\"https:\\\/\\\/permakultur-landwirtschaft.org\\\/wp-content\\\/uploads\\\/2022\\\/11\\\/Bild-2_Dario-Principi-2.jpg\",\"articleSection\":[\"Neuigkeit\"],\"inLanguage\":\"fr-FR\"},{\"@type\":\"WebPage\",\"@id\":\"https:\\\/\\\/permakultur-landwirtschaft.org\\\/solidaritaet-in-der-permakultur-beitrag-der-hafl-vom-27-oktober-2022\\\/\",\"url\":\"https:\\\/\\\/permakultur-landwirtschaft.org\\\/solidaritaet-in-der-permakultur-beitrag-der-hafl-vom-27-oktober-2022\\\/\",\"name\":\"Solidarit\u00e4t in der Permakultur - Beitrag der HAFL vom 27. Oktober 2022 - Permakultur-Landwirtschaft\",\"isPartOf\":{\"@id\":\"https:\\\/\\\/permakultur-landwirtschaft.org\\\/#website\"},\"primaryImageOfPage\":{\"@id\":\"https:\\\/\\\/permakultur-landwirtschaft.org\\\/solidaritaet-in-der-permakultur-beitrag-der-hafl-vom-27-oktober-2022\\\/#primaryimage\"},\"image\":{\"@id\":\"https:\\\/\\\/permakultur-landwirtschaft.org\\\/solidaritaet-in-der-permakultur-beitrag-der-hafl-vom-27-oktober-2022\\\/#primaryimage\"},\"thumbnailUrl\":\"https:\\\/\\\/permakultur-landwirtschaft.org\\\/wp-content\\\/uploads\\\/2022\\\/11\\\/Bild-2_Dario-Principi-2.jpg\",\"datePublished\":\"2022-10-27T08:56:00+00:00\",\"dateModified\":\"2022-11-17T10:01:09+00:00\",\"breadcrumb\":{\"@id\":\"https:\\\/\\\/permakultur-landwirtschaft.org\\\/solidaritaet-in-der-permakultur-beitrag-der-hafl-vom-27-oktober-2022\\\/#breadcrumb\"},\"inLanguage\":\"fr-FR\",\"potentialAction\":[{\"@type\":\"ReadAction\",\"target\":[\"https:\\\/\\\/permakultur-landwirtschaft.org\\\/solidaritaet-in-der-permakultur-beitrag-der-hafl-vom-27-oktober-2022\\\/\"]}]},{\"@type\":\"ImageObject\",\"inLanguage\":\"fr-FR\",\"@id\":\"https:\\\/\\\/permakultur-landwirtschaft.org\\\/solidaritaet-in-der-permakultur-beitrag-der-hafl-vom-27-oktober-2022\\\/#primaryimage\",\"url\":\"https:\\\/\\\/permakultur-landwirtschaft.org\\\/wp-content\\\/uploads\\\/2022\\\/11\\\/Bild-2_Dario-Principi-2.jpg\",\"contentUrl\":\"https:\\\/\\\/permakultur-landwirtschaft.org\\\/wp-content\\\/uploads\\\/2022\\\/11\\\/Bild-2_Dario-Principi-2.jpg\",\"width\":700,\"height\":579,\"caption\":\"Bild: BFH-HAFL\"},{\"@type\":\"BreadcrumbList\",\"@id\":\"https:\\\/\\\/permakultur-landwirtschaft.org\\\/solidaritaet-in-der-permakultur-beitrag-der-hafl-vom-27-oktober-2022\\\/#breadcrumb\",\"itemListElement\":[{\"@type\":\"ListItem\",\"position\":1,\"name\":\"Startseite\",\"item\":\"https:\\\/\\\/permakultur-landwirtschaft.org\\\/\"},{\"@type\":\"ListItem\",\"position\":2,\"name\":\"Solidarit\u00e4t in der Permakultur &#8211; Beitrag der HAFL vom 27. Oktober 2022\"}]},{\"@type\":\"WebSite\",\"@id\":\"https:\\\/\\\/permakultur-landwirtschaft.org\\\/#website\",\"url\":\"https:\\\/\\\/permakultur-landwirtschaft.org\\\/\",\"name\":\"Permakultur-Landwirtschaft\",\"description\":\"F\u00f6rderung der Permakultur in der Landwirtschaft\",\"publisher\":{\"@id\":\"https:\\\/\\\/permakultur-landwirtschaft.org\\\/#organization\"},\"potentialAction\":[{\"@type\":\"SearchAction\",\"target\":{\"@type\":\"EntryPoint\",\"urlTemplate\":\"https:\\\/\\\/permakultur-landwirtschaft.org\\\/?s={search_term_string}\"},\"query-input\":{\"@type\":\"PropertyValueSpecification\",\"valueRequired\":true,\"valueName\":\"search_term_string\"}}],\"inLanguage\":\"fr-FR\"},{\"@type\":\"Organization\",\"@id\":\"https:\\\/\\\/permakultur-landwirtschaft.org\\\/#organization\",\"name\":\"Permakultur-Landwirtschaft\",\"alternateName\":\"Verein Permakultur-Landwirtschaft\",\"url\":\"https:\\\/\\\/permakultur-landwirtschaft.org\\\/\",\"logo\":{\"@type\":\"ImageObject\",\"inLanguage\":\"fr-FR\",\"@id\":\"https:\\\/\\\/permakultur-landwirtschaft.org\\\/#\\\/schema\\\/logo\\\/image\\\/\",\"url\":\"https:\\\/\\\/permakultur-landwirtschaft.org\\\/wp-content\\\/uploads\\\/2021\\\/11\\\/pela_1268x1269.png\",\"contentUrl\":\"https:\\\/\\\/permakultur-landwirtschaft.org\\\/wp-content\\\/uploads\\\/2021\\\/11\\\/pela_1268x1269.png\",\"width\":1298,\"height\":1269,\"caption\":\"Permakultur-Landwirtschaft\"},\"image\":{\"@id\":\"https:\\\/\\\/permakultur-landwirtschaft.org\\\/#\\\/schema\\\/logo\\\/image\\\/\"},\"sameAs\":[\"https:\\\/\\\/www.facebook.com\\\/PermakulturLandwirtschaft\",\"https:\\\/\\\/www.instagram.com\\\/permakultur_landwirtschaft\\\/\",\"https:\\\/\\\/www.flickr.com\\\/photos\\\/permakultur-landwirtschaft\",\"https:\\\/\\\/www.youtube.com\\\/@PermakulturLandwirtschaft\"]},{\"@type\":\"Person\",\"@id\":\"https:\\\/\\\/permakultur-landwirtschaft.org\\\/#\\\/schema\\\/person\\\/6b0467872f75aed3e144093f9bf4f0b0\",\"name\":\"adrian reutimann\",\"url\":\"https:\\\/\\\/permakultur-landwirtschaft.org\\\/fr\\\/author\\\/reutiadr\\\/\"}]}<\/script>\n<!-- \/ Yoast SEO plugin. -->","yoast_head_json":{"title":"Solidarit\u00e4t in der Permakultur - Beitrag der HAFL vom 27. Oktober 2022 - Permakultur-Landwirtschaft","robots":{"index":"index","follow":"follow","max-snippet":"max-snippet:-1","max-image-preview":"max-image-preview:large","max-video-preview":"max-video-preview:-1"},"canonical":"https:\/\/permakultur-landwirtschaft.org\/fr\/solidaritaet-in-der-permakultur-beitrag-der-hafl-vom-27-oktober-2022\/","og_locale":"fr_FR","og_type":"article","og_title":"Solidarit\u00e4t in der Permakultur - Beitrag der HAFL vom 27. Oktober 2022 - Permakultur-Landwirtschaft","og_description":"Text von bfh.ch: Die Masterarbeit von Dario Principi umfasst weit mehr als 30 Seiten auf Papier: Eine bl\u00fchende Anbaufl\u00e4che von 0.6 Hektar im bernischen Meikirch. Gemeinsam mit Freiwilligen baut er dort ein solidarisches Permakultur-Projekt auf. Viele Denkanst\u00f6sse Die Wirkung auf das Umfeld, die Gesellschaft und die Landwirtschaft darf nicht vergessen werden. \u00abVorbeigehende Spazierg\u00e4nger oder Besucherinnen [&hellip;]","og_url":"https:\/\/permakultur-landwirtschaft.org\/fr\/solidaritaet-in-der-permakultur-beitrag-der-hafl-vom-27-oktober-2022\/","og_site_name":"Permakultur-Landwirtschaft","article_publisher":"https:\/\/www.facebook.com\/PermakulturLandwirtschaft","article_published_time":"2022-10-27T08:56:00+00:00","article_modified_time":"2022-11-17T10:01:09+00:00","og_image":[{"width":700,"height":579,"url":"https:\/\/permakultur-landwirtschaft.org\/wp-content\/uploads\/2022\/11\/Bild-2_Dario-Principi-2.jpg","type":"image\/jpeg"}],"author":"adrian reutimann","twitter_card":"summary_large_image","twitter_misc":{"\u00c9crit par":"adrian reutimann","Dur\u00e9e de lecture estim\u00e9e":"1 minute"},"schema":{"@context":"https:\/\/schema.org","@graph":[{"@type":"Article","@id":"https:\/\/permakultur-landwirtschaft.org\/solidaritaet-in-der-permakultur-beitrag-der-hafl-vom-27-oktober-2022\/#article","isPartOf":{"@id":"https:\/\/permakultur-landwirtschaft.org\/solidaritaet-in-der-permakultur-beitrag-der-hafl-vom-27-oktober-2022\/"},"author":{"name":"adrian reutimann","@id":"https:\/\/permakultur-landwirtschaft.org\/#\/schema\/person\/6b0467872f75aed3e144093f9bf4f0b0"},"headline":"Solidarit\u00e4t in der Permakultur &#8211; Beitrag der HAFL vom 27. Oktober 2022","datePublished":"2022-10-27T08:56:00+00:00","dateModified":"2022-11-17T10:01:09+00:00","mainEntityOfPage":{"@id":"https:\/\/permakultur-landwirtschaft.org\/solidaritaet-in-der-permakultur-beitrag-der-hafl-vom-27-oktober-2022\/"},"wordCount":235,"publisher":{"@id":"https:\/\/permakultur-landwirtschaft.org\/#organization"},"image":{"@id":"https:\/\/permakultur-landwirtschaft.org\/solidaritaet-in-der-permakultur-beitrag-der-hafl-vom-27-oktober-2022\/#primaryimage"},"thumbnailUrl":"https:\/\/permakultur-landwirtschaft.org\/wp-content\/uploads\/2022\/11\/Bild-2_Dario-Principi-2.jpg","articleSection":["Neuigkeit"],"inLanguage":"fr-FR"},{"@type":"WebPage","@id":"https:\/\/permakultur-landwirtschaft.org\/solidaritaet-in-der-permakultur-beitrag-der-hafl-vom-27-oktober-2022\/","url":"https:\/\/permakultur-landwirtschaft.org\/solidaritaet-in-der-permakultur-beitrag-der-hafl-vom-27-oktober-2022\/","name":"Solidarit\u00e4t in der Permakultur - Beitrag der HAFL vom 27. Oktober 2022 - Permakultur-Landwirtschaft","isPartOf":{"@id":"https:\/\/permakultur-landwirtschaft.org\/#website"},"primaryImageOfPage":{"@id":"https:\/\/permakultur-landwirtschaft.org\/solidaritaet-in-der-permakultur-beitrag-der-hafl-vom-27-oktober-2022\/#primaryimage"},"image":{"@id":"https:\/\/permakultur-landwirtschaft.org\/solidaritaet-in-der-permakultur-beitrag-der-hafl-vom-27-oktober-2022\/#primaryimage"},"thumbnailUrl":"https:\/\/permakultur-landwirtschaft.org\/wp-content\/uploads\/2022\/11\/Bild-2_Dario-Principi-2.jpg","datePublished":"2022-10-27T08:56:00+00:00","dateModified":"2022-11-17T10:01:09+00:00","breadcrumb":{"@id":"https:\/\/permakultur-landwirtschaft.org\/solidaritaet-in-der-permakultur-beitrag-der-hafl-vom-27-oktober-2022\/#breadcrumb"},"inLanguage":"fr-FR","potentialAction":[{"@type":"ReadAction","target":["https:\/\/permakultur-landwirtschaft.org\/solidaritaet-in-der-permakultur-beitrag-der-hafl-vom-27-oktober-2022\/"]}]},{"@type":"ImageObject","inLanguage":"fr-FR","@id":"https:\/\/permakultur-landwirtschaft.org\/solidaritaet-in-der-permakultur-beitrag-der-hafl-vom-27-oktober-2022\/#primaryimage","url":"https:\/\/permakultur-landwirtschaft.org\/wp-content\/uploads\/2022\/11\/Bild-2_Dario-Principi-2.jpg","contentUrl":"https:\/\/permakultur-landwirtschaft.org\/wp-content\/uploads\/2022\/11\/Bild-2_Dario-Principi-2.jpg","width":700,"height":579,"caption":"Bild: BFH-HAFL"},{"@type":"BreadcrumbList","@id":"https:\/\/permakultur-landwirtschaft.org\/solidaritaet-in-der-permakultur-beitrag-der-hafl-vom-27-oktober-2022\/#breadcrumb","itemListElement":[{"@type":"ListItem","position":1,"name":"Startseite","item":"https:\/\/permakultur-landwirtschaft.org\/"},{"@type":"ListItem","position":2,"name":"Solidarit\u00e4t in der Permakultur &#8211; Beitrag der HAFL vom 27. Oktober 2022"}]},{"@type":"WebSite","@id":"https:\/\/permakultur-landwirtschaft.org\/#website","url":"https:\/\/permakultur-landwirtschaft.org\/","name":"Permakultur-Landwirtschaft","description":"F\u00f6rderung der Permakultur in der Landwirtschaft","publisher":{"@id":"https:\/\/permakultur-landwirtschaft.org\/#organization"},"potentialAction":[{"@type":"SearchAction","target":{"@type":"EntryPoint","urlTemplate":"https:\/\/permakultur-landwirtschaft.org\/?s={search_term_string}"},"query-input":{"@type":"PropertyValueSpecification","valueRequired":true,"valueName":"search_term_string"}}],"inLanguage":"fr-FR"},{"@type":"Organization","@id":"https:\/\/permakultur-landwirtschaft.org\/#organization","name":"Permakultur-Landwirtschaft","alternateName":"Verein Permakultur-Landwirtschaft","url":"https:\/\/permakultur-landwirtschaft.org\/","logo":{"@type":"ImageObject","inLanguage":"fr-FR","@id":"https:\/\/permakultur-landwirtschaft.org\/#\/schema\/logo\/image\/","url":"https:\/\/permakultur-landwirtschaft.org\/wp-content\/uploads\/2021\/11\/pela_1268x1269.png","contentUrl":"https:\/\/permakultur-landwirtschaft.org\/wp-content\/uploads\/2021\/11\/pela_1268x1269.png","width":1298,"height":1269,"caption":"Permakultur-Landwirtschaft"},"image":{"@id":"https:\/\/permakultur-landwirtschaft.org\/#\/schema\/logo\/image\/"},"sameAs":["https:\/\/www.facebook.com\/PermakulturLandwirtschaft","https:\/\/www.instagram.com\/permakultur_landwirtschaft\/","https:\/\/www.flickr.com\/photos\/permakultur-landwirtschaft","https:\/\/www.youtube.com\/@PermakulturLandwirtschaft"]},{"@type":"Person","@id":"https:\/\/permakultur-landwirtschaft.org\/#\/schema\/person\/6b0467872f75aed3e144093f9bf4f0b0","name":"adrian reutimann","url":"https:\/\/permakultur-landwirtschaft.org\/fr\/author\/reutiadr\/"}]}},"_links":{"self":[{"href":"https:\/\/permakultur-landwirtschaft.org\/fr\/wp-json\/wp\/v2\/posts\/26277","targetHints":{"allow":["GET"]}}],"collection":[{"href":"https:\/\/permakultur-landwirtschaft.org\/fr\/wp-json\/wp\/v2\/posts"}],"about":[{"href":"https:\/\/permakultur-landwirtschaft.org\/fr\/wp-json\/wp\/v2\/types\/post"}],"author":[{"embeddable":true,"href":"https:\/\/permakultur-landwirtschaft.org\/fr\/wp-json\/wp\/v2\/users\/2"}],"replies":[{"embeddable":true,"href":"https:\/\/permakultur-landwirtschaft.org\/fr\/wp-json\/wp\/v2\/comments?post=26277"}],"version-history":[{"count":1,"href":"https:\/\/permakultur-landwirtschaft.org\/fr\/wp-json\/wp\/v2\/posts\/26277\/revisions"}],"predecessor-version":[{"id":26279,"href":"https:\/\/permakultur-landwirtschaft.org\/fr\/wp-json\/wp\/v2\/posts\/26277\/revisions\/26279"}],"wp:featuredmedia":[{"embeddable":true,"href":"https:\/\/permakultur-landwirtschaft.org\/fr\/wp-json\/wp\/v2\/media\/26278"}],"wp:attachment":[{"href":"https:\/\/permakultur-landwirtschaft.org\/fr\/wp-json\/wp\/v2\/media?parent=26277"}],"wp:term":[{"taxonomy":"category","embeddable":true,"href":"https:\/\/permakultur-landwirtschaft.org\/fr\/wp-json\/wp\/v2\/categories?post=26277"},{"taxonomy":"post_tag","embeddable":true,"href":"https:\/\/permakultur-landwirtschaft.org\/fr\/wp-json\/wp\/v2\/tags?post=26277"}],"curies":[{"name":"wp","href":"https:\/\/api.w.org\/{rel}","templated":true}]}}