{"id":2618,"date":"2021-03-29T14:48:51","date_gmt":"2021-03-29T12:48:51","guid":{"rendered":"https:\/\/permakultur-landwirtschaft.org\/?p=2618"},"modified":"2021-03-29T14:48:51","modified_gmt":"2021-03-29T12:48:51","slug":"weideschweine-in-mittelfranken-und-permakultur-hof-im-allgaeu-beitrag-im-br-fernsehen-vom-29-maerz-2021","status":"publish","type":"post","link":"https:\/\/permakultur-landwirtschaft.org\/fr\/weideschweine-in-mittelfranken-und-permakultur-hof-im-allgaeu-beitrag-im-br-fernsehen-vom-29-maerz-2021\/","title":{"rendered":"Weideschweine in Mittelfranken und Permakultur-Hof im Allg\u00e4u &#8211; Beitrag im BR Fernsehen vom 29. M\u00e4rz 2021"},"content":{"rendered":"<p>Der Biohof Oberstixner Hof bei Immenstadt im Allg\u00e4uwird zu einem Permakultur-Hof weiterentwickelt. Mit dem Ziel m\u00f6glichst viele geschlossene Kreisl\u00e4ufe zu schaffen und wenig Ressourcen zu verbrauchen. Ihre Erfahrungen will die Familie in Zukunft in Seminaren am Hof weitergeben.<\/p>\n<p><a href=\"https:\/\/www.br.de\/mediathek\/video\/lust-aufs-land-bayerische-hofgeschichten-weideschweine-in-mittelfranken-und-permakultur-hof-im-allgaeu-s02-e02-av:60267d7e955d8f001a74dde6\" target=\"_blank\" rel=\"noopener noreferrer\">Link zum Beitrag bei BR Fernsehen: www.br.de\/mediathek\/video\/lust-aufs-land-bayerische-hofgeschichten-weideschweine-in-mittelfranken-und-permakultur-hof-im-allgaeu-s02-e02-av:60267d7e955d8f001a74dde6<\/a><\/p>\n<p><a href=\"https:\/\/www.br.de\/mediathek\/video\/lust-aufs-land-bayerische-hofgeschichten-weideschweine-in-mittelfranken-und-permakultur-hof-im-allgaeu-s02-e02-av:60267d7e955d8f001a74dde6\" target=\"_blank\" rel=\"noopener\"><img fetchpriority=\"high\" decoding=\"async\" class=\"size-medium wp-image-2619 alignnone\" src=\"https:\/\/permakultur-landwirtschaft.org\/wp-content\/uploads\/2021\/03\/br_29.03-300x177.png\" alt=\"\" width=\"300\" height=\"177\" \/><\/a><\/p>\n<h6>Bild: BR Fernsehen<span class=\"image-description__author-single\" data-v-38608a3f=\"\" data-nzz-tid=\"image-description-author\"><br \/>\n<\/span><\/h6>\n<hr \/>\n<h3><a href=\"https:\/\/permakultur-landwirtschaft.org\/fr\/medien\/\">Hier geht&#8217;s zur \u00dcbersicht aller Neuigkeiten <\/a><\/h3>\n<p>&nbsp;<\/p>","protected":false},"excerpt":{"rendered":"<p>Der Biohof Oberstixner Hof bei Immenstadt im Allg\u00e4uwird zu einem Permakultur-Hof weiterentwickelt. Mit dem Ziel m\u00f6glichst viele geschlossene Kreisl\u00e4ufe zu schaffen und wenig Ressourcen zu verbrauchen. Ihre Erfahrungen will die Familie in Zukunft in Seminaren am Hof weitergeben. Link zum Beitrag bei BR Fernsehen: www.br.de\/mediathek\/video\/lust-aufs-land-bayerische-hofgeschichten-weideschweine-in-mittelfranken-und-permakultur-hof-im-allgaeu-s02-e02-av:60267d7e955d8f001a74dde6 Bild: BR Fernsehen Hier geht&#8217;s zur \u00dcbersicht aller Neuigkeiten &nbsp;<\/p>","protected":false},"author":2,"featured_media":2619,"comment_status":"closed","ping_status":"closed","sticky":false,"template":"","format":"standard","meta":{"_acf_changed":false,"site-sidebar-layout":"default","site-content-layout":"","ast-site-content-layout":"default","site-content-style":"default","site-sidebar-style":"default","ast-global-header-display":"","ast-banner-title-visibility":"","ast-main-header-display":"","ast-hfb-above-header-display":"","ast-hfb-below-header-display":"","ast-hfb-mobile-header-display":"","site-post-title":"","ast-breadcrumbs-content":"","ast-featured-img":"","footer-sml-layout":"","ast-disable-related-posts":"","theme-transparent-header-meta":"","adv-header-id-meta":"","stick-header-meta":"","header-above-stick-meta":"","header-main-stick-meta":"","header-below-stick-meta":"","astra-migrate-meta-layouts":"default","ast-page-background-enabled":"default","ast-page-background-meta":{"desktop":{"background-color":"var(--ast-global-color-4)","background-image":"","background-repeat":"repeat","background-position":"center center","background-size":"auto","background-attachment":"scroll","background-type":"","background-media":"","overlay-type":"","overlay-color":"","overlay-opacity":"","overlay-gradient":""},"tablet":{"background-color":"","background-image":"","background-repeat":"repeat","background-position":"center center","background-size":"auto","background-attachment":"scroll","background-type":"","background-media":"","overlay-type":"","overlay-color":"","overlay-opacity":"","overlay-gradient":""},"mobile":{"background-color":"","background-image":"","background-repeat":"repeat","background-position":"center center","background-size":"auto","background-attachment":"scroll","background-type":"","background-media":"","overlay-type":"","overlay-color":"","overlay-opacity":"","overlay-gradient":""}},"ast-content-background-meta":{"desktop":{"background-color":"var(--ast-global-color-5)","background-image":"","background-repeat":"repeat","background-position":"center center","background-size":"auto","background-attachment":"scroll","background-type":"","background-media":"","overlay-type":"","overlay-color":"","overlay-opacity":"","overlay-gradient":""},"tablet":{"background-color":"var(--ast-global-color-5)","background-image":"","background-repeat":"repeat","background-position":"center center","background-size":"auto","background-attachment":"scroll","background-type":"","background-media":"","overlay-type":"","overlay-color":"","overlay-opacity":"","overlay-gradient":""},"mobile":{"background-color":"var(--ast-global-color-5)","background-image":"","background-repeat":"repeat","background-position":"center center","background-size":"auto","background-attachment":"scroll","background-type":"","background-media":"","overlay-type":"","overlay-color":"","overlay-opacity":"","overlay-gradient":""}},"footnotes":""},"categories":[22],"tags":[],"class_list":["post-2618","post","type-post","status-publish","format-standard","has-post-thumbnail","hentry","category-neuigkeit"],"acf":[],"yoast_head":"<!-- This site is optimized with the Yoast SEO plugin v27.5 - https:\/\/yoast.com\/product\/yoast-seo-wordpress\/ -->\n<title>Weideschweine in Mittelfranken und Permakultur-Hof im Allg\u00e4u - Beitrag im BR Fernsehen vom 29. M\u00e4rz 2021 - Permakultur-Landwirtschaft<\/title>\n<meta name=\"robots\" content=\"index, follow, max-snippet:-1, max-image-preview:large, max-video-preview:-1\" \/>\n<link rel=\"canonical\" href=\"https:\/\/permakultur-landwirtschaft.org\/fr\/weideschweine-in-mittelfranken-und-permakultur-hof-im-allgaeu-beitrag-im-br-fernsehen-vom-29-maerz-2021\/\" \/>\n<meta property=\"og:locale\" content=\"fr_FR\" \/>\n<meta property=\"og:type\" content=\"article\" \/>\n<meta property=\"og:title\" content=\"Weideschweine in Mittelfranken und Permakultur-Hof im Allg\u00e4u - Beitrag im BR Fernsehen vom 29. M\u00e4rz 2021 - Permakultur-Landwirtschaft\" \/>\n<meta property=\"og:description\" content=\"Der Biohof Oberstixner Hof bei Immenstadt im Allg\u00e4uwird zu einem Permakultur-Hof weiterentwickelt. Mit dem Ziel m\u00f6glichst viele geschlossene Kreisl\u00e4ufe zu schaffen und wenig Ressourcen zu verbrauchen. Ihre Erfahrungen will die Familie in Zukunft in Seminaren am Hof weitergeben. Link zum Beitrag bei BR Fernsehen: www.br.de\/mediathek\/video\/lust-aufs-land-bayerische-hofgeschichten-weideschweine-in-mittelfranken-und-permakultur-hof-im-allgaeu-s02-e02-av:60267d7e955d8f001a74dde6 Bild: BR Fernsehen Hier geht&#8217;s zur \u00dcbersicht aller Neuigkeiten &nbsp;\" \/>\n<meta property=\"og:url\" content=\"https:\/\/permakultur-landwirtschaft.org\/fr\/weideschweine-in-mittelfranken-und-permakultur-hof-im-allgaeu-beitrag-im-br-fernsehen-vom-29-maerz-2021\/\" \/>\n<meta property=\"og:site_name\" content=\"Permakultur-Landwirtschaft\" \/>\n<meta property=\"article:publisher\" content=\"https:\/\/www.facebook.com\/PermakulturLandwirtschaft\" \/>\n<meta property=\"article:published_time\" content=\"2021-03-29T12:48:51+00:00\" \/>\n<meta property=\"og:image\" content=\"http:\/\/permakultur-landwirtschaft.org\/wp-content\/uploads\/2021\/03\/br_29.03.png\" \/>\n\t<meta property=\"og:image:width\" content=\"350\" \/>\n\t<meta property=\"og:image:height\" content=\"206\" \/>\n\t<meta property=\"og:image:type\" content=\"image\/png\" \/>\n<meta name=\"author\" content=\"adrian reutimann\" \/>\n<meta name=\"twitter:card\" content=\"summary_large_image\" \/>\n<meta name=\"twitter:label1\" content=\"\u00c9crit par\" \/>\n\t<meta name=\"twitter:data1\" content=\"adrian reutimann\" \/>\n<script type=\"application\/ld+json\" class=\"yoast-schema-graph\">{\"@context\":\"https:\\\/\\\/schema.org\",\"@graph\":[{\"@type\":\"Article\",\"@id\":\"https:\\\/\\\/permakultur-landwirtschaft.org\\\/weideschweine-in-mittelfranken-und-permakultur-hof-im-allgaeu-beitrag-im-br-fernsehen-vom-29-maerz-2021\\\/#article\",\"isPartOf\":{\"@id\":\"https:\\\/\\\/permakultur-landwirtschaft.org\\\/weideschweine-in-mittelfranken-und-permakultur-hof-im-allgaeu-beitrag-im-br-fernsehen-vom-29-maerz-2021\\\/\"},\"author\":{\"name\":\"adrian reutimann\",\"@id\":\"https:\\\/\\\/permakultur-landwirtschaft.org\\\/#\\\/schema\\\/person\\\/6b0467872f75aed3e144093f9bf4f0b0\"},\"headline\":\"Weideschweine in Mittelfranken und Permakultur-Hof im Allg\u00e4u &#8211; Beitrag im BR Fernsehen vom 29. M\u00e4rz 2021\",\"datePublished\":\"2021-03-29T12:48:51+00:00\",\"mainEntityOfPage\":{\"@id\":\"https:\\\/\\\/permakultur-landwirtschaft.org\\\/weideschweine-in-mittelfranken-und-permakultur-hof-im-allgaeu-beitrag-im-br-fernsehen-vom-29-maerz-2021\\\/\"},\"wordCount\":88,\"publisher\":{\"@id\":\"https:\\\/\\\/permakultur-landwirtschaft.org\\\/#organization\"},\"image\":{\"@id\":\"https:\\\/\\\/permakultur-landwirtschaft.org\\\/weideschweine-in-mittelfranken-und-permakultur-hof-im-allgaeu-beitrag-im-br-fernsehen-vom-29-maerz-2021\\\/#primaryimage\"},\"thumbnailUrl\":\"https:\\\/\\\/permakultur-landwirtschaft.org\\\/wp-content\\\/uploads\\\/2021\\\/03\\\/br_29.03-e1617022056472.png\",\"articleSection\":[\"Neuigkeit\"],\"inLanguage\":\"fr-FR\"},{\"@type\":\"WebPage\",\"@id\":\"https:\\\/\\\/permakultur-landwirtschaft.org\\\/weideschweine-in-mittelfranken-und-permakultur-hof-im-allgaeu-beitrag-im-br-fernsehen-vom-29-maerz-2021\\\/\",\"url\":\"https:\\\/\\\/permakultur-landwirtschaft.org\\\/weideschweine-in-mittelfranken-und-permakultur-hof-im-allgaeu-beitrag-im-br-fernsehen-vom-29-maerz-2021\\\/\",\"name\":\"Weideschweine in Mittelfranken und Permakultur-Hof im Allg\u00e4u - Beitrag im BR Fernsehen vom 29. M\u00e4rz 2021 - Permakultur-Landwirtschaft\",\"isPartOf\":{\"@id\":\"https:\\\/\\\/permakultur-landwirtschaft.org\\\/#website\"},\"primaryImageOfPage\":{\"@id\":\"https:\\\/\\\/permakultur-landwirtschaft.org\\\/weideschweine-in-mittelfranken-und-permakultur-hof-im-allgaeu-beitrag-im-br-fernsehen-vom-29-maerz-2021\\\/#primaryimage\"},\"image\":{\"@id\":\"https:\\\/\\\/permakultur-landwirtschaft.org\\\/weideschweine-in-mittelfranken-und-permakultur-hof-im-allgaeu-beitrag-im-br-fernsehen-vom-29-maerz-2021\\\/#primaryimage\"},\"thumbnailUrl\":\"https:\\\/\\\/permakultur-landwirtschaft.org\\\/wp-content\\\/uploads\\\/2021\\\/03\\\/br_29.03-e1617022056472.png\",\"datePublished\":\"2021-03-29T12:48:51+00:00\",\"breadcrumb\":{\"@id\":\"https:\\\/\\\/permakultur-landwirtschaft.org\\\/weideschweine-in-mittelfranken-und-permakultur-hof-im-allgaeu-beitrag-im-br-fernsehen-vom-29-maerz-2021\\\/#breadcrumb\"},\"inLanguage\":\"fr-FR\",\"potentialAction\":[{\"@type\":\"ReadAction\",\"target\":[\"https:\\\/\\\/permakultur-landwirtschaft.org\\\/weideschweine-in-mittelfranken-und-permakultur-hof-im-allgaeu-beitrag-im-br-fernsehen-vom-29-maerz-2021\\\/\"]}]},{\"@type\":\"ImageObject\",\"inLanguage\":\"fr-FR\",\"@id\":\"https:\\\/\\\/permakultur-landwirtschaft.org\\\/weideschweine-in-mittelfranken-und-permakultur-hof-im-allgaeu-beitrag-im-br-fernsehen-vom-29-maerz-2021\\\/#primaryimage\",\"url\":\"https:\\\/\\\/permakultur-landwirtschaft.org\\\/wp-content\\\/uploads\\\/2021\\\/03\\\/br_29.03-e1617022056472.png\",\"contentUrl\":\"https:\\\/\\\/permakultur-landwirtschaft.org\\\/wp-content\\\/uploads\\\/2021\\\/03\\\/br_29.03-e1617022056472.png\",\"width\":350,\"height\":206},{\"@type\":\"BreadcrumbList\",\"@id\":\"https:\\\/\\\/permakultur-landwirtschaft.org\\\/weideschweine-in-mittelfranken-und-permakultur-hof-im-allgaeu-beitrag-im-br-fernsehen-vom-29-maerz-2021\\\/#breadcrumb\",\"itemListElement\":[{\"@type\":\"ListItem\",\"position\":1,\"name\":\"Startseite\",\"item\":\"https:\\\/\\\/permakultur-landwirtschaft.org\\\/\"},{\"@type\":\"ListItem\",\"position\":2,\"name\":\"Weideschweine in Mittelfranken und Permakultur-Hof im Allg\u00e4u &#8211; Beitrag im BR Fernsehen vom 29. M\u00e4rz 2021\"}]},{\"@type\":\"WebSite\",\"@id\":\"https:\\\/\\\/permakultur-landwirtschaft.org\\\/#website\",\"url\":\"https:\\\/\\\/permakultur-landwirtschaft.org\\\/\",\"name\":\"Permakultur-Landwirtschaft\",\"description\":\"F\u00f6rderung der Permakultur in der Landwirtschaft\",\"publisher\":{\"@id\":\"https:\\\/\\\/permakultur-landwirtschaft.org\\\/#organization\"},\"potentialAction\":[{\"@type\":\"SearchAction\",\"target\":{\"@type\":\"EntryPoint\",\"urlTemplate\":\"https:\\\/\\\/permakultur-landwirtschaft.org\\\/?s={search_term_string}\"},\"query-input\":{\"@type\":\"PropertyValueSpecification\",\"valueRequired\":true,\"valueName\":\"search_term_string\"}}],\"inLanguage\":\"fr-FR\"},{\"@type\":\"Organization\",\"@id\":\"https:\\\/\\\/permakultur-landwirtschaft.org\\\/#organization\",\"name\":\"Permakultur-Landwirtschaft\",\"alternateName\":\"Verein Permakultur-Landwirtschaft\",\"url\":\"https:\\\/\\\/permakultur-landwirtschaft.org\\\/\",\"logo\":{\"@type\":\"ImageObject\",\"inLanguage\":\"fr-FR\",\"@id\":\"https:\\\/\\\/permakultur-landwirtschaft.org\\\/#\\\/schema\\\/logo\\\/image\\\/\",\"url\":\"https:\\\/\\\/permakultur-landwirtschaft.org\\\/wp-content\\\/uploads\\\/2021\\\/11\\\/pela_1268x1269.png\",\"contentUrl\":\"https:\\\/\\\/permakultur-landwirtschaft.org\\\/wp-content\\\/uploads\\\/2021\\\/11\\\/pela_1268x1269.png\",\"width\":1298,\"height\":1269,\"caption\":\"Permakultur-Landwirtschaft\"},\"image\":{\"@id\":\"https:\\\/\\\/permakultur-landwirtschaft.org\\\/#\\\/schema\\\/logo\\\/image\\\/\"},\"sameAs\":[\"https:\\\/\\\/www.facebook.com\\\/PermakulturLandwirtschaft\",\"https:\\\/\\\/www.instagram.com\\\/permakultur_landwirtschaft\\\/\",\"https:\\\/\\\/www.flickr.com\\\/photos\\\/permakultur-landwirtschaft\",\"https:\\\/\\\/www.youtube.com\\\/@PermakulturLandwirtschaft\"]},{\"@type\":\"Person\",\"@id\":\"https:\\\/\\\/permakultur-landwirtschaft.org\\\/#\\\/schema\\\/person\\\/6b0467872f75aed3e144093f9bf4f0b0\",\"name\":\"adrian reutimann\",\"url\":\"https:\\\/\\\/permakultur-landwirtschaft.org\\\/fr\\\/author\\\/reutiadr\\\/\"}]}<\/script>\n<!-- \/ Yoast SEO plugin. -->","yoast_head_json":{"title":"Weideschweine in Mittelfranken und Permakultur-Hof im Allg\u00e4u - Beitrag im BR Fernsehen vom 29. M\u00e4rz 2021 - Permakultur-Landwirtschaft","robots":{"index":"index","follow":"follow","max-snippet":"max-snippet:-1","max-image-preview":"max-image-preview:large","max-video-preview":"max-video-preview:-1"},"canonical":"https:\/\/permakultur-landwirtschaft.org\/fr\/weideschweine-in-mittelfranken-und-permakultur-hof-im-allgaeu-beitrag-im-br-fernsehen-vom-29-maerz-2021\/","og_locale":"fr_FR","og_type":"article","og_title":"Weideschweine in Mittelfranken und Permakultur-Hof im Allg\u00e4u - Beitrag im BR Fernsehen vom 29. M\u00e4rz 2021 - Permakultur-Landwirtschaft","og_description":"Der Biohof Oberstixner Hof bei Immenstadt im Allg\u00e4uwird zu einem Permakultur-Hof weiterentwickelt. Mit dem Ziel m\u00f6glichst viele geschlossene Kreisl\u00e4ufe zu schaffen und wenig Ressourcen zu verbrauchen. Ihre Erfahrungen will die Familie in Zukunft in Seminaren am Hof weitergeben. Link zum Beitrag bei BR Fernsehen: www.br.de\/mediathek\/video\/lust-aufs-land-bayerische-hofgeschichten-weideschweine-in-mittelfranken-und-permakultur-hof-im-allgaeu-s02-e02-av:60267d7e955d8f001a74dde6 Bild: BR Fernsehen Hier geht&#8217;s zur \u00dcbersicht aller Neuigkeiten &nbsp;","og_url":"https:\/\/permakultur-landwirtschaft.org\/fr\/weideschweine-in-mittelfranken-und-permakultur-hof-im-allgaeu-beitrag-im-br-fernsehen-vom-29-maerz-2021\/","og_site_name":"Permakultur-Landwirtschaft","article_publisher":"https:\/\/www.facebook.com\/PermakulturLandwirtschaft","article_published_time":"2021-03-29T12:48:51+00:00","og_image":[{"width":350,"height":206,"url":"http:\/\/permakultur-landwirtschaft.org\/wp-content\/uploads\/2021\/03\/br_29.03.png","type":"image\/png"}],"author":"adrian reutimann","twitter_card":"summary_large_image","twitter_misc":{"\u00c9crit par":"adrian reutimann"},"schema":{"@context":"https:\/\/schema.org","@graph":[{"@type":"Article","@id":"https:\/\/permakultur-landwirtschaft.org\/weideschweine-in-mittelfranken-und-permakultur-hof-im-allgaeu-beitrag-im-br-fernsehen-vom-29-maerz-2021\/#article","isPartOf":{"@id":"https:\/\/permakultur-landwirtschaft.org\/weideschweine-in-mittelfranken-und-permakultur-hof-im-allgaeu-beitrag-im-br-fernsehen-vom-29-maerz-2021\/"},"author":{"name":"adrian reutimann","@id":"https:\/\/permakultur-landwirtschaft.org\/#\/schema\/person\/6b0467872f75aed3e144093f9bf4f0b0"},"headline":"Weideschweine in Mittelfranken und Permakultur-Hof im Allg\u00e4u &#8211; Beitrag im BR Fernsehen vom 29. M\u00e4rz 2021","datePublished":"2021-03-29T12:48:51+00:00","mainEntityOfPage":{"@id":"https:\/\/permakultur-landwirtschaft.org\/weideschweine-in-mittelfranken-und-permakultur-hof-im-allgaeu-beitrag-im-br-fernsehen-vom-29-maerz-2021\/"},"wordCount":88,"publisher":{"@id":"https:\/\/permakultur-landwirtschaft.org\/#organization"},"image":{"@id":"https:\/\/permakultur-landwirtschaft.org\/weideschweine-in-mittelfranken-und-permakultur-hof-im-allgaeu-beitrag-im-br-fernsehen-vom-29-maerz-2021\/#primaryimage"},"thumbnailUrl":"https:\/\/permakultur-landwirtschaft.org\/wp-content\/uploads\/2021\/03\/br_29.03-e1617022056472.png","articleSection":["Neuigkeit"],"inLanguage":"fr-FR"},{"@type":"WebPage","@id":"https:\/\/permakultur-landwirtschaft.org\/weideschweine-in-mittelfranken-und-permakultur-hof-im-allgaeu-beitrag-im-br-fernsehen-vom-29-maerz-2021\/","url":"https:\/\/permakultur-landwirtschaft.org\/weideschweine-in-mittelfranken-und-permakultur-hof-im-allgaeu-beitrag-im-br-fernsehen-vom-29-maerz-2021\/","name":"Weideschweine in Mittelfranken und Permakultur-Hof im Allg\u00e4u - Beitrag im BR Fernsehen vom 29. M\u00e4rz 2021 - Permakultur-Landwirtschaft","isPartOf":{"@id":"https:\/\/permakultur-landwirtschaft.org\/#website"},"primaryImageOfPage":{"@id":"https:\/\/permakultur-landwirtschaft.org\/weideschweine-in-mittelfranken-und-permakultur-hof-im-allgaeu-beitrag-im-br-fernsehen-vom-29-maerz-2021\/#primaryimage"},"image":{"@id":"https:\/\/permakultur-landwirtschaft.org\/weideschweine-in-mittelfranken-und-permakultur-hof-im-allgaeu-beitrag-im-br-fernsehen-vom-29-maerz-2021\/#primaryimage"},"thumbnailUrl":"https:\/\/permakultur-landwirtschaft.org\/wp-content\/uploads\/2021\/03\/br_29.03-e1617022056472.png","datePublished":"2021-03-29T12:48:51+00:00","breadcrumb":{"@id":"https:\/\/permakultur-landwirtschaft.org\/weideschweine-in-mittelfranken-und-permakultur-hof-im-allgaeu-beitrag-im-br-fernsehen-vom-29-maerz-2021\/#breadcrumb"},"inLanguage":"fr-FR","potentialAction":[{"@type":"ReadAction","target":["https:\/\/permakultur-landwirtschaft.org\/weideschweine-in-mittelfranken-und-permakultur-hof-im-allgaeu-beitrag-im-br-fernsehen-vom-29-maerz-2021\/"]}]},{"@type":"ImageObject","inLanguage":"fr-FR","@id":"https:\/\/permakultur-landwirtschaft.org\/weideschweine-in-mittelfranken-und-permakultur-hof-im-allgaeu-beitrag-im-br-fernsehen-vom-29-maerz-2021\/#primaryimage","url":"https:\/\/permakultur-landwirtschaft.org\/wp-content\/uploads\/2021\/03\/br_29.03-e1617022056472.png","contentUrl":"https:\/\/permakultur-landwirtschaft.org\/wp-content\/uploads\/2021\/03\/br_29.03-e1617022056472.png","width":350,"height":206},{"@type":"BreadcrumbList","@id":"https:\/\/permakultur-landwirtschaft.org\/weideschweine-in-mittelfranken-und-permakultur-hof-im-allgaeu-beitrag-im-br-fernsehen-vom-29-maerz-2021\/#breadcrumb","itemListElement":[{"@type":"ListItem","position":1,"name":"Startseite","item":"https:\/\/permakultur-landwirtschaft.org\/"},{"@type":"ListItem","position":2,"name":"Weideschweine in Mittelfranken und Permakultur-Hof im Allg\u00e4u &#8211; Beitrag im BR Fernsehen vom 29. M\u00e4rz 2021"}]},{"@type":"WebSite","@id":"https:\/\/permakultur-landwirtschaft.org\/#website","url":"https:\/\/permakultur-landwirtschaft.org\/","name":"Permakultur-Landwirtschaft","description":"F\u00f6rderung der Permakultur in der Landwirtschaft","publisher":{"@id":"https:\/\/permakultur-landwirtschaft.org\/#organization"},"potentialAction":[{"@type":"SearchAction","target":{"@type":"EntryPoint","urlTemplate":"https:\/\/permakultur-landwirtschaft.org\/?s={search_term_string}"},"query-input":{"@type":"PropertyValueSpecification","valueRequired":true,"valueName":"search_term_string"}}],"inLanguage":"fr-FR"},{"@type":"Organization","@id":"https:\/\/permakultur-landwirtschaft.org\/#organization","name":"Permakultur-Landwirtschaft","alternateName":"Verein Permakultur-Landwirtschaft","url":"https:\/\/permakultur-landwirtschaft.org\/","logo":{"@type":"ImageObject","inLanguage":"fr-FR","@id":"https:\/\/permakultur-landwirtschaft.org\/#\/schema\/logo\/image\/","url":"https:\/\/permakultur-landwirtschaft.org\/wp-content\/uploads\/2021\/11\/pela_1268x1269.png","contentUrl":"https:\/\/permakultur-landwirtschaft.org\/wp-content\/uploads\/2021\/11\/pela_1268x1269.png","width":1298,"height":1269,"caption":"Permakultur-Landwirtschaft"},"image":{"@id":"https:\/\/permakultur-landwirtschaft.org\/#\/schema\/logo\/image\/"},"sameAs":["https:\/\/www.facebook.com\/PermakulturLandwirtschaft","https:\/\/www.instagram.com\/permakultur_landwirtschaft\/","https:\/\/www.flickr.com\/photos\/permakultur-landwirtschaft","https:\/\/www.youtube.com\/@PermakulturLandwirtschaft"]},{"@type":"Person","@id":"https:\/\/permakultur-landwirtschaft.org\/#\/schema\/person\/6b0467872f75aed3e144093f9bf4f0b0","name":"adrian reutimann","url":"https:\/\/permakultur-landwirtschaft.org\/fr\/author\/reutiadr\/"}]}},"_links":{"self":[{"href":"https:\/\/permakultur-landwirtschaft.org\/fr\/wp-json\/wp\/v2\/posts\/2618","targetHints":{"allow":["GET"]}}],"collection":[{"href":"https:\/\/permakultur-landwirtschaft.org\/fr\/wp-json\/wp\/v2\/posts"}],"about":[{"href":"https:\/\/permakultur-landwirtschaft.org\/fr\/wp-json\/wp\/v2\/types\/post"}],"author":[{"embeddable":true,"href":"https:\/\/permakultur-landwirtschaft.org\/fr\/wp-json\/wp\/v2\/users\/2"}],"replies":[{"embeddable":true,"href":"https:\/\/permakultur-landwirtschaft.org\/fr\/wp-json\/wp\/v2\/comments?post=2618"}],"version-history":[{"count":1,"href":"https:\/\/permakultur-landwirtschaft.org\/fr\/wp-json\/wp\/v2\/posts\/2618\/revisions"}],"predecessor-version":[{"id":2620,"href":"https:\/\/permakultur-landwirtschaft.org\/fr\/wp-json\/wp\/v2\/posts\/2618\/revisions\/2620"}],"wp:featuredmedia":[{"embeddable":true,"href":"https:\/\/permakultur-landwirtschaft.org\/fr\/wp-json\/wp\/v2\/media\/2619"}],"wp:attachment":[{"href":"https:\/\/permakultur-landwirtschaft.org\/fr\/wp-json\/wp\/v2\/media?parent=2618"}],"wp:term":[{"taxonomy":"category","embeddable":true,"href":"https:\/\/permakultur-landwirtschaft.org\/fr\/wp-json\/wp\/v2\/categories?post=2618"},{"taxonomy":"post_tag","embeddable":true,"href":"https:\/\/permakultur-landwirtschaft.org\/fr\/wp-json\/wp\/v2\/tags?post=2618"}],"curies":[{"name":"wp","href":"https:\/\/api.w.org\/{rel}","templated":true}]}}