{"id":25756,"date":"2022-11-15T09:05:00","date_gmt":"2022-11-15T08:05:00","guid":{"rendered":"https:\/\/permakultur-landwirtschaft.org\/?p=25756"},"modified":"2022-11-15T16:15:46","modified_gmt":"2022-11-15T15:15:46","slug":"junges-agroforstsystem-3ha-mit-solawi-vermarktung-kurs-am-15-november-2022","status":"publish","type":"post","link":"https:\/\/permakultur-landwirtschaft.org\/fr\/junges-agroforstsystem-3ha-mit-solawi-vermarktung-kurs-am-15-november-2022\/","title":{"rendered":"Junges Agroforstsystem (3ha) mit Solawi Vermarktung &#8211; Kurs am 15. November 2022"},"content":{"rendered":"<p>Text von inforama.ch:<\/p>\n\n\n\n<p>Im November 2021 wurde auf dem Demeterhof Birbaum auf einer Fl\u00e4che von 3ha eine Agroforstpflanzung gemacht. Gepflanzt wurden 98 Hochstammobstb\u00e4ume und 150 Spindelb\u00e4ume in Reihen auf einer Fl\u00e4che, die vorher als Weide genutzt wurde. Das Ziel ist es, in 10 Jahren nach der Idee der solidarischen Landwirtschaft (siehe www.solawi.ch) 150 Obst Abos zu verkaufen. Heute gibt es auf dem Betrieb schon die Solawi TaPatate. Neu kommt dazu jetzt TaPomme.<\/p>\n\n\n\n<p>An diesem Fachanlass begehen wir diese Fl\u00e4che, erfahren von den Bewirtschaftenden was bis jetzt gut funktioniert, was sich bei der Pflanzung bew\u00e4hrt hat, was sie ein weiteres Mal anders angehen w\u00fcrden und wie sie sich die Weiterentwicklung der Fl\u00e4che in den kommenden Jahren vorstellen.<\/p>\n\n\n\n<p>Beim anschliessenden Mittagessen k\u00f6nnen wir uns \u00fcber die Eindr\u00fccke des Morgens austauschen.<\/p>\n\n\n\n<h3 class=\"wp-block-heading\">Date \/ Datum<\/h3>\n\n\n\n<p>15. November 2022<\/p>\n\n\n\n<h3 class=\"wp-block-heading\">Adresse<\/h3>\n\n\n\n<p>Demeterhof Birbaum<br>Murtenstrasse 37<br>3206 Wallenbuch FR<\/p>\n\n\n\n<h3 class=\"wp-block-heading\">Infos <\/h3>\n\n\n\n<p>Infos zu dem Anlass: <a href=\"https:\/\/www.inforama.ch\/kurse#\/weiterbildung\/biolandbau\/26558\" target=\"_blank\" rel=\"noreferrer noopener\">www.inforama.ch\/kurse#\/weiterbildung\/biolandbau\/26558<\/a><\/p>\n\n\n\n<figure class=\"wp-block-image size-full\"><a href=\"https:\/\/www.inforama.ch\/kurse#\/weiterbildung\/biolandbau\/26558\" target=\"_blank\" rel=\"noopener\"><img fetchpriority=\"high\" decoding=\"async\" width=\"469\" height=\"333\" src=\"https:\/\/permakultur-landwirtschaft.org\/wp-content\/uploads\/2018\/12\/logos_Inforama-gruen-800_quadrat.jpg\" alt=\"\" class=\"wp-image-1476\" srcset=\"https:\/\/permakultur-landwirtschaft.org\/wp-content\/uploads\/2018\/12\/logos_Inforama-gruen-800_quadrat.jpg 469w, https:\/\/permakultur-landwirtschaft.org\/wp-content\/uploads\/2018\/12\/logos_Inforama-gruen-800_quadrat-300x213.jpg 300w\" sizes=\"(max-width: 469px) 100vw, 469px\" \/><\/a><figcaption>Bild: inforama.ch<\/figcaption><\/figure>\n\n\n\n<hr class=\"wp-block-separator has-css-opacity\"\/>\n\n\n\n<h3 class=\"wp-block-heading\"><a href=\"https:\/\/permakultur-landwirtschaft.org\/fr\/veranstaltungen\/\" data-type=\"page\" data-id=\"476\">Cliquez ici pour voir les \u00e9v\u00e9nements actuels \/ <\/a><br><a href=\"https:\/\/permakultur-landwirtschaft.org\/fr\/veranstaltungen\/\">Hier geht&#8217;s zur \u00dcbersicht aktuelle Veranstaltungen<\/a><\/h3>","protected":false},"excerpt":{"rendered":"<p>Text von inforama.ch: Im November 2021 wurde auf dem Demeterhof Birbaum auf einer Fl\u00e4che von 3ha eine Agroforstpflanzung gemacht. Gepflanzt wurden 98 Hochstammobstb\u00e4ume und 150 Spindelb\u00e4ume in Reihen auf einer Fl\u00e4che, die vorher als Weide genutzt wurde. Das Ziel ist es, in 10 Jahren nach der Idee der solidarischen Landwirtschaft (siehe www.solawi.ch) 150 Obst Abos [&hellip;]<\/p>\n","protected":false},"author":2,"featured_media":1476,"comment_status":"closed","ping_status":"closed","sticky":false,"template":"","format":"standard","meta":{"_acf_changed":false,"site-sidebar-layout":"default","site-content-layout":"","ast-site-content-layout":"default","site-content-style":"default","site-sidebar-style":"default","ast-global-header-display":"","ast-banner-title-visibility":"","ast-main-header-display":"","ast-hfb-above-header-display":"","ast-hfb-below-header-display":"","ast-hfb-mobile-header-display":"","site-post-title":"","ast-breadcrumbs-content":"","ast-featured-img":"","footer-sml-layout":"","ast-disable-related-posts":"","theme-transparent-header-meta":"","adv-header-id-meta":"","stick-header-meta":"","header-above-stick-meta":"","header-main-stick-meta":"","header-below-stick-meta":"","astra-migrate-meta-layouts":"default","ast-page-background-enabled":"default","ast-page-background-meta":{"desktop":{"background-color":"var(--ast-global-color-4)","background-image":"","background-repeat":"repeat","background-position":"center center","background-size":"auto","background-attachment":"scroll","background-type":"","background-media":"","overlay-type":"","overlay-color":"","overlay-opacity":"","overlay-gradient":""},"tablet":{"background-color":"","background-image":"","background-repeat":"repeat","background-position":"center center","background-size":"auto","background-attachment":"scroll","background-type":"","background-media":"","overlay-type":"","overlay-color":"","overlay-opacity":"","overlay-gradient":""},"mobile":{"background-color":"","background-image":"","background-repeat":"repeat","background-position":"center center","background-size":"auto","background-attachment":"scroll","background-type":"","background-media":"","overlay-type":"","overlay-color":"","overlay-opacity":"","overlay-gradient":""}},"ast-content-background-meta":{"desktop":{"background-color":"var(--ast-global-color-5)","background-image":"","background-repeat":"repeat","background-position":"center center","background-size":"auto","background-attachment":"scroll","background-type":"","background-media":"","overlay-type":"","overlay-color":"","overlay-opacity":"","overlay-gradient":""},"tablet":{"background-color":"var(--ast-global-color-5)","background-image":"","background-repeat":"repeat","background-position":"center center","background-size":"auto","background-attachment":"scroll","background-type":"","background-media":"","overlay-type":"","overlay-color":"","overlay-opacity":"","overlay-gradient":""},"mobile":{"background-color":"var(--ast-global-color-5)","background-image":"","background-repeat":"repeat","background-position":"center center","background-size":"auto","background-attachment":"scroll","background-type":"","background-media":"","overlay-type":"","overlay-color":"","overlay-opacity":"","overlay-gradient":""}},"footnotes":""},"categories":[21],"tags":[],"class_list":["post-25756","post","type-post","status-publish","format-standard","has-post-thumbnail","hentry","category-veranstaltungen_archiv"],"acf":[],"yoast_head":"<!-- This site is optimized with the Yoast SEO plugin v27.5 - https:\/\/yoast.com\/product\/yoast-seo-wordpress\/ -->\n<title>Junges Agroforstsystem (3ha) mit Solawi Vermarktung - Kurs am 15. November 2022 - Permakultur-Landwirtschaft<\/title>\n<meta name=\"robots\" content=\"index, follow, max-snippet:-1, max-image-preview:large, max-video-preview:-1\" \/>\n<link rel=\"canonical\" href=\"https:\/\/permakultur-landwirtschaft.org\/fr\/junges-agroforstsystem-3ha-mit-solawi-vermarktung-kurs-am-15-november-2022\/\" \/>\n<meta property=\"og:locale\" content=\"fr_FR\" \/>\n<meta property=\"og:type\" content=\"article\" \/>\n<meta property=\"og:title\" content=\"Junges Agroforstsystem (3ha) mit Solawi Vermarktung - Kurs am 15. November 2022 - Permakultur-Landwirtschaft\" \/>\n<meta property=\"og:description\" content=\"Text von inforama.ch: Im November 2021 wurde auf dem Demeterhof Birbaum auf einer Fl\u00e4che von 3ha eine Agroforstpflanzung gemacht. Gepflanzt wurden 98 Hochstammobstb\u00e4ume und 150 Spindelb\u00e4ume in Reihen auf einer Fl\u00e4che, die vorher als Weide genutzt wurde. Das Ziel ist es, in 10 Jahren nach der Idee der solidarischen Landwirtschaft (siehe www.solawi.ch) 150 Obst Abos [&hellip;]\" \/>\n<meta property=\"og:url\" content=\"https:\/\/permakultur-landwirtschaft.org\/fr\/junges-agroforstsystem-3ha-mit-solawi-vermarktung-kurs-am-15-november-2022\/\" \/>\n<meta property=\"og:site_name\" content=\"Permakultur-Landwirtschaft\" \/>\n<meta property=\"article:publisher\" content=\"https:\/\/www.facebook.com\/PermakulturLandwirtschaft\" \/>\n<meta property=\"article:published_time\" content=\"2022-11-15T08:05:00+00:00\" \/>\n<meta property=\"article:modified_time\" content=\"2022-11-15T15:15:46+00:00\" \/>\n<meta property=\"og:image\" content=\"https:\/\/permakultur-landwirtschaft.org\/wp-content\/uploads\/2018\/12\/logos_Inforama-gruen-800_quadrat.jpg\" \/>\n\t<meta property=\"og:image:width\" content=\"469\" \/>\n\t<meta property=\"og:image:height\" content=\"333\" \/>\n\t<meta property=\"og:image:type\" content=\"image\/jpeg\" \/>\n<meta name=\"author\" content=\"adrian reutimann\" \/>\n<meta name=\"twitter:card\" content=\"summary_large_image\" \/>\n<meta name=\"twitter:label1\" content=\"\u00c9crit par\" \/>\n\t<meta name=\"twitter:data1\" content=\"adrian reutimann\" \/>\n\t<meta name=\"twitter:label2\" content=\"Dur\u00e9e de lecture estim\u00e9e\" \/>\n\t<meta name=\"twitter:data2\" content=\"1 minute\" \/>\n<script type=\"application\/ld+json\" class=\"yoast-schema-graph\">{\"@context\":\"https:\\\/\\\/schema.org\",\"@graph\":[{\"@type\":\"Article\",\"@id\":\"https:\\\/\\\/permakultur-landwirtschaft.org\\\/junges-agroforstsystem-3ha-mit-solawi-vermarktung-kurs-am-15-november-2022\\\/#article\",\"isPartOf\":{\"@id\":\"https:\\\/\\\/permakultur-landwirtschaft.org\\\/junges-agroforstsystem-3ha-mit-solawi-vermarktung-kurs-am-15-november-2022\\\/\"},\"author\":{\"name\":\"adrian reutimann\",\"@id\":\"https:\\\/\\\/permakultur-landwirtschaft.org\\\/#\\\/schema\\\/person\\\/6b0467872f75aed3e144093f9bf4f0b0\"},\"headline\":\"Junges Agroforstsystem (3ha) mit Solawi Vermarktung &#8211; Kurs am 15. November 2022\",\"datePublished\":\"2022-11-15T08:05:00+00:00\",\"dateModified\":\"2022-11-15T15:15:46+00:00\",\"mainEntityOfPage\":{\"@id\":\"https:\\\/\\\/permakultur-landwirtschaft.org\\\/junges-agroforstsystem-3ha-mit-solawi-vermarktung-kurs-am-15-november-2022\\\/\"},\"wordCount\":183,\"publisher\":{\"@id\":\"https:\\\/\\\/permakultur-landwirtschaft.org\\\/#organization\"},\"image\":{\"@id\":\"https:\\\/\\\/permakultur-landwirtschaft.org\\\/junges-agroforstsystem-3ha-mit-solawi-vermarktung-kurs-am-15-november-2022\\\/#primaryimage\"},\"thumbnailUrl\":\"https:\\\/\\\/permakultur-landwirtschaft.org\\\/wp-content\\\/uploads\\\/2018\\\/12\\\/logos_Inforama-gruen-800_quadrat.jpg\",\"articleSection\":[\"Veranstaltungen_Archiv\"],\"inLanguage\":\"fr-FR\"},{\"@type\":\"WebPage\",\"@id\":\"https:\\\/\\\/permakultur-landwirtschaft.org\\\/junges-agroforstsystem-3ha-mit-solawi-vermarktung-kurs-am-15-november-2022\\\/\",\"url\":\"https:\\\/\\\/permakultur-landwirtschaft.org\\\/junges-agroforstsystem-3ha-mit-solawi-vermarktung-kurs-am-15-november-2022\\\/\",\"name\":\"Junges Agroforstsystem (3ha) mit Solawi Vermarktung - Kurs am 15. November 2022 - Permakultur-Landwirtschaft\",\"isPartOf\":{\"@id\":\"https:\\\/\\\/permakultur-landwirtschaft.org\\\/#website\"},\"primaryImageOfPage\":{\"@id\":\"https:\\\/\\\/permakultur-landwirtschaft.org\\\/junges-agroforstsystem-3ha-mit-solawi-vermarktung-kurs-am-15-november-2022\\\/#primaryimage\"},\"image\":{\"@id\":\"https:\\\/\\\/permakultur-landwirtschaft.org\\\/junges-agroforstsystem-3ha-mit-solawi-vermarktung-kurs-am-15-november-2022\\\/#primaryimage\"},\"thumbnailUrl\":\"https:\\\/\\\/permakultur-landwirtschaft.org\\\/wp-content\\\/uploads\\\/2018\\\/12\\\/logos_Inforama-gruen-800_quadrat.jpg\",\"datePublished\":\"2022-11-15T08:05:00+00:00\",\"dateModified\":\"2022-11-15T15:15:46+00:00\",\"breadcrumb\":{\"@id\":\"https:\\\/\\\/permakultur-landwirtschaft.org\\\/junges-agroforstsystem-3ha-mit-solawi-vermarktung-kurs-am-15-november-2022\\\/#breadcrumb\"},\"inLanguage\":\"fr-FR\",\"potentialAction\":[{\"@type\":\"ReadAction\",\"target\":[\"https:\\\/\\\/permakultur-landwirtschaft.org\\\/junges-agroforstsystem-3ha-mit-solawi-vermarktung-kurs-am-15-november-2022\\\/\"]}]},{\"@type\":\"ImageObject\",\"inLanguage\":\"fr-FR\",\"@id\":\"https:\\\/\\\/permakultur-landwirtschaft.org\\\/junges-agroforstsystem-3ha-mit-solawi-vermarktung-kurs-am-15-november-2022\\\/#primaryimage\",\"url\":\"https:\\\/\\\/permakultur-landwirtschaft.org\\\/wp-content\\\/uploads\\\/2018\\\/12\\\/logos_Inforama-gruen-800_quadrat.jpg\",\"contentUrl\":\"https:\\\/\\\/permakultur-landwirtschaft.org\\\/wp-content\\\/uploads\\\/2018\\\/12\\\/logos_Inforama-gruen-800_quadrat.jpg\",\"width\":469,\"height\":333},{\"@type\":\"BreadcrumbList\",\"@id\":\"https:\\\/\\\/permakultur-landwirtschaft.org\\\/junges-agroforstsystem-3ha-mit-solawi-vermarktung-kurs-am-15-november-2022\\\/#breadcrumb\",\"itemListElement\":[{\"@type\":\"ListItem\",\"position\":1,\"name\":\"Startseite\",\"item\":\"https:\\\/\\\/permakultur-landwirtschaft.org\\\/\"},{\"@type\":\"ListItem\",\"position\":2,\"name\":\"Junges Agroforstsystem (3ha) mit Solawi Vermarktung &#8211; Kurs am 15. November 2022\"}]},{\"@type\":\"WebSite\",\"@id\":\"https:\\\/\\\/permakultur-landwirtschaft.org\\\/#website\",\"url\":\"https:\\\/\\\/permakultur-landwirtschaft.org\\\/\",\"name\":\"Permakultur-Landwirtschaft\",\"description\":\"F\u00f6rderung der Permakultur in der Landwirtschaft\",\"publisher\":{\"@id\":\"https:\\\/\\\/permakultur-landwirtschaft.org\\\/#organization\"},\"potentialAction\":[{\"@type\":\"SearchAction\",\"target\":{\"@type\":\"EntryPoint\",\"urlTemplate\":\"https:\\\/\\\/permakultur-landwirtschaft.org\\\/?s={search_term_string}\"},\"query-input\":{\"@type\":\"PropertyValueSpecification\",\"valueRequired\":true,\"valueName\":\"search_term_string\"}}],\"inLanguage\":\"fr-FR\"},{\"@type\":\"Organization\",\"@id\":\"https:\\\/\\\/permakultur-landwirtschaft.org\\\/#organization\",\"name\":\"Permakultur-Landwirtschaft\",\"alternateName\":\"Verein Permakultur-Landwirtschaft\",\"url\":\"https:\\\/\\\/permakultur-landwirtschaft.org\\\/\",\"logo\":{\"@type\":\"ImageObject\",\"inLanguage\":\"fr-FR\",\"@id\":\"https:\\\/\\\/permakultur-landwirtschaft.org\\\/#\\\/schema\\\/logo\\\/image\\\/\",\"url\":\"https:\\\/\\\/permakultur-landwirtschaft.org\\\/wp-content\\\/uploads\\\/2021\\\/11\\\/pela_1268x1269.png\",\"contentUrl\":\"https:\\\/\\\/permakultur-landwirtschaft.org\\\/wp-content\\\/uploads\\\/2021\\\/11\\\/pela_1268x1269.png\",\"width\":1298,\"height\":1269,\"caption\":\"Permakultur-Landwirtschaft\"},\"image\":{\"@id\":\"https:\\\/\\\/permakultur-landwirtschaft.org\\\/#\\\/schema\\\/logo\\\/image\\\/\"},\"sameAs\":[\"https:\\\/\\\/www.facebook.com\\\/PermakulturLandwirtschaft\",\"https:\\\/\\\/www.instagram.com\\\/permakultur_landwirtschaft\\\/\",\"https:\\\/\\\/www.flickr.com\\\/photos\\\/permakultur-landwirtschaft\",\"https:\\\/\\\/www.youtube.com\\\/@PermakulturLandwirtschaft\"]},{\"@type\":\"Person\",\"@id\":\"https:\\\/\\\/permakultur-landwirtschaft.org\\\/#\\\/schema\\\/person\\\/6b0467872f75aed3e144093f9bf4f0b0\",\"name\":\"adrian reutimann\",\"url\":\"https:\\\/\\\/permakultur-landwirtschaft.org\\\/fr\\\/author\\\/reutiadr\\\/\"}]}<\/script>\n<!-- \/ Yoast SEO plugin. -->","yoast_head_json":{"title":"Junges Agroforstsystem (3ha) mit Solawi Vermarktung - Kurs am 15. November 2022 - Permakultur-Landwirtschaft","robots":{"index":"index","follow":"follow","max-snippet":"max-snippet:-1","max-image-preview":"max-image-preview:large","max-video-preview":"max-video-preview:-1"},"canonical":"https:\/\/permakultur-landwirtschaft.org\/fr\/junges-agroforstsystem-3ha-mit-solawi-vermarktung-kurs-am-15-november-2022\/","og_locale":"fr_FR","og_type":"article","og_title":"Junges Agroforstsystem (3ha) mit Solawi Vermarktung - Kurs am 15. November 2022 - Permakultur-Landwirtschaft","og_description":"Text von inforama.ch: Im November 2021 wurde auf dem Demeterhof Birbaum auf einer Fl\u00e4che von 3ha eine Agroforstpflanzung gemacht. Gepflanzt wurden 98 Hochstammobstb\u00e4ume und 150 Spindelb\u00e4ume in Reihen auf einer Fl\u00e4che, die vorher als Weide genutzt wurde. Das Ziel ist es, in 10 Jahren nach der Idee der solidarischen Landwirtschaft (siehe www.solawi.ch) 150 Obst Abos [&hellip;]","og_url":"https:\/\/permakultur-landwirtschaft.org\/fr\/junges-agroforstsystem-3ha-mit-solawi-vermarktung-kurs-am-15-november-2022\/","og_site_name":"Permakultur-Landwirtschaft","article_publisher":"https:\/\/www.facebook.com\/PermakulturLandwirtschaft","article_published_time":"2022-11-15T08:05:00+00:00","article_modified_time":"2022-11-15T15:15:46+00:00","og_image":[{"width":469,"height":333,"url":"https:\/\/permakultur-landwirtschaft.org\/wp-content\/uploads\/2018\/12\/logos_Inforama-gruen-800_quadrat.jpg","type":"image\/jpeg"}],"author":"adrian reutimann","twitter_card":"summary_large_image","twitter_misc":{"\u00c9crit par":"adrian reutimann","Dur\u00e9e de lecture estim\u00e9e":"1 minute"},"schema":{"@context":"https:\/\/schema.org","@graph":[{"@type":"Article","@id":"https:\/\/permakultur-landwirtschaft.org\/junges-agroforstsystem-3ha-mit-solawi-vermarktung-kurs-am-15-november-2022\/#article","isPartOf":{"@id":"https:\/\/permakultur-landwirtschaft.org\/junges-agroforstsystem-3ha-mit-solawi-vermarktung-kurs-am-15-november-2022\/"},"author":{"name":"adrian reutimann","@id":"https:\/\/permakultur-landwirtschaft.org\/#\/schema\/person\/6b0467872f75aed3e144093f9bf4f0b0"},"headline":"Junges Agroforstsystem (3ha) mit Solawi Vermarktung &#8211; Kurs am 15. November 2022","datePublished":"2022-11-15T08:05:00+00:00","dateModified":"2022-11-15T15:15:46+00:00","mainEntityOfPage":{"@id":"https:\/\/permakultur-landwirtschaft.org\/junges-agroforstsystem-3ha-mit-solawi-vermarktung-kurs-am-15-november-2022\/"},"wordCount":183,"publisher":{"@id":"https:\/\/permakultur-landwirtschaft.org\/#organization"},"image":{"@id":"https:\/\/permakultur-landwirtschaft.org\/junges-agroforstsystem-3ha-mit-solawi-vermarktung-kurs-am-15-november-2022\/#primaryimage"},"thumbnailUrl":"https:\/\/permakultur-landwirtschaft.org\/wp-content\/uploads\/2018\/12\/logos_Inforama-gruen-800_quadrat.jpg","articleSection":["Veranstaltungen_Archiv"],"inLanguage":"fr-FR"},{"@type":"WebPage","@id":"https:\/\/permakultur-landwirtschaft.org\/junges-agroforstsystem-3ha-mit-solawi-vermarktung-kurs-am-15-november-2022\/","url":"https:\/\/permakultur-landwirtschaft.org\/junges-agroforstsystem-3ha-mit-solawi-vermarktung-kurs-am-15-november-2022\/","name":"Junges Agroforstsystem (3ha) mit Solawi Vermarktung - Kurs am 15. November 2022 - Permakultur-Landwirtschaft","isPartOf":{"@id":"https:\/\/permakultur-landwirtschaft.org\/#website"},"primaryImageOfPage":{"@id":"https:\/\/permakultur-landwirtschaft.org\/junges-agroforstsystem-3ha-mit-solawi-vermarktung-kurs-am-15-november-2022\/#primaryimage"},"image":{"@id":"https:\/\/permakultur-landwirtschaft.org\/junges-agroforstsystem-3ha-mit-solawi-vermarktung-kurs-am-15-november-2022\/#primaryimage"},"thumbnailUrl":"https:\/\/permakultur-landwirtschaft.org\/wp-content\/uploads\/2018\/12\/logos_Inforama-gruen-800_quadrat.jpg","datePublished":"2022-11-15T08:05:00+00:00","dateModified":"2022-11-15T15:15:46+00:00","breadcrumb":{"@id":"https:\/\/permakultur-landwirtschaft.org\/junges-agroforstsystem-3ha-mit-solawi-vermarktung-kurs-am-15-november-2022\/#breadcrumb"},"inLanguage":"fr-FR","potentialAction":[{"@type":"ReadAction","target":["https:\/\/permakultur-landwirtschaft.org\/junges-agroforstsystem-3ha-mit-solawi-vermarktung-kurs-am-15-november-2022\/"]}]},{"@type":"ImageObject","inLanguage":"fr-FR","@id":"https:\/\/permakultur-landwirtschaft.org\/junges-agroforstsystem-3ha-mit-solawi-vermarktung-kurs-am-15-november-2022\/#primaryimage","url":"https:\/\/permakultur-landwirtschaft.org\/wp-content\/uploads\/2018\/12\/logos_Inforama-gruen-800_quadrat.jpg","contentUrl":"https:\/\/permakultur-landwirtschaft.org\/wp-content\/uploads\/2018\/12\/logos_Inforama-gruen-800_quadrat.jpg","width":469,"height":333},{"@type":"BreadcrumbList","@id":"https:\/\/permakultur-landwirtschaft.org\/junges-agroforstsystem-3ha-mit-solawi-vermarktung-kurs-am-15-november-2022\/#breadcrumb","itemListElement":[{"@type":"ListItem","position":1,"name":"Startseite","item":"https:\/\/permakultur-landwirtschaft.org\/"},{"@type":"ListItem","position":2,"name":"Junges Agroforstsystem (3ha) mit Solawi Vermarktung &#8211; Kurs am 15. November 2022"}]},{"@type":"WebSite","@id":"https:\/\/permakultur-landwirtschaft.org\/#website","url":"https:\/\/permakultur-landwirtschaft.org\/","name":"Permakultur-Landwirtschaft","description":"F\u00f6rderung der Permakultur in der Landwirtschaft","publisher":{"@id":"https:\/\/permakultur-landwirtschaft.org\/#organization"},"potentialAction":[{"@type":"SearchAction","target":{"@type":"EntryPoint","urlTemplate":"https:\/\/permakultur-landwirtschaft.org\/?s={search_term_string}"},"query-input":{"@type":"PropertyValueSpecification","valueRequired":true,"valueName":"search_term_string"}}],"inLanguage":"fr-FR"},{"@type":"Organization","@id":"https:\/\/permakultur-landwirtschaft.org\/#organization","name":"Permakultur-Landwirtschaft","alternateName":"Verein Permakultur-Landwirtschaft","url":"https:\/\/permakultur-landwirtschaft.org\/","logo":{"@type":"ImageObject","inLanguage":"fr-FR","@id":"https:\/\/permakultur-landwirtschaft.org\/#\/schema\/logo\/image\/","url":"https:\/\/permakultur-landwirtschaft.org\/wp-content\/uploads\/2021\/11\/pela_1268x1269.png","contentUrl":"https:\/\/permakultur-landwirtschaft.org\/wp-content\/uploads\/2021\/11\/pela_1268x1269.png","width":1298,"height":1269,"caption":"Permakultur-Landwirtschaft"},"image":{"@id":"https:\/\/permakultur-landwirtschaft.org\/#\/schema\/logo\/image\/"},"sameAs":["https:\/\/www.facebook.com\/PermakulturLandwirtschaft","https:\/\/www.instagram.com\/permakultur_landwirtschaft\/","https:\/\/www.flickr.com\/photos\/permakultur-landwirtschaft","https:\/\/www.youtube.com\/@PermakulturLandwirtschaft"]},{"@type":"Person","@id":"https:\/\/permakultur-landwirtschaft.org\/#\/schema\/person\/6b0467872f75aed3e144093f9bf4f0b0","name":"adrian reutimann","url":"https:\/\/permakultur-landwirtschaft.org\/fr\/author\/reutiadr\/"}]}},"_links":{"self":[{"href":"https:\/\/permakultur-landwirtschaft.org\/fr\/wp-json\/wp\/v2\/posts\/25756","targetHints":{"allow":["GET"]}}],"collection":[{"href":"https:\/\/permakultur-landwirtschaft.org\/fr\/wp-json\/wp\/v2\/posts"}],"about":[{"href":"https:\/\/permakultur-landwirtschaft.org\/fr\/wp-json\/wp\/v2\/types\/post"}],"author":[{"embeddable":true,"href":"https:\/\/permakultur-landwirtschaft.org\/fr\/wp-json\/wp\/v2\/users\/2"}],"replies":[{"embeddable":true,"href":"https:\/\/permakultur-landwirtschaft.org\/fr\/wp-json\/wp\/v2\/comments?post=25756"}],"version-history":[{"count":1,"href":"https:\/\/permakultur-landwirtschaft.org\/fr\/wp-json\/wp\/v2\/posts\/25756\/revisions"}],"predecessor-version":[{"id":25757,"href":"https:\/\/permakultur-landwirtschaft.org\/fr\/wp-json\/wp\/v2\/posts\/25756\/revisions\/25757"}],"wp:featuredmedia":[{"embeddable":true,"href":"https:\/\/permakultur-landwirtschaft.org\/fr\/wp-json\/wp\/v2\/media\/1476"}],"wp:attachment":[{"href":"https:\/\/permakultur-landwirtschaft.org\/fr\/wp-json\/wp\/v2\/media?parent=25756"}],"wp:term":[{"taxonomy":"category","embeddable":true,"href":"https:\/\/permakultur-landwirtschaft.org\/fr\/wp-json\/wp\/v2\/categories?post=25756"},{"taxonomy":"post_tag","embeddable":true,"href":"https:\/\/permakultur-landwirtschaft.org\/fr\/wp-json\/wp\/v2\/tags?post=25756"}],"curies":[{"name":"wp","href":"https:\/\/api.w.org\/{rel}","templated":true}]}}