{"id":25748,"date":"2022-08-22T10:47:00","date_gmt":"2022-08-22T08:47:00","guid":{"rendered":"https:\/\/permakultur-landwirtschaft.org\/?p=25748"},"modified":"2022-10-26T10:52:16","modified_gmt":"2022-10-26T08:52:16","slug":"agroforst-statt-ackerwueste-mehr-baeume-auf-die-felder-pflanzen-beitrag-auf-zdf-vom-20-august-2022","status":"publish","type":"post","link":"https:\/\/permakultur-landwirtschaft.org\/fr\/agroforst-statt-ackerwueste-mehr-baeume-auf-die-felder-pflanzen-beitrag-auf-zdf-vom-20-august-2022\/","title":{"rendered":"Agroforst statt Ackerw\u00fcste &#171;Mehr B\u00e4ume auf die Felder pflanzen&#187; &#8211; Beitrag auf ZDF vom 20. August 2022"},"content":{"rendered":"<p>Text von zdf.de:<\/p>\n\n\n\n<h3 class=\"wp-block-heading\">Die langanhaltende D\u00fcrre in Europa macht sich auch auf den Feldern bemerkbar: Die Ernten fallen geringer aus, die Qualit\u00e4t der Feldfr\u00fcchte sinkt. Agroforste k\u00f6nnten das \u00e4ndern.<\/h3>\n\n\n\n<p>Mehr B\u00e4ume auf dem Acker fordert Dr. Wolfgang Zehlius-Eckert, Mitbegr\u00fcnder des Deutschen Fachverbands f\u00fcr Agroforstwirtschaft (DeFAF) e.V. &#8211; und daf\u00fcr gibt es, vor allem angesichts von D\u00fcrrephasen und Hitzewellen, viele gute Gr\u00fcnde. Denn im so genannten Agroforst verdunstet weniger Wasser. Bei der Agroforstwirtschaft werden B\u00e4ume und Landwirtschaft miteinander kombiniert.<\/p>\n\n\n\n<p>Link zum Beitrag bei ZDF plan b: <a rel=\"noreferrer noopener\" href=\"https:\/\/www.zdf.de\/nachrichten\/panorama\/agroforst-duerre-trockenheit-landwirtschaft-baeume-100.html\" target=\"_blank\">www.zdf.de\/nachrichten\/panorama\/agroforst-duerre-trockenheit-landwirtschaft-baeume-100.html<\/a><\/p>\n\n\n\n<figure class=\"wp-block-image size-full\"><a href=\"https:\/\/www.zdf.de\/nachrichten\/panorama\/agroforst-duerre-trockenheit-landwirtschaft-baeume-100.html\" target=\"_blank\" rel=\"noreferrer noopener\"><img fetchpriority=\"high\" decoding=\"async\" width=\"700\" height=\"391\" src=\"https:\/\/permakultur-landwirtschaft.org\/wp-content\/uploads\/2022\/10\/planB_2022-10-26_10-43-59.jpg\" alt=\"\" class=\"wp-image-25749\" srcset=\"https:\/\/permakultur-landwirtschaft.org\/wp-content\/uploads\/2022\/10\/planB_2022-10-26_10-43-59.jpg 700w, https:\/\/permakultur-landwirtschaft.org\/wp-content\/uploads\/2022\/10\/planB_2022-10-26_10-43-59-300x168.jpg 300w\" sizes=\"(max-width: 700px) 100vw, 700px\" \/><\/a><figcaption>Bild: zdf.de<\/figcaption><\/figure>\n\n\n\n<hr class=\"wp-block-separator has-alpha-channel-opacity\"\/>\n\n\n\n<h3 class=\"wp-block-heading\"><a href=\"https:\/\/permakultur-landwirtschaft.org\/fr\/medien\/\">Hier geht&#8217;s zur \u00dcbersicht aller Neuigkeiten<\/a><\/h3>\n\n\n\n<h3 class=\"wp-block-heading\"><a href=\"https:\/\/permakultur-landwirtschaft.org\/fr\/filme\/\">Hier geht&#8217;s zur \u00dcbersicht aller Filme und Audios<\/a><\/h3>","protected":false},"excerpt":{"rendered":"<p>Text von zdf.de: Die langanhaltende D\u00fcrre in Europa macht sich auch auf den Feldern bemerkbar: Die Ernten fallen geringer aus, die Qualit\u00e4t der Feldfr\u00fcchte sinkt. Agroforste k\u00f6nnten das \u00e4ndern. Mehr B\u00e4ume auf dem Acker fordert Dr. Wolfgang Zehlius-Eckert, Mitbegr\u00fcnder des Deutschen Fachverbands f\u00fcr Agroforstwirtschaft (DeFAF) e.V. &#8211; und daf\u00fcr gibt es, vor allem angesichts von [&hellip;]<\/p>\n","protected":false},"author":2,"featured_media":25750,"comment_status":"closed","ping_status":"closed","sticky":false,"template":"","format":"standard","meta":{"_acf_changed":false,"site-sidebar-layout":"default","site-content-layout":"","ast-site-content-layout":"default","site-content-style":"default","site-sidebar-style":"default","ast-global-header-display":"","ast-banner-title-visibility":"","ast-main-header-display":"","ast-hfb-above-header-display":"","ast-hfb-below-header-display":"","ast-hfb-mobile-header-display":"","site-post-title":"","ast-breadcrumbs-content":"","ast-featured-img":"","footer-sml-layout":"","ast-disable-related-posts":"","theme-transparent-header-meta":"","adv-header-id-meta":"","stick-header-meta":"","header-above-stick-meta":"","header-main-stick-meta":"","header-below-stick-meta":"","astra-migrate-meta-layouts":"default","ast-page-background-enabled":"default","ast-page-background-meta":{"desktop":{"background-color":"var(--ast-global-color-4)","background-image":"","background-repeat":"repeat","background-position":"center center","background-size":"auto","background-attachment":"scroll","background-type":"","background-media":"","overlay-type":"","overlay-color":"","overlay-opacity":"","overlay-gradient":""},"tablet":{"background-color":"","background-image":"","background-repeat":"repeat","background-position":"center center","background-size":"auto","background-attachment":"scroll","background-type":"","background-media":"","overlay-type":"","overlay-color":"","overlay-opacity":"","overlay-gradient":""},"mobile":{"background-color":"","background-image":"","background-repeat":"repeat","background-position":"center center","background-size":"auto","background-attachment":"scroll","background-type":"","background-media":"","overlay-type":"","overlay-color":"","overlay-opacity":"","overlay-gradient":""}},"ast-content-background-meta":{"desktop":{"background-color":"var(--ast-global-color-5)","background-image":"","background-repeat":"repeat","background-position":"center center","background-size":"auto","background-attachment":"scroll","background-type":"","background-media":"","overlay-type":"","overlay-color":"","overlay-opacity":"","overlay-gradient":""},"tablet":{"background-color":"var(--ast-global-color-5)","background-image":"","background-repeat":"repeat","background-position":"center center","background-size":"auto","background-attachment":"scroll","background-type":"","background-media":"","overlay-type":"","overlay-color":"","overlay-opacity":"","overlay-gradient":""},"mobile":{"background-color":"var(--ast-global-color-5)","background-image":"","background-repeat":"repeat","background-position":"center center","background-size":"auto","background-attachment":"scroll","background-type":"","background-media":"","overlay-type":"","overlay-color":"","overlay-opacity":"","overlay-gradient":""}},"footnotes":""},"categories":[45,22],"tags":[],"class_list":["post-25748","post","type-post","status-publish","format-standard","has-post-thumbnail","hentry","category-filme","category-neuigkeit"],"acf":[],"yoast_head":"<!-- This site is optimized with the Yoast SEO plugin v27.5 - https:\/\/yoast.com\/product\/yoast-seo-wordpress\/ -->\n<title>Agroforst statt Ackerw\u00fcste &quot;Mehr B\u00e4ume auf die Felder pflanzen&quot; - Beitrag auf ZDF vom 20. August 2022 - Permakultur-Landwirtschaft<\/title>\n<meta name=\"robots\" content=\"index, follow, max-snippet:-1, max-image-preview:large, max-video-preview:-1\" \/>\n<link rel=\"canonical\" href=\"https:\/\/permakultur-landwirtschaft.org\/fr\/agroforst-statt-ackerwueste-mehr-baeume-auf-die-felder-pflanzen-beitrag-auf-zdf-vom-20-august-2022\/\" \/>\n<meta property=\"og:locale\" content=\"fr_FR\" \/>\n<meta property=\"og:type\" content=\"article\" \/>\n<meta property=\"og:title\" content=\"Agroforst statt Ackerw\u00fcste &quot;Mehr B\u00e4ume auf die Felder pflanzen&quot; - Beitrag auf ZDF vom 20. August 2022 - Permakultur-Landwirtschaft\" \/>\n<meta property=\"og:description\" content=\"Text von zdf.de: Die langanhaltende D\u00fcrre in Europa macht sich auch auf den Feldern bemerkbar: Die Ernten fallen geringer aus, die Qualit\u00e4t der Feldfr\u00fcchte sinkt. Agroforste k\u00f6nnten das \u00e4ndern. Mehr B\u00e4ume auf dem Acker fordert Dr. Wolfgang Zehlius-Eckert, Mitbegr\u00fcnder des Deutschen Fachverbands f\u00fcr Agroforstwirtschaft (DeFAF) e.V. &#8211; und daf\u00fcr gibt es, vor allem angesichts von [&hellip;]\" \/>\n<meta property=\"og:url\" content=\"https:\/\/permakultur-landwirtschaft.org\/fr\/agroforst-statt-ackerwueste-mehr-baeume-auf-die-felder-pflanzen-beitrag-auf-zdf-vom-20-august-2022\/\" \/>\n<meta property=\"og:site_name\" content=\"Permakultur-Landwirtschaft\" \/>\n<meta property=\"article:publisher\" content=\"https:\/\/www.facebook.com\/PermakulturLandwirtschaft\" \/>\n<meta property=\"article:published_time\" content=\"2022-08-22T08:47:00+00:00\" \/>\n<meta property=\"article:modified_time\" content=\"2022-10-26T08:52:16+00:00\" \/>\n<meta property=\"og:image\" content=\"https:\/\/permakultur-landwirtschaft.org\/wp-content\/uploads\/2022\/10\/planB_2_2022-10-26_10-43-19.jpg\" \/>\n\t<meta property=\"og:image:width\" content=\"700\" \/>\n\t<meta property=\"og:image:height\" content=\"389\" \/>\n\t<meta property=\"og:image:type\" content=\"image\/jpeg\" \/>\n<meta name=\"author\" content=\"adrian reutimann\" \/>\n<meta name=\"twitter:card\" content=\"summary_large_image\" \/>\n<meta name=\"twitter:label1\" content=\"\u00c9crit par\" \/>\n\t<meta name=\"twitter:data1\" content=\"adrian reutimann\" \/>\n\t<meta name=\"twitter:label2\" content=\"Dur\u00e9e de lecture estim\u00e9e\" \/>\n\t<meta name=\"twitter:data2\" content=\"1 minute\" \/>\n<script type=\"application\/ld+json\" class=\"yoast-schema-graph\">{\"@context\":\"https:\\\/\\\/schema.org\",\"@graph\":[{\"@type\":\"Article\",\"@id\":\"https:\\\/\\\/permakultur-landwirtschaft.org\\\/agroforst-statt-ackerwueste-mehr-baeume-auf-die-felder-pflanzen-beitrag-auf-zdf-vom-20-august-2022\\\/#article\",\"isPartOf\":{\"@id\":\"https:\\\/\\\/permakultur-landwirtschaft.org\\\/agroforst-statt-ackerwueste-mehr-baeume-auf-die-felder-pflanzen-beitrag-auf-zdf-vom-20-august-2022\\\/\"},\"author\":{\"name\":\"adrian reutimann\",\"@id\":\"https:\\\/\\\/permakultur-landwirtschaft.org\\\/#\\\/schema\\\/person\\\/6b0467872f75aed3e144093f9bf4f0b0\"},\"headline\":\"Agroforst statt Ackerw\u00fcste &#171;Mehr B\u00e4ume auf die Felder pflanzen&#187; &#8211; Beitrag auf ZDF vom 20. August 2022\",\"datePublished\":\"2022-08-22T08:47:00+00:00\",\"dateModified\":\"2022-10-26T08:52:16+00:00\",\"mainEntityOfPage\":{\"@id\":\"https:\\\/\\\/permakultur-landwirtschaft.org\\\/agroforst-statt-ackerwueste-mehr-baeume-auf-die-felder-pflanzen-beitrag-auf-zdf-vom-20-august-2022\\\/\"},\"wordCount\":141,\"publisher\":{\"@id\":\"https:\\\/\\\/permakultur-landwirtschaft.org\\\/#organization\"},\"image\":{\"@id\":\"https:\\\/\\\/permakultur-landwirtschaft.org\\\/agroforst-statt-ackerwueste-mehr-baeume-auf-die-felder-pflanzen-beitrag-auf-zdf-vom-20-august-2022\\\/#primaryimage\"},\"thumbnailUrl\":\"https:\\\/\\\/permakultur-landwirtschaft.org\\\/wp-content\\\/uploads\\\/2022\\\/10\\\/planB_2_2022-10-26_10-43-19.jpg\",\"articleSection\":[\"Film\",\"Neuigkeit\"],\"inLanguage\":\"fr-FR\"},{\"@type\":\"WebPage\",\"@id\":\"https:\\\/\\\/permakultur-landwirtschaft.org\\\/agroforst-statt-ackerwueste-mehr-baeume-auf-die-felder-pflanzen-beitrag-auf-zdf-vom-20-august-2022\\\/\",\"url\":\"https:\\\/\\\/permakultur-landwirtschaft.org\\\/agroforst-statt-ackerwueste-mehr-baeume-auf-die-felder-pflanzen-beitrag-auf-zdf-vom-20-august-2022\\\/\",\"name\":\"Agroforst statt Ackerw\u00fcste \\\"Mehr B\u00e4ume auf die Felder pflanzen\\\" - Beitrag auf ZDF vom 20. August 2022 - Permakultur-Landwirtschaft\",\"isPartOf\":{\"@id\":\"https:\\\/\\\/permakultur-landwirtschaft.org\\\/#website\"},\"primaryImageOfPage\":{\"@id\":\"https:\\\/\\\/permakultur-landwirtschaft.org\\\/agroforst-statt-ackerwueste-mehr-baeume-auf-die-felder-pflanzen-beitrag-auf-zdf-vom-20-august-2022\\\/#primaryimage\"},\"image\":{\"@id\":\"https:\\\/\\\/permakultur-landwirtschaft.org\\\/agroforst-statt-ackerwueste-mehr-baeume-auf-die-felder-pflanzen-beitrag-auf-zdf-vom-20-august-2022\\\/#primaryimage\"},\"thumbnailUrl\":\"https:\\\/\\\/permakultur-landwirtschaft.org\\\/wp-content\\\/uploads\\\/2022\\\/10\\\/planB_2_2022-10-26_10-43-19.jpg\",\"datePublished\":\"2022-08-22T08:47:00+00:00\",\"dateModified\":\"2022-10-26T08:52:16+00:00\",\"breadcrumb\":{\"@id\":\"https:\\\/\\\/permakultur-landwirtschaft.org\\\/agroforst-statt-ackerwueste-mehr-baeume-auf-die-felder-pflanzen-beitrag-auf-zdf-vom-20-august-2022\\\/#breadcrumb\"},\"inLanguage\":\"fr-FR\",\"potentialAction\":[{\"@type\":\"ReadAction\",\"target\":[\"https:\\\/\\\/permakultur-landwirtschaft.org\\\/agroforst-statt-ackerwueste-mehr-baeume-auf-die-felder-pflanzen-beitrag-auf-zdf-vom-20-august-2022\\\/\"]}]},{\"@type\":\"ImageObject\",\"inLanguage\":\"fr-FR\",\"@id\":\"https:\\\/\\\/permakultur-landwirtschaft.org\\\/agroforst-statt-ackerwueste-mehr-baeume-auf-die-felder-pflanzen-beitrag-auf-zdf-vom-20-august-2022\\\/#primaryimage\",\"url\":\"https:\\\/\\\/permakultur-landwirtschaft.org\\\/wp-content\\\/uploads\\\/2022\\\/10\\\/planB_2_2022-10-26_10-43-19.jpg\",\"contentUrl\":\"https:\\\/\\\/permakultur-landwirtschaft.org\\\/wp-content\\\/uploads\\\/2022\\\/10\\\/planB_2_2022-10-26_10-43-19.jpg\",\"width\":700,\"height\":389},{\"@type\":\"BreadcrumbList\",\"@id\":\"https:\\\/\\\/permakultur-landwirtschaft.org\\\/agroforst-statt-ackerwueste-mehr-baeume-auf-die-felder-pflanzen-beitrag-auf-zdf-vom-20-august-2022\\\/#breadcrumb\",\"itemListElement\":[{\"@type\":\"ListItem\",\"position\":1,\"name\":\"Startseite\",\"item\":\"https:\\\/\\\/permakultur-landwirtschaft.org\\\/\"},{\"@type\":\"ListItem\",\"position\":2,\"name\":\"Agroforst statt Ackerw\u00fcste &#171;Mehr B\u00e4ume auf die Felder pflanzen&#187; &#8211; Beitrag auf ZDF vom 20. August 2022\"}]},{\"@type\":\"WebSite\",\"@id\":\"https:\\\/\\\/permakultur-landwirtschaft.org\\\/#website\",\"url\":\"https:\\\/\\\/permakultur-landwirtschaft.org\\\/\",\"name\":\"Permakultur-Landwirtschaft\",\"description\":\"F\u00f6rderung der Permakultur in der Landwirtschaft\",\"publisher\":{\"@id\":\"https:\\\/\\\/permakultur-landwirtschaft.org\\\/#organization\"},\"potentialAction\":[{\"@type\":\"SearchAction\",\"target\":{\"@type\":\"EntryPoint\",\"urlTemplate\":\"https:\\\/\\\/permakultur-landwirtschaft.org\\\/?s={search_term_string}\"},\"query-input\":{\"@type\":\"PropertyValueSpecification\",\"valueRequired\":true,\"valueName\":\"search_term_string\"}}],\"inLanguage\":\"fr-FR\"},{\"@type\":\"Organization\",\"@id\":\"https:\\\/\\\/permakultur-landwirtschaft.org\\\/#organization\",\"name\":\"Permakultur-Landwirtschaft\",\"alternateName\":\"Verein Permakultur-Landwirtschaft\",\"url\":\"https:\\\/\\\/permakultur-landwirtschaft.org\\\/\",\"logo\":{\"@type\":\"ImageObject\",\"inLanguage\":\"fr-FR\",\"@id\":\"https:\\\/\\\/permakultur-landwirtschaft.org\\\/#\\\/schema\\\/logo\\\/image\\\/\",\"url\":\"https:\\\/\\\/permakultur-landwirtschaft.org\\\/wp-content\\\/uploads\\\/2021\\\/11\\\/pela_1268x1269.png\",\"contentUrl\":\"https:\\\/\\\/permakultur-landwirtschaft.org\\\/wp-content\\\/uploads\\\/2021\\\/11\\\/pela_1268x1269.png\",\"width\":1298,\"height\":1269,\"caption\":\"Permakultur-Landwirtschaft\"},\"image\":{\"@id\":\"https:\\\/\\\/permakultur-landwirtschaft.org\\\/#\\\/schema\\\/logo\\\/image\\\/\"},\"sameAs\":[\"https:\\\/\\\/www.facebook.com\\\/PermakulturLandwirtschaft\",\"https:\\\/\\\/www.instagram.com\\\/permakultur_landwirtschaft\\\/\",\"https:\\\/\\\/www.flickr.com\\\/photos\\\/permakultur-landwirtschaft\",\"https:\\\/\\\/www.youtube.com\\\/@PermakulturLandwirtschaft\"]},{\"@type\":\"Person\",\"@id\":\"https:\\\/\\\/permakultur-landwirtschaft.org\\\/#\\\/schema\\\/person\\\/6b0467872f75aed3e144093f9bf4f0b0\",\"name\":\"adrian reutimann\",\"url\":\"https:\\\/\\\/permakultur-landwirtschaft.org\\\/fr\\\/author\\\/reutiadr\\\/\"}]}<\/script>\n<!-- \/ Yoast SEO plugin. -->","yoast_head_json":{"title":"Agroforst statt Ackerw\u00fcste \"Mehr B\u00e4ume auf die Felder pflanzen\" - Beitrag auf ZDF vom 20. August 2022 - Permakultur-Landwirtschaft","robots":{"index":"index","follow":"follow","max-snippet":"max-snippet:-1","max-image-preview":"max-image-preview:large","max-video-preview":"max-video-preview:-1"},"canonical":"https:\/\/permakultur-landwirtschaft.org\/fr\/agroforst-statt-ackerwueste-mehr-baeume-auf-die-felder-pflanzen-beitrag-auf-zdf-vom-20-august-2022\/","og_locale":"fr_FR","og_type":"article","og_title":"Agroforst statt Ackerw\u00fcste \"Mehr B\u00e4ume auf die Felder pflanzen\" - Beitrag auf ZDF vom 20. August 2022 - Permakultur-Landwirtschaft","og_description":"Text von zdf.de: Die langanhaltende D\u00fcrre in Europa macht sich auch auf den Feldern bemerkbar: Die Ernten fallen geringer aus, die Qualit\u00e4t der Feldfr\u00fcchte sinkt. Agroforste k\u00f6nnten das \u00e4ndern. Mehr B\u00e4ume auf dem Acker fordert Dr. Wolfgang Zehlius-Eckert, Mitbegr\u00fcnder des Deutschen Fachverbands f\u00fcr Agroforstwirtschaft (DeFAF) e.V. &#8211; und daf\u00fcr gibt es, vor allem angesichts von [&hellip;]","og_url":"https:\/\/permakultur-landwirtschaft.org\/fr\/agroforst-statt-ackerwueste-mehr-baeume-auf-die-felder-pflanzen-beitrag-auf-zdf-vom-20-august-2022\/","og_site_name":"Permakultur-Landwirtschaft","article_publisher":"https:\/\/www.facebook.com\/PermakulturLandwirtschaft","article_published_time":"2022-08-22T08:47:00+00:00","article_modified_time":"2022-10-26T08:52:16+00:00","og_image":[{"width":700,"height":389,"url":"https:\/\/permakultur-landwirtschaft.org\/wp-content\/uploads\/2022\/10\/planB_2_2022-10-26_10-43-19.jpg","type":"image\/jpeg"}],"author":"adrian reutimann","twitter_card":"summary_large_image","twitter_misc":{"\u00c9crit par":"adrian reutimann","Dur\u00e9e de lecture estim\u00e9e":"1 minute"},"schema":{"@context":"https:\/\/schema.org","@graph":[{"@type":"Article","@id":"https:\/\/permakultur-landwirtschaft.org\/agroforst-statt-ackerwueste-mehr-baeume-auf-die-felder-pflanzen-beitrag-auf-zdf-vom-20-august-2022\/#article","isPartOf":{"@id":"https:\/\/permakultur-landwirtschaft.org\/agroforst-statt-ackerwueste-mehr-baeume-auf-die-felder-pflanzen-beitrag-auf-zdf-vom-20-august-2022\/"},"author":{"name":"adrian reutimann","@id":"https:\/\/permakultur-landwirtschaft.org\/#\/schema\/person\/6b0467872f75aed3e144093f9bf4f0b0"},"headline":"Agroforst statt Ackerw\u00fcste &#171;Mehr B\u00e4ume auf die Felder pflanzen&#187; &#8211; Beitrag auf ZDF vom 20. August 2022","datePublished":"2022-08-22T08:47:00+00:00","dateModified":"2022-10-26T08:52:16+00:00","mainEntityOfPage":{"@id":"https:\/\/permakultur-landwirtschaft.org\/agroforst-statt-ackerwueste-mehr-baeume-auf-die-felder-pflanzen-beitrag-auf-zdf-vom-20-august-2022\/"},"wordCount":141,"publisher":{"@id":"https:\/\/permakultur-landwirtschaft.org\/#organization"},"image":{"@id":"https:\/\/permakultur-landwirtschaft.org\/agroforst-statt-ackerwueste-mehr-baeume-auf-die-felder-pflanzen-beitrag-auf-zdf-vom-20-august-2022\/#primaryimage"},"thumbnailUrl":"https:\/\/permakultur-landwirtschaft.org\/wp-content\/uploads\/2022\/10\/planB_2_2022-10-26_10-43-19.jpg","articleSection":["Film","Neuigkeit"],"inLanguage":"fr-FR"},{"@type":"WebPage","@id":"https:\/\/permakultur-landwirtschaft.org\/agroforst-statt-ackerwueste-mehr-baeume-auf-die-felder-pflanzen-beitrag-auf-zdf-vom-20-august-2022\/","url":"https:\/\/permakultur-landwirtschaft.org\/agroforst-statt-ackerwueste-mehr-baeume-auf-die-felder-pflanzen-beitrag-auf-zdf-vom-20-august-2022\/","name":"Agroforst statt Ackerw\u00fcste \"Mehr B\u00e4ume auf die Felder pflanzen\" - Beitrag auf ZDF vom 20. August 2022 - Permakultur-Landwirtschaft","isPartOf":{"@id":"https:\/\/permakultur-landwirtschaft.org\/#website"},"primaryImageOfPage":{"@id":"https:\/\/permakultur-landwirtschaft.org\/agroforst-statt-ackerwueste-mehr-baeume-auf-die-felder-pflanzen-beitrag-auf-zdf-vom-20-august-2022\/#primaryimage"},"image":{"@id":"https:\/\/permakultur-landwirtschaft.org\/agroforst-statt-ackerwueste-mehr-baeume-auf-die-felder-pflanzen-beitrag-auf-zdf-vom-20-august-2022\/#primaryimage"},"thumbnailUrl":"https:\/\/permakultur-landwirtschaft.org\/wp-content\/uploads\/2022\/10\/planB_2_2022-10-26_10-43-19.jpg","datePublished":"2022-08-22T08:47:00+00:00","dateModified":"2022-10-26T08:52:16+00:00","breadcrumb":{"@id":"https:\/\/permakultur-landwirtschaft.org\/agroforst-statt-ackerwueste-mehr-baeume-auf-die-felder-pflanzen-beitrag-auf-zdf-vom-20-august-2022\/#breadcrumb"},"inLanguage":"fr-FR","potentialAction":[{"@type":"ReadAction","target":["https:\/\/permakultur-landwirtschaft.org\/agroforst-statt-ackerwueste-mehr-baeume-auf-die-felder-pflanzen-beitrag-auf-zdf-vom-20-august-2022\/"]}]},{"@type":"ImageObject","inLanguage":"fr-FR","@id":"https:\/\/permakultur-landwirtschaft.org\/agroforst-statt-ackerwueste-mehr-baeume-auf-die-felder-pflanzen-beitrag-auf-zdf-vom-20-august-2022\/#primaryimage","url":"https:\/\/permakultur-landwirtschaft.org\/wp-content\/uploads\/2022\/10\/planB_2_2022-10-26_10-43-19.jpg","contentUrl":"https:\/\/permakultur-landwirtschaft.org\/wp-content\/uploads\/2022\/10\/planB_2_2022-10-26_10-43-19.jpg","width":700,"height":389},{"@type":"BreadcrumbList","@id":"https:\/\/permakultur-landwirtschaft.org\/agroforst-statt-ackerwueste-mehr-baeume-auf-die-felder-pflanzen-beitrag-auf-zdf-vom-20-august-2022\/#breadcrumb","itemListElement":[{"@type":"ListItem","position":1,"name":"Startseite","item":"https:\/\/permakultur-landwirtschaft.org\/"},{"@type":"ListItem","position":2,"name":"Agroforst statt Ackerw\u00fcste &#171;Mehr B\u00e4ume auf die Felder pflanzen&#187; &#8211; Beitrag auf ZDF vom 20. August 2022"}]},{"@type":"WebSite","@id":"https:\/\/permakultur-landwirtschaft.org\/#website","url":"https:\/\/permakultur-landwirtschaft.org\/","name":"Permakultur-Landwirtschaft","description":"F\u00f6rderung der Permakultur in der Landwirtschaft","publisher":{"@id":"https:\/\/permakultur-landwirtschaft.org\/#organization"},"potentialAction":[{"@type":"SearchAction","target":{"@type":"EntryPoint","urlTemplate":"https:\/\/permakultur-landwirtschaft.org\/?s={search_term_string}"},"query-input":{"@type":"PropertyValueSpecification","valueRequired":true,"valueName":"search_term_string"}}],"inLanguage":"fr-FR"},{"@type":"Organization","@id":"https:\/\/permakultur-landwirtschaft.org\/#organization","name":"Permakultur-Landwirtschaft","alternateName":"Verein Permakultur-Landwirtschaft","url":"https:\/\/permakultur-landwirtschaft.org\/","logo":{"@type":"ImageObject","inLanguage":"fr-FR","@id":"https:\/\/permakultur-landwirtschaft.org\/#\/schema\/logo\/image\/","url":"https:\/\/permakultur-landwirtschaft.org\/wp-content\/uploads\/2021\/11\/pela_1268x1269.png","contentUrl":"https:\/\/permakultur-landwirtschaft.org\/wp-content\/uploads\/2021\/11\/pela_1268x1269.png","width":1298,"height":1269,"caption":"Permakultur-Landwirtschaft"},"image":{"@id":"https:\/\/permakultur-landwirtschaft.org\/#\/schema\/logo\/image\/"},"sameAs":["https:\/\/www.facebook.com\/PermakulturLandwirtschaft","https:\/\/www.instagram.com\/permakultur_landwirtschaft\/","https:\/\/www.flickr.com\/photos\/permakultur-landwirtschaft","https:\/\/www.youtube.com\/@PermakulturLandwirtschaft"]},{"@type":"Person","@id":"https:\/\/permakultur-landwirtschaft.org\/#\/schema\/person\/6b0467872f75aed3e144093f9bf4f0b0","name":"adrian reutimann","url":"https:\/\/permakultur-landwirtschaft.org\/fr\/author\/reutiadr\/"}]}},"_links":{"self":[{"href":"https:\/\/permakultur-landwirtschaft.org\/fr\/wp-json\/wp\/v2\/posts\/25748","targetHints":{"allow":["GET"]}}],"collection":[{"href":"https:\/\/permakultur-landwirtschaft.org\/fr\/wp-json\/wp\/v2\/posts"}],"about":[{"href":"https:\/\/permakultur-landwirtschaft.org\/fr\/wp-json\/wp\/v2\/types\/post"}],"author":[{"embeddable":true,"href":"https:\/\/permakultur-landwirtschaft.org\/fr\/wp-json\/wp\/v2\/users\/2"}],"replies":[{"embeddable":true,"href":"https:\/\/permakultur-landwirtschaft.org\/fr\/wp-json\/wp\/v2\/comments?post=25748"}],"version-history":[{"count":2,"href":"https:\/\/permakultur-landwirtschaft.org\/fr\/wp-json\/wp\/v2\/posts\/25748\/revisions"}],"predecessor-version":[{"id":25752,"href":"https:\/\/permakultur-landwirtschaft.org\/fr\/wp-json\/wp\/v2\/posts\/25748\/revisions\/25752"}],"wp:featuredmedia":[{"embeddable":true,"href":"https:\/\/permakultur-landwirtschaft.org\/fr\/wp-json\/wp\/v2\/media\/25750"}],"wp:attachment":[{"href":"https:\/\/permakultur-landwirtschaft.org\/fr\/wp-json\/wp\/v2\/media?parent=25748"}],"wp:term":[{"taxonomy":"category","embeddable":true,"href":"https:\/\/permakultur-landwirtschaft.org\/fr\/wp-json\/wp\/v2\/categories?post=25748"},{"taxonomy":"post_tag","embeddable":true,"href":"https:\/\/permakultur-landwirtschaft.org\/fr\/wp-json\/wp\/v2\/tags?post=25748"}],"curies":[{"name":"wp","href":"https:\/\/api.w.org\/{rel}","templated":true}]}}