{"id":25733,"date":"2022-09-30T09:58:00","date_gmt":"2022-09-30T07:58:00","guid":{"rendered":"https:\/\/permakultur-landwirtschaft.org\/?p=25733"},"modified":"2022-10-26T10:16:39","modified_gmt":"2022-10-26T08:16:39","slug":"anders-ackern-die-naechste-generation-beitrag-auf-zdf-vom-30-september-2022","status":"publish","type":"post","link":"https:\/\/permakultur-landwirtschaft.org\/fr\/anders-ackern-die-naechste-generation-beitrag-auf-zdf-vom-30-september-2022\/","title":{"rendered":"Anders ackern &#8211; Die n\u00e4chste Generation &#8211; Beitrag auf ZDF vom 30. September 2022"},"content":{"rendered":"<p>Text von zdf.de:<\/p>\n\n\n\n<h2 class=\"wp-block-heading\">Den Betrieb anders aufstellen<\/h2>\n\n\n\n<p>Auch Julius Nennewitz, geboren 1996, muss als n\u00e4chste Generation auf dem Biohof, den seine Mutter aufgebaut hat, mit den Herausforderungen des Klimawandels zurechtkommen. Er legt mit Freunden und Mitstreiterinnen im hessischen Eschwege deshalb gerade ein sogenanntes Agroforst-System an. Er und seine Helferinnen und Helfer pflanzen \u00fcber 1000, teils nicht heimische Geh\u00f6lze wie Feigen oder Maulbeeren. F\u00fcr Julius sind Agroforste, das hei\u00dft, mit B\u00e4umen bepflanzte Fl\u00e4chen, zwischen denen Ackerbau oder Tierhaltung betrieben werden kann, ein wichtiger Teil der Landwirtschaft der Zukunft. Julius will aber auch insgesamt den Betrieb anders aufstellen: Nicht er allein, sondern ein gemeinn\u00fctziger Verein soll sp\u00e4ter einmal den Hof f\u00fchren.<\/p>\n\n\n\n<p>Der Film begleitet die n\u00e4chste Generation auf zwei Bauernh\u00f6fen, zeigt die Herausforderungen ihres Berufes, ihre Ziele und wie befriedigend die Arbeit in der Landwirtschaft sein kann.<\/p>\n\n\n\n<p>Link zum Beitrag bei ZDF 37\u00b0 Leben: <a rel=\"noreferrer noopener\" href=\"https:\/\/www.zdf.de\/dokumentation\/37-grad-leben\/anders-ackern---naechste-generation-102.html\" target=\"_blank\">www.zdf.de\/dokumentation\/37-grad-leben\/anders-ackern&#8212;naechste-generation-102.html<\/a><\/p>\n\n\n\n<p>Link zum Biohof Werragut: <a href=\"https:\/\/www.werragut.de\/\" target=\"_blank\" rel=\"noreferrer noopener\">www.werragut.de<\/a><\/p>\n\n\n\n<p>Beitrag auf HNA zu dem Agroforstsystem auf dem Werragut: <a rel=\"noreferrer noopener\" href=\"https:\/\/www.hna.de\/lokales\/witzenhausen\/biohof-werragut-startet-bepflanzung-91391318.html\" target=\"_blank\">www.hna.de\/lokales\/witzenhausen\/biohof-werragut-startet-bepflanzung-91391318.html<\/a><\/p>\n\n\n\n<figure class=\"wp-block-gallery has-nested-images columns-default is-cropped wp-block-gallery-1 is-layout-flex wp-block-gallery-is-layout-flex\">\n<figure class=\"wp-block-image size-large\"><a href=\"https:\/\/www.werragut.de\/agroforst\/\" target=\"_blank\" rel=\"noreferrer noopener\"><img fetchpriority=\"high\" decoding=\"async\" width=\"1000\" height=\"620\" data-id=\"25737\" src=\"https:\/\/permakultur-landwirtschaft.org\/wp-content\/uploads\/2022\/10\/werragut_agroforst_Plan_2021-11-3.jpg\" alt=\"\" class=\"wp-image-25737\" srcset=\"https:\/\/permakultur-landwirtschaft.org\/wp-content\/uploads\/2022\/10\/werragut_agroforst_Plan_2021-11-3.jpg 1000w, https:\/\/permakultur-landwirtschaft.org\/wp-content\/uploads\/2022\/10\/werragut_agroforst_Plan_2021-11-3-300x186.jpg 300w, https:\/\/permakultur-landwirtschaft.org\/wp-content\/uploads\/2022\/10\/werragut_agroforst_Plan_2021-11-3-768x476.jpg 768w\" sizes=\"(max-width: 1000px) 100vw, 1000px\" \/><\/a><figcaption>Agroforst Planung (Quelle werragut.de)<\/figcaption><\/figure>\n\n\n\n<figure class=\"wp-block-image size-large\"><a href=\"https:\/\/www.zdf.de\/dokumentation\/37-grad-leben\/anders-ackern---naechste-generation-102.html\" target=\"_blank\" rel=\"noreferrer noopener\"><img decoding=\"async\" width=\"699\" height=\"405\" data-id=\"25736\" src=\"https:\/\/permakultur-landwirtschaft.org\/wp-content\/uploads\/2022\/10\/werragut_2022-10-26_10-08-09.jpg\" alt=\"\" class=\"wp-image-25736\" srcset=\"https:\/\/permakultur-landwirtschaft.org\/wp-content\/uploads\/2022\/10\/werragut_2022-10-26_10-08-09.jpg 699w, https:\/\/permakultur-landwirtschaft.org\/wp-content\/uploads\/2022\/10\/werragut_2022-10-26_10-08-09-300x174.jpg 300w\" sizes=\"(max-width: 699px) 100vw, 699px\" \/><\/a><figcaption>Agroforst Umsetzung (Quelle: zdf.de)<\/figcaption><\/figure>\n<\/figure>\n\n\n\n<hr class=\"wp-block-separator has-alpha-channel-opacity\"\/>\n\n\n\n<h3 class=\"wp-block-heading\"><a href=\"https:\/\/permakultur-landwirtschaft.org\/fr\/medien\/\">Hier geht&#8217;s zur \u00dcbersicht aller Neuigkeiten<\/a><\/h3>\n\n\n\n<h3 class=\"wp-block-heading\"><a href=\"https:\/\/permakultur-landwirtschaft.org\/fr\/filme\/\">Hier geht&#8217;s zur \u00dcbersicht aller Filme und Audios<\/a><\/h3>","protected":false},"excerpt":{"rendered":"<p>Text von zdf.de: Den Betrieb anders aufstellen Auch Julius Nennewitz, geboren 1996, muss als n\u00e4chste Generation auf dem Biohof, den seine Mutter aufgebaut hat, mit den Herausforderungen des Klimawandels zurechtkommen. Er legt mit Freunden und Mitstreiterinnen im hessischen Eschwege deshalb gerade ein sogenanntes Agroforst-System an. Er und seine Helferinnen und Helfer pflanzen \u00fcber 1000, teils [&hellip;]<\/p>\n","protected":false},"author":2,"featured_media":25736,"comment_status":"closed","ping_status":"closed","sticky":false,"template":"","format":"standard","meta":{"_acf_changed":false,"site-sidebar-layout":"default","site-content-layout":"","ast-site-content-layout":"default","site-content-style":"default","site-sidebar-style":"default","ast-global-header-display":"","ast-banner-title-visibility":"","ast-main-header-display":"","ast-hfb-above-header-display":"","ast-hfb-below-header-display":"","ast-hfb-mobile-header-display":"","site-post-title":"","ast-breadcrumbs-content":"","ast-featured-img":"","footer-sml-layout":"","ast-disable-related-posts":"","theme-transparent-header-meta":"","adv-header-id-meta":"","stick-header-meta":"","header-above-stick-meta":"","header-main-stick-meta":"","header-below-stick-meta":"","astra-migrate-meta-layouts":"default","ast-page-background-enabled":"default","ast-page-background-meta":{"desktop":{"background-color":"var(--ast-global-color-4)","background-image":"","background-repeat":"repeat","background-position":"center center","background-size":"auto","background-attachment":"scroll","background-type":"","background-media":"","overlay-type":"","overlay-color":"","overlay-opacity":"","overlay-gradient":""},"tablet":{"background-color":"","background-image":"","background-repeat":"repeat","background-position":"center center","background-size":"auto","background-attachment":"scroll","background-type":"","background-media":"","overlay-type":"","overlay-color":"","overlay-opacity":"","overlay-gradient":""},"mobile":{"background-color":"","background-image":"","background-repeat":"repeat","background-position":"center center","background-size":"auto","background-attachment":"scroll","background-type":"","background-media":"","overlay-type":"","overlay-color":"","overlay-opacity":"","overlay-gradient":""}},"ast-content-background-meta":{"desktop":{"background-color":"var(--ast-global-color-5)","background-image":"","background-repeat":"repeat","background-position":"center center","background-size":"auto","background-attachment":"scroll","background-type":"","background-media":"","overlay-type":"","overlay-color":"","overlay-opacity":"","overlay-gradient":""},"tablet":{"background-color":"var(--ast-global-color-5)","background-image":"","background-repeat":"repeat","background-position":"center center","background-size":"auto","background-attachment":"scroll","background-type":"","background-media":"","overlay-type":"","overlay-color":"","overlay-opacity":"","overlay-gradient":""},"mobile":{"background-color":"var(--ast-global-color-5)","background-image":"","background-repeat":"repeat","background-position":"center center","background-size":"auto","background-attachment":"scroll","background-type":"","background-media":"","overlay-type":"","overlay-color":"","overlay-opacity":"","overlay-gradient":""}},"footnotes":""},"categories":[45,22],"tags":[],"class_list":["post-25733","post","type-post","status-publish","format-standard","has-post-thumbnail","hentry","category-filme","category-neuigkeit"],"acf":[],"yoast_head":"<!-- This site is optimized with the Yoast SEO plugin v27.5 - https:\/\/yoast.com\/product\/yoast-seo-wordpress\/ -->\n<title>Anders ackern - Die n\u00e4chste Generation - Beitrag auf ZDF vom 30. September 2022 - Permakultur-Landwirtschaft<\/title>\n<meta name=\"robots\" content=\"index, follow, max-snippet:-1, max-image-preview:large, max-video-preview:-1\" \/>\n<link rel=\"canonical\" href=\"https:\/\/permakultur-landwirtschaft.org\/fr\/anders-ackern-die-naechste-generation-beitrag-auf-zdf-vom-30-september-2022\/\" \/>\n<meta property=\"og:locale\" content=\"fr_FR\" \/>\n<meta property=\"og:type\" content=\"article\" \/>\n<meta property=\"og:title\" content=\"Anders ackern - Die n\u00e4chste Generation - Beitrag auf ZDF vom 30. September 2022 - Permakultur-Landwirtschaft\" \/>\n<meta property=\"og:description\" content=\"Text von zdf.de: Den Betrieb anders aufstellen Auch Julius Nennewitz, geboren 1996, muss als n\u00e4chste Generation auf dem Biohof, den seine Mutter aufgebaut hat, mit den Herausforderungen des Klimawandels zurechtkommen. Er legt mit Freunden und Mitstreiterinnen im hessischen Eschwege deshalb gerade ein sogenanntes Agroforst-System an. Er und seine Helferinnen und Helfer pflanzen \u00fcber 1000, teils [&hellip;]\" \/>\n<meta property=\"og:url\" content=\"https:\/\/permakultur-landwirtschaft.org\/fr\/anders-ackern-die-naechste-generation-beitrag-auf-zdf-vom-30-september-2022\/\" \/>\n<meta property=\"og:site_name\" content=\"Permakultur-Landwirtschaft\" \/>\n<meta property=\"article:publisher\" content=\"https:\/\/www.facebook.com\/PermakulturLandwirtschaft\" \/>\n<meta property=\"article:published_time\" content=\"2022-09-30T07:58:00+00:00\" \/>\n<meta property=\"article:modified_time\" content=\"2022-10-26T08:16:39+00:00\" \/>\n<meta property=\"og:image\" content=\"https:\/\/permakultur-landwirtschaft.org\/wp-content\/uploads\/2022\/10\/werragut_2022-10-26_10-08-09.jpg\" \/>\n\t<meta property=\"og:image:width\" content=\"699\" \/>\n\t<meta property=\"og:image:height\" content=\"405\" \/>\n\t<meta property=\"og:image:type\" content=\"image\/jpeg\" \/>\n<meta name=\"author\" content=\"adrian reutimann\" \/>\n<meta name=\"twitter:card\" content=\"summary_large_image\" \/>\n<meta name=\"twitter:label1\" content=\"\u00c9crit par\" \/>\n\t<meta name=\"twitter:data1\" content=\"adrian reutimann\" \/>\n\t<meta name=\"twitter:label2\" content=\"Dur\u00e9e de lecture estim\u00e9e\" \/>\n\t<meta name=\"twitter:data2\" content=\"1 minute\" \/>\n<script type=\"application\/ld+json\" class=\"yoast-schema-graph\">{\"@context\":\"https:\\\/\\\/schema.org\",\"@graph\":[{\"@type\":\"Article\",\"@id\":\"https:\\\/\\\/permakultur-landwirtschaft.org\\\/anders-ackern-die-naechste-generation-beitrag-auf-zdf-vom-30-september-2022\\\/#article\",\"isPartOf\":{\"@id\":\"https:\\\/\\\/permakultur-landwirtschaft.org\\\/anders-ackern-die-naechste-generation-beitrag-auf-zdf-vom-30-september-2022\\\/\"},\"author\":{\"name\":\"adrian reutimann\",\"@id\":\"https:\\\/\\\/permakultur-landwirtschaft.org\\\/#\\\/schema\\\/person\\\/6b0467872f75aed3e144093f9bf4f0b0\"},\"headline\":\"Anders ackern &#8211; Die n\u00e4chste Generation &#8211; Beitrag auf ZDF vom 30. September 2022\",\"datePublished\":\"2022-09-30T07:58:00+00:00\",\"dateModified\":\"2022-10-26T08:16:39+00:00\",\"mainEntityOfPage\":{\"@id\":\"https:\\\/\\\/permakultur-landwirtschaft.org\\\/anders-ackern-die-naechste-generation-beitrag-auf-zdf-vom-30-september-2022\\\/\"},\"wordCount\":220,\"publisher\":{\"@id\":\"https:\\\/\\\/permakultur-landwirtschaft.org\\\/#organization\"},\"image\":{\"@id\":\"https:\\\/\\\/permakultur-landwirtschaft.org\\\/anders-ackern-die-naechste-generation-beitrag-auf-zdf-vom-30-september-2022\\\/#primaryimage\"},\"thumbnailUrl\":\"https:\\\/\\\/permakultur-landwirtschaft.org\\\/wp-content\\\/uploads\\\/2022\\\/10\\\/werragut_2022-10-26_10-08-09.jpg\",\"articleSection\":[\"Film\",\"Neuigkeit\"],\"inLanguage\":\"fr-FR\"},{\"@type\":\"WebPage\",\"@id\":\"https:\\\/\\\/permakultur-landwirtschaft.org\\\/anders-ackern-die-naechste-generation-beitrag-auf-zdf-vom-30-september-2022\\\/\",\"url\":\"https:\\\/\\\/permakultur-landwirtschaft.org\\\/anders-ackern-die-naechste-generation-beitrag-auf-zdf-vom-30-september-2022\\\/\",\"name\":\"Anders ackern - Die n\u00e4chste Generation - Beitrag auf ZDF vom 30. September 2022 - Permakultur-Landwirtschaft\",\"isPartOf\":{\"@id\":\"https:\\\/\\\/permakultur-landwirtschaft.org\\\/#website\"},\"primaryImageOfPage\":{\"@id\":\"https:\\\/\\\/permakultur-landwirtschaft.org\\\/anders-ackern-die-naechste-generation-beitrag-auf-zdf-vom-30-september-2022\\\/#primaryimage\"},\"image\":{\"@id\":\"https:\\\/\\\/permakultur-landwirtschaft.org\\\/anders-ackern-die-naechste-generation-beitrag-auf-zdf-vom-30-september-2022\\\/#primaryimage\"},\"thumbnailUrl\":\"https:\\\/\\\/permakultur-landwirtschaft.org\\\/wp-content\\\/uploads\\\/2022\\\/10\\\/werragut_2022-10-26_10-08-09.jpg\",\"datePublished\":\"2022-09-30T07:58:00+00:00\",\"dateModified\":\"2022-10-26T08:16:39+00:00\",\"breadcrumb\":{\"@id\":\"https:\\\/\\\/permakultur-landwirtschaft.org\\\/anders-ackern-die-naechste-generation-beitrag-auf-zdf-vom-30-september-2022\\\/#breadcrumb\"},\"inLanguage\":\"fr-FR\",\"potentialAction\":[{\"@type\":\"ReadAction\",\"target\":[\"https:\\\/\\\/permakultur-landwirtschaft.org\\\/anders-ackern-die-naechste-generation-beitrag-auf-zdf-vom-30-september-2022\\\/\"]}]},{\"@type\":\"ImageObject\",\"inLanguage\":\"fr-FR\",\"@id\":\"https:\\\/\\\/permakultur-landwirtschaft.org\\\/anders-ackern-die-naechste-generation-beitrag-auf-zdf-vom-30-september-2022\\\/#primaryimage\",\"url\":\"https:\\\/\\\/permakultur-landwirtschaft.org\\\/wp-content\\\/uploads\\\/2022\\\/10\\\/werragut_2022-10-26_10-08-09.jpg\",\"contentUrl\":\"https:\\\/\\\/permakultur-landwirtschaft.org\\\/wp-content\\\/uploads\\\/2022\\\/10\\\/werragut_2022-10-26_10-08-09.jpg\",\"width\":699,\"height\":405,\"caption\":\"Agroforst Umsetzung\"},{\"@type\":\"BreadcrumbList\",\"@id\":\"https:\\\/\\\/permakultur-landwirtschaft.org\\\/anders-ackern-die-naechste-generation-beitrag-auf-zdf-vom-30-september-2022\\\/#breadcrumb\",\"itemListElement\":[{\"@type\":\"ListItem\",\"position\":1,\"name\":\"Startseite\",\"item\":\"https:\\\/\\\/permakultur-landwirtschaft.org\\\/\"},{\"@type\":\"ListItem\",\"position\":2,\"name\":\"Anders ackern &#8211; Die n\u00e4chste Generation &#8211; Beitrag auf ZDF vom 30. September 2022\"}]},{\"@type\":\"WebSite\",\"@id\":\"https:\\\/\\\/permakultur-landwirtschaft.org\\\/#website\",\"url\":\"https:\\\/\\\/permakultur-landwirtschaft.org\\\/\",\"name\":\"Permakultur-Landwirtschaft\",\"description\":\"F\u00f6rderung der Permakultur in der Landwirtschaft\",\"publisher\":{\"@id\":\"https:\\\/\\\/permakultur-landwirtschaft.org\\\/#organization\"},\"potentialAction\":[{\"@type\":\"SearchAction\",\"target\":{\"@type\":\"EntryPoint\",\"urlTemplate\":\"https:\\\/\\\/permakultur-landwirtschaft.org\\\/?s={search_term_string}\"},\"query-input\":{\"@type\":\"PropertyValueSpecification\",\"valueRequired\":true,\"valueName\":\"search_term_string\"}}],\"inLanguage\":\"fr-FR\"},{\"@type\":\"Organization\",\"@id\":\"https:\\\/\\\/permakultur-landwirtschaft.org\\\/#organization\",\"name\":\"Permakultur-Landwirtschaft\",\"alternateName\":\"Verein Permakultur-Landwirtschaft\",\"url\":\"https:\\\/\\\/permakultur-landwirtschaft.org\\\/\",\"logo\":{\"@type\":\"ImageObject\",\"inLanguage\":\"fr-FR\",\"@id\":\"https:\\\/\\\/permakultur-landwirtschaft.org\\\/#\\\/schema\\\/logo\\\/image\\\/\",\"url\":\"https:\\\/\\\/permakultur-landwirtschaft.org\\\/wp-content\\\/uploads\\\/2021\\\/11\\\/pela_1268x1269.png\",\"contentUrl\":\"https:\\\/\\\/permakultur-landwirtschaft.org\\\/wp-content\\\/uploads\\\/2021\\\/11\\\/pela_1268x1269.png\",\"width\":1298,\"height\":1269,\"caption\":\"Permakultur-Landwirtschaft\"},\"image\":{\"@id\":\"https:\\\/\\\/permakultur-landwirtschaft.org\\\/#\\\/schema\\\/logo\\\/image\\\/\"},\"sameAs\":[\"https:\\\/\\\/www.facebook.com\\\/PermakulturLandwirtschaft\",\"https:\\\/\\\/www.instagram.com\\\/permakultur_landwirtschaft\\\/\",\"https:\\\/\\\/www.flickr.com\\\/photos\\\/permakultur-landwirtschaft\",\"https:\\\/\\\/www.youtube.com\\\/@PermakulturLandwirtschaft\"]},{\"@type\":\"Person\",\"@id\":\"https:\\\/\\\/permakultur-landwirtschaft.org\\\/#\\\/schema\\\/person\\\/6b0467872f75aed3e144093f9bf4f0b0\",\"name\":\"adrian reutimann\",\"url\":\"https:\\\/\\\/permakultur-landwirtschaft.org\\\/fr\\\/author\\\/reutiadr\\\/\"}]}<\/script>\n<!-- \/ Yoast SEO plugin. -->","yoast_head_json":{"title":"Anders ackern - Die n\u00e4chste Generation - Beitrag auf ZDF vom 30. September 2022 - Permakultur-Landwirtschaft","robots":{"index":"index","follow":"follow","max-snippet":"max-snippet:-1","max-image-preview":"max-image-preview:large","max-video-preview":"max-video-preview:-1"},"canonical":"https:\/\/permakultur-landwirtschaft.org\/fr\/anders-ackern-die-naechste-generation-beitrag-auf-zdf-vom-30-september-2022\/","og_locale":"fr_FR","og_type":"article","og_title":"Anders ackern - Die n\u00e4chste Generation - Beitrag auf ZDF vom 30. September 2022 - Permakultur-Landwirtschaft","og_description":"Text von zdf.de: Den Betrieb anders aufstellen Auch Julius Nennewitz, geboren 1996, muss als n\u00e4chste Generation auf dem Biohof, den seine Mutter aufgebaut hat, mit den Herausforderungen des Klimawandels zurechtkommen. Er legt mit Freunden und Mitstreiterinnen im hessischen Eschwege deshalb gerade ein sogenanntes Agroforst-System an. Er und seine Helferinnen und Helfer pflanzen \u00fcber 1000, teils [&hellip;]","og_url":"https:\/\/permakultur-landwirtschaft.org\/fr\/anders-ackern-die-naechste-generation-beitrag-auf-zdf-vom-30-september-2022\/","og_site_name":"Permakultur-Landwirtschaft","article_publisher":"https:\/\/www.facebook.com\/PermakulturLandwirtschaft","article_published_time":"2022-09-30T07:58:00+00:00","article_modified_time":"2022-10-26T08:16:39+00:00","og_image":[{"width":699,"height":405,"url":"https:\/\/permakultur-landwirtschaft.org\/wp-content\/uploads\/2022\/10\/werragut_2022-10-26_10-08-09.jpg","type":"image\/jpeg"}],"author":"adrian reutimann","twitter_card":"summary_large_image","twitter_misc":{"\u00c9crit par":"adrian reutimann","Dur\u00e9e de lecture estim\u00e9e":"1 minute"},"schema":{"@context":"https:\/\/schema.org","@graph":[{"@type":"Article","@id":"https:\/\/permakultur-landwirtschaft.org\/anders-ackern-die-naechste-generation-beitrag-auf-zdf-vom-30-september-2022\/#article","isPartOf":{"@id":"https:\/\/permakultur-landwirtschaft.org\/anders-ackern-die-naechste-generation-beitrag-auf-zdf-vom-30-september-2022\/"},"author":{"name":"adrian reutimann","@id":"https:\/\/permakultur-landwirtschaft.org\/#\/schema\/person\/6b0467872f75aed3e144093f9bf4f0b0"},"headline":"Anders ackern &#8211; Die n\u00e4chste Generation &#8211; Beitrag auf ZDF vom 30. September 2022","datePublished":"2022-09-30T07:58:00+00:00","dateModified":"2022-10-26T08:16:39+00:00","mainEntityOfPage":{"@id":"https:\/\/permakultur-landwirtschaft.org\/anders-ackern-die-naechste-generation-beitrag-auf-zdf-vom-30-september-2022\/"},"wordCount":220,"publisher":{"@id":"https:\/\/permakultur-landwirtschaft.org\/#organization"},"image":{"@id":"https:\/\/permakultur-landwirtschaft.org\/anders-ackern-die-naechste-generation-beitrag-auf-zdf-vom-30-september-2022\/#primaryimage"},"thumbnailUrl":"https:\/\/permakultur-landwirtschaft.org\/wp-content\/uploads\/2022\/10\/werragut_2022-10-26_10-08-09.jpg","articleSection":["Film","Neuigkeit"],"inLanguage":"fr-FR"},{"@type":"WebPage","@id":"https:\/\/permakultur-landwirtschaft.org\/anders-ackern-die-naechste-generation-beitrag-auf-zdf-vom-30-september-2022\/","url":"https:\/\/permakultur-landwirtschaft.org\/anders-ackern-die-naechste-generation-beitrag-auf-zdf-vom-30-september-2022\/","name":"Anders ackern - Die n\u00e4chste Generation - Beitrag auf ZDF vom 30. September 2022 - Permakultur-Landwirtschaft","isPartOf":{"@id":"https:\/\/permakultur-landwirtschaft.org\/#website"},"primaryImageOfPage":{"@id":"https:\/\/permakultur-landwirtschaft.org\/anders-ackern-die-naechste-generation-beitrag-auf-zdf-vom-30-september-2022\/#primaryimage"},"image":{"@id":"https:\/\/permakultur-landwirtschaft.org\/anders-ackern-die-naechste-generation-beitrag-auf-zdf-vom-30-september-2022\/#primaryimage"},"thumbnailUrl":"https:\/\/permakultur-landwirtschaft.org\/wp-content\/uploads\/2022\/10\/werragut_2022-10-26_10-08-09.jpg","datePublished":"2022-09-30T07:58:00+00:00","dateModified":"2022-10-26T08:16:39+00:00","breadcrumb":{"@id":"https:\/\/permakultur-landwirtschaft.org\/anders-ackern-die-naechste-generation-beitrag-auf-zdf-vom-30-september-2022\/#breadcrumb"},"inLanguage":"fr-FR","potentialAction":[{"@type":"ReadAction","target":["https:\/\/permakultur-landwirtschaft.org\/anders-ackern-die-naechste-generation-beitrag-auf-zdf-vom-30-september-2022\/"]}]},{"@type":"ImageObject","inLanguage":"fr-FR","@id":"https:\/\/permakultur-landwirtschaft.org\/anders-ackern-die-naechste-generation-beitrag-auf-zdf-vom-30-september-2022\/#primaryimage","url":"https:\/\/permakultur-landwirtschaft.org\/wp-content\/uploads\/2022\/10\/werragut_2022-10-26_10-08-09.jpg","contentUrl":"https:\/\/permakultur-landwirtschaft.org\/wp-content\/uploads\/2022\/10\/werragut_2022-10-26_10-08-09.jpg","width":699,"height":405,"caption":"Agroforst Umsetzung"},{"@type":"BreadcrumbList","@id":"https:\/\/permakultur-landwirtschaft.org\/anders-ackern-die-naechste-generation-beitrag-auf-zdf-vom-30-september-2022\/#breadcrumb","itemListElement":[{"@type":"ListItem","position":1,"name":"Startseite","item":"https:\/\/permakultur-landwirtschaft.org\/"},{"@type":"ListItem","position":2,"name":"Anders ackern &#8211; Die n\u00e4chste Generation &#8211; Beitrag auf ZDF vom 30. September 2022"}]},{"@type":"WebSite","@id":"https:\/\/permakultur-landwirtschaft.org\/#website","url":"https:\/\/permakultur-landwirtschaft.org\/","name":"Permakultur-Landwirtschaft","description":"F\u00f6rderung der Permakultur in der Landwirtschaft","publisher":{"@id":"https:\/\/permakultur-landwirtschaft.org\/#organization"},"potentialAction":[{"@type":"SearchAction","target":{"@type":"EntryPoint","urlTemplate":"https:\/\/permakultur-landwirtschaft.org\/?s={search_term_string}"},"query-input":{"@type":"PropertyValueSpecification","valueRequired":true,"valueName":"search_term_string"}}],"inLanguage":"fr-FR"},{"@type":"Organization","@id":"https:\/\/permakultur-landwirtschaft.org\/#organization","name":"Permakultur-Landwirtschaft","alternateName":"Verein Permakultur-Landwirtschaft","url":"https:\/\/permakultur-landwirtschaft.org\/","logo":{"@type":"ImageObject","inLanguage":"fr-FR","@id":"https:\/\/permakultur-landwirtschaft.org\/#\/schema\/logo\/image\/","url":"https:\/\/permakultur-landwirtschaft.org\/wp-content\/uploads\/2021\/11\/pela_1268x1269.png","contentUrl":"https:\/\/permakultur-landwirtschaft.org\/wp-content\/uploads\/2021\/11\/pela_1268x1269.png","width":1298,"height":1269,"caption":"Permakultur-Landwirtschaft"},"image":{"@id":"https:\/\/permakultur-landwirtschaft.org\/#\/schema\/logo\/image\/"},"sameAs":["https:\/\/www.facebook.com\/PermakulturLandwirtschaft","https:\/\/www.instagram.com\/permakultur_landwirtschaft\/","https:\/\/www.flickr.com\/photos\/permakultur-landwirtschaft","https:\/\/www.youtube.com\/@PermakulturLandwirtschaft"]},{"@type":"Person","@id":"https:\/\/permakultur-landwirtschaft.org\/#\/schema\/person\/6b0467872f75aed3e144093f9bf4f0b0","name":"adrian reutimann","url":"https:\/\/permakultur-landwirtschaft.org\/fr\/author\/reutiadr\/"}]}},"_links":{"self":[{"href":"https:\/\/permakultur-landwirtschaft.org\/fr\/wp-json\/wp\/v2\/posts\/25733","targetHints":{"allow":["GET"]}}],"collection":[{"href":"https:\/\/permakultur-landwirtschaft.org\/fr\/wp-json\/wp\/v2\/posts"}],"about":[{"href":"https:\/\/permakultur-landwirtschaft.org\/fr\/wp-json\/wp\/v2\/types\/post"}],"author":[{"embeddable":true,"href":"https:\/\/permakultur-landwirtschaft.org\/fr\/wp-json\/wp\/v2\/users\/2"}],"replies":[{"embeddable":true,"href":"https:\/\/permakultur-landwirtschaft.org\/fr\/wp-json\/wp\/v2\/comments?post=25733"}],"version-history":[{"count":2,"href":"https:\/\/permakultur-landwirtschaft.org\/fr\/wp-json\/wp\/v2\/posts\/25733\/revisions"}],"predecessor-version":[{"id":25739,"href":"https:\/\/permakultur-landwirtschaft.org\/fr\/wp-json\/wp\/v2\/posts\/25733\/revisions\/25739"}],"wp:featuredmedia":[{"embeddable":true,"href":"https:\/\/permakultur-landwirtschaft.org\/fr\/wp-json\/wp\/v2\/media\/25736"}],"wp:attachment":[{"href":"https:\/\/permakultur-landwirtschaft.org\/fr\/wp-json\/wp\/v2\/media?parent=25733"}],"wp:term":[{"taxonomy":"category","embeddable":true,"href":"https:\/\/permakultur-landwirtschaft.org\/fr\/wp-json\/wp\/v2\/categories?post=25733"},{"taxonomy":"post_tag","embeddable":true,"href":"https:\/\/permakultur-landwirtschaft.org\/fr\/wp-json\/wp\/v2\/tags?post=25733"}],"curies":[{"name":"wp","href":"https:\/\/api.w.org\/{rel}","templated":true}]}}