{"id":25613,"date":"2022-10-11T15:42:00","date_gmt":"2022-10-11T13:42:00","guid":{"rendered":"https:\/\/permakultur-landwirtschaft.org\/?p=25613"},"modified":"2024-05-07T10:47:27","modified_gmt":"2024-05-07T08:47:27","slug":"event-und-community-managerin-bei-regenerate-gesucht","status":"publish","type":"post","link":"https:\/\/permakultur-landwirtschaft.org\/fr\/event-und-community-managerin-bei-regenerate-gesucht\/","title":{"rendered":"Event- und Community-Manager:in bei Regenerate gesucht"},"content":{"rendered":"<p>Text von regenerateforum.org:<\/p>\n\n\n\n<p>Zur Verst\u00e4rkung unseres Teams suchen wir ab sofort oder in Absprache eine\/n <strong>Event and Community Manager:in<\/strong>. Klick auf <a rel=\"noreferrer noopener\" href=\"https:\/\/uploads.strikinglycdn.com\/files\/d515d6b2-8377-44ed-8667-b419c282f7e6\/221011_Regenerate_Event-Manager-in.pdf?id=3945841\" target=\"_blank\">diesen Link<\/a> f\u00fcr alle Infos.<\/p>\n\n\n\n<p>REGENERATE ist eine gemeinn\u00fctzige Organisation, die sich zum Ziel gesetzt hat, den \u00dcbergang von einer<br>extraktiven zu einer regenerativen Wirtschaft zu unterst\u00fctzen. Daf\u00fcr bringt REGENERATE Entscheidungstr\u00e4ger:innen mit regenerativen Pionieren aus Land- und Forstwirtschaft zusammen. Unter anderem organisiert REGENERATE Retreats auf regenerativen Bauernh\u00f6fen, wo Familienunternehmer:innen Gelegenheit haben, im Austausch mit Landwirt:innen einen Prozess auszul\u00f6sen, regenerative Prinzipien im eigenen Unternehmen anzuwenden.<\/p>\n\n\n\n<p>Link zum Inserat: <a href=\"https:\/\/uploads.strikinglycdn.com\/files\/d515d6b2-8377-44ed-8667-b419c282f7e6\/221011_Regenerate_Event-Manager-in.pdf?id=3945841\" target=\"_blank\" rel=\"noreferrer noopener\">uploads.strikinglycdn.com\/files\/d515d6b2-8377-44ed-8667-b419c282f7e6\/221011_Regenerate_Event-Manager-in.pdf?id=3945841<\/a><\/p>\n\n\n\n<p>Link zu Regenerate: <a href=\"https:\/\/de.regenerateforum.org\/\" target=\"_blank\" rel=\"noreferrer noopener\">de.regenerateforum.org<\/a><\/p>\n\n\n\n<figure class=\"wp-block-image size-large\"><a href=\"https:\/\/uploads.strikinglycdn.com\/files\/d515d6b2-8377-44ed-8667-b419c282f7e6\/221011_Regenerate_Event-Manager-in.pdf?id=3945841\" target=\"_blank\" rel=\"noopener\"><img fetchpriority=\"high\" decoding=\"async\" width=\"622\" height=\"1024\" src=\"https:\/\/permakultur-landwirtschaft.org\/wp-content\/uploads\/2022\/10\/regenerate-5348414012708209675_121-622x1024.jpg\" alt=\"\" class=\"wp-image-25615\" srcset=\"https:\/\/permakultur-landwirtschaft.org\/wp-content\/uploads\/2022\/10\/regenerate-5348414012708209675_121-622x1024.jpg 622w, https:\/\/permakultur-landwirtschaft.org\/wp-content\/uploads\/2022\/10\/regenerate-5348414012708209675_121-182x300.jpg 182w, https:\/\/permakultur-landwirtschaft.org\/wp-content\/uploads\/2022\/10\/regenerate-5348414012708209675_121-768x1265.jpg 768w, https:\/\/permakultur-landwirtschaft.org\/wp-content\/uploads\/2022\/10\/regenerate-5348414012708209675_121.jpg 777w\" sizes=\"(max-width: 622px) 100vw, 622px\" \/><\/a><figcaption>Bild: regenerateforum.org<\/figcaption><\/figure>\n\n\n\n<hr class=\"wp-block-separator has-css-opacity\"\/>\n\n\n\n<h3 class=\"wp-block-heading\"><a href=\"https:\/\/permakultur-landwirtschaft.org\/fr\/medien\/\">Hier geht&#8217;s zur \u00dcbersicht aller Neuigkeiten<\/a><\/h3>\n\n\n\n<h3 class=\"wp-block-heading\"><a href=\"https:\/\/permakultur-landwirtschaft.org\/fr\/stellenangebote-im-bereich-permakultur\/\">Hier geht&#8217;s zur \u00dcbersicht aller Stellenangebote<\/a><\/h3>","protected":false},"excerpt":{"rendered":"<p>Text von regenerateforum.org: Zur Verst\u00e4rkung unseres Teams suchen wir ab sofort oder in Absprache eine\/n Event and Community Manager:in. Klick auf diesen Link f\u00fcr alle Infos. REGENERATE ist eine gemeinn\u00fctzige Organisation, die sich zum Ziel gesetzt hat, den \u00dcbergang von einerextraktiven zu einer regenerativen Wirtschaft zu unterst\u00fctzen. Daf\u00fcr bringt REGENERATE Entscheidungstr\u00e4ger:innen mit regenerativen Pionieren aus [&hellip;]<\/p>\n","protected":false},"author":2,"featured_media":25614,"comment_status":"closed","ping_status":"closed","sticky":false,"template":"","format":"standard","meta":{"_acf_changed":false,"site-sidebar-layout":"default","site-content-layout":"","ast-site-content-layout":"default","site-content-style":"default","site-sidebar-style":"default","ast-global-header-display":"","ast-banner-title-visibility":"","ast-main-header-display":"","ast-hfb-above-header-display":"","ast-hfb-below-header-display":"","ast-hfb-mobile-header-display":"","site-post-title":"","ast-breadcrumbs-content":"","ast-featured-img":"","footer-sml-layout":"","ast-disable-related-posts":"","theme-transparent-header-meta":"","adv-header-id-meta":"","stick-header-meta":"","header-above-stick-meta":"","header-main-stick-meta":"","header-below-stick-meta":"","astra-migrate-meta-layouts":"set","ast-page-background-enabled":"default","ast-page-background-meta":{"desktop":{"background-color":"var(--ast-global-color-4)","background-image":"","background-repeat":"repeat","background-position":"center center","background-size":"auto","background-attachment":"scroll","background-type":"","background-media":"","overlay-type":"","overlay-color":"","overlay-opacity":"","overlay-gradient":""},"tablet":{"background-color":"","background-image":"","background-repeat":"repeat","background-position":"center center","background-size":"auto","background-attachment":"scroll","background-type":"","background-media":"","overlay-type":"","overlay-color":"","overlay-opacity":"","overlay-gradient":""},"mobile":{"background-color":"","background-image":"","background-repeat":"repeat","background-position":"center center","background-size":"auto","background-attachment":"scroll","background-type":"","background-media":"","overlay-type":"","overlay-color":"","overlay-opacity":"","overlay-gradient":""}},"ast-content-background-meta":{"desktop":{"background-color":"var(--ast-global-color-5)","background-image":"","background-repeat":"repeat","background-position":"center center","background-size":"auto","background-attachment":"scroll","background-type":"","background-media":"","overlay-type":"","overlay-color":"","overlay-opacity":"","overlay-gradient":""},"tablet":{"background-color":"var(--ast-global-color-5)","background-image":"","background-repeat":"repeat","background-position":"center center","background-size":"auto","background-attachment":"scroll","background-type":"","background-media":"","overlay-type":"","overlay-color":"","overlay-opacity":"","overlay-gradient":""},"mobile":{"background-color":"var(--ast-global-color-5)","background-image":"","background-repeat":"repeat","background-position":"center center","background-size":"auto","background-attachment":"scroll","background-type":"","background-media":"","overlay-type":"","overlay-color":"","overlay-opacity":"","overlay-gradient":""}},"footnotes":""},"categories":[57],"tags":[],"class_list":["post-25613","post","type-post","status-publish","format-standard","has-post-thumbnail","hentry","category-ausschreibung_archiv"],"acf":[],"yoast_head":"<!-- This site is optimized with the Yoast SEO plugin v27.5 - https:\/\/yoast.com\/product\/yoast-seo-wordpress\/ -->\n<title>Event- und Community-Manager:in bei Regenerate gesucht - Permakultur-Landwirtschaft<\/title>\n<meta name=\"robots\" content=\"index, follow, max-snippet:-1, max-image-preview:large, max-video-preview:-1\" \/>\n<link rel=\"canonical\" href=\"https:\/\/permakultur-landwirtschaft.org\/fr\/event-und-community-managerin-bei-regenerate-gesucht\/\" \/>\n<meta property=\"og:locale\" content=\"fr_FR\" \/>\n<meta property=\"og:type\" content=\"article\" \/>\n<meta property=\"og:title\" content=\"Event- und Community-Manager:in bei Regenerate gesucht - Permakultur-Landwirtschaft\" \/>\n<meta property=\"og:description\" content=\"Text von regenerateforum.org: Zur Verst\u00e4rkung unseres Teams suchen wir ab sofort oder in Absprache eine\/n Event and Community Manager:in. Klick auf diesen Link f\u00fcr alle Infos. REGENERATE ist eine gemeinn\u00fctzige Organisation, die sich zum Ziel gesetzt hat, den \u00dcbergang von einerextraktiven zu einer regenerativen Wirtschaft zu unterst\u00fctzen. Daf\u00fcr bringt REGENERATE Entscheidungstr\u00e4ger:innen mit regenerativen Pionieren aus [&hellip;]\" \/>\n<meta property=\"og:url\" content=\"https:\/\/permakultur-landwirtschaft.org\/fr\/event-und-community-managerin-bei-regenerate-gesucht\/\" \/>\n<meta property=\"og:site_name\" content=\"Permakultur-Landwirtschaft\" \/>\n<meta property=\"article:publisher\" content=\"https:\/\/www.facebook.com\/PermakulturLandwirtschaft\" \/>\n<meta property=\"article:published_time\" content=\"2022-10-11T13:42:00+00:00\" \/>\n<meta property=\"article:modified_time\" content=\"2024-05-07T08:47:27+00:00\" \/>\n<meta property=\"og:image\" content=\"https:\/\/permakultur-landwirtschaft.org\/wp-content\/uploads\/2022\/10\/regenerate2022-10-18_15-45-06.jpg\" \/>\n\t<meta property=\"og:image:width\" content=\"566\" \/>\n\t<meta property=\"og:image:height\" content=\"271\" \/>\n\t<meta property=\"og:image:type\" content=\"image\/jpeg\" \/>\n<meta name=\"author\" content=\"adrian reutimann\" \/>\n<meta name=\"twitter:card\" content=\"summary_large_image\" \/>\n<meta name=\"twitter:label1\" content=\"\u00c9crit par\" \/>\n\t<meta name=\"twitter:data1\" content=\"adrian reutimann\" \/>\n\t<meta name=\"twitter:label2\" content=\"Dur\u00e9e de lecture estim\u00e9e\" \/>\n\t<meta name=\"twitter:data2\" content=\"1 minute\" \/>\n<script type=\"application\/ld+json\" class=\"yoast-schema-graph\">{\"@context\":\"https:\\\/\\\/schema.org\",\"@graph\":[{\"@type\":\"Article\",\"@id\":\"https:\\\/\\\/permakultur-landwirtschaft.org\\\/event-und-community-managerin-bei-regenerate-gesucht\\\/#article\",\"isPartOf\":{\"@id\":\"https:\\\/\\\/permakultur-landwirtschaft.org\\\/event-und-community-managerin-bei-regenerate-gesucht\\\/\"},\"author\":{\"name\":\"adrian reutimann\",\"@id\":\"https:\\\/\\\/permakultur-landwirtschaft.org\\\/#\\\/schema\\\/person\\\/6b0467872f75aed3e144093f9bf4f0b0\"},\"headline\":\"Event- und Community-Manager:in bei Regenerate gesucht\",\"datePublished\":\"2022-10-11T13:42:00+00:00\",\"dateModified\":\"2024-05-07T08:47:27+00:00\",\"mainEntityOfPage\":{\"@id\":\"https:\\\/\\\/permakultur-landwirtschaft.org\\\/event-und-community-managerin-bei-regenerate-gesucht\\\/\"},\"wordCount\":149,\"publisher\":{\"@id\":\"https:\\\/\\\/permakultur-landwirtschaft.org\\\/#organization\"},\"image\":{\"@id\":\"https:\\\/\\\/permakultur-landwirtschaft.org\\\/event-und-community-managerin-bei-regenerate-gesucht\\\/#primaryimage\"},\"thumbnailUrl\":\"https:\\\/\\\/permakultur-landwirtschaft.org\\\/wp-content\\\/uploads\\\/2022\\\/10\\\/regenerate2022-10-18_15-45-06.jpg\",\"articleSection\":[\"Ausschreibung_Archiv\"],\"inLanguage\":\"fr-FR\"},{\"@type\":\"WebPage\",\"@id\":\"https:\\\/\\\/permakultur-landwirtschaft.org\\\/event-und-community-managerin-bei-regenerate-gesucht\\\/\",\"url\":\"https:\\\/\\\/permakultur-landwirtschaft.org\\\/event-und-community-managerin-bei-regenerate-gesucht\\\/\",\"name\":\"Event- und Community-Manager:in bei Regenerate gesucht - Permakultur-Landwirtschaft\",\"isPartOf\":{\"@id\":\"https:\\\/\\\/permakultur-landwirtschaft.org\\\/#website\"},\"primaryImageOfPage\":{\"@id\":\"https:\\\/\\\/permakultur-landwirtschaft.org\\\/event-und-community-managerin-bei-regenerate-gesucht\\\/#primaryimage\"},\"image\":{\"@id\":\"https:\\\/\\\/permakultur-landwirtschaft.org\\\/event-und-community-managerin-bei-regenerate-gesucht\\\/#primaryimage\"},\"thumbnailUrl\":\"https:\\\/\\\/permakultur-landwirtschaft.org\\\/wp-content\\\/uploads\\\/2022\\\/10\\\/regenerate2022-10-18_15-45-06.jpg\",\"datePublished\":\"2022-10-11T13:42:00+00:00\",\"dateModified\":\"2024-05-07T08:47:27+00:00\",\"breadcrumb\":{\"@id\":\"https:\\\/\\\/permakultur-landwirtschaft.org\\\/event-und-community-managerin-bei-regenerate-gesucht\\\/#breadcrumb\"},\"inLanguage\":\"fr-FR\",\"potentialAction\":[{\"@type\":\"ReadAction\",\"target\":[\"https:\\\/\\\/permakultur-landwirtschaft.org\\\/event-und-community-managerin-bei-regenerate-gesucht\\\/\"]}]},{\"@type\":\"ImageObject\",\"inLanguage\":\"fr-FR\",\"@id\":\"https:\\\/\\\/permakultur-landwirtschaft.org\\\/event-und-community-managerin-bei-regenerate-gesucht\\\/#primaryimage\",\"url\":\"https:\\\/\\\/permakultur-landwirtschaft.org\\\/wp-content\\\/uploads\\\/2022\\\/10\\\/regenerate2022-10-18_15-45-06.jpg\",\"contentUrl\":\"https:\\\/\\\/permakultur-landwirtschaft.org\\\/wp-content\\\/uploads\\\/2022\\\/10\\\/regenerate2022-10-18_15-45-06.jpg\",\"width\":566,\"height\":271},{\"@type\":\"BreadcrumbList\",\"@id\":\"https:\\\/\\\/permakultur-landwirtschaft.org\\\/event-und-community-managerin-bei-regenerate-gesucht\\\/#breadcrumb\",\"itemListElement\":[{\"@type\":\"ListItem\",\"position\":1,\"name\":\"Startseite\",\"item\":\"https:\\\/\\\/permakultur-landwirtschaft.org\\\/\"},{\"@type\":\"ListItem\",\"position\":2,\"name\":\"Event- und Community-Manager:in bei Regenerate gesucht\"}]},{\"@type\":\"WebSite\",\"@id\":\"https:\\\/\\\/permakultur-landwirtschaft.org\\\/#website\",\"url\":\"https:\\\/\\\/permakultur-landwirtschaft.org\\\/\",\"name\":\"Permakultur-Landwirtschaft\",\"description\":\"F\u00f6rderung der Permakultur in der Landwirtschaft\",\"publisher\":{\"@id\":\"https:\\\/\\\/permakultur-landwirtschaft.org\\\/#organization\"},\"potentialAction\":[{\"@type\":\"SearchAction\",\"target\":{\"@type\":\"EntryPoint\",\"urlTemplate\":\"https:\\\/\\\/permakultur-landwirtschaft.org\\\/?s={search_term_string}\"},\"query-input\":{\"@type\":\"PropertyValueSpecification\",\"valueRequired\":true,\"valueName\":\"search_term_string\"}}],\"inLanguage\":\"fr-FR\"},{\"@type\":\"Organization\",\"@id\":\"https:\\\/\\\/permakultur-landwirtschaft.org\\\/#organization\",\"name\":\"Permakultur-Landwirtschaft\",\"alternateName\":\"Verein Permakultur-Landwirtschaft\",\"url\":\"https:\\\/\\\/permakultur-landwirtschaft.org\\\/\",\"logo\":{\"@type\":\"ImageObject\",\"inLanguage\":\"fr-FR\",\"@id\":\"https:\\\/\\\/permakultur-landwirtschaft.org\\\/#\\\/schema\\\/logo\\\/image\\\/\",\"url\":\"https:\\\/\\\/permakultur-landwirtschaft.org\\\/wp-content\\\/uploads\\\/2021\\\/11\\\/pela_1268x1269.png\",\"contentUrl\":\"https:\\\/\\\/permakultur-landwirtschaft.org\\\/wp-content\\\/uploads\\\/2021\\\/11\\\/pela_1268x1269.png\",\"width\":1298,\"height\":1269,\"caption\":\"Permakultur-Landwirtschaft\"},\"image\":{\"@id\":\"https:\\\/\\\/permakultur-landwirtschaft.org\\\/#\\\/schema\\\/logo\\\/image\\\/\"},\"sameAs\":[\"https:\\\/\\\/www.facebook.com\\\/PermakulturLandwirtschaft\",\"https:\\\/\\\/www.instagram.com\\\/permakultur_landwirtschaft\\\/\",\"https:\\\/\\\/www.flickr.com\\\/photos\\\/permakultur-landwirtschaft\",\"https:\\\/\\\/www.youtube.com\\\/@PermakulturLandwirtschaft\"]},{\"@type\":\"Person\",\"@id\":\"https:\\\/\\\/permakultur-landwirtschaft.org\\\/#\\\/schema\\\/person\\\/6b0467872f75aed3e144093f9bf4f0b0\",\"name\":\"adrian reutimann\",\"url\":\"https:\\\/\\\/permakultur-landwirtschaft.org\\\/fr\\\/author\\\/reutiadr\\\/\"}]}<\/script>\n<!-- \/ Yoast SEO plugin. -->","yoast_head_json":{"title":"Event- und Community-Manager:in bei Regenerate gesucht - Permakultur-Landwirtschaft","robots":{"index":"index","follow":"follow","max-snippet":"max-snippet:-1","max-image-preview":"max-image-preview:large","max-video-preview":"max-video-preview:-1"},"canonical":"https:\/\/permakultur-landwirtschaft.org\/fr\/event-und-community-managerin-bei-regenerate-gesucht\/","og_locale":"fr_FR","og_type":"article","og_title":"Event- und Community-Manager:in bei Regenerate gesucht - Permakultur-Landwirtschaft","og_description":"Text von regenerateforum.org: Zur Verst\u00e4rkung unseres Teams suchen wir ab sofort oder in Absprache eine\/n Event and Community Manager:in. Klick auf diesen Link f\u00fcr alle Infos. REGENERATE ist eine gemeinn\u00fctzige Organisation, die sich zum Ziel gesetzt hat, den \u00dcbergang von einerextraktiven zu einer regenerativen Wirtschaft zu unterst\u00fctzen. Daf\u00fcr bringt REGENERATE Entscheidungstr\u00e4ger:innen mit regenerativen Pionieren aus [&hellip;]","og_url":"https:\/\/permakultur-landwirtschaft.org\/fr\/event-und-community-managerin-bei-regenerate-gesucht\/","og_site_name":"Permakultur-Landwirtschaft","article_publisher":"https:\/\/www.facebook.com\/PermakulturLandwirtschaft","article_published_time":"2022-10-11T13:42:00+00:00","article_modified_time":"2024-05-07T08:47:27+00:00","og_image":[{"width":566,"height":271,"url":"https:\/\/permakultur-landwirtschaft.org\/wp-content\/uploads\/2022\/10\/regenerate2022-10-18_15-45-06.jpg","type":"image\/jpeg"}],"author":"adrian reutimann","twitter_card":"summary_large_image","twitter_misc":{"\u00c9crit par":"adrian reutimann","Dur\u00e9e de lecture estim\u00e9e":"1 minute"},"schema":{"@context":"https:\/\/schema.org","@graph":[{"@type":"Article","@id":"https:\/\/permakultur-landwirtschaft.org\/event-und-community-managerin-bei-regenerate-gesucht\/#article","isPartOf":{"@id":"https:\/\/permakultur-landwirtschaft.org\/event-und-community-managerin-bei-regenerate-gesucht\/"},"author":{"name":"adrian reutimann","@id":"https:\/\/permakultur-landwirtschaft.org\/#\/schema\/person\/6b0467872f75aed3e144093f9bf4f0b0"},"headline":"Event- und Community-Manager:in bei Regenerate gesucht","datePublished":"2022-10-11T13:42:00+00:00","dateModified":"2024-05-07T08:47:27+00:00","mainEntityOfPage":{"@id":"https:\/\/permakultur-landwirtschaft.org\/event-und-community-managerin-bei-regenerate-gesucht\/"},"wordCount":149,"publisher":{"@id":"https:\/\/permakultur-landwirtschaft.org\/#organization"},"image":{"@id":"https:\/\/permakultur-landwirtschaft.org\/event-und-community-managerin-bei-regenerate-gesucht\/#primaryimage"},"thumbnailUrl":"https:\/\/permakultur-landwirtschaft.org\/wp-content\/uploads\/2022\/10\/regenerate2022-10-18_15-45-06.jpg","articleSection":["Ausschreibung_Archiv"],"inLanguage":"fr-FR"},{"@type":"WebPage","@id":"https:\/\/permakultur-landwirtschaft.org\/event-und-community-managerin-bei-regenerate-gesucht\/","url":"https:\/\/permakultur-landwirtschaft.org\/event-und-community-managerin-bei-regenerate-gesucht\/","name":"Event- und Community-Manager:in bei Regenerate gesucht - Permakultur-Landwirtschaft","isPartOf":{"@id":"https:\/\/permakultur-landwirtschaft.org\/#website"},"primaryImageOfPage":{"@id":"https:\/\/permakultur-landwirtschaft.org\/event-und-community-managerin-bei-regenerate-gesucht\/#primaryimage"},"image":{"@id":"https:\/\/permakultur-landwirtschaft.org\/event-und-community-managerin-bei-regenerate-gesucht\/#primaryimage"},"thumbnailUrl":"https:\/\/permakultur-landwirtschaft.org\/wp-content\/uploads\/2022\/10\/regenerate2022-10-18_15-45-06.jpg","datePublished":"2022-10-11T13:42:00+00:00","dateModified":"2024-05-07T08:47:27+00:00","breadcrumb":{"@id":"https:\/\/permakultur-landwirtschaft.org\/event-und-community-managerin-bei-regenerate-gesucht\/#breadcrumb"},"inLanguage":"fr-FR","potentialAction":[{"@type":"ReadAction","target":["https:\/\/permakultur-landwirtschaft.org\/event-und-community-managerin-bei-regenerate-gesucht\/"]}]},{"@type":"ImageObject","inLanguage":"fr-FR","@id":"https:\/\/permakultur-landwirtschaft.org\/event-und-community-managerin-bei-regenerate-gesucht\/#primaryimage","url":"https:\/\/permakultur-landwirtschaft.org\/wp-content\/uploads\/2022\/10\/regenerate2022-10-18_15-45-06.jpg","contentUrl":"https:\/\/permakultur-landwirtschaft.org\/wp-content\/uploads\/2022\/10\/regenerate2022-10-18_15-45-06.jpg","width":566,"height":271},{"@type":"BreadcrumbList","@id":"https:\/\/permakultur-landwirtschaft.org\/event-und-community-managerin-bei-regenerate-gesucht\/#breadcrumb","itemListElement":[{"@type":"ListItem","position":1,"name":"Startseite","item":"https:\/\/permakultur-landwirtschaft.org\/"},{"@type":"ListItem","position":2,"name":"Event- und Community-Manager:in bei Regenerate gesucht"}]},{"@type":"WebSite","@id":"https:\/\/permakultur-landwirtschaft.org\/#website","url":"https:\/\/permakultur-landwirtschaft.org\/","name":"Permakultur-Landwirtschaft","description":"F\u00f6rderung der Permakultur in der Landwirtschaft","publisher":{"@id":"https:\/\/permakultur-landwirtschaft.org\/#organization"},"potentialAction":[{"@type":"SearchAction","target":{"@type":"EntryPoint","urlTemplate":"https:\/\/permakultur-landwirtschaft.org\/?s={search_term_string}"},"query-input":{"@type":"PropertyValueSpecification","valueRequired":true,"valueName":"search_term_string"}}],"inLanguage":"fr-FR"},{"@type":"Organization","@id":"https:\/\/permakultur-landwirtschaft.org\/#organization","name":"Permakultur-Landwirtschaft","alternateName":"Verein Permakultur-Landwirtschaft","url":"https:\/\/permakultur-landwirtschaft.org\/","logo":{"@type":"ImageObject","inLanguage":"fr-FR","@id":"https:\/\/permakultur-landwirtschaft.org\/#\/schema\/logo\/image\/","url":"https:\/\/permakultur-landwirtschaft.org\/wp-content\/uploads\/2021\/11\/pela_1268x1269.png","contentUrl":"https:\/\/permakultur-landwirtschaft.org\/wp-content\/uploads\/2021\/11\/pela_1268x1269.png","width":1298,"height":1269,"caption":"Permakultur-Landwirtschaft"},"image":{"@id":"https:\/\/permakultur-landwirtschaft.org\/#\/schema\/logo\/image\/"},"sameAs":["https:\/\/www.facebook.com\/PermakulturLandwirtschaft","https:\/\/www.instagram.com\/permakultur_landwirtschaft\/","https:\/\/www.flickr.com\/photos\/permakultur-landwirtschaft","https:\/\/www.youtube.com\/@PermakulturLandwirtschaft"]},{"@type":"Person","@id":"https:\/\/permakultur-landwirtschaft.org\/#\/schema\/person\/6b0467872f75aed3e144093f9bf4f0b0","name":"adrian reutimann","url":"https:\/\/permakultur-landwirtschaft.org\/fr\/author\/reutiadr\/"}]}},"_links":{"self":[{"href":"https:\/\/permakultur-landwirtschaft.org\/fr\/wp-json\/wp\/v2\/posts\/25613","targetHints":{"allow":["GET"]}}],"collection":[{"href":"https:\/\/permakultur-landwirtschaft.org\/fr\/wp-json\/wp\/v2\/posts"}],"about":[{"href":"https:\/\/permakultur-landwirtschaft.org\/fr\/wp-json\/wp\/v2\/types\/post"}],"author":[{"embeddable":true,"href":"https:\/\/permakultur-landwirtschaft.org\/fr\/wp-json\/wp\/v2\/users\/2"}],"replies":[{"embeddable":true,"href":"https:\/\/permakultur-landwirtschaft.org\/fr\/wp-json\/wp\/v2\/comments?post=25613"}],"version-history":[{"count":3,"href":"https:\/\/permakultur-landwirtschaft.org\/fr\/wp-json\/wp\/v2\/posts\/25613\/revisions"}],"predecessor-version":[{"id":34690,"href":"https:\/\/permakultur-landwirtschaft.org\/fr\/wp-json\/wp\/v2\/posts\/25613\/revisions\/34690"}],"wp:featuredmedia":[{"embeddable":true,"href":"https:\/\/permakultur-landwirtschaft.org\/fr\/wp-json\/wp\/v2\/media\/25614"}],"wp:attachment":[{"href":"https:\/\/permakultur-landwirtschaft.org\/fr\/wp-json\/wp\/v2\/media?parent=25613"}],"wp:term":[{"taxonomy":"category","embeddable":true,"href":"https:\/\/permakultur-landwirtschaft.org\/fr\/wp-json\/wp\/v2\/categories?post=25613"},{"taxonomy":"post_tag","embeddable":true,"href":"https:\/\/permakultur-landwirtschaft.org\/fr\/wp-json\/wp\/v2\/tags?post=25613"}],"curies":[{"name":"wp","href":"https:\/\/api.w.org\/{rel}","templated":true}]}}