{"id":25542,"date":"2022-10-09T07:45:00","date_gmt":"2022-10-09T05:45:00","guid":{"rendered":"https:\/\/permakultur-landwirtschaft.org\/?p=25542"},"modified":"2022-10-13T07:52:21","modified_gmt":"2022-10-13T05:52:21","slug":"lagroecologie-a-le-potentiel-de-faire-face-aux-crises-actuelles-article-dans-le-temps-avec-perrine-herve-gruyer-de-09-octobre-2022","status":"publish","type":"post","link":"https:\/\/permakultur-landwirtschaft.org\/fr\/lagroecologie-a-le-potentiel-de-faire-face-aux-crises-actuelles-article-dans-le-temps-avec-perrine-herve-gruyer-de-09-octobre-2022\/","title":{"rendered":"L\u2019agro\u00e9cologie a le potentiel de faire face aux crises actuelles &#8211; Article dans Le Temps avec Perrine Herv\u00e9-Gruyer de 09 octobre 2022"},"content":{"rendered":"<p>Texte de letemps.ch:<\/p>\n\n\n\n<p>La sp\u00e9cialiste fran\u00e7aise de la permaculture Perrine Herv\u00e9-Gruyer, cofondatrice de la ferme biologique du Bec Hellouin, sera en conf\u00e9rence \u00e0 Lausanne pour \u00e9voquer son exp\u00e9rience des microfermes et d\u2019une agriculture proche de la nature.<\/p>\n\n\n\n<p>L\u2019agro\u00e9cologie, \u00e7a marche! C\u2019est ce que veulent faire savoir les membres du r\u00e9seau suisse Agroecology Works, qui rassemble des associations, des organisations professionnelles et des universit\u00e9s impliqu\u00e9es dans la promotion de ce mode de production inspir\u00e9 de la nature. Afin de mieux faire conna\u00eetre les pratiques agro\u00e9cologiques au grand public, le r\u00e9seau organise durant le mois d\u2019octobre une s\u00e9rie d\u2019\u00e9v\u00e9nements partout en Suisse, comprenant conf\u00e9rences, visites de fermes et ateliers, dans le cadre des \u00ab<a rel=\"noreferrer noopener\" href=\"https:\/\/agroecologyworks.ch\/de\/tage-der-agraroekologie\/2022\/events\" target=\"_blank\">Journ\u00e9es de l\u2019agro\u00e9cologie\u00bb<\/a>.<\/p>\n\n\n\n<p>Lien vers l&#8217;article dans Le Temps: <a rel=\"noreferrer noopener\" href=\"https:\/\/www.letemps.ch\/sciences\/perrine-hervegruyer-lagroecologie-potentiel-faire-face-aux-crises-actuelles\" target=\"_blank\">www.letemps.ch\/sciences\/perrine-hervegruyer-lagroecologie-potentiel-faire-face-aux-crises-actuelles<\/a><\/p>\n\n\n\n<figure class=\"wp-block-image size-full\"><a href=\"https:\/\/www.letemps.ch\/sciences\/perrine-hervegruyer-lagroecologie-potentiel-faire-face-aux-crises-actuelles\" target=\"_blank\" rel=\"noopener\"><img fetchpriority=\"high\" decoding=\"async\" width=\"700\" height=\"381\" src=\"https:\/\/permakultur-landwirtschaft.org\/wp-content\/uploads\/2022\/10\/20221012_letemps_2dc4ed0_1665334638960-6415ed96-019f-4147-92e0-0f8d48a14882-1-201-a.jpeg\" alt=\"\" class=\"wp-image-25543\" srcset=\"https:\/\/permakultur-landwirtschaft.org\/wp-content\/uploads\/2022\/10\/20221012_letemps_2dc4ed0_1665334638960-6415ed96-019f-4147-92e0-0f8d48a14882-1-201-a.jpeg 700w, https:\/\/permakultur-landwirtschaft.org\/wp-content\/uploads\/2022\/10\/20221012_letemps_2dc4ed0_1665334638960-6415ed96-019f-4147-92e0-0f8d48a14882-1-201-a-300x163.jpeg 300w\" sizes=\"(max-width: 700px) 100vw, 700px\" \/><\/a><figcaption>Bild: Ferme du Bec Hellouin<\/figcaption><\/figure>\n\n\n\n<hr class=\"wp-block-separator has-css-opacity\"\/>\n\n\n\n<h3 class=\"wp-block-heading\"><a href=\"https:\/\/permakultur-landwirtschaft.org\/fr\/medien\/\">Hier geht&#8217;s zur \u00dcbersicht aller Neuigkeiten<\/a><\/h3>","protected":false},"excerpt":{"rendered":"<p>Texte de letemps.ch: La sp\u00e9cialiste fran\u00e7aise de la permaculture Perrine Herv\u00e9-Gruyer, cofondatrice de la ferme biologique du Bec Hellouin, sera en conf\u00e9rence \u00e0 Lausanne pour \u00e9voquer son exp\u00e9rience des microfermes et d\u2019une agriculture proche de la nature. L\u2019agro\u00e9cologie, \u00e7a marche! C\u2019est ce que veulent faire savoir les membres du r\u00e9seau suisse Agroecology Works, qui rassemble [&hellip;]<\/p>\n","protected":false},"author":2,"featured_media":25543,"comment_status":"closed","ping_status":"closed","sticky":false,"template":"","format":"standard","meta":{"_acf_changed":false,"site-sidebar-layout":"default","site-content-layout":"","ast-site-content-layout":"default","site-content-style":"default","site-sidebar-style":"default","ast-global-header-display":"","ast-banner-title-visibility":"","ast-main-header-display":"","ast-hfb-above-header-display":"","ast-hfb-below-header-display":"","ast-hfb-mobile-header-display":"","site-post-title":"","ast-breadcrumbs-content":"","ast-featured-img":"","footer-sml-layout":"","ast-disable-related-posts":"","theme-transparent-header-meta":"","adv-header-id-meta":"","stick-header-meta":"","header-above-stick-meta":"","header-main-stick-meta":"","header-below-stick-meta":"","astra-migrate-meta-layouts":"default","ast-page-background-enabled":"default","ast-page-background-meta":{"desktop":{"background-color":"var(--ast-global-color-4)","background-image":"","background-repeat":"repeat","background-position":"center center","background-size":"auto","background-attachment":"scroll","background-type":"","background-media":"","overlay-type":"","overlay-color":"","overlay-opacity":"","overlay-gradient":""},"tablet":{"background-color":"","background-image":"","background-repeat":"repeat","background-position":"center center","background-size":"auto","background-attachment":"scroll","background-type":"","background-media":"","overlay-type":"","overlay-color":"","overlay-opacity":"","overlay-gradient":""},"mobile":{"background-color":"","background-image":"","background-repeat":"repeat","background-position":"center center","background-size":"auto","background-attachment":"scroll","background-type":"","background-media":"","overlay-type":"","overlay-color":"","overlay-opacity":"","overlay-gradient":""}},"ast-content-background-meta":{"desktop":{"background-color":"var(--ast-global-color-5)","background-image":"","background-repeat":"repeat","background-position":"center center","background-size":"auto","background-attachment":"scroll","background-type":"","background-media":"","overlay-type":"","overlay-color":"","overlay-opacity":"","overlay-gradient":""},"tablet":{"background-color":"var(--ast-global-color-5)","background-image":"","background-repeat":"repeat","background-position":"center center","background-size":"auto","background-attachment":"scroll","background-type":"","background-media":"","overlay-type":"","overlay-color":"","overlay-opacity":"","overlay-gradient":""},"mobile":{"background-color":"var(--ast-global-color-5)","background-image":"","background-repeat":"repeat","background-position":"center center","background-size":"auto","background-attachment":"scroll","background-type":"","background-media":"","overlay-type":"","overlay-color":"","overlay-opacity":"","overlay-gradient":""}},"footnotes":""},"categories":[22],"tags":[],"class_list":["post-25542","post","type-post","status-publish","format-standard","has-post-thumbnail","hentry","category-neuigkeit"],"acf":[],"yoast_head":"<!-- This site is optimized with the Yoast SEO plugin v27.5 - https:\/\/yoast.com\/product\/yoast-seo-wordpress\/ -->\n<title>L\u2019agro\u00e9cologie a le potentiel de faire face aux crises actuelles - Article dans Le Temps avec Perrine Herv\u00e9-Gruyer de 09 octobre 2022 - Permakultur-Landwirtschaft<\/title>\n<meta name=\"robots\" content=\"index, follow, max-snippet:-1, max-image-preview:large, max-video-preview:-1\" \/>\n<link rel=\"canonical\" href=\"https:\/\/permakultur-landwirtschaft.org\/fr\/lagroecologie-a-le-potentiel-de-faire-face-aux-crises-actuelles-article-dans-le-temps-avec-perrine-herve-gruyer-de-09-octobre-2022\/\" \/>\n<meta property=\"og:locale\" content=\"fr_FR\" \/>\n<meta property=\"og:type\" content=\"article\" \/>\n<meta property=\"og:title\" content=\"L\u2019agro\u00e9cologie a le potentiel de faire face aux crises actuelles - Article dans Le Temps avec Perrine Herv\u00e9-Gruyer de 09 octobre 2022 - Permakultur-Landwirtschaft\" \/>\n<meta property=\"og:description\" content=\"Texte de letemps.ch: La sp\u00e9cialiste fran\u00e7aise de la permaculture Perrine Herv\u00e9-Gruyer, cofondatrice de la ferme biologique du Bec Hellouin, sera en conf\u00e9rence \u00e0 Lausanne pour \u00e9voquer son exp\u00e9rience des microfermes et d\u2019une agriculture proche de la nature. L\u2019agro\u00e9cologie, \u00e7a marche! C\u2019est ce que veulent faire savoir les membres du r\u00e9seau suisse Agroecology Works, qui rassemble [&hellip;]\" \/>\n<meta property=\"og:url\" content=\"https:\/\/permakultur-landwirtschaft.org\/fr\/lagroecologie-a-le-potentiel-de-faire-face-aux-crises-actuelles-article-dans-le-temps-avec-perrine-herve-gruyer-de-09-octobre-2022\/\" \/>\n<meta property=\"og:site_name\" content=\"Permakultur-Landwirtschaft\" \/>\n<meta property=\"article:publisher\" content=\"https:\/\/www.facebook.com\/PermakulturLandwirtschaft\" \/>\n<meta property=\"article:published_time\" content=\"2022-10-09T05:45:00+00:00\" \/>\n<meta property=\"article:modified_time\" content=\"2022-10-13T05:52:21+00:00\" \/>\n<meta property=\"og:image\" content=\"https:\/\/permakultur-landwirtschaft.org\/wp-content\/uploads\/2022\/10\/20221012_letemps_2dc4ed0_1665334638960-6415ed96-019f-4147-92e0-0f8d48a14882-1-201-a.jpeg\" \/>\n\t<meta property=\"og:image:width\" content=\"700\" \/>\n\t<meta property=\"og:image:height\" content=\"381\" \/>\n\t<meta property=\"og:image:type\" content=\"image\/jpeg\" \/>\n<meta name=\"author\" content=\"adrian reutimann\" \/>\n<meta name=\"twitter:card\" content=\"summary_large_image\" \/>\n<meta name=\"twitter:label1\" content=\"\u00c9crit par\" \/>\n\t<meta name=\"twitter:data1\" content=\"adrian reutimann\" \/>\n\t<meta name=\"twitter:label2\" content=\"Dur\u00e9e de lecture estim\u00e9e\" \/>\n\t<meta name=\"twitter:data2\" content=\"1 minute\" \/>\n<script type=\"application\/ld+json\" class=\"yoast-schema-graph\">{\"@context\":\"https:\\\/\\\/schema.org\",\"@graph\":[{\"@type\":\"Article\",\"@id\":\"https:\\\/\\\/permakultur-landwirtschaft.org\\\/lagroecologie-a-le-potentiel-de-faire-face-aux-crises-actuelles-article-dans-le-temps-avec-perrine-herve-gruyer-de-09-octobre-2022\\\/#article\",\"isPartOf\":{\"@id\":\"https:\\\/\\\/permakultur-landwirtschaft.org\\\/lagroecologie-a-le-potentiel-de-faire-face-aux-crises-actuelles-article-dans-le-temps-avec-perrine-herve-gruyer-de-09-octobre-2022\\\/\"},\"author\":{\"name\":\"adrian reutimann\",\"@id\":\"https:\\\/\\\/permakultur-landwirtschaft.org\\\/#\\\/schema\\\/person\\\/6b0467872f75aed3e144093f9bf4f0b0\"},\"headline\":\"L\u2019agro\u00e9cologie a le potentiel de faire face aux crises actuelles &#8211; Article dans Le Temps avec Perrine Herv\u00e9-Gruyer de 09 octobre 2022\",\"datePublished\":\"2022-10-09T05:45:00+00:00\",\"dateModified\":\"2022-10-13T05:52:21+00:00\",\"mainEntityOfPage\":{\"@id\":\"https:\\\/\\\/permakultur-landwirtschaft.org\\\/lagroecologie-a-le-potentiel-de-faire-face-aux-crises-actuelles-article-dans-le-temps-avec-perrine-herve-gruyer-de-09-octobre-2022\\\/\"},\"wordCount\":184,\"publisher\":{\"@id\":\"https:\\\/\\\/permakultur-landwirtschaft.org\\\/#organization\"},\"image\":{\"@id\":\"https:\\\/\\\/permakultur-landwirtschaft.org\\\/lagroecologie-a-le-potentiel-de-faire-face-aux-crises-actuelles-article-dans-le-temps-avec-perrine-herve-gruyer-de-09-octobre-2022\\\/#primaryimage\"},\"thumbnailUrl\":\"https:\\\/\\\/permakultur-landwirtschaft.org\\\/wp-content\\\/uploads\\\/2022\\\/10\\\/20221012_letemps_2dc4ed0_1665334638960-6415ed96-019f-4147-92e0-0f8d48a14882-1-201-a.jpeg\",\"articleSection\":[\"Neuigkeit\"],\"inLanguage\":\"fr-FR\"},{\"@type\":\"WebPage\",\"@id\":\"https:\\\/\\\/permakultur-landwirtschaft.org\\\/lagroecologie-a-le-potentiel-de-faire-face-aux-crises-actuelles-article-dans-le-temps-avec-perrine-herve-gruyer-de-09-octobre-2022\\\/\",\"url\":\"https:\\\/\\\/permakultur-landwirtschaft.org\\\/lagroecologie-a-le-potentiel-de-faire-face-aux-crises-actuelles-article-dans-le-temps-avec-perrine-herve-gruyer-de-09-octobre-2022\\\/\",\"name\":\"L\u2019agro\u00e9cologie a le potentiel de faire face aux crises actuelles - Article dans Le Temps avec Perrine Herv\u00e9-Gruyer de 09 octobre 2022 - Permakultur-Landwirtschaft\",\"isPartOf\":{\"@id\":\"https:\\\/\\\/permakultur-landwirtschaft.org\\\/#website\"},\"primaryImageOfPage\":{\"@id\":\"https:\\\/\\\/permakultur-landwirtschaft.org\\\/lagroecologie-a-le-potentiel-de-faire-face-aux-crises-actuelles-article-dans-le-temps-avec-perrine-herve-gruyer-de-09-octobre-2022\\\/#primaryimage\"},\"image\":{\"@id\":\"https:\\\/\\\/permakultur-landwirtschaft.org\\\/lagroecologie-a-le-potentiel-de-faire-face-aux-crises-actuelles-article-dans-le-temps-avec-perrine-herve-gruyer-de-09-octobre-2022\\\/#primaryimage\"},\"thumbnailUrl\":\"https:\\\/\\\/permakultur-landwirtschaft.org\\\/wp-content\\\/uploads\\\/2022\\\/10\\\/20221012_letemps_2dc4ed0_1665334638960-6415ed96-019f-4147-92e0-0f8d48a14882-1-201-a.jpeg\",\"datePublished\":\"2022-10-09T05:45:00+00:00\",\"dateModified\":\"2022-10-13T05:52:21+00:00\",\"breadcrumb\":{\"@id\":\"https:\\\/\\\/permakultur-landwirtschaft.org\\\/lagroecologie-a-le-potentiel-de-faire-face-aux-crises-actuelles-article-dans-le-temps-avec-perrine-herve-gruyer-de-09-octobre-2022\\\/#breadcrumb\"},\"inLanguage\":\"fr-FR\",\"potentialAction\":[{\"@type\":\"ReadAction\",\"target\":[\"https:\\\/\\\/permakultur-landwirtschaft.org\\\/lagroecologie-a-le-potentiel-de-faire-face-aux-crises-actuelles-article-dans-le-temps-avec-perrine-herve-gruyer-de-09-octobre-2022\\\/\"]}]},{\"@type\":\"ImageObject\",\"inLanguage\":\"fr-FR\",\"@id\":\"https:\\\/\\\/permakultur-landwirtschaft.org\\\/lagroecologie-a-le-potentiel-de-faire-face-aux-crises-actuelles-article-dans-le-temps-avec-perrine-herve-gruyer-de-09-octobre-2022\\\/#primaryimage\",\"url\":\"https:\\\/\\\/permakultur-landwirtschaft.org\\\/wp-content\\\/uploads\\\/2022\\\/10\\\/20221012_letemps_2dc4ed0_1665334638960-6415ed96-019f-4147-92e0-0f8d48a14882-1-201-a.jpeg\",\"contentUrl\":\"https:\\\/\\\/permakultur-landwirtschaft.org\\\/wp-content\\\/uploads\\\/2022\\\/10\\\/20221012_letemps_2dc4ed0_1665334638960-6415ed96-019f-4147-92e0-0f8d48a14882-1-201-a.jpeg\",\"width\":700,\"height\":381},{\"@type\":\"BreadcrumbList\",\"@id\":\"https:\\\/\\\/permakultur-landwirtschaft.org\\\/lagroecologie-a-le-potentiel-de-faire-face-aux-crises-actuelles-article-dans-le-temps-avec-perrine-herve-gruyer-de-09-octobre-2022\\\/#breadcrumb\",\"itemListElement\":[{\"@type\":\"ListItem\",\"position\":1,\"name\":\"Startseite\",\"item\":\"https:\\\/\\\/permakultur-landwirtschaft.org\\\/\"},{\"@type\":\"ListItem\",\"position\":2,\"name\":\"L\u2019agro\u00e9cologie a le potentiel de faire face aux crises actuelles &#8211; Article dans Le Temps avec Perrine Herv\u00e9-Gruyer de 09 octobre 2022\"}]},{\"@type\":\"WebSite\",\"@id\":\"https:\\\/\\\/permakultur-landwirtschaft.org\\\/#website\",\"url\":\"https:\\\/\\\/permakultur-landwirtschaft.org\\\/\",\"name\":\"Permakultur-Landwirtschaft\",\"description\":\"F\u00f6rderung der Permakultur in der Landwirtschaft\",\"publisher\":{\"@id\":\"https:\\\/\\\/permakultur-landwirtschaft.org\\\/#organization\"},\"potentialAction\":[{\"@type\":\"SearchAction\",\"target\":{\"@type\":\"EntryPoint\",\"urlTemplate\":\"https:\\\/\\\/permakultur-landwirtschaft.org\\\/?s={search_term_string}\"},\"query-input\":{\"@type\":\"PropertyValueSpecification\",\"valueRequired\":true,\"valueName\":\"search_term_string\"}}],\"inLanguage\":\"fr-FR\"},{\"@type\":\"Organization\",\"@id\":\"https:\\\/\\\/permakultur-landwirtschaft.org\\\/#organization\",\"name\":\"Permakultur-Landwirtschaft\",\"alternateName\":\"Verein Permakultur-Landwirtschaft\",\"url\":\"https:\\\/\\\/permakultur-landwirtschaft.org\\\/\",\"logo\":{\"@type\":\"ImageObject\",\"inLanguage\":\"fr-FR\",\"@id\":\"https:\\\/\\\/permakultur-landwirtschaft.org\\\/#\\\/schema\\\/logo\\\/image\\\/\",\"url\":\"https:\\\/\\\/permakultur-landwirtschaft.org\\\/wp-content\\\/uploads\\\/2021\\\/11\\\/pela_1268x1269.png\",\"contentUrl\":\"https:\\\/\\\/permakultur-landwirtschaft.org\\\/wp-content\\\/uploads\\\/2021\\\/11\\\/pela_1268x1269.png\",\"width\":1298,\"height\":1269,\"caption\":\"Permakultur-Landwirtschaft\"},\"image\":{\"@id\":\"https:\\\/\\\/permakultur-landwirtschaft.org\\\/#\\\/schema\\\/logo\\\/image\\\/\"},\"sameAs\":[\"https:\\\/\\\/www.facebook.com\\\/PermakulturLandwirtschaft\",\"https:\\\/\\\/www.instagram.com\\\/permakultur_landwirtschaft\\\/\",\"https:\\\/\\\/www.flickr.com\\\/photos\\\/permakultur-landwirtschaft\",\"https:\\\/\\\/www.youtube.com\\\/@PermakulturLandwirtschaft\"]},{\"@type\":\"Person\",\"@id\":\"https:\\\/\\\/permakultur-landwirtschaft.org\\\/#\\\/schema\\\/person\\\/6b0467872f75aed3e144093f9bf4f0b0\",\"name\":\"adrian reutimann\",\"url\":\"https:\\\/\\\/permakultur-landwirtschaft.org\\\/fr\\\/author\\\/reutiadr\\\/\"}]}<\/script>\n<!-- \/ Yoast SEO plugin. -->","yoast_head_json":{"title":"L\u2019agro\u00e9cologie a le potentiel de faire face aux crises actuelles - Article dans Le Temps avec Perrine Herv\u00e9-Gruyer de 09 octobre 2022 - Permakultur-Landwirtschaft","robots":{"index":"index","follow":"follow","max-snippet":"max-snippet:-1","max-image-preview":"max-image-preview:large","max-video-preview":"max-video-preview:-1"},"canonical":"https:\/\/permakultur-landwirtschaft.org\/fr\/lagroecologie-a-le-potentiel-de-faire-face-aux-crises-actuelles-article-dans-le-temps-avec-perrine-herve-gruyer-de-09-octobre-2022\/","og_locale":"fr_FR","og_type":"article","og_title":"L\u2019agro\u00e9cologie a le potentiel de faire face aux crises actuelles - Article dans Le Temps avec Perrine Herv\u00e9-Gruyer de 09 octobre 2022 - Permakultur-Landwirtschaft","og_description":"Texte de letemps.ch: La sp\u00e9cialiste fran\u00e7aise de la permaculture Perrine Herv\u00e9-Gruyer, cofondatrice de la ferme biologique du Bec Hellouin, sera en conf\u00e9rence \u00e0 Lausanne pour \u00e9voquer son exp\u00e9rience des microfermes et d\u2019une agriculture proche de la nature. L\u2019agro\u00e9cologie, \u00e7a marche! C\u2019est ce que veulent faire savoir les membres du r\u00e9seau suisse Agroecology Works, qui rassemble [&hellip;]","og_url":"https:\/\/permakultur-landwirtschaft.org\/fr\/lagroecologie-a-le-potentiel-de-faire-face-aux-crises-actuelles-article-dans-le-temps-avec-perrine-herve-gruyer-de-09-octobre-2022\/","og_site_name":"Permakultur-Landwirtschaft","article_publisher":"https:\/\/www.facebook.com\/PermakulturLandwirtschaft","article_published_time":"2022-10-09T05:45:00+00:00","article_modified_time":"2022-10-13T05:52:21+00:00","og_image":[{"width":700,"height":381,"url":"https:\/\/permakultur-landwirtschaft.org\/wp-content\/uploads\/2022\/10\/20221012_letemps_2dc4ed0_1665334638960-6415ed96-019f-4147-92e0-0f8d48a14882-1-201-a.jpeg","type":"image\/jpeg"}],"author":"adrian reutimann","twitter_card":"summary_large_image","twitter_misc":{"\u00c9crit par":"adrian reutimann","Dur\u00e9e de lecture estim\u00e9e":"1 minute"},"schema":{"@context":"https:\/\/schema.org","@graph":[{"@type":"Article","@id":"https:\/\/permakultur-landwirtschaft.org\/lagroecologie-a-le-potentiel-de-faire-face-aux-crises-actuelles-article-dans-le-temps-avec-perrine-herve-gruyer-de-09-octobre-2022\/#article","isPartOf":{"@id":"https:\/\/permakultur-landwirtschaft.org\/lagroecologie-a-le-potentiel-de-faire-face-aux-crises-actuelles-article-dans-le-temps-avec-perrine-herve-gruyer-de-09-octobre-2022\/"},"author":{"name":"adrian reutimann","@id":"https:\/\/permakultur-landwirtschaft.org\/#\/schema\/person\/6b0467872f75aed3e144093f9bf4f0b0"},"headline":"L\u2019agro\u00e9cologie a le potentiel de faire face aux crises actuelles &#8211; Article dans Le Temps avec Perrine Herv\u00e9-Gruyer de 09 octobre 2022","datePublished":"2022-10-09T05:45:00+00:00","dateModified":"2022-10-13T05:52:21+00:00","mainEntityOfPage":{"@id":"https:\/\/permakultur-landwirtschaft.org\/lagroecologie-a-le-potentiel-de-faire-face-aux-crises-actuelles-article-dans-le-temps-avec-perrine-herve-gruyer-de-09-octobre-2022\/"},"wordCount":184,"publisher":{"@id":"https:\/\/permakultur-landwirtschaft.org\/#organization"},"image":{"@id":"https:\/\/permakultur-landwirtschaft.org\/lagroecologie-a-le-potentiel-de-faire-face-aux-crises-actuelles-article-dans-le-temps-avec-perrine-herve-gruyer-de-09-octobre-2022\/#primaryimage"},"thumbnailUrl":"https:\/\/permakultur-landwirtschaft.org\/wp-content\/uploads\/2022\/10\/20221012_letemps_2dc4ed0_1665334638960-6415ed96-019f-4147-92e0-0f8d48a14882-1-201-a.jpeg","articleSection":["Neuigkeit"],"inLanguage":"fr-FR"},{"@type":"WebPage","@id":"https:\/\/permakultur-landwirtschaft.org\/lagroecologie-a-le-potentiel-de-faire-face-aux-crises-actuelles-article-dans-le-temps-avec-perrine-herve-gruyer-de-09-octobre-2022\/","url":"https:\/\/permakultur-landwirtschaft.org\/lagroecologie-a-le-potentiel-de-faire-face-aux-crises-actuelles-article-dans-le-temps-avec-perrine-herve-gruyer-de-09-octobre-2022\/","name":"L\u2019agro\u00e9cologie a le potentiel de faire face aux crises actuelles - Article dans Le Temps avec Perrine Herv\u00e9-Gruyer de 09 octobre 2022 - Permakultur-Landwirtschaft","isPartOf":{"@id":"https:\/\/permakultur-landwirtschaft.org\/#website"},"primaryImageOfPage":{"@id":"https:\/\/permakultur-landwirtschaft.org\/lagroecologie-a-le-potentiel-de-faire-face-aux-crises-actuelles-article-dans-le-temps-avec-perrine-herve-gruyer-de-09-octobre-2022\/#primaryimage"},"image":{"@id":"https:\/\/permakultur-landwirtschaft.org\/lagroecologie-a-le-potentiel-de-faire-face-aux-crises-actuelles-article-dans-le-temps-avec-perrine-herve-gruyer-de-09-octobre-2022\/#primaryimage"},"thumbnailUrl":"https:\/\/permakultur-landwirtschaft.org\/wp-content\/uploads\/2022\/10\/20221012_letemps_2dc4ed0_1665334638960-6415ed96-019f-4147-92e0-0f8d48a14882-1-201-a.jpeg","datePublished":"2022-10-09T05:45:00+00:00","dateModified":"2022-10-13T05:52:21+00:00","breadcrumb":{"@id":"https:\/\/permakultur-landwirtschaft.org\/lagroecologie-a-le-potentiel-de-faire-face-aux-crises-actuelles-article-dans-le-temps-avec-perrine-herve-gruyer-de-09-octobre-2022\/#breadcrumb"},"inLanguage":"fr-FR","potentialAction":[{"@type":"ReadAction","target":["https:\/\/permakultur-landwirtschaft.org\/lagroecologie-a-le-potentiel-de-faire-face-aux-crises-actuelles-article-dans-le-temps-avec-perrine-herve-gruyer-de-09-octobre-2022\/"]}]},{"@type":"ImageObject","inLanguage":"fr-FR","@id":"https:\/\/permakultur-landwirtschaft.org\/lagroecologie-a-le-potentiel-de-faire-face-aux-crises-actuelles-article-dans-le-temps-avec-perrine-herve-gruyer-de-09-octobre-2022\/#primaryimage","url":"https:\/\/permakultur-landwirtschaft.org\/wp-content\/uploads\/2022\/10\/20221012_letemps_2dc4ed0_1665334638960-6415ed96-019f-4147-92e0-0f8d48a14882-1-201-a.jpeg","contentUrl":"https:\/\/permakultur-landwirtschaft.org\/wp-content\/uploads\/2022\/10\/20221012_letemps_2dc4ed0_1665334638960-6415ed96-019f-4147-92e0-0f8d48a14882-1-201-a.jpeg","width":700,"height":381},{"@type":"BreadcrumbList","@id":"https:\/\/permakultur-landwirtschaft.org\/lagroecologie-a-le-potentiel-de-faire-face-aux-crises-actuelles-article-dans-le-temps-avec-perrine-herve-gruyer-de-09-octobre-2022\/#breadcrumb","itemListElement":[{"@type":"ListItem","position":1,"name":"Startseite","item":"https:\/\/permakultur-landwirtschaft.org\/"},{"@type":"ListItem","position":2,"name":"L\u2019agro\u00e9cologie a le potentiel de faire face aux crises actuelles &#8211; Article dans Le Temps avec Perrine Herv\u00e9-Gruyer de 09 octobre 2022"}]},{"@type":"WebSite","@id":"https:\/\/permakultur-landwirtschaft.org\/#website","url":"https:\/\/permakultur-landwirtschaft.org\/","name":"Permakultur-Landwirtschaft","description":"F\u00f6rderung der Permakultur in der Landwirtschaft","publisher":{"@id":"https:\/\/permakultur-landwirtschaft.org\/#organization"},"potentialAction":[{"@type":"SearchAction","target":{"@type":"EntryPoint","urlTemplate":"https:\/\/permakultur-landwirtschaft.org\/?s={search_term_string}"},"query-input":{"@type":"PropertyValueSpecification","valueRequired":true,"valueName":"search_term_string"}}],"inLanguage":"fr-FR"},{"@type":"Organization","@id":"https:\/\/permakultur-landwirtschaft.org\/#organization","name":"Permakultur-Landwirtschaft","alternateName":"Verein Permakultur-Landwirtschaft","url":"https:\/\/permakultur-landwirtschaft.org\/","logo":{"@type":"ImageObject","inLanguage":"fr-FR","@id":"https:\/\/permakultur-landwirtschaft.org\/#\/schema\/logo\/image\/","url":"https:\/\/permakultur-landwirtschaft.org\/wp-content\/uploads\/2021\/11\/pela_1268x1269.png","contentUrl":"https:\/\/permakultur-landwirtschaft.org\/wp-content\/uploads\/2021\/11\/pela_1268x1269.png","width":1298,"height":1269,"caption":"Permakultur-Landwirtschaft"},"image":{"@id":"https:\/\/permakultur-landwirtschaft.org\/#\/schema\/logo\/image\/"},"sameAs":["https:\/\/www.facebook.com\/PermakulturLandwirtschaft","https:\/\/www.instagram.com\/permakultur_landwirtschaft\/","https:\/\/www.flickr.com\/photos\/permakultur-landwirtschaft","https:\/\/www.youtube.com\/@PermakulturLandwirtschaft"]},{"@type":"Person","@id":"https:\/\/permakultur-landwirtschaft.org\/#\/schema\/person\/6b0467872f75aed3e144093f9bf4f0b0","name":"adrian reutimann","url":"https:\/\/permakultur-landwirtschaft.org\/fr\/author\/reutiadr\/"}]}},"_links":{"self":[{"href":"https:\/\/permakultur-landwirtschaft.org\/fr\/wp-json\/wp\/v2\/posts\/25542","targetHints":{"allow":["GET"]}}],"collection":[{"href":"https:\/\/permakultur-landwirtschaft.org\/fr\/wp-json\/wp\/v2\/posts"}],"about":[{"href":"https:\/\/permakultur-landwirtschaft.org\/fr\/wp-json\/wp\/v2\/types\/post"}],"author":[{"embeddable":true,"href":"https:\/\/permakultur-landwirtschaft.org\/fr\/wp-json\/wp\/v2\/users\/2"}],"replies":[{"embeddable":true,"href":"https:\/\/permakultur-landwirtschaft.org\/fr\/wp-json\/wp\/v2\/comments?post=25542"}],"version-history":[{"count":1,"href":"https:\/\/permakultur-landwirtschaft.org\/fr\/wp-json\/wp\/v2\/posts\/25542\/revisions"}],"predecessor-version":[{"id":25544,"href":"https:\/\/permakultur-landwirtschaft.org\/fr\/wp-json\/wp\/v2\/posts\/25542\/revisions\/25544"}],"wp:featuredmedia":[{"embeddable":true,"href":"https:\/\/permakultur-landwirtschaft.org\/fr\/wp-json\/wp\/v2\/media\/25543"}],"wp:attachment":[{"href":"https:\/\/permakultur-landwirtschaft.org\/fr\/wp-json\/wp\/v2\/media?parent=25542"}],"wp:term":[{"taxonomy":"category","embeddable":true,"href":"https:\/\/permakultur-landwirtschaft.org\/fr\/wp-json\/wp\/v2\/categories?post=25542"},{"taxonomy":"post_tag","embeddable":true,"href":"https:\/\/permakultur-landwirtschaft.org\/fr\/wp-json\/wp\/v2\/tags?post=25542"}],"curies":[{"name":"wp","href":"https:\/\/api.w.org\/{rel}","templated":true}]}}