{"id":25512,"date":"2023-09-27T08:25:00","date_gmt":"2023-09-27T06:25:00","guid":{"rendered":"https:\/\/permakultur-landwirtschaft.org\/?p=25512"},"modified":"2024-04-24T14:46:34","modified_gmt":"2024-04-24T12:46:34","slug":"9-forum-agroforstsysteme-in-freiburg-de-am-27-28-september-2023","status":"publish","type":"post","link":"https:\/\/permakultur-landwirtschaft.org\/fr\/9-forum-agroforstsysteme-in-freiburg-de-am-27-28-september-2023\/","title":{"rendered":"9. Forum Agroforstsysteme in Freiburg DE am 27. &#8211; 28. September 2023"},"content":{"rendered":"<p>Text von agroforst-info.de:<br>Das Forum Agroforstsysteme findet seit 2009 statt und hat sich zu einem bekannten Format f\u00fcr den Austausch von Wissenschaft und Praxis zur Agroforstwirtschaft etabliert. Die im Zweijahresrhythmus organisierte Tagung wird an wechselnden Orten in Deutschland veranstaltet und in 2021 erstmals vom DeFAF e.V. ausgerichtet. <\/p>\n\n\n\n<p>Der DeFAF richtet das Forum 2023 gemeinsam mit der Albert-Ludwigs-Universit\u00e4t Freiburg aus. Mit verschiedenen Exkursionsm\u00f6glichkeiten am 27.09. und dem Haupttagungstag f\u00fcr Fachbeitr\u00e4ge und Diskussionen am 28.09. wird f\u00fcr alle Agroforst-Interessierte etwas geboten werden. <\/p>\n\n\n\n<hr class=\"wp-block-separator has-alpha-channel-opacity\"\/>\n\n\n\n<h3 class=\"wp-block-heading\">Date<\/h3>\n\n\n\n<p>27. &#8211; 28. September 2023<\/p>\n\n\n\n<h3 class=\"wp-block-heading\">Lieu<\/h3>\n\n\n\n<p>79085 Freiburg<br>Deutschland<\/p>\n\n\n\n<p>Infos zum Anlass unter diesem Link: <a href=\"https:\/\/agroforst-info.de\/forum-agroforstsysteme\/\" target=\"_blank\" rel=\"noreferrer noopener\">agroforst-info.de\/forum-agroforstsysteme<\/a><\/p>\n\n\n\n<figure class=\"wp-block-image size-full\"><a href=\"https:\/\/agroforst-info.de\/forum-agroforstsysteme\/\" target=\"_blank\" rel=\"noreferrer noopener\"><img fetchpriority=\"high\" decoding=\"async\" width=\"700\" height=\"464\" src=\"https:\/\/permakultur-landwirtschaft.org\/wp-content\/uploads\/2022\/10\/A.Sebastian-Ditfurt-Strassenbaeume-scaled-1.jpg\" alt=\"\" class=\"wp-image-25513\" srcset=\"https:\/\/permakultur-landwirtschaft.org\/wp-content\/uploads\/2022\/10\/A.Sebastian-Ditfurt-Strassenbaeume-scaled-1.jpg 700w, https:\/\/permakultur-landwirtschaft.org\/wp-content\/uploads\/2022\/10\/A.Sebastian-Ditfurt-Strassenbaeume-scaled-1-300x199.jpg 300w\" sizes=\"(max-width: 700px) 100vw, 700px\" \/><\/a><figcaption class=\"wp-element-caption\">Quelle: agroforst-info.de<\/figcaption><\/figure>\n\n\n\n<hr class=\"wp-block-separator has-alpha-channel-opacity\"\/>\n\n\n\n<h3 class=\"wp-block-heading\"><a href=\"https:\/\/permakultur-landwirtschaft.org\/fr\/veranstaltungen\/\">Hier geht&#8217;s zur \u00dcbersicht aktuelle Veranstaltungen<\/a><\/h3>","protected":false},"excerpt":{"rendered":"<p>Text von agroforst-info.de:Das Forum Agroforstsysteme findet seit 2009 statt und hat sich zu einem bekannten Format f\u00fcr den Austausch von Wissenschaft und Praxis zur Agroforstwirtschaft etabliert. Die im Zweijahresrhythmus organisierte Tagung wird an wechselnden Orten in Deutschland veranstaltet und in 2021 erstmals vom DeFAF e.V. ausgerichtet. Der DeFAF richtet das Forum 2023 gemeinsam mit der [&hellip;]<\/p>\n","protected":false},"author":2,"featured_media":25513,"comment_status":"closed","ping_status":"closed","sticky":false,"template":"","format":"standard","meta":{"_acf_changed":false,"site-sidebar-layout":"default","site-content-layout":"","ast-site-content-layout":"default","site-content-style":"default","site-sidebar-style":"default","ast-global-header-display":"","ast-banner-title-visibility":"","ast-main-header-display":"","ast-hfb-above-header-display":"","ast-hfb-below-header-display":"","ast-hfb-mobile-header-display":"","site-post-title":"","ast-breadcrumbs-content":"","ast-featured-img":"","footer-sml-layout":"","ast-disable-related-posts":"","theme-transparent-header-meta":"","adv-header-id-meta":"","stick-header-meta":"","header-above-stick-meta":"","header-main-stick-meta":"","header-below-stick-meta":"","astra-migrate-meta-layouts":"set","ast-page-background-enabled":"default","ast-page-background-meta":{"desktop":{"background-color":"var(--ast-global-color-4)","background-image":"","background-repeat":"repeat","background-position":"center center","background-size":"auto","background-attachment":"scroll","background-type":"","background-media":"","overlay-type":"","overlay-color":"","overlay-opacity":"","overlay-gradient":""},"tablet":{"background-color":"","background-image":"","background-repeat":"repeat","background-position":"center center","background-size":"auto","background-attachment":"scroll","background-type":"","background-media":"","overlay-type":"","overlay-color":"","overlay-opacity":"","overlay-gradient":""},"mobile":{"background-color":"","background-image":"","background-repeat":"repeat","background-position":"center center","background-size":"auto","background-attachment":"scroll","background-type":"","background-media":"","overlay-type":"","overlay-color":"","overlay-opacity":"","overlay-gradient":""}},"ast-content-background-meta":{"desktop":{"background-color":"var(--ast-global-color-5)","background-image":"","background-repeat":"repeat","background-position":"center center","background-size":"auto","background-attachment":"scroll","background-type":"","background-media":"","overlay-type":"","overlay-color":"","overlay-opacity":"","overlay-gradient":""},"tablet":{"background-color":"var(--ast-global-color-5)","background-image":"","background-repeat":"repeat","background-position":"center center","background-size":"auto","background-attachment":"scroll","background-type":"","background-media":"","overlay-type":"","overlay-color":"","overlay-opacity":"","overlay-gradient":""},"mobile":{"background-color":"var(--ast-global-color-5)","background-image":"","background-repeat":"repeat","background-position":"center center","background-size":"auto","background-attachment":"scroll","background-type":"","background-media":"","overlay-type":"","overlay-color":"","overlay-opacity":"","overlay-gradient":""}},"footnotes":""},"categories":[21],"tags":[],"class_list":["post-25512","post","type-post","status-publish","format-standard","has-post-thumbnail","hentry","category-veranstaltungen_archiv"],"acf":[],"yoast_head":"<!-- This site is optimized with the Yoast SEO plugin v27.4 - https:\/\/yoast.com\/product\/yoast-seo-wordpress\/ -->\n<title>9. Forum Agroforstsysteme in Freiburg DE am 27. - 28. September 2023 - Permakultur-Landwirtschaft<\/title>\n<meta name=\"description\" content=\"Das Forum Agroforstsysteme findet seit 2009 statt und hat sich zu einem bekannten Format f\u00fcr den Austausch von Wissenschaft und Praxis zur Agroforstwirtschaft etabliert.\" \/>\n<meta name=\"robots\" content=\"index, follow, max-snippet:-1, max-image-preview:large, max-video-preview:-1\" \/>\n<link rel=\"canonical\" href=\"https:\/\/permakultur-landwirtschaft.org\/fr\/9-forum-agroforstsysteme-in-freiburg-de-am-27-28-september-2023\/\" \/>\n<meta property=\"og:locale\" content=\"fr_FR\" \/>\n<meta property=\"og:type\" content=\"article\" \/>\n<meta property=\"og:title\" content=\"9. Forum Agroforstsysteme in Freiburg DE am 27. - 28. September 2023 - Permakultur-Landwirtschaft\" \/>\n<meta property=\"og:description\" content=\"Das Forum Agroforstsysteme findet seit 2009 statt und hat sich zu einem bekannten Format f\u00fcr den Austausch von Wissenschaft und Praxis zur Agroforstwirtschaft etabliert.\" \/>\n<meta property=\"og:url\" content=\"https:\/\/permakultur-landwirtschaft.org\/fr\/9-forum-agroforstsysteme-in-freiburg-de-am-27-28-september-2023\/\" \/>\n<meta property=\"og:site_name\" content=\"Permakultur-Landwirtschaft\" \/>\n<meta property=\"article:publisher\" content=\"https:\/\/www.facebook.com\/PermakulturLandwirtschaft\" \/>\n<meta property=\"article:published_time\" content=\"2023-09-27T06:25:00+00:00\" \/>\n<meta property=\"article:modified_time\" content=\"2024-04-24T12:46:34+00:00\" \/>\n<meta property=\"og:image\" content=\"https:\/\/permakultur-landwirtschaft.org\/wp-content\/uploads\/2022\/10\/A.Sebastian-Ditfurt-Strassenbaeume-scaled-1.jpg\" \/>\n\t<meta property=\"og:image:width\" content=\"700\" \/>\n\t<meta property=\"og:image:height\" content=\"464\" \/>\n\t<meta property=\"og:image:type\" content=\"image\/jpeg\" \/>\n<meta name=\"author\" content=\"adrian reutimann\" \/>\n<meta name=\"twitter:card\" content=\"summary_large_image\" \/>\n<meta name=\"twitter:label1\" content=\"\u00c9crit par\" \/>\n\t<meta name=\"twitter:data1\" content=\"adrian reutimann\" \/>\n\t<meta name=\"twitter:label2\" content=\"Dur\u00e9e de lecture estim\u00e9e\" \/>\n\t<meta name=\"twitter:data2\" content=\"1 minute\" \/>\n<script type=\"application\/ld+json\" class=\"yoast-schema-graph\">{\"@context\":\"https:\\\/\\\/schema.org\",\"@graph\":[{\"@type\":\"Article\",\"@id\":\"https:\\\/\\\/permakultur-landwirtschaft.org\\\/9-forum-agroforstsysteme-in-freiburg-de-am-27-28-september-2023\\\/#article\",\"isPartOf\":{\"@id\":\"https:\\\/\\\/permakultur-landwirtschaft.org\\\/9-forum-agroforstsysteme-in-freiburg-de-am-27-28-september-2023\\\/\"},\"author\":{\"name\":\"adrian reutimann\",\"@id\":\"https:\\\/\\\/permakultur-landwirtschaft.org\\\/#\\\/schema\\\/person\\\/6b0467872f75aed3e144093f9bf4f0b0\"},\"headline\":\"9. Forum Agroforstsysteme in Freiburg DE am 27. &#8211; 28. September 2023\",\"datePublished\":\"2023-09-27T06:25:00+00:00\",\"dateModified\":\"2024-04-24T12:46:34+00:00\",\"mainEntityOfPage\":{\"@id\":\"https:\\\/\\\/permakultur-landwirtschaft.org\\\/9-forum-agroforstsysteme-in-freiburg-de-am-27-28-september-2023\\\/\"},\"wordCount\":115,\"publisher\":{\"@id\":\"https:\\\/\\\/permakultur-landwirtschaft.org\\\/#organization\"},\"image\":{\"@id\":\"https:\\\/\\\/permakultur-landwirtschaft.org\\\/9-forum-agroforstsysteme-in-freiburg-de-am-27-28-september-2023\\\/#primaryimage\"},\"thumbnailUrl\":\"https:\\\/\\\/permakultur-landwirtschaft.org\\\/wp-content\\\/uploads\\\/2022\\\/10\\\/A.Sebastian-Ditfurt-Strassenbaeume-scaled-1.jpg\",\"articleSection\":[\"Veranstaltungen_Archiv\"],\"inLanguage\":\"fr-FR\"},{\"@type\":\"WebPage\",\"@id\":\"https:\\\/\\\/permakultur-landwirtschaft.org\\\/9-forum-agroforstsysteme-in-freiburg-de-am-27-28-september-2023\\\/\",\"url\":\"https:\\\/\\\/permakultur-landwirtschaft.org\\\/9-forum-agroforstsysteme-in-freiburg-de-am-27-28-september-2023\\\/\",\"name\":\"9. Forum Agroforstsysteme in Freiburg DE am 27. - 28. September 2023 - Permakultur-Landwirtschaft\",\"isPartOf\":{\"@id\":\"https:\\\/\\\/permakultur-landwirtschaft.org\\\/#website\"},\"primaryImageOfPage\":{\"@id\":\"https:\\\/\\\/permakultur-landwirtschaft.org\\\/9-forum-agroforstsysteme-in-freiburg-de-am-27-28-september-2023\\\/#primaryimage\"},\"image\":{\"@id\":\"https:\\\/\\\/permakultur-landwirtschaft.org\\\/9-forum-agroforstsysteme-in-freiburg-de-am-27-28-september-2023\\\/#primaryimage\"},\"thumbnailUrl\":\"https:\\\/\\\/permakultur-landwirtschaft.org\\\/wp-content\\\/uploads\\\/2022\\\/10\\\/A.Sebastian-Ditfurt-Strassenbaeume-scaled-1.jpg\",\"datePublished\":\"2023-09-27T06:25:00+00:00\",\"dateModified\":\"2024-04-24T12:46:34+00:00\",\"description\":\"Das Forum Agroforstsysteme findet seit 2009 statt und hat sich zu einem bekannten Format f\u00fcr den Austausch von Wissenschaft und Praxis zur Agroforstwirtschaft etabliert.\",\"breadcrumb\":{\"@id\":\"https:\\\/\\\/permakultur-landwirtschaft.org\\\/9-forum-agroforstsysteme-in-freiburg-de-am-27-28-september-2023\\\/#breadcrumb\"},\"inLanguage\":\"fr-FR\",\"potentialAction\":[{\"@type\":\"ReadAction\",\"target\":[\"https:\\\/\\\/permakultur-landwirtschaft.org\\\/9-forum-agroforstsysteme-in-freiburg-de-am-27-28-september-2023\\\/\"]}]},{\"@type\":\"ImageObject\",\"inLanguage\":\"fr-FR\",\"@id\":\"https:\\\/\\\/permakultur-landwirtschaft.org\\\/9-forum-agroforstsysteme-in-freiburg-de-am-27-28-september-2023\\\/#primaryimage\",\"url\":\"https:\\\/\\\/permakultur-landwirtschaft.org\\\/wp-content\\\/uploads\\\/2022\\\/10\\\/A.Sebastian-Ditfurt-Strassenbaeume-scaled-1.jpg\",\"contentUrl\":\"https:\\\/\\\/permakultur-landwirtschaft.org\\\/wp-content\\\/uploads\\\/2022\\\/10\\\/A.Sebastian-Ditfurt-Strassenbaeume-scaled-1.jpg\",\"width\":700,\"height\":464},{\"@type\":\"BreadcrumbList\",\"@id\":\"https:\\\/\\\/permakultur-landwirtschaft.org\\\/9-forum-agroforstsysteme-in-freiburg-de-am-27-28-september-2023\\\/#breadcrumb\",\"itemListElement\":[{\"@type\":\"ListItem\",\"position\":1,\"name\":\"Startseite\",\"item\":\"https:\\\/\\\/permakultur-landwirtschaft.org\\\/\"},{\"@type\":\"ListItem\",\"position\":2,\"name\":\"9. Forum Agroforstsysteme in Freiburg DE am 27. &#8211; 28. September 2023\"}]},{\"@type\":\"WebSite\",\"@id\":\"https:\\\/\\\/permakultur-landwirtschaft.org\\\/#website\",\"url\":\"https:\\\/\\\/permakultur-landwirtschaft.org\\\/\",\"name\":\"Permakultur-Landwirtschaft\",\"description\":\"F\u00f6rderung der Permakultur in der Landwirtschaft\",\"publisher\":{\"@id\":\"https:\\\/\\\/permakultur-landwirtschaft.org\\\/#organization\"},\"potentialAction\":[{\"@type\":\"SearchAction\",\"target\":{\"@type\":\"EntryPoint\",\"urlTemplate\":\"https:\\\/\\\/permakultur-landwirtschaft.org\\\/?s={search_term_string}\"},\"query-input\":{\"@type\":\"PropertyValueSpecification\",\"valueRequired\":true,\"valueName\":\"search_term_string\"}}],\"inLanguage\":\"fr-FR\"},{\"@type\":\"Organization\",\"@id\":\"https:\\\/\\\/permakultur-landwirtschaft.org\\\/#organization\",\"name\":\"Permakultur-Landwirtschaft\",\"alternateName\":\"Verein Permakultur-Landwirtschaft\",\"url\":\"https:\\\/\\\/permakultur-landwirtschaft.org\\\/\",\"logo\":{\"@type\":\"ImageObject\",\"inLanguage\":\"fr-FR\",\"@id\":\"https:\\\/\\\/permakultur-landwirtschaft.org\\\/#\\\/schema\\\/logo\\\/image\\\/\",\"url\":\"https:\\\/\\\/permakultur-landwirtschaft.org\\\/wp-content\\\/uploads\\\/2021\\\/11\\\/pela_1268x1269.png\",\"contentUrl\":\"https:\\\/\\\/permakultur-landwirtschaft.org\\\/wp-content\\\/uploads\\\/2021\\\/11\\\/pela_1268x1269.png\",\"width\":1298,\"height\":1269,\"caption\":\"Permakultur-Landwirtschaft\"},\"image\":{\"@id\":\"https:\\\/\\\/permakultur-landwirtschaft.org\\\/#\\\/schema\\\/logo\\\/image\\\/\"},\"sameAs\":[\"https:\\\/\\\/www.facebook.com\\\/PermakulturLandwirtschaft\",\"https:\\\/\\\/www.instagram.com\\\/permakultur_landwirtschaft\\\/\",\"https:\\\/\\\/www.flickr.com\\\/photos\\\/permakultur-landwirtschaft\",\"https:\\\/\\\/www.youtube.com\\\/@PermakulturLandwirtschaft\"]},{\"@type\":\"Person\",\"@id\":\"https:\\\/\\\/permakultur-landwirtschaft.org\\\/#\\\/schema\\\/person\\\/6b0467872f75aed3e144093f9bf4f0b0\",\"name\":\"adrian reutimann\",\"url\":\"https:\\\/\\\/permakultur-landwirtschaft.org\\\/fr\\\/author\\\/reutiadr\\\/\"}]}<\/script>\n<!-- \/ Yoast SEO plugin. -->","yoast_head_json":{"title":"9. Forum Agroforstsysteme in Freiburg DE am 27. - 28. September 2023 - Permakultur-Landwirtschaft","description":"Das Forum Agroforstsysteme findet seit 2009 statt und hat sich zu einem bekannten Format f\u00fcr den Austausch von Wissenschaft und Praxis zur Agroforstwirtschaft etabliert.","robots":{"index":"index","follow":"follow","max-snippet":"max-snippet:-1","max-image-preview":"max-image-preview:large","max-video-preview":"max-video-preview:-1"},"canonical":"https:\/\/permakultur-landwirtschaft.org\/fr\/9-forum-agroforstsysteme-in-freiburg-de-am-27-28-september-2023\/","og_locale":"fr_FR","og_type":"article","og_title":"9. Forum Agroforstsysteme in Freiburg DE am 27. - 28. September 2023 - Permakultur-Landwirtschaft","og_description":"Das Forum Agroforstsysteme findet seit 2009 statt und hat sich zu einem bekannten Format f\u00fcr den Austausch von Wissenschaft und Praxis zur Agroforstwirtschaft etabliert.","og_url":"https:\/\/permakultur-landwirtschaft.org\/fr\/9-forum-agroforstsysteme-in-freiburg-de-am-27-28-september-2023\/","og_site_name":"Permakultur-Landwirtschaft","article_publisher":"https:\/\/www.facebook.com\/PermakulturLandwirtschaft","article_published_time":"2023-09-27T06:25:00+00:00","article_modified_time":"2024-04-24T12:46:34+00:00","og_image":[{"width":700,"height":464,"url":"https:\/\/permakultur-landwirtschaft.org\/wp-content\/uploads\/2022\/10\/A.Sebastian-Ditfurt-Strassenbaeume-scaled-1.jpg","type":"image\/jpeg"}],"author":"adrian reutimann","twitter_card":"summary_large_image","twitter_misc":{"\u00c9crit par":"adrian reutimann","Dur\u00e9e de lecture estim\u00e9e":"1 minute"},"schema":{"@context":"https:\/\/schema.org","@graph":[{"@type":"Article","@id":"https:\/\/permakultur-landwirtschaft.org\/9-forum-agroforstsysteme-in-freiburg-de-am-27-28-september-2023\/#article","isPartOf":{"@id":"https:\/\/permakultur-landwirtschaft.org\/9-forum-agroforstsysteme-in-freiburg-de-am-27-28-september-2023\/"},"author":{"name":"adrian reutimann","@id":"https:\/\/permakultur-landwirtschaft.org\/#\/schema\/person\/6b0467872f75aed3e144093f9bf4f0b0"},"headline":"9. Forum Agroforstsysteme in Freiburg DE am 27. &#8211; 28. September 2023","datePublished":"2023-09-27T06:25:00+00:00","dateModified":"2024-04-24T12:46:34+00:00","mainEntityOfPage":{"@id":"https:\/\/permakultur-landwirtschaft.org\/9-forum-agroforstsysteme-in-freiburg-de-am-27-28-september-2023\/"},"wordCount":115,"publisher":{"@id":"https:\/\/permakultur-landwirtschaft.org\/#organization"},"image":{"@id":"https:\/\/permakultur-landwirtschaft.org\/9-forum-agroforstsysteme-in-freiburg-de-am-27-28-september-2023\/#primaryimage"},"thumbnailUrl":"https:\/\/permakultur-landwirtschaft.org\/wp-content\/uploads\/2022\/10\/A.Sebastian-Ditfurt-Strassenbaeume-scaled-1.jpg","articleSection":["Veranstaltungen_Archiv"],"inLanguage":"fr-FR"},{"@type":"WebPage","@id":"https:\/\/permakultur-landwirtschaft.org\/9-forum-agroforstsysteme-in-freiburg-de-am-27-28-september-2023\/","url":"https:\/\/permakultur-landwirtschaft.org\/9-forum-agroforstsysteme-in-freiburg-de-am-27-28-september-2023\/","name":"9. Forum Agroforstsysteme in Freiburg DE am 27. - 28. September 2023 - Permakultur-Landwirtschaft","isPartOf":{"@id":"https:\/\/permakultur-landwirtschaft.org\/#website"},"primaryImageOfPage":{"@id":"https:\/\/permakultur-landwirtschaft.org\/9-forum-agroforstsysteme-in-freiburg-de-am-27-28-september-2023\/#primaryimage"},"image":{"@id":"https:\/\/permakultur-landwirtschaft.org\/9-forum-agroforstsysteme-in-freiburg-de-am-27-28-september-2023\/#primaryimage"},"thumbnailUrl":"https:\/\/permakultur-landwirtschaft.org\/wp-content\/uploads\/2022\/10\/A.Sebastian-Ditfurt-Strassenbaeume-scaled-1.jpg","datePublished":"2023-09-27T06:25:00+00:00","dateModified":"2024-04-24T12:46:34+00:00","description":"Das Forum Agroforstsysteme findet seit 2009 statt und hat sich zu einem bekannten Format f\u00fcr den Austausch von Wissenschaft und Praxis zur Agroforstwirtschaft etabliert.","breadcrumb":{"@id":"https:\/\/permakultur-landwirtschaft.org\/9-forum-agroforstsysteme-in-freiburg-de-am-27-28-september-2023\/#breadcrumb"},"inLanguage":"fr-FR","potentialAction":[{"@type":"ReadAction","target":["https:\/\/permakultur-landwirtschaft.org\/9-forum-agroforstsysteme-in-freiburg-de-am-27-28-september-2023\/"]}]},{"@type":"ImageObject","inLanguage":"fr-FR","@id":"https:\/\/permakultur-landwirtschaft.org\/9-forum-agroforstsysteme-in-freiburg-de-am-27-28-september-2023\/#primaryimage","url":"https:\/\/permakultur-landwirtschaft.org\/wp-content\/uploads\/2022\/10\/A.Sebastian-Ditfurt-Strassenbaeume-scaled-1.jpg","contentUrl":"https:\/\/permakultur-landwirtschaft.org\/wp-content\/uploads\/2022\/10\/A.Sebastian-Ditfurt-Strassenbaeume-scaled-1.jpg","width":700,"height":464},{"@type":"BreadcrumbList","@id":"https:\/\/permakultur-landwirtschaft.org\/9-forum-agroforstsysteme-in-freiburg-de-am-27-28-september-2023\/#breadcrumb","itemListElement":[{"@type":"ListItem","position":1,"name":"Startseite","item":"https:\/\/permakultur-landwirtschaft.org\/"},{"@type":"ListItem","position":2,"name":"9. Forum Agroforstsysteme in Freiburg DE am 27. &#8211; 28. September 2023"}]},{"@type":"WebSite","@id":"https:\/\/permakultur-landwirtschaft.org\/#website","url":"https:\/\/permakultur-landwirtschaft.org\/","name":"Permakultur-Landwirtschaft","description":"F\u00f6rderung der Permakultur in der Landwirtschaft","publisher":{"@id":"https:\/\/permakultur-landwirtschaft.org\/#organization"},"potentialAction":[{"@type":"SearchAction","target":{"@type":"EntryPoint","urlTemplate":"https:\/\/permakultur-landwirtschaft.org\/?s={search_term_string}"},"query-input":{"@type":"PropertyValueSpecification","valueRequired":true,"valueName":"search_term_string"}}],"inLanguage":"fr-FR"},{"@type":"Organization","@id":"https:\/\/permakultur-landwirtschaft.org\/#organization","name":"Permakultur-Landwirtschaft","alternateName":"Verein Permakultur-Landwirtschaft","url":"https:\/\/permakultur-landwirtschaft.org\/","logo":{"@type":"ImageObject","inLanguage":"fr-FR","@id":"https:\/\/permakultur-landwirtschaft.org\/#\/schema\/logo\/image\/","url":"https:\/\/permakultur-landwirtschaft.org\/wp-content\/uploads\/2021\/11\/pela_1268x1269.png","contentUrl":"https:\/\/permakultur-landwirtschaft.org\/wp-content\/uploads\/2021\/11\/pela_1268x1269.png","width":1298,"height":1269,"caption":"Permakultur-Landwirtschaft"},"image":{"@id":"https:\/\/permakultur-landwirtschaft.org\/#\/schema\/logo\/image\/"},"sameAs":["https:\/\/www.facebook.com\/PermakulturLandwirtschaft","https:\/\/www.instagram.com\/permakultur_landwirtschaft\/","https:\/\/www.flickr.com\/photos\/permakultur-landwirtschaft","https:\/\/www.youtube.com\/@PermakulturLandwirtschaft"]},{"@type":"Person","@id":"https:\/\/permakultur-landwirtschaft.org\/#\/schema\/person\/6b0467872f75aed3e144093f9bf4f0b0","name":"adrian reutimann","url":"https:\/\/permakultur-landwirtschaft.org\/fr\/author\/reutiadr\/"}]}},"_links":{"self":[{"href":"https:\/\/permakultur-landwirtschaft.org\/fr\/wp-json\/wp\/v2\/posts\/25512","targetHints":{"allow":["GET"]}}],"collection":[{"href":"https:\/\/permakultur-landwirtschaft.org\/fr\/wp-json\/wp\/v2\/posts"}],"about":[{"href":"https:\/\/permakultur-landwirtschaft.org\/fr\/wp-json\/wp\/v2\/types\/post"}],"author":[{"embeddable":true,"href":"https:\/\/permakultur-landwirtschaft.org\/fr\/wp-json\/wp\/v2\/users\/2"}],"replies":[{"embeddable":true,"href":"https:\/\/permakultur-landwirtschaft.org\/fr\/wp-json\/wp\/v2\/comments?post=25512"}],"version-history":[{"count":5,"href":"https:\/\/permakultur-landwirtschaft.org\/fr\/wp-json\/wp\/v2\/posts\/25512\/revisions"}],"predecessor-version":[{"id":34577,"href":"https:\/\/permakultur-landwirtschaft.org\/fr\/wp-json\/wp\/v2\/posts\/25512\/revisions\/34577"}],"wp:featuredmedia":[{"embeddable":true,"href":"https:\/\/permakultur-landwirtschaft.org\/fr\/wp-json\/wp\/v2\/media\/25513"}],"wp:attachment":[{"href":"https:\/\/permakultur-landwirtschaft.org\/fr\/wp-json\/wp\/v2\/media?parent=25512"}],"wp:term":[{"taxonomy":"category","embeddable":true,"href":"https:\/\/permakultur-landwirtschaft.org\/fr\/wp-json\/wp\/v2\/categories?post=25512"},{"taxonomy":"post_tag","embeddable":true,"href":"https:\/\/permakultur-landwirtschaft.org\/fr\/wp-json\/wp\/v2\/tags?post=25512"}],"curies":[{"name":"wp","href":"https:\/\/api.w.org\/{rel}","templated":true}]}}