{"id":25507,"date":"2022-09-08T21:09:00","date_gmt":"2022-09-08T19:09:00","guid":{"rendered":"https:\/\/permakultur-landwirtschaft.org\/?p=25507"},"modified":"2022-11-30T07:54:49","modified_gmt":"2022-11-30T06:54:49","slug":"mit-baeumen-gegen-die-duerre-beitrag-auf-arte-vom-08-september-2022","status":"publish","type":"post","link":"https:\/\/permakultur-landwirtschaft.org\/fr\/mit-baeumen-gegen-die-duerre-beitrag-auf-arte-vom-08-september-2022\/","title":{"rendered":"Mit B\u00e4umen gegen die D\u00fcrre &#8211; Beitrag auf ARTE vom 08. September 2022"},"content":{"rendered":"<p>Text von arte.tv:<\/p>\n\n\n\n<h2 class=\"wp-block-heading\">Wie Agroforstwirtschaft unsere Felder sch\u00fctzt<\/h2>\n\n\n\n<p>Dieser Sommer hat es in sich: Hitze, Waldbr\u00e4nde, D\u00fcrren in ganz Europa. Der Klimawandel ist da \u2013 wie kann man die Folgen abmildern? Immer mehr Bauern sehen in der Agroforstwirtschaft eine L\u00f6sung: Baumreihen auf Feldern, in deren Schatten Getreide und Tiere besser gedeihen, der Boden vor Austrocknung und Erosion gesch\u00fctzt ist, Kohlenstoff gebunden wird und Artenvielfalt entsteht.<\/p>\n\n\n\n<p>In Frankreich wei\u00df man dank der Arbeit des Agrarwissenschaftlers Christian Dupraz bereits sehr viel \u00fcber Agroforst. Auf seinem Versuchsfeld f\u00e4hrt der Bauer inzwischen bessere Ernten ein als auf den Vergleichsfeldern ohne B\u00e4ume. Im Languedoc, dem gr\u00f6\u00dften Weinanbaugebiet Frankreichs, setzen nun auch ein Winzer B\u00e4ume zwischen die Rebst\u00f6cke, damit die Trauben nicht schon im August reifen. Auch in Deutschland erkennen immer mehr Landwirte die Vorteile \u2013 wenngleich es sich f\u00fcr manche fast wie ein R\u00fcckschritt anf\u00fchlt, wieder wie fr\u00fcher Hecken in die \u00c4cker zu pflanzen. Hatte man sie doch gerodet um effektiver mit den gro\u00dfen Landmaschinen arbeiten zu k\u00f6nnen. Eine Gruppe schw\u00e4bischer Bauern reist zum Ortstermin nach Frankreich. Zusammen mit ihrem Verp\u00e4chter wollen sie die Umwandlung ihrer \u00c4cker in widerstandsf\u00e4hige Agroforstsysteme planen. Wie k\u00f6nnen die lange vernachl\u00e4ssigten alten Streuobstwiesen einbezogen werden? Mit den neuesten Erkenntnissen im Gep\u00e4ck, machen sie sich auf, die Vorteile der B\u00e4ume mit den Anforderungen moderner Landwirtschaft zu kombinieren, um zumindest gegen die dramatischen Folgen das Klimawandels &#8211; &nbsp;Hitze, D\u00fcrre, Ernteausf\u00e4lle &#8211; besser ger\u00fcstet zu sein. Und ganz nebenbei werden Landwirtschaft und Naturschutz miteinander vers\u00f6hnt.<\/p>\n\n\n\n<p>Link zum Beitrag bei ARTE: <a rel=\"noreferrer noopener\" href=\"https:\/\/www.arte.tv\/de\/videos\/104430-003-A\/re-mit-baeumen-gegen-die-duerre\/\" target=\"_blank\">www.arte.tv\/de\/videos\/104430-003-A\/re-mit-baeumen-gegen-die-duerre<\/a><\/p>\n\n\n\n<p>Link zum selben Beitrag bei Bayerischen Rundfunk BR unter dem Titel &#171;Ackern unter B\u00e4umen: Landwirte entdecken den Agroforst&#187;: <a rel=\"noreferrer noopener\" href=\"https:\/\/youtu.be\/HunpgRK2sDM\" target=\"_blank\">youtu.be\/HunpgRK2sDM<\/a><\/p>\n\n\n\n<figure class=\"wp-block-image size-full\"><a href=\"https:\/\/www.arte.tv\/de\/videos\/104430-003-A\/re-mit-baeumen-gegen-die-duerre\/\" target=\"_blank\" rel=\"noreferrer noopener\"><img fetchpriority=\"high\" decoding=\"async\" width=\"699\" height=\"394\" src=\"https:\/\/permakultur-landwirtschaft.org\/wp-content\/uploads\/2022\/10\/20220908_arte_agroforst.jpg\" alt=\"\" class=\"wp-image-25508\" srcset=\"https:\/\/permakultur-landwirtschaft.org\/wp-content\/uploads\/2022\/10\/20220908_arte_agroforst.jpg 699w, https:\/\/permakultur-landwirtschaft.org\/wp-content\/uploads\/2022\/10\/20220908_arte_agroforst-300x169.jpg 300w\" sizes=\"(max-width: 699px) 100vw, 699px\" \/><\/a><figcaption class=\"wp-element-caption\">Quelle: arte.tv<\/figcaption><\/figure>\n\n\n\n<figure class=\"wp-block-image size-full\"><a href=\"https:\/\/www.arte.tv\/de\/videos\/104430-003-A\/re-mit-baeumen-gegen-die-duerre\/\" target=\"_blank\" rel=\"noreferrer noopener\"><img decoding=\"async\" width=\"700\" height=\"394\" src=\"https:\/\/permakultur-landwirtschaft.org\/wp-content\/uploads\/2022\/10\/20220908_arte_agroforst_2.jpg\" alt=\"\" class=\"wp-image-25509\" srcset=\"https:\/\/permakultur-landwirtschaft.org\/wp-content\/uploads\/2022\/10\/20220908_arte_agroforst_2.jpg 700w, https:\/\/permakultur-landwirtschaft.org\/wp-content\/uploads\/2022\/10\/20220908_arte_agroforst_2-300x169.jpg 300w\" sizes=\"(max-width: 700px) 100vw, 700px\" \/><\/a><figcaption class=\"wp-element-caption\">Quelle: arte.tv<\/figcaption><\/figure>\n\n\n\n<hr class=\"wp-block-separator has-alpha-channel-opacity\"\/>\n\n\n\n<h3 class=\"wp-block-heading\"><a href=\"https:\/\/permakultur-landwirtschaft.org\/fr\/medien\/\">Hier geht&#8217;s zur \u00dcbersicht aller Neuigkeiten<\/a><\/h3>\n\n\n\n<h3 class=\"wp-block-heading\"><a href=\"https:\/\/permakultur-landwirtschaft.org\/fr\/filme\/\">Hier geht&#8217;s zur \u00dcbersicht aller Filme und Audios<\/a><\/h3>","protected":false},"excerpt":{"rendered":"<p>Text von arte.tv: Wie Agroforstwirtschaft unsere Felder sch\u00fctzt Dieser Sommer hat es in sich: Hitze, Waldbr\u00e4nde, D\u00fcrren in ganz Europa. Der Klimawandel ist da \u2013 wie kann man die Folgen abmildern? Immer mehr Bauern sehen in der Agroforstwirtschaft eine L\u00f6sung: Baumreihen auf Feldern, in deren Schatten Getreide und Tiere besser gedeihen, der Boden vor Austrocknung [&hellip;]<\/p>\n","protected":false},"author":2,"featured_media":25510,"comment_status":"closed","ping_status":"closed","sticky":false,"template":"","format":"standard","meta":{"_acf_changed":false,"site-sidebar-layout":"default","site-content-layout":"","ast-site-content-layout":"default","site-content-style":"default","site-sidebar-style":"default","ast-global-header-display":"","ast-banner-title-visibility":"","ast-main-header-display":"","ast-hfb-above-header-display":"","ast-hfb-below-header-display":"","ast-hfb-mobile-header-display":"","site-post-title":"","ast-breadcrumbs-content":"","ast-featured-img":"","footer-sml-layout":"","ast-disable-related-posts":"","theme-transparent-header-meta":"","adv-header-id-meta":"","stick-header-meta":"","header-above-stick-meta":"","header-main-stick-meta":"","header-below-stick-meta":"","astra-migrate-meta-layouts":"default","ast-page-background-enabled":"default","ast-page-background-meta":{"desktop":{"background-color":"var(--ast-global-color-4)","background-image":"","background-repeat":"repeat","background-position":"center center","background-size":"auto","background-attachment":"scroll","background-type":"","background-media":"","overlay-type":"","overlay-color":"","overlay-opacity":"","overlay-gradient":""},"tablet":{"background-color":"","background-image":"","background-repeat":"repeat","background-position":"center center","background-size":"auto","background-attachment":"scroll","background-type":"","background-media":"","overlay-type":"","overlay-color":"","overlay-opacity":"","overlay-gradient":""},"mobile":{"background-color":"","background-image":"","background-repeat":"repeat","background-position":"center center","background-size":"auto","background-attachment":"scroll","background-type":"","background-media":"","overlay-type":"","overlay-color":"","overlay-opacity":"","overlay-gradient":""}},"ast-content-background-meta":{"desktop":{"background-color":"var(--ast-global-color-5)","background-image":"","background-repeat":"repeat","background-position":"center center","background-size":"auto","background-attachment":"scroll","background-type":"","background-media":"","overlay-type":"","overlay-color":"","overlay-opacity":"","overlay-gradient":""},"tablet":{"background-color":"var(--ast-global-color-5)","background-image":"","background-repeat":"repeat","background-position":"center center","background-size":"auto","background-attachment":"scroll","background-type":"","background-media":"","overlay-type":"","overlay-color":"","overlay-opacity":"","overlay-gradient":""},"mobile":{"background-color":"var(--ast-global-color-5)","background-image":"","background-repeat":"repeat","background-position":"center center","background-size":"auto","background-attachment":"scroll","background-type":"","background-media":"","overlay-type":"","overlay-color":"","overlay-opacity":"","overlay-gradient":""}},"footnotes":""},"categories":[45,22],"tags":[],"class_list":["post-25507","post","type-post","status-publish","format-standard","has-post-thumbnail","hentry","category-filme","category-neuigkeit"],"acf":[],"yoast_head":"<!-- This site is optimized with the Yoast SEO plugin v27.5 - https:\/\/yoast.com\/product\/yoast-seo-wordpress\/ -->\n<title>Mit B\u00e4umen gegen die D\u00fcrre - Beitrag auf ARTE vom 08. September 2022 - Permakultur-Landwirtschaft<\/title>\n<meta name=\"robots\" content=\"index, follow, max-snippet:-1, max-image-preview:large, max-video-preview:-1\" \/>\n<link rel=\"canonical\" href=\"https:\/\/permakultur-landwirtschaft.org\/fr\/mit-baeumen-gegen-die-duerre-beitrag-auf-arte-vom-08-september-2022\/\" \/>\n<meta property=\"og:locale\" content=\"fr_FR\" \/>\n<meta property=\"og:type\" content=\"article\" \/>\n<meta property=\"og:title\" content=\"Mit B\u00e4umen gegen die D\u00fcrre - Beitrag auf ARTE vom 08. September 2022 - Permakultur-Landwirtschaft\" \/>\n<meta property=\"og:description\" content=\"Text von arte.tv: Wie Agroforstwirtschaft unsere Felder sch\u00fctzt Dieser Sommer hat es in sich: Hitze, Waldbr\u00e4nde, D\u00fcrren in ganz Europa. Der Klimawandel ist da \u2013 wie kann man die Folgen abmildern? Immer mehr Bauern sehen in der Agroforstwirtschaft eine L\u00f6sung: Baumreihen auf Feldern, in deren Schatten Getreide und Tiere besser gedeihen, der Boden vor Austrocknung [&hellip;]\" \/>\n<meta property=\"og:url\" content=\"https:\/\/permakultur-landwirtschaft.org\/fr\/mit-baeumen-gegen-die-duerre-beitrag-auf-arte-vom-08-september-2022\/\" \/>\n<meta property=\"og:site_name\" content=\"Permakultur-Landwirtschaft\" \/>\n<meta property=\"article:publisher\" content=\"https:\/\/www.facebook.com\/PermakulturLandwirtschaft\" \/>\n<meta property=\"article:published_time\" content=\"2022-09-08T19:09:00+00:00\" \/>\n<meta property=\"article:modified_time\" content=\"2022-11-30T06:54:49+00:00\" \/>\n<meta property=\"og:image\" content=\"https:\/\/permakultur-landwirtschaft.org\/wp-content\/uploads\/2022\/10\/20220908_arte_agroforst_3.jpg\" \/>\n\t<meta property=\"og:image:width\" content=\"701\" \/>\n\t<meta property=\"og:image:height\" content=\"394\" \/>\n\t<meta property=\"og:image:type\" content=\"image\/jpeg\" \/>\n<meta name=\"author\" content=\"adrian reutimann\" \/>\n<meta name=\"twitter:card\" content=\"summary_large_image\" \/>\n<meta name=\"twitter:label1\" content=\"\u00c9crit par\" \/>\n\t<meta name=\"twitter:data1\" content=\"adrian reutimann\" \/>\n\t<meta name=\"twitter:label2\" content=\"Dur\u00e9e de lecture estim\u00e9e\" \/>\n\t<meta name=\"twitter:data2\" content=\"2 minutes\" \/>\n<script type=\"application\/ld+json\" class=\"yoast-schema-graph\">{\"@context\":\"https:\\\/\\\/schema.org\",\"@graph\":[{\"@type\":\"Article\",\"@id\":\"https:\\\/\\\/permakultur-landwirtschaft.org\\\/mit-baeumen-gegen-die-duerre-beitrag-auf-arte-vom-08-september-2022\\\/#article\",\"isPartOf\":{\"@id\":\"https:\\\/\\\/permakultur-landwirtschaft.org\\\/mit-baeumen-gegen-die-duerre-beitrag-auf-arte-vom-08-september-2022\\\/\"},\"author\":{\"name\":\"adrian reutimann\",\"@id\":\"https:\\\/\\\/permakultur-landwirtschaft.org\\\/#\\\/schema\\\/person\\\/6b0467872f75aed3e144093f9bf4f0b0\"},\"headline\":\"Mit B\u00e4umen gegen die D\u00fcrre &#8211; Beitrag auf ARTE vom 08. September 2022\",\"datePublished\":\"2022-09-08T19:09:00+00:00\",\"dateModified\":\"2022-11-30T06:54:49+00:00\",\"mainEntityOfPage\":{\"@id\":\"https:\\\/\\\/permakultur-landwirtschaft.org\\\/mit-baeumen-gegen-die-duerre-beitrag-auf-arte-vom-08-september-2022\\\/\"},\"wordCount\":340,\"publisher\":{\"@id\":\"https:\\\/\\\/permakultur-landwirtschaft.org\\\/#organization\"},\"image\":{\"@id\":\"https:\\\/\\\/permakultur-landwirtschaft.org\\\/mit-baeumen-gegen-die-duerre-beitrag-auf-arte-vom-08-september-2022\\\/#primaryimage\"},\"thumbnailUrl\":\"https:\\\/\\\/permakultur-landwirtschaft.org\\\/wp-content\\\/uploads\\\/2022\\\/10\\\/20220908_arte_agroforst_3.jpg\",\"articleSection\":[\"Film\",\"Neuigkeit\"],\"inLanguage\":\"fr-FR\"},{\"@type\":\"WebPage\",\"@id\":\"https:\\\/\\\/permakultur-landwirtschaft.org\\\/mit-baeumen-gegen-die-duerre-beitrag-auf-arte-vom-08-september-2022\\\/\",\"url\":\"https:\\\/\\\/permakultur-landwirtschaft.org\\\/mit-baeumen-gegen-die-duerre-beitrag-auf-arte-vom-08-september-2022\\\/\",\"name\":\"Mit B\u00e4umen gegen die D\u00fcrre - Beitrag auf ARTE vom 08. September 2022 - Permakultur-Landwirtschaft\",\"isPartOf\":{\"@id\":\"https:\\\/\\\/permakultur-landwirtschaft.org\\\/#website\"},\"primaryImageOfPage\":{\"@id\":\"https:\\\/\\\/permakultur-landwirtschaft.org\\\/mit-baeumen-gegen-die-duerre-beitrag-auf-arte-vom-08-september-2022\\\/#primaryimage\"},\"image\":{\"@id\":\"https:\\\/\\\/permakultur-landwirtschaft.org\\\/mit-baeumen-gegen-die-duerre-beitrag-auf-arte-vom-08-september-2022\\\/#primaryimage\"},\"thumbnailUrl\":\"https:\\\/\\\/permakultur-landwirtschaft.org\\\/wp-content\\\/uploads\\\/2022\\\/10\\\/20220908_arte_agroforst_3.jpg\",\"datePublished\":\"2022-09-08T19:09:00+00:00\",\"dateModified\":\"2022-11-30T06:54:49+00:00\",\"breadcrumb\":{\"@id\":\"https:\\\/\\\/permakultur-landwirtschaft.org\\\/mit-baeumen-gegen-die-duerre-beitrag-auf-arte-vom-08-september-2022\\\/#breadcrumb\"},\"inLanguage\":\"fr-FR\",\"potentialAction\":[{\"@type\":\"ReadAction\",\"target\":[\"https:\\\/\\\/permakultur-landwirtschaft.org\\\/mit-baeumen-gegen-die-duerre-beitrag-auf-arte-vom-08-september-2022\\\/\"]}]},{\"@type\":\"ImageObject\",\"inLanguage\":\"fr-FR\",\"@id\":\"https:\\\/\\\/permakultur-landwirtschaft.org\\\/mit-baeumen-gegen-die-duerre-beitrag-auf-arte-vom-08-september-2022\\\/#primaryimage\",\"url\":\"https:\\\/\\\/permakultur-landwirtschaft.org\\\/wp-content\\\/uploads\\\/2022\\\/10\\\/20220908_arte_agroforst_3.jpg\",\"contentUrl\":\"https:\\\/\\\/permakultur-landwirtschaft.org\\\/wp-content\\\/uploads\\\/2022\\\/10\\\/20220908_arte_agroforst_3.jpg\",\"width\":701,\"height\":394},{\"@type\":\"BreadcrumbList\",\"@id\":\"https:\\\/\\\/permakultur-landwirtschaft.org\\\/mit-baeumen-gegen-die-duerre-beitrag-auf-arte-vom-08-september-2022\\\/#breadcrumb\",\"itemListElement\":[{\"@type\":\"ListItem\",\"position\":1,\"name\":\"Startseite\",\"item\":\"https:\\\/\\\/permakultur-landwirtschaft.org\\\/\"},{\"@type\":\"ListItem\",\"position\":2,\"name\":\"Mit B\u00e4umen gegen die D\u00fcrre &#8211; Beitrag auf ARTE vom 08. September 2022\"}]},{\"@type\":\"WebSite\",\"@id\":\"https:\\\/\\\/permakultur-landwirtschaft.org\\\/#website\",\"url\":\"https:\\\/\\\/permakultur-landwirtschaft.org\\\/\",\"name\":\"Permakultur-Landwirtschaft\",\"description\":\"F\u00f6rderung der Permakultur in der Landwirtschaft\",\"publisher\":{\"@id\":\"https:\\\/\\\/permakultur-landwirtschaft.org\\\/#organization\"},\"potentialAction\":[{\"@type\":\"SearchAction\",\"target\":{\"@type\":\"EntryPoint\",\"urlTemplate\":\"https:\\\/\\\/permakultur-landwirtschaft.org\\\/?s={search_term_string}\"},\"query-input\":{\"@type\":\"PropertyValueSpecification\",\"valueRequired\":true,\"valueName\":\"search_term_string\"}}],\"inLanguage\":\"fr-FR\"},{\"@type\":\"Organization\",\"@id\":\"https:\\\/\\\/permakultur-landwirtschaft.org\\\/#organization\",\"name\":\"Permakultur-Landwirtschaft\",\"alternateName\":\"Verein Permakultur-Landwirtschaft\",\"url\":\"https:\\\/\\\/permakultur-landwirtschaft.org\\\/\",\"logo\":{\"@type\":\"ImageObject\",\"inLanguage\":\"fr-FR\",\"@id\":\"https:\\\/\\\/permakultur-landwirtschaft.org\\\/#\\\/schema\\\/logo\\\/image\\\/\",\"url\":\"https:\\\/\\\/permakultur-landwirtschaft.org\\\/wp-content\\\/uploads\\\/2021\\\/11\\\/pela_1268x1269.png\",\"contentUrl\":\"https:\\\/\\\/permakultur-landwirtschaft.org\\\/wp-content\\\/uploads\\\/2021\\\/11\\\/pela_1268x1269.png\",\"width\":1298,\"height\":1269,\"caption\":\"Permakultur-Landwirtschaft\"},\"image\":{\"@id\":\"https:\\\/\\\/permakultur-landwirtschaft.org\\\/#\\\/schema\\\/logo\\\/image\\\/\"},\"sameAs\":[\"https:\\\/\\\/www.facebook.com\\\/PermakulturLandwirtschaft\",\"https:\\\/\\\/www.instagram.com\\\/permakultur_landwirtschaft\\\/\",\"https:\\\/\\\/www.flickr.com\\\/photos\\\/permakultur-landwirtschaft\",\"https:\\\/\\\/www.youtube.com\\\/@PermakulturLandwirtschaft\"]},{\"@type\":\"Person\",\"@id\":\"https:\\\/\\\/permakultur-landwirtschaft.org\\\/#\\\/schema\\\/person\\\/6b0467872f75aed3e144093f9bf4f0b0\",\"name\":\"adrian reutimann\",\"url\":\"https:\\\/\\\/permakultur-landwirtschaft.org\\\/fr\\\/author\\\/reutiadr\\\/\"}]}<\/script>\n<!-- \/ Yoast SEO plugin. -->","yoast_head_json":{"title":"Mit B\u00e4umen gegen die D\u00fcrre - Beitrag auf ARTE vom 08. September 2022 - Permakultur-Landwirtschaft","robots":{"index":"index","follow":"follow","max-snippet":"max-snippet:-1","max-image-preview":"max-image-preview:large","max-video-preview":"max-video-preview:-1"},"canonical":"https:\/\/permakultur-landwirtschaft.org\/fr\/mit-baeumen-gegen-die-duerre-beitrag-auf-arte-vom-08-september-2022\/","og_locale":"fr_FR","og_type":"article","og_title":"Mit B\u00e4umen gegen die D\u00fcrre - Beitrag auf ARTE vom 08. September 2022 - Permakultur-Landwirtschaft","og_description":"Text von arte.tv: Wie Agroforstwirtschaft unsere Felder sch\u00fctzt Dieser Sommer hat es in sich: Hitze, Waldbr\u00e4nde, D\u00fcrren in ganz Europa. Der Klimawandel ist da \u2013 wie kann man die Folgen abmildern? Immer mehr Bauern sehen in der Agroforstwirtschaft eine L\u00f6sung: Baumreihen auf Feldern, in deren Schatten Getreide und Tiere besser gedeihen, der Boden vor Austrocknung [&hellip;]","og_url":"https:\/\/permakultur-landwirtschaft.org\/fr\/mit-baeumen-gegen-die-duerre-beitrag-auf-arte-vom-08-september-2022\/","og_site_name":"Permakultur-Landwirtschaft","article_publisher":"https:\/\/www.facebook.com\/PermakulturLandwirtschaft","article_published_time":"2022-09-08T19:09:00+00:00","article_modified_time":"2022-11-30T06:54:49+00:00","og_image":[{"width":701,"height":394,"url":"https:\/\/permakultur-landwirtschaft.org\/wp-content\/uploads\/2022\/10\/20220908_arte_agroforst_3.jpg","type":"image\/jpeg"}],"author":"adrian reutimann","twitter_card":"summary_large_image","twitter_misc":{"\u00c9crit par":"adrian reutimann","Dur\u00e9e de lecture estim\u00e9e":"2 minutes"},"schema":{"@context":"https:\/\/schema.org","@graph":[{"@type":"Article","@id":"https:\/\/permakultur-landwirtschaft.org\/mit-baeumen-gegen-die-duerre-beitrag-auf-arte-vom-08-september-2022\/#article","isPartOf":{"@id":"https:\/\/permakultur-landwirtschaft.org\/mit-baeumen-gegen-die-duerre-beitrag-auf-arte-vom-08-september-2022\/"},"author":{"name":"adrian reutimann","@id":"https:\/\/permakultur-landwirtschaft.org\/#\/schema\/person\/6b0467872f75aed3e144093f9bf4f0b0"},"headline":"Mit B\u00e4umen gegen die D\u00fcrre &#8211; Beitrag auf ARTE vom 08. September 2022","datePublished":"2022-09-08T19:09:00+00:00","dateModified":"2022-11-30T06:54:49+00:00","mainEntityOfPage":{"@id":"https:\/\/permakultur-landwirtschaft.org\/mit-baeumen-gegen-die-duerre-beitrag-auf-arte-vom-08-september-2022\/"},"wordCount":340,"publisher":{"@id":"https:\/\/permakultur-landwirtschaft.org\/#organization"},"image":{"@id":"https:\/\/permakultur-landwirtschaft.org\/mit-baeumen-gegen-die-duerre-beitrag-auf-arte-vom-08-september-2022\/#primaryimage"},"thumbnailUrl":"https:\/\/permakultur-landwirtschaft.org\/wp-content\/uploads\/2022\/10\/20220908_arte_agroforst_3.jpg","articleSection":["Film","Neuigkeit"],"inLanguage":"fr-FR"},{"@type":"WebPage","@id":"https:\/\/permakultur-landwirtschaft.org\/mit-baeumen-gegen-die-duerre-beitrag-auf-arte-vom-08-september-2022\/","url":"https:\/\/permakultur-landwirtschaft.org\/mit-baeumen-gegen-die-duerre-beitrag-auf-arte-vom-08-september-2022\/","name":"Mit B\u00e4umen gegen die D\u00fcrre - Beitrag auf ARTE vom 08. September 2022 - Permakultur-Landwirtschaft","isPartOf":{"@id":"https:\/\/permakultur-landwirtschaft.org\/#website"},"primaryImageOfPage":{"@id":"https:\/\/permakultur-landwirtschaft.org\/mit-baeumen-gegen-die-duerre-beitrag-auf-arte-vom-08-september-2022\/#primaryimage"},"image":{"@id":"https:\/\/permakultur-landwirtschaft.org\/mit-baeumen-gegen-die-duerre-beitrag-auf-arte-vom-08-september-2022\/#primaryimage"},"thumbnailUrl":"https:\/\/permakultur-landwirtschaft.org\/wp-content\/uploads\/2022\/10\/20220908_arte_agroforst_3.jpg","datePublished":"2022-09-08T19:09:00+00:00","dateModified":"2022-11-30T06:54:49+00:00","breadcrumb":{"@id":"https:\/\/permakultur-landwirtschaft.org\/mit-baeumen-gegen-die-duerre-beitrag-auf-arte-vom-08-september-2022\/#breadcrumb"},"inLanguage":"fr-FR","potentialAction":[{"@type":"ReadAction","target":["https:\/\/permakultur-landwirtschaft.org\/mit-baeumen-gegen-die-duerre-beitrag-auf-arte-vom-08-september-2022\/"]}]},{"@type":"ImageObject","inLanguage":"fr-FR","@id":"https:\/\/permakultur-landwirtschaft.org\/mit-baeumen-gegen-die-duerre-beitrag-auf-arte-vom-08-september-2022\/#primaryimage","url":"https:\/\/permakultur-landwirtschaft.org\/wp-content\/uploads\/2022\/10\/20220908_arte_agroforst_3.jpg","contentUrl":"https:\/\/permakultur-landwirtschaft.org\/wp-content\/uploads\/2022\/10\/20220908_arte_agroforst_3.jpg","width":701,"height":394},{"@type":"BreadcrumbList","@id":"https:\/\/permakultur-landwirtschaft.org\/mit-baeumen-gegen-die-duerre-beitrag-auf-arte-vom-08-september-2022\/#breadcrumb","itemListElement":[{"@type":"ListItem","position":1,"name":"Startseite","item":"https:\/\/permakultur-landwirtschaft.org\/"},{"@type":"ListItem","position":2,"name":"Mit B\u00e4umen gegen die D\u00fcrre &#8211; Beitrag auf ARTE vom 08. September 2022"}]},{"@type":"WebSite","@id":"https:\/\/permakultur-landwirtschaft.org\/#website","url":"https:\/\/permakultur-landwirtschaft.org\/","name":"Permakultur-Landwirtschaft","description":"F\u00f6rderung der Permakultur in der Landwirtschaft","publisher":{"@id":"https:\/\/permakultur-landwirtschaft.org\/#organization"},"potentialAction":[{"@type":"SearchAction","target":{"@type":"EntryPoint","urlTemplate":"https:\/\/permakultur-landwirtschaft.org\/?s={search_term_string}"},"query-input":{"@type":"PropertyValueSpecification","valueRequired":true,"valueName":"search_term_string"}}],"inLanguage":"fr-FR"},{"@type":"Organization","@id":"https:\/\/permakultur-landwirtschaft.org\/#organization","name":"Permakultur-Landwirtschaft","alternateName":"Verein Permakultur-Landwirtschaft","url":"https:\/\/permakultur-landwirtschaft.org\/","logo":{"@type":"ImageObject","inLanguage":"fr-FR","@id":"https:\/\/permakultur-landwirtschaft.org\/#\/schema\/logo\/image\/","url":"https:\/\/permakultur-landwirtschaft.org\/wp-content\/uploads\/2021\/11\/pela_1268x1269.png","contentUrl":"https:\/\/permakultur-landwirtschaft.org\/wp-content\/uploads\/2021\/11\/pela_1268x1269.png","width":1298,"height":1269,"caption":"Permakultur-Landwirtschaft"},"image":{"@id":"https:\/\/permakultur-landwirtschaft.org\/#\/schema\/logo\/image\/"},"sameAs":["https:\/\/www.facebook.com\/PermakulturLandwirtschaft","https:\/\/www.instagram.com\/permakultur_landwirtschaft\/","https:\/\/www.flickr.com\/photos\/permakultur-landwirtschaft","https:\/\/www.youtube.com\/@PermakulturLandwirtschaft"]},{"@type":"Person","@id":"https:\/\/permakultur-landwirtschaft.org\/#\/schema\/person\/6b0467872f75aed3e144093f9bf4f0b0","name":"adrian reutimann","url":"https:\/\/permakultur-landwirtschaft.org\/fr\/author\/reutiadr\/"}]}},"_links":{"self":[{"href":"https:\/\/permakultur-landwirtschaft.org\/fr\/wp-json\/wp\/v2\/posts\/25507","targetHints":{"allow":["GET"]}}],"collection":[{"href":"https:\/\/permakultur-landwirtschaft.org\/fr\/wp-json\/wp\/v2\/posts"}],"about":[{"href":"https:\/\/permakultur-landwirtschaft.org\/fr\/wp-json\/wp\/v2\/types\/post"}],"author":[{"embeddable":true,"href":"https:\/\/permakultur-landwirtschaft.org\/fr\/wp-json\/wp\/v2\/users\/2"}],"replies":[{"embeddable":true,"href":"https:\/\/permakultur-landwirtschaft.org\/fr\/wp-json\/wp\/v2\/comments?post=25507"}],"version-history":[{"count":3,"href":"https:\/\/permakultur-landwirtschaft.org\/fr\/wp-json\/wp\/v2\/posts\/25507\/revisions"}],"predecessor-version":[{"id":26563,"href":"https:\/\/permakultur-landwirtschaft.org\/fr\/wp-json\/wp\/v2\/posts\/25507\/revisions\/26563"}],"wp:featuredmedia":[{"embeddable":true,"href":"https:\/\/permakultur-landwirtschaft.org\/fr\/wp-json\/wp\/v2\/media\/25510"}],"wp:attachment":[{"href":"https:\/\/permakultur-landwirtschaft.org\/fr\/wp-json\/wp\/v2\/media?parent=25507"}],"wp:term":[{"taxonomy":"category","embeddable":true,"href":"https:\/\/permakultur-landwirtschaft.org\/fr\/wp-json\/wp\/v2\/categories?post=25507"},{"taxonomy":"post_tag","embeddable":true,"href":"https:\/\/permakultur-landwirtschaft.org\/fr\/wp-json\/wp\/v2\/tags?post=25507"}],"curies":[{"name":"wp","href":"https:\/\/api.w.org\/{rel}","templated":true}]}}