{"id":25488,"date":"2022-11-04T09:03:00","date_gmt":"2022-11-04T08:03:00","guid":{"rendered":"https:\/\/permakultur-landwirtschaft.org\/?p=25488"},"modified":"2022-11-09T17:54:57","modified_gmt":"2022-11-09T16:54:57","slug":"1-nationales-forum-fuer-den-wandel-zu-einer-regenerativen-landwirtschaft-anlass-am-04-november-2022","status":"publish","type":"post","link":"https:\/\/permakultur-landwirtschaft.org\/fr\/1-nationales-forum-fuer-den-wandel-zu-einer-regenerativen-landwirtschaft-anlass-am-04-november-2022\/","title":{"rendered":"1. Nationales Forum f\u00fcr den Wandel zu einer regenerativen Landwirtschaft &#8211; Anlass am 04. November 2022"},"content":{"rendered":"<p>Text von enkeltauglich-wirtschaften.ch:<br>Noch nie in der Geschichte wurden weltweit so viele Pestizide eingesetzt wie heute \u2013 und nicht ohne Folgen: Artensterben, Pestizidvergiftungen und Verst\u00e4rkung globaler Ungerechtigkeit.<\/p>\n\n\n\n<p>Source :&nbsp;<a href=\"https:\/\/www.publiceye.ch\/de\/\">Public Eye<\/a>&nbsp;2. September 2022<\/p>\n\n\n\n<p>Heute liegt die j\u00e4hrlich ausgebrachte Pestizidmenge bei ca. 4 Millionen Tonnen weltweit! Fast die H\u00e4lfte davon sind Herbizide, die gegen Unkr\u00e4uter verwendet werden; knapp 30% sind Insektizide, die gegen sch\u00e4dliche Insekten wirken und etwa 17% sind Fungizide gegen Pilzbefall. Marktanalysen bezifferten den globalen Pestizid-Marktwert im Jahr 2019 auf fast 84,5 Milliarden $ (und vorne mit dabei ist die Schweizer Syngenta). Alle Zahlen und Fakten zu diesem giftigen Gesch\u00e4ft gibt\u2019s im neuen Schweizer&nbsp;<a href=\"https:\/\/www.publiceye.ch\/de\/themen\/pestizide\">Pestizidatlas<\/a>&nbsp;von Public Eye.&nbsp;<\/p>\n\n\n\n<p>\u00abUnd jetzt?\u00bb, fragt unser Gr\u00fcnder, Kai Isemann, zurecht.<\/p>\n\n\n\n<p>UND DABEI IST ES SO EINFACH!<\/p>\n\n\n\n<p>Mischkulturen, Terra Preta, Keyline-Farming, Agroforst, Syntropische Landwirtschaft\u2026 das ist alles nichts Neues. Es kommt nur jetzt endlich langsam wieder auf, weil einige wenige Menschen erkennen, dass der vor einigen Generationen eingeschlagene, auf der Gier Einzelner basierende und dummerweise strikt beibehaltene Weg, nicht funktioniert.<\/p>\n\n\n\n<p>Die wenigen H\u00f6fe, die seit der Implementierung des landwirtschaftlichen Fl\u00e4chencodes 725 auf Mischkulturen umgestellt haben, belegen die Sinnhaftigkeit eines reflektierten Handelns. Dies nicht nur in Bezug auf h\u00f6here SAK und Direktzahlungen, sondern auch in Bezug auf den effektiven Ertrag aufgrund weit besserer Qualit\u00e4t (und damit besseren Verkaufspreisen), einem diversifizierten Angebot, kurzen Lieferwegen, wegfallender Zwischenh\u00e4ndler und (!) einer \u00fcberdurchschnittlich hohen Selbstversorgerquote f\u00fcr die Region. Dazu kommt nebenbei ein regenerativer Bodenaufbau, eine enorme St\u00e4rkung der regionalen Sozialstrukturen (miteinander anstatt gegeneinander, h\u00f6rt, h\u00f6rt\u2026), viel weniger Investitionsbedarf und keine Chemie.<\/p>\n\n\n\n<p>Nur ein Teil hiervon ist tats\u00e4chlich \u00f6konomisch auswertbar \u2013 und genau hier zeigt sich das Problem!<\/p>\n\n\n\n<p>In den vergangenen Monaten hatte die Stiftung WeContribute sich mit vielen verschiedenen Menschen und Organisationen zum Thema \u201cFl\u00e4chencode 725\u201d ausgetauscht und mittlerweile hat sich ein stabiles Netzwerk formiert, welches eine schweizweite Umstellung voranzutreiben bereit ist.<\/p>\n\n\n\n<p>Mit einer breit angelegten, nationalen Wandlung landwirtschaftlicher Betriebe auf den Fl\u00e4chencode 725, auf Agroforst-Systeme und Syntropische Landwirtschaft, k\u00f6nnen alle o. g. Themen innert weniger Jahre adressiert werden!<\/p>\n\n\n\n<p>WAS BRAUCHT ES?<\/p>\n\n\n\n<ol class=\"wp-block-list\"><li>Erkenntnis schaffen<\/li><li>Ausbildung &amp; Schulung<\/li><li>Finanzierung der Umstellung<\/li><\/ol>\n\n\n\n<hr class=\"wp-block-separator has-alpha-channel-opacity\"\/>\n\n\n\n<h3 class=\"wp-block-heading\">Date<\/h3>\n\n\n\n<p>04. November 2022<\/p>\n\n\n\n<h3 class=\"wp-block-heading\">Lieu<\/h3>\n\n\n\n<p><a rel=\"noreferrer noopener\" href=\"https:\/\/gdi.ch\" target=\"_blank\">Gottlieb-Duttweiler-Institut<\/a><br>R\u00fcschlikon ZH<\/p>\n\n\n\n<p>Infos zum Anlass unter diesem Link: <a href=\"https:\/\/enkeltauglich-wirtschaften.ch\/stiftung\/fokus\/forum725\/\" target=\"_blank\" rel=\"noreferrer noopener\">enkeltauglich-wirtschaften.ch\/stiftung\/fokus\/forum725<\/a><\/p>\n\n\n\n<figure class=\"wp-block-image size-full\"><a href=\"https:\/\/enkeltauglich-wirtschaften.ch\/stiftung\/fokus\/forum725\/\" target=\"_blank\" rel=\"noreferrer noopener\"><img fetchpriority=\"high\" decoding=\"async\" width=\"699\" height=\"330\" src=\"https:\/\/permakultur-landwirtschaft.org\/wp-content\/uploads\/2022\/10\/20221104_forum725.jpg\" alt=\"\" class=\"wp-image-25489\" srcset=\"https:\/\/permakultur-landwirtschaft.org\/wp-content\/uploads\/2022\/10\/20221104_forum725.jpg 699w, https:\/\/permakultur-landwirtschaft.org\/wp-content\/uploads\/2022\/10\/20221104_forum725-300x142.jpg 300w\" sizes=\"(max-width: 699px) 100vw, 699px\" \/><\/a><figcaption>Quelle: enkeltauglich-wirtschaften.ch<\/figcaption><\/figure>\n\n\n\n<hr class=\"wp-block-separator has-alpha-channel-opacity\"\/>\n\n\n\n<h3 class=\"wp-block-heading\"><a href=\"https:\/\/permakultur-landwirtschaft.org\/fr\/veranstaltungen\/\">Hier geht&#8217;s zur \u00dcbersicht aktuelle Veranstaltungen<\/a><\/h3>","protected":false},"excerpt":{"rendered":"<p>Text von enkeltauglich-wirtschaften.ch:Noch nie in der Geschichte wurden weltweit so viele Pestizide eingesetzt wie heute \u2013 und nicht ohne Folgen: Artensterben, Pestizidvergiftungen und Verst\u00e4rkung globaler Ungerechtigkeit. Quelle:&nbsp;Public Eye&nbsp;2. September 2022 Heute liegt die j\u00e4hrlich ausgebrachte Pestizidmenge bei ca. 4 Millionen Tonnen weltweit! Fast die H\u00e4lfte davon sind Herbizide, die gegen Unkr\u00e4uter verwendet werden; knapp 30% [&hellip;]<\/p>\n","protected":false},"author":2,"featured_media":25489,"comment_status":"closed","ping_status":"closed","sticky":false,"template":"","format":"standard","meta":{"_acf_changed":false,"site-sidebar-layout":"default","site-content-layout":"","ast-site-content-layout":"default","site-content-style":"default","site-sidebar-style":"default","ast-global-header-display":"","ast-banner-title-visibility":"","ast-main-header-display":"","ast-hfb-above-header-display":"","ast-hfb-below-header-display":"","ast-hfb-mobile-header-display":"","site-post-title":"","ast-breadcrumbs-content":"","ast-featured-img":"","footer-sml-layout":"","ast-disable-related-posts":"","theme-transparent-header-meta":"","adv-header-id-meta":"","stick-header-meta":"","header-above-stick-meta":"","header-main-stick-meta":"","header-below-stick-meta":"","astra-migrate-meta-layouts":"default","ast-page-background-enabled":"default","ast-page-background-meta":{"desktop":{"background-color":"var(--ast-global-color-4)","background-image":"","background-repeat":"repeat","background-position":"center center","background-size":"auto","background-attachment":"scroll","background-type":"","background-media":"","overlay-type":"","overlay-color":"","overlay-opacity":"","overlay-gradient":""},"tablet":{"background-color":"","background-image":"","background-repeat":"repeat","background-position":"center center","background-size":"auto","background-attachment":"scroll","background-type":"","background-media":"","overlay-type":"","overlay-color":"","overlay-opacity":"","overlay-gradient":""},"mobile":{"background-color":"","background-image":"","background-repeat":"repeat","background-position":"center center","background-size":"auto","background-attachment":"scroll","background-type":"","background-media":"","overlay-type":"","overlay-color":"","overlay-opacity":"","overlay-gradient":""}},"ast-content-background-meta":{"desktop":{"background-color":"var(--ast-global-color-5)","background-image":"","background-repeat":"repeat","background-position":"center center","background-size":"auto","background-attachment":"scroll","background-type":"","background-media":"","overlay-type":"","overlay-color":"","overlay-opacity":"","overlay-gradient":""},"tablet":{"background-color":"var(--ast-global-color-5)","background-image":"","background-repeat":"repeat","background-position":"center center","background-size":"auto","background-attachment":"scroll","background-type":"","background-media":"","overlay-type":"","overlay-color":"","overlay-opacity":"","overlay-gradient":""},"mobile":{"background-color":"var(--ast-global-color-5)","background-image":"","background-repeat":"repeat","background-position":"center center","background-size":"auto","background-attachment":"scroll","background-type":"","background-media":"","overlay-type":"","overlay-color":"","overlay-opacity":"","overlay-gradient":""}},"footnotes":""},"categories":[21],"tags":[],"class_list":["post-25488","post","type-post","status-publish","format-standard","has-post-thumbnail","hentry","category-veranstaltungen_archiv"],"acf":[],"yoast_head":"<!-- This site is optimized with the Yoast SEO plugin v27.5 - https:\/\/yoast.com\/product\/yoast-seo-wordpress\/ -->\n<title>1. Nationales Forum f\u00fcr den Wandel zu einer regenerativen Landwirtschaft - Anlass am 04. November 2022 - Permakultur-Landwirtschaft<\/title>\n<meta name=\"robots\" content=\"index, follow, max-snippet:-1, max-image-preview:large, max-video-preview:-1\" \/>\n<link rel=\"canonical\" href=\"https:\/\/permakultur-landwirtschaft.org\/fr\/1-nationales-forum-fuer-den-wandel-zu-einer-regenerativen-landwirtschaft-anlass-am-04-november-2022\/\" \/>\n<meta property=\"og:locale\" content=\"fr_FR\" \/>\n<meta property=\"og:type\" content=\"article\" \/>\n<meta property=\"og:title\" content=\"1. Nationales Forum f\u00fcr den Wandel zu einer regenerativen Landwirtschaft - Anlass am 04. November 2022 - Permakultur-Landwirtschaft\" \/>\n<meta property=\"og:description\" content=\"Text von enkeltauglich-wirtschaften.ch:Noch nie in der Geschichte wurden weltweit so viele Pestizide eingesetzt wie heute \u2013 und nicht ohne Folgen: Artensterben, Pestizidvergiftungen und Verst\u00e4rkung globaler Ungerechtigkeit. Quelle:&nbsp;Public Eye&nbsp;2. September 2022 Heute liegt die j\u00e4hrlich ausgebrachte Pestizidmenge bei ca. 4 Millionen Tonnen weltweit! Fast die H\u00e4lfte davon sind Herbizide, die gegen Unkr\u00e4uter verwendet werden; knapp 30% [&hellip;]\" \/>\n<meta property=\"og:url\" content=\"https:\/\/permakultur-landwirtschaft.org\/fr\/1-nationales-forum-fuer-den-wandel-zu-einer-regenerativen-landwirtschaft-anlass-am-04-november-2022\/\" \/>\n<meta property=\"og:site_name\" content=\"Permakultur-Landwirtschaft\" \/>\n<meta property=\"article:publisher\" content=\"https:\/\/www.facebook.com\/PermakulturLandwirtschaft\" \/>\n<meta property=\"article:published_time\" content=\"2022-11-04T08:03:00+00:00\" \/>\n<meta property=\"article:modified_time\" content=\"2022-11-09T16:54:57+00:00\" \/>\n<meta property=\"og:image\" content=\"https:\/\/permakultur-landwirtschaft.org\/wp-content\/uploads\/2022\/10\/20221104_forum725.jpg\" \/>\n\t<meta property=\"og:image:width\" content=\"699\" \/>\n\t<meta property=\"og:image:height\" content=\"330\" \/>\n\t<meta property=\"og:image:type\" content=\"image\/jpeg\" \/>\n<meta name=\"author\" content=\"adrian reutimann\" \/>\n<meta name=\"twitter:card\" content=\"summary_large_image\" \/>\n<meta name=\"twitter:label1\" content=\"\u00c9crit par\" \/>\n\t<meta name=\"twitter:data1\" content=\"adrian reutimann\" \/>\n\t<meta name=\"twitter:label2\" content=\"Dur\u00e9e de lecture estim\u00e9e\" \/>\n\t<meta name=\"twitter:data2\" content=\"2 minutes\" \/>\n<script type=\"application\/ld+json\" class=\"yoast-schema-graph\">{\"@context\":\"https:\\\/\\\/schema.org\",\"@graph\":[{\"@type\":\"Article\",\"@id\":\"https:\\\/\\\/permakultur-landwirtschaft.org\\\/1-nationales-forum-fuer-den-wandel-zu-einer-regenerativen-landwirtschaft-anlass-am-04-november-2022\\\/#article\",\"isPartOf\":{\"@id\":\"https:\\\/\\\/permakultur-landwirtschaft.org\\\/1-nationales-forum-fuer-den-wandel-zu-einer-regenerativen-landwirtschaft-anlass-am-04-november-2022\\\/\"},\"author\":{\"name\":\"adrian reutimann\",\"@id\":\"https:\\\/\\\/permakultur-landwirtschaft.org\\\/#\\\/schema\\\/person\\\/6b0467872f75aed3e144093f9bf4f0b0\"},\"headline\":\"1. Nationales Forum f\u00fcr den Wandel zu einer regenerativen Landwirtschaft &#8211; Anlass am 04. November 2022\",\"datePublished\":\"2022-11-04T08:03:00+00:00\",\"dateModified\":\"2022-11-09T16:54:57+00:00\",\"mainEntityOfPage\":{\"@id\":\"https:\\\/\\\/permakultur-landwirtschaft.org\\\/1-nationales-forum-fuer-den-wandel-zu-einer-regenerativen-landwirtschaft-anlass-am-04-november-2022\\\/\"},\"wordCount\":396,\"publisher\":{\"@id\":\"https:\\\/\\\/permakultur-landwirtschaft.org\\\/#organization\"},\"image\":{\"@id\":\"https:\\\/\\\/permakultur-landwirtschaft.org\\\/1-nationales-forum-fuer-den-wandel-zu-einer-regenerativen-landwirtschaft-anlass-am-04-november-2022\\\/#primaryimage\"},\"thumbnailUrl\":\"https:\\\/\\\/permakultur-landwirtschaft.org\\\/wp-content\\\/uploads\\\/2022\\\/10\\\/20221104_forum725.jpg\",\"articleSection\":[\"Veranstaltungen_Archiv\"],\"inLanguage\":\"fr-FR\"},{\"@type\":\"WebPage\",\"@id\":\"https:\\\/\\\/permakultur-landwirtschaft.org\\\/1-nationales-forum-fuer-den-wandel-zu-einer-regenerativen-landwirtschaft-anlass-am-04-november-2022\\\/\",\"url\":\"https:\\\/\\\/permakultur-landwirtschaft.org\\\/1-nationales-forum-fuer-den-wandel-zu-einer-regenerativen-landwirtschaft-anlass-am-04-november-2022\\\/\",\"name\":\"1. Nationales Forum f\u00fcr den Wandel zu einer regenerativen Landwirtschaft - Anlass am 04. November 2022 - Permakultur-Landwirtschaft\",\"isPartOf\":{\"@id\":\"https:\\\/\\\/permakultur-landwirtschaft.org\\\/#website\"},\"primaryImageOfPage\":{\"@id\":\"https:\\\/\\\/permakultur-landwirtschaft.org\\\/1-nationales-forum-fuer-den-wandel-zu-einer-regenerativen-landwirtschaft-anlass-am-04-november-2022\\\/#primaryimage\"},\"image\":{\"@id\":\"https:\\\/\\\/permakultur-landwirtschaft.org\\\/1-nationales-forum-fuer-den-wandel-zu-einer-regenerativen-landwirtschaft-anlass-am-04-november-2022\\\/#primaryimage\"},\"thumbnailUrl\":\"https:\\\/\\\/permakultur-landwirtschaft.org\\\/wp-content\\\/uploads\\\/2022\\\/10\\\/20221104_forum725.jpg\",\"datePublished\":\"2022-11-04T08:03:00+00:00\",\"dateModified\":\"2022-11-09T16:54:57+00:00\",\"breadcrumb\":{\"@id\":\"https:\\\/\\\/permakultur-landwirtschaft.org\\\/1-nationales-forum-fuer-den-wandel-zu-einer-regenerativen-landwirtschaft-anlass-am-04-november-2022\\\/#breadcrumb\"},\"inLanguage\":\"fr-FR\",\"potentialAction\":[{\"@type\":\"ReadAction\",\"target\":[\"https:\\\/\\\/permakultur-landwirtschaft.org\\\/1-nationales-forum-fuer-den-wandel-zu-einer-regenerativen-landwirtschaft-anlass-am-04-november-2022\\\/\"]}]},{\"@type\":\"ImageObject\",\"inLanguage\":\"fr-FR\",\"@id\":\"https:\\\/\\\/permakultur-landwirtschaft.org\\\/1-nationales-forum-fuer-den-wandel-zu-einer-regenerativen-landwirtschaft-anlass-am-04-november-2022\\\/#primaryimage\",\"url\":\"https:\\\/\\\/permakultur-landwirtschaft.org\\\/wp-content\\\/uploads\\\/2022\\\/10\\\/20221104_forum725.jpg\",\"contentUrl\":\"https:\\\/\\\/permakultur-landwirtschaft.org\\\/wp-content\\\/uploads\\\/2022\\\/10\\\/20221104_forum725.jpg\",\"width\":699,\"height\":330},{\"@type\":\"BreadcrumbList\",\"@id\":\"https:\\\/\\\/permakultur-landwirtschaft.org\\\/1-nationales-forum-fuer-den-wandel-zu-einer-regenerativen-landwirtschaft-anlass-am-04-november-2022\\\/#breadcrumb\",\"itemListElement\":[{\"@type\":\"ListItem\",\"position\":1,\"name\":\"Startseite\",\"item\":\"https:\\\/\\\/permakultur-landwirtschaft.org\\\/\"},{\"@type\":\"ListItem\",\"position\":2,\"name\":\"1. Nationales Forum f\u00fcr den Wandel zu einer regenerativen Landwirtschaft &#8211; Anlass am 04. November 2022\"}]},{\"@type\":\"WebSite\",\"@id\":\"https:\\\/\\\/permakultur-landwirtschaft.org\\\/#website\",\"url\":\"https:\\\/\\\/permakultur-landwirtschaft.org\\\/\",\"name\":\"Permakultur-Landwirtschaft\",\"description\":\"F\u00f6rderung der Permakultur in der Landwirtschaft\",\"publisher\":{\"@id\":\"https:\\\/\\\/permakultur-landwirtschaft.org\\\/#organization\"},\"potentialAction\":[{\"@type\":\"SearchAction\",\"target\":{\"@type\":\"EntryPoint\",\"urlTemplate\":\"https:\\\/\\\/permakultur-landwirtschaft.org\\\/?s={search_term_string}\"},\"query-input\":{\"@type\":\"PropertyValueSpecification\",\"valueRequired\":true,\"valueName\":\"search_term_string\"}}],\"inLanguage\":\"fr-FR\"},{\"@type\":\"Organization\",\"@id\":\"https:\\\/\\\/permakultur-landwirtschaft.org\\\/#organization\",\"name\":\"Permakultur-Landwirtschaft\",\"alternateName\":\"Verein Permakultur-Landwirtschaft\",\"url\":\"https:\\\/\\\/permakultur-landwirtschaft.org\\\/\",\"logo\":{\"@type\":\"ImageObject\",\"inLanguage\":\"fr-FR\",\"@id\":\"https:\\\/\\\/permakultur-landwirtschaft.org\\\/#\\\/schema\\\/logo\\\/image\\\/\",\"url\":\"https:\\\/\\\/permakultur-landwirtschaft.org\\\/wp-content\\\/uploads\\\/2021\\\/11\\\/pela_1268x1269.png\",\"contentUrl\":\"https:\\\/\\\/permakultur-landwirtschaft.org\\\/wp-content\\\/uploads\\\/2021\\\/11\\\/pela_1268x1269.png\",\"width\":1298,\"height\":1269,\"caption\":\"Permakultur-Landwirtschaft\"},\"image\":{\"@id\":\"https:\\\/\\\/permakultur-landwirtschaft.org\\\/#\\\/schema\\\/logo\\\/image\\\/\"},\"sameAs\":[\"https:\\\/\\\/www.facebook.com\\\/PermakulturLandwirtschaft\",\"https:\\\/\\\/www.instagram.com\\\/permakultur_landwirtschaft\\\/\",\"https:\\\/\\\/www.flickr.com\\\/photos\\\/permakultur-landwirtschaft\",\"https:\\\/\\\/www.youtube.com\\\/@PermakulturLandwirtschaft\"]},{\"@type\":\"Person\",\"@id\":\"https:\\\/\\\/permakultur-landwirtschaft.org\\\/#\\\/schema\\\/person\\\/6b0467872f75aed3e144093f9bf4f0b0\",\"name\":\"adrian reutimann\",\"url\":\"https:\\\/\\\/permakultur-landwirtschaft.org\\\/fr\\\/author\\\/reutiadr\\\/\"}]}<\/script>\n<!-- \/ Yoast SEO plugin. -->","yoast_head_json":{"title":"1. Nationales Forum f\u00fcr den Wandel zu einer regenerativen Landwirtschaft - Anlass am 04. November 2022 - Permakultur-Landwirtschaft","robots":{"index":"index","follow":"follow","max-snippet":"max-snippet:-1","max-image-preview":"max-image-preview:large","max-video-preview":"max-video-preview:-1"},"canonical":"https:\/\/permakultur-landwirtschaft.org\/fr\/1-nationales-forum-fuer-den-wandel-zu-einer-regenerativen-landwirtschaft-anlass-am-04-november-2022\/","og_locale":"fr_FR","og_type":"article","og_title":"1. Nationales Forum f\u00fcr den Wandel zu einer regenerativen Landwirtschaft - Anlass am 04. November 2022 - Permakultur-Landwirtschaft","og_description":"Text von enkeltauglich-wirtschaften.ch:Noch nie in der Geschichte wurden weltweit so viele Pestizide eingesetzt wie heute \u2013 und nicht ohne Folgen: Artensterben, Pestizidvergiftungen und Verst\u00e4rkung globaler Ungerechtigkeit. Quelle:&nbsp;Public Eye&nbsp;2. September 2022 Heute liegt die j\u00e4hrlich ausgebrachte Pestizidmenge bei ca. 4 Millionen Tonnen weltweit! Fast die H\u00e4lfte davon sind Herbizide, die gegen Unkr\u00e4uter verwendet werden; knapp 30% [&hellip;]","og_url":"https:\/\/permakultur-landwirtschaft.org\/fr\/1-nationales-forum-fuer-den-wandel-zu-einer-regenerativen-landwirtschaft-anlass-am-04-november-2022\/","og_site_name":"Permakultur-Landwirtschaft","article_publisher":"https:\/\/www.facebook.com\/PermakulturLandwirtschaft","article_published_time":"2022-11-04T08:03:00+00:00","article_modified_time":"2022-11-09T16:54:57+00:00","og_image":[{"width":699,"height":330,"url":"https:\/\/permakultur-landwirtschaft.org\/wp-content\/uploads\/2022\/10\/20221104_forum725.jpg","type":"image\/jpeg"}],"author":"adrian reutimann","twitter_card":"summary_large_image","twitter_misc":{"\u00c9crit par":"adrian reutimann","Dur\u00e9e de lecture estim\u00e9e":"2 minutes"},"schema":{"@context":"https:\/\/schema.org","@graph":[{"@type":"Article","@id":"https:\/\/permakultur-landwirtschaft.org\/1-nationales-forum-fuer-den-wandel-zu-einer-regenerativen-landwirtschaft-anlass-am-04-november-2022\/#article","isPartOf":{"@id":"https:\/\/permakultur-landwirtschaft.org\/1-nationales-forum-fuer-den-wandel-zu-einer-regenerativen-landwirtschaft-anlass-am-04-november-2022\/"},"author":{"name":"adrian reutimann","@id":"https:\/\/permakultur-landwirtschaft.org\/#\/schema\/person\/6b0467872f75aed3e144093f9bf4f0b0"},"headline":"1. Nationales Forum f\u00fcr den Wandel zu einer regenerativen Landwirtschaft &#8211; Anlass am 04. November 2022","datePublished":"2022-11-04T08:03:00+00:00","dateModified":"2022-11-09T16:54:57+00:00","mainEntityOfPage":{"@id":"https:\/\/permakultur-landwirtschaft.org\/1-nationales-forum-fuer-den-wandel-zu-einer-regenerativen-landwirtschaft-anlass-am-04-november-2022\/"},"wordCount":396,"publisher":{"@id":"https:\/\/permakultur-landwirtschaft.org\/#organization"},"image":{"@id":"https:\/\/permakultur-landwirtschaft.org\/1-nationales-forum-fuer-den-wandel-zu-einer-regenerativen-landwirtschaft-anlass-am-04-november-2022\/#primaryimage"},"thumbnailUrl":"https:\/\/permakultur-landwirtschaft.org\/wp-content\/uploads\/2022\/10\/20221104_forum725.jpg","articleSection":["Veranstaltungen_Archiv"],"inLanguage":"fr-FR"},{"@type":"WebPage","@id":"https:\/\/permakultur-landwirtschaft.org\/1-nationales-forum-fuer-den-wandel-zu-einer-regenerativen-landwirtschaft-anlass-am-04-november-2022\/","url":"https:\/\/permakultur-landwirtschaft.org\/1-nationales-forum-fuer-den-wandel-zu-einer-regenerativen-landwirtschaft-anlass-am-04-november-2022\/","name":"1. Nationales Forum f\u00fcr den Wandel zu einer regenerativen Landwirtschaft - Anlass am 04. November 2022 - Permakultur-Landwirtschaft","isPartOf":{"@id":"https:\/\/permakultur-landwirtschaft.org\/#website"},"primaryImageOfPage":{"@id":"https:\/\/permakultur-landwirtschaft.org\/1-nationales-forum-fuer-den-wandel-zu-einer-regenerativen-landwirtschaft-anlass-am-04-november-2022\/#primaryimage"},"image":{"@id":"https:\/\/permakultur-landwirtschaft.org\/1-nationales-forum-fuer-den-wandel-zu-einer-regenerativen-landwirtschaft-anlass-am-04-november-2022\/#primaryimage"},"thumbnailUrl":"https:\/\/permakultur-landwirtschaft.org\/wp-content\/uploads\/2022\/10\/20221104_forum725.jpg","datePublished":"2022-11-04T08:03:00+00:00","dateModified":"2022-11-09T16:54:57+00:00","breadcrumb":{"@id":"https:\/\/permakultur-landwirtschaft.org\/1-nationales-forum-fuer-den-wandel-zu-einer-regenerativen-landwirtschaft-anlass-am-04-november-2022\/#breadcrumb"},"inLanguage":"fr-FR","potentialAction":[{"@type":"ReadAction","target":["https:\/\/permakultur-landwirtschaft.org\/1-nationales-forum-fuer-den-wandel-zu-einer-regenerativen-landwirtschaft-anlass-am-04-november-2022\/"]}]},{"@type":"ImageObject","inLanguage":"fr-FR","@id":"https:\/\/permakultur-landwirtschaft.org\/1-nationales-forum-fuer-den-wandel-zu-einer-regenerativen-landwirtschaft-anlass-am-04-november-2022\/#primaryimage","url":"https:\/\/permakultur-landwirtschaft.org\/wp-content\/uploads\/2022\/10\/20221104_forum725.jpg","contentUrl":"https:\/\/permakultur-landwirtschaft.org\/wp-content\/uploads\/2022\/10\/20221104_forum725.jpg","width":699,"height":330},{"@type":"BreadcrumbList","@id":"https:\/\/permakultur-landwirtschaft.org\/1-nationales-forum-fuer-den-wandel-zu-einer-regenerativen-landwirtschaft-anlass-am-04-november-2022\/#breadcrumb","itemListElement":[{"@type":"ListItem","position":1,"name":"Startseite","item":"https:\/\/permakultur-landwirtschaft.org\/"},{"@type":"ListItem","position":2,"name":"1. Nationales Forum f\u00fcr den Wandel zu einer regenerativen Landwirtschaft &#8211; Anlass am 04. November 2022"}]},{"@type":"WebSite","@id":"https:\/\/permakultur-landwirtschaft.org\/#website","url":"https:\/\/permakultur-landwirtschaft.org\/","name":"Permakultur-Landwirtschaft","description":"F\u00f6rderung der Permakultur in der Landwirtschaft","publisher":{"@id":"https:\/\/permakultur-landwirtschaft.org\/#organization"},"potentialAction":[{"@type":"SearchAction","target":{"@type":"EntryPoint","urlTemplate":"https:\/\/permakultur-landwirtschaft.org\/?s={search_term_string}"},"query-input":{"@type":"PropertyValueSpecification","valueRequired":true,"valueName":"search_term_string"}}],"inLanguage":"fr-FR"},{"@type":"Organization","@id":"https:\/\/permakultur-landwirtschaft.org\/#organization","name":"Permakultur-Landwirtschaft","alternateName":"Verein Permakultur-Landwirtschaft","url":"https:\/\/permakultur-landwirtschaft.org\/","logo":{"@type":"ImageObject","inLanguage":"fr-FR","@id":"https:\/\/permakultur-landwirtschaft.org\/#\/schema\/logo\/image\/","url":"https:\/\/permakultur-landwirtschaft.org\/wp-content\/uploads\/2021\/11\/pela_1268x1269.png","contentUrl":"https:\/\/permakultur-landwirtschaft.org\/wp-content\/uploads\/2021\/11\/pela_1268x1269.png","width":1298,"height":1269,"caption":"Permakultur-Landwirtschaft"},"image":{"@id":"https:\/\/permakultur-landwirtschaft.org\/#\/schema\/logo\/image\/"},"sameAs":["https:\/\/www.facebook.com\/PermakulturLandwirtschaft","https:\/\/www.instagram.com\/permakultur_landwirtschaft\/","https:\/\/www.flickr.com\/photos\/permakultur-landwirtschaft","https:\/\/www.youtube.com\/@PermakulturLandwirtschaft"]},{"@type":"Person","@id":"https:\/\/permakultur-landwirtschaft.org\/#\/schema\/person\/6b0467872f75aed3e144093f9bf4f0b0","name":"adrian reutimann","url":"https:\/\/permakultur-landwirtschaft.org\/fr\/author\/reutiadr\/"}]}},"_links":{"self":[{"href":"https:\/\/permakultur-landwirtschaft.org\/fr\/wp-json\/wp\/v2\/posts\/25488","targetHints":{"allow":["GET"]}}],"collection":[{"href":"https:\/\/permakultur-landwirtschaft.org\/fr\/wp-json\/wp\/v2\/posts"}],"about":[{"href":"https:\/\/permakultur-landwirtschaft.org\/fr\/wp-json\/wp\/v2\/types\/post"}],"author":[{"embeddable":true,"href":"https:\/\/permakultur-landwirtschaft.org\/fr\/wp-json\/wp\/v2\/users\/2"}],"replies":[{"embeddable":true,"href":"https:\/\/permakultur-landwirtschaft.org\/fr\/wp-json\/wp\/v2\/comments?post=25488"}],"version-history":[{"count":4,"href":"https:\/\/permakultur-landwirtschaft.org\/fr\/wp-json\/wp\/v2\/posts\/25488\/revisions"}],"predecessor-version":[{"id":25494,"href":"https:\/\/permakultur-landwirtschaft.org\/fr\/wp-json\/wp\/v2\/posts\/25488\/revisions\/25494"}],"wp:featuredmedia":[{"embeddable":true,"href":"https:\/\/permakultur-landwirtschaft.org\/fr\/wp-json\/wp\/v2\/media\/25489"}],"wp:attachment":[{"href":"https:\/\/permakultur-landwirtschaft.org\/fr\/wp-json\/wp\/v2\/media?parent=25488"}],"wp:term":[{"taxonomy":"category","embeddable":true,"href":"https:\/\/permakultur-landwirtschaft.org\/fr\/wp-json\/wp\/v2\/categories?post=25488"},{"taxonomy":"post_tag","embeddable":true,"href":"https:\/\/permakultur-landwirtschaft.org\/fr\/wp-json\/wp\/v2\/tags?post=25488"}],"curies":[{"name":"wp","href":"https:\/\/api.w.org\/{rel}","templated":true}]}}