{"id":25389,"date":"2021-09-29T15:27:00","date_gmt":"2021-09-29T13:27:00","guid":{"rendered":"https:\/\/permakultur-landwirtschaft.org\/?p=25389"},"modified":"2022-10-04T15:33:43","modified_gmt":"2022-10-04T13:33:43","slug":"une-famille-dagriculteurs-ose-le-pari-de-lagroecologie-contribution-a-rts-de-29-septembre-2021","status":"publish","type":"post","link":"https:\/\/permakultur-landwirtschaft.org\/fr\/une-famille-dagriculteurs-ose-le-pari-de-lagroecologie-contribution-a-rts-de-29-septembre-2021\/","title":{"rendered":"Une famille d\u2019agriculteurs ose le pari de l\u2019agro\u00e9cologie &#8211; contribution \u00e0 RTS de 29 septembre 2021"},"content":{"rendered":"<p>Text de rts.ch:<\/p>\n\n\n\n<p>Une seule plan\u00e8te accompagne des familles, des entreprises et des collectivit\u00e9s de Suisse romande en qu\u00eate de pratiques plus durables. Le coach Nicolas D\u00e9praz leur propose des solutions \u00e0 leur port\u00e9e. A eux de d\u00e9cider s\u2019ils souhaitent ou non les adopter.<\/p>\n\n\n\n<p>Mots-cl\u00e9s: Permaculture, Permacole, Agroforesterie, Agricole<\/p>\n\n\n\n<p>Lien vers la contribution \u00e0 rts.ch: <a rel=\"noreferrer noopener\" href=\"https:\/\/www.rts.ch\/play\/tv\/une-seule-planete\/video\/une-famille-dagriculteurs-ose-le-pari-de-lagroecologie?urn=urn:rts:video:12516134\" target=\"_blank\">www.rts.ch\/play\/tv\/une-seule-planete\/video\/une-famille-dagriculteurs-ose-le-pari-de-lagroecologie?urn=urn:rts:video:12516134<\/a><\/p>\n\n\n\n<figure class=\"wp-block-image size-full\"><a href=\"https:\/\/www.rts.ch\/play\/tv\/une-seule-planete\/video\/une-famille-dagriculteurs-ose-le-pari-de-lagroecologie?urn=urn:rts:video:12516134\" target=\"_blank\" rel=\"noreferrer noopener\"><img fetchpriority=\"high\" decoding=\"async\" width=\"700\" height=\"404\" src=\"https:\/\/permakultur-landwirtschaft.org\/wp-content\/uploads\/2022\/10\/20210900_rts_familie.jpg\" alt=\"\" class=\"wp-image-25390\" srcset=\"https:\/\/permakultur-landwirtschaft.org\/wp-content\/uploads\/2022\/10\/20210900_rts_familie.jpg 700w, https:\/\/permakultur-landwirtschaft.org\/wp-content\/uploads\/2022\/10\/20210900_rts_familie-300x173.jpg 300w\" sizes=\"(max-width: 700px) 100vw, 700px\" \/><\/a><figcaption>Foto: rts.ch<\/figcaption><\/figure>\n\n\n\n<hr class=\"wp-block-separator has-css-opacity\"\/>\n\n\n\n<h3 class=\"wp-block-heading\"><a href=\"https:\/\/permakultur-landwirtschaft.org\/fr\/medien\/\">Hier geht&#8217;s zur \u00dcbersicht aller Neuigkeiten<\/a><\/h3>\n\n\n\n<h3 class=\"wp-block-heading\"><a href=\"https:\/\/permakultur-landwirtschaft.org\/fr\/filme\/\">Hier geht\u2019s zur \u00dcbersicht aller Filme und Audios<\/a><\/h3>","protected":false},"excerpt":{"rendered":"<p>Text de rts.ch: Une seule plan\u00e8te accompagne des familles, des entreprises et des collectivit\u00e9s de Suisse romande en qu\u00eate de pratiques plus durables. Le coach Nicolas D\u00e9praz leur propose des solutions \u00e0 leur port\u00e9e. A eux de d\u00e9cider s\u2019ils souhaitent ou non les adopter. Mots-cl\u00e9s: Permaculture, Permacole, Agroforesterie, Agricole Lien vers la contribution \u00e0 rts.ch: [&hellip;]<\/p>\n","protected":false},"author":2,"featured_media":25390,"comment_status":"closed","ping_status":"closed","sticky":false,"template":"","format":"standard","meta":{"_acf_changed":false,"site-sidebar-layout":"default","site-content-layout":"","ast-site-content-layout":"default","site-content-style":"default","site-sidebar-style":"default","ast-global-header-display":"","ast-banner-title-visibility":"","ast-main-header-display":"","ast-hfb-above-header-display":"","ast-hfb-below-header-display":"","ast-hfb-mobile-header-display":"","site-post-title":"","ast-breadcrumbs-content":"","ast-featured-img":"","footer-sml-layout":"","ast-disable-related-posts":"","theme-transparent-header-meta":"","adv-header-id-meta":"","stick-header-meta":"","header-above-stick-meta":"","header-main-stick-meta":"","header-below-stick-meta":"","astra-migrate-meta-layouts":"default","ast-page-background-enabled":"default","ast-page-background-meta":{"desktop":{"background-color":"var(--ast-global-color-4)","background-image":"","background-repeat":"repeat","background-position":"center center","background-size":"auto","background-attachment":"scroll","background-type":"","background-media":"","overlay-type":"","overlay-color":"","overlay-opacity":"","overlay-gradient":""},"tablet":{"background-color":"","background-image":"","background-repeat":"repeat","background-position":"center center","background-size":"auto","background-attachment":"scroll","background-type":"","background-media":"","overlay-type":"","overlay-color":"","overlay-opacity":"","overlay-gradient":""},"mobile":{"background-color":"","background-image":"","background-repeat":"repeat","background-position":"center center","background-size":"auto","background-attachment":"scroll","background-type":"","background-media":"","overlay-type":"","overlay-color":"","overlay-opacity":"","overlay-gradient":""}},"ast-content-background-meta":{"desktop":{"background-color":"var(--ast-global-color-5)","background-image":"","background-repeat":"repeat","background-position":"center center","background-size":"auto","background-attachment":"scroll","background-type":"","background-media":"","overlay-type":"","overlay-color":"","overlay-opacity":"","overlay-gradient":""},"tablet":{"background-color":"var(--ast-global-color-5)","background-image":"","background-repeat":"repeat","background-position":"center center","background-size":"auto","background-attachment":"scroll","background-type":"","background-media":"","overlay-type":"","overlay-color":"","overlay-opacity":"","overlay-gradient":""},"mobile":{"background-color":"var(--ast-global-color-5)","background-image":"","background-repeat":"repeat","background-position":"center center","background-size":"auto","background-attachment":"scroll","background-type":"","background-media":"","overlay-type":"","overlay-color":"","overlay-opacity":"","overlay-gradient":""}},"footnotes":""},"categories":[45,22],"tags":[],"class_list":["post-25389","post","type-post","status-publish","format-standard","has-post-thumbnail","hentry","category-filme","category-neuigkeit"],"acf":[],"yoast_head":"<!-- This site is optimized with the Yoast SEO plugin v27.5 - https:\/\/yoast.com\/product\/yoast-seo-wordpress\/ -->\n<title>Une famille d\u2019agriculteurs ose le pari de l\u2019agro\u00e9cologie - contribution \u00e0 RTS de 29 septembre 2021 - Permakultur-Landwirtschaft<\/title>\n<meta name=\"robots\" content=\"index, follow, max-snippet:-1, max-image-preview:large, max-video-preview:-1\" \/>\n<link rel=\"canonical\" href=\"https:\/\/permakultur-landwirtschaft.org\/fr\/une-famille-dagriculteurs-ose-le-pari-de-lagroecologie-contribution-a-rts-de-29-septembre-2021\/\" \/>\n<meta property=\"og:locale\" content=\"fr_FR\" \/>\n<meta property=\"og:type\" content=\"article\" \/>\n<meta property=\"og:title\" content=\"Une famille d\u2019agriculteurs ose le pari de l\u2019agro\u00e9cologie - contribution \u00e0 RTS de 29 septembre 2021 - Permakultur-Landwirtschaft\" \/>\n<meta property=\"og:description\" content=\"Text de rts.ch: Une seule plan\u00e8te accompagne des familles, des entreprises et des collectivit\u00e9s de Suisse romande en qu\u00eate de pratiques plus durables. Le coach Nicolas D\u00e9praz leur propose des solutions \u00e0 leur port\u00e9e. A eux de d\u00e9cider s\u2019ils souhaitent ou non les adopter. Mots-cl\u00e9s: Permaculture, Permacole, Agroforesterie, Agricole Lien vers la contribution \u00e0 rts.ch: [&hellip;]\" \/>\n<meta property=\"og:url\" content=\"https:\/\/permakultur-landwirtschaft.org\/fr\/une-famille-dagriculteurs-ose-le-pari-de-lagroecologie-contribution-a-rts-de-29-septembre-2021\/\" \/>\n<meta property=\"og:site_name\" content=\"Permakultur-Landwirtschaft\" \/>\n<meta property=\"article:publisher\" content=\"https:\/\/www.facebook.com\/PermakulturLandwirtschaft\" \/>\n<meta property=\"article:published_time\" content=\"2021-09-29T13:27:00+00:00\" \/>\n<meta property=\"article:modified_time\" content=\"2022-10-04T13:33:43+00:00\" \/>\n<meta property=\"og:image\" content=\"https:\/\/permakultur-landwirtschaft.org\/wp-content\/uploads\/2022\/10\/20210900_rts_familie.jpg\" \/>\n\t<meta property=\"og:image:width\" content=\"700\" \/>\n\t<meta property=\"og:image:height\" content=\"404\" \/>\n\t<meta property=\"og:image:type\" content=\"image\/jpeg\" \/>\n<meta name=\"author\" content=\"adrian reutimann\" \/>\n<meta name=\"twitter:card\" content=\"summary_large_image\" \/>\n<meta name=\"twitter:label1\" content=\"\u00c9crit par\" \/>\n\t<meta name=\"twitter:data1\" content=\"adrian reutimann\" \/>\n<script type=\"application\/ld+json\" class=\"yoast-schema-graph\">{\"@context\":\"https:\\\/\\\/schema.org\",\"@graph\":[{\"@type\":\"Article\",\"@id\":\"https:\\\/\\\/permakultur-landwirtschaft.org\\\/une-famille-dagriculteurs-ose-le-pari-de-lagroecologie-contribution-a-rts-de-29-septembre-2021\\\/#article\",\"isPartOf\":{\"@id\":\"https:\\\/\\\/permakultur-landwirtschaft.org\\\/une-famille-dagriculteurs-ose-le-pari-de-lagroecologie-contribution-a-rts-de-29-septembre-2021\\\/\"},\"author\":{\"name\":\"adrian reutimann\",\"@id\":\"https:\\\/\\\/permakultur-landwirtschaft.org\\\/#\\\/schema\\\/person\\\/6b0467872f75aed3e144093f9bf4f0b0\"},\"headline\":\"Une famille d\u2019agriculteurs ose le pari de l\u2019agro\u00e9cologie &#8211; contribution \u00e0 RTS de 29 septembre 2021\",\"datePublished\":\"2021-09-29T13:27:00+00:00\",\"dateModified\":\"2022-10-04T13:33:43+00:00\",\"mainEntityOfPage\":{\"@id\":\"https:\\\/\\\/permakultur-landwirtschaft.org\\\/une-famille-dagriculteurs-ose-le-pari-de-lagroecologie-contribution-a-rts-de-29-septembre-2021\\\/\"},\"wordCount\":110,\"publisher\":{\"@id\":\"https:\\\/\\\/permakultur-landwirtschaft.org\\\/#organization\"},\"image\":{\"@id\":\"https:\\\/\\\/permakultur-landwirtschaft.org\\\/une-famille-dagriculteurs-ose-le-pari-de-lagroecologie-contribution-a-rts-de-29-septembre-2021\\\/#primaryimage\"},\"thumbnailUrl\":\"https:\\\/\\\/permakultur-landwirtschaft.org\\\/wp-content\\\/uploads\\\/2022\\\/10\\\/20210900_rts_familie.jpg\",\"articleSection\":[\"Film\",\"Neuigkeit\"],\"inLanguage\":\"fr-FR\"},{\"@type\":\"WebPage\",\"@id\":\"https:\\\/\\\/permakultur-landwirtschaft.org\\\/une-famille-dagriculteurs-ose-le-pari-de-lagroecologie-contribution-a-rts-de-29-septembre-2021\\\/\",\"url\":\"https:\\\/\\\/permakultur-landwirtschaft.org\\\/une-famille-dagriculteurs-ose-le-pari-de-lagroecologie-contribution-a-rts-de-29-septembre-2021\\\/\",\"name\":\"Une famille d\u2019agriculteurs ose le pari de l\u2019agro\u00e9cologie - contribution \u00e0 RTS de 29 septembre 2021 - Permakultur-Landwirtschaft\",\"isPartOf\":{\"@id\":\"https:\\\/\\\/permakultur-landwirtschaft.org\\\/#website\"},\"primaryImageOfPage\":{\"@id\":\"https:\\\/\\\/permakultur-landwirtschaft.org\\\/une-famille-dagriculteurs-ose-le-pari-de-lagroecologie-contribution-a-rts-de-29-septembre-2021\\\/#primaryimage\"},\"image\":{\"@id\":\"https:\\\/\\\/permakultur-landwirtschaft.org\\\/une-famille-dagriculteurs-ose-le-pari-de-lagroecologie-contribution-a-rts-de-29-septembre-2021\\\/#primaryimage\"},\"thumbnailUrl\":\"https:\\\/\\\/permakultur-landwirtschaft.org\\\/wp-content\\\/uploads\\\/2022\\\/10\\\/20210900_rts_familie.jpg\",\"datePublished\":\"2021-09-29T13:27:00+00:00\",\"dateModified\":\"2022-10-04T13:33:43+00:00\",\"breadcrumb\":{\"@id\":\"https:\\\/\\\/permakultur-landwirtschaft.org\\\/une-famille-dagriculteurs-ose-le-pari-de-lagroecologie-contribution-a-rts-de-29-septembre-2021\\\/#breadcrumb\"},\"inLanguage\":\"fr-FR\",\"potentialAction\":[{\"@type\":\"ReadAction\",\"target\":[\"https:\\\/\\\/permakultur-landwirtschaft.org\\\/une-famille-dagriculteurs-ose-le-pari-de-lagroecologie-contribution-a-rts-de-29-septembre-2021\\\/\"]}]},{\"@type\":\"ImageObject\",\"inLanguage\":\"fr-FR\",\"@id\":\"https:\\\/\\\/permakultur-landwirtschaft.org\\\/une-famille-dagriculteurs-ose-le-pari-de-lagroecologie-contribution-a-rts-de-29-septembre-2021\\\/#primaryimage\",\"url\":\"https:\\\/\\\/permakultur-landwirtschaft.org\\\/wp-content\\\/uploads\\\/2022\\\/10\\\/20210900_rts_familie.jpg\",\"contentUrl\":\"https:\\\/\\\/permakultur-landwirtschaft.org\\\/wp-content\\\/uploads\\\/2022\\\/10\\\/20210900_rts_familie.jpg\",\"width\":700,\"height\":404},{\"@type\":\"BreadcrumbList\",\"@id\":\"https:\\\/\\\/permakultur-landwirtschaft.org\\\/une-famille-dagriculteurs-ose-le-pari-de-lagroecologie-contribution-a-rts-de-29-septembre-2021\\\/#breadcrumb\",\"itemListElement\":[{\"@type\":\"ListItem\",\"position\":1,\"name\":\"Startseite\",\"item\":\"https:\\\/\\\/permakultur-landwirtschaft.org\\\/\"},{\"@type\":\"ListItem\",\"position\":2,\"name\":\"Une famille d\u2019agriculteurs ose le pari de l\u2019agro\u00e9cologie &#8211; contribution \u00e0 RTS de 29 septembre 2021\"}]},{\"@type\":\"WebSite\",\"@id\":\"https:\\\/\\\/permakultur-landwirtschaft.org\\\/#website\",\"url\":\"https:\\\/\\\/permakultur-landwirtschaft.org\\\/\",\"name\":\"Permakultur-Landwirtschaft\",\"description\":\"F\u00f6rderung der Permakultur in der Landwirtschaft\",\"publisher\":{\"@id\":\"https:\\\/\\\/permakultur-landwirtschaft.org\\\/#organization\"},\"potentialAction\":[{\"@type\":\"SearchAction\",\"target\":{\"@type\":\"EntryPoint\",\"urlTemplate\":\"https:\\\/\\\/permakultur-landwirtschaft.org\\\/?s={search_term_string}\"},\"query-input\":{\"@type\":\"PropertyValueSpecification\",\"valueRequired\":true,\"valueName\":\"search_term_string\"}}],\"inLanguage\":\"fr-FR\"},{\"@type\":\"Organization\",\"@id\":\"https:\\\/\\\/permakultur-landwirtschaft.org\\\/#organization\",\"name\":\"Permakultur-Landwirtschaft\",\"alternateName\":\"Verein Permakultur-Landwirtschaft\",\"url\":\"https:\\\/\\\/permakultur-landwirtschaft.org\\\/\",\"logo\":{\"@type\":\"ImageObject\",\"inLanguage\":\"fr-FR\",\"@id\":\"https:\\\/\\\/permakultur-landwirtschaft.org\\\/#\\\/schema\\\/logo\\\/image\\\/\",\"url\":\"https:\\\/\\\/permakultur-landwirtschaft.org\\\/wp-content\\\/uploads\\\/2021\\\/11\\\/pela_1268x1269.png\",\"contentUrl\":\"https:\\\/\\\/permakultur-landwirtschaft.org\\\/wp-content\\\/uploads\\\/2021\\\/11\\\/pela_1268x1269.png\",\"width\":1298,\"height\":1269,\"caption\":\"Permakultur-Landwirtschaft\"},\"image\":{\"@id\":\"https:\\\/\\\/permakultur-landwirtschaft.org\\\/#\\\/schema\\\/logo\\\/image\\\/\"},\"sameAs\":[\"https:\\\/\\\/www.facebook.com\\\/PermakulturLandwirtschaft\",\"https:\\\/\\\/www.instagram.com\\\/permakultur_landwirtschaft\\\/\",\"https:\\\/\\\/www.flickr.com\\\/photos\\\/permakultur-landwirtschaft\",\"https:\\\/\\\/www.youtube.com\\\/@PermakulturLandwirtschaft\"]},{\"@type\":\"Person\",\"@id\":\"https:\\\/\\\/permakultur-landwirtschaft.org\\\/#\\\/schema\\\/person\\\/6b0467872f75aed3e144093f9bf4f0b0\",\"name\":\"adrian reutimann\",\"url\":\"https:\\\/\\\/permakultur-landwirtschaft.org\\\/fr\\\/author\\\/reutiadr\\\/\"}]}<\/script>\n<!-- \/ Yoast SEO plugin. -->","yoast_head_json":{"title":"Une famille d\u2019agriculteurs ose le pari de l\u2019agro\u00e9cologie - contribution \u00e0 RTS de 29 septembre 2021 - Permakultur-Landwirtschaft","robots":{"index":"index","follow":"follow","max-snippet":"max-snippet:-1","max-image-preview":"max-image-preview:large","max-video-preview":"max-video-preview:-1"},"canonical":"https:\/\/permakultur-landwirtschaft.org\/fr\/une-famille-dagriculteurs-ose-le-pari-de-lagroecologie-contribution-a-rts-de-29-septembre-2021\/","og_locale":"fr_FR","og_type":"article","og_title":"Une famille d\u2019agriculteurs ose le pari de l\u2019agro\u00e9cologie - contribution \u00e0 RTS de 29 septembre 2021 - Permakultur-Landwirtschaft","og_description":"Text de rts.ch: Une seule plan\u00e8te accompagne des familles, des entreprises et des collectivit\u00e9s de Suisse romande en qu\u00eate de pratiques plus durables. Le coach Nicolas D\u00e9praz leur propose des solutions \u00e0 leur port\u00e9e. A eux de d\u00e9cider s\u2019ils souhaitent ou non les adopter. Mots-cl\u00e9s: Permaculture, Permacole, Agroforesterie, Agricole Lien vers la contribution \u00e0 rts.ch: [&hellip;]","og_url":"https:\/\/permakultur-landwirtschaft.org\/fr\/une-famille-dagriculteurs-ose-le-pari-de-lagroecologie-contribution-a-rts-de-29-septembre-2021\/","og_site_name":"Permakultur-Landwirtschaft","article_publisher":"https:\/\/www.facebook.com\/PermakulturLandwirtschaft","article_published_time":"2021-09-29T13:27:00+00:00","article_modified_time":"2022-10-04T13:33:43+00:00","og_image":[{"width":700,"height":404,"url":"https:\/\/permakultur-landwirtschaft.org\/wp-content\/uploads\/2022\/10\/20210900_rts_familie.jpg","type":"image\/jpeg"}],"author":"adrian reutimann","twitter_card":"summary_large_image","twitter_misc":{"\u00c9crit par":"adrian reutimann"},"schema":{"@context":"https:\/\/schema.org","@graph":[{"@type":"Article","@id":"https:\/\/permakultur-landwirtschaft.org\/une-famille-dagriculteurs-ose-le-pari-de-lagroecologie-contribution-a-rts-de-29-septembre-2021\/#article","isPartOf":{"@id":"https:\/\/permakultur-landwirtschaft.org\/une-famille-dagriculteurs-ose-le-pari-de-lagroecologie-contribution-a-rts-de-29-septembre-2021\/"},"author":{"name":"adrian reutimann","@id":"https:\/\/permakultur-landwirtschaft.org\/#\/schema\/person\/6b0467872f75aed3e144093f9bf4f0b0"},"headline":"Une famille d\u2019agriculteurs ose le pari de l\u2019agro\u00e9cologie &#8211; contribution \u00e0 RTS de 29 septembre 2021","datePublished":"2021-09-29T13:27:00+00:00","dateModified":"2022-10-04T13:33:43+00:00","mainEntityOfPage":{"@id":"https:\/\/permakultur-landwirtschaft.org\/une-famille-dagriculteurs-ose-le-pari-de-lagroecologie-contribution-a-rts-de-29-septembre-2021\/"},"wordCount":110,"publisher":{"@id":"https:\/\/permakultur-landwirtschaft.org\/#organization"},"image":{"@id":"https:\/\/permakultur-landwirtschaft.org\/une-famille-dagriculteurs-ose-le-pari-de-lagroecologie-contribution-a-rts-de-29-septembre-2021\/#primaryimage"},"thumbnailUrl":"https:\/\/permakultur-landwirtschaft.org\/wp-content\/uploads\/2022\/10\/20210900_rts_familie.jpg","articleSection":["Film","Neuigkeit"],"inLanguage":"fr-FR"},{"@type":"WebPage","@id":"https:\/\/permakultur-landwirtschaft.org\/une-famille-dagriculteurs-ose-le-pari-de-lagroecologie-contribution-a-rts-de-29-septembre-2021\/","url":"https:\/\/permakultur-landwirtschaft.org\/une-famille-dagriculteurs-ose-le-pari-de-lagroecologie-contribution-a-rts-de-29-septembre-2021\/","name":"Une famille d\u2019agriculteurs ose le pari de l\u2019agro\u00e9cologie - contribution \u00e0 RTS de 29 septembre 2021 - Permakultur-Landwirtschaft","isPartOf":{"@id":"https:\/\/permakultur-landwirtschaft.org\/#website"},"primaryImageOfPage":{"@id":"https:\/\/permakultur-landwirtschaft.org\/une-famille-dagriculteurs-ose-le-pari-de-lagroecologie-contribution-a-rts-de-29-septembre-2021\/#primaryimage"},"image":{"@id":"https:\/\/permakultur-landwirtschaft.org\/une-famille-dagriculteurs-ose-le-pari-de-lagroecologie-contribution-a-rts-de-29-septembre-2021\/#primaryimage"},"thumbnailUrl":"https:\/\/permakultur-landwirtschaft.org\/wp-content\/uploads\/2022\/10\/20210900_rts_familie.jpg","datePublished":"2021-09-29T13:27:00+00:00","dateModified":"2022-10-04T13:33:43+00:00","breadcrumb":{"@id":"https:\/\/permakultur-landwirtschaft.org\/une-famille-dagriculteurs-ose-le-pari-de-lagroecologie-contribution-a-rts-de-29-septembre-2021\/#breadcrumb"},"inLanguage":"fr-FR","potentialAction":[{"@type":"ReadAction","target":["https:\/\/permakultur-landwirtschaft.org\/une-famille-dagriculteurs-ose-le-pari-de-lagroecologie-contribution-a-rts-de-29-septembre-2021\/"]}]},{"@type":"ImageObject","inLanguage":"fr-FR","@id":"https:\/\/permakultur-landwirtschaft.org\/une-famille-dagriculteurs-ose-le-pari-de-lagroecologie-contribution-a-rts-de-29-septembre-2021\/#primaryimage","url":"https:\/\/permakultur-landwirtschaft.org\/wp-content\/uploads\/2022\/10\/20210900_rts_familie.jpg","contentUrl":"https:\/\/permakultur-landwirtschaft.org\/wp-content\/uploads\/2022\/10\/20210900_rts_familie.jpg","width":700,"height":404},{"@type":"BreadcrumbList","@id":"https:\/\/permakultur-landwirtschaft.org\/une-famille-dagriculteurs-ose-le-pari-de-lagroecologie-contribution-a-rts-de-29-septembre-2021\/#breadcrumb","itemListElement":[{"@type":"ListItem","position":1,"name":"Startseite","item":"https:\/\/permakultur-landwirtschaft.org\/"},{"@type":"ListItem","position":2,"name":"Une famille d\u2019agriculteurs ose le pari de l\u2019agro\u00e9cologie &#8211; contribution \u00e0 RTS de 29 septembre 2021"}]},{"@type":"WebSite","@id":"https:\/\/permakultur-landwirtschaft.org\/#website","url":"https:\/\/permakultur-landwirtschaft.org\/","name":"Permakultur-Landwirtschaft","description":"F\u00f6rderung der Permakultur in der Landwirtschaft","publisher":{"@id":"https:\/\/permakultur-landwirtschaft.org\/#organization"},"potentialAction":[{"@type":"SearchAction","target":{"@type":"EntryPoint","urlTemplate":"https:\/\/permakultur-landwirtschaft.org\/?s={search_term_string}"},"query-input":{"@type":"PropertyValueSpecification","valueRequired":true,"valueName":"search_term_string"}}],"inLanguage":"fr-FR"},{"@type":"Organization","@id":"https:\/\/permakultur-landwirtschaft.org\/#organization","name":"Permakultur-Landwirtschaft","alternateName":"Verein Permakultur-Landwirtschaft","url":"https:\/\/permakultur-landwirtschaft.org\/","logo":{"@type":"ImageObject","inLanguage":"fr-FR","@id":"https:\/\/permakultur-landwirtschaft.org\/#\/schema\/logo\/image\/","url":"https:\/\/permakultur-landwirtschaft.org\/wp-content\/uploads\/2021\/11\/pela_1268x1269.png","contentUrl":"https:\/\/permakultur-landwirtschaft.org\/wp-content\/uploads\/2021\/11\/pela_1268x1269.png","width":1298,"height":1269,"caption":"Permakultur-Landwirtschaft"},"image":{"@id":"https:\/\/permakultur-landwirtschaft.org\/#\/schema\/logo\/image\/"},"sameAs":["https:\/\/www.facebook.com\/PermakulturLandwirtschaft","https:\/\/www.instagram.com\/permakultur_landwirtschaft\/","https:\/\/www.flickr.com\/photos\/permakultur-landwirtschaft","https:\/\/www.youtube.com\/@PermakulturLandwirtschaft"]},{"@type":"Person","@id":"https:\/\/permakultur-landwirtschaft.org\/#\/schema\/person\/6b0467872f75aed3e144093f9bf4f0b0","name":"adrian reutimann","url":"https:\/\/permakultur-landwirtschaft.org\/fr\/author\/reutiadr\/"}]}},"_links":{"self":[{"href":"https:\/\/permakultur-landwirtschaft.org\/fr\/wp-json\/wp\/v2\/posts\/25389","targetHints":{"allow":["GET"]}}],"collection":[{"href":"https:\/\/permakultur-landwirtschaft.org\/fr\/wp-json\/wp\/v2\/posts"}],"about":[{"href":"https:\/\/permakultur-landwirtschaft.org\/fr\/wp-json\/wp\/v2\/types\/post"}],"author":[{"embeddable":true,"href":"https:\/\/permakultur-landwirtschaft.org\/fr\/wp-json\/wp\/v2\/users\/2"}],"replies":[{"embeddable":true,"href":"https:\/\/permakultur-landwirtschaft.org\/fr\/wp-json\/wp\/v2\/comments?post=25389"}],"version-history":[{"count":2,"href":"https:\/\/permakultur-landwirtschaft.org\/fr\/wp-json\/wp\/v2\/posts\/25389\/revisions"}],"predecessor-version":[{"id":25392,"href":"https:\/\/permakultur-landwirtschaft.org\/fr\/wp-json\/wp\/v2\/posts\/25389\/revisions\/25392"}],"wp:featuredmedia":[{"embeddable":true,"href":"https:\/\/permakultur-landwirtschaft.org\/fr\/wp-json\/wp\/v2\/media\/25390"}],"wp:attachment":[{"href":"https:\/\/permakultur-landwirtschaft.org\/fr\/wp-json\/wp\/v2\/media?parent=25389"}],"wp:term":[{"taxonomy":"category","embeddable":true,"href":"https:\/\/permakultur-landwirtschaft.org\/fr\/wp-json\/wp\/v2\/categories?post=25389"},{"taxonomy":"post_tag","embeddable":true,"href":"https:\/\/permakultur-landwirtschaft.org\/fr\/wp-json\/wp\/v2\/tags?post=25389"}],"curies":[{"name":"wp","href":"https:\/\/api.w.org\/{rel}","templated":true}]}}