{"id":25306,"date":"2022-09-16T09:53:00","date_gmt":"2022-09-16T07:53:00","guid":{"rendered":"https:\/\/permakultur-landwirtschaft.org\/?p=25306"},"modified":"2022-09-30T10:02:01","modified_gmt":"2022-09-30T08:02:01","slug":"nuetzlingsstreifen-16-september-2022","status":"publish","type":"post","link":"https:\/\/permakultur-landwirtschaft.org\/fr\/nuetzlingsstreifen-16-september-2022\/","title":{"rendered":"N\u00fctzlingsstreifen \u2013 bunter Pflanzenschutz &#8211; Beitrag vom LID vom 16. September 2022"},"content":{"rendered":"<p>Text von lid.ch:<\/p>\n\n\n\n<p>Ab n\u00e4chstem Jahr werden N\u00fctzlingsstreifen \u00fcber Produktionssystembeitr\u00e4ge gef\u00f6rdert. Neu stehen auch mehrj\u00e4hrige Mischungen und solche f\u00fcr Rebfl\u00e4chen und Obstanlagen zur Verf\u00fcgung.<\/p>\n\n\n\n<p>Sie f\u00e4rben das Feld bunt. Sie schaffen Nahrungsquellen und Nisthabitate f\u00fcr Best\u00e4uber und N\u00fctzlinge. Sie leisten einen wertvollen Beitrag zur Reduktion des Pflanzenschutzmitteleinsatzes. N\u00fctzlingsstreifen sind heute als Biodiversit\u00e4tsf\u00f6rderfl\u00e4chen-Typ \u00abBl\u00fchstreifen f\u00fcr Best\u00e4uber und andere N\u00fctzlinge\u00bb bekannt. Ab 2023 werden sie zwar \u00fcber Produktionssystembeitr\u00e4ge gef\u00f6rdert, sie k\u00f6nnen aber weiterhin an den angemessenen Anteil an Biodiversit\u00e4tsf\u00f6rderfl\u00e4chen angerechnet werden. Dabei stehen neben den einj\u00e4hrigen neu auch mehrj\u00e4hrige Mischungen sowie Mischungen f\u00fcr Rebfl\u00e4chen und Obstanlagen zur Auswahl<\/p>\n\n\n\n<p><strong>&gt; Diese Neuerung betrifft auch den Fl\u00e4chencode 725. Mehr Infos dazu unter <a href=\"https:\/\/permakultur-landwirtschaft.org\/fr\/725\/\" target=\"_blank\" rel=\"noreferrer noopener\">permakultur-landwirtschaft.org\/725<\/a><\/strong><\/p>\n\n\n\n<p>Link zum Beitrag auf lid.ch: <a href=\"https:\/\/www.lid.ch\/medien\/mediendienst\/aktueller-mediendienst\/artikel\/nuetzlingsstreifen-bunter-pflanzenschutz\/\" target=\"_blank\" rel=\"noreferrer noopener\">www.lid.ch\/medien\/mediendienst\/aktueller-mediendienst\/artikel\/nuetzlingsstreifen-bunter-pflanzenschutz<\/a><\/p>\n\n\n\n<p>Artikel dazu im Schweizer Bauer vom 23. September 2022: <a rel=\"noreferrer noopener\" href=\"https:\/\/www.schweizerbauer.ch\/politik-wirtschaft\/nuetzlingsstreifen-bunter-pflanzenschutz\/\" target=\"_blank\">www.schweizerbauer.ch\/politik-wirtschaft\/nuetzlingsstreifen-bunter-pflanzenschutz<\/a><\/p>\n\n\n\n<p>Link zu dem Beitrag f\u00fcr N\u00fctzlingsstreifen ab 2023 vom BLW: <a rel=\"noreferrer noopener\" href=\"https:\/\/www.blw.admin.ch\/fr\/contributions-systeme-production#Protection-des-vgtaux-respectueuse-de-lenvironnement\" target=\"_blank\">www.blw.admin.ch\/blw\/de\/home\/instrumente\/direktzahlungen\/produktionssystembeitraege23\/nuetzlingsstreifen.html<\/a><\/p>\n\n\n\n<figure class=\"wp-block-image size-full\"><a href=\"https:\/\/www.lid.ch\/medien\/mediendienst\/aktueller-mediendienst\/artikel\/nuetzlingsstreifen-bunter-pflanzenschutz\/\" target=\"_blank\" rel=\"noopener\"><img fetchpriority=\"high\" decoding=\"async\" width=\"700\" height=\"525\" src=\"https:\/\/permakultur-landwirtschaft.org\/wp-content\/uploads\/2022\/09\/nuetzlingsstreifen_csm__941522155__IMG_3931.heic_Jacot_AGS_2e950414cc.jpg\" alt=\"\" class=\"wp-image-25307\" srcset=\"https:\/\/permakultur-landwirtschaft.org\/wp-content\/uploads\/2022\/09\/nuetzlingsstreifen_csm__941522155__IMG_3931.heic_Jacot_AGS_2e950414cc.jpg 700w, https:\/\/permakultur-landwirtschaft.org\/wp-content\/uploads\/2022\/09\/nuetzlingsstreifen_csm__941522155__IMG_3931.heic_Jacot_AGS_2e950414cc-300x225.jpg 300w\" sizes=\"(max-width: 700px) 100vw, 700px\" \/><\/a><figcaption>Bild: Katja Jacot &#8211; Agroscope<\/figcaption><\/figure>\n\n\n\n<hr class=\"wp-block-separator has-css-opacity\"\/>\n\n\n\n<h3 class=\"wp-block-heading\"><a href=\"https:\/\/permakultur-landwirtschaft.org\/fr\/medien\/\">Hier geht&#8217;s zur \u00dcbersicht aller Neuigkeiten<\/a><\/h3>\n\n\n\n<h3 class=\"wp-block-heading\"><a href=\"https:\/\/permakultur-landwirtschaft.org\/fr\/filme\/\">Hier geht&#8217;s zur \u00dcbersicht aller Filme und Audios<\/a><\/h3>","protected":false},"excerpt":{"rendered":"<p>Text von lid.ch: Ab n\u00e4chstem Jahr werden N\u00fctzlingsstreifen \u00fcber Produktionssystembeitr\u00e4ge gef\u00f6rdert. Neu stehen auch mehrj\u00e4hrige Mischungen und solche f\u00fcr Rebfl\u00e4chen und Obstanlagen zur Verf\u00fcgung. Sie f\u00e4rben das Feld bunt. Sie schaffen Nahrungsquellen und Nisthabitate f\u00fcr Best\u00e4uber und N\u00fctzlinge. Sie leisten einen wertvollen Beitrag zur Reduktion des Pflanzenschutzmitteleinsatzes. N\u00fctzlingsstreifen sind heute als Biodiversit\u00e4tsf\u00f6rderfl\u00e4chen-Typ \u00abBl\u00fchstreifen f\u00fcr Best\u00e4uber [&hellip;]<\/p>\n","protected":false},"author":2,"featured_media":25307,"comment_status":"closed","ping_status":"closed","sticky":false,"template":"","format":"standard","meta":{"_acf_changed":false,"site-sidebar-layout":"default","site-content-layout":"","ast-site-content-layout":"default","site-content-style":"default","site-sidebar-style":"default","ast-global-header-display":"","ast-banner-title-visibility":"","ast-main-header-display":"","ast-hfb-above-header-display":"","ast-hfb-below-header-display":"","ast-hfb-mobile-header-display":"","site-post-title":"","ast-breadcrumbs-content":"","ast-featured-img":"","footer-sml-layout":"","ast-disable-related-posts":"","theme-transparent-header-meta":"","adv-header-id-meta":"","stick-header-meta":"","header-above-stick-meta":"","header-main-stick-meta":"","header-below-stick-meta":"","astra-migrate-meta-layouts":"default","ast-page-background-enabled":"default","ast-page-background-meta":{"desktop":{"background-color":"var(--ast-global-color-4)","background-image":"","background-repeat":"repeat","background-position":"center center","background-size":"auto","background-attachment":"scroll","background-type":"","background-media":"","overlay-type":"","overlay-color":"","overlay-opacity":"","overlay-gradient":""},"tablet":{"background-color":"","background-image":"","background-repeat":"repeat","background-position":"center center","background-size":"auto","background-attachment":"scroll","background-type":"","background-media":"","overlay-type":"","overlay-color":"","overlay-opacity":"","overlay-gradient":""},"mobile":{"background-color":"","background-image":"","background-repeat":"repeat","background-position":"center center","background-size":"auto","background-attachment":"scroll","background-type":"","background-media":"","overlay-type":"","overlay-color":"","overlay-opacity":"","overlay-gradient":""}},"ast-content-background-meta":{"desktop":{"background-color":"var(--ast-global-color-5)","background-image":"","background-repeat":"repeat","background-position":"center center","background-size":"auto","background-attachment":"scroll","background-type":"","background-media":"","overlay-type":"","overlay-color":"","overlay-opacity":"","overlay-gradient":""},"tablet":{"background-color":"var(--ast-global-color-5)","background-image":"","background-repeat":"repeat","background-position":"center center","background-size":"auto","background-attachment":"scroll","background-type":"","background-media":"","overlay-type":"","overlay-color":"","overlay-opacity":"","overlay-gradient":""},"mobile":{"background-color":"var(--ast-global-color-5)","background-image":"","background-repeat":"repeat","background-position":"center center","background-size":"auto","background-attachment":"scroll","background-type":"","background-media":"","overlay-type":"","overlay-color":"","overlay-opacity":"","overlay-gradient":""}},"footnotes":""},"categories":[22],"tags":[],"class_list":["post-25306","post","type-post","status-publish","format-standard","has-post-thumbnail","hentry","category-neuigkeit"],"acf":[],"yoast_head":"<!-- This site is optimized with the Yoast SEO plugin v27.5 - https:\/\/yoast.com\/product\/yoast-seo-wordpress\/ -->\n<title>N\u00fctzlingsstreifen \u2013 bunter Pflanzenschutz - Beitrag vom LID vom 16. September 2022 - Permakultur-Landwirtschaft<\/title>\n<meta name=\"robots\" content=\"index, follow, max-snippet:-1, max-image-preview:large, max-video-preview:-1\" \/>\n<link rel=\"canonical\" href=\"https:\/\/permakultur-landwirtschaft.org\/fr\/nuetzlingsstreifen-16-september-2022\/\" \/>\n<meta property=\"og:locale\" content=\"fr_FR\" \/>\n<meta property=\"og:type\" content=\"article\" \/>\n<meta property=\"og:title\" content=\"N\u00fctzlingsstreifen \u2013 bunter Pflanzenschutz - Beitrag vom LID vom 16. September 2022 - Permakultur-Landwirtschaft\" \/>\n<meta property=\"og:description\" content=\"Text von lid.ch: Ab n\u00e4chstem Jahr werden N\u00fctzlingsstreifen \u00fcber Produktionssystembeitr\u00e4ge gef\u00f6rdert. Neu stehen auch mehrj\u00e4hrige Mischungen und solche f\u00fcr Rebfl\u00e4chen und Obstanlagen zur Verf\u00fcgung. Sie f\u00e4rben das Feld bunt. Sie schaffen Nahrungsquellen und Nisthabitate f\u00fcr Best\u00e4uber und N\u00fctzlinge. Sie leisten einen wertvollen Beitrag zur Reduktion des Pflanzenschutzmitteleinsatzes. N\u00fctzlingsstreifen sind heute als Biodiversit\u00e4tsf\u00f6rderfl\u00e4chen-Typ \u00abBl\u00fchstreifen f\u00fcr Best\u00e4uber [&hellip;]\" \/>\n<meta property=\"og:url\" content=\"https:\/\/permakultur-landwirtschaft.org\/fr\/nuetzlingsstreifen-16-september-2022\/\" \/>\n<meta property=\"og:site_name\" content=\"Permakultur-Landwirtschaft\" \/>\n<meta property=\"article:publisher\" content=\"https:\/\/www.facebook.com\/PermakulturLandwirtschaft\" \/>\n<meta property=\"article:published_time\" content=\"2022-09-16T07:53:00+00:00\" \/>\n<meta property=\"article:modified_time\" content=\"2022-09-30T08:02:01+00:00\" \/>\n<meta property=\"og:image\" content=\"https:\/\/permakultur-landwirtschaft.org\/wp-content\/uploads\/2022\/09\/nuetzlingsstreifen_csm__941522155__IMG_3931.heic_Jacot_AGS_2e950414cc.jpg\" \/>\n\t<meta property=\"og:image:width\" content=\"700\" \/>\n\t<meta property=\"og:image:height\" content=\"525\" \/>\n\t<meta property=\"og:image:type\" content=\"image\/jpeg\" \/>\n<meta name=\"author\" content=\"adrian reutimann\" \/>\n<meta name=\"twitter:card\" content=\"summary_large_image\" \/>\n<meta name=\"twitter:label1\" content=\"\u00c9crit par\" \/>\n\t<meta name=\"twitter:data1\" content=\"adrian reutimann\" \/>\n\t<meta name=\"twitter:label2\" content=\"Dur\u00e9e de lecture estim\u00e9e\" \/>\n\t<meta name=\"twitter:data2\" content=\"1 minute\" \/>\n<script type=\"application\/ld+json\" class=\"yoast-schema-graph\">{\"@context\":\"https:\\\/\\\/schema.org\",\"@graph\":[{\"@type\":\"Article\",\"@id\":\"https:\\\/\\\/permakultur-landwirtschaft.org\\\/nuetzlingsstreifen-16-september-2022\\\/#article\",\"isPartOf\":{\"@id\":\"https:\\\/\\\/permakultur-landwirtschaft.org\\\/nuetzlingsstreifen-16-september-2022\\\/\"},\"author\":{\"name\":\"adrian reutimann\",\"@id\":\"https:\\\/\\\/permakultur-landwirtschaft.org\\\/#\\\/schema\\\/person\\\/6b0467872f75aed3e144093f9bf4f0b0\"},\"headline\":\"N\u00fctzlingsstreifen \u2013 bunter Pflanzenschutz &#8211; Beitrag vom LID vom 16. September 2022\",\"datePublished\":\"2022-09-16T07:53:00+00:00\",\"dateModified\":\"2022-09-30T08:02:01+00:00\",\"mainEntityOfPage\":{\"@id\":\"https:\\\/\\\/permakultur-landwirtschaft.org\\\/nuetzlingsstreifen-16-september-2022\\\/\"},\"wordCount\":220,\"publisher\":{\"@id\":\"https:\\\/\\\/permakultur-landwirtschaft.org\\\/#organization\"},\"image\":{\"@id\":\"https:\\\/\\\/permakultur-landwirtschaft.org\\\/nuetzlingsstreifen-16-september-2022\\\/#primaryimage\"},\"thumbnailUrl\":\"https:\\\/\\\/permakultur-landwirtschaft.org\\\/wp-content\\\/uploads\\\/2022\\\/09\\\/nuetzlingsstreifen_csm__941522155__IMG_3931.heic_Jacot_AGS_2e950414cc.jpg\",\"articleSection\":[\"Neuigkeit\"],\"inLanguage\":\"fr-FR\"},{\"@type\":\"WebPage\",\"@id\":\"https:\\\/\\\/permakultur-landwirtschaft.org\\\/nuetzlingsstreifen-16-september-2022\\\/\",\"url\":\"https:\\\/\\\/permakultur-landwirtschaft.org\\\/nuetzlingsstreifen-16-september-2022\\\/\",\"name\":\"N\u00fctzlingsstreifen \u2013 bunter Pflanzenschutz - Beitrag vom LID vom 16. September 2022 - Permakultur-Landwirtschaft\",\"isPartOf\":{\"@id\":\"https:\\\/\\\/permakultur-landwirtschaft.org\\\/#website\"},\"primaryImageOfPage\":{\"@id\":\"https:\\\/\\\/permakultur-landwirtschaft.org\\\/nuetzlingsstreifen-16-september-2022\\\/#primaryimage\"},\"image\":{\"@id\":\"https:\\\/\\\/permakultur-landwirtschaft.org\\\/nuetzlingsstreifen-16-september-2022\\\/#primaryimage\"},\"thumbnailUrl\":\"https:\\\/\\\/permakultur-landwirtschaft.org\\\/wp-content\\\/uploads\\\/2022\\\/09\\\/nuetzlingsstreifen_csm__941522155__IMG_3931.heic_Jacot_AGS_2e950414cc.jpg\",\"datePublished\":\"2022-09-16T07:53:00+00:00\",\"dateModified\":\"2022-09-30T08:02:01+00:00\",\"breadcrumb\":{\"@id\":\"https:\\\/\\\/permakultur-landwirtschaft.org\\\/nuetzlingsstreifen-16-september-2022\\\/#breadcrumb\"},\"inLanguage\":\"fr-FR\",\"potentialAction\":[{\"@type\":\"ReadAction\",\"target\":[\"https:\\\/\\\/permakultur-landwirtschaft.org\\\/nuetzlingsstreifen-16-september-2022\\\/\"]}]},{\"@type\":\"ImageObject\",\"inLanguage\":\"fr-FR\",\"@id\":\"https:\\\/\\\/permakultur-landwirtschaft.org\\\/nuetzlingsstreifen-16-september-2022\\\/#primaryimage\",\"url\":\"https:\\\/\\\/permakultur-landwirtschaft.org\\\/wp-content\\\/uploads\\\/2022\\\/09\\\/nuetzlingsstreifen_csm__941522155__IMG_3931.heic_Jacot_AGS_2e950414cc.jpg\",\"contentUrl\":\"https:\\\/\\\/permakultur-landwirtschaft.org\\\/wp-content\\\/uploads\\\/2022\\\/09\\\/nuetzlingsstreifen_csm__941522155__IMG_3931.heic_Jacot_AGS_2e950414cc.jpg\",\"width\":700,\"height\":525},{\"@type\":\"BreadcrumbList\",\"@id\":\"https:\\\/\\\/permakultur-landwirtschaft.org\\\/nuetzlingsstreifen-16-september-2022\\\/#breadcrumb\",\"itemListElement\":[{\"@type\":\"ListItem\",\"position\":1,\"name\":\"Startseite\",\"item\":\"https:\\\/\\\/permakultur-landwirtschaft.org\\\/\"},{\"@type\":\"ListItem\",\"position\":2,\"name\":\"N\u00fctzlingsstreifen \u2013 bunter Pflanzenschutz &#8211; Beitrag vom LID vom 16. September 2022\"}]},{\"@type\":\"WebSite\",\"@id\":\"https:\\\/\\\/permakultur-landwirtschaft.org\\\/#website\",\"url\":\"https:\\\/\\\/permakultur-landwirtschaft.org\\\/\",\"name\":\"Permakultur-Landwirtschaft\",\"description\":\"F\u00f6rderung der Permakultur in der Landwirtschaft\",\"publisher\":{\"@id\":\"https:\\\/\\\/permakultur-landwirtschaft.org\\\/#organization\"},\"potentialAction\":[{\"@type\":\"SearchAction\",\"target\":{\"@type\":\"EntryPoint\",\"urlTemplate\":\"https:\\\/\\\/permakultur-landwirtschaft.org\\\/?s={search_term_string}\"},\"query-input\":{\"@type\":\"PropertyValueSpecification\",\"valueRequired\":true,\"valueName\":\"search_term_string\"}}],\"inLanguage\":\"fr-FR\"},{\"@type\":\"Organization\",\"@id\":\"https:\\\/\\\/permakultur-landwirtschaft.org\\\/#organization\",\"name\":\"Permakultur-Landwirtschaft\",\"alternateName\":\"Verein Permakultur-Landwirtschaft\",\"url\":\"https:\\\/\\\/permakultur-landwirtschaft.org\\\/\",\"logo\":{\"@type\":\"ImageObject\",\"inLanguage\":\"fr-FR\",\"@id\":\"https:\\\/\\\/permakultur-landwirtschaft.org\\\/#\\\/schema\\\/logo\\\/image\\\/\",\"url\":\"https:\\\/\\\/permakultur-landwirtschaft.org\\\/wp-content\\\/uploads\\\/2021\\\/11\\\/pela_1268x1269.png\",\"contentUrl\":\"https:\\\/\\\/permakultur-landwirtschaft.org\\\/wp-content\\\/uploads\\\/2021\\\/11\\\/pela_1268x1269.png\",\"width\":1298,\"height\":1269,\"caption\":\"Permakultur-Landwirtschaft\"},\"image\":{\"@id\":\"https:\\\/\\\/permakultur-landwirtschaft.org\\\/#\\\/schema\\\/logo\\\/image\\\/\"},\"sameAs\":[\"https:\\\/\\\/www.facebook.com\\\/PermakulturLandwirtschaft\",\"https:\\\/\\\/www.instagram.com\\\/permakultur_landwirtschaft\\\/\",\"https:\\\/\\\/www.flickr.com\\\/photos\\\/permakultur-landwirtschaft\",\"https:\\\/\\\/www.youtube.com\\\/@PermakulturLandwirtschaft\"]},{\"@type\":\"Person\",\"@id\":\"https:\\\/\\\/permakultur-landwirtschaft.org\\\/#\\\/schema\\\/person\\\/6b0467872f75aed3e144093f9bf4f0b0\",\"name\":\"adrian reutimann\",\"url\":\"https:\\\/\\\/permakultur-landwirtschaft.org\\\/fr\\\/author\\\/reutiadr\\\/\"}]}<\/script>\n<!-- \/ Yoast SEO plugin. -->","yoast_head_json":{"title":"N\u00fctzlingsstreifen \u2013 bunter Pflanzenschutz - Beitrag vom LID vom 16. September 2022 - Permakultur-Landwirtschaft","robots":{"index":"index","follow":"follow","max-snippet":"max-snippet:-1","max-image-preview":"max-image-preview:large","max-video-preview":"max-video-preview:-1"},"canonical":"https:\/\/permakultur-landwirtschaft.org\/fr\/nuetzlingsstreifen-16-september-2022\/","og_locale":"fr_FR","og_type":"article","og_title":"N\u00fctzlingsstreifen \u2013 bunter Pflanzenschutz - Beitrag vom LID vom 16. September 2022 - Permakultur-Landwirtschaft","og_description":"Text von lid.ch: Ab n\u00e4chstem Jahr werden N\u00fctzlingsstreifen \u00fcber Produktionssystembeitr\u00e4ge gef\u00f6rdert. Neu stehen auch mehrj\u00e4hrige Mischungen und solche f\u00fcr Rebfl\u00e4chen und Obstanlagen zur Verf\u00fcgung. Sie f\u00e4rben das Feld bunt. Sie schaffen Nahrungsquellen und Nisthabitate f\u00fcr Best\u00e4uber und N\u00fctzlinge. Sie leisten einen wertvollen Beitrag zur Reduktion des Pflanzenschutzmitteleinsatzes. N\u00fctzlingsstreifen sind heute als Biodiversit\u00e4tsf\u00f6rderfl\u00e4chen-Typ \u00abBl\u00fchstreifen f\u00fcr Best\u00e4uber [&hellip;]","og_url":"https:\/\/permakultur-landwirtschaft.org\/fr\/nuetzlingsstreifen-16-september-2022\/","og_site_name":"Permakultur-Landwirtschaft","article_publisher":"https:\/\/www.facebook.com\/PermakulturLandwirtschaft","article_published_time":"2022-09-16T07:53:00+00:00","article_modified_time":"2022-09-30T08:02:01+00:00","og_image":[{"width":700,"height":525,"url":"https:\/\/permakultur-landwirtschaft.org\/wp-content\/uploads\/2022\/09\/nuetzlingsstreifen_csm__941522155__IMG_3931.heic_Jacot_AGS_2e950414cc.jpg","type":"image\/jpeg"}],"author":"adrian reutimann","twitter_card":"summary_large_image","twitter_misc":{"\u00c9crit par":"adrian reutimann","Dur\u00e9e de lecture estim\u00e9e":"1 minute"},"schema":{"@context":"https:\/\/schema.org","@graph":[{"@type":"Article","@id":"https:\/\/permakultur-landwirtschaft.org\/nuetzlingsstreifen-16-september-2022\/#article","isPartOf":{"@id":"https:\/\/permakultur-landwirtschaft.org\/nuetzlingsstreifen-16-september-2022\/"},"author":{"name":"adrian reutimann","@id":"https:\/\/permakultur-landwirtschaft.org\/#\/schema\/person\/6b0467872f75aed3e144093f9bf4f0b0"},"headline":"N\u00fctzlingsstreifen \u2013 bunter Pflanzenschutz &#8211; Beitrag vom LID vom 16. September 2022","datePublished":"2022-09-16T07:53:00+00:00","dateModified":"2022-09-30T08:02:01+00:00","mainEntityOfPage":{"@id":"https:\/\/permakultur-landwirtschaft.org\/nuetzlingsstreifen-16-september-2022\/"},"wordCount":220,"publisher":{"@id":"https:\/\/permakultur-landwirtschaft.org\/#organization"},"image":{"@id":"https:\/\/permakultur-landwirtschaft.org\/nuetzlingsstreifen-16-september-2022\/#primaryimage"},"thumbnailUrl":"https:\/\/permakultur-landwirtschaft.org\/wp-content\/uploads\/2022\/09\/nuetzlingsstreifen_csm__941522155__IMG_3931.heic_Jacot_AGS_2e950414cc.jpg","articleSection":["Neuigkeit"],"inLanguage":"fr-FR"},{"@type":"WebPage","@id":"https:\/\/permakultur-landwirtschaft.org\/nuetzlingsstreifen-16-september-2022\/","url":"https:\/\/permakultur-landwirtschaft.org\/nuetzlingsstreifen-16-september-2022\/","name":"N\u00fctzlingsstreifen \u2013 bunter Pflanzenschutz - Beitrag vom LID vom 16. September 2022 - Permakultur-Landwirtschaft","isPartOf":{"@id":"https:\/\/permakultur-landwirtschaft.org\/#website"},"primaryImageOfPage":{"@id":"https:\/\/permakultur-landwirtschaft.org\/nuetzlingsstreifen-16-september-2022\/#primaryimage"},"image":{"@id":"https:\/\/permakultur-landwirtschaft.org\/nuetzlingsstreifen-16-september-2022\/#primaryimage"},"thumbnailUrl":"https:\/\/permakultur-landwirtschaft.org\/wp-content\/uploads\/2022\/09\/nuetzlingsstreifen_csm__941522155__IMG_3931.heic_Jacot_AGS_2e950414cc.jpg","datePublished":"2022-09-16T07:53:00+00:00","dateModified":"2022-09-30T08:02:01+00:00","breadcrumb":{"@id":"https:\/\/permakultur-landwirtschaft.org\/nuetzlingsstreifen-16-september-2022\/#breadcrumb"},"inLanguage":"fr-FR","potentialAction":[{"@type":"ReadAction","target":["https:\/\/permakultur-landwirtschaft.org\/nuetzlingsstreifen-16-september-2022\/"]}]},{"@type":"ImageObject","inLanguage":"fr-FR","@id":"https:\/\/permakultur-landwirtschaft.org\/nuetzlingsstreifen-16-september-2022\/#primaryimage","url":"https:\/\/permakultur-landwirtschaft.org\/wp-content\/uploads\/2022\/09\/nuetzlingsstreifen_csm__941522155__IMG_3931.heic_Jacot_AGS_2e950414cc.jpg","contentUrl":"https:\/\/permakultur-landwirtschaft.org\/wp-content\/uploads\/2022\/09\/nuetzlingsstreifen_csm__941522155__IMG_3931.heic_Jacot_AGS_2e950414cc.jpg","width":700,"height":525},{"@type":"BreadcrumbList","@id":"https:\/\/permakultur-landwirtschaft.org\/nuetzlingsstreifen-16-september-2022\/#breadcrumb","itemListElement":[{"@type":"ListItem","position":1,"name":"Startseite","item":"https:\/\/permakultur-landwirtschaft.org\/"},{"@type":"ListItem","position":2,"name":"N\u00fctzlingsstreifen \u2013 bunter Pflanzenschutz &#8211; Beitrag vom LID vom 16. September 2022"}]},{"@type":"WebSite","@id":"https:\/\/permakultur-landwirtschaft.org\/#website","url":"https:\/\/permakultur-landwirtschaft.org\/","name":"Permakultur-Landwirtschaft","description":"F\u00f6rderung der Permakultur in der Landwirtschaft","publisher":{"@id":"https:\/\/permakultur-landwirtschaft.org\/#organization"},"potentialAction":[{"@type":"SearchAction","target":{"@type":"EntryPoint","urlTemplate":"https:\/\/permakultur-landwirtschaft.org\/?s={search_term_string}"},"query-input":{"@type":"PropertyValueSpecification","valueRequired":true,"valueName":"search_term_string"}}],"inLanguage":"fr-FR"},{"@type":"Organization","@id":"https:\/\/permakultur-landwirtschaft.org\/#organization","name":"Permakultur-Landwirtschaft","alternateName":"Verein Permakultur-Landwirtschaft","url":"https:\/\/permakultur-landwirtschaft.org\/","logo":{"@type":"ImageObject","inLanguage":"fr-FR","@id":"https:\/\/permakultur-landwirtschaft.org\/#\/schema\/logo\/image\/","url":"https:\/\/permakultur-landwirtschaft.org\/wp-content\/uploads\/2021\/11\/pela_1268x1269.png","contentUrl":"https:\/\/permakultur-landwirtschaft.org\/wp-content\/uploads\/2021\/11\/pela_1268x1269.png","width":1298,"height":1269,"caption":"Permakultur-Landwirtschaft"},"image":{"@id":"https:\/\/permakultur-landwirtschaft.org\/#\/schema\/logo\/image\/"},"sameAs":["https:\/\/www.facebook.com\/PermakulturLandwirtschaft","https:\/\/www.instagram.com\/permakultur_landwirtschaft\/","https:\/\/www.flickr.com\/photos\/permakultur-landwirtschaft","https:\/\/www.youtube.com\/@PermakulturLandwirtschaft"]},{"@type":"Person","@id":"https:\/\/permakultur-landwirtschaft.org\/#\/schema\/person\/6b0467872f75aed3e144093f9bf4f0b0","name":"adrian reutimann","url":"https:\/\/permakultur-landwirtschaft.org\/fr\/author\/reutiadr\/"}]}},"_links":{"self":[{"href":"https:\/\/permakultur-landwirtschaft.org\/fr\/wp-json\/wp\/v2\/posts\/25306","targetHints":{"allow":["GET"]}}],"collection":[{"href":"https:\/\/permakultur-landwirtschaft.org\/fr\/wp-json\/wp\/v2\/posts"}],"about":[{"href":"https:\/\/permakultur-landwirtschaft.org\/fr\/wp-json\/wp\/v2\/types\/post"}],"author":[{"embeddable":true,"href":"https:\/\/permakultur-landwirtschaft.org\/fr\/wp-json\/wp\/v2\/users\/2"}],"replies":[{"embeddable":true,"href":"https:\/\/permakultur-landwirtschaft.org\/fr\/wp-json\/wp\/v2\/comments?post=25306"}],"version-history":[{"count":2,"href":"https:\/\/permakultur-landwirtschaft.org\/fr\/wp-json\/wp\/v2\/posts\/25306\/revisions"}],"predecessor-version":[{"id":25309,"href":"https:\/\/permakultur-landwirtschaft.org\/fr\/wp-json\/wp\/v2\/posts\/25306\/revisions\/25309"}],"wp:featuredmedia":[{"embeddable":true,"href":"https:\/\/permakultur-landwirtschaft.org\/fr\/wp-json\/wp\/v2\/media\/25307"}],"wp:attachment":[{"href":"https:\/\/permakultur-landwirtschaft.org\/fr\/wp-json\/wp\/v2\/media?parent=25306"}],"wp:term":[{"taxonomy":"category","embeddable":true,"href":"https:\/\/permakultur-landwirtschaft.org\/fr\/wp-json\/wp\/v2\/categories?post=25306"},{"taxonomy":"post_tag","embeddable":true,"href":"https:\/\/permakultur-landwirtschaft.org\/fr\/wp-json\/wp\/v2\/tags?post=25306"}],"curies":[{"name":"wp","href":"https:\/\/api.w.org\/{rel}","templated":true}]}}