{"id":25234,"date":"2022-10-26T06:36:00","date_gmt":"2022-10-26T04:36:00","guid":{"rendered":"https:\/\/permakultur-landwirtschaft.org\/?p=25234"},"modified":"2022-11-01T10:02:40","modified_gmt":"2022-11-01T09:02:40","slug":"simpregner-dapproches-agroecologiques-visite-de-la-ferme-le-26-octobre-2022","status":"publish","type":"post","link":"https:\/\/permakultur-landwirtschaft.org\/fr\/simpregner-dapproches-agroecologiques-visite-de-la-ferme-le-26-octobre-2022\/","title":{"rendered":"S&#8217;impr\u00e9gner d&#8217;approches agro\u00e9cologiques &#8211; visite de la ferme le 26. octobre 2022"},"content":{"rendered":"<p>Texte de agroecologyworks.ch:<\/p>\n\n\n\n<p>Visite d&#8217;une ferme exploit\u00e9e en biodynamie depuis 2016, suivie d\u2019un ap\u00e9ro convivial avec des produits locaux. Venez d\u00e9couvrir un syst\u00e8me diversifi\u00e9 avec de nombreux \u00e9l\u00e9ments agro\u00e9cologiques et d\u2019agroforesterie, respectueux de l&#8217;environnement ainsi que des animaux, et \u00e9changer autour des th\u00e8mes de notre rapport \u00e0 la nature et de l\u2019h\u00e9ritage que nous laissons aux g\u00e9n\u00e9rations futures.<\/p>\n\n\n\n<h3 class=\"wp-block-heading\">Date \/ Datum<\/h3>\n\n\n\n<p>26. octobre 2022<\/p>\n\n\n\n<h3 class=\"wp-block-heading\">Adresse<\/h3>\n\n\n\n<p>Ferme de Trois Rods<br>Route de Trois-Rods 42<br>2017 Boudry NE<\/p>\n\n\n\n<h3 class=\"wp-block-heading\">Infos <\/h3>\n\n\n\n<p>Infos sur le \u00e9v\u00e9nement: <a href=\"https:\/\/agroecologyworks.ch\/fr\/journees-de-l-agroecologie\/2022\/events\/s-impregner-d-approches-agroecologiques\" target=\"_blank\" rel=\"noreferrer noopener\">agroecologyworks.ch\/fr\/journees-de-l-agroecologie\/2022\/events\/s-impregner-d-approches-agroecologiques<\/a><\/p>\n\n\n\n<p>Lien vers la ferme: <a href=\"https:\/\/fermedetroisrods.ch\" target=\"_blank\" rel=\"noreferrer noopener\">fermedetroisrods.ch<\/a><\/p>\n\n\n\n<figure class=\"wp-block-image size-full\"><a href=\"https:\/\/agroecologyworks.ch\/fr\/journees-de-l-agroecologie\/2022\/events\/s-impregner-d-approches-agroecologiques\" target=\"_blank\" rel=\"noreferrer noopener\"><img fetchpriority=\"high\" decoding=\"async\" width=\"700\" height=\"466\" src=\"https:\/\/permakultur-landwirtschaft.org\/wp-content\/uploads\/2022\/09\/ferme_de_trois_rods_Photos_B2_web-1024x683-1.jpg\" alt=\"\" class=\"wp-image-25235\" srcset=\"https:\/\/permakultur-landwirtschaft.org\/wp-content\/uploads\/2022\/09\/ferme_de_trois_rods_Photos_B2_web-1024x683-1.jpg 700w, https:\/\/permakultur-landwirtschaft.org\/wp-content\/uploads\/2022\/09\/ferme_de_trois_rods_Photos_B2_web-1024x683-1-300x200.jpg 300w, https:\/\/permakultur-landwirtschaft.org\/wp-content\/uploads\/2022\/09\/ferme_de_trois_rods_Photos_B2_web-1024x683-1-272x182.jpg 272w\" sizes=\"(max-width: 700px) 100vw, 700px\" \/><\/a><figcaption>Bild: fermedetroisrods.ch<\/figcaption><\/figure>\n\n\n\n<hr class=\"wp-block-separator has-css-opacity\"\/>\n\n\n\n<h3 class=\"wp-block-heading\"><a href=\"https:\/\/permakultur-landwirtschaft.org\/fr\/veranstaltungen\/\" data-type=\"page\" data-id=\"476\">Cliquez ici pour voir les \u00e9v\u00e9nements actuels \/ <\/a><br><a href=\"https:\/\/permakultur-landwirtschaft.org\/fr\/veranstaltungen\/\">Hier geht&#8217;s zur \u00dcbersicht aktuelle Veranstaltungen<\/a><\/h3>","protected":false},"excerpt":{"rendered":"<p>Texte de agroecologyworks.ch: Visite d&#8217;une ferme exploit\u00e9e en biodynamie depuis 2016, suivie d\u2019un ap\u00e9ro convivial avec des produits locaux. Venez d\u00e9couvrir un syst\u00e8me diversifi\u00e9 avec de nombreux \u00e9l\u00e9ments agro\u00e9cologiques et d\u2019agroforesterie, respectueux de l&#8217;environnement ainsi que des animaux, et \u00e9changer autour des th\u00e8mes de notre rapport \u00e0 la nature et de l\u2019h\u00e9ritage que nous laissons [&hellip;]<\/p>\n","protected":false},"author":2,"featured_media":25235,"comment_status":"closed","ping_status":"closed","sticky":false,"template":"","format":"standard","meta":{"_acf_changed":false,"site-sidebar-layout":"default","site-content-layout":"","ast-site-content-layout":"default","site-content-style":"default","site-sidebar-style":"default","ast-global-header-display":"","ast-banner-title-visibility":"","ast-main-header-display":"","ast-hfb-above-header-display":"","ast-hfb-below-header-display":"","ast-hfb-mobile-header-display":"","site-post-title":"","ast-breadcrumbs-content":"","ast-featured-img":"","footer-sml-layout":"","ast-disable-related-posts":"","theme-transparent-header-meta":"","adv-header-id-meta":"","stick-header-meta":"","header-above-stick-meta":"","header-main-stick-meta":"","header-below-stick-meta":"","astra-migrate-meta-layouts":"default","ast-page-background-enabled":"default","ast-page-background-meta":{"desktop":{"background-color":"var(--ast-global-color-4)","background-image":"","background-repeat":"repeat","background-position":"center center","background-size":"auto","background-attachment":"scroll","background-type":"","background-media":"","overlay-type":"","overlay-color":"","overlay-opacity":"","overlay-gradient":""},"tablet":{"background-color":"","background-image":"","background-repeat":"repeat","background-position":"center center","background-size":"auto","background-attachment":"scroll","background-type":"","background-media":"","overlay-type":"","overlay-color":"","overlay-opacity":"","overlay-gradient":""},"mobile":{"background-color":"","background-image":"","background-repeat":"repeat","background-position":"center center","background-size":"auto","background-attachment":"scroll","background-type":"","background-media":"","overlay-type":"","overlay-color":"","overlay-opacity":"","overlay-gradient":""}},"ast-content-background-meta":{"desktop":{"background-color":"var(--ast-global-color-5)","background-image":"","background-repeat":"repeat","background-position":"center center","background-size":"auto","background-attachment":"scroll","background-type":"","background-media":"","overlay-type":"","overlay-color":"","overlay-opacity":"","overlay-gradient":""},"tablet":{"background-color":"var(--ast-global-color-5)","background-image":"","background-repeat":"repeat","background-position":"center center","background-size":"auto","background-attachment":"scroll","background-type":"","background-media":"","overlay-type":"","overlay-color":"","overlay-opacity":"","overlay-gradient":""},"mobile":{"background-color":"var(--ast-global-color-5)","background-image":"","background-repeat":"repeat","background-position":"center center","background-size":"auto","background-attachment":"scroll","background-type":"","background-media":"","overlay-type":"","overlay-color":"","overlay-opacity":"","overlay-gradient":""}},"footnotes":""},"categories":[21],"tags":[],"class_list":["post-25234","post","type-post","status-publish","format-standard","has-post-thumbnail","hentry","category-veranstaltungen_archiv"],"acf":[],"yoast_head":"<!-- This site is optimized with the Yoast SEO plugin v27.5 - https:\/\/yoast.com\/product\/yoast-seo-wordpress\/ -->\n<title>S&#039;impr\u00e9gner d&#039;approches agro\u00e9cologiques - visite de la ferme le 26. octobre 2022 - Permakultur-Landwirtschaft<\/title>\n<meta name=\"robots\" content=\"index, follow, max-snippet:-1, max-image-preview:large, max-video-preview:-1\" \/>\n<link rel=\"canonical\" href=\"https:\/\/permakultur-landwirtschaft.org\/fr\/simpregner-dapproches-agroecologiques-visite-de-la-ferme-le-26-octobre-2022\/\" \/>\n<meta property=\"og:locale\" content=\"fr_FR\" \/>\n<meta property=\"og:type\" content=\"article\" \/>\n<meta property=\"og:title\" content=\"S&#039;impr\u00e9gner d&#039;approches agro\u00e9cologiques - visite de la ferme le 26. octobre 2022 - Permakultur-Landwirtschaft\" \/>\n<meta property=\"og:description\" content=\"Texte de agroecologyworks.ch: Visite d&#8217;une ferme exploit\u00e9e en biodynamie depuis 2016, suivie d\u2019un ap\u00e9ro convivial avec des produits locaux. Venez d\u00e9couvrir un syst\u00e8me diversifi\u00e9 avec de nombreux \u00e9l\u00e9ments agro\u00e9cologiques et d\u2019agroforesterie, respectueux de l&#8217;environnement ainsi que des animaux, et \u00e9changer autour des th\u00e8mes de notre rapport \u00e0 la nature et de l\u2019h\u00e9ritage que nous laissons [&hellip;]\" \/>\n<meta property=\"og:url\" content=\"https:\/\/permakultur-landwirtschaft.org\/fr\/simpregner-dapproches-agroecologiques-visite-de-la-ferme-le-26-octobre-2022\/\" \/>\n<meta property=\"og:site_name\" content=\"Permakultur-Landwirtschaft\" \/>\n<meta property=\"article:publisher\" content=\"https:\/\/www.facebook.com\/PermakulturLandwirtschaft\" \/>\n<meta property=\"article:published_time\" content=\"2022-10-26T04:36:00+00:00\" \/>\n<meta property=\"article:modified_time\" content=\"2022-11-01T09:02:40+00:00\" \/>\n<meta property=\"og:image\" content=\"https:\/\/permakultur-landwirtschaft.org\/wp-content\/uploads\/2022\/09\/ferme_de_trois_rods_Photos_B2_web-1024x683-1.jpg\" \/>\n\t<meta property=\"og:image:width\" content=\"700\" \/>\n\t<meta property=\"og:image:height\" content=\"466\" \/>\n\t<meta property=\"og:image:type\" content=\"image\/jpeg\" \/>\n<meta name=\"author\" content=\"adrian reutimann\" \/>\n<meta name=\"twitter:card\" content=\"summary_large_image\" \/>\n<meta name=\"twitter:label1\" content=\"\u00c9crit par\" \/>\n\t<meta name=\"twitter:data1\" content=\"adrian reutimann\" \/>\n\t<meta name=\"twitter:label2\" content=\"Dur\u00e9e de lecture estim\u00e9e\" \/>\n\t<meta name=\"twitter:data2\" content=\"1 minute\" \/>\n<script type=\"application\/ld+json\" class=\"yoast-schema-graph\">{\"@context\":\"https:\\\/\\\/schema.org\",\"@graph\":[{\"@type\":\"Article\",\"@id\":\"https:\\\/\\\/permakultur-landwirtschaft.org\\\/simpregner-dapproches-agroecologiques-visite-de-la-ferme-le-26-octobre-2022\\\/#article\",\"isPartOf\":{\"@id\":\"https:\\\/\\\/permakultur-landwirtschaft.org\\\/simpregner-dapproches-agroecologiques-visite-de-la-ferme-le-26-octobre-2022\\\/\"},\"author\":{\"name\":\"adrian reutimann\",\"@id\":\"https:\\\/\\\/permakultur-landwirtschaft.org\\\/#\\\/schema\\\/person\\\/6b0467872f75aed3e144093f9bf4f0b0\"},\"headline\":\"S&#8217;impr\u00e9gner d&#8217;approches agro\u00e9cologiques &#8211; visite de la ferme le 26. octobre 2022\",\"datePublished\":\"2022-10-26T04:36:00+00:00\",\"dateModified\":\"2022-11-01T09:02:40+00:00\",\"mainEntityOfPage\":{\"@id\":\"https:\\\/\\\/permakultur-landwirtschaft.org\\\/simpregner-dapproches-agroecologiques-visite-de-la-ferme-le-26-octobre-2022\\\/\"},\"wordCount\":134,\"publisher\":{\"@id\":\"https:\\\/\\\/permakultur-landwirtschaft.org\\\/#organization\"},\"image\":{\"@id\":\"https:\\\/\\\/permakultur-landwirtschaft.org\\\/simpregner-dapproches-agroecologiques-visite-de-la-ferme-le-26-octobre-2022\\\/#primaryimage\"},\"thumbnailUrl\":\"https:\\\/\\\/permakultur-landwirtschaft.org\\\/wp-content\\\/uploads\\\/2022\\\/09\\\/ferme_de_trois_rods_Photos_B2_web-1024x683-1.jpg\",\"articleSection\":[\"Veranstaltungen_Archiv\"],\"inLanguage\":\"fr-FR\"},{\"@type\":\"WebPage\",\"@id\":\"https:\\\/\\\/permakultur-landwirtschaft.org\\\/simpregner-dapproches-agroecologiques-visite-de-la-ferme-le-26-octobre-2022\\\/\",\"url\":\"https:\\\/\\\/permakultur-landwirtschaft.org\\\/simpregner-dapproches-agroecologiques-visite-de-la-ferme-le-26-octobre-2022\\\/\",\"name\":\"S'impr\u00e9gner d'approches agro\u00e9cologiques - visite de la ferme le 26. octobre 2022 - Permakultur-Landwirtschaft\",\"isPartOf\":{\"@id\":\"https:\\\/\\\/permakultur-landwirtschaft.org\\\/#website\"},\"primaryImageOfPage\":{\"@id\":\"https:\\\/\\\/permakultur-landwirtschaft.org\\\/simpregner-dapproches-agroecologiques-visite-de-la-ferme-le-26-octobre-2022\\\/#primaryimage\"},\"image\":{\"@id\":\"https:\\\/\\\/permakultur-landwirtschaft.org\\\/simpregner-dapproches-agroecologiques-visite-de-la-ferme-le-26-octobre-2022\\\/#primaryimage\"},\"thumbnailUrl\":\"https:\\\/\\\/permakultur-landwirtschaft.org\\\/wp-content\\\/uploads\\\/2022\\\/09\\\/ferme_de_trois_rods_Photos_B2_web-1024x683-1.jpg\",\"datePublished\":\"2022-10-26T04:36:00+00:00\",\"dateModified\":\"2022-11-01T09:02:40+00:00\",\"breadcrumb\":{\"@id\":\"https:\\\/\\\/permakultur-landwirtschaft.org\\\/simpregner-dapproches-agroecologiques-visite-de-la-ferme-le-26-octobre-2022\\\/#breadcrumb\"},\"inLanguage\":\"fr-FR\",\"potentialAction\":[{\"@type\":\"ReadAction\",\"target\":[\"https:\\\/\\\/permakultur-landwirtschaft.org\\\/simpregner-dapproches-agroecologiques-visite-de-la-ferme-le-26-octobre-2022\\\/\"]}]},{\"@type\":\"ImageObject\",\"inLanguage\":\"fr-FR\",\"@id\":\"https:\\\/\\\/permakultur-landwirtschaft.org\\\/simpregner-dapproches-agroecologiques-visite-de-la-ferme-le-26-octobre-2022\\\/#primaryimage\",\"url\":\"https:\\\/\\\/permakultur-landwirtschaft.org\\\/wp-content\\\/uploads\\\/2022\\\/09\\\/ferme_de_trois_rods_Photos_B2_web-1024x683-1.jpg\",\"contentUrl\":\"https:\\\/\\\/permakultur-landwirtschaft.org\\\/wp-content\\\/uploads\\\/2022\\\/09\\\/ferme_de_trois_rods_Photos_B2_web-1024x683-1.jpg\",\"width\":700,\"height\":466},{\"@type\":\"BreadcrumbList\",\"@id\":\"https:\\\/\\\/permakultur-landwirtschaft.org\\\/simpregner-dapproches-agroecologiques-visite-de-la-ferme-le-26-octobre-2022\\\/#breadcrumb\",\"itemListElement\":[{\"@type\":\"ListItem\",\"position\":1,\"name\":\"Startseite\",\"item\":\"https:\\\/\\\/permakultur-landwirtschaft.org\\\/\"},{\"@type\":\"ListItem\",\"position\":2,\"name\":\"S&#8217;impr\u00e9gner d&#8217;approches agro\u00e9cologiques &#8211; visite de la ferme le 26. octobre 2022\"}]},{\"@type\":\"WebSite\",\"@id\":\"https:\\\/\\\/permakultur-landwirtschaft.org\\\/#website\",\"url\":\"https:\\\/\\\/permakultur-landwirtschaft.org\\\/\",\"name\":\"Permakultur-Landwirtschaft\",\"description\":\"F\u00f6rderung der Permakultur in der Landwirtschaft\",\"publisher\":{\"@id\":\"https:\\\/\\\/permakultur-landwirtschaft.org\\\/#organization\"},\"potentialAction\":[{\"@type\":\"SearchAction\",\"target\":{\"@type\":\"EntryPoint\",\"urlTemplate\":\"https:\\\/\\\/permakultur-landwirtschaft.org\\\/?s={search_term_string}\"},\"query-input\":{\"@type\":\"PropertyValueSpecification\",\"valueRequired\":true,\"valueName\":\"search_term_string\"}}],\"inLanguage\":\"fr-FR\"},{\"@type\":\"Organization\",\"@id\":\"https:\\\/\\\/permakultur-landwirtschaft.org\\\/#organization\",\"name\":\"Permakultur-Landwirtschaft\",\"alternateName\":\"Verein Permakultur-Landwirtschaft\",\"url\":\"https:\\\/\\\/permakultur-landwirtschaft.org\\\/\",\"logo\":{\"@type\":\"ImageObject\",\"inLanguage\":\"fr-FR\",\"@id\":\"https:\\\/\\\/permakultur-landwirtschaft.org\\\/#\\\/schema\\\/logo\\\/image\\\/\",\"url\":\"https:\\\/\\\/permakultur-landwirtschaft.org\\\/wp-content\\\/uploads\\\/2021\\\/11\\\/pela_1268x1269.png\",\"contentUrl\":\"https:\\\/\\\/permakultur-landwirtschaft.org\\\/wp-content\\\/uploads\\\/2021\\\/11\\\/pela_1268x1269.png\",\"width\":1298,\"height\":1269,\"caption\":\"Permakultur-Landwirtschaft\"},\"image\":{\"@id\":\"https:\\\/\\\/permakultur-landwirtschaft.org\\\/#\\\/schema\\\/logo\\\/image\\\/\"},\"sameAs\":[\"https:\\\/\\\/www.facebook.com\\\/PermakulturLandwirtschaft\",\"https:\\\/\\\/www.instagram.com\\\/permakultur_landwirtschaft\\\/\",\"https:\\\/\\\/www.flickr.com\\\/photos\\\/permakultur-landwirtschaft\",\"https:\\\/\\\/www.youtube.com\\\/@PermakulturLandwirtschaft\"]},{\"@type\":\"Person\",\"@id\":\"https:\\\/\\\/permakultur-landwirtschaft.org\\\/#\\\/schema\\\/person\\\/6b0467872f75aed3e144093f9bf4f0b0\",\"name\":\"adrian reutimann\",\"url\":\"https:\\\/\\\/permakultur-landwirtschaft.org\\\/fr\\\/author\\\/reutiadr\\\/\"}]}<\/script>\n<!-- \/ Yoast SEO plugin. -->","yoast_head_json":{"title":"S'impr\u00e9gner d'approches agro\u00e9cologiques - visite de la ferme le 26. octobre 2022 - Permakultur-Landwirtschaft","robots":{"index":"index","follow":"follow","max-snippet":"max-snippet:-1","max-image-preview":"max-image-preview:large","max-video-preview":"max-video-preview:-1"},"canonical":"https:\/\/permakultur-landwirtschaft.org\/fr\/simpregner-dapproches-agroecologiques-visite-de-la-ferme-le-26-octobre-2022\/","og_locale":"fr_FR","og_type":"article","og_title":"S'impr\u00e9gner d'approches agro\u00e9cologiques - visite de la ferme le 26. octobre 2022 - Permakultur-Landwirtschaft","og_description":"Texte de agroecologyworks.ch: Visite d&#8217;une ferme exploit\u00e9e en biodynamie depuis 2016, suivie d\u2019un ap\u00e9ro convivial avec des produits locaux. Venez d\u00e9couvrir un syst\u00e8me diversifi\u00e9 avec de nombreux \u00e9l\u00e9ments agro\u00e9cologiques et d\u2019agroforesterie, respectueux de l&#8217;environnement ainsi que des animaux, et \u00e9changer autour des th\u00e8mes de notre rapport \u00e0 la nature et de l\u2019h\u00e9ritage que nous laissons [&hellip;]","og_url":"https:\/\/permakultur-landwirtschaft.org\/fr\/simpregner-dapproches-agroecologiques-visite-de-la-ferme-le-26-octobre-2022\/","og_site_name":"Permakultur-Landwirtschaft","article_publisher":"https:\/\/www.facebook.com\/PermakulturLandwirtschaft","article_published_time":"2022-10-26T04:36:00+00:00","article_modified_time":"2022-11-01T09:02:40+00:00","og_image":[{"width":700,"height":466,"url":"https:\/\/permakultur-landwirtschaft.org\/wp-content\/uploads\/2022\/09\/ferme_de_trois_rods_Photos_B2_web-1024x683-1.jpg","type":"image\/jpeg"}],"author":"adrian reutimann","twitter_card":"summary_large_image","twitter_misc":{"\u00c9crit par":"adrian reutimann","Dur\u00e9e de lecture estim\u00e9e":"1 minute"},"schema":{"@context":"https:\/\/schema.org","@graph":[{"@type":"Article","@id":"https:\/\/permakultur-landwirtschaft.org\/simpregner-dapproches-agroecologiques-visite-de-la-ferme-le-26-octobre-2022\/#article","isPartOf":{"@id":"https:\/\/permakultur-landwirtschaft.org\/simpregner-dapproches-agroecologiques-visite-de-la-ferme-le-26-octobre-2022\/"},"author":{"name":"adrian reutimann","@id":"https:\/\/permakultur-landwirtschaft.org\/#\/schema\/person\/6b0467872f75aed3e144093f9bf4f0b0"},"headline":"S&#8217;impr\u00e9gner d&#8217;approches agro\u00e9cologiques &#8211; visite de la ferme le 26. octobre 2022","datePublished":"2022-10-26T04:36:00+00:00","dateModified":"2022-11-01T09:02:40+00:00","mainEntityOfPage":{"@id":"https:\/\/permakultur-landwirtschaft.org\/simpregner-dapproches-agroecologiques-visite-de-la-ferme-le-26-octobre-2022\/"},"wordCount":134,"publisher":{"@id":"https:\/\/permakultur-landwirtschaft.org\/#organization"},"image":{"@id":"https:\/\/permakultur-landwirtschaft.org\/simpregner-dapproches-agroecologiques-visite-de-la-ferme-le-26-octobre-2022\/#primaryimage"},"thumbnailUrl":"https:\/\/permakultur-landwirtschaft.org\/wp-content\/uploads\/2022\/09\/ferme_de_trois_rods_Photos_B2_web-1024x683-1.jpg","articleSection":["Veranstaltungen_Archiv"],"inLanguage":"fr-FR"},{"@type":"WebPage","@id":"https:\/\/permakultur-landwirtschaft.org\/simpregner-dapproches-agroecologiques-visite-de-la-ferme-le-26-octobre-2022\/","url":"https:\/\/permakultur-landwirtschaft.org\/simpregner-dapproches-agroecologiques-visite-de-la-ferme-le-26-octobre-2022\/","name":"S'impr\u00e9gner d'approches agro\u00e9cologiques - visite de la ferme le 26. octobre 2022 - Permakultur-Landwirtschaft","isPartOf":{"@id":"https:\/\/permakultur-landwirtschaft.org\/#website"},"primaryImageOfPage":{"@id":"https:\/\/permakultur-landwirtschaft.org\/simpregner-dapproches-agroecologiques-visite-de-la-ferme-le-26-octobre-2022\/#primaryimage"},"image":{"@id":"https:\/\/permakultur-landwirtschaft.org\/simpregner-dapproches-agroecologiques-visite-de-la-ferme-le-26-octobre-2022\/#primaryimage"},"thumbnailUrl":"https:\/\/permakultur-landwirtschaft.org\/wp-content\/uploads\/2022\/09\/ferme_de_trois_rods_Photos_B2_web-1024x683-1.jpg","datePublished":"2022-10-26T04:36:00+00:00","dateModified":"2022-11-01T09:02:40+00:00","breadcrumb":{"@id":"https:\/\/permakultur-landwirtschaft.org\/simpregner-dapproches-agroecologiques-visite-de-la-ferme-le-26-octobre-2022\/#breadcrumb"},"inLanguage":"fr-FR","potentialAction":[{"@type":"ReadAction","target":["https:\/\/permakultur-landwirtschaft.org\/simpregner-dapproches-agroecologiques-visite-de-la-ferme-le-26-octobre-2022\/"]}]},{"@type":"ImageObject","inLanguage":"fr-FR","@id":"https:\/\/permakultur-landwirtschaft.org\/simpregner-dapproches-agroecologiques-visite-de-la-ferme-le-26-octobre-2022\/#primaryimage","url":"https:\/\/permakultur-landwirtschaft.org\/wp-content\/uploads\/2022\/09\/ferme_de_trois_rods_Photos_B2_web-1024x683-1.jpg","contentUrl":"https:\/\/permakultur-landwirtschaft.org\/wp-content\/uploads\/2022\/09\/ferme_de_trois_rods_Photos_B2_web-1024x683-1.jpg","width":700,"height":466},{"@type":"BreadcrumbList","@id":"https:\/\/permakultur-landwirtschaft.org\/simpregner-dapproches-agroecologiques-visite-de-la-ferme-le-26-octobre-2022\/#breadcrumb","itemListElement":[{"@type":"ListItem","position":1,"name":"Startseite","item":"https:\/\/permakultur-landwirtschaft.org\/"},{"@type":"ListItem","position":2,"name":"S&#8217;impr\u00e9gner d&#8217;approches agro\u00e9cologiques &#8211; visite de la ferme le 26. octobre 2022"}]},{"@type":"WebSite","@id":"https:\/\/permakultur-landwirtschaft.org\/#website","url":"https:\/\/permakultur-landwirtschaft.org\/","name":"Permakultur-Landwirtschaft","description":"F\u00f6rderung der Permakultur in der Landwirtschaft","publisher":{"@id":"https:\/\/permakultur-landwirtschaft.org\/#organization"},"potentialAction":[{"@type":"SearchAction","target":{"@type":"EntryPoint","urlTemplate":"https:\/\/permakultur-landwirtschaft.org\/?s={search_term_string}"},"query-input":{"@type":"PropertyValueSpecification","valueRequired":true,"valueName":"search_term_string"}}],"inLanguage":"fr-FR"},{"@type":"Organization","@id":"https:\/\/permakultur-landwirtschaft.org\/#organization","name":"Permakultur-Landwirtschaft","alternateName":"Verein Permakultur-Landwirtschaft","url":"https:\/\/permakultur-landwirtschaft.org\/","logo":{"@type":"ImageObject","inLanguage":"fr-FR","@id":"https:\/\/permakultur-landwirtschaft.org\/#\/schema\/logo\/image\/","url":"https:\/\/permakultur-landwirtschaft.org\/wp-content\/uploads\/2021\/11\/pela_1268x1269.png","contentUrl":"https:\/\/permakultur-landwirtschaft.org\/wp-content\/uploads\/2021\/11\/pela_1268x1269.png","width":1298,"height":1269,"caption":"Permakultur-Landwirtschaft"},"image":{"@id":"https:\/\/permakultur-landwirtschaft.org\/#\/schema\/logo\/image\/"},"sameAs":["https:\/\/www.facebook.com\/PermakulturLandwirtschaft","https:\/\/www.instagram.com\/permakultur_landwirtschaft\/","https:\/\/www.flickr.com\/photos\/permakultur-landwirtschaft","https:\/\/www.youtube.com\/@PermakulturLandwirtschaft"]},{"@type":"Person","@id":"https:\/\/permakultur-landwirtschaft.org\/#\/schema\/person\/6b0467872f75aed3e144093f9bf4f0b0","name":"adrian reutimann","url":"https:\/\/permakultur-landwirtschaft.org\/fr\/author\/reutiadr\/"}]}},"_links":{"self":[{"href":"https:\/\/permakultur-landwirtschaft.org\/fr\/wp-json\/wp\/v2\/posts\/25234","targetHints":{"allow":["GET"]}}],"collection":[{"href":"https:\/\/permakultur-landwirtschaft.org\/fr\/wp-json\/wp\/v2\/posts"}],"about":[{"href":"https:\/\/permakultur-landwirtschaft.org\/fr\/wp-json\/wp\/v2\/types\/post"}],"author":[{"embeddable":true,"href":"https:\/\/permakultur-landwirtschaft.org\/fr\/wp-json\/wp\/v2\/users\/2"}],"replies":[{"embeddable":true,"href":"https:\/\/permakultur-landwirtschaft.org\/fr\/wp-json\/wp\/v2\/comments?post=25234"}],"version-history":[{"count":1,"href":"https:\/\/permakultur-landwirtschaft.org\/fr\/wp-json\/wp\/v2\/posts\/25234\/revisions"}],"predecessor-version":[{"id":25236,"href":"https:\/\/permakultur-landwirtschaft.org\/fr\/wp-json\/wp\/v2\/posts\/25234\/revisions\/25236"}],"wp:featuredmedia":[{"embeddable":true,"href":"https:\/\/permakultur-landwirtschaft.org\/fr\/wp-json\/wp\/v2\/media\/25235"}],"wp:attachment":[{"href":"https:\/\/permakultur-landwirtschaft.org\/fr\/wp-json\/wp\/v2\/media?parent=25234"}],"wp:term":[{"taxonomy":"category","embeddable":true,"href":"https:\/\/permakultur-landwirtschaft.org\/fr\/wp-json\/wp\/v2\/categories?post=25234"},{"taxonomy":"post_tag","embeddable":true,"href":"https:\/\/permakultur-landwirtschaft.org\/fr\/wp-json\/wp\/v2\/tags?post=25234"}],"curies":[{"name":"wp","href":"https:\/\/api.w.org\/{rel}","templated":true}]}}