{"id":25222,"date":"2022-10-22T06:38:00","date_gmt":"2022-10-22T04:38:00","guid":{"rendered":"https:\/\/permakultur-landwirtschaft.org\/?p=25222"},"modified":"2022-10-25T10:39:20","modified_gmt":"2022-10-25T08:39:20","slug":"2-landwirtschaftlicher-klimagipfel-graubuenden-am-22-oktober-2022","status":"publish","type":"post","link":"https:\/\/permakultur-landwirtschaft.org\/fr\/2-landwirtschaftlicher-klimagipfel-graubuenden-am-22-oktober-2022\/","title":{"rendered":"2. Landwirtschaftlicher Klimagipfel Graub\u00fcnden am 22. Oktober 2022"},"content":{"rendered":"<p>Das Thema Klima bewegt. Die Reduktion der Treibhausgase und die Anpassung an den Klimawandel geh\u00f6ren zu den gr\u00f6ssten Herausforderungen der n\u00e4chsten Jahre und Jahrzehnte. Entsprechend wird der Druck auf s\u00e4mtliche Branchen und Sektoren steigen, einen Beitrag zum Klimaschutz zu leisten. Davon ist auch die Land- und Ern\u00e4hrungswirtschaft nicht ausgenommen. Der Landwirtschaftliche Klimagipfel Graub\u00fcnden beleuchtet die klimarelevanten Ursachen und Folgen der heutigen Land- und Ern\u00e4hrungswirtschaft und zeigt die M\u00f6glichkeiten, Herausforderungen und Grenzen einer klimaneutralen B\u00fcndner Landwirtschaft auf.&nbsp;<\/p>\n\n\n\n<p>Der Anlass ist \u00f6ffentlich und soll den Dialog zwischen den verschiedenen Zielgruppen f\u00f6rdern und die gegenseitige Akzeptanz und das Verst\u00e4ndnis erh\u00f6hen.<\/p>\n\n\n\n<h3 class=\"wp-block-heading\">Date \/ Datum<\/h3>\n\n\n\n<p>22. Oktober 2022, 10:00 &#8211; 17:00<\/p>\n\n\n\n<h3 class=\"wp-block-heading\">Adresse<\/h3>\n\n\n\n<p>Forum im Ried<br>Landquart GR<\/p>\n\n\n\n<h3 class=\"wp-block-heading\">Infos <\/h3>\n\n\n\n<p>Infos zu dem Anlass<br><a href=\"https:\/\/www.klimabauern.ch\/agenda-eintrag\/2-landwirtschaftlicher-klimagipfel-graubuenden\" target=\"_blank\" rel=\"noreferrer noopener\">www.klimabauern.ch\/agenda-eintrag\/2-landwirtschaftlicher-klimagipfel-graubuenden<\/a><\/p>\n\n\n\n<figure class=\"wp-block-image size-full\"><a href=\"https:\/\/www.klimabauern.ch\/agenda-eintrag\/2-landwirtschaftlicher-klimagipfel-graubuenden\" target=\"_blank\" rel=\"noopener\"><img decoding=\"async\" width=\"300\" height=\"114\" src=\"https:\/\/permakultur-landwirtschaft.org\/wp-content\/uploads\/2022\/09\/rz_klimaneutrale_landwirtschaft_graubuenden_logo_farbe-1.jpg\" alt=\"\" class=\"wp-image-25224\" srcset=\"https:\/\/permakultur-landwirtschaft.org\/wp-content\/uploads\/2022\/09\/rz_klimaneutrale_landwirtschaft_graubuenden_logo_farbe-1.jpg 300w, https:\/\/permakultur-landwirtschaft.org\/wp-content\/uploads\/2022\/09\/rz_klimaneutrale_landwirtschaft_graubuenden_logo_farbe-1-940x360.jpg 940w\" sizes=\"(max-width: 300px) 100vw, 300px\" \/><\/a><figcaption>Bild: klimabauern.ch<\/figcaption><\/figure>\n\n\n\n<hr class=\"wp-block-separator has-css-opacity\"\/>\n\n\n\n<h3 class=\"wp-block-heading\"><a href=\"https:\/\/permakultur-landwirtschaft.org\/fr\/veranstaltungen\/\" data-type=\"page\" data-id=\"476\">Cliquez ici pour voir les \u00e9v\u00e9nements actuels \/ <\/a><br><a href=\"https:\/\/permakultur-landwirtschaft.org\/fr\/veranstaltungen\/\">Hier geht&#8217;s zur \u00dcbersicht aktuelle Veranstaltungen<\/a><\/h3>","protected":false},"excerpt":{"rendered":"<p>Das Thema Klima bewegt. Die Reduktion der Treibhausgase und die Anpassung an den Klimawandel geh\u00f6ren zu den gr\u00f6ssten Herausforderungen der n\u00e4chsten Jahre und Jahrzehnte. Entsprechend wird der Druck auf s\u00e4mtliche Branchen und Sektoren steigen, einen Beitrag zum Klimaschutz zu leisten. Davon ist auch die Land- und Ern\u00e4hrungswirtschaft nicht ausgenommen. Der Landwirtschaftliche Klimagipfel Graub\u00fcnden beleuchtet die [&hellip;]<\/p>\n","protected":false},"author":2,"featured_media":25224,"comment_status":"closed","ping_status":"closed","sticky":false,"template":"","format":"standard","meta":{"_acf_changed":false,"site-sidebar-layout":"default","site-content-layout":"","ast-site-content-layout":"default","site-content-style":"default","site-sidebar-style":"default","ast-global-header-display":"","ast-banner-title-visibility":"","ast-main-header-display":"","ast-hfb-above-header-display":"","ast-hfb-below-header-display":"","ast-hfb-mobile-header-display":"","site-post-title":"","ast-breadcrumbs-content":"","ast-featured-img":"","footer-sml-layout":"","ast-disable-related-posts":"","theme-transparent-header-meta":"","adv-header-id-meta":"","stick-header-meta":"","header-above-stick-meta":"","header-main-stick-meta":"","header-below-stick-meta":"","astra-migrate-meta-layouts":"default","ast-page-background-enabled":"default","ast-page-background-meta":{"desktop":{"background-color":"var(--ast-global-color-4)","background-image":"","background-repeat":"repeat","background-position":"center center","background-size":"auto","background-attachment":"scroll","background-type":"","background-media":"","overlay-type":"","overlay-color":"","overlay-opacity":"","overlay-gradient":""},"tablet":{"background-color":"","background-image":"","background-repeat":"repeat","background-position":"center center","background-size":"auto","background-attachment":"scroll","background-type":"","background-media":"","overlay-type":"","overlay-color":"","overlay-opacity":"","overlay-gradient":""},"mobile":{"background-color":"","background-image":"","background-repeat":"repeat","background-position":"center center","background-size":"auto","background-attachment":"scroll","background-type":"","background-media":"","overlay-type":"","overlay-color":"","overlay-opacity":"","overlay-gradient":""}},"ast-content-background-meta":{"desktop":{"background-color":"var(--ast-global-color-5)","background-image":"","background-repeat":"repeat","background-position":"center center","background-size":"auto","background-attachment":"scroll","background-type":"","background-media":"","overlay-type":"","overlay-color":"","overlay-opacity":"","overlay-gradient":""},"tablet":{"background-color":"var(--ast-global-color-5)","background-image":"","background-repeat":"repeat","background-position":"center center","background-size":"auto","background-attachment":"scroll","background-type":"","background-media":"","overlay-type":"","overlay-color":"","overlay-opacity":"","overlay-gradient":""},"mobile":{"background-color":"var(--ast-global-color-5)","background-image":"","background-repeat":"repeat","background-position":"center center","background-size":"auto","background-attachment":"scroll","background-type":"","background-media":"","overlay-type":"","overlay-color":"","overlay-opacity":"","overlay-gradient":""}},"footnotes":""},"categories":[21],"tags":[],"class_list":["post-25222","post","type-post","status-publish","format-standard","has-post-thumbnail","hentry","category-veranstaltungen_archiv"],"acf":[],"yoast_head":"<!-- This site is optimized with the Yoast SEO plugin v27.5 - https:\/\/yoast.com\/product\/yoast-seo-wordpress\/ -->\n<title>2. Landwirtschaftlicher Klimagipfel Graub\u00fcnden am 22. Oktober 2022 - Permakultur-Landwirtschaft<\/title>\n<meta name=\"robots\" content=\"index, follow, max-snippet:-1, max-image-preview:large, max-video-preview:-1\" \/>\n<link rel=\"canonical\" href=\"https:\/\/permakultur-landwirtschaft.org\/fr\/2-landwirtschaftlicher-klimagipfel-graubuenden-am-22-oktober-2022\/\" \/>\n<meta property=\"og:locale\" content=\"fr_FR\" \/>\n<meta property=\"og:type\" content=\"article\" \/>\n<meta property=\"og:title\" content=\"2. Landwirtschaftlicher Klimagipfel Graub\u00fcnden am 22. Oktober 2022 - Permakultur-Landwirtschaft\" \/>\n<meta property=\"og:description\" content=\"Das Thema Klima bewegt. Die Reduktion der Treibhausgase und die Anpassung an den Klimawandel geh\u00f6ren zu den gr\u00f6ssten Herausforderungen der n\u00e4chsten Jahre und Jahrzehnte. Entsprechend wird der Druck auf s\u00e4mtliche Branchen und Sektoren steigen, einen Beitrag zum Klimaschutz zu leisten. Davon ist auch die Land- und Ern\u00e4hrungswirtschaft nicht ausgenommen. Der Landwirtschaftliche Klimagipfel Graub\u00fcnden beleuchtet die [&hellip;]\" \/>\n<meta property=\"og:url\" content=\"https:\/\/permakultur-landwirtschaft.org\/fr\/2-landwirtschaftlicher-klimagipfel-graubuenden-am-22-oktober-2022\/\" \/>\n<meta property=\"og:site_name\" content=\"Permakultur-Landwirtschaft\" \/>\n<meta property=\"article:publisher\" content=\"https:\/\/www.facebook.com\/PermakulturLandwirtschaft\" \/>\n<meta property=\"article:published_time\" content=\"2022-10-22T04:38:00+00:00\" \/>\n<meta property=\"article:modified_time\" content=\"2022-10-25T08:39:20+00:00\" \/>\n<meta property=\"og:image\" content=\"https:\/\/permakultur-landwirtschaft.org\/wp-content\/uploads\/2022\/09\/rz_klimaneutrale_landwirtschaft_graubuenden_logo_farbe-1.jpg\" \/>\n\t<meta property=\"og:image:width\" content=\"300\" \/>\n\t<meta property=\"og:image:height\" content=\"114\" \/>\n\t<meta property=\"og:image:type\" content=\"image\/jpeg\" \/>\n<meta name=\"author\" content=\"adrian reutimann\" \/>\n<meta name=\"twitter:card\" content=\"summary_large_image\" \/>\n<meta name=\"twitter:label1\" content=\"\u00c9crit par\" \/>\n\t<meta name=\"twitter:data1\" content=\"adrian reutimann\" \/>\n\t<meta name=\"twitter:label2\" content=\"Dur\u00e9e de lecture estim\u00e9e\" \/>\n\t<meta name=\"twitter:data2\" content=\"1 minute\" \/>\n<script type=\"application\/ld+json\" class=\"yoast-schema-graph\">{\"@context\":\"https:\\\/\\\/schema.org\",\"@graph\":[{\"@type\":\"Article\",\"@id\":\"https:\\\/\\\/permakultur-landwirtschaft.org\\\/2-landwirtschaftlicher-klimagipfel-graubuenden-am-22-oktober-2022\\\/#article\",\"isPartOf\":{\"@id\":\"https:\\\/\\\/permakultur-landwirtschaft.org\\\/2-landwirtschaftlicher-klimagipfel-graubuenden-am-22-oktober-2022\\\/\"},\"author\":{\"name\":\"adrian reutimann\",\"@id\":\"https:\\\/\\\/permakultur-landwirtschaft.org\\\/#\\\/schema\\\/person\\\/6b0467872f75aed3e144093f9bf4f0b0\"},\"headline\":\"2. Landwirtschaftlicher Klimagipfel Graub\u00fcnden am 22. Oktober 2022\",\"datePublished\":\"2022-10-22T04:38:00+00:00\",\"dateModified\":\"2022-10-25T08:39:20+00:00\",\"mainEntityOfPage\":{\"@id\":\"https:\\\/\\\/permakultur-landwirtschaft.org\\\/2-landwirtschaftlicher-klimagipfel-graubuenden-am-22-oktober-2022\\\/\"},\"wordCount\":153,\"publisher\":{\"@id\":\"https:\\\/\\\/permakultur-landwirtschaft.org\\\/#organization\"},\"image\":{\"@id\":\"https:\\\/\\\/permakultur-landwirtschaft.org\\\/2-landwirtschaftlicher-klimagipfel-graubuenden-am-22-oktober-2022\\\/#primaryimage\"},\"thumbnailUrl\":\"https:\\\/\\\/permakultur-landwirtschaft.org\\\/wp-content\\\/uploads\\\/2022\\\/09\\\/rz_klimaneutrale_landwirtschaft_graubuenden_logo_farbe-1.jpg\",\"articleSection\":[\"Veranstaltungen_Archiv\"],\"inLanguage\":\"fr-FR\"},{\"@type\":\"WebPage\",\"@id\":\"https:\\\/\\\/permakultur-landwirtschaft.org\\\/2-landwirtschaftlicher-klimagipfel-graubuenden-am-22-oktober-2022\\\/\",\"url\":\"https:\\\/\\\/permakultur-landwirtschaft.org\\\/2-landwirtschaftlicher-klimagipfel-graubuenden-am-22-oktober-2022\\\/\",\"name\":\"2. Landwirtschaftlicher Klimagipfel Graub\u00fcnden am 22. Oktober 2022 - Permakultur-Landwirtschaft\",\"isPartOf\":{\"@id\":\"https:\\\/\\\/permakultur-landwirtschaft.org\\\/#website\"},\"primaryImageOfPage\":{\"@id\":\"https:\\\/\\\/permakultur-landwirtschaft.org\\\/2-landwirtschaftlicher-klimagipfel-graubuenden-am-22-oktober-2022\\\/#primaryimage\"},\"image\":{\"@id\":\"https:\\\/\\\/permakultur-landwirtschaft.org\\\/2-landwirtschaftlicher-klimagipfel-graubuenden-am-22-oktober-2022\\\/#primaryimage\"},\"thumbnailUrl\":\"https:\\\/\\\/permakultur-landwirtschaft.org\\\/wp-content\\\/uploads\\\/2022\\\/09\\\/rz_klimaneutrale_landwirtschaft_graubuenden_logo_farbe-1.jpg\",\"datePublished\":\"2022-10-22T04:38:00+00:00\",\"dateModified\":\"2022-10-25T08:39:20+00:00\",\"breadcrumb\":{\"@id\":\"https:\\\/\\\/permakultur-landwirtschaft.org\\\/2-landwirtschaftlicher-klimagipfel-graubuenden-am-22-oktober-2022\\\/#breadcrumb\"},\"inLanguage\":\"fr-FR\",\"potentialAction\":[{\"@type\":\"ReadAction\",\"target\":[\"https:\\\/\\\/permakultur-landwirtschaft.org\\\/2-landwirtschaftlicher-klimagipfel-graubuenden-am-22-oktober-2022\\\/\"]}]},{\"@type\":\"ImageObject\",\"inLanguage\":\"fr-FR\",\"@id\":\"https:\\\/\\\/permakultur-landwirtschaft.org\\\/2-landwirtschaftlicher-klimagipfel-graubuenden-am-22-oktober-2022\\\/#primaryimage\",\"url\":\"https:\\\/\\\/permakultur-landwirtschaft.org\\\/wp-content\\\/uploads\\\/2022\\\/09\\\/rz_klimaneutrale_landwirtschaft_graubuenden_logo_farbe-1.jpg\",\"contentUrl\":\"https:\\\/\\\/permakultur-landwirtschaft.org\\\/wp-content\\\/uploads\\\/2022\\\/09\\\/rz_klimaneutrale_landwirtschaft_graubuenden_logo_farbe-1.jpg\",\"width\":300,\"height\":114},{\"@type\":\"BreadcrumbList\",\"@id\":\"https:\\\/\\\/permakultur-landwirtschaft.org\\\/2-landwirtschaftlicher-klimagipfel-graubuenden-am-22-oktober-2022\\\/#breadcrumb\",\"itemListElement\":[{\"@type\":\"ListItem\",\"position\":1,\"name\":\"Startseite\",\"item\":\"https:\\\/\\\/permakultur-landwirtschaft.org\\\/\"},{\"@type\":\"ListItem\",\"position\":2,\"name\":\"2. Landwirtschaftlicher Klimagipfel Graub\u00fcnden am 22. Oktober 2022\"}]},{\"@type\":\"WebSite\",\"@id\":\"https:\\\/\\\/permakultur-landwirtschaft.org\\\/#website\",\"url\":\"https:\\\/\\\/permakultur-landwirtschaft.org\\\/\",\"name\":\"Permakultur-Landwirtschaft\",\"description\":\"F\u00f6rderung der Permakultur in der Landwirtschaft\",\"publisher\":{\"@id\":\"https:\\\/\\\/permakultur-landwirtschaft.org\\\/#organization\"},\"potentialAction\":[{\"@type\":\"SearchAction\",\"target\":{\"@type\":\"EntryPoint\",\"urlTemplate\":\"https:\\\/\\\/permakultur-landwirtschaft.org\\\/?s={search_term_string}\"},\"query-input\":{\"@type\":\"PropertyValueSpecification\",\"valueRequired\":true,\"valueName\":\"search_term_string\"}}],\"inLanguage\":\"fr-FR\"},{\"@type\":\"Organization\",\"@id\":\"https:\\\/\\\/permakultur-landwirtschaft.org\\\/#organization\",\"name\":\"Permakultur-Landwirtschaft\",\"alternateName\":\"Verein Permakultur-Landwirtschaft\",\"url\":\"https:\\\/\\\/permakultur-landwirtschaft.org\\\/\",\"logo\":{\"@type\":\"ImageObject\",\"inLanguage\":\"fr-FR\",\"@id\":\"https:\\\/\\\/permakultur-landwirtschaft.org\\\/#\\\/schema\\\/logo\\\/image\\\/\",\"url\":\"https:\\\/\\\/permakultur-landwirtschaft.org\\\/wp-content\\\/uploads\\\/2021\\\/11\\\/pela_1268x1269.png\",\"contentUrl\":\"https:\\\/\\\/permakultur-landwirtschaft.org\\\/wp-content\\\/uploads\\\/2021\\\/11\\\/pela_1268x1269.png\",\"width\":1298,\"height\":1269,\"caption\":\"Permakultur-Landwirtschaft\"},\"image\":{\"@id\":\"https:\\\/\\\/permakultur-landwirtschaft.org\\\/#\\\/schema\\\/logo\\\/image\\\/\"},\"sameAs\":[\"https:\\\/\\\/www.facebook.com\\\/PermakulturLandwirtschaft\",\"https:\\\/\\\/www.instagram.com\\\/permakultur_landwirtschaft\\\/\",\"https:\\\/\\\/www.flickr.com\\\/photos\\\/permakultur-landwirtschaft\",\"https:\\\/\\\/www.youtube.com\\\/@PermakulturLandwirtschaft\"]},{\"@type\":\"Person\",\"@id\":\"https:\\\/\\\/permakultur-landwirtschaft.org\\\/#\\\/schema\\\/person\\\/6b0467872f75aed3e144093f9bf4f0b0\",\"name\":\"adrian reutimann\",\"url\":\"https:\\\/\\\/permakultur-landwirtschaft.org\\\/fr\\\/author\\\/reutiadr\\\/\"}]}<\/script>\n<!-- \/ Yoast SEO plugin. -->","yoast_head_json":{"title":"2. Landwirtschaftlicher Klimagipfel Graub\u00fcnden am 22. Oktober 2022 - Permakultur-Landwirtschaft","robots":{"index":"index","follow":"follow","max-snippet":"max-snippet:-1","max-image-preview":"max-image-preview:large","max-video-preview":"max-video-preview:-1"},"canonical":"https:\/\/permakultur-landwirtschaft.org\/fr\/2-landwirtschaftlicher-klimagipfel-graubuenden-am-22-oktober-2022\/","og_locale":"fr_FR","og_type":"article","og_title":"2. Landwirtschaftlicher Klimagipfel Graub\u00fcnden am 22. Oktober 2022 - Permakultur-Landwirtschaft","og_description":"Das Thema Klima bewegt. Die Reduktion der Treibhausgase und die Anpassung an den Klimawandel geh\u00f6ren zu den gr\u00f6ssten Herausforderungen der n\u00e4chsten Jahre und Jahrzehnte. Entsprechend wird der Druck auf s\u00e4mtliche Branchen und Sektoren steigen, einen Beitrag zum Klimaschutz zu leisten. Davon ist auch die Land- und Ern\u00e4hrungswirtschaft nicht ausgenommen. Der Landwirtschaftliche Klimagipfel Graub\u00fcnden beleuchtet die [&hellip;]","og_url":"https:\/\/permakultur-landwirtschaft.org\/fr\/2-landwirtschaftlicher-klimagipfel-graubuenden-am-22-oktober-2022\/","og_site_name":"Permakultur-Landwirtschaft","article_publisher":"https:\/\/www.facebook.com\/PermakulturLandwirtschaft","article_published_time":"2022-10-22T04:38:00+00:00","article_modified_time":"2022-10-25T08:39:20+00:00","og_image":[{"width":300,"height":114,"url":"https:\/\/permakultur-landwirtschaft.org\/wp-content\/uploads\/2022\/09\/rz_klimaneutrale_landwirtschaft_graubuenden_logo_farbe-1.jpg","type":"image\/jpeg"}],"author":"adrian reutimann","twitter_card":"summary_large_image","twitter_misc":{"\u00c9crit par":"adrian reutimann","Dur\u00e9e de lecture estim\u00e9e":"1 minute"},"schema":{"@context":"https:\/\/schema.org","@graph":[{"@type":"Article","@id":"https:\/\/permakultur-landwirtschaft.org\/2-landwirtschaftlicher-klimagipfel-graubuenden-am-22-oktober-2022\/#article","isPartOf":{"@id":"https:\/\/permakultur-landwirtschaft.org\/2-landwirtschaftlicher-klimagipfel-graubuenden-am-22-oktober-2022\/"},"author":{"name":"adrian reutimann","@id":"https:\/\/permakultur-landwirtschaft.org\/#\/schema\/person\/6b0467872f75aed3e144093f9bf4f0b0"},"headline":"2. Landwirtschaftlicher Klimagipfel Graub\u00fcnden am 22. Oktober 2022","datePublished":"2022-10-22T04:38:00+00:00","dateModified":"2022-10-25T08:39:20+00:00","mainEntityOfPage":{"@id":"https:\/\/permakultur-landwirtschaft.org\/2-landwirtschaftlicher-klimagipfel-graubuenden-am-22-oktober-2022\/"},"wordCount":153,"publisher":{"@id":"https:\/\/permakultur-landwirtschaft.org\/#organization"},"image":{"@id":"https:\/\/permakultur-landwirtschaft.org\/2-landwirtschaftlicher-klimagipfel-graubuenden-am-22-oktober-2022\/#primaryimage"},"thumbnailUrl":"https:\/\/permakultur-landwirtschaft.org\/wp-content\/uploads\/2022\/09\/rz_klimaneutrale_landwirtschaft_graubuenden_logo_farbe-1.jpg","articleSection":["Veranstaltungen_Archiv"],"inLanguage":"fr-FR"},{"@type":"WebPage","@id":"https:\/\/permakultur-landwirtschaft.org\/2-landwirtschaftlicher-klimagipfel-graubuenden-am-22-oktober-2022\/","url":"https:\/\/permakultur-landwirtschaft.org\/2-landwirtschaftlicher-klimagipfel-graubuenden-am-22-oktober-2022\/","name":"2. Landwirtschaftlicher Klimagipfel Graub\u00fcnden am 22. Oktober 2022 - Permakultur-Landwirtschaft","isPartOf":{"@id":"https:\/\/permakultur-landwirtschaft.org\/#website"},"primaryImageOfPage":{"@id":"https:\/\/permakultur-landwirtschaft.org\/2-landwirtschaftlicher-klimagipfel-graubuenden-am-22-oktober-2022\/#primaryimage"},"image":{"@id":"https:\/\/permakultur-landwirtschaft.org\/2-landwirtschaftlicher-klimagipfel-graubuenden-am-22-oktober-2022\/#primaryimage"},"thumbnailUrl":"https:\/\/permakultur-landwirtschaft.org\/wp-content\/uploads\/2022\/09\/rz_klimaneutrale_landwirtschaft_graubuenden_logo_farbe-1.jpg","datePublished":"2022-10-22T04:38:00+00:00","dateModified":"2022-10-25T08:39:20+00:00","breadcrumb":{"@id":"https:\/\/permakultur-landwirtschaft.org\/2-landwirtschaftlicher-klimagipfel-graubuenden-am-22-oktober-2022\/#breadcrumb"},"inLanguage":"fr-FR","potentialAction":[{"@type":"ReadAction","target":["https:\/\/permakultur-landwirtschaft.org\/2-landwirtschaftlicher-klimagipfel-graubuenden-am-22-oktober-2022\/"]}]},{"@type":"ImageObject","inLanguage":"fr-FR","@id":"https:\/\/permakultur-landwirtschaft.org\/2-landwirtschaftlicher-klimagipfel-graubuenden-am-22-oktober-2022\/#primaryimage","url":"https:\/\/permakultur-landwirtschaft.org\/wp-content\/uploads\/2022\/09\/rz_klimaneutrale_landwirtschaft_graubuenden_logo_farbe-1.jpg","contentUrl":"https:\/\/permakultur-landwirtschaft.org\/wp-content\/uploads\/2022\/09\/rz_klimaneutrale_landwirtschaft_graubuenden_logo_farbe-1.jpg","width":300,"height":114},{"@type":"BreadcrumbList","@id":"https:\/\/permakultur-landwirtschaft.org\/2-landwirtschaftlicher-klimagipfel-graubuenden-am-22-oktober-2022\/#breadcrumb","itemListElement":[{"@type":"ListItem","position":1,"name":"Startseite","item":"https:\/\/permakultur-landwirtschaft.org\/"},{"@type":"ListItem","position":2,"name":"2. Landwirtschaftlicher Klimagipfel Graub\u00fcnden am 22. Oktober 2022"}]},{"@type":"WebSite","@id":"https:\/\/permakultur-landwirtschaft.org\/#website","url":"https:\/\/permakultur-landwirtschaft.org\/","name":"Permakultur-Landwirtschaft","description":"F\u00f6rderung der Permakultur in der Landwirtschaft","publisher":{"@id":"https:\/\/permakultur-landwirtschaft.org\/#organization"},"potentialAction":[{"@type":"SearchAction","target":{"@type":"EntryPoint","urlTemplate":"https:\/\/permakultur-landwirtschaft.org\/?s={search_term_string}"},"query-input":{"@type":"PropertyValueSpecification","valueRequired":true,"valueName":"search_term_string"}}],"inLanguage":"fr-FR"},{"@type":"Organization","@id":"https:\/\/permakultur-landwirtschaft.org\/#organization","name":"Permakultur-Landwirtschaft","alternateName":"Verein Permakultur-Landwirtschaft","url":"https:\/\/permakultur-landwirtschaft.org\/","logo":{"@type":"ImageObject","inLanguage":"fr-FR","@id":"https:\/\/permakultur-landwirtschaft.org\/#\/schema\/logo\/image\/","url":"https:\/\/permakultur-landwirtschaft.org\/wp-content\/uploads\/2021\/11\/pela_1268x1269.png","contentUrl":"https:\/\/permakultur-landwirtschaft.org\/wp-content\/uploads\/2021\/11\/pela_1268x1269.png","width":1298,"height":1269,"caption":"Permakultur-Landwirtschaft"},"image":{"@id":"https:\/\/permakultur-landwirtschaft.org\/#\/schema\/logo\/image\/"},"sameAs":["https:\/\/www.facebook.com\/PermakulturLandwirtschaft","https:\/\/www.instagram.com\/permakultur_landwirtschaft\/","https:\/\/www.flickr.com\/photos\/permakultur-landwirtschaft","https:\/\/www.youtube.com\/@PermakulturLandwirtschaft"]},{"@type":"Person","@id":"https:\/\/permakultur-landwirtschaft.org\/#\/schema\/person\/6b0467872f75aed3e144093f9bf4f0b0","name":"adrian reutimann","url":"https:\/\/permakultur-landwirtschaft.org\/fr\/author\/reutiadr\/"}]}},"_links":{"self":[{"href":"https:\/\/permakultur-landwirtschaft.org\/fr\/wp-json\/wp\/v2\/posts\/25222","targetHints":{"allow":["GET"]}}],"collection":[{"href":"https:\/\/permakultur-landwirtschaft.org\/fr\/wp-json\/wp\/v2\/posts"}],"about":[{"href":"https:\/\/permakultur-landwirtschaft.org\/fr\/wp-json\/wp\/v2\/types\/post"}],"author":[{"embeddable":true,"href":"https:\/\/permakultur-landwirtschaft.org\/fr\/wp-json\/wp\/v2\/users\/2"}],"replies":[{"embeddable":true,"href":"https:\/\/permakultur-landwirtschaft.org\/fr\/wp-json\/wp\/v2\/comments?post=25222"}],"version-history":[{"count":1,"href":"https:\/\/permakultur-landwirtschaft.org\/fr\/wp-json\/wp\/v2\/posts\/25222\/revisions"}],"predecessor-version":[{"id":25225,"href":"https:\/\/permakultur-landwirtschaft.org\/fr\/wp-json\/wp\/v2\/posts\/25222\/revisions\/25225"}],"wp:featuredmedia":[{"embeddable":true,"href":"https:\/\/permakultur-landwirtschaft.org\/fr\/wp-json\/wp\/v2\/media\/25224"}],"wp:attachment":[{"href":"https:\/\/permakultur-landwirtschaft.org\/fr\/wp-json\/wp\/v2\/media?parent=25222"}],"wp:term":[{"taxonomy":"category","embeddable":true,"href":"https:\/\/permakultur-landwirtschaft.org\/fr\/wp-json\/wp\/v2\/categories?post=25222"},{"taxonomy":"post_tag","embeddable":true,"href":"https:\/\/permakultur-landwirtschaft.org\/fr\/wp-json\/wp\/v2\/tags?post=25222"}],"curies":[{"name":"wp","href":"https:\/\/api.w.org\/{rel}","templated":true}]}}