{"id":25215,"date":"2023-01-26T12:15:27","date_gmt":"2023-01-26T11:15:27","guid":{"rendered":"https:\/\/permakultur-landwirtschaft.org\/?p=25215"},"modified":"2023-02-01T12:31:51","modified_gmt":"2023-02-01T11:31:51","slug":"permakultur-in-die-landwirtschaft-integrieren-webinar-vom-26-januar-2022","status":"publish","type":"post","link":"https:\/\/permakultur-landwirtschaft.org\/fr\/permakultur-in-die-landwirtschaft-integrieren-webinar-vom-26-januar-2022\/","title":{"rendered":"Permakultur in die Landwirtschaft integrieren &#8211; Webinar vom 26. Januar 2022"},"content":{"rendered":"<p>Text von fattiamanoparadis.ch:<\/p>\n\n\n\n<p>Vor wenigen Jahren kannte man das Wort Permakultur in der schweizerischen b\u00e4uerlichen Branche wohl nur ganz vereinzelt. Bewegend ist die vermehrte Anerkennung in den Medien und in der Forschung. Mittlerweile gibt es die M\u00f6glichkeit, Parzellen mit dem Kulturcode 725 anzumelden.<\/p>\n\n\n\n<p>Wie kann man die Prinzipien (Anwendungsraster) der Permakultur in der Landwirtschaft auslegen? Welche Chancen k\u00f6nnen wir gemeinsam angehen? Welche Ressourcen m\u00fcssten wir gerade jetzt nutzen?<\/p>\n\n\n\n<p>Die Permakultur &nbsp;ist mir unverhofft &#171;zugefallen&#187;. Es wurde mir sofort klar, dass die Permakultur eine der vielen Perspektiven in naher Zukunft f\u00fcr unseren Berufsstand darstellt.<\/p>\n\n\n\n<p><strong>Referentin<\/strong><\/p>\n\n\n\n<p>Margrit Paradis-Kilchherr &#8211; Fatti a mano Paradis GmbH<br>Permakulturdesignerin in Ausbildung &#8211; B\u00e4uerin FA<\/p>\n\n\n\n<h3 class=\"wp-block-heading\">Date \/ Datum<\/h3>\n\n\n\n<p>26. Januar 2022, 20:00<\/p>\n\n\n\n<h3 class=\"wp-block-heading\">Adresse<\/h3>\n\n\n\n<p>online<\/p>\n\n\n\n<p>Infos zum Webinar unter diesem Link: <a rel=\"noreferrer noopener\" href=\"https:\/\/www.fattiamanoparadis.ch\/kurse\" target=\"_blank\">www.fattiamanoparadis.ch\/kurse<\/a><\/p>\n\n\n\n<figure class=\"wp-block-image size-full\"><a href=\"https:\/\/www.fattiamanoparadis.ch\/kurse\" target=\"_blank\" rel=\"noreferrer noopener\"><img fetchpriority=\"high\" decoding=\"async\" width=\"231\" height=\"289\" src=\"https:\/\/permakultur-landwirtschaft.org\/wp-content\/uploads\/2022\/09\/pk_lw_fatti_a_mano_pexels-tobi-537053.jpg\" alt=\"\" class=\"wp-image-25216\"\/><\/a><figcaption class=\"wp-element-caption\">Bild: fattiamanoparadis.ch<\/figcaption><\/figure>\n\n\n\n<hr class=\"wp-block-separator has-css-opacity\"\/>\n\n\n\n<h3 class=\"wp-block-heading\"><a href=\"https:\/\/permakultur-landwirtschaft.org\/fr\/veranstaltungen\/\">Hier geht&#8217;s zur \u00dcbersicht aktuelle Veranstaltungen<\/a><\/h3>","protected":false},"excerpt":{"rendered":"<p>Text von fattiamanoparadis.ch: Vor wenigen Jahren kannte man das Wort Permakultur in der schweizerischen b\u00e4uerlichen Branche wohl nur ganz vereinzelt. Bewegend ist die vermehrte Anerkennung in den Medien und in der Forschung. Mittlerweile gibt es die M\u00f6glichkeit, Parzellen mit dem Kulturcode 725 anzumelden. Wie kann man die Prinzipien (Anwendungsraster) der Permakultur in der Landwirtschaft auslegen? [&hellip;]<\/p>\n","protected":false},"author":2,"featured_media":25216,"comment_status":"closed","ping_status":"closed","sticky":false,"template":"","format":"standard","meta":{"_acf_changed":false,"site-sidebar-layout":"default","site-content-layout":"","ast-site-content-layout":"default","site-content-style":"default","site-sidebar-style":"default","ast-global-header-display":"","ast-banner-title-visibility":"","ast-main-header-display":"","ast-hfb-above-header-display":"","ast-hfb-below-header-display":"","ast-hfb-mobile-header-display":"","site-post-title":"","ast-breadcrumbs-content":"","ast-featured-img":"","footer-sml-layout":"","ast-disable-related-posts":"","theme-transparent-header-meta":"","adv-header-id-meta":"","stick-header-meta":"","header-above-stick-meta":"","header-main-stick-meta":"","header-below-stick-meta":"","astra-migrate-meta-layouts":"default","ast-page-background-enabled":"default","ast-page-background-meta":{"desktop":{"background-color":"var(--ast-global-color-4)","background-image":"","background-repeat":"repeat","background-position":"center center","background-size":"auto","background-attachment":"scroll","background-type":"","background-media":"","overlay-type":"","overlay-color":"","overlay-opacity":"","overlay-gradient":""},"tablet":{"background-color":"","background-image":"","background-repeat":"repeat","background-position":"center center","background-size":"auto","background-attachment":"scroll","background-type":"","background-media":"","overlay-type":"","overlay-color":"","overlay-opacity":"","overlay-gradient":""},"mobile":{"background-color":"","background-image":"","background-repeat":"repeat","background-position":"center center","background-size":"auto","background-attachment":"scroll","background-type":"","background-media":"","overlay-type":"","overlay-color":"","overlay-opacity":"","overlay-gradient":""}},"ast-content-background-meta":{"desktop":{"background-color":"var(--ast-global-color-5)","background-image":"","background-repeat":"repeat","background-position":"center center","background-size":"auto","background-attachment":"scroll","background-type":"","background-media":"","overlay-type":"","overlay-color":"","overlay-opacity":"","overlay-gradient":""},"tablet":{"background-color":"var(--ast-global-color-5)","background-image":"","background-repeat":"repeat","background-position":"center center","background-size":"auto","background-attachment":"scroll","background-type":"","background-media":"","overlay-type":"","overlay-color":"","overlay-opacity":"","overlay-gradient":""},"mobile":{"background-color":"var(--ast-global-color-5)","background-image":"","background-repeat":"repeat","background-position":"center center","background-size":"auto","background-attachment":"scroll","background-type":"","background-media":"","overlay-type":"","overlay-color":"","overlay-opacity":"","overlay-gradient":""}},"footnotes":""},"categories":[21],"tags":[],"class_list":["post-25215","post","type-post","status-publish","format-standard","has-post-thumbnail","hentry","category-veranstaltungen_archiv"],"acf":[],"yoast_head":"<!-- This site is optimized with the Yoast SEO plugin v27.4 - https:\/\/yoast.com\/product\/yoast-seo-wordpress\/ -->\n<title>Permakultur in die Landwirtschaft integrieren - Webinar vom 26. Januar 2022 - Permakultur-Landwirtschaft<\/title>\n<meta name=\"robots\" content=\"index, follow, max-snippet:-1, max-image-preview:large, max-video-preview:-1\" \/>\n<link rel=\"canonical\" href=\"https:\/\/permakultur-landwirtschaft.org\/fr\/permakultur-in-die-landwirtschaft-integrieren-webinar-vom-26-januar-2022\/\" \/>\n<meta property=\"og:locale\" content=\"fr_FR\" \/>\n<meta property=\"og:type\" content=\"article\" \/>\n<meta property=\"og:title\" content=\"Permakultur in die Landwirtschaft integrieren - Webinar vom 26. Januar 2022 - Permakultur-Landwirtschaft\" \/>\n<meta property=\"og:description\" content=\"Text von fattiamanoparadis.ch: Vor wenigen Jahren kannte man das Wort Permakultur in der schweizerischen b\u00e4uerlichen Branche wohl nur ganz vereinzelt. Bewegend ist die vermehrte Anerkennung in den Medien und in der Forschung. Mittlerweile gibt es die M\u00f6glichkeit, Parzellen mit dem Kulturcode 725 anzumelden. Wie kann man die Prinzipien (Anwendungsraster) der Permakultur in der Landwirtschaft auslegen? [&hellip;]\" \/>\n<meta property=\"og:url\" content=\"https:\/\/permakultur-landwirtschaft.org\/fr\/permakultur-in-die-landwirtschaft-integrieren-webinar-vom-26-januar-2022\/\" \/>\n<meta property=\"og:site_name\" content=\"Permakultur-Landwirtschaft\" \/>\n<meta property=\"article:publisher\" content=\"https:\/\/www.facebook.com\/PermakulturLandwirtschaft\" \/>\n<meta property=\"article:published_time\" content=\"2023-01-26T11:15:27+00:00\" \/>\n<meta property=\"article:modified_time\" content=\"2023-02-01T11:31:51+00:00\" \/>\n<meta property=\"og:image\" content=\"https:\/\/permakultur-landwirtschaft.org\/wp-content\/uploads\/2022\/09\/pk_lw_fatti_a_mano_pexels-tobi-537053.jpg\" \/>\n\t<meta property=\"og:image:width\" content=\"231\" \/>\n\t<meta property=\"og:image:height\" content=\"289\" \/>\n\t<meta property=\"og:image:type\" content=\"image\/jpeg\" \/>\n<meta name=\"author\" content=\"adrian reutimann\" \/>\n<meta name=\"twitter:card\" content=\"summary_large_image\" \/>\n<meta name=\"twitter:label1\" content=\"\u00c9crit par\" \/>\n\t<meta name=\"twitter:data1\" content=\"adrian reutimann\" \/>\n\t<meta name=\"twitter:label2\" content=\"Dur\u00e9e de lecture estim\u00e9e\" \/>\n\t<meta name=\"twitter:data2\" content=\"1 minute\" \/>\n<script type=\"application\/ld+json\" class=\"yoast-schema-graph\">{\"@context\":\"https:\\\/\\\/schema.org\",\"@graph\":[{\"@type\":\"Article\",\"@id\":\"https:\\\/\\\/permakultur-landwirtschaft.org\\\/permakultur-in-die-landwirtschaft-integrieren-webinar-vom-26-januar-2022\\\/#article\",\"isPartOf\":{\"@id\":\"https:\\\/\\\/permakultur-landwirtschaft.org\\\/permakultur-in-die-landwirtschaft-integrieren-webinar-vom-26-januar-2022\\\/\"},\"author\":{\"name\":\"adrian reutimann\",\"@id\":\"https:\\\/\\\/permakultur-landwirtschaft.org\\\/#\\\/schema\\\/person\\\/6b0467872f75aed3e144093f9bf4f0b0\"},\"headline\":\"Permakultur in die Landwirtschaft integrieren &#8211; Webinar vom 26. Januar 2022\",\"datePublished\":\"2023-01-26T11:15:27+00:00\",\"dateModified\":\"2023-02-01T11:31:51+00:00\",\"mainEntityOfPage\":{\"@id\":\"https:\\\/\\\/permakultur-landwirtschaft.org\\\/permakultur-in-die-landwirtschaft-integrieren-webinar-vom-26-januar-2022\\\/\"},\"wordCount\":148,\"publisher\":{\"@id\":\"https:\\\/\\\/permakultur-landwirtschaft.org\\\/#organization\"},\"image\":{\"@id\":\"https:\\\/\\\/permakultur-landwirtschaft.org\\\/permakultur-in-die-landwirtschaft-integrieren-webinar-vom-26-januar-2022\\\/#primaryimage\"},\"thumbnailUrl\":\"https:\\\/\\\/permakultur-landwirtschaft.org\\\/wp-content\\\/uploads\\\/2022\\\/09\\\/pk_lw_fatti_a_mano_pexels-tobi-537053.jpg\",\"articleSection\":[\"Veranstaltungen_Archiv\"],\"inLanguage\":\"fr-FR\"},{\"@type\":\"WebPage\",\"@id\":\"https:\\\/\\\/permakultur-landwirtschaft.org\\\/permakultur-in-die-landwirtschaft-integrieren-webinar-vom-26-januar-2022\\\/\",\"url\":\"https:\\\/\\\/permakultur-landwirtschaft.org\\\/permakultur-in-die-landwirtschaft-integrieren-webinar-vom-26-januar-2022\\\/\",\"name\":\"Permakultur in die Landwirtschaft integrieren - Webinar vom 26. Januar 2022 - Permakultur-Landwirtschaft\",\"isPartOf\":{\"@id\":\"https:\\\/\\\/permakultur-landwirtschaft.org\\\/#website\"},\"primaryImageOfPage\":{\"@id\":\"https:\\\/\\\/permakultur-landwirtschaft.org\\\/permakultur-in-die-landwirtschaft-integrieren-webinar-vom-26-januar-2022\\\/#primaryimage\"},\"image\":{\"@id\":\"https:\\\/\\\/permakultur-landwirtschaft.org\\\/permakultur-in-die-landwirtschaft-integrieren-webinar-vom-26-januar-2022\\\/#primaryimage\"},\"thumbnailUrl\":\"https:\\\/\\\/permakultur-landwirtschaft.org\\\/wp-content\\\/uploads\\\/2022\\\/09\\\/pk_lw_fatti_a_mano_pexels-tobi-537053.jpg\",\"datePublished\":\"2023-01-26T11:15:27+00:00\",\"dateModified\":\"2023-02-01T11:31:51+00:00\",\"breadcrumb\":{\"@id\":\"https:\\\/\\\/permakultur-landwirtschaft.org\\\/permakultur-in-die-landwirtschaft-integrieren-webinar-vom-26-januar-2022\\\/#breadcrumb\"},\"inLanguage\":\"fr-FR\",\"potentialAction\":[{\"@type\":\"ReadAction\",\"target\":[\"https:\\\/\\\/permakultur-landwirtschaft.org\\\/permakultur-in-die-landwirtschaft-integrieren-webinar-vom-26-januar-2022\\\/\"]}]},{\"@type\":\"ImageObject\",\"inLanguage\":\"fr-FR\",\"@id\":\"https:\\\/\\\/permakultur-landwirtschaft.org\\\/permakultur-in-die-landwirtschaft-integrieren-webinar-vom-26-januar-2022\\\/#primaryimage\",\"url\":\"https:\\\/\\\/permakultur-landwirtschaft.org\\\/wp-content\\\/uploads\\\/2022\\\/09\\\/pk_lw_fatti_a_mano_pexels-tobi-537053.jpg\",\"contentUrl\":\"https:\\\/\\\/permakultur-landwirtschaft.org\\\/wp-content\\\/uploads\\\/2022\\\/09\\\/pk_lw_fatti_a_mano_pexels-tobi-537053.jpg\",\"width\":231,\"height\":289,\"caption\":\"Bild: fattiamanoparadis.ch\"},{\"@type\":\"BreadcrumbList\",\"@id\":\"https:\\\/\\\/permakultur-landwirtschaft.org\\\/permakultur-in-die-landwirtschaft-integrieren-webinar-vom-26-januar-2022\\\/#breadcrumb\",\"itemListElement\":[{\"@type\":\"ListItem\",\"position\":1,\"name\":\"Startseite\",\"item\":\"https:\\\/\\\/permakultur-landwirtschaft.org\\\/\"},{\"@type\":\"ListItem\",\"position\":2,\"name\":\"Permakultur in die Landwirtschaft integrieren &#8211; Webinar vom 26. Januar 2022\"}]},{\"@type\":\"WebSite\",\"@id\":\"https:\\\/\\\/permakultur-landwirtschaft.org\\\/#website\",\"url\":\"https:\\\/\\\/permakultur-landwirtschaft.org\\\/\",\"name\":\"Permakultur-Landwirtschaft\",\"description\":\"F\u00f6rderung der Permakultur in der Landwirtschaft\",\"publisher\":{\"@id\":\"https:\\\/\\\/permakultur-landwirtschaft.org\\\/#organization\"},\"potentialAction\":[{\"@type\":\"SearchAction\",\"target\":{\"@type\":\"EntryPoint\",\"urlTemplate\":\"https:\\\/\\\/permakultur-landwirtschaft.org\\\/?s={search_term_string}\"},\"query-input\":{\"@type\":\"PropertyValueSpecification\",\"valueRequired\":true,\"valueName\":\"search_term_string\"}}],\"inLanguage\":\"fr-FR\"},{\"@type\":\"Organization\",\"@id\":\"https:\\\/\\\/permakultur-landwirtschaft.org\\\/#organization\",\"name\":\"Permakultur-Landwirtschaft\",\"alternateName\":\"Verein Permakultur-Landwirtschaft\",\"url\":\"https:\\\/\\\/permakultur-landwirtschaft.org\\\/\",\"logo\":{\"@type\":\"ImageObject\",\"inLanguage\":\"fr-FR\",\"@id\":\"https:\\\/\\\/permakultur-landwirtschaft.org\\\/#\\\/schema\\\/logo\\\/image\\\/\",\"url\":\"https:\\\/\\\/permakultur-landwirtschaft.org\\\/wp-content\\\/uploads\\\/2021\\\/11\\\/pela_1268x1269.png\",\"contentUrl\":\"https:\\\/\\\/permakultur-landwirtschaft.org\\\/wp-content\\\/uploads\\\/2021\\\/11\\\/pela_1268x1269.png\",\"width\":1298,\"height\":1269,\"caption\":\"Permakultur-Landwirtschaft\"},\"image\":{\"@id\":\"https:\\\/\\\/permakultur-landwirtschaft.org\\\/#\\\/schema\\\/logo\\\/image\\\/\"},\"sameAs\":[\"https:\\\/\\\/www.facebook.com\\\/PermakulturLandwirtschaft\",\"https:\\\/\\\/www.instagram.com\\\/permakultur_landwirtschaft\\\/\",\"https:\\\/\\\/www.flickr.com\\\/photos\\\/permakultur-landwirtschaft\",\"https:\\\/\\\/www.youtube.com\\\/@PermakulturLandwirtschaft\"]},{\"@type\":\"Person\",\"@id\":\"https:\\\/\\\/permakultur-landwirtschaft.org\\\/#\\\/schema\\\/person\\\/6b0467872f75aed3e144093f9bf4f0b0\",\"name\":\"adrian reutimann\",\"url\":\"https:\\\/\\\/permakultur-landwirtschaft.org\\\/fr\\\/author\\\/reutiadr\\\/\"}]}<\/script>\n<!-- \/ Yoast SEO plugin. -->","yoast_head_json":{"title":"Permakultur in die Landwirtschaft integrieren - Webinar vom 26. Januar 2022 - Permakultur-Landwirtschaft","robots":{"index":"index","follow":"follow","max-snippet":"max-snippet:-1","max-image-preview":"max-image-preview:large","max-video-preview":"max-video-preview:-1"},"canonical":"https:\/\/permakultur-landwirtschaft.org\/fr\/permakultur-in-die-landwirtschaft-integrieren-webinar-vom-26-januar-2022\/","og_locale":"fr_FR","og_type":"article","og_title":"Permakultur in die Landwirtschaft integrieren - Webinar vom 26. Januar 2022 - Permakultur-Landwirtschaft","og_description":"Text von fattiamanoparadis.ch: Vor wenigen Jahren kannte man das Wort Permakultur in der schweizerischen b\u00e4uerlichen Branche wohl nur ganz vereinzelt. Bewegend ist die vermehrte Anerkennung in den Medien und in der Forschung. Mittlerweile gibt es die M\u00f6glichkeit, Parzellen mit dem Kulturcode 725 anzumelden. Wie kann man die Prinzipien (Anwendungsraster) der Permakultur in der Landwirtschaft auslegen? [&hellip;]","og_url":"https:\/\/permakultur-landwirtschaft.org\/fr\/permakultur-in-die-landwirtschaft-integrieren-webinar-vom-26-januar-2022\/","og_site_name":"Permakultur-Landwirtschaft","article_publisher":"https:\/\/www.facebook.com\/PermakulturLandwirtschaft","article_published_time":"2023-01-26T11:15:27+00:00","article_modified_time":"2023-02-01T11:31:51+00:00","og_image":[{"width":231,"height":289,"url":"https:\/\/permakultur-landwirtschaft.org\/wp-content\/uploads\/2022\/09\/pk_lw_fatti_a_mano_pexels-tobi-537053.jpg","type":"image\/jpeg"}],"author":"adrian reutimann","twitter_card":"summary_large_image","twitter_misc":{"\u00c9crit par":"adrian reutimann","Dur\u00e9e de lecture estim\u00e9e":"1 minute"},"schema":{"@context":"https:\/\/schema.org","@graph":[{"@type":"Article","@id":"https:\/\/permakultur-landwirtschaft.org\/permakultur-in-die-landwirtschaft-integrieren-webinar-vom-26-januar-2022\/#article","isPartOf":{"@id":"https:\/\/permakultur-landwirtschaft.org\/permakultur-in-die-landwirtschaft-integrieren-webinar-vom-26-januar-2022\/"},"author":{"name":"adrian reutimann","@id":"https:\/\/permakultur-landwirtschaft.org\/#\/schema\/person\/6b0467872f75aed3e144093f9bf4f0b0"},"headline":"Permakultur in die Landwirtschaft integrieren &#8211; Webinar vom 26. Januar 2022","datePublished":"2023-01-26T11:15:27+00:00","dateModified":"2023-02-01T11:31:51+00:00","mainEntityOfPage":{"@id":"https:\/\/permakultur-landwirtschaft.org\/permakultur-in-die-landwirtschaft-integrieren-webinar-vom-26-januar-2022\/"},"wordCount":148,"publisher":{"@id":"https:\/\/permakultur-landwirtschaft.org\/#organization"},"image":{"@id":"https:\/\/permakultur-landwirtschaft.org\/permakultur-in-die-landwirtschaft-integrieren-webinar-vom-26-januar-2022\/#primaryimage"},"thumbnailUrl":"https:\/\/permakultur-landwirtschaft.org\/wp-content\/uploads\/2022\/09\/pk_lw_fatti_a_mano_pexels-tobi-537053.jpg","articleSection":["Veranstaltungen_Archiv"],"inLanguage":"fr-FR"},{"@type":"WebPage","@id":"https:\/\/permakultur-landwirtschaft.org\/permakultur-in-die-landwirtschaft-integrieren-webinar-vom-26-januar-2022\/","url":"https:\/\/permakultur-landwirtschaft.org\/permakultur-in-die-landwirtschaft-integrieren-webinar-vom-26-januar-2022\/","name":"Permakultur in die Landwirtschaft integrieren - Webinar vom 26. Januar 2022 - Permakultur-Landwirtschaft","isPartOf":{"@id":"https:\/\/permakultur-landwirtschaft.org\/#website"},"primaryImageOfPage":{"@id":"https:\/\/permakultur-landwirtschaft.org\/permakultur-in-die-landwirtschaft-integrieren-webinar-vom-26-januar-2022\/#primaryimage"},"image":{"@id":"https:\/\/permakultur-landwirtschaft.org\/permakultur-in-die-landwirtschaft-integrieren-webinar-vom-26-januar-2022\/#primaryimage"},"thumbnailUrl":"https:\/\/permakultur-landwirtschaft.org\/wp-content\/uploads\/2022\/09\/pk_lw_fatti_a_mano_pexels-tobi-537053.jpg","datePublished":"2023-01-26T11:15:27+00:00","dateModified":"2023-02-01T11:31:51+00:00","breadcrumb":{"@id":"https:\/\/permakultur-landwirtschaft.org\/permakultur-in-die-landwirtschaft-integrieren-webinar-vom-26-januar-2022\/#breadcrumb"},"inLanguage":"fr-FR","potentialAction":[{"@type":"ReadAction","target":["https:\/\/permakultur-landwirtschaft.org\/permakultur-in-die-landwirtschaft-integrieren-webinar-vom-26-januar-2022\/"]}]},{"@type":"ImageObject","inLanguage":"fr-FR","@id":"https:\/\/permakultur-landwirtschaft.org\/permakultur-in-die-landwirtschaft-integrieren-webinar-vom-26-januar-2022\/#primaryimage","url":"https:\/\/permakultur-landwirtschaft.org\/wp-content\/uploads\/2022\/09\/pk_lw_fatti_a_mano_pexels-tobi-537053.jpg","contentUrl":"https:\/\/permakultur-landwirtschaft.org\/wp-content\/uploads\/2022\/09\/pk_lw_fatti_a_mano_pexels-tobi-537053.jpg","width":231,"height":289,"caption":"Bild: fattiamanoparadis.ch"},{"@type":"BreadcrumbList","@id":"https:\/\/permakultur-landwirtschaft.org\/permakultur-in-die-landwirtschaft-integrieren-webinar-vom-26-januar-2022\/#breadcrumb","itemListElement":[{"@type":"ListItem","position":1,"name":"Startseite","item":"https:\/\/permakultur-landwirtschaft.org\/"},{"@type":"ListItem","position":2,"name":"Permakultur in die Landwirtschaft integrieren &#8211; Webinar vom 26. Januar 2022"}]},{"@type":"WebSite","@id":"https:\/\/permakultur-landwirtschaft.org\/#website","url":"https:\/\/permakultur-landwirtschaft.org\/","name":"Permakultur-Landwirtschaft","description":"F\u00f6rderung der Permakultur in der Landwirtschaft","publisher":{"@id":"https:\/\/permakultur-landwirtschaft.org\/#organization"},"potentialAction":[{"@type":"SearchAction","target":{"@type":"EntryPoint","urlTemplate":"https:\/\/permakultur-landwirtschaft.org\/?s={search_term_string}"},"query-input":{"@type":"PropertyValueSpecification","valueRequired":true,"valueName":"search_term_string"}}],"inLanguage":"fr-FR"},{"@type":"Organization","@id":"https:\/\/permakultur-landwirtschaft.org\/#organization","name":"Permakultur-Landwirtschaft","alternateName":"Verein Permakultur-Landwirtschaft","url":"https:\/\/permakultur-landwirtschaft.org\/","logo":{"@type":"ImageObject","inLanguage":"fr-FR","@id":"https:\/\/permakultur-landwirtschaft.org\/#\/schema\/logo\/image\/","url":"https:\/\/permakultur-landwirtschaft.org\/wp-content\/uploads\/2021\/11\/pela_1268x1269.png","contentUrl":"https:\/\/permakultur-landwirtschaft.org\/wp-content\/uploads\/2021\/11\/pela_1268x1269.png","width":1298,"height":1269,"caption":"Permakultur-Landwirtschaft"},"image":{"@id":"https:\/\/permakultur-landwirtschaft.org\/#\/schema\/logo\/image\/"},"sameAs":["https:\/\/www.facebook.com\/PermakulturLandwirtschaft","https:\/\/www.instagram.com\/permakultur_landwirtschaft\/","https:\/\/www.flickr.com\/photos\/permakultur-landwirtschaft","https:\/\/www.youtube.com\/@PermakulturLandwirtschaft"]},{"@type":"Person","@id":"https:\/\/permakultur-landwirtschaft.org\/#\/schema\/person\/6b0467872f75aed3e144093f9bf4f0b0","name":"adrian reutimann","url":"https:\/\/permakultur-landwirtschaft.org\/fr\/author\/reutiadr\/"}]}},"_links":{"self":[{"href":"https:\/\/permakultur-landwirtschaft.org\/fr\/wp-json\/wp\/v2\/posts\/25215","targetHints":{"allow":["GET"]}}],"collection":[{"href":"https:\/\/permakultur-landwirtschaft.org\/fr\/wp-json\/wp\/v2\/posts"}],"about":[{"href":"https:\/\/permakultur-landwirtschaft.org\/fr\/wp-json\/wp\/v2\/types\/post"}],"author":[{"embeddable":true,"href":"https:\/\/permakultur-landwirtschaft.org\/fr\/wp-json\/wp\/v2\/users\/2"}],"replies":[{"embeddable":true,"href":"https:\/\/permakultur-landwirtschaft.org\/fr\/wp-json\/wp\/v2\/comments?post=25215"}],"version-history":[{"count":4,"href":"https:\/\/permakultur-landwirtschaft.org\/fr\/wp-json\/wp\/v2\/posts\/25215\/revisions"}],"predecessor-version":[{"id":26715,"href":"https:\/\/permakultur-landwirtschaft.org\/fr\/wp-json\/wp\/v2\/posts\/25215\/revisions\/26715"}],"wp:featuredmedia":[{"embeddable":true,"href":"https:\/\/permakultur-landwirtschaft.org\/fr\/wp-json\/wp\/v2\/media\/25216"}],"wp:attachment":[{"href":"https:\/\/permakultur-landwirtschaft.org\/fr\/wp-json\/wp\/v2\/media?parent=25215"}],"wp:term":[{"taxonomy":"category","embeddable":true,"href":"https:\/\/permakultur-landwirtschaft.org\/fr\/wp-json\/wp\/v2\/categories?post=25215"},{"taxonomy":"post_tag","embeddable":true,"href":"https:\/\/permakultur-landwirtschaft.org\/fr\/wp-json\/wp\/v2\/tags?post=25215"}],"curies":[{"name":"wp","href":"https:\/\/api.w.org\/{rel}","templated":true}]}}