{"id":2518,"date":"2021-03-18T16:18:21","date_gmt":"2021-03-18T15:18:21","guid":{"rendered":"http:\/\/permakultur-landwirtschaft.org\/?p=2518"},"modified":"2021-03-19T07:53:05","modified_gmt":"2021-03-19T06:53:05","slug":"vernissage-des-neuen-buchs-ueber-regenerative-landwirtschaft-am-18-maerz-2021","status":"publish","type":"post","link":"https:\/\/permakultur-landwirtschaft.org\/fr\/vernissage-des-neuen-buchs-ueber-regenerative-landwirtschaft-am-18-maerz-2021\/","title":{"rendered":"Vernissage des neuen Buchs \u00fcber Regenerative Landwirtschaft am 18. M\u00e4rz 2021"},"content":{"rendered":"<p>Vernissage des neuen Buchs: &#171;Die Erde ist, was du isst! Regenerative Landwirtschaft f\u00fcr eine gesunde Zukunft.&#187;<br \/>\nAls Alternative zu Amazon kann das Buch f\u00fcr 16 CHF auch direkt bei Daniel B\u00e4rtschi bestellt werden: <a href=\"mailto:buch@danielbaertschi.ch\">buch@danielbaertschi.ch<\/a><\/p>\n<p><strong>Date <\/strong><br \/>\n18. M\u00e4rz 2021, 19:00<\/p>\n<p><strong>Lieu<\/strong><br \/>\nOnline<\/p>\n<p><a href=\"https:\/\/us02web.zoom.us\/j\/86825104841\" target=\"_blank\" rel=\"noopener noreferrer\">Link zur Vernissage: us02web.zoom.us\/j\/86825104841<\/a><\/p>\n<p><img fetchpriority=\"high\" decoding=\"async\" class=\"size-medium wp-image-2519 alignnone\" src=\"https:\/\/permakultur-landwirtschaft.org\/wp-content\/uploads\/2021\/03\/baertschi_-buch_vernissage_2021-200x300.jpg\" alt=\"\" width=\"200\" height=\"300\" srcset=\"https:\/\/permakultur-landwirtschaft.org\/wp-content\/uploads\/2021\/03\/baertschi_-buch_vernissage_2021-200x300.jpg 200w, https:\/\/permakultur-landwirtschaft.org\/wp-content\/uploads\/2021\/03\/baertschi_-buch_vernissage_2021.jpg 334w\" sizes=\"(max-width: 200px) 100vw, 200px\" \/><\/p>\n<p>Bild: <a href=\"https:\/\/www.amazon.com\/-\/de\/dp\/B08WPFP4S8\/ref=sr_1_1?__mk_de_DE=%C3%85M%C3%85%C5%BD%C3%95%C3%91&amp;dchild=1&amp;keywords=DAniel+B%C3%A4rtschi&amp;qid=1613634742&amp;sr=8-1\" target=\"_blank\" rel=\"noopener noreferrer\">www.amazon.com<\/a><\/p>\n<h3><a href=\"https:\/\/permakultur-landwirtschaft.org\/fr\/veranstaltungen\/\">Hier geht&#8217;s zur \u00dcbersicht aktuelle Veranstaltungen<\/a><\/h3>","protected":false},"excerpt":{"rendered":"<p>Vernissage des neuen Buchs: &#171;Die Erde ist, was du isst! Regenerative Landwirtschaft f\u00fcr eine gesunde Zukunft.&#187; Als Alternative zu Amazon kann das Buch f\u00fcr 16 CHF auch direkt bei Daniel B\u00e4rtschi bestellt werden: buch@danielbaertschi.ch Datum 18. M\u00e4rz 2021, 19:00 Ort Online Link zur Vernissage: us02web.zoom.us\/j\/86825104841 Bild: www.amazon.com Hier geht&#8217;s zur \u00dcbersicht aktuelle Veranstaltungen<\/p>","protected":false},"author":2,"featured_media":2519,"comment_status":"closed","ping_status":"closed","sticky":false,"template":"","format":"standard","meta":{"_acf_changed":false,"site-sidebar-layout":"default","site-content-layout":"","ast-site-content-layout":"default","site-content-style":"default","site-sidebar-style":"default","ast-global-header-display":"","ast-banner-title-visibility":"","ast-main-header-display":"","ast-hfb-above-header-display":"","ast-hfb-below-header-display":"","ast-hfb-mobile-header-display":"","site-post-title":"","ast-breadcrumbs-content":"","ast-featured-img":"","footer-sml-layout":"","ast-disable-related-posts":"","theme-transparent-header-meta":"","adv-header-id-meta":"","stick-header-meta":"","header-above-stick-meta":"","header-main-stick-meta":"","header-below-stick-meta":"","astra-migrate-meta-layouts":"default","ast-page-background-enabled":"default","ast-page-background-meta":{"desktop":{"background-color":"var(--ast-global-color-4)","background-image":"","background-repeat":"repeat","background-position":"center center","background-size":"auto","background-attachment":"scroll","background-type":"","background-media":"","overlay-type":"","overlay-color":"","overlay-opacity":"","overlay-gradient":""},"tablet":{"background-color":"","background-image":"","background-repeat":"repeat","background-position":"center center","background-size":"auto","background-attachment":"scroll","background-type":"","background-media":"","overlay-type":"","overlay-color":"","overlay-opacity":"","overlay-gradient":""},"mobile":{"background-color":"","background-image":"","background-repeat":"repeat","background-position":"center center","background-size":"auto","background-attachment":"scroll","background-type":"","background-media":"","overlay-type":"","overlay-color":"","overlay-opacity":"","overlay-gradient":""}},"ast-content-background-meta":{"desktop":{"background-color":"var(--ast-global-color-5)","background-image":"","background-repeat":"repeat","background-position":"center center","background-size":"auto","background-attachment":"scroll","background-type":"","background-media":"","overlay-type":"","overlay-color":"","overlay-opacity":"","overlay-gradient":""},"tablet":{"background-color":"var(--ast-global-color-5)","background-image":"","background-repeat":"repeat","background-position":"center center","background-size":"auto","background-attachment":"scroll","background-type":"","background-media":"","overlay-type":"","overlay-color":"","overlay-opacity":"","overlay-gradient":""},"mobile":{"background-color":"var(--ast-global-color-5)","background-image":"","background-repeat":"repeat","background-position":"center center","background-size":"auto","background-attachment":"scroll","background-type":"","background-media":"","overlay-type":"","overlay-color":"","overlay-opacity":"","overlay-gradient":""}},"footnotes":""},"categories":[21],"tags":[],"class_list":["post-2518","post","type-post","status-publish","format-standard","has-post-thumbnail","hentry","category-veranstaltungen_archiv"],"acf":[],"yoast_head":"<!-- This site is optimized with the Yoast SEO plugin v27.5 - https:\/\/yoast.com\/product\/yoast-seo-wordpress\/ -->\n<title>Vernissage des neuen Buchs \u00fcber Regenerative Landwirtschaft am 18. M\u00e4rz 2021 - Permakultur-Landwirtschaft<\/title>\n<meta name=\"robots\" content=\"index, follow, max-snippet:-1, max-image-preview:large, max-video-preview:-1\" \/>\n<link rel=\"canonical\" href=\"https:\/\/permakultur-landwirtschaft.org\/fr\/vernissage-des-neuen-buchs-ueber-regenerative-landwirtschaft-am-18-maerz-2021\/\" \/>\n<meta property=\"og:locale\" content=\"fr_FR\" \/>\n<meta property=\"og:type\" content=\"article\" \/>\n<meta property=\"og:title\" content=\"Vernissage des neuen Buchs \u00fcber Regenerative Landwirtschaft am 18. M\u00e4rz 2021 - Permakultur-Landwirtschaft\" \/>\n<meta property=\"og:description\" content=\"Vernissage des neuen Buchs: &#171;Die Erde ist, was du isst! Regenerative Landwirtschaft f\u00fcr eine gesunde Zukunft.&#187; Als Alternative zu Amazon kann das Buch f\u00fcr 16 CHF auch direkt bei Daniel B\u00e4rtschi bestellt werden: buch@danielbaertschi.ch Datum 18. M\u00e4rz 2021, 19:00 Ort Online Link zur Vernissage: us02web.zoom.us\/j\/86825104841 Bild: www.amazon.com Hier geht&#8217;s zur \u00dcbersicht aktuelle Veranstaltungen\" \/>\n<meta property=\"og:url\" content=\"https:\/\/permakultur-landwirtschaft.org\/fr\/vernissage-des-neuen-buchs-ueber-regenerative-landwirtschaft-am-18-maerz-2021\/\" \/>\n<meta property=\"og:site_name\" content=\"Permakultur-Landwirtschaft\" \/>\n<meta property=\"article:publisher\" content=\"https:\/\/www.facebook.com\/PermakulturLandwirtschaft\" \/>\n<meta property=\"article:published_time\" content=\"2021-03-18T15:18:21+00:00\" \/>\n<meta property=\"article:modified_time\" content=\"2021-03-19T06:53:05+00:00\" \/>\n<meta property=\"og:image\" content=\"https:\/\/permakultur-landwirtschaft.org\/wp-content\/uploads\/2021\/03\/baertschi_-buch_vernissage_2021.jpg\" \/>\n\t<meta property=\"og:image:width\" content=\"334\" \/>\n\t<meta property=\"og:image:height\" content=\"500\" \/>\n\t<meta property=\"og:image:type\" content=\"image\/jpeg\" \/>\n<meta name=\"author\" content=\"adrian reutimann\" \/>\n<meta name=\"twitter:card\" content=\"summary_large_image\" \/>\n<meta name=\"twitter:label1\" content=\"\u00c9crit par\" \/>\n\t<meta name=\"twitter:data1\" content=\"adrian reutimann\" \/>\n<script type=\"application\/ld+json\" class=\"yoast-schema-graph\">{\"@context\":\"https:\\\/\\\/schema.org\",\"@graph\":[{\"@type\":\"Article\",\"@id\":\"https:\\\/\\\/permakultur-landwirtschaft.org\\\/vernissage-des-neuen-buchs-ueber-regenerative-landwirtschaft-am-18-maerz-2021\\\/#article\",\"isPartOf\":{\"@id\":\"https:\\\/\\\/permakultur-landwirtschaft.org\\\/vernissage-des-neuen-buchs-ueber-regenerative-landwirtschaft-am-18-maerz-2021\\\/\"},\"author\":{\"name\":\"adrian reutimann\",\"@id\":\"https:\\\/\\\/permakultur-landwirtschaft.org\\\/#\\\/schema\\\/person\\\/6b0467872f75aed3e144093f9bf4f0b0\"},\"headline\":\"Vernissage des neuen Buchs \u00fcber Regenerative Landwirtschaft am 18. M\u00e4rz 2021\",\"datePublished\":\"2021-03-18T15:18:21+00:00\",\"dateModified\":\"2021-03-19T06:53:05+00:00\",\"mainEntityOfPage\":{\"@id\":\"https:\\\/\\\/permakultur-landwirtschaft.org\\\/vernissage-des-neuen-buchs-ueber-regenerative-landwirtschaft-am-18-maerz-2021\\\/\"},\"wordCount\":72,\"publisher\":{\"@id\":\"https:\\\/\\\/permakultur-landwirtschaft.org\\\/#organization\"},\"image\":{\"@id\":\"https:\\\/\\\/permakultur-landwirtschaft.org\\\/vernissage-des-neuen-buchs-ueber-regenerative-landwirtschaft-am-18-maerz-2021\\\/#primaryimage\"},\"thumbnailUrl\":\"https:\\\/\\\/permakultur-landwirtschaft.org\\\/wp-content\\\/uploads\\\/2021\\\/03\\\/baertschi_-buch_vernissage_2021.jpg\",\"articleSection\":[\"Veranstaltungen_Archiv\"],\"inLanguage\":\"fr-FR\"},{\"@type\":\"WebPage\",\"@id\":\"https:\\\/\\\/permakultur-landwirtschaft.org\\\/vernissage-des-neuen-buchs-ueber-regenerative-landwirtschaft-am-18-maerz-2021\\\/\",\"url\":\"https:\\\/\\\/permakultur-landwirtschaft.org\\\/vernissage-des-neuen-buchs-ueber-regenerative-landwirtschaft-am-18-maerz-2021\\\/\",\"name\":\"Vernissage des neuen Buchs \u00fcber Regenerative Landwirtschaft am 18. M\u00e4rz 2021 - Permakultur-Landwirtschaft\",\"isPartOf\":{\"@id\":\"https:\\\/\\\/permakultur-landwirtschaft.org\\\/#website\"},\"primaryImageOfPage\":{\"@id\":\"https:\\\/\\\/permakultur-landwirtschaft.org\\\/vernissage-des-neuen-buchs-ueber-regenerative-landwirtschaft-am-18-maerz-2021\\\/#primaryimage\"},\"image\":{\"@id\":\"https:\\\/\\\/permakultur-landwirtschaft.org\\\/vernissage-des-neuen-buchs-ueber-regenerative-landwirtschaft-am-18-maerz-2021\\\/#primaryimage\"},\"thumbnailUrl\":\"https:\\\/\\\/permakultur-landwirtschaft.org\\\/wp-content\\\/uploads\\\/2021\\\/03\\\/baertschi_-buch_vernissage_2021.jpg\",\"datePublished\":\"2021-03-18T15:18:21+00:00\",\"dateModified\":\"2021-03-19T06:53:05+00:00\",\"breadcrumb\":{\"@id\":\"https:\\\/\\\/permakultur-landwirtschaft.org\\\/vernissage-des-neuen-buchs-ueber-regenerative-landwirtschaft-am-18-maerz-2021\\\/#breadcrumb\"},\"inLanguage\":\"fr-FR\",\"potentialAction\":[{\"@type\":\"ReadAction\",\"target\":[\"https:\\\/\\\/permakultur-landwirtschaft.org\\\/vernissage-des-neuen-buchs-ueber-regenerative-landwirtschaft-am-18-maerz-2021\\\/\"]}]},{\"@type\":\"ImageObject\",\"inLanguage\":\"fr-FR\",\"@id\":\"https:\\\/\\\/permakultur-landwirtschaft.org\\\/vernissage-des-neuen-buchs-ueber-regenerative-landwirtschaft-am-18-maerz-2021\\\/#primaryimage\",\"url\":\"https:\\\/\\\/permakultur-landwirtschaft.org\\\/wp-content\\\/uploads\\\/2021\\\/03\\\/baertschi_-buch_vernissage_2021.jpg\",\"contentUrl\":\"https:\\\/\\\/permakultur-landwirtschaft.org\\\/wp-content\\\/uploads\\\/2021\\\/03\\\/baertschi_-buch_vernissage_2021.jpg\",\"width\":334,\"height\":500},{\"@type\":\"BreadcrumbList\",\"@id\":\"https:\\\/\\\/permakultur-landwirtschaft.org\\\/vernissage-des-neuen-buchs-ueber-regenerative-landwirtschaft-am-18-maerz-2021\\\/#breadcrumb\",\"itemListElement\":[{\"@type\":\"ListItem\",\"position\":1,\"name\":\"Startseite\",\"item\":\"https:\\\/\\\/permakultur-landwirtschaft.org\\\/\"},{\"@type\":\"ListItem\",\"position\":2,\"name\":\"Vernissage des neuen Buchs \u00fcber Regenerative Landwirtschaft am 18. M\u00e4rz 2021\"}]},{\"@type\":\"WebSite\",\"@id\":\"https:\\\/\\\/permakultur-landwirtschaft.org\\\/#website\",\"url\":\"https:\\\/\\\/permakultur-landwirtschaft.org\\\/\",\"name\":\"Permakultur-Landwirtschaft\",\"description\":\"F\u00f6rderung der Permakultur in der Landwirtschaft\",\"publisher\":{\"@id\":\"https:\\\/\\\/permakultur-landwirtschaft.org\\\/#organization\"},\"potentialAction\":[{\"@type\":\"SearchAction\",\"target\":{\"@type\":\"EntryPoint\",\"urlTemplate\":\"https:\\\/\\\/permakultur-landwirtschaft.org\\\/?s={search_term_string}\"},\"query-input\":{\"@type\":\"PropertyValueSpecification\",\"valueRequired\":true,\"valueName\":\"search_term_string\"}}],\"inLanguage\":\"fr-FR\"},{\"@type\":\"Organization\",\"@id\":\"https:\\\/\\\/permakultur-landwirtschaft.org\\\/#organization\",\"name\":\"Permakultur-Landwirtschaft\",\"alternateName\":\"Verein Permakultur-Landwirtschaft\",\"url\":\"https:\\\/\\\/permakultur-landwirtschaft.org\\\/\",\"logo\":{\"@type\":\"ImageObject\",\"inLanguage\":\"fr-FR\",\"@id\":\"https:\\\/\\\/permakultur-landwirtschaft.org\\\/#\\\/schema\\\/logo\\\/image\\\/\",\"url\":\"https:\\\/\\\/permakultur-landwirtschaft.org\\\/wp-content\\\/uploads\\\/2021\\\/11\\\/pela_1268x1269.png\",\"contentUrl\":\"https:\\\/\\\/permakultur-landwirtschaft.org\\\/wp-content\\\/uploads\\\/2021\\\/11\\\/pela_1268x1269.png\",\"width\":1298,\"height\":1269,\"caption\":\"Permakultur-Landwirtschaft\"},\"image\":{\"@id\":\"https:\\\/\\\/permakultur-landwirtschaft.org\\\/#\\\/schema\\\/logo\\\/image\\\/\"},\"sameAs\":[\"https:\\\/\\\/www.facebook.com\\\/PermakulturLandwirtschaft\",\"https:\\\/\\\/www.instagram.com\\\/permakultur_landwirtschaft\\\/\",\"https:\\\/\\\/www.flickr.com\\\/photos\\\/permakultur-landwirtschaft\",\"https:\\\/\\\/www.youtube.com\\\/@PermakulturLandwirtschaft\"]},{\"@type\":\"Person\",\"@id\":\"https:\\\/\\\/permakultur-landwirtschaft.org\\\/#\\\/schema\\\/person\\\/6b0467872f75aed3e144093f9bf4f0b0\",\"name\":\"adrian reutimann\",\"url\":\"https:\\\/\\\/permakultur-landwirtschaft.org\\\/fr\\\/author\\\/reutiadr\\\/\"}]}<\/script>\n<!-- \/ Yoast SEO plugin. -->","yoast_head_json":{"title":"Vernissage des neuen Buchs \u00fcber Regenerative Landwirtschaft am 18. M\u00e4rz 2021 - Permakultur-Landwirtschaft","robots":{"index":"index","follow":"follow","max-snippet":"max-snippet:-1","max-image-preview":"max-image-preview:large","max-video-preview":"max-video-preview:-1"},"canonical":"https:\/\/permakultur-landwirtschaft.org\/fr\/vernissage-des-neuen-buchs-ueber-regenerative-landwirtschaft-am-18-maerz-2021\/","og_locale":"fr_FR","og_type":"article","og_title":"Vernissage des neuen Buchs \u00fcber Regenerative Landwirtschaft am 18. M\u00e4rz 2021 - Permakultur-Landwirtschaft","og_description":"Vernissage des neuen Buchs: &#171;Die Erde ist, was du isst! Regenerative Landwirtschaft f\u00fcr eine gesunde Zukunft.&#187; Als Alternative zu Amazon kann das Buch f\u00fcr 16 CHF auch direkt bei Daniel B\u00e4rtschi bestellt werden: buch@danielbaertschi.ch Datum 18. M\u00e4rz 2021, 19:00 Ort Online Link zur Vernissage: us02web.zoom.us\/j\/86825104841 Bild: www.amazon.com Hier geht&#8217;s zur \u00dcbersicht aktuelle Veranstaltungen","og_url":"https:\/\/permakultur-landwirtschaft.org\/fr\/vernissage-des-neuen-buchs-ueber-regenerative-landwirtschaft-am-18-maerz-2021\/","og_site_name":"Permakultur-Landwirtschaft","article_publisher":"https:\/\/www.facebook.com\/PermakulturLandwirtschaft","article_published_time":"2021-03-18T15:18:21+00:00","article_modified_time":"2021-03-19T06:53:05+00:00","og_image":[{"width":334,"height":500,"url":"https:\/\/permakultur-landwirtschaft.org\/wp-content\/uploads\/2021\/03\/baertschi_-buch_vernissage_2021.jpg","type":"image\/jpeg"}],"author":"adrian reutimann","twitter_card":"summary_large_image","twitter_misc":{"\u00c9crit par":"adrian reutimann"},"schema":{"@context":"https:\/\/schema.org","@graph":[{"@type":"Article","@id":"https:\/\/permakultur-landwirtschaft.org\/vernissage-des-neuen-buchs-ueber-regenerative-landwirtschaft-am-18-maerz-2021\/#article","isPartOf":{"@id":"https:\/\/permakultur-landwirtschaft.org\/vernissage-des-neuen-buchs-ueber-regenerative-landwirtschaft-am-18-maerz-2021\/"},"author":{"name":"adrian reutimann","@id":"https:\/\/permakultur-landwirtschaft.org\/#\/schema\/person\/6b0467872f75aed3e144093f9bf4f0b0"},"headline":"Vernissage des neuen Buchs \u00fcber Regenerative Landwirtschaft am 18. M\u00e4rz 2021","datePublished":"2021-03-18T15:18:21+00:00","dateModified":"2021-03-19T06:53:05+00:00","mainEntityOfPage":{"@id":"https:\/\/permakultur-landwirtschaft.org\/vernissage-des-neuen-buchs-ueber-regenerative-landwirtschaft-am-18-maerz-2021\/"},"wordCount":72,"publisher":{"@id":"https:\/\/permakultur-landwirtschaft.org\/#organization"},"image":{"@id":"https:\/\/permakultur-landwirtschaft.org\/vernissage-des-neuen-buchs-ueber-regenerative-landwirtschaft-am-18-maerz-2021\/#primaryimage"},"thumbnailUrl":"https:\/\/permakultur-landwirtschaft.org\/wp-content\/uploads\/2021\/03\/baertschi_-buch_vernissage_2021.jpg","articleSection":["Veranstaltungen_Archiv"],"inLanguage":"fr-FR"},{"@type":"WebPage","@id":"https:\/\/permakultur-landwirtschaft.org\/vernissage-des-neuen-buchs-ueber-regenerative-landwirtschaft-am-18-maerz-2021\/","url":"https:\/\/permakultur-landwirtschaft.org\/vernissage-des-neuen-buchs-ueber-regenerative-landwirtschaft-am-18-maerz-2021\/","name":"Vernissage des neuen Buchs \u00fcber Regenerative Landwirtschaft am 18. M\u00e4rz 2021 - Permakultur-Landwirtschaft","isPartOf":{"@id":"https:\/\/permakultur-landwirtschaft.org\/#website"},"primaryImageOfPage":{"@id":"https:\/\/permakultur-landwirtschaft.org\/vernissage-des-neuen-buchs-ueber-regenerative-landwirtschaft-am-18-maerz-2021\/#primaryimage"},"image":{"@id":"https:\/\/permakultur-landwirtschaft.org\/vernissage-des-neuen-buchs-ueber-regenerative-landwirtschaft-am-18-maerz-2021\/#primaryimage"},"thumbnailUrl":"https:\/\/permakultur-landwirtschaft.org\/wp-content\/uploads\/2021\/03\/baertschi_-buch_vernissage_2021.jpg","datePublished":"2021-03-18T15:18:21+00:00","dateModified":"2021-03-19T06:53:05+00:00","breadcrumb":{"@id":"https:\/\/permakultur-landwirtschaft.org\/vernissage-des-neuen-buchs-ueber-regenerative-landwirtschaft-am-18-maerz-2021\/#breadcrumb"},"inLanguage":"fr-FR","potentialAction":[{"@type":"ReadAction","target":["https:\/\/permakultur-landwirtschaft.org\/vernissage-des-neuen-buchs-ueber-regenerative-landwirtschaft-am-18-maerz-2021\/"]}]},{"@type":"ImageObject","inLanguage":"fr-FR","@id":"https:\/\/permakultur-landwirtschaft.org\/vernissage-des-neuen-buchs-ueber-regenerative-landwirtschaft-am-18-maerz-2021\/#primaryimage","url":"https:\/\/permakultur-landwirtschaft.org\/wp-content\/uploads\/2021\/03\/baertschi_-buch_vernissage_2021.jpg","contentUrl":"https:\/\/permakultur-landwirtschaft.org\/wp-content\/uploads\/2021\/03\/baertschi_-buch_vernissage_2021.jpg","width":334,"height":500},{"@type":"BreadcrumbList","@id":"https:\/\/permakultur-landwirtschaft.org\/vernissage-des-neuen-buchs-ueber-regenerative-landwirtschaft-am-18-maerz-2021\/#breadcrumb","itemListElement":[{"@type":"ListItem","position":1,"name":"Startseite","item":"https:\/\/permakultur-landwirtschaft.org\/"},{"@type":"ListItem","position":2,"name":"Vernissage des neuen Buchs \u00fcber Regenerative Landwirtschaft am 18. M\u00e4rz 2021"}]},{"@type":"WebSite","@id":"https:\/\/permakultur-landwirtschaft.org\/#website","url":"https:\/\/permakultur-landwirtschaft.org\/","name":"Permakultur-Landwirtschaft","description":"F\u00f6rderung der Permakultur in der Landwirtschaft","publisher":{"@id":"https:\/\/permakultur-landwirtschaft.org\/#organization"},"potentialAction":[{"@type":"SearchAction","target":{"@type":"EntryPoint","urlTemplate":"https:\/\/permakultur-landwirtschaft.org\/?s={search_term_string}"},"query-input":{"@type":"PropertyValueSpecification","valueRequired":true,"valueName":"search_term_string"}}],"inLanguage":"fr-FR"},{"@type":"Organization","@id":"https:\/\/permakultur-landwirtschaft.org\/#organization","name":"Permakultur-Landwirtschaft","alternateName":"Verein Permakultur-Landwirtschaft","url":"https:\/\/permakultur-landwirtschaft.org\/","logo":{"@type":"ImageObject","inLanguage":"fr-FR","@id":"https:\/\/permakultur-landwirtschaft.org\/#\/schema\/logo\/image\/","url":"https:\/\/permakultur-landwirtschaft.org\/wp-content\/uploads\/2021\/11\/pela_1268x1269.png","contentUrl":"https:\/\/permakultur-landwirtschaft.org\/wp-content\/uploads\/2021\/11\/pela_1268x1269.png","width":1298,"height":1269,"caption":"Permakultur-Landwirtschaft"},"image":{"@id":"https:\/\/permakultur-landwirtschaft.org\/#\/schema\/logo\/image\/"},"sameAs":["https:\/\/www.facebook.com\/PermakulturLandwirtschaft","https:\/\/www.instagram.com\/permakultur_landwirtschaft\/","https:\/\/www.flickr.com\/photos\/permakultur-landwirtschaft","https:\/\/www.youtube.com\/@PermakulturLandwirtschaft"]},{"@type":"Person","@id":"https:\/\/permakultur-landwirtschaft.org\/#\/schema\/person\/6b0467872f75aed3e144093f9bf4f0b0","name":"adrian reutimann","url":"https:\/\/permakultur-landwirtschaft.org\/fr\/author\/reutiadr\/"}]}},"_links":{"self":[{"href":"https:\/\/permakultur-landwirtschaft.org\/fr\/wp-json\/wp\/v2\/posts\/2518","targetHints":{"allow":["GET"]}}],"collection":[{"href":"https:\/\/permakultur-landwirtschaft.org\/fr\/wp-json\/wp\/v2\/posts"}],"about":[{"href":"https:\/\/permakultur-landwirtschaft.org\/fr\/wp-json\/wp\/v2\/types\/post"}],"author":[{"embeddable":true,"href":"https:\/\/permakultur-landwirtschaft.org\/fr\/wp-json\/wp\/v2\/users\/2"}],"replies":[{"embeddable":true,"href":"https:\/\/permakultur-landwirtschaft.org\/fr\/wp-json\/wp\/v2\/comments?post=2518"}],"version-history":[{"count":1,"href":"https:\/\/permakultur-landwirtschaft.org\/fr\/wp-json\/wp\/v2\/posts\/2518\/revisions"}],"predecessor-version":[{"id":2520,"href":"https:\/\/permakultur-landwirtschaft.org\/fr\/wp-json\/wp\/v2\/posts\/2518\/revisions\/2520"}],"wp:featuredmedia":[{"embeddable":true,"href":"https:\/\/permakultur-landwirtschaft.org\/fr\/wp-json\/wp\/v2\/media\/2519"}],"wp:attachment":[{"href":"https:\/\/permakultur-landwirtschaft.org\/fr\/wp-json\/wp\/v2\/media?parent=2518"}],"wp:term":[{"taxonomy":"category","embeddable":true,"href":"https:\/\/permakultur-landwirtschaft.org\/fr\/wp-json\/wp\/v2\/categories?post=2518"},{"taxonomy":"post_tag","embeddable":true,"href":"https:\/\/permakultur-landwirtschaft.org\/fr\/wp-json\/wp\/v2\/tags?post=2518"}],"curies":[{"name":"wp","href":"https:\/\/api.w.org\/{rel}","templated":true}]}}