{"id":24823,"date":"2022-10-13T09:03:00","date_gmt":"2022-10-13T07:03:00","guid":{"rendered":"https:\/\/permakultur-landwirtschaft.org\/?p=24823"},"modified":"2022-10-15T04:46:28","modified_gmt":"2022-10-15T02:46:28","slug":"cours-pratique-avec-perrine-herve-gruyer-a-le-13-octobre-2022","status":"publish","type":"post","link":"https:\/\/permakultur-landwirtschaft.org\/fr\/cours-pratique-avec-perrine-herve-gruyer-a-le-13-octobre-2022\/","title":{"rendered":"Cours pratique avec Perrine Herv\u00e9-Gruyer du 13. octobre 2022"},"content":{"rendered":"<p>Texte de agridea.ch<\/p>\n\n\n\n<h3 class=\"wp-block-heading\">Densifier et associer les cultures<\/h3>\n\n\n\n<p>Densifier et associer les cultures est une bonne strat\u00e9gie dans le but de maximiser les r\u00e9coltes d\u2019une microferme. Ces pratiques peuvent toutefois s\u2019av\u00e9rer complexes et n\u00e9cessitent des comp\u00e9tences et r\u00e9f\u00e9rences claires. Ce cours pratique offre la possibilit\u00e9 d\u2019acqu\u00e9rir ou renforcer ces savoir-faire et de les appliquer directement.<\/p>\n\n\n\n<h3 class=\"wp-block-heading\">Date \/ Datum<\/h3>\n\n\n\n<p>13. octobre 2022<\/p>\n\n\n\n<h3 class=\"wp-block-heading\">Adresse<\/h3>\n\n\n\n<p>Pal\u00e9zieux VD<\/p>\n\n\n\n<h3 class=\"wp-block-heading\">Infos <\/h3>\n\n\n\n<p>Infos sur le cours: <a rel=\"noreferrer noopener\" href=\"https:\/\/agridea.abacuscity.ch\/fr\/A~4243\/Cours-pratique-avec-Perrine-Herv%C3%A9-Gruyer-Pal%C3%A9zieux-VD-13.10.2022\" target=\"_blank\">agridea.abacuscity.ch\/fr\/A~4243\/Cours-pratique-avec-Perrine-Herv%C3%A9-Gruyer-Pal%C3%A9zieux-VD-13.10.2022<\/a><\/p>\n\n\n\n<p>AGRIDEA organise trois \u00e9v\u00e9nements en total avec Perrine Herv\u00e9-Gruyer, dont voici les liens&nbsp;:<\/p>\n\n\n\n<ul class=\"wp-block-list\"><li>12 octobre&nbsp;: <a href=\"https:\/\/agridea.abacuscity.ch\/fr\/A~4242\/1~10~Shop3\/Cours-par-date\/Conf%C3%A9rence-publique-avec-Perrine-Herv%C3%A9-G-Lausanne-VD\" target=\"_blank\" rel=\"noreferrer noopener\">Conf\u00e9rence publique avec Perrine Herv\u00e9-Gruyer<\/a> \u00e0 l\u2019Universit\u00e9 de Lausanne<\/li><li>13 octobre&nbsp;: <a href=\"https:\/\/agridea.abacuscity.ch\/fr\/A~4243\/1~10~Shop3\/Cours-par-date\/Cours-pratique-avec-Perrine-Herv%C3%A9-Gruyer-Pal%C3%A9zieux-VD-13.10.2022\" target=\"_blank\" rel=\"noreferrer noopener\">Cours pratique&nbsp;: densifier et associer les cultures<\/a> \u00e0 Pal\u00e9zieux<\/li><li>14 octobre&nbsp;: <a href=\"https:\/\/agridea.abacuscity.ch\/fr\/A~4245\/1~10~Shop3\/Cours-par-date\/Rencontre-avec-Perrine-Herv%C3%A9-Gruyer-Gen%C3%A8ve-GE-14.10.2022\" target=\"_blank\" rel=\"noreferrer noopener\">Rencontre avec Perrine Herv\u00e9-Gruyer<\/a> \u00e0 Gen\u00e8ve<\/li><\/ul>\n\n\n\n<figure class=\"wp-block-image size-full\"><a href=\"https:\/\/agridea.abacuscity.ch\/fr\/A~4243\/Cours-pratique-avec-Perrine-Herv%C3%A9-Gruyer-Pal%C3%A9zieux-VD-13.10.2022\" target=\"_blank\" rel=\"noreferrer noopener\"><img fetchpriority=\"high\" decoding=\"async\" width=\"474\" height=\"346\" src=\"https:\/\/permakultur-landwirtschaft.org\/wp-content\/uploads\/2022\/09\/Perrine_Herve-Gruyer_th-205863615.jpg\" alt=\"\" class=\"wp-image-24824\" srcset=\"https:\/\/permakultur-landwirtschaft.org\/wp-content\/uploads\/2022\/09\/Perrine_Herve-Gruyer_th-205863615.jpg 474w, https:\/\/permakultur-landwirtschaft.org\/wp-content\/uploads\/2022\/09\/Perrine_Herve-Gruyer_th-205863615-300x219.jpg 300w\" sizes=\"(max-width: 474px) 100vw, 474px\" \/><\/a><figcaption>Bild: Thomas Graindorge<\/figcaption><\/figure>\n\n\n\n<hr class=\"wp-block-separator has-css-opacity\"\/>\n\n\n\n<h3 class=\"wp-block-heading\"><a href=\"https:\/\/permakultur-landwirtschaft.org\/fr\/veranstaltungen\/\" data-type=\"page\" data-id=\"476\">Cliquez ici pour voir les \u00e9v\u00e9nements actuels \/ <\/a><br><a href=\"https:\/\/permakultur-landwirtschaft.org\/fr\/veranstaltungen\/\">Hier geht&#8217;s zur \u00dcbersicht aktuelle Veranstaltungen<\/a><\/h3>","protected":false},"excerpt":{"rendered":"<p>Texte de agridea.ch Densifier et associer les cultures Densifier et associer les cultures est une bonne strat\u00e9gie dans le but de maximiser les r\u00e9coltes d\u2019une microferme. Ces pratiques peuvent toutefois s\u2019av\u00e9rer complexes et n\u00e9cessitent des comp\u00e9tences et r\u00e9f\u00e9rences claires. Ce cours pratique offre la possibilit\u00e9 d\u2019acqu\u00e9rir ou renforcer ces savoir-faire et de les appliquer directement. [&hellip;]<\/p>\n","protected":false},"author":2,"featured_media":24824,"comment_status":"closed","ping_status":"closed","sticky":false,"template":"","format":"standard","meta":{"_acf_changed":false,"site-sidebar-layout":"default","site-content-layout":"","ast-site-content-layout":"default","site-content-style":"default","site-sidebar-style":"default","ast-global-header-display":"","ast-banner-title-visibility":"","ast-main-header-display":"","ast-hfb-above-header-display":"","ast-hfb-below-header-display":"","ast-hfb-mobile-header-display":"","site-post-title":"","ast-breadcrumbs-content":"","ast-featured-img":"","footer-sml-layout":"","ast-disable-related-posts":"","theme-transparent-header-meta":"","adv-header-id-meta":"","stick-header-meta":"","header-above-stick-meta":"","header-main-stick-meta":"","header-below-stick-meta":"","astra-migrate-meta-layouts":"default","ast-page-background-enabled":"default","ast-page-background-meta":{"desktop":{"background-color":"var(--ast-global-color-4)","background-image":"","background-repeat":"repeat","background-position":"center center","background-size":"auto","background-attachment":"scroll","background-type":"","background-media":"","overlay-type":"","overlay-color":"","overlay-opacity":"","overlay-gradient":""},"tablet":{"background-color":"","background-image":"","background-repeat":"repeat","background-position":"center center","background-size":"auto","background-attachment":"scroll","background-type":"","background-media":"","overlay-type":"","overlay-color":"","overlay-opacity":"","overlay-gradient":""},"mobile":{"background-color":"","background-image":"","background-repeat":"repeat","background-position":"center center","background-size":"auto","background-attachment":"scroll","background-type":"","background-media":"","overlay-type":"","overlay-color":"","overlay-opacity":"","overlay-gradient":""}},"ast-content-background-meta":{"desktop":{"background-color":"var(--ast-global-color-5)","background-image":"","background-repeat":"repeat","background-position":"center center","background-size":"auto","background-attachment":"scroll","background-type":"","background-media":"","overlay-type":"","overlay-color":"","overlay-opacity":"","overlay-gradient":""},"tablet":{"background-color":"var(--ast-global-color-5)","background-image":"","background-repeat":"repeat","background-position":"center center","background-size":"auto","background-attachment":"scroll","background-type":"","background-media":"","overlay-type":"","overlay-color":"","overlay-opacity":"","overlay-gradient":""},"mobile":{"background-color":"var(--ast-global-color-5)","background-image":"","background-repeat":"repeat","background-position":"center center","background-size":"auto","background-attachment":"scroll","background-type":"","background-media":"","overlay-type":"","overlay-color":"","overlay-opacity":"","overlay-gradient":""}},"footnotes":""},"categories":[21],"tags":[],"class_list":["post-24823","post","type-post","status-publish","format-standard","has-post-thumbnail","hentry","category-veranstaltungen_archiv"],"acf":[],"yoast_head":"<!-- This site is optimized with the Yoast SEO plugin v27.5 - https:\/\/yoast.com\/product\/yoast-seo-wordpress\/ -->\n<title>Cours pratique avec Perrine Herv\u00e9-Gruyer du 13. octobre 2022 - Permakultur-Landwirtschaft<\/title>\n<meta name=\"robots\" content=\"index, follow, max-snippet:-1, max-image-preview:large, max-video-preview:-1\" \/>\n<link rel=\"canonical\" href=\"https:\/\/permakultur-landwirtschaft.org\/fr\/cours-pratique-avec-perrine-herve-gruyer-a-le-13-octobre-2022\/\" \/>\n<meta property=\"og:locale\" content=\"fr_FR\" \/>\n<meta property=\"og:type\" content=\"article\" \/>\n<meta property=\"og:title\" content=\"Cours pratique avec Perrine Herv\u00e9-Gruyer du 13. octobre 2022 - Permakultur-Landwirtschaft\" \/>\n<meta property=\"og:description\" content=\"Texte de agridea.ch Densifier et associer les cultures Densifier et associer les cultures est une bonne strat\u00e9gie dans le but de maximiser les r\u00e9coltes d\u2019une microferme. Ces pratiques peuvent toutefois s\u2019av\u00e9rer complexes et n\u00e9cessitent des comp\u00e9tences et r\u00e9f\u00e9rences claires. Ce cours pratique offre la possibilit\u00e9 d\u2019acqu\u00e9rir ou renforcer ces savoir-faire et de les appliquer directement. [&hellip;]\" \/>\n<meta property=\"og:url\" content=\"https:\/\/permakultur-landwirtschaft.org\/fr\/cours-pratique-avec-perrine-herve-gruyer-a-le-13-octobre-2022\/\" \/>\n<meta property=\"og:site_name\" content=\"Permakultur-Landwirtschaft\" \/>\n<meta property=\"article:publisher\" content=\"https:\/\/www.facebook.com\/PermakulturLandwirtschaft\" \/>\n<meta property=\"article:published_time\" content=\"2022-10-13T07:03:00+00:00\" \/>\n<meta property=\"article:modified_time\" content=\"2022-10-15T02:46:28+00:00\" \/>\n<meta property=\"og:image\" content=\"https:\/\/permakultur-landwirtschaft.org\/wp-content\/uploads\/2022\/09\/Perrine_Herve-Gruyer_th-205863615.jpg\" \/>\n\t<meta property=\"og:image:width\" content=\"474\" \/>\n\t<meta property=\"og:image:height\" content=\"346\" \/>\n\t<meta property=\"og:image:type\" content=\"image\/jpeg\" \/>\n<meta name=\"author\" content=\"adrian reutimann\" \/>\n<meta name=\"twitter:card\" content=\"summary_large_image\" \/>\n<meta name=\"twitter:label1\" content=\"\u00c9crit par\" \/>\n\t<meta name=\"twitter:data1\" content=\"adrian reutimann\" \/>\n\t<meta name=\"twitter:label2\" content=\"Dur\u00e9e de lecture estim\u00e9e\" \/>\n\t<meta name=\"twitter:data2\" content=\"1 minute\" \/>\n<script type=\"application\/ld+json\" class=\"yoast-schema-graph\">{\"@context\":\"https:\\\/\\\/schema.org\",\"@graph\":[{\"@type\":\"Article\",\"@id\":\"https:\\\/\\\/permakultur-landwirtschaft.org\\\/cours-pratique-avec-perrine-herve-gruyer-a-le-13-octobre-2022\\\/#article\",\"isPartOf\":{\"@id\":\"https:\\\/\\\/permakultur-landwirtschaft.org\\\/cours-pratique-avec-perrine-herve-gruyer-a-le-13-octobre-2022\\\/\"},\"author\":{\"name\":\"adrian reutimann\",\"@id\":\"https:\\\/\\\/permakultur-landwirtschaft.org\\\/#\\\/schema\\\/person\\\/6b0467872f75aed3e144093f9bf4f0b0\"},\"headline\":\"Cours pratique avec Perrine Herv\u00e9-Gruyer du 13. octobre 2022\",\"datePublished\":\"2022-10-13T07:03:00+00:00\",\"dateModified\":\"2022-10-15T02:46:28+00:00\",\"mainEntityOfPage\":{\"@id\":\"https:\\\/\\\/permakultur-landwirtschaft.org\\\/cours-pratique-avec-perrine-herve-gruyer-a-le-13-octobre-2022\\\/\"},\"wordCount\":167,\"publisher\":{\"@id\":\"https:\\\/\\\/permakultur-landwirtschaft.org\\\/#organization\"},\"image\":{\"@id\":\"https:\\\/\\\/permakultur-landwirtschaft.org\\\/cours-pratique-avec-perrine-herve-gruyer-a-le-13-octobre-2022\\\/#primaryimage\"},\"thumbnailUrl\":\"https:\\\/\\\/permakultur-landwirtschaft.org\\\/wp-content\\\/uploads\\\/2022\\\/09\\\/Perrine_Herve-Gruyer_th-205863615.jpg\",\"articleSection\":[\"Veranstaltungen_Archiv\"],\"inLanguage\":\"fr-FR\"},{\"@type\":\"WebPage\",\"@id\":\"https:\\\/\\\/permakultur-landwirtschaft.org\\\/cours-pratique-avec-perrine-herve-gruyer-a-le-13-octobre-2022\\\/\",\"url\":\"https:\\\/\\\/permakultur-landwirtschaft.org\\\/cours-pratique-avec-perrine-herve-gruyer-a-le-13-octobre-2022\\\/\",\"name\":\"Cours pratique avec Perrine Herv\u00e9-Gruyer du 13. octobre 2022 - Permakultur-Landwirtschaft\",\"isPartOf\":{\"@id\":\"https:\\\/\\\/permakultur-landwirtschaft.org\\\/#website\"},\"primaryImageOfPage\":{\"@id\":\"https:\\\/\\\/permakultur-landwirtschaft.org\\\/cours-pratique-avec-perrine-herve-gruyer-a-le-13-octobre-2022\\\/#primaryimage\"},\"image\":{\"@id\":\"https:\\\/\\\/permakultur-landwirtschaft.org\\\/cours-pratique-avec-perrine-herve-gruyer-a-le-13-octobre-2022\\\/#primaryimage\"},\"thumbnailUrl\":\"https:\\\/\\\/permakultur-landwirtschaft.org\\\/wp-content\\\/uploads\\\/2022\\\/09\\\/Perrine_Herve-Gruyer_th-205863615.jpg\",\"datePublished\":\"2022-10-13T07:03:00+00:00\",\"dateModified\":\"2022-10-15T02:46:28+00:00\",\"breadcrumb\":{\"@id\":\"https:\\\/\\\/permakultur-landwirtschaft.org\\\/cours-pratique-avec-perrine-herve-gruyer-a-le-13-octobre-2022\\\/#breadcrumb\"},\"inLanguage\":\"fr-FR\",\"potentialAction\":[{\"@type\":\"ReadAction\",\"target\":[\"https:\\\/\\\/permakultur-landwirtschaft.org\\\/cours-pratique-avec-perrine-herve-gruyer-a-le-13-octobre-2022\\\/\"]}]},{\"@type\":\"ImageObject\",\"inLanguage\":\"fr-FR\",\"@id\":\"https:\\\/\\\/permakultur-landwirtschaft.org\\\/cours-pratique-avec-perrine-herve-gruyer-a-le-13-octobre-2022\\\/#primaryimage\",\"url\":\"https:\\\/\\\/permakultur-landwirtschaft.org\\\/wp-content\\\/uploads\\\/2022\\\/09\\\/Perrine_Herve-Gruyer_th-205863615.jpg\",\"contentUrl\":\"https:\\\/\\\/permakultur-landwirtschaft.org\\\/wp-content\\\/uploads\\\/2022\\\/09\\\/Perrine_Herve-Gruyer_th-205863615.jpg\",\"width\":474,\"height\":346,\"caption\":\"Perrine Herv\u00e9-Gruyer\"},{\"@type\":\"BreadcrumbList\",\"@id\":\"https:\\\/\\\/permakultur-landwirtschaft.org\\\/cours-pratique-avec-perrine-herve-gruyer-a-le-13-octobre-2022\\\/#breadcrumb\",\"itemListElement\":[{\"@type\":\"ListItem\",\"position\":1,\"name\":\"Startseite\",\"item\":\"https:\\\/\\\/permakultur-landwirtschaft.org\\\/\"},{\"@type\":\"ListItem\",\"position\":2,\"name\":\"Cours pratique avec Perrine Herv\u00e9-Gruyer du 13. octobre 2022\"}]},{\"@type\":\"WebSite\",\"@id\":\"https:\\\/\\\/permakultur-landwirtschaft.org\\\/#website\",\"url\":\"https:\\\/\\\/permakultur-landwirtschaft.org\\\/\",\"name\":\"Permakultur-Landwirtschaft\",\"description\":\"F\u00f6rderung der Permakultur in der Landwirtschaft\",\"publisher\":{\"@id\":\"https:\\\/\\\/permakultur-landwirtschaft.org\\\/#organization\"},\"potentialAction\":[{\"@type\":\"SearchAction\",\"target\":{\"@type\":\"EntryPoint\",\"urlTemplate\":\"https:\\\/\\\/permakultur-landwirtschaft.org\\\/?s={search_term_string}\"},\"query-input\":{\"@type\":\"PropertyValueSpecification\",\"valueRequired\":true,\"valueName\":\"search_term_string\"}}],\"inLanguage\":\"fr-FR\"},{\"@type\":\"Organization\",\"@id\":\"https:\\\/\\\/permakultur-landwirtschaft.org\\\/#organization\",\"name\":\"Permakultur-Landwirtschaft\",\"alternateName\":\"Verein Permakultur-Landwirtschaft\",\"url\":\"https:\\\/\\\/permakultur-landwirtschaft.org\\\/\",\"logo\":{\"@type\":\"ImageObject\",\"inLanguage\":\"fr-FR\",\"@id\":\"https:\\\/\\\/permakultur-landwirtschaft.org\\\/#\\\/schema\\\/logo\\\/image\\\/\",\"url\":\"https:\\\/\\\/permakultur-landwirtschaft.org\\\/wp-content\\\/uploads\\\/2021\\\/11\\\/pela_1268x1269.png\",\"contentUrl\":\"https:\\\/\\\/permakultur-landwirtschaft.org\\\/wp-content\\\/uploads\\\/2021\\\/11\\\/pela_1268x1269.png\",\"width\":1298,\"height\":1269,\"caption\":\"Permakultur-Landwirtschaft\"},\"image\":{\"@id\":\"https:\\\/\\\/permakultur-landwirtschaft.org\\\/#\\\/schema\\\/logo\\\/image\\\/\"},\"sameAs\":[\"https:\\\/\\\/www.facebook.com\\\/PermakulturLandwirtschaft\",\"https:\\\/\\\/www.instagram.com\\\/permakultur_landwirtschaft\\\/\",\"https:\\\/\\\/www.flickr.com\\\/photos\\\/permakultur-landwirtschaft\",\"https:\\\/\\\/www.youtube.com\\\/@PermakulturLandwirtschaft\"]},{\"@type\":\"Person\",\"@id\":\"https:\\\/\\\/permakultur-landwirtschaft.org\\\/#\\\/schema\\\/person\\\/6b0467872f75aed3e144093f9bf4f0b0\",\"name\":\"adrian reutimann\",\"url\":\"https:\\\/\\\/permakultur-landwirtschaft.org\\\/fr\\\/author\\\/reutiadr\\\/\"}]}<\/script>\n<!-- \/ Yoast SEO plugin. -->","yoast_head_json":{"title":"Cours pratique avec Perrine Herv\u00e9-Gruyer du 13. octobre 2022 - Permakultur-Landwirtschaft","robots":{"index":"index","follow":"follow","max-snippet":"max-snippet:-1","max-image-preview":"max-image-preview:large","max-video-preview":"max-video-preview:-1"},"canonical":"https:\/\/permakultur-landwirtschaft.org\/fr\/cours-pratique-avec-perrine-herve-gruyer-a-le-13-octobre-2022\/","og_locale":"fr_FR","og_type":"article","og_title":"Cours pratique avec Perrine Herv\u00e9-Gruyer du 13. octobre 2022 - Permakultur-Landwirtschaft","og_description":"Texte de agridea.ch Densifier et associer les cultures Densifier et associer les cultures est une bonne strat\u00e9gie dans le but de maximiser les r\u00e9coltes d\u2019une microferme. Ces pratiques peuvent toutefois s\u2019av\u00e9rer complexes et n\u00e9cessitent des comp\u00e9tences et r\u00e9f\u00e9rences claires. Ce cours pratique offre la possibilit\u00e9 d\u2019acqu\u00e9rir ou renforcer ces savoir-faire et de les appliquer directement. [&hellip;]","og_url":"https:\/\/permakultur-landwirtschaft.org\/fr\/cours-pratique-avec-perrine-herve-gruyer-a-le-13-octobre-2022\/","og_site_name":"Permakultur-Landwirtschaft","article_publisher":"https:\/\/www.facebook.com\/PermakulturLandwirtschaft","article_published_time":"2022-10-13T07:03:00+00:00","article_modified_time":"2022-10-15T02:46:28+00:00","og_image":[{"width":474,"height":346,"url":"https:\/\/permakultur-landwirtschaft.org\/wp-content\/uploads\/2022\/09\/Perrine_Herve-Gruyer_th-205863615.jpg","type":"image\/jpeg"}],"author":"adrian reutimann","twitter_card":"summary_large_image","twitter_misc":{"\u00c9crit par":"adrian reutimann","Dur\u00e9e de lecture estim\u00e9e":"1 minute"},"schema":{"@context":"https:\/\/schema.org","@graph":[{"@type":"Article","@id":"https:\/\/permakultur-landwirtschaft.org\/cours-pratique-avec-perrine-herve-gruyer-a-le-13-octobre-2022\/#article","isPartOf":{"@id":"https:\/\/permakultur-landwirtschaft.org\/cours-pratique-avec-perrine-herve-gruyer-a-le-13-octobre-2022\/"},"author":{"name":"adrian reutimann","@id":"https:\/\/permakultur-landwirtschaft.org\/#\/schema\/person\/6b0467872f75aed3e144093f9bf4f0b0"},"headline":"Cours pratique avec Perrine Herv\u00e9-Gruyer du 13. octobre 2022","datePublished":"2022-10-13T07:03:00+00:00","dateModified":"2022-10-15T02:46:28+00:00","mainEntityOfPage":{"@id":"https:\/\/permakultur-landwirtschaft.org\/cours-pratique-avec-perrine-herve-gruyer-a-le-13-octobre-2022\/"},"wordCount":167,"publisher":{"@id":"https:\/\/permakultur-landwirtschaft.org\/#organization"},"image":{"@id":"https:\/\/permakultur-landwirtschaft.org\/cours-pratique-avec-perrine-herve-gruyer-a-le-13-octobre-2022\/#primaryimage"},"thumbnailUrl":"https:\/\/permakultur-landwirtschaft.org\/wp-content\/uploads\/2022\/09\/Perrine_Herve-Gruyer_th-205863615.jpg","articleSection":["Veranstaltungen_Archiv"],"inLanguage":"fr-FR"},{"@type":"WebPage","@id":"https:\/\/permakultur-landwirtschaft.org\/cours-pratique-avec-perrine-herve-gruyer-a-le-13-octobre-2022\/","url":"https:\/\/permakultur-landwirtschaft.org\/cours-pratique-avec-perrine-herve-gruyer-a-le-13-octobre-2022\/","name":"Cours pratique avec Perrine Herv\u00e9-Gruyer du 13. octobre 2022 - Permakultur-Landwirtschaft","isPartOf":{"@id":"https:\/\/permakultur-landwirtschaft.org\/#website"},"primaryImageOfPage":{"@id":"https:\/\/permakultur-landwirtschaft.org\/cours-pratique-avec-perrine-herve-gruyer-a-le-13-octobre-2022\/#primaryimage"},"image":{"@id":"https:\/\/permakultur-landwirtschaft.org\/cours-pratique-avec-perrine-herve-gruyer-a-le-13-octobre-2022\/#primaryimage"},"thumbnailUrl":"https:\/\/permakultur-landwirtschaft.org\/wp-content\/uploads\/2022\/09\/Perrine_Herve-Gruyer_th-205863615.jpg","datePublished":"2022-10-13T07:03:00+00:00","dateModified":"2022-10-15T02:46:28+00:00","breadcrumb":{"@id":"https:\/\/permakultur-landwirtschaft.org\/cours-pratique-avec-perrine-herve-gruyer-a-le-13-octobre-2022\/#breadcrumb"},"inLanguage":"fr-FR","potentialAction":[{"@type":"ReadAction","target":["https:\/\/permakultur-landwirtschaft.org\/cours-pratique-avec-perrine-herve-gruyer-a-le-13-octobre-2022\/"]}]},{"@type":"ImageObject","inLanguage":"fr-FR","@id":"https:\/\/permakultur-landwirtschaft.org\/cours-pratique-avec-perrine-herve-gruyer-a-le-13-octobre-2022\/#primaryimage","url":"https:\/\/permakultur-landwirtschaft.org\/wp-content\/uploads\/2022\/09\/Perrine_Herve-Gruyer_th-205863615.jpg","contentUrl":"https:\/\/permakultur-landwirtschaft.org\/wp-content\/uploads\/2022\/09\/Perrine_Herve-Gruyer_th-205863615.jpg","width":474,"height":346,"caption":"Perrine Herv\u00e9-Gruyer"},{"@type":"BreadcrumbList","@id":"https:\/\/permakultur-landwirtschaft.org\/cours-pratique-avec-perrine-herve-gruyer-a-le-13-octobre-2022\/#breadcrumb","itemListElement":[{"@type":"ListItem","position":1,"name":"Startseite","item":"https:\/\/permakultur-landwirtschaft.org\/"},{"@type":"ListItem","position":2,"name":"Cours pratique avec Perrine Herv\u00e9-Gruyer du 13. octobre 2022"}]},{"@type":"WebSite","@id":"https:\/\/permakultur-landwirtschaft.org\/#website","url":"https:\/\/permakultur-landwirtschaft.org\/","name":"Permakultur-Landwirtschaft","description":"F\u00f6rderung der Permakultur in der Landwirtschaft","publisher":{"@id":"https:\/\/permakultur-landwirtschaft.org\/#organization"},"potentialAction":[{"@type":"SearchAction","target":{"@type":"EntryPoint","urlTemplate":"https:\/\/permakultur-landwirtschaft.org\/?s={search_term_string}"},"query-input":{"@type":"PropertyValueSpecification","valueRequired":true,"valueName":"search_term_string"}}],"inLanguage":"fr-FR"},{"@type":"Organization","@id":"https:\/\/permakultur-landwirtschaft.org\/#organization","name":"Permakultur-Landwirtschaft","alternateName":"Verein Permakultur-Landwirtschaft","url":"https:\/\/permakultur-landwirtschaft.org\/","logo":{"@type":"ImageObject","inLanguage":"fr-FR","@id":"https:\/\/permakultur-landwirtschaft.org\/#\/schema\/logo\/image\/","url":"https:\/\/permakultur-landwirtschaft.org\/wp-content\/uploads\/2021\/11\/pela_1268x1269.png","contentUrl":"https:\/\/permakultur-landwirtschaft.org\/wp-content\/uploads\/2021\/11\/pela_1268x1269.png","width":1298,"height":1269,"caption":"Permakultur-Landwirtschaft"},"image":{"@id":"https:\/\/permakultur-landwirtschaft.org\/#\/schema\/logo\/image\/"},"sameAs":["https:\/\/www.facebook.com\/PermakulturLandwirtschaft","https:\/\/www.instagram.com\/permakultur_landwirtschaft\/","https:\/\/www.flickr.com\/photos\/permakultur-landwirtschaft","https:\/\/www.youtube.com\/@PermakulturLandwirtschaft"]},{"@type":"Person","@id":"https:\/\/permakultur-landwirtschaft.org\/#\/schema\/person\/6b0467872f75aed3e144093f9bf4f0b0","name":"adrian reutimann","url":"https:\/\/permakultur-landwirtschaft.org\/fr\/author\/reutiadr\/"}]}},"_links":{"self":[{"href":"https:\/\/permakultur-landwirtschaft.org\/fr\/wp-json\/wp\/v2\/posts\/24823","targetHints":{"allow":["GET"]}}],"collection":[{"href":"https:\/\/permakultur-landwirtschaft.org\/fr\/wp-json\/wp\/v2\/posts"}],"about":[{"href":"https:\/\/permakultur-landwirtschaft.org\/fr\/wp-json\/wp\/v2\/types\/post"}],"author":[{"embeddable":true,"href":"https:\/\/permakultur-landwirtschaft.org\/fr\/wp-json\/wp\/v2\/users\/2"}],"replies":[{"embeddable":true,"href":"https:\/\/permakultur-landwirtschaft.org\/fr\/wp-json\/wp\/v2\/comments?post=24823"}],"version-history":[{"count":5,"href":"https:\/\/permakultur-landwirtschaft.org\/fr\/wp-json\/wp\/v2\/posts\/24823\/revisions"}],"predecessor-version":[{"id":25211,"href":"https:\/\/permakultur-landwirtschaft.org\/fr\/wp-json\/wp\/v2\/posts\/24823\/revisions\/25211"}],"wp:featuredmedia":[{"embeddable":true,"href":"https:\/\/permakultur-landwirtschaft.org\/fr\/wp-json\/wp\/v2\/media\/24824"}],"wp:attachment":[{"href":"https:\/\/permakultur-landwirtschaft.org\/fr\/wp-json\/wp\/v2\/media?parent=24823"}],"wp:term":[{"taxonomy":"category","embeddable":true,"href":"https:\/\/permakultur-landwirtschaft.org\/fr\/wp-json\/wp\/v2\/categories?post=24823"},{"taxonomy":"post_tag","embeddable":true,"href":"https:\/\/permakultur-landwirtschaft.org\/fr\/wp-json\/wp\/v2\/tags?post=24823"}],"curies":[{"name":"wp","href":"https:\/\/api.w.org\/{rel}","templated":true}]}}