{"id":24277,"date":"2022-09-13T19:00:00","date_gmt":"2022-09-13T17:00:00","guid":{"rendered":"https:\/\/permakultur-landwirtschaft.org\/?p=24277"},"modified":"2022-09-13T21:57:34","modified_gmt":"2022-09-13T19:57:34","slug":"boden-gut-machen-regenerative-landwirtschaft-und-permakultur-podium-am-13-september-2022","status":"publish","type":"post","link":"https:\/\/permakultur-landwirtschaft.org\/fr\/boden-gut-machen-regenerative-landwirtschaft-und-permakultur-podium-am-13-september-2022\/","title":{"rendered":"Boden gut machen: regenerative Landwirtschaft und Permakultur &#8211; Podium am 13. September 2022"},"content":{"rendered":"<p>Text vom karldergrosse.ch:<br><strong>Ein zukunftsorientiertes Podium \u00fcber landwirtschaftliche Bodennutzung mit \u00abBiovision\u00bb<\/strong><\/p>\n\n\n\n<p>100 Jahre vergehen bis zur Bildung eines Zentimeters an Boden. Eine Ressource von der wir abh\u00e4ngig sind, sei es um uns zu ern\u00e4hren, um Lebensr\u00e4ume f\u00fcr vielf\u00e4ltige Lebewesen zu bieten oder zur Regulierung von Wasser- und Energiekreisl\u00e4ufen. Durch konventionelle Landwirtschaft wird unsere Lebensgrundlage aber zunehmend gef\u00e4hrdet. Innovation und Umdenken sind gefragt.<\/p>\n\n\n\n<p>Wie kann ein funktionierendes \u00d6kosystem sichergestellt werden und die Bodenfruchtbarkeit gesteigert werden? Wie m\u00fcsste Schweizer Boden bewirtschaftet und reguliert werden? Welche Rolle regenerative Landwirtschaft und Permakultur dabei spielen, diskutieren im Podiumsgespr\u00e4ch Matthias Hollenstein (Gr\u00fcnder von SlowGrow, Projektleiter HofLabor und biodynamischer Bauer), Marcel van der Heijden (Professor f\u00fcr Agrar\u00f6kologie, Universit\u00e4t Z\u00fcrich, Leiter Forschungsgruppe bei Agroscope) und Anna Sch\u00f6pfer (Mitarbeiterin Biovision). Das Podium wird moderiert durch Val\u00e9rie Wacker.<\/p>\n\n\n\n<p><strong>Date<\/strong><br>Dienstag 13. September 2022, 19.00<\/p>\n\n\n\n<p><strong>Lieu<br><\/strong>Online und vor Ort:<br>Karl der Grosse<br>Kirchgasse 14<br>8001 Z\u00fcrich<\/p>\n\n\n\n<p>Infos zum Podium unter diesem Link: <a rel=\"noreferrer noopener\" href=\"https:\/\/www.karldergrosse.ch\/veranstaltungen\/veranstaltung\/boden-gut-machen-regenerative-landwirtschaft-und-permakultur\/\" target=\"_blank\">www.karldergrosse.ch\/veranstaltungen\/veranstaltung\/boden-gut-machen-regenerative-landwirtschaft-und-permakultur<\/a><\/p>\n\n\n\n<figure class=\"wp-block-image size-full\"><a href=\"https:\/\/www.karldergrosse.ch\/veranstaltungen\/veranstaltung\/boden-gut-machen-regenerative-landwirtschaft-und-permakultur\/\" target=\"_blank\" rel=\"noreferrer noopener\"><img fetchpriority=\"high\" decoding=\"async\" width=\"511\" height=\"324\" src=\"https:\/\/permakultur-landwirtschaft.org\/wp-content\/uploads\/2022\/09\/20220913_erneuerbar.jpg\" alt=\"\" class=\"wp-image-24278\" srcset=\"https:\/\/permakultur-landwirtschaft.org\/wp-content\/uploads\/2022\/09\/20220913_erneuerbar.jpg 511w, https:\/\/permakultur-landwirtschaft.org\/wp-content\/uploads\/2022\/09\/20220913_erneuerbar-300x190.jpg 300w\" sizes=\"(max-width: 511px) 100vw, 511px\" \/><\/a><figcaption>Quelle: karldergrosse.ch<\/figcaption><\/figure>\n\n\n\n<hr class=\"wp-block-separator has-alpha-channel-opacity\"\/>\n\n\n\n<h3 class=\"wp-block-heading\"><a href=\"https:\/\/permakultur-landwirtschaft.org\/fr\/veranstaltungen\/\">Hier geht&#8217;s zur \u00dcbersicht aktuelle Veranstaltungen<\/a><\/h3>","protected":false},"excerpt":{"rendered":"<p>Text vom karldergrosse.ch:Ein zukunftsorientiertes Podium \u00fcber landwirtschaftliche Bodennutzung mit \u00abBiovision\u00bb 100 Jahre vergehen bis zur Bildung eines Zentimeters an Boden. Eine Ressource von der wir abh\u00e4ngig sind, sei es um uns zu ern\u00e4hren, um Lebensr\u00e4ume f\u00fcr vielf\u00e4ltige Lebewesen zu bieten oder zur Regulierung von Wasser- und Energiekreisl\u00e4ufen. Durch konventionelle Landwirtschaft wird unsere Lebensgrundlage aber zunehmend [&hellip;]<\/p>\n","protected":false},"author":2,"featured_media":24278,"comment_status":"closed","ping_status":"closed","sticky":false,"template":"","format":"standard","meta":{"_acf_changed":false,"site-sidebar-layout":"default","site-content-layout":"","ast-site-content-layout":"default","site-content-style":"default","site-sidebar-style":"default","ast-global-header-display":"","ast-banner-title-visibility":"","ast-main-header-display":"","ast-hfb-above-header-display":"","ast-hfb-below-header-display":"","ast-hfb-mobile-header-display":"","site-post-title":"","ast-breadcrumbs-content":"","ast-featured-img":"","footer-sml-layout":"","ast-disable-related-posts":"","theme-transparent-header-meta":"","adv-header-id-meta":"","stick-header-meta":"","header-above-stick-meta":"","header-main-stick-meta":"","header-below-stick-meta":"","astra-migrate-meta-layouts":"default","ast-page-background-enabled":"default","ast-page-background-meta":{"desktop":{"background-color":"var(--ast-global-color-4)","background-image":"","background-repeat":"repeat","background-position":"center center","background-size":"auto","background-attachment":"scroll","background-type":"","background-media":"","overlay-type":"","overlay-color":"","overlay-opacity":"","overlay-gradient":""},"tablet":{"background-color":"","background-image":"","background-repeat":"repeat","background-position":"center center","background-size":"auto","background-attachment":"scroll","background-type":"","background-media":"","overlay-type":"","overlay-color":"","overlay-opacity":"","overlay-gradient":""},"mobile":{"background-color":"","background-image":"","background-repeat":"repeat","background-position":"center center","background-size":"auto","background-attachment":"scroll","background-type":"","background-media":"","overlay-type":"","overlay-color":"","overlay-opacity":"","overlay-gradient":""}},"ast-content-background-meta":{"desktop":{"background-color":"var(--ast-global-color-5)","background-image":"","background-repeat":"repeat","background-position":"center center","background-size":"auto","background-attachment":"scroll","background-type":"","background-media":"","overlay-type":"","overlay-color":"","overlay-opacity":"","overlay-gradient":""},"tablet":{"background-color":"var(--ast-global-color-5)","background-image":"","background-repeat":"repeat","background-position":"center center","background-size":"auto","background-attachment":"scroll","background-type":"","background-media":"","overlay-type":"","overlay-color":"","overlay-opacity":"","overlay-gradient":""},"mobile":{"background-color":"var(--ast-global-color-5)","background-image":"","background-repeat":"repeat","background-position":"center center","background-size":"auto","background-attachment":"scroll","background-type":"","background-media":"","overlay-type":"","overlay-color":"","overlay-opacity":"","overlay-gradient":""}},"footnotes":""},"categories":[21],"tags":[],"class_list":["post-24277","post","type-post","status-publish","format-standard","has-post-thumbnail","hentry","category-veranstaltungen_archiv"],"acf":[],"yoast_head":"<!-- This site is optimized with the Yoast SEO plugin v27.5 - https:\/\/yoast.com\/product\/yoast-seo-wordpress\/ -->\n<title>Boden gut machen: regenerative Landwirtschaft und Permakultur - Podium am 13. September 2022 - Permakultur-Landwirtschaft<\/title>\n<meta name=\"robots\" content=\"index, follow, max-snippet:-1, max-image-preview:large, max-video-preview:-1\" \/>\n<link rel=\"canonical\" href=\"https:\/\/permakultur-landwirtschaft.org\/fr\/boden-gut-machen-regenerative-landwirtschaft-und-permakultur-podium-am-13-september-2022\/\" \/>\n<meta property=\"og:locale\" content=\"fr_FR\" \/>\n<meta property=\"og:type\" content=\"article\" \/>\n<meta property=\"og:title\" content=\"Boden gut machen: regenerative Landwirtschaft und Permakultur - Podium am 13. September 2022 - Permakultur-Landwirtschaft\" \/>\n<meta property=\"og:description\" content=\"Text vom karldergrosse.ch:Ein zukunftsorientiertes Podium \u00fcber landwirtschaftliche Bodennutzung mit \u00abBiovision\u00bb 100 Jahre vergehen bis zur Bildung eines Zentimeters an Boden. Eine Ressource von der wir abh\u00e4ngig sind, sei es um uns zu ern\u00e4hren, um Lebensr\u00e4ume f\u00fcr vielf\u00e4ltige Lebewesen zu bieten oder zur Regulierung von Wasser- und Energiekreisl\u00e4ufen. Durch konventionelle Landwirtschaft wird unsere Lebensgrundlage aber zunehmend [&hellip;]\" \/>\n<meta property=\"og:url\" content=\"https:\/\/permakultur-landwirtschaft.org\/fr\/boden-gut-machen-regenerative-landwirtschaft-und-permakultur-podium-am-13-september-2022\/\" \/>\n<meta property=\"og:site_name\" content=\"Permakultur-Landwirtschaft\" \/>\n<meta property=\"article:publisher\" content=\"https:\/\/www.facebook.com\/PermakulturLandwirtschaft\" \/>\n<meta property=\"article:published_time\" content=\"2022-09-13T17:00:00+00:00\" \/>\n<meta property=\"article:modified_time\" content=\"2022-09-13T19:57:34+00:00\" \/>\n<meta property=\"og:image\" content=\"https:\/\/permakultur-landwirtschaft.org\/wp-content\/uploads\/2022\/09\/20220913_erneuerbar.jpg\" \/>\n\t<meta property=\"og:image:width\" content=\"511\" \/>\n\t<meta property=\"og:image:height\" content=\"324\" \/>\n\t<meta property=\"og:image:type\" content=\"image\/jpeg\" \/>\n<meta name=\"author\" content=\"adrian reutimann\" \/>\n<meta name=\"twitter:card\" content=\"summary_large_image\" \/>\n<meta name=\"twitter:label1\" content=\"\u00c9crit par\" \/>\n\t<meta name=\"twitter:data1\" content=\"adrian reutimann\" \/>\n\t<meta name=\"twitter:label2\" content=\"Dur\u00e9e de lecture estim\u00e9e\" \/>\n\t<meta name=\"twitter:data2\" content=\"1 minute\" \/>\n<script type=\"application\/ld+json\" class=\"yoast-schema-graph\">{\"@context\":\"https:\\\/\\\/schema.org\",\"@graph\":[{\"@type\":\"Article\",\"@id\":\"https:\\\/\\\/permakultur-landwirtschaft.org\\\/boden-gut-machen-regenerative-landwirtschaft-und-permakultur-podium-am-13-september-2022\\\/#article\",\"isPartOf\":{\"@id\":\"https:\\\/\\\/permakultur-landwirtschaft.org\\\/boden-gut-machen-regenerative-landwirtschaft-und-permakultur-podium-am-13-september-2022\\\/\"},\"author\":{\"name\":\"adrian reutimann\",\"@id\":\"https:\\\/\\\/permakultur-landwirtschaft.org\\\/#\\\/schema\\\/person\\\/6b0467872f75aed3e144093f9bf4f0b0\"},\"headline\":\"Boden gut machen: regenerative Landwirtschaft und Permakultur &#8211; Podium am 13. September 2022\",\"datePublished\":\"2022-09-13T17:00:00+00:00\",\"dateModified\":\"2022-09-13T19:57:34+00:00\",\"mainEntityOfPage\":{\"@id\":\"https:\\\/\\\/permakultur-landwirtschaft.org\\\/boden-gut-machen-regenerative-landwirtschaft-und-permakultur-podium-am-13-september-2022\\\/\"},\"wordCount\":190,\"publisher\":{\"@id\":\"https:\\\/\\\/permakultur-landwirtschaft.org\\\/#organization\"},\"image\":{\"@id\":\"https:\\\/\\\/permakultur-landwirtschaft.org\\\/boden-gut-machen-regenerative-landwirtschaft-und-permakultur-podium-am-13-september-2022\\\/#primaryimage\"},\"thumbnailUrl\":\"https:\\\/\\\/permakultur-landwirtschaft.org\\\/wp-content\\\/uploads\\\/2022\\\/09\\\/20220913_erneuerbar.jpg\",\"articleSection\":[\"Veranstaltungen_Archiv\"],\"inLanguage\":\"fr-FR\"},{\"@type\":\"WebPage\",\"@id\":\"https:\\\/\\\/permakultur-landwirtschaft.org\\\/boden-gut-machen-regenerative-landwirtschaft-und-permakultur-podium-am-13-september-2022\\\/\",\"url\":\"https:\\\/\\\/permakultur-landwirtschaft.org\\\/boden-gut-machen-regenerative-landwirtschaft-und-permakultur-podium-am-13-september-2022\\\/\",\"name\":\"Boden gut machen: regenerative Landwirtschaft und Permakultur - Podium am 13. September 2022 - Permakultur-Landwirtschaft\",\"isPartOf\":{\"@id\":\"https:\\\/\\\/permakultur-landwirtschaft.org\\\/#website\"},\"primaryImageOfPage\":{\"@id\":\"https:\\\/\\\/permakultur-landwirtschaft.org\\\/boden-gut-machen-regenerative-landwirtschaft-und-permakultur-podium-am-13-september-2022\\\/#primaryimage\"},\"image\":{\"@id\":\"https:\\\/\\\/permakultur-landwirtschaft.org\\\/boden-gut-machen-regenerative-landwirtschaft-und-permakultur-podium-am-13-september-2022\\\/#primaryimage\"},\"thumbnailUrl\":\"https:\\\/\\\/permakultur-landwirtschaft.org\\\/wp-content\\\/uploads\\\/2022\\\/09\\\/20220913_erneuerbar.jpg\",\"datePublished\":\"2022-09-13T17:00:00+00:00\",\"dateModified\":\"2022-09-13T19:57:34+00:00\",\"breadcrumb\":{\"@id\":\"https:\\\/\\\/permakultur-landwirtschaft.org\\\/boden-gut-machen-regenerative-landwirtschaft-und-permakultur-podium-am-13-september-2022\\\/#breadcrumb\"},\"inLanguage\":\"fr-FR\",\"potentialAction\":[{\"@type\":\"ReadAction\",\"target\":[\"https:\\\/\\\/permakultur-landwirtschaft.org\\\/boden-gut-machen-regenerative-landwirtschaft-und-permakultur-podium-am-13-september-2022\\\/\"]}]},{\"@type\":\"ImageObject\",\"inLanguage\":\"fr-FR\",\"@id\":\"https:\\\/\\\/permakultur-landwirtschaft.org\\\/boden-gut-machen-regenerative-landwirtschaft-und-permakultur-podium-am-13-september-2022\\\/#primaryimage\",\"url\":\"https:\\\/\\\/permakultur-landwirtschaft.org\\\/wp-content\\\/uploads\\\/2022\\\/09\\\/20220913_erneuerbar.jpg\",\"contentUrl\":\"https:\\\/\\\/permakultur-landwirtschaft.org\\\/wp-content\\\/uploads\\\/2022\\\/09\\\/20220913_erneuerbar.jpg\",\"width\":511,\"height\":324},{\"@type\":\"BreadcrumbList\",\"@id\":\"https:\\\/\\\/permakultur-landwirtschaft.org\\\/boden-gut-machen-regenerative-landwirtschaft-und-permakultur-podium-am-13-september-2022\\\/#breadcrumb\",\"itemListElement\":[{\"@type\":\"ListItem\",\"position\":1,\"name\":\"Startseite\",\"item\":\"https:\\\/\\\/permakultur-landwirtschaft.org\\\/\"},{\"@type\":\"ListItem\",\"position\":2,\"name\":\"Boden gut machen: regenerative Landwirtschaft und Permakultur &#8211; Podium am 13. September 2022\"}]},{\"@type\":\"WebSite\",\"@id\":\"https:\\\/\\\/permakultur-landwirtschaft.org\\\/#website\",\"url\":\"https:\\\/\\\/permakultur-landwirtschaft.org\\\/\",\"name\":\"Permakultur-Landwirtschaft\",\"description\":\"F\u00f6rderung der Permakultur in der Landwirtschaft\",\"publisher\":{\"@id\":\"https:\\\/\\\/permakultur-landwirtschaft.org\\\/#organization\"},\"potentialAction\":[{\"@type\":\"SearchAction\",\"target\":{\"@type\":\"EntryPoint\",\"urlTemplate\":\"https:\\\/\\\/permakultur-landwirtschaft.org\\\/?s={search_term_string}\"},\"query-input\":{\"@type\":\"PropertyValueSpecification\",\"valueRequired\":true,\"valueName\":\"search_term_string\"}}],\"inLanguage\":\"fr-FR\"},{\"@type\":\"Organization\",\"@id\":\"https:\\\/\\\/permakultur-landwirtschaft.org\\\/#organization\",\"name\":\"Permakultur-Landwirtschaft\",\"alternateName\":\"Verein Permakultur-Landwirtschaft\",\"url\":\"https:\\\/\\\/permakultur-landwirtschaft.org\\\/\",\"logo\":{\"@type\":\"ImageObject\",\"inLanguage\":\"fr-FR\",\"@id\":\"https:\\\/\\\/permakultur-landwirtschaft.org\\\/#\\\/schema\\\/logo\\\/image\\\/\",\"url\":\"https:\\\/\\\/permakultur-landwirtschaft.org\\\/wp-content\\\/uploads\\\/2021\\\/11\\\/pela_1268x1269.png\",\"contentUrl\":\"https:\\\/\\\/permakultur-landwirtschaft.org\\\/wp-content\\\/uploads\\\/2021\\\/11\\\/pela_1268x1269.png\",\"width\":1298,\"height\":1269,\"caption\":\"Permakultur-Landwirtschaft\"},\"image\":{\"@id\":\"https:\\\/\\\/permakultur-landwirtschaft.org\\\/#\\\/schema\\\/logo\\\/image\\\/\"},\"sameAs\":[\"https:\\\/\\\/www.facebook.com\\\/PermakulturLandwirtschaft\",\"https:\\\/\\\/www.instagram.com\\\/permakultur_landwirtschaft\\\/\",\"https:\\\/\\\/www.flickr.com\\\/photos\\\/permakultur-landwirtschaft\",\"https:\\\/\\\/www.youtube.com\\\/@PermakulturLandwirtschaft\"]},{\"@type\":\"Person\",\"@id\":\"https:\\\/\\\/permakultur-landwirtschaft.org\\\/#\\\/schema\\\/person\\\/6b0467872f75aed3e144093f9bf4f0b0\",\"name\":\"adrian reutimann\",\"url\":\"https:\\\/\\\/permakultur-landwirtschaft.org\\\/fr\\\/author\\\/reutiadr\\\/\"}]}<\/script>\n<!-- \/ Yoast SEO plugin. -->","yoast_head_json":{"title":"Boden gut machen: regenerative Landwirtschaft und Permakultur - Podium am 13. September 2022 - Permakultur-Landwirtschaft","robots":{"index":"index","follow":"follow","max-snippet":"max-snippet:-1","max-image-preview":"max-image-preview:large","max-video-preview":"max-video-preview:-1"},"canonical":"https:\/\/permakultur-landwirtschaft.org\/fr\/boden-gut-machen-regenerative-landwirtschaft-und-permakultur-podium-am-13-september-2022\/","og_locale":"fr_FR","og_type":"article","og_title":"Boden gut machen: regenerative Landwirtschaft und Permakultur - Podium am 13. September 2022 - Permakultur-Landwirtschaft","og_description":"Text vom karldergrosse.ch:Ein zukunftsorientiertes Podium \u00fcber landwirtschaftliche Bodennutzung mit \u00abBiovision\u00bb 100 Jahre vergehen bis zur Bildung eines Zentimeters an Boden. Eine Ressource von der wir abh\u00e4ngig sind, sei es um uns zu ern\u00e4hren, um Lebensr\u00e4ume f\u00fcr vielf\u00e4ltige Lebewesen zu bieten oder zur Regulierung von Wasser- und Energiekreisl\u00e4ufen. Durch konventionelle Landwirtschaft wird unsere Lebensgrundlage aber zunehmend [&hellip;]","og_url":"https:\/\/permakultur-landwirtschaft.org\/fr\/boden-gut-machen-regenerative-landwirtschaft-und-permakultur-podium-am-13-september-2022\/","og_site_name":"Permakultur-Landwirtschaft","article_publisher":"https:\/\/www.facebook.com\/PermakulturLandwirtschaft","article_published_time":"2022-09-13T17:00:00+00:00","article_modified_time":"2022-09-13T19:57:34+00:00","og_image":[{"width":511,"height":324,"url":"https:\/\/permakultur-landwirtschaft.org\/wp-content\/uploads\/2022\/09\/20220913_erneuerbar.jpg","type":"image\/jpeg"}],"author":"adrian reutimann","twitter_card":"summary_large_image","twitter_misc":{"\u00c9crit par":"adrian reutimann","Dur\u00e9e de lecture estim\u00e9e":"1 minute"},"schema":{"@context":"https:\/\/schema.org","@graph":[{"@type":"Article","@id":"https:\/\/permakultur-landwirtschaft.org\/boden-gut-machen-regenerative-landwirtschaft-und-permakultur-podium-am-13-september-2022\/#article","isPartOf":{"@id":"https:\/\/permakultur-landwirtschaft.org\/boden-gut-machen-regenerative-landwirtschaft-und-permakultur-podium-am-13-september-2022\/"},"author":{"name":"adrian reutimann","@id":"https:\/\/permakultur-landwirtschaft.org\/#\/schema\/person\/6b0467872f75aed3e144093f9bf4f0b0"},"headline":"Boden gut machen: regenerative Landwirtschaft und Permakultur &#8211; Podium am 13. September 2022","datePublished":"2022-09-13T17:00:00+00:00","dateModified":"2022-09-13T19:57:34+00:00","mainEntityOfPage":{"@id":"https:\/\/permakultur-landwirtschaft.org\/boden-gut-machen-regenerative-landwirtschaft-und-permakultur-podium-am-13-september-2022\/"},"wordCount":190,"publisher":{"@id":"https:\/\/permakultur-landwirtschaft.org\/#organization"},"image":{"@id":"https:\/\/permakultur-landwirtschaft.org\/boden-gut-machen-regenerative-landwirtschaft-und-permakultur-podium-am-13-september-2022\/#primaryimage"},"thumbnailUrl":"https:\/\/permakultur-landwirtschaft.org\/wp-content\/uploads\/2022\/09\/20220913_erneuerbar.jpg","articleSection":["Veranstaltungen_Archiv"],"inLanguage":"fr-FR"},{"@type":"WebPage","@id":"https:\/\/permakultur-landwirtschaft.org\/boden-gut-machen-regenerative-landwirtschaft-und-permakultur-podium-am-13-september-2022\/","url":"https:\/\/permakultur-landwirtschaft.org\/boden-gut-machen-regenerative-landwirtschaft-und-permakultur-podium-am-13-september-2022\/","name":"Boden gut machen: regenerative Landwirtschaft und Permakultur - Podium am 13. September 2022 - Permakultur-Landwirtschaft","isPartOf":{"@id":"https:\/\/permakultur-landwirtschaft.org\/#website"},"primaryImageOfPage":{"@id":"https:\/\/permakultur-landwirtschaft.org\/boden-gut-machen-regenerative-landwirtschaft-und-permakultur-podium-am-13-september-2022\/#primaryimage"},"image":{"@id":"https:\/\/permakultur-landwirtschaft.org\/boden-gut-machen-regenerative-landwirtschaft-und-permakultur-podium-am-13-september-2022\/#primaryimage"},"thumbnailUrl":"https:\/\/permakultur-landwirtschaft.org\/wp-content\/uploads\/2022\/09\/20220913_erneuerbar.jpg","datePublished":"2022-09-13T17:00:00+00:00","dateModified":"2022-09-13T19:57:34+00:00","breadcrumb":{"@id":"https:\/\/permakultur-landwirtschaft.org\/boden-gut-machen-regenerative-landwirtschaft-und-permakultur-podium-am-13-september-2022\/#breadcrumb"},"inLanguage":"fr-FR","potentialAction":[{"@type":"ReadAction","target":["https:\/\/permakultur-landwirtschaft.org\/boden-gut-machen-regenerative-landwirtschaft-und-permakultur-podium-am-13-september-2022\/"]}]},{"@type":"ImageObject","inLanguage":"fr-FR","@id":"https:\/\/permakultur-landwirtschaft.org\/boden-gut-machen-regenerative-landwirtschaft-und-permakultur-podium-am-13-september-2022\/#primaryimage","url":"https:\/\/permakultur-landwirtschaft.org\/wp-content\/uploads\/2022\/09\/20220913_erneuerbar.jpg","contentUrl":"https:\/\/permakultur-landwirtschaft.org\/wp-content\/uploads\/2022\/09\/20220913_erneuerbar.jpg","width":511,"height":324},{"@type":"BreadcrumbList","@id":"https:\/\/permakultur-landwirtschaft.org\/boden-gut-machen-regenerative-landwirtschaft-und-permakultur-podium-am-13-september-2022\/#breadcrumb","itemListElement":[{"@type":"ListItem","position":1,"name":"Startseite","item":"https:\/\/permakultur-landwirtschaft.org\/"},{"@type":"ListItem","position":2,"name":"Boden gut machen: regenerative Landwirtschaft und Permakultur &#8211; Podium am 13. September 2022"}]},{"@type":"WebSite","@id":"https:\/\/permakultur-landwirtschaft.org\/#website","url":"https:\/\/permakultur-landwirtschaft.org\/","name":"Permakultur-Landwirtschaft","description":"F\u00f6rderung der Permakultur in der Landwirtschaft","publisher":{"@id":"https:\/\/permakultur-landwirtschaft.org\/#organization"},"potentialAction":[{"@type":"SearchAction","target":{"@type":"EntryPoint","urlTemplate":"https:\/\/permakultur-landwirtschaft.org\/?s={search_term_string}"},"query-input":{"@type":"PropertyValueSpecification","valueRequired":true,"valueName":"search_term_string"}}],"inLanguage":"fr-FR"},{"@type":"Organization","@id":"https:\/\/permakultur-landwirtschaft.org\/#organization","name":"Permakultur-Landwirtschaft","alternateName":"Verein Permakultur-Landwirtschaft","url":"https:\/\/permakultur-landwirtschaft.org\/","logo":{"@type":"ImageObject","inLanguage":"fr-FR","@id":"https:\/\/permakultur-landwirtschaft.org\/#\/schema\/logo\/image\/","url":"https:\/\/permakultur-landwirtschaft.org\/wp-content\/uploads\/2021\/11\/pela_1268x1269.png","contentUrl":"https:\/\/permakultur-landwirtschaft.org\/wp-content\/uploads\/2021\/11\/pela_1268x1269.png","width":1298,"height":1269,"caption":"Permakultur-Landwirtschaft"},"image":{"@id":"https:\/\/permakultur-landwirtschaft.org\/#\/schema\/logo\/image\/"},"sameAs":["https:\/\/www.facebook.com\/PermakulturLandwirtschaft","https:\/\/www.instagram.com\/permakultur_landwirtschaft\/","https:\/\/www.flickr.com\/photos\/permakultur-landwirtschaft","https:\/\/www.youtube.com\/@PermakulturLandwirtschaft"]},{"@type":"Person","@id":"https:\/\/permakultur-landwirtschaft.org\/#\/schema\/person\/6b0467872f75aed3e144093f9bf4f0b0","name":"adrian reutimann","url":"https:\/\/permakultur-landwirtschaft.org\/fr\/author\/reutiadr\/"}]}},"_links":{"self":[{"href":"https:\/\/permakultur-landwirtschaft.org\/fr\/wp-json\/wp\/v2\/posts\/24277","targetHints":{"allow":["GET"]}}],"collection":[{"href":"https:\/\/permakultur-landwirtschaft.org\/fr\/wp-json\/wp\/v2\/posts"}],"about":[{"href":"https:\/\/permakultur-landwirtschaft.org\/fr\/wp-json\/wp\/v2\/types\/post"}],"author":[{"embeddable":true,"href":"https:\/\/permakultur-landwirtschaft.org\/fr\/wp-json\/wp\/v2\/users\/2"}],"replies":[{"embeddable":true,"href":"https:\/\/permakultur-landwirtschaft.org\/fr\/wp-json\/wp\/v2\/comments?post=24277"}],"version-history":[{"count":1,"href":"https:\/\/permakultur-landwirtschaft.org\/fr\/wp-json\/wp\/v2\/posts\/24277\/revisions"}],"predecessor-version":[{"id":24279,"href":"https:\/\/permakultur-landwirtschaft.org\/fr\/wp-json\/wp\/v2\/posts\/24277\/revisions\/24279"}],"wp:featuredmedia":[{"embeddable":true,"href":"https:\/\/permakultur-landwirtschaft.org\/fr\/wp-json\/wp\/v2\/media\/24278"}],"wp:attachment":[{"href":"https:\/\/permakultur-landwirtschaft.org\/fr\/wp-json\/wp\/v2\/media?parent=24277"}],"wp:term":[{"taxonomy":"category","embeddable":true,"href":"https:\/\/permakultur-landwirtschaft.org\/fr\/wp-json\/wp\/v2\/categories?post=24277"},{"taxonomy":"post_tag","embeddable":true,"href":"https:\/\/permakultur-landwirtschaft.org\/fr\/wp-json\/wp\/v2\/tags?post=24277"}],"curies":[{"name":"wp","href":"https:\/\/api.w.org\/{rel}","templated":true}]}}