{"id":24081,"date":"2022-10-18T14:41:00","date_gmt":"2022-10-18T12:41:00","guid":{"rendered":"https:\/\/permakultur-landwirtschaft.org\/?p=24081"},"modified":"2022-10-19T10:45:34","modified_gmt":"2022-10-19T08:45:34","slug":"permakultur-erleben-kurs-auf-dem-birchhof-am-18-oktober-2022","status":"publish","type":"post","link":"https:\/\/permakultur-landwirtschaft.org\/fr\/permakultur-erleben-kurs-auf-dem-birchhof-am-18-oktober-2022\/","title":{"rendered":"Permakultur erleben &#8211; Kurs auf dem Birchhof am 18. Oktober 2022"},"content":{"rendered":"<p>Text von inforama.ch:<br>An diesem Kurstag haben wir die M\u00f6glichkeit, Permakultur mit allen Sinnen zu erleben. Wir werden Bereiche wie Humusaufbau, N\u00fctzlinge und Agroforst f\u00fchlend, riechend, beobachtend erkunden und uns dar\u00fcber austauschen.<\/p>\n\n\n\n<p>Neben der Sinneserfahrung erz\u00e4hlen Roger G\u00fcndel, der Betriebsleiter des Birchhofs und Sabrina Volkart, die Bewirtschafterin und H\u00fcterin der Permakultur-Pionierfl\u00e4che, \u00fcber ihre Zusammenarbeit, Methoden und Erfahrungen auf dem Weg, einen bestehenden Hof sukzessive in eine Permakultur \u00fcberzuf\u00fchren.<\/p>\n\n\n\n<p>Weiter gibt es Ausf\u00fchrungen zur Art der Bewirtschaftung, zum Erschaffen von sozialen Netzwerken, den unterschiedlichen Formen der Direktvermarktung und viel Raum f\u00fcr Fragen.<\/p>\n\n\n\n<p>Auf dem Birchhof wurde 2013 eine Fl\u00e4che von rund 1ha als Permakultur Pionier-Fl\u00e4che definiert, mit dem Ziel das erfahrene Wissen auf dem ganzen Betrieb zu integrieren. Unterdessen ern\u00e4hrt die F\u00fclle des entstehenden Waldgartens eine Person finaziell, ist Oase und f\u00fcr viele Menschen die Permakultur praktisch lernen m\u00f6chten und bietet Lebensraum f\u00fcr unz\u00e4hlige Tiere. Der gesamte biodynamische Birchhof umfasst insgesamt 14ha.<\/p>\n\n\n\n<p><strong>Date<\/strong><br>18. Oktober 2022<\/p>\n\n\n\n<p><strong>Lieu<br><\/strong>Birchhof<br>Birchhaustrasse 593<br>8966 Oberwil-Lieli AG<br><a rel=\"noreferrer noopener\" href=\"https:\/\/www.bio-birchhof.ch\/\" target=\"_blank\">www.bio-birchhof.ch<\/a><\/p>\n\n\n\n<p>Infos zum Anlass unter diesem Link: <a href=\"https:\/\/www.inforama.ch\/kurse#\/weiterbildung\/biolandbau\/26557\" target=\"_blank\" rel=\"noreferrer noopener\">www.inforama.ch\/kurse#\/weiterbildung\/biolandbau\/26557<\/a><\/p>\n\n\n\n<figure class=\"wp-block-image size-full\"><a href=\"https:\/\/www.inforama.ch\/kurse#\/weiterbildung\/biolandbau\/26557\" target=\"_blank\" rel=\"noreferrer noopener\"><img fetchpriority=\"high\" decoding=\"async\" width=\"700\" height=\"525\" src=\"https:\/\/permakultur-landwirtschaft.org\/wp-content\/uploads\/2022\/08\/Permakultur_erleben_Birchhof_IMG_3093.jpeg\" alt=\"\" class=\"wp-image-24082\" srcset=\"https:\/\/permakultur-landwirtschaft.org\/wp-content\/uploads\/2022\/08\/Permakultur_erleben_Birchhof_IMG_3093.jpeg 700w, https:\/\/permakultur-landwirtschaft.org\/wp-content\/uploads\/2022\/08\/Permakultur_erleben_Birchhof_IMG_3093-300x225.jpeg 300w\" sizes=\"(max-width: 700px) 100vw, 700px\" \/><\/a><figcaption>Quelle: permakultur-jetzt.ch<\/figcaption><\/figure>\n\n\n\n<hr class=\"wp-block-separator has-alpha-channel-opacity\"\/>\n\n\n\n<h3 class=\"wp-block-heading\"><a href=\"https:\/\/permakultur-landwirtschaft.org\/fr\/veranstaltungen\/\">Hier geht&#8217;s zur \u00dcbersicht aktuelle Veranstaltungen<\/a><\/h3>","protected":false},"excerpt":{"rendered":"<p>Text von inforama.ch:An diesem Kurstag haben wir die M\u00f6glichkeit, Permakultur mit allen Sinnen zu erleben. Wir werden Bereiche wie Humusaufbau, N\u00fctzlinge und Agroforst f\u00fchlend, riechend, beobachtend erkunden und uns dar\u00fcber austauschen. Neben der Sinneserfahrung erz\u00e4hlen Roger G\u00fcndel, der Betriebsleiter des Birchhofs und Sabrina Volkart, die Bewirtschafterin und H\u00fcterin der Permakultur-Pionierfl\u00e4che, \u00fcber ihre Zusammenarbeit, Methoden und [&hellip;]<\/p>\n","protected":false},"author":2,"featured_media":24082,"comment_status":"closed","ping_status":"closed","sticky":false,"template":"","format":"standard","meta":{"_acf_changed":false,"site-sidebar-layout":"default","site-content-layout":"","ast-site-content-layout":"default","site-content-style":"default","site-sidebar-style":"default","ast-global-header-display":"","ast-banner-title-visibility":"","ast-main-header-display":"","ast-hfb-above-header-display":"","ast-hfb-below-header-display":"","ast-hfb-mobile-header-display":"","site-post-title":"","ast-breadcrumbs-content":"","ast-featured-img":"","footer-sml-layout":"","ast-disable-related-posts":"","theme-transparent-header-meta":"","adv-header-id-meta":"","stick-header-meta":"","header-above-stick-meta":"","header-main-stick-meta":"","header-below-stick-meta":"","astra-migrate-meta-layouts":"default","ast-page-background-enabled":"default","ast-page-background-meta":{"desktop":{"background-color":"var(--ast-global-color-4)","background-image":"","background-repeat":"repeat","background-position":"center center","background-size":"auto","background-attachment":"scroll","background-type":"","background-media":"","overlay-type":"","overlay-color":"","overlay-opacity":"","overlay-gradient":""},"tablet":{"background-color":"","background-image":"","background-repeat":"repeat","background-position":"center center","background-size":"auto","background-attachment":"scroll","background-type":"","background-media":"","overlay-type":"","overlay-color":"","overlay-opacity":"","overlay-gradient":""},"mobile":{"background-color":"","background-image":"","background-repeat":"repeat","background-position":"center center","background-size":"auto","background-attachment":"scroll","background-type":"","background-media":"","overlay-type":"","overlay-color":"","overlay-opacity":"","overlay-gradient":""}},"ast-content-background-meta":{"desktop":{"background-color":"var(--ast-global-color-5)","background-image":"","background-repeat":"repeat","background-position":"center center","background-size":"auto","background-attachment":"scroll","background-type":"","background-media":"","overlay-type":"","overlay-color":"","overlay-opacity":"","overlay-gradient":""},"tablet":{"background-color":"var(--ast-global-color-5)","background-image":"","background-repeat":"repeat","background-position":"center center","background-size":"auto","background-attachment":"scroll","background-type":"","background-media":"","overlay-type":"","overlay-color":"","overlay-opacity":"","overlay-gradient":""},"mobile":{"background-color":"var(--ast-global-color-5)","background-image":"","background-repeat":"repeat","background-position":"center center","background-size":"auto","background-attachment":"scroll","background-type":"","background-media":"","overlay-type":"","overlay-color":"","overlay-opacity":"","overlay-gradient":""}},"footnotes":""},"categories":[21],"tags":[],"class_list":["post-24081","post","type-post","status-publish","format-standard","has-post-thumbnail","hentry","category-veranstaltungen_archiv"],"acf":[],"yoast_head":"<!-- This site is optimized with the Yoast SEO plugin v27.5 - https:\/\/yoast.com\/product\/yoast-seo-wordpress\/ -->\n<title>Permakultur erleben - Kurs auf dem Birchhof am 18. Oktober 2022 - Permakultur-Landwirtschaft<\/title>\n<meta name=\"robots\" content=\"index, follow, max-snippet:-1, max-image-preview:large, max-video-preview:-1\" \/>\n<link rel=\"canonical\" href=\"https:\/\/permakultur-landwirtschaft.org\/fr\/permakultur-erleben-kurs-auf-dem-birchhof-am-18-oktober-2022\/\" \/>\n<meta property=\"og:locale\" content=\"fr_FR\" \/>\n<meta property=\"og:type\" content=\"article\" \/>\n<meta property=\"og:title\" content=\"Permakultur erleben - Kurs auf dem Birchhof am 18. Oktober 2022 - Permakultur-Landwirtschaft\" \/>\n<meta property=\"og:description\" content=\"Text von inforama.ch:An diesem Kurstag haben wir die M\u00f6glichkeit, Permakultur mit allen Sinnen zu erleben. Wir werden Bereiche wie Humusaufbau, N\u00fctzlinge und Agroforst f\u00fchlend, riechend, beobachtend erkunden und uns dar\u00fcber austauschen. Neben der Sinneserfahrung erz\u00e4hlen Roger G\u00fcndel, der Betriebsleiter des Birchhofs und Sabrina Volkart, die Bewirtschafterin und H\u00fcterin der Permakultur-Pionierfl\u00e4che, \u00fcber ihre Zusammenarbeit, Methoden und [&hellip;]\" \/>\n<meta property=\"og:url\" content=\"https:\/\/permakultur-landwirtschaft.org\/fr\/permakultur-erleben-kurs-auf-dem-birchhof-am-18-oktober-2022\/\" \/>\n<meta property=\"og:site_name\" content=\"Permakultur-Landwirtschaft\" \/>\n<meta property=\"article:publisher\" content=\"https:\/\/www.facebook.com\/PermakulturLandwirtschaft\" \/>\n<meta property=\"article:published_time\" content=\"2022-10-18T12:41:00+00:00\" \/>\n<meta property=\"article:modified_time\" content=\"2022-10-19T08:45:34+00:00\" \/>\n<meta property=\"og:image\" content=\"https:\/\/permakultur-landwirtschaft.org\/wp-content\/uploads\/2022\/08\/Permakultur_erleben_Birchhof_IMG_3093.jpeg\" \/>\n\t<meta property=\"og:image:width\" content=\"700\" \/>\n\t<meta property=\"og:image:height\" content=\"525\" \/>\n\t<meta property=\"og:image:type\" content=\"image\/jpeg\" \/>\n<meta name=\"author\" content=\"adrian reutimann\" \/>\n<meta name=\"twitter:card\" content=\"summary_large_image\" \/>\n<meta name=\"twitter:label1\" content=\"\u00c9crit par\" \/>\n\t<meta name=\"twitter:data1\" content=\"adrian reutimann\" \/>\n\t<meta name=\"twitter:label2\" content=\"Dur\u00e9e de lecture estim\u00e9e\" \/>\n\t<meta name=\"twitter:data2\" content=\"1 minute\" \/>\n<script type=\"application\/ld+json\" class=\"yoast-schema-graph\">{\"@context\":\"https:\\\/\\\/schema.org\",\"@graph\":[{\"@type\":\"Article\",\"@id\":\"https:\\\/\\\/permakultur-landwirtschaft.org\\\/permakultur-erleben-kurs-auf-dem-birchhof-am-18-oktober-2022\\\/#article\",\"isPartOf\":{\"@id\":\"https:\\\/\\\/permakultur-landwirtschaft.org\\\/permakultur-erleben-kurs-auf-dem-birchhof-am-18-oktober-2022\\\/\"},\"author\":{\"name\":\"adrian reutimann\",\"@id\":\"https:\\\/\\\/permakultur-landwirtschaft.org\\\/#\\\/schema\\\/person\\\/6b0467872f75aed3e144093f9bf4f0b0\"},\"headline\":\"Permakultur erleben &#8211; Kurs auf dem Birchhof am 18. Oktober 2022\",\"datePublished\":\"2022-10-18T12:41:00+00:00\",\"dateModified\":\"2022-10-19T08:45:34+00:00\",\"mainEntityOfPage\":{\"@id\":\"https:\\\/\\\/permakultur-landwirtschaft.org\\\/permakultur-erleben-kurs-auf-dem-birchhof-am-18-oktober-2022\\\/\"},\"wordCount\":210,\"publisher\":{\"@id\":\"https:\\\/\\\/permakultur-landwirtschaft.org\\\/#organization\"},\"image\":{\"@id\":\"https:\\\/\\\/permakultur-landwirtschaft.org\\\/permakultur-erleben-kurs-auf-dem-birchhof-am-18-oktober-2022\\\/#primaryimage\"},\"thumbnailUrl\":\"https:\\\/\\\/permakultur-landwirtschaft.org\\\/wp-content\\\/uploads\\\/2022\\\/08\\\/Permakultur_erleben_Birchhof_IMG_3093.jpeg\",\"articleSection\":[\"Veranstaltungen_Archiv\"],\"inLanguage\":\"fr-FR\"},{\"@type\":\"WebPage\",\"@id\":\"https:\\\/\\\/permakultur-landwirtschaft.org\\\/permakultur-erleben-kurs-auf-dem-birchhof-am-18-oktober-2022\\\/\",\"url\":\"https:\\\/\\\/permakultur-landwirtschaft.org\\\/permakultur-erleben-kurs-auf-dem-birchhof-am-18-oktober-2022\\\/\",\"name\":\"Permakultur erleben - Kurs auf dem Birchhof am 18. Oktober 2022 - Permakultur-Landwirtschaft\",\"isPartOf\":{\"@id\":\"https:\\\/\\\/permakultur-landwirtschaft.org\\\/#website\"},\"primaryImageOfPage\":{\"@id\":\"https:\\\/\\\/permakultur-landwirtschaft.org\\\/permakultur-erleben-kurs-auf-dem-birchhof-am-18-oktober-2022\\\/#primaryimage\"},\"image\":{\"@id\":\"https:\\\/\\\/permakultur-landwirtschaft.org\\\/permakultur-erleben-kurs-auf-dem-birchhof-am-18-oktober-2022\\\/#primaryimage\"},\"thumbnailUrl\":\"https:\\\/\\\/permakultur-landwirtschaft.org\\\/wp-content\\\/uploads\\\/2022\\\/08\\\/Permakultur_erleben_Birchhof_IMG_3093.jpeg\",\"datePublished\":\"2022-10-18T12:41:00+00:00\",\"dateModified\":\"2022-10-19T08:45:34+00:00\",\"breadcrumb\":{\"@id\":\"https:\\\/\\\/permakultur-landwirtschaft.org\\\/permakultur-erleben-kurs-auf-dem-birchhof-am-18-oktober-2022\\\/#breadcrumb\"},\"inLanguage\":\"fr-FR\",\"potentialAction\":[{\"@type\":\"ReadAction\",\"target\":[\"https:\\\/\\\/permakultur-landwirtschaft.org\\\/permakultur-erleben-kurs-auf-dem-birchhof-am-18-oktober-2022\\\/\"]}]},{\"@type\":\"ImageObject\",\"inLanguage\":\"fr-FR\",\"@id\":\"https:\\\/\\\/permakultur-landwirtschaft.org\\\/permakultur-erleben-kurs-auf-dem-birchhof-am-18-oktober-2022\\\/#primaryimage\",\"url\":\"https:\\\/\\\/permakultur-landwirtschaft.org\\\/wp-content\\\/uploads\\\/2022\\\/08\\\/Permakultur_erleben_Birchhof_IMG_3093.jpeg\",\"contentUrl\":\"https:\\\/\\\/permakultur-landwirtschaft.org\\\/wp-content\\\/uploads\\\/2022\\\/08\\\/Permakultur_erleben_Birchhof_IMG_3093.jpeg\",\"width\":700,\"height\":525,\"caption\":\"Bild: www.permakultur-jetzt.ch\"},{\"@type\":\"BreadcrumbList\",\"@id\":\"https:\\\/\\\/permakultur-landwirtschaft.org\\\/permakultur-erleben-kurs-auf-dem-birchhof-am-18-oktober-2022\\\/#breadcrumb\",\"itemListElement\":[{\"@type\":\"ListItem\",\"position\":1,\"name\":\"Startseite\",\"item\":\"https:\\\/\\\/permakultur-landwirtschaft.org\\\/\"},{\"@type\":\"ListItem\",\"position\":2,\"name\":\"Permakultur erleben &#8211; Kurs auf dem Birchhof am 18. Oktober 2022\"}]},{\"@type\":\"WebSite\",\"@id\":\"https:\\\/\\\/permakultur-landwirtschaft.org\\\/#website\",\"url\":\"https:\\\/\\\/permakultur-landwirtschaft.org\\\/\",\"name\":\"Permakultur-Landwirtschaft\",\"description\":\"F\u00f6rderung der Permakultur in der Landwirtschaft\",\"publisher\":{\"@id\":\"https:\\\/\\\/permakultur-landwirtschaft.org\\\/#organization\"},\"potentialAction\":[{\"@type\":\"SearchAction\",\"target\":{\"@type\":\"EntryPoint\",\"urlTemplate\":\"https:\\\/\\\/permakultur-landwirtschaft.org\\\/?s={search_term_string}\"},\"query-input\":{\"@type\":\"PropertyValueSpecification\",\"valueRequired\":true,\"valueName\":\"search_term_string\"}}],\"inLanguage\":\"fr-FR\"},{\"@type\":\"Organization\",\"@id\":\"https:\\\/\\\/permakultur-landwirtschaft.org\\\/#organization\",\"name\":\"Permakultur-Landwirtschaft\",\"alternateName\":\"Verein Permakultur-Landwirtschaft\",\"url\":\"https:\\\/\\\/permakultur-landwirtschaft.org\\\/\",\"logo\":{\"@type\":\"ImageObject\",\"inLanguage\":\"fr-FR\",\"@id\":\"https:\\\/\\\/permakultur-landwirtschaft.org\\\/#\\\/schema\\\/logo\\\/image\\\/\",\"url\":\"https:\\\/\\\/permakultur-landwirtschaft.org\\\/wp-content\\\/uploads\\\/2021\\\/11\\\/pela_1268x1269.png\",\"contentUrl\":\"https:\\\/\\\/permakultur-landwirtschaft.org\\\/wp-content\\\/uploads\\\/2021\\\/11\\\/pela_1268x1269.png\",\"width\":1298,\"height\":1269,\"caption\":\"Permakultur-Landwirtschaft\"},\"image\":{\"@id\":\"https:\\\/\\\/permakultur-landwirtschaft.org\\\/#\\\/schema\\\/logo\\\/image\\\/\"},\"sameAs\":[\"https:\\\/\\\/www.facebook.com\\\/PermakulturLandwirtschaft\",\"https:\\\/\\\/www.instagram.com\\\/permakultur_landwirtschaft\\\/\",\"https:\\\/\\\/www.flickr.com\\\/photos\\\/permakultur-landwirtschaft\",\"https:\\\/\\\/www.youtube.com\\\/@PermakulturLandwirtschaft\"]},{\"@type\":\"Person\",\"@id\":\"https:\\\/\\\/permakultur-landwirtschaft.org\\\/#\\\/schema\\\/person\\\/6b0467872f75aed3e144093f9bf4f0b0\",\"name\":\"adrian reutimann\",\"url\":\"https:\\\/\\\/permakultur-landwirtschaft.org\\\/fr\\\/author\\\/reutiadr\\\/\"}]}<\/script>\n<!-- \/ Yoast SEO plugin. -->","yoast_head_json":{"title":"Permakultur erleben - Kurs auf dem Birchhof am 18. Oktober 2022 - Permakultur-Landwirtschaft","robots":{"index":"index","follow":"follow","max-snippet":"max-snippet:-1","max-image-preview":"max-image-preview:large","max-video-preview":"max-video-preview:-1"},"canonical":"https:\/\/permakultur-landwirtschaft.org\/fr\/permakultur-erleben-kurs-auf-dem-birchhof-am-18-oktober-2022\/","og_locale":"fr_FR","og_type":"article","og_title":"Permakultur erleben - Kurs auf dem Birchhof am 18. Oktober 2022 - Permakultur-Landwirtschaft","og_description":"Text von inforama.ch:An diesem Kurstag haben wir die M\u00f6glichkeit, Permakultur mit allen Sinnen zu erleben. Wir werden Bereiche wie Humusaufbau, N\u00fctzlinge und Agroforst f\u00fchlend, riechend, beobachtend erkunden und uns dar\u00fcber austauschen. Neben der Sinneserfahrung erz\u00e4hlen Roger G\u00fcndel, der Betriebsleiter des Birchhofs und Sabrina Volkart, die Bewirtschafterin und H\u00fcterin der Permakultur-Pionierfl\u00e4che, \u00fcber ihre Zusammenarbeit, Methoden und [&hellip;]","og_url":"https:\/\/permakultur-landwirtschaft.org\/fr\/permakultur-erleben-kurs-auf-dem-birchhof-am-18-oktober-2022\/","og_site_name":"Permakultur-Landwirtschaft","article_publisher":"https:\/\/www.facebook.com\/PermakulturLandwirtschaft","article_published_time":"2022-10-18T12:41:00+00:00","article_modified_time":"2022-10-19T08:45:34+00:00","og_image":[{"width":700,"height":525,"url":"https:\/\/permakultur-landwirtschaft.org\/wp-content\/uploads\/2022\/08\/Permakultur_erleben_Birchhof_IMG_3093.jpeg","type":"image\/jpeg"}],"author":"adrian reutimann","twitter_card":"summary_large_image","twitter_misc":{"\u00c9crit par":"adrian reutimann","Dur\u00e9e de lecture estim\u00e9e":"1 minute"},"schema":{"@context":"https:\/\/schema.org","@graph":[{"@type":"Article","@id":"https:\/\/permakultur-landwirtschaft.org\/permakultur-erleben-kurs-auf-dem-birchhof-am-18-oktober-2022\/#article","isPartOf":{"@id":"https:\/\/permakultur-landwirtschaft.org\/permakultur-erleben-kurs-auf-dem-birchhof-am-18-oktober-2022\/"},"author":{"name":"adrian reutimann","@id":"https:\/\/permakultur-landwirtschaft.org\/#\/schema\/person\/6b0467872f75aed3e144093f9bf4f0b0"},"headline":"Permakultur erleben &#8211; Kurs auf dem Birchhof am 18. Oktober 2022","datePublished":"2022-10-18T12:41:00+00:00","dateModified":"2022-10-19T08:45:34+00:00","mainEntityOfPage":{"@id":"https:\/\/permakultur-landwirtschaft.org\/permakultur-erleben-kurs-auf-dem-birchhof-am-18-oktober-2022\/"},"wordCount":210,"publisher":{"@id":"https:\/\/permakultur-landwirtschaft.org\/#organization"},"image":{"@id":"https:\/\/permakultur-landwirtschaft.org\/permakultur-erleben-kurs-auf-dem-birchhof-am-18-oktober-2022\/#primaryimage"},"thumbnailUrl":"https:\/\/permakultur-landwirtschaft.org\/wp-content\/uploads\/2022\/08\/Permakultur_erleben_Birchhof_IMG_3093.jpeg","articleSection":["Veranstaltungen_Archiv"],"inLanguage":"fr-FR"},{"@type":"WebPage","@id":"https:\/\/permakultur-landwirtschaft.org\/permakultur-erleben-kurs-auf-dem-birchhof-am-18-oktober-2022\/","url":"https:\/\/permakultur-landwirtschaft.org\/permakultur-erleben-kurs-auf-dem-birchhof-am-18-oktober-2022\/","name":"Permakultur erleben - Kurs auf dem Birchhof am 18. Oktober 2022 - Permakultur-Landwirtschaft","isPartOf":{"@id":"https:\/\/permakultur-landwirtschaft.org\/#website"},"primaryImageOfPage":{"@id":"https:\/\/permakultur-landwirtschaft.org\/permakultur-erleben-kurs-auf-dem-birchhof-am-18-oktober-2022\/#primaryimage"},"image":{"@id":"https:\/\/permakultur-landwirtschaft.org\/permakultur-erleben-kurs-auf-dem-birchhof-am-18-oktober-2022\/#primaryimage"},"thumbnailUrl":"https:\/\/permakultur-landwirtschaft.org\/wp-content\/uploads\/2022\/08\/Permakultur_erleben_Birchhof_IMG_3093.jpeg","datePublished":"2022-10-18T12:41:00+00:00","dateModified":"2022-10-19T08:45:34+00:00","breadcrumb":{"@id":"https:\/\/permakultur-landwirtschaft.org\/permakultur-erleben-kurs-auf-dem-birchhof-am-18-oktober-2022\/#breadcrumb"},"inLanguage":"fr-FR","potentialAction":[{"@type":"ReadAction","target":["https:\/\/permakultur-landwirtschaft.org\/permakultur-erleben-kurs-auf-dem-birchhof-am-18-oktober-2022\/"]}]},{"@type":"ImageObject","inLanguage":"fr-FR","@id":"https:\/\/permakultur-landwirtschaft.org\/permakultur-erleben-kurs-auf-dem-birchhof-am-18-oktober-2022\/#primaryimage","url":"https:\/\/permakultur-landwirtschaft.org\/wp-content\/uploads\/2022\/08\/Permakultur_erleben_Birchhof_IMG_3093.jpeg","contentUrl":"https:\/\/permakultur-landwirtschaft.org\/wp-content\/uploads\/2022\/08\/Permakultur_erleben_Birchhof_IMG_3093.jpeg","width":700,"height":525,"caption":"Bild: www.permakultur-jetzt.ch"},{"@type":"BreadcrumbList","@id":"https:\/\/permakultur-landwirtschaft.org\/permakultur-erleben-kurs-auf-dem-birchhof-am-18-oktober-2022\/#breadcrumb","itemListElement":[{"@type":"ListItem","position":1,"name":"Startseite","item":"https:\/\/permakultur-landwirtschaft.org\/"},{"@type":"ListItem","position":2,"name":"Permakultur erleben &#8211; Kurs auf dem Birchhof am 18. Oktober 2022"}]},{"@type":"WebSite","@id":"https:\/\/permakultur-landwirtschaft.org\/#website","url":"https:\/\/permakultur-landwirtschaft.org\/","name":"Permakultur-Landwirtschaft","description":"F\u00f6rderung der Permakultur in der Landwirtschaft","publisher":{"@id":"https:\/\/permakultur-landwirtschaft.org\/#organization"},"potentialAction":[{"@type":"SearchAction","target":{"@type":"EntryPoint","urlTemplate":"https:\/\/permakultur-landwirtschaft.org\/?s={search_term_string}"},"query-input":{"@type":"PropertyValueSpecification","valueRequired":true,"valueName":"search_term_string"}}],"inLanguage":"fr-FR"},{"@type":"Organization","@id":"https:\/\/permakultur-landwirtschaft.org\/#organization","name":"Permakultur-Landwirtschaft","alternateName":"Verein Permakultur-Landwirtschaft","url":"https:\/\/permakultur-landwirtschaft.org\/","logo":{"@type":"ImageObject","inLanguage":"fr-FR","@id":"https:\/\/permakultur-landwirtschaft.org\/#\/schema\/logo\/image\/","url":"https:\/\/permakultur-landwirtschaft.org\/wp-content\/uploads\/2021\/11\/pela_1268x1269.png","contentUrl":"https:\/\/permakultur-landwirtschaft.org\/wp-content\/uploads\/2021\/11\/pela_1268x1269.png","width":1298,"height":1269,"caption":"Permakultur-Landwirtschaft"},"image":{"@id":"https:\/\/permakultur-landwirtschaft.org\/#\/schema\/logo\/image\/"},"sameAs":["https:\/\/www.facebook.com\/PermakulturLandwirtschaft","https:\/\/www.instagram.com\/permakultur_landwirtschaft\/","https:\/\/www.flickr.com\/photos\/permakultur-landwirtschaft","https:\/\/www.youtube.com\/@PermakulturLandwirtschaft"]},{"@type":"Person","@id":"https:\/\/permakultur-landwirtschaft.org\/#\/schema\/person\/6b0467872f75aed3e144093f9bf4f0b0","name":"adrian reutimann","url":"https:\/\/permakultur-landwirtschaft.org\/fr\/author\/reutiadr\/"}]}},"_links":{"self":[{"href":"https:\/\/permakultur-landwirtschaft.org\/fr\/wp-json\/wp\/v2\/posts\/24081","targetHints":{"allow":["GET"]}}],"collection":[{"href":"https:\/\/permakultur-landwirtschaft.org\/fr\/wp-json\/wp\/v2\/posts"}],"about":[{"href":"https:\/\/permakultur-landwirtschaft.org\/fr\/wp-json\/wp\/v2\/types\/post"}],"author":[{"embeddable":true,"href":"https:\/\/permakultur-landwirtschaft.org\/fr\/wp-json\/wp\/v2\/users\/2"}],"replies":[{"embeddable":true,"href":"https:\/\/permakultur-landwirtschaft.org\/fr\/wp-json\/wp\/v2\/comments?post=24081"}],"version-history":[{"count":2,"href":"https:\/\/permakultur-landwirtschaft.org\/fr\/wp-json\/wp\/v2\/posts\/24081\/revisions"}],"predecessor-version":[{"id":25490,"href":"https:\/\/permakultur-landwirtschaft.org\/fr\/wp-json\/wp\/v2\/posts\/24081\/revisions\/25490"}],"wp:featuredmedia":[{"embeddable":true,"href":"https:\/\/permakultur-landwirtschaft.org\/fr\/wp-json\/wp\/v2\/media\/24082"}],"wp:attachment":[{"href":"https:\/\/permakultur-landwirtschaft.org\/fr\/wp-json\/wp\/v2\/media?parent=24081"}],"wp:term":[{"taxonomy":"category","embeddable":true,"href":"https:\/\/permakultur-landwirtschaft.org\/fr\/wp-json\/wp\/v2\/categories?post=24081"},{"taxonomy":"post_tag","embeddable":true,"href":"https:\/\/permakultur-landwirtschaft.org\/fr\/wp-json\/wp\/v2\/tags?post=24081"}],"curies":[{"name":"wp","href":"https:\/\/api.w.org\/{rel}","templated":true}]}}