{"id":2341,"date":"2019-02-25T16:48:49","date_gmt":"2019-02-25T15:48:49","guid":{"rendered":"http:\/\/permakultur-landwirtschaft.org\/?p=2341"},"modified":"2020-12-07T16:58:38","modified_gmt":"2020-12-07T15:58:38","slug":"weniger-ist-mehr-artikel-zum-projekt-agroforst-in-der-coop-zeitung-vom-25-februar-2019","status":"publish","type":"post","link":"https:\/\/permakultur-landwirtschaft.org\/fr\/weniger-ist-mehr-artikel-zum-projekt-agroforst-in-der-coop-zeitung-vom-25-februar-2019\/","title":{"rendered":"Weniger ist mehr &#8211; Artikel zum Projekt Agroforst in der Coop Zeitung vom 25. Februar 2019"},"content":{"rendered":"<p>Beitrag \u00fcber Angela und Ueli Gassner in Ipsach die 2018 130 Jungb\u00e4ume gepflanzt haben.<\/p>\n<p>\u00abDie Aufforstung f\u00f6rdert auch die Artenvielfalt, was wiederum die nat\u00fcrliche Widerstandskraft der Anbaufl\u00e4chen st\u00e4rkt.\u00bb Christian Som, WWF<\/p>\n<p><a href=\"https:\/\/www.coopzeitung.ch\/themen\/fokus-coop\/taten-statt-worte\/2019\/weniger-ist-mehr-192677\/\" target=\"_blank\" rel=\"noopener noreferrer\">Link zum Artikel in der Coop Zeitung: www.coopzeitung.ch\/themen\/fokus-coop\/taten-statt-worte\/2019\/weniger-ist-mehr-192677\/<\/a><\/p>\n<h6><a href=\"https:\/\/www.coopzeitung.ch\/themen\/fokus-coop\/taten-statt-worte\/2019\/weniger-ist-mehr-192677\/\" target=\"_blank\" rel=\"noopener noreferrer\"><img fetchpriority=\"high\" decoding=\"async\" class=\"alignleft size-full wp-image-2342\" src=\"https:\/\/permakultur-landwirtschaft.org\/wp-content\/uploads\/2020\/12\/ueli-gassner-coop.jpg\" alt=\"\" width=\"1046\" height=\"569\" \/><\/a><br \/>\nBild: Mischa Christen<span class=\"image-description__author-single\" data-v-38608a3f=\"\" data-nzz-tid=\"image-description-author\"><br \/>\n<\/span><\/h6>\n<h3><a href=\"https:\/\/permakultur-landwirtschaft.org\/fr\/medien\/\">Hier geht&#8217;s zur \u00dcbersicht aller Neuigkeiten <\/a><\/h3>","protected":false},"excerpt":{"rendered":"<p>Beitrag \u00fcber Angela und Ueli Gassner in Ipsach die 2018 130 Jungb\u00e4ume gepflanzt haben. \u00abDie Aufforstung f\u00f6rdert auch die Artenvielfalt, was wiederum die nat\u00fcrliche Widerstandskraft der Anbaufl\u00e4chen st\u00e4rkt.\u00bb Christian Som, WWF Link zum Artikel in der Coop Zeitung: www.coopzeitung.ch\/themen\/fokus-coop\/taten-statt-worte\/2019\/weniger-ist-mehr-192677\/ Bild: Mischa Christen Hier geht&#8217;s zur \u00dcbersicht aller Neuigkeiten<\/p>","protected":false},"author":2,"featured_media":2342,"comment_status":"closed","ping_status":"closed","sticky":false,"template":"","format":"standard","meta":{"_acf_changed":false,"site-sidebar-layout":"default","site-content-layout":"","ast-site-content-layout":"default","site-content-style":"default","site-sidebar-style":"default","ast-global-header-display":"","ast-banner-title-visibility":"","ast-main-header-display":"","ast-hfb-above-header-display":"","ast-hfb-below-header-display":"","ast-hfb-mobile-header-display":"","site-post-title":"","ast-breadcrumbs-content":"","ast-featured-img":"","footer-sml-layout":"","ast-disable-related-posts":"","theme-transparent-header-meta":"","adv-header-id-meta":"","stick-header-meta":"","header-above-stick-meta":"","header-main-stick-meta":"","header-below-stick-meta":"","astra-migrate-meta-layouts":"default","ast-page-background-enabled":"default","ast-page-background-meta":{"desktop":{"background-color":"var(--ast-global-color-4)","background-image":"","background-repeat":"repeat","background-position":"center center","background-size":"auto","background-attachment":"scroll","background-type":"","background-media":"","overlay-type":"","overlay-color":"","overlay-opacity":"","overlay-gradient":""},"tablet":{"background-color":"","background-image":"","background-repeat":"repeat","background-position":"center center","background-size":"auto","background-attachment":"scroll","background-type":"","background-media":"","overlay-type":"","overlay-color":"","overlay-opacity":"","overlay-gradient":""},"mobile":{"background-color":"","background-image":"","background-repeat":"repeat","background-position":"center center","background-size":"auto","background-attachment":"scroll","background-type":"","background-media":"","overlay-type":"","overlay-color":"","overlay-opacity":"","overlay-gradient":""}},"ast-content-background-meta":{"desktop":{"background-color":"var(--ast-global-color-5)","background-image":"","background-repeat":"repeat","background-position":"center center","background-size":"auto","background-attachment":"scroll","background-type":"","background-media":"","overlay-type":"","overlay-color":"","overlay-opacity":"","overlay-gradient":""},"tablet":{"background-color":"var(--ast-global-color-5)","background-image":"","background-repeat":"repeat","background-position":"center center","background-size":"auto","background-attachment":"scroll","background-type":"","background-media":"","overlay-type":"","overlay-color":"","overlay-opacity":"","overlay-gradient":""},"mobile":{"background-color":"var(--ast-global-color-5)","background-image":"","background-repeat":"repeat","background-position":"center center","background-size":"auto","background-attachment":"scroll","background-type":"","background-media":"","overlay-type":"","overlay-color":"","overlay-opacity":"","overlay-gradient":""}},"footnotes":""},"categories":[22],"tags":[],"class_list":["post-2341","post","type-post","status-publish","format-standard","has-post-thumbnail","hentry","category-neuigkeit"],"acf":[],"yoast_head":"<!-- This site is optimized with the Yoast SEO plugin v27.5 - https:\/\/yoast.com\/product\/yoast-seo-wordpress\/ -->\n<title>Weniger ist mehr - Artikel zum Projekt Agroforst in der Coop Zeitung vom 25. Februar 2019 - Permakultur-Landwirtschaft<\/title>\n<meta name=\"robots\" content=\"index, follow, max-snippet:-1, max-image-preview:large, max-video-preview:-1\" \/>\n<link rel=\"canonical\" href=\"https:\/\/permakultur-landwirtschaft.org\/fr\/weniger-ist-mehr-artikel-zum-projekt-agroforst-in-der-coop-zeitung-vom-25-februar-2019\/\" \/>\n<meta property=\"og:locale\" content=\"fr_FR\" \/>\n<meta property=\"og:type\" content=\"article\" \/>\n<meta property=\"og:title\" content=\"Weniger ist mehr - Artikel zum Projekt Agroforst in der Coop Zeitung vom 25. Februar 2019 - Permakultur-Landwirtschaft\" \/>\n<meta property=\"og:description\" content=\"Beitrag \u00fcber Angela und Ueli Gassner in Ipsach die 2018 130 Jungb\u00e4ume gepflanzt haben. \u00abDie Aufforstung f\u00f6rdert auch die Artenvielfalt, was wiederum die nat\u00fcrliche Widerstandskraft der Anbaufl\u00e4chen st\u00e4rkt.\u00bb Christian Som, WWF Link zum Artikel in der Coop Zeitung: www.coopzeitung.ch\/themen\/fokus-coop\/taten-statt-worte\/2019\/weniger-ist-mehr-192677\/ Bild: Mischa Christen Hier geht&#8217;s zur \u00dcbersicht aller Neuigkeiten\" \/>\n<meta property=\"og:url\" content=\"https:\/\/permakultur-landwirtschaft.org\/fr\/weniger-ist-mehr-artikel-zum-projekt-agroforst-in-der-coop-zeitung-vom-25-februar-2019\/\" \/>\n<meta property=\"og:site_name\" content=\"Permakultur-Landwirtschaft\" \/>\n<meta property=\"article:publisher\" content=\"https:\/\/www.facebook.com\/PermakulturLandwirtschaft\" \/>\n<meta property=\"article:published_time\" content=\"2019-02-25T15:48:49+00:00\" \/>\n<meta property=\"article:modified_time\" content=\"2020-12-07T15:58:38+00:00\" \/>\n<meta property=\"og:image\" content=\"http:\/\/permakultur-landwirtschaft.org\/wp-content\/uploads\/2020\/12\/ueli-gassner-coop.jpg\" \/>\n\t<meta property=\"og:image:width\" content=\"400\" \/>\n\t<meta property=\"og:image:height\" content=\"218\" \/>\n\t<meta property=\"og:image:type\" content=\"image\/jpeg\" \/>\n<meta name=\"author\" content=\"adrian reutimann\" \/>\n<meta name=\"twitter:card\" content=\"summary_large_image\" \/>\n<meta name=\"twitter:label1\" content=\"\u00c9crit par\" \/>\n\t<meta name=\"twitter:data1\" content=\"adrian reutimann\" \/>\n<script type=\"application\/ld+json\" class=\"yoast-schema-graph\">{\"@context\":\"https:\\\/\\\/schema.org\",\"@graph\":[{\"@type\":\"Article\",\"@id\":\"https:\\\/\\\/permakultur-landwirtschaft.org\\\/weniger-ist-mehr-artikel-zum-projekt-agroforst-in-der-coop-zeitung-vom-25-februar-2019\\\/#article\",\"isPartOf\":{\"@id\":\"https:\\\/\\\/permakultur-landwirtschaft.org\\\/weniger-ist-mehr-artikel-zum-projekt-agroforst-in-der-coop-zeitung-vom-25-februar-2019\\\/\"},\"author\":{\"name\":\"adrian reutimann\",\"@id\":\"https:\\\/\\\/permakultur-landwirtschaft.org\\\/#\\\/schema\\\/person\\\/6b0467872f75aed3e144093f9bf4f0b0\"},\"headline\":\"Weniger ist mehr &#8211; Artikel zum Projekt Agroforst in der Coop Zeitung vom 25. Februar 2019\",\"datePublished\":\"2019-02-25T15:48:49+00:00\",\"dateModified\":\"2020-12-07T15:58:38+00:00\",\"mainEntityOfPage\":{\"@id\":\"https:\\\/\\\/permakultur-landwirtschaft.org\\\/weniger-ist-mehr-artikel-zum-projekt-agroforst-in-der-coop-zeitung-vom-25-februar-2019\\\/\"},\"wordCount\":72,\"publisher\":{\"@id\":\"https:\\\/\\\/permakultur-landwirtschaft.org\\\/#organization\"},\"image\":{\"@id\":\"https:\\\/\\\/permakultur-landwirtschaft.org\\\/weniger-ist-mehr-artikel-zum-projekt-agroforst-in-der-coop-zeitung-vom-25-februar-2019\\\/#primaryimage\"},\"thumbnailUrl\":\"https:\\\/\\\/permakultur-landwirtschaft.org\\\/wp-content\\\/uploads\\\/2020\\\/12\\\/ueli-gassner-coop-e1607356353779.jpg\",\"articleSection\":[\"Neuigkeit\"],\"inLanguage\":\"fr-FR\"},{\"@type\":\"WebPage\",\"@id\":\"https:\\\/\\\/permakultur-landwirtschaft.org\\\/weniger-ist-mehr-artikel-zum-projekt-agroforst-in-der-coop-zeitung-vom-25-februar-2019\\\/\",\"url\":\"https:\\\/\\\/permakultur-landwirtschaft.org\\\/weniger-ist-mehr-artikel-zum-projekt-agroforst-in-der-coop-zeitung-vom-25-februar-2019\\\/\",\"name\":\"Weniger ist mehr - Artikel zum Projekt Agroforst in der Coop Zeitung vom 25. Februar 2019 - Permakultur-Landwirtschaft\",\"isPartOf\":{\"@id\":\"https:\\\/\\\/permakultur-landwirtschaft.org\\\/#website\"},\"primaryImageOfPage\":{\"@id\":\"https:\\\/\\\/permakultur-landwirtschaft.org\\\/weniger-ist-mehr-artikel-zum-projekt-agroforst-in-der-coop-zeitung-vom-25-februar-2019\\\/#primaryimage\"},\"image\":{\"@id\":\"https:\\\/\\\/permakultur-landwirtschaft.org\\\/weniger-ist-mehr-artikel-zum-projekt-agroforst-in-der-coop-zeitung-vom-25-februar-2019\\\/#primaryimage\"},\"thumbnailUrl\":\"https:\\\/\\\/permakultur-landwirtschaft.org\\\/wp-content\\\/uploads\\\/2020\\\/12\\\/ueli-gassner-coop-e1607356353779.jpg\",\"datePublished\":\"2019-02-25T15:48:49+00:00\",\"dateModified\":\"2020-12-07T15:58:38+00:00\",\"breadcrumb\":{\"@id\":\"https:\\\/\\\/permakultur-landwirtschaft.org\\\/weniger-ist-mehr-artikel-zum-projekt-agroforst-in-der-coop-zeitung-vom-25-februar-2019\\\/#breadcrumb\"},\"inLanguage\":\"fr-FR\",\"potentialAction\":[{\"@type\":\"ReadAction\",\"target\":[\"https:\\\/\\\/permakultur-landwirtschaft.org\\\/weniger-ist-mehr-artikel-zum-projekt-agroforst-in-der-coop-zeitung-vom-25-februar-2019\\\/\"]}]},{\"@type\":\"ImageObject\",\"inLanguage\":\"fr-FR\",\"@id\":\"https:\\\/\\\/permakultur-landwirtschaft.org\\\/weniger-ist-mehr-artikel-zum-projekt-agroforst-in-der-coop-zeitung-vom-25-februar-2019\\\/#primaryimage\",\"url\":\"https:\\\/\\\/permakultur-landwirtschaft.org\\\/wp-content\\\/uploads\\\/2020\\\/12\\\/ueli-gassner-coop-e1607356353779.jpg\",\"contentUrl\":\"https:\\\/\\\/permakultur-landwirtschaft.org\\\/wp-content\\\/uploads\\\/2020\\\/12\\\/ueli-gassner-coop-e1607356353779.jpg\",\"width\":400,\"height\":218},{\"@type\":\"BreadcrumbList\",\"@id\":\"https:\\\/\\\/permakultur-landwirtschaft.org\\\/weniger-ist-mehr-artikel-zum-projekt-agroforst-in-der-coop-zeitung-vom-25-februar-2019\\\/#breadcrumb\",\"itemListElement\":[{\"@type\":\"ListItem\",\"position\":1,\"name\":\"Startseite\",\"item\":\"https:\\\/\\\/permakultur-landwirtschaft.org\\\/\"},{\"@type\":\"ListItem\",\"position\":2,\"name\":\"Weniger ist mehr &#8211; Artikel zum Projekt Agroforst in der Coop Zeitung vom 25. Februar 2019\"}]},{\"@type\":\"WebSite\",\"@id\":\"https:\\\/\\\/permakultur-landwirtschaft.org\\\/#website\",\"url\":\"https:\\\/\\\/permakultur-landwirtschaft.org\\\/\",\"name\":\"Permakultur-Landwirtschaft\",\"description\":\"F\u00f6rderung der Permakultur in der Landwirtschaft\",\"publisher\":{\"@id\":\"https:\\\/\\\/permakultur-landwirtschaft.org\\\/#organization\"},\"potentialAction\":[{\"@type\":\"SearchAction\",\"target\":{\"@type\":\"EntryPoint\",\"urlTemplate\":\"https:\\\/\\\/permakultur-landwirtschaft.org\\\/?s={search_term_string}\"},\"query-input\":{\"@type\":\"PropertyValueSpecification\",\"valueRequired\":true,\"valueName\":\"search_term_string\"}}],\"inLanguage\":\"fr-FR\"},{\"@type\":\"Organization\",\"@id\":\"https:\\\/\\\/permakultur-landwirtschaft.org\\\/#organization\",\"name\":\"Permakultur-Landwirtschaft\",\"alternateName\":\"Verein Permakultur-Landwirtschaft\",\"url\":\"https:\\\/\\\/permakultur-landwirtschaft.org\\\/\",\"logo\":{\"@type\":\"ImageObject\",\"inLanguage\":\"fr-FR\",\"@id\":\"https:\\\/\\\/permakultur-landwirtschaft.org\\\/#\\\/schema\\\/logo\\\/image\\\/\",\"url\":\"https:\\\/\\\/permakultur-landwirtschaft.org\\\/wp-content\\\/uploads\\\/2021\\\/11\\\/pela_1268x1269.png\",\"contentUrl\":\"https:\\\/\\\/permakultur-landwirtschaft.org\\\/wp-content\\\/uploads\\\/2021\\\/11\\\/pela_1268x1269.png\",\"width\":1298,\"height\":1269,\"caption\":\"Permakultur-Landwirtschaft\"},\"image\":{\"@id\":\"https:\\\/\\\/permakultur-landwirtschaft.org\\\/#\\\/schema\\\/logo\\\/image\\\/\"},\"sameAs\":[\"https:\\\/\\\/www.facebook.com\\\/PermakulturLandwirtschaft\",\"https:\\\/\\\/www.instagram.com\\\/permakultur_landwirtschaft\\\/\",\"https:\\\/\\\/www.flickr.com\\\/photos\\\/permakultur-landwirtschaft\",\"https:\\\/\\\/www.youtube.com\\\/@PermakulturLandwirtschaft\"]},{\"@type\":\"Person\",\"@id\":\"https:\\\/\\\/permakultur-landwirtschaft.org\\\/#\\\/schema\\\/person\\\/6b0467872f75aed3e144093f9bf4f0b0\",\"name\":\"adrian reutimann\",\"url\":\"https:\\\/\\\/permakultur-landwirtschaft.org\\\/fr\\\/author\\\/reutiadr\\\/\"}]}<\/script>\n<!-- \/ Yoast SEO plugin. -->","yoast_head_json":{"title":"Weniger ist mehr - Artikel zum Projekt Agroforst in der Coop Zeitung vom 25. Februar 2019 - Permakultur-Landwirtschaft","robots":{"index":"index","follow":"follow","max-snippet":"max-snippet:-1","max-image-preview":"max-image-preview:large","max-video-preview":"max-video-preview:-1"},"canonical":"https:\/\/permakultur-landwirtschaft.org\/fr\/weniger-ist-mehr-artikel-zum-projekt-agroforst-in-der-coop-zeitung-vom-25-februar-2019\/","og_locale":"fr_FR","og_type":"article","og_title":"Weniger ist mehr - Artikel zum Projekt Agroforst in der Coop Zeitung vom 25. Februar 2019 - Permakultur-Landwirtschaft","og_description":"Beitrag \u00fcber Angela und Ueli Gassner in Ipsach die 2018 130 Jungb\u00e4ume gepflanzt haben. \u00abDie Aufforstung f\u00f6rdert auch die Artenvielfalt, was wiederum die nat\u00fcrliche Widerstandskraft der Anbaufl\u00e4chen st\u00e4rkt.\u00bb Christian Som, WWF Link zum Artikel in der Coop Zeitung: www.coopzeitung.ch\/themen\/fokus-coop\/taten-statt-worte\/2019\/weniger-ist-mehr-192677\/ Bild: Mischa Christen Hier geht&#8217;s zur \u00dcbersicht aller Neuigkeiten","og_url":"https:\/\/permakultur-landwirtschaft.org\/fr\/weniger-ist-mehr-artikel-zum-projekt-agroforst-in-der-coop-zeitung-vom-25-februar-2019\/","og_site_name":"Permakultur-Landwirtschaft","article_publisher":"https:\/\/www.facebook.com\/PermakulturLandwirtschaft","article_published_time":"2019-02-25T15:48:49+00:00","article_modified_time":"2020-12-07T15:58:38+00:00","og_image":[{"width":400,"height":218,"url":"http:\/\/permakultur-landwirtschaft.org\/wp-content\/uploads\/2020\/12\/ueli-gassner-coop.jpg","type":"image\/jpeg"}],"author":"adrian reutimann","twitter_card":"summary_large_image","twitter_misc":{"\u00c9crit par":"adrian reutimann"},"schema":{"@context":"https:\/\/schema.org","@graph":[{"@type":"Article","@id":"https:\/\/permakultur-landwirtschaft.org\/weniger-ist-mehr-artikel-zum-projekt-agroforst-in-der-coop-zeitung-vom-25-februar-2019\/#article","isPartOf":{"@id":"https:\/\/permakultur-landwirtschaft.org\/weniger-ist-mehr-artikel-zum-projekt-agroforst-in-der-coop-zeitung-vom-25-februar-2019\/"},"author":{"name":"adrian reutimann","@id":"https:\/\/permakultur-landwirtschaft.org\/#\/schema\/person\/6b0467872f75aed3e144093f9bf4f0b0"},"headline":"Weniger ist mehr &#8211; Artikel zum Projekt Agroforst in der Coop Zeitung vom 25. Februar 2019","datePublished":"2019-02-25T15:48:49+00:00","dateModified":"2020-12-07T15:58:38+00:00","mainEntityOfPage":{"@id":"https:\/\/permakultur-landwirtschaft.org\/weniger-ist-mehr-artikel-zum-projekt-agroforst-in-der-coop-zeitung-vom-25-februar-2019\/"},"wordCount":72,"publisher":{"@id":"https:\/\/permakultur-landwirtschaft.org\/#organization"},"image":{"@id":"https:\/\/permakultur-landwirtschaft.org\/weniger-ist-mehr-artikel-zum-projekt-agroforst-in-der-coop-zeitung-vom-25-februar-2019\/#primaryimage"},"thumbnailUrl":"https:\/\/permakultur-landwirtschaft.org\/wp-content\/uploads\/2020\/12\/ueli-gassner-coop-e1607356353779.jpg","articleSection":["Neuigkeit"],"inLanguage":"fr-FR"},{"@type":"WebPage","@id":"https:\/\/permakultur-landwirtschaft.org\/weniger-ist-mehr-artikel-zum-projekt-agroforst-in-der-coop-zeitung-vom-25-februar-2019\/","url":"https:\/\/permakultur-landwirtschaft.org\/weniger-ist-mehr-artikel-zum-projekt-agroforst-in-der-coop-zeitung-vom-25-februar-2019\/","name":"Weniger ist mehr - Artikel zum Projekt Agroforst in der Coop Zeitung vom 25. Februar 2019 - Permakultur-Landwirtschaft","isPartOf":{"@id":"https:\/\/permakultur-landwirtschaft.org\/#website"},"primaryImageOfPage":{"@id":"https:\/\/permakultur-landwirtschaft.org\/weniger-ist-mehr-artikel-zum-projekt-agroforst-in-der-coop-zeitung-vom-25-februar-2019\/#primaryimage"},"image":{"@id":"https:\/\/permakultur-landwirtschaft.org\/weniger-ist-mehr-artikel-zum-projekt-agroforst-in-der-coop-zeitung-vom-25-februar-2019\/#primaryimage"},"thumbnailUrl":"https:\/\/permakultur-landwirtschaft.org\/wp-content\/uploads\/2020\/12\/ueli-gassner-coop-e1607356353779.jpg","datePublished":"2019-02-25T15:48:49+00:00","dateModified":"2020-12-07T15:58:38+00:00","breadcrumb":{"@id":"https:\/\/permakultur-landwirtschaft.org\/weniger-ist-mehr-artikel-zum-projekt-agroforst-in-der-coop-zeitung-vom-25-februar-2019\/#breadcrumb"},"inLanguage":"fr-FR","potentialAction":[{"@type":"ReadAction","target":["https:\/\/permakultur-landwirtschaft.org\/weniger-ist-mehr-artikel-zum-projekt-agroforst-in-der-coop-zeitung-vom-25-februar-2019\/"]}]},{"@type":"ImageObject","inLanguage":"fr-FR","@id":"https:\/\/permakultur-landwirtschaft.org\/weniger-ist-mehr-artikel-zum-projekt-agroforst-in-der-coop-zeitung-vom-25-februar-2019\/#primaryimage","url":"https:\/\/permakultur-landwirtschaft.org\/wp-content\/uploads\/2020\/12\/ueli-gassner-coop-e1607356353779.jpg","contentUrl":"https:\/\/permakultur-landwirtschaft.org\/wp-content\/uploads\/2020\/12\/ueli-gassner-coop-e1607356353779.jpg","width":400,"height":218},{"@type":"BreadcrumbList","@id":"https:\/\/permakultur-landwirtschaft.org\/weniger-ist-mehr-artikel-zum-projekt-agroforst-in-der-coop-zeitung-vom-25-februar-2019\/#breadcrumb","itemListElement":[{"@type":"ListItem","position":1,"name":"Startseite","item":"https:\/\/permakultur-landwirtschaft.org\/"},{"@type":"ListItem","position":2,"name":"Weniger ist mehr &#8211; Artikel zum Projekt Agroforst in der Coop Zeitung vom 25. Februar 2019"}]},{"@type":"WebSite","@id":"https:\/\/permakultur-landwirtschaft.org\/#website","url":"https:\/\/permakultur-landwirtschaft.org\/","name":"Permakultur-Landwirtschaft","description":"F\u00f6rderung der Permakultur in der Landwirtschaft","publisher":{"@id":"https:\/\/permakultur-landwirtschaft.org\/#organization"},"potentialAction":[{"@type":"SearchAction","target":{"@type":"EntryPoint","urlTemplate":"https:\/\/permakultur-landwirtschaft.org\/?s={search_term_string}"},"query-input":{"@type":"PropertyValueSpecification","valueRequired":true,"valueName":"search_term_string"}}],"inLanguage":"fr-FR"},{"@type":"Organization","@id":"https:\/\/permakultur-landwirtschaft.org\/#organization","name":"Permakultur-Landwirtschaft","alternateName":"Verein Permakultur-Landwirtschaft","url":"https:\/\/permakultur-landwirtschaft.org\/","logo":{"@type":"ImageObject","inLanguage":"fr-FR","@id":"https:\/\/permakultur-landwirtschaft.org\/#\/schema\/logo\/image\/","url":"https:\/\/permakultur-landwirtschaft.org\/wp-content\/uploads\/2021\/11\/pela_1268x1269.png","contentUrl":"https:\/\/permakultur-landwirtschaft.org\/wp-content\/uploads\/2021\/11\/pela_1268x1269.png","width":1298,"height":1269,"caption":"Permakultur-Landwirtschaft"},"image":{"@id":"https:\/\/permakultur-landwirtschaft.org\/#\/schema\/logo\/image\/"},"sameAs":["https:\/\/www.facebook.com\/PermakulturLandwirtschaft","https:\/\/www.instagram.com\/permakultur_landwirtschaft\/","https:\/\/www.flickr.com\/photos\/permakultur-landwirtschaft","https:\/\/www.youtube.com\/@PermakulturLandwirtschaft"]},{"@type":"Person","@id":"https:\/\/permakultur-landwirtschaft.org\/#\/schema\/person\/6b0467872f75aed3e144093f9bf4f0b0","name":"adrian reutimann","url":"https:\/\/permakultur-landwirtschaft.org\/fr\/author\/reutiadr\/"}]}},"_links":{"self":[{"href":"https:\/\/permakultur-landwirtschaft.org\/fr\/wp-json\/wp\/v2\/posts\/2341","targetHints":{"allow":["GET"]}}],"collection":[{"href":"https:\/\/permakultur-landwirtschaft.org\/fr\/wp-json\/wp\/v2\/posts"}],"about":[{"href":"https:\/\/permakultur-landwirtschaft.org\/fr\/wp-json\/wp\/v2\/types\/post"}],"author":[{"embeddable":true,"href":"https:\/\/permakultur-landwirtschaft.org\/fr\/wp-json\/wp\/v2\/users\/2"}],"replies":[{"embeddable":true,"href":"https:\/\/permakultur-landwirtschaft.org\/fr\/wp-json\/wp\/v2\/comments?post=2341"}],"version-history":[{"count":1,"href":"https:\/\/permakultur-landwirtschaft.org\/fr\/wp-json\/wp\/v2\/posts\/2341\/revisions"}],"predecessor-version":[{"id":2343,"href":"https:\/\/permakultur-landwirtschaft.org\/fr\/wp-json\/wp\/v2\/posts\/2341\/revisions\/2343"}],"wp:featuredmedia":[{"embeddable":true,"href":"https:\/\/permakultur-landwirtschaft.org\/fr\/wp-json\/wp\/v2\/media\/2342"}],"wp:attachment":[{"href":"https:\/\/permakultur-landwirtschaft.org\/fr\/wp-json\/wp\/v2\/media?parent=2341"}],"wp:term":[{"taxonomy":"category","embeddable":true,"href":"https:\/\/permakultur-landwirtschaft.org\/fr\/wp-json\/wp\/v2\/categories?post=2341"},{"taxonomy":"post_tag","embeddable":true,"href":"https:\/\/permakultur-landwirtschaft.org\/fr\/wp-json\/wp\/v2\/tags?post=2341"}],"curies":[{"name":"wp","href":"https:\/\/api.w.org\/{rel}","templated":true}]}}