{"id":21401,"date":"2022-08-03T14:00:00","date_gmt":"2022-08-03T12:00:00","guid":{"rendered":"https:\/\/permakultur-landwirtschaft.org\/?p=21401"},"modified":"2022-07-22T08:33:44","modified_gmt":"2022-07-22T06:33:44","slug":"permakultur-feldgarten-und-waldgarten-der-hafl-fuehrung-am-03-august-2022","status":"publish","type":"post","link":"https:\/\/permakultur-landwirtschaft.org\/fr\/permakultur-feldgarten-und-waldgarten-der-hafl-fuehrung-am-03-august-2022\/","title":{"rendered":"Permakultur Feldgarten und Waldgarten der HAFL &#8211; F\u00fchrung am 03. August 2022 > abgesagt"},"content":{"rendered":"<p>Text vom INFORAMA:<br>An diesem Halbtag erhalten wir von Tobias Messmer eine F\u00fchrung durch den Permakultur Feldgarten sowie von Daniel Lis eine F\u00fchrung durch den Waldgarten. Beide Permakultur Systeme wurden am Standort der Hochschule f\u00fcr Agrar-, Forst und Lebensmittelwissenschaften HAFL in Zollikofen aufgebaut, um unter anderem Studierenden eine M\u00f6glichkeit zu geben, Permakultur zu erleben und auch zu erforschen. Nach den F\u00fchrungen gibt es die M\u00f6glichkeit, Fragen zu den weiteren HAFL T\u00e4tigkeiten rund um die Permakultur zu stellen.<\/p>\n\n\n\n<p><strong>Co\u00fbts<\/strong><br>Kostenfrei dank Unterst\u00fctzung der Kompetenzplattform Permakultur-Landwirtschaft<\/p>\n\n\n\n<p><strong>Date<\/strong><br>03. August 2022<\/p>\n\n\n\n<p><strong>Lieu<br><\/strong>Haute \u00e9cole des sciences Agronomiques, Foresti\u00e8res et Alimentaires (HAFL)<br>L\u00e4nggasse 85<br>3052 Zollikofen<br>Treffpunkt Pavillon bei Swimming Pool<br><a rel=\"noreferrer noopener\" href=\"https:\/\/www.bfh.ch\/fr\/recherche\/domaines-de-recherche\/permaculture\/\" target=\"_blank\">bfh.ch\/permakultur<\/a><\/p>\n\n\n\n<p>Infos zum Anlass unter diesem Link: <a href=\"https:\/\/www.inforama.ch\/kurse#\/weiterbildung\/biolandbau\/26525\" target=\"_blank\" rel=\"noreferrer noopener\">www.inforama.ch\/kurse#\/weiterbildung\/biolandbau\/26525<\/a><\/p>\n\n\n\n<figure class=\"wp-block-image size-full\"><a href=\"https:\/\/www.inforama.ch\/kurse#\/weiterbildung\/biolandbau\/26525\" target=\"_blank\" rel=\"noreferrer noopener\"><img fetchpriority=\"high\" decoding=\"async\" width=\"700\" height=\"525\" src=\"https:\/\/permakultur-landwirtschaft.org\/wp-content\/uploads\/2022\/07\/feldgarten_hafl_photo_5947180703433210446_y_von_mila.jpg\" alt=\"\" class=\"wp-image-21403\" srcset=\"https:\/\/permakultur-landwirtschaft.org\/wp-content\/uploads\/2022\/07\/feldgarten_hafl_photo_5947180703433210446_y_von_mila.jpg 700w, https:\/\/permakultur-landwirtschaft.org\/wp-content\/uploads\/2022\/07\/feldgarten_hafl_photo_5947180703433210446_y_von_mila-300x225.jpg 300w\" sizes=\"(max-width: 700px) 100vw, 700px\" \/><\/a><figcaption>Quelle: Mila Laager<\/figcaption><\/figure>\n\n\n\n<hr class=\"wp-block-separator has-alpha-channel-opacity\"\/>\n\n\n\n<h3 class=\"wp-block-heading\"><a href=\"https:\/\/permakultur-landwirtschaft.org\/fr\/veranstaltungen\/\">Hier geht&#8217;s zur \u00dcbersicht aktuelle Veranstaltungen<\/a><\/h3>","protected":false},"excerpt":{"rendered":"<p>Text vom INFORAMA:An diesem Halbtag erhalten wir von Tobias Messmer eine F\u00fchrung durch den Permakultur Feldgarten sowie von Daniel Lis eine F\u00fchrung durch den Waldgarten. Beide Permakultur Systeme wurden am Standort der Hochschule f\u00fcr Agrar-, Forst und Lebensmittelwissenschaften HAFL in Zollikofen aufgebaut, um unter anderem Studierenden eine M\u00f6glichkeit zu geben, Permakultur zu erleben und auch [&hellip;]<\/p>\n","protected":false},"author":2,"featured_media":21403,"comment_status":"closed","ping_status":"closed","sticky":false,"template":"","format":"standard","meta":{"_acf_changed":false,"site-sidebar-layout":"default","site-content-layout":"","ast-site-content-layout":"default","site-content-style":"default","site-sidebar-style":"default","ast-global-header-display":"","ast-banner-title-visibility":"","ast-main-header-display":"","ast-hfb-above-header-display":"","ast-hfb-below-header-display":"","ast-hfb-mobile-header-display":"","site-post-title":"","ast-breadcrumbs-content":"","ast-featured-img":"","footer-sml-layout":"","ast-disable-related-posts":"","theme-transparent-header-meta":"","adv-header-id-meta":"","stick-header-meta":"","header-above-stick-meta":"","header-main-stick-meta":"","header-below-stick-meta":"","astra-migrate-meta-layouts":"default","ast-page-background-enabled":"default","ast-page-background-meta":{"desktop":{"background-color":"var(--ast-global-color-4)","background-image":"","background-repeat":"repeat","background-position":"center center","background-size":"auto","background-attachment":"scroll","background-type":"","background-media":"","overlay-type":"","overlay-color":"","overlay-opacity":"","overlay-gradient":""},"tablet":{"background-color":"","background-image":"","background-repeat":"repeat","background-position":"center center","background-size":"auto","background-attachment":"scroll","background-type":"","background-media":"","overlay-type":"","overlay-color":"","overlay-opacity":"","overlay-gradient":""},"mobile":{"background-color":"","background-image":"","background-repeat":"repeat","background-position":"center center","background-size":"auto","background-attachment":"scroll","background-type":"","background-media":"","overlay-type":"","overlay-color":"","overlay-opacity":"","overlay-gradient":""}},"ast-content-background-meta":{"desktop":{"background-color":"var(--ast-global-color-5)","background-image":"","background-repeat":"repeat","background-position":"center center","background-size":"auto","background-attachment":"scroll","background-type":"","background-media":"","overlay-type":"","overlay-color":"","overlay-opacity":"","overlay-gradient":""},"tablet":{"background-color":"var(--ast-global-color-5)","background-image":"","background-repeat":"repeat","background-position":"center center","background-size":"auto","background-attachment":"scroll","background-type":"","background-media":"","overlay-type":"","overlay-color":"","overlay-opacity":"","overlay-gradient":""},"mobile":{"background-color":"var(--ast-global-color-5)","background-image":"","background-repeat":"repeat","background-position":"center center","background-size":"auto","background-attachment":"scroll","background-type":"","background-media":"","overlay-type":"","overlay-color":"","overlay-opacity":"","overlay-gradient":""}},"footnotes":""},"categories":[21],"tags":[],"class_list":["post-21401","post","type-post","status-publish","format-standard","has-post-thumbnail","hentry","category-veranstaltungen_archiv"],"acf":[],"yoast_head":"<!-- This site is optimized with the Yoast SEO plugin v27.5 - https:\/\/yoast.com\/product\/yoast-seo-wordpress\/ -->\n<title>Permakultur Feldgarten und Waldgarten der HAFL - F\u00fchrung am 03. August 2022 &gt; abgesagt - Permakultur-Landwirtschaft<\/title>\n<meta name=\"robots\" content=\"index, follow, max-snippet:-1, max-image-preview:large, max-video-preview:-1\" \/>\n<link rel=\"canonical\" href=\"https:\/\/permakultur-landwirtschaft.org\/fr\/permakultur-feldgarten-und-waldgarten-der-hafl-fuehrung-am-03-august-2022\/\" \/>\n<meta property=\"og:locale\" content=\"fr_FR\" \/>\n<meta property=\"og:type\" content=\"article\" \/>\n<meta property=\"og:title\" content=\"Permakultur Feldgarten und Waldgarten der HAFL - F\u00fchrung am 03. August 2022 &gt; abgesagt - Permakultur-Landwirtschaft\" \/>\n<meta property=\"og:description\" content=\"Text vom INFORAMA:An diesem Halbtag erhalten wir von Tobias Messmer eine F\u00fchrung durch den Permakultur Feldgarten sowie von Daniel Lis eine F\u00fchrung durch den Waldgarten. Beide Permakultur Systeme wurden am Standort der Hochschule f\u00fcr Agrar-, Forst und Lebensmittelwissenschaften HAFL in Zollikofen aufgebaut, um unter anderem Studierenden eine M\u00f6glichkeit zu geben, Permakultur zu erleben und auch [&hellip;]\" \/>\n<meta property=\"og:url\" content=\"https:\/\/permakultur-landwirtschaft.org\/fr\/permakultur-feldgarten-und-waldgarten-der-hafl-fuehrung-am-03-august-2022\/\" \/>\n<meta property=\"og:site_name\" content=\"Permakultur-Landwirtschaft\" \/>\n<meta property=\"article:publisher\" content=\"https:\/\/www.facebook.com\/PermakulturLandwirtschaft\" \/>\n<meta property=\"article:published_time\" content=\"2022-08-03T12:00:00+00:00\" \/>\n<meta property=\"og:image\" content=\"https:\/\/permakultur-landwirtschaft.org\/wp-content\/uploads\/2022\/07\/feldgarten_hafl_photo_5947180703433210446_y_von_mila.jpg\" \/>\n\t<meta property=\"og:image:width\" content=\"700\" \/>\n\t<meta property=\"og:image:height\" content=\"525\" \/>\n\t<meta property=\"og:image:type\" content=\"image\/jpeg\" \/>\n<meta name=\"author\" content=\"adrian reutimann\" \/>\n<meta name=\"twitter:card\" content=\"summary_large_image\" \/>\n<meta name=\"twitter:label1\" content=\"\u00c9crit par\" \/>\n\t<meta name=\"twitter:data1\" content=\"adrian reutimann\" \/>\n\t<meta name=\"twitter:label2\" content=\"Dur\u00e9e de lecture estim\u00e9e\" \/>\n\t<meta name=\"twitter:data2\" content=\"1 minute\" \/>\n<script type=\"application\/ld+json\" class=\"yoast-schema-graph\">{\"@context\":\"https:\\\/\\\/schema.org\",\"@graph\":[{\"@type\":\"Article\",\"@id\":\"https:\\\/\\\/permakultur-landwirtschaft.org\\\/permakultur-feldgarten-und-waldgarten-der-hafl-fuehrung-am-03-august-2022\\\/#article\",\"isPartOf\":{\"@id\":\"https:\\\/\\\/permakultur-landwirtschaft.org\\\/permakultur-feldgarten-und-waldgarten-der-hafl-fuehrung-am-03-august-2022\\\/\"},\"author\":{\"name\":\"adrian reutimann\",\"@id\":\"https:\\\/\\\/permakultur-landwirtschaft.org\\\/#\\\/schema\\\/person\\\/6b0467872f75aed3e144093f9bf4f0b0\"},\"headline\":\"Permakultur Feldgarten und Waldgarten der HAFL &#8211; F\u00fchrung am 03. August 2022 > abgesagt\",\"datePublished\":\"2022-08-03T12:00:00+00:00\",\"mainEntityOfPage\":{\"@id\":\"https:\\\/\\\/permakultur-landwirtschaft.org\\\/permakultur-feldgarten-und-waldgarten-der-hafl-fuehrung-am-03-august-2022\\\/\"},\"wordCount\":146,\"publisher\":{\"@id\":\"https:\\\/\\\/permakultur-landwirtschaft.org\\\/#organization\"},\"image\":{\"@id\":\"https:\\\/\\\/permakultur-landwirtschaft.org\\\/permakultur-feldgarten-und-waldgarten-der-hafl-fuehrung-am-03-august-2022\\\/#primaryimage\"},\"thumbnailUrl\":\"https:\\\/\\\/permakultur-landwirtschaft.org\\\/wp-content\\\/uploads\\\/2022\\\/07\\\/feldgarten_hafl_photo_5947180703433210446_y_von_mila.jpg\",\"articleSection\":[\"Veranstaltungen_Archiv\"],\"inLanguage\":\"fr-FR\"},{\"@type\":\"WebPage\",\"@id\":\"https:\\\/\\\/permakultur-landwirtschaft.org\\\/permakultur-feldgarten-und-waldgarten-der-hafl-fuehrung-am-03-august-2022\\\/\",\"url\":\"https:\\\/\\\/permakultur-landwirtschaft.org\\\/permakultur-feldgarten-und-waldgarten-der-hafl-fuehrung-am-03-august-2022\\\/\",\"name\":\"Permakultur Feldgarten und Waldgarten der HAFL - F\u00fchrung am 03. August 2022 > abgesagt - Permakultur-Landwirtschaft\",\"isPartOf\":{\"@id\":\"https:\\\/\\\/permakultur-landwirtschaft.org\\\/#website\"},\"primaryImageOfPage\":{\"@id\":\"https:\\\/\\\/permakultur-landwirtschaft.org\\\/permakultur-feldgarten-und-waldgarten-der-hafl-fuehrung-am-03-august-2022\\\/#primaryimage\"},\"image\":{\"@id\":\"https:\\\/\\\/permakultur-landwirtschaft.org\\\/permakultur-feldgarten-und-waldgarten-der-hafl-fuehrung-am-03-august-2022\\\/#primaryimage\"},\"thumbnailUrl\":\"https:\\\/\\\/permakultur-landwirtschaft.org\\\/wp-content\\\/uploads\\\/2022\\\/07\\\/feldgarten_hafl_photo_5947180703433210446_y_von_mila.jpg\",\"datePublished\":\"2022-08-03T12:00:00+00:00\",\"breadcrumb\":{\"@id\":\"https:\\\/\\\/permakultur-landwirtschaft.org\\\/permakultur-feldgarten-und-waldgarten-der-hafl-fuehrung-am-03-august-2022\\\/#breadcrumb\"},\"inLanguage\":\"fr-FR\",\"potentialAction\":[{\"@type\":\"ReadAction\",\"target\":[\"https:\\\/\\\/permakultur-landwirtschaft.org\\\/permakultur-feldgarten-und-waldgarten-der-hafl-fuehrung-am-03-august-2022\\\/\"]}]},{\"@type\":\"ImageObject\",\"inLanguage\":\"fr-FR\",\"@id\":\"https:\\\/\\\/permakultur-landwirtschaft.org\\\/permakultur-feldgarten-und-waldgarten-der-hafl-fuehrung-am-03-august-2022\\\/#primaryimage\",\"url\":\"https:\\\/\\\/permakultur-landwirtschaft.org\\\/wp-content\\\/uploads\\\/2022\\\/07\\\/feldgarten_hafl_photo_5947180703433210446_y_von_mila.jpg\",\"contentUrl\":\"https:\\\/\\\/permakultur-landwirtschaft.org\\\/wp-content\\\/uploads\\\/2022\\\/07\\\/feldgarten_hafl_photo_5947180703433210446_y_von_mila.jpg\",\"width\":700,\"height\":525},{\"@type\":\"BreadcrumbList\",\"@id\":\"https:\\\/\\\/permakultur-landwirtschaft.org\\\/permakultur-feldgarten-und-waldgarten-der-hafl-fuehrung-am-03-august-2022\\\/#breadcrumb\",\"itemListElement\":[{\"@type\":\"ListItem\",\"position\":1,\"name\":\"Startseite\",\"item\":\"https:\\\/\\\/permakultur-landwirtschaft.org\\\/\"},{\"@type\":\"ListItem\",\"position\":2,\"name\":\"Permakultur Feldgarten und Waldgarten der HAFL &#8211; F\u00fchrung am 03. August 2022 > abgesagt\"}]},{\"@type\":\"WebSite\",\"@id\":\"https:\\\/\\\/permakultur-landwirtschaft.org\\\/#website\",\"url\":\"https:\\\/\\\/permakultur-landwirtschaft.org\\\/\",\"name\":\"Permakultur-Landwirtschaft\",\"description\":\"F\u00f6rderung der Permakultur in der Landwirtschaft\",\"publisher\":{\"@id\":\"https:\\\/\\\/permakultur-landwirtschaft.org\\\/#organization\"},\"potentialAction\":[{\"@type\":\"SearchAction\",\"target\":{\"@type\":\"EntryPoint\",\"urlTemplate\":\"https:\\\/\\\/permakultur-landwirtschaft.org\\\/?s={search_term_string}\"},\"query-input\":{\"@type\":\"PropertyValueSpecification\",\"valueRequired\":true,\"valueName\":\"search_term_string\"}}],\"inLanguage\":\"fr-FR\"},{\"@type\":\"Organization\",\"@id\":\"https:\\\/\\\/permakultur-landwirtschaft.org\\\/#organization\",\"name\":\"Permakultur-Landwirtschaft\",\"alternateName\":\"Verein Permakultur-Landwirtschaft\",\"url\":\"https:\\\/\\\/permakultur-landwirtschaft.org\\\/\",\"logo\":{\"@type\":\"ImageObject\",\"inLanguage\":\"fr-FR\",\"@id\":\"https:\\\/\\\/permakultur-landwirtschaft.org\\\/#\\\/schema\\\/logo\\\/image\\\/\",\"url\":\"https:\\\/\\\/permakultur-landwirtschaft.org\\\/wp-content\\\/uploads\\\/2021\\\/11\\\/pela_1268x1269.png\",\"contentUrl\":\"https:\\\/\\\/permakultur-landwirtschaft.org\\\/wp-content\\\/uploads\\\/2021\\\/11\\\/pela_1268x1269.png\",\"width\":1298,\"height\":1269,\"caption\":\"Permakultur-Landwirtschaft\"},\"image\":{\"@id\":\"https:\\\/\\\/permakultur-landwirtschaft.org\\\/#\\\/schema\\\/logo\\\/image\\\/\"},\"sameAs\":[\"https:\\\/\\\/www.facebook.com\\\/PermakulturLandwirtschaft\",\"https:\\\/\\\/www.instagram.com\\\/permakultur_landwirtschaft\\\/\",\"https:\\\/\\\/www.flickr.com\\\/photos\\\/permakultur-landwirtschaft\",\"https:\\\/\\\/www.youtube.com\\\/@PermakulturLandwirtschaft\"]},{\"@type\":\"Person\",\"@id\":\"https:\\\/\\\/permakultur-landwirtschaft.org\\\/#\\\/schema\\\/person\\\/6b0467872f75aed3e144093f9bf4f0b0\",\"name\":\"adrian reutimann\",\"url\":\"https:\\\/\\\/permakultur-landwirtschaft.org\\\/fr\\\/author\\\/reutiadr\\\/\"}]}<\/script>\n<!-- \/ Yoast SEO plugin. -->","yoast_head_json":{"title":"Permakultur Feldgarten und Waldgarten der HAFL - F\u00fchrung am 03. August 2022 > abgesagt - Permakultur-Landwirtschaft","robots":{"index":"index","follow":"follow","max-snippet":"max-snippet:-1","max-image-preview":"max-image-preview:large","max-video-preview":"max-video-preview:-1"},"canonical":"https:\/\/permakultur-landwirtschaft.org\/fr\/permakultur-feldgarten-und-waldgarten-der-hafl-fuehrung-am-03-august-2022\/","og_locale":"fr_FR","og_type":"article","og_title":"Permakultur Feldgarten und Waldgarten der HAFL - F\u00fchrung am 03. August 2022 > abgesagt - Permakultur-Landwirtschaft","og_description":"Text vom INFORAMA:An diesem Halbtag erhalten wir von Tobias Messmer eine F\u00fchrung durch den Permakultur Feldgarten sowie von Daniel Lis eine F\u00fchrung durch den Waldgarten. Beide Permakultur Systeme wurden am Standort der Hochschule f\u00fcr Agrar-, Forst und Lebensmittelwissenschaften HAFL in Zollikofen aufgebaut, um unter anderem Studierenden eine M\u00f6glichkeit zu geben, Permakultur zu erleben und auch [&hellip;]","og_url":"https:\/\/permakultur-landwirtschaft.org\/fr\/permakultur-feldgarten-und-waldgarten-der-hafl-fuehrung-am-03-august-2022\/","og_site_name":"Permakultur-Landwirtschaft","article_publisher":"https:\/\/www.facebook.com\/PermakulturLandwirtschaft","article_published_time":"2022-08-03T12:00:00+00:00","og_image":[{"width":700,"height":525,"url":"https:\/\/permakultur-landwirtschaft.org\/wp-content\/uploads\/2022\/07\/feldgarten_hafl_photo_5947180703433210446_y_von_mila.jpg","type":"image\/jpeg"}],"author":"adrian reutimann","twitter_card":"summary_large_image","twitter_misc":{"\u00c9crit par":"adrian reutimann","Dur\u00e9e de lecture estim\u00e9e":"1 minute"},"schema":{"@context":"https:\/\/schema.org","@graph":[{"@type":"Article","@id":"https:\/\/permakultur-landwirtschaft.org\/permakultur-feldgarten-und-waldgarten-der-hafl-fuehrung-am-03-august-2022\/#article","isPartOf":{"@id":"https:\/\/permakultur-landwirtschaft.org\/permakultur-feldgarten-und-waldgarten-der-hafl-fuehrung-am-03-august-2022\/"},"author":{"name":"adrian reutimann","@id":"https:\/\/permakultur-landwirtschaft.org\/#\/schema\/person\/6b0467872f75aed3e144093f9bf4f0b0"},"headline":"Permakultur Feldgarten und Waldgarten der HAFL &#8211; F\u00fchrung am 03. August 2022 > abgesagt","datePublished":"2022-08-03T12:00:00+00:00","mainEntityOfPage":{"@id":"https:\/\/permakultur-landwirtschaft.org\/permakultur-feldgarten-und-waldgarten-der-hafl-fuehrung-am-03-august-2022\/"},"wordCount":146,"publisher":{"@id":"https:\/\/permakultur-landwirtschaft.org\/#organization"},"image":{"@id":"https:\/\/permakultur-landwirtschaft.org\/permakultur-feldgarten-und-waldgarten-der-hafl-fuehrung-am-03-august-2022\/#primaryimage"},"thumbnailUrl":"https:\/\/permakultur-landwirtschaft.org\/wp-content\/uploads\/2022\/07\/feldgarten_hafl_photo_5947180703433210446_y_von_mila.jpg","articleSection":["Veranstaltungen_Archiv"],"inLanguage":"fr-FR"},{"@type":"WebPage","@id":"https:\/\/permakultur-landwirtschaft.org\/permakultur-feldgarten-und-waldgarten-der-hafl-fuehrung-am-03-august-2022\/","url":"https:\/\/permakultur-landwirtschaft.org\/permakultur-feldgarten-und-waldgarten-der-hafl-fuehrung-am-03-august-2022\/","name":"Permakultur Feldgarten und Waldgarten der HAFL - F\u00fchrung am 03. August 2022 > abgesagt - Permakultur-Landwirtschaft","isPartOf":{"@id":"https:\/\/permakultur-landwirtschaft.org\/#website"},"primaryImageOfPage":{"@id":"https:\/\/permakultur-landwirtschaft.org\/permakultur-feldgarten-und-waldgarten-der-hafl-fuehrung-am-03-august-2022\/#primaryimage"},"image":{"@id":"https:\/\/permakultur-landwirtschaft.org\/permakultur-feldgarten-und-waldgarten-der-hafl-fuehrung-am-03-august-2022\/#primaryimage"},"thumbnailUrl":"https:\/\/permakultur-landwirtschaft.org\/wp-content\/uploads\/2022\/07\/feldgarten_hafl_photo_5947180703433210446_y_von_mila.jpg","datePublished":"2022-08-03T12:00:00+00:00","breadcrumb":{"@id":"https:\/\/permakultur-landwirtschaft.org\/permakultur-feldgarten-und-waldgarten-der-hafl-fuehrung-am-03-august-2022\/#breadcrumb"},"inLanguage":"fr-FR","potentialAction":[{"@type":"ReadAction","target":["https:\/\/permakultur-landwirtschaft.org\/permakultur-feldgarten-und-waldgarten-der-hafl-fuehrung-am-03-august-2022\/"]}]},{"@type":"ImageObject","inLanguage":"fr-FR","@id":"https:\/\/permakultur-landwirtschaft.org\/permakultur-feldgarten-und-waldgarten-der-hafl-fuehrung-am-03-august-2022\/#primaryimage","url":"https:\/\/permakultur-landwirtschaft.org\/wp-content\/uploads\/2022\/07\/feldgarten_hafl_photo_5947180703433210446_y_von_mila.jpg","contentUrl":"https:\/\/permakultur-landwirtschaft.org\/wp-content\/uploads\/2022\/07\/feldgarten_hafl_photo_5947180703433210446_y_von_mila.jpg","width":700,"height":525},{"@type":"BreadcrumbList","@id":"https:\/\/permakultur-landwirtschaft.org\/permakultur-feldgarten-und-waldgarten-der-hafl-fuehrung-am-03-august-2022\/#breadcrumb","itemListElement":[{"@type":"ListItem","position":1,"name":"Startseite","item":"https:\/\/permakultur-landwirtschaft.org\/"},{"@type":"ListItem","position":2,"name":"Permakultur Feldgarten und Waldgarten der HAFL &#8211; F\u00fchrung am 03. August 2022 > abgesagt"}]},{"@type":"WebSite","@id":"https:\/\/permakultur-landwirtschaft.org\/#website","url":"https:\/\/permakultur-landwirtschaft.org\/","name":"Permakultur-Landwirtschaft","description":"F\u00f6rderung der Permakultur in der Landwirtschaft","publisher":{"@id":"https:\/\/permakultur-landwirtschaft.org\/#organization"},"potentialAction":[{"@type":"SearchAction","target":{"@type":"EntryPoint","urlTemplate":"https:\/\/permakultur-landwirtschaft.org\/?s={search_term_string}"},"query-input":{"@type":"PropertyValueSpecification","valueRequired":true,"valueName":"search_term_string"}}],"inLanguage":"fr-FR"},{"@type":"Organization","@id":"https:\/\/permakultur-landwirtschaft.org\/#organization","name":"Permakultur-Landwirtschaft","alternateName":"Verein Permakultur-Landwirtschaft","url":"https:\/\/permakultur-landwirtschaft.org\/","logo":{"@type":"ImageObject","inLanguage":"fr-FR","@id":"https:\/\/permakultur-landwirtschaft.org\/#\/schema\/logo\/image\/","url":"https:\/\/permakultur-landwirtschaft.org\/wp-content\/uploads\/2021\/11\/pela_1268x1269.png","contentUrl":"https:\/\/permakultur-landwirtschaft.org\/wp-content\/uploads\/2021\/11\/pela_1268x1269.png","width":1298,"height":1269,"caption":"Permakultur-Landwirtschaft"},"image":{"@id":"https:\/\/permakultur-landwirtschaft.org\/#\/schema\/logo\/image\/"},"sameAs":["https:\/\/www.facebook.com\/PermakulturLandwirtschaft","https:\/\/www.instagram.com\/permakultur_landwirtschaft\/","https:\/\/www.flickr.com\/photos\/permakultur-landwirtschaft","https:\/\/www.youtube.com\/@PermakulturLandwirtschaft"]},{"@type":"Person","@id":"https:\/\/permakultur-landwirtschaft.org\/#\/schema\/person\/6b0467872f75aed3e144093f9bf4f0b0","name":"adrian reutimann","url":"https:\/\/permakultur-landwirtschaft.org\/fr\/author\/reutiadr\/"}]}},"_links":{"self":[{"href":"https:\/\/permakultur-landwirtschaft.org\/fr\/wp-json\/wp\/v2\/posts\/21401","targetHints":{"allow":["GET"]}}],"collection":[{"href":"https:\/\/permakultur-landwirtschaft.org\/fr\/wp-json\/wp\/v2\/posts"}],"about":[{"href":"https:\/\/permakultur-landwirtschaft.org\/fr\/wp-json\/wp\/v2\/types\/post"}],"author":[{"embeddable":true,"href":"https:\/\/permakultur-landwirtschaft.org\/fr\/wp-json\/wp\/v2\/users\/2"}],"replies":[{"embeddable":true,"href":"https:\/\/permakultur-landwirtschaft.org\/fr\/wp-json\/wp\/v2\/comments?post=21401"}],"version-history":[{"count":4,"href":"https:\/\/permakultur-landwirtschaft.org\/fr\/wp-json\/wp\/v2\/posts\/21401\/revisions"}],"predecessor-version":[{"id":21975,"href":"https:\/\/permakultur-landwirtschaft.org\/fr\/wp-json\/wp\/v2\/posts\/21401\/revisions\/21975"}],"wp:featuredmedia":[{"embeddable":true,"href":"https:\/\/permakultur-landwirtschaft.org\/fr\/wp-json\/wp\/v2\/media\/21403"}],"wp:attachment":[{"href":"https:\/\/permakultur-landwirtschaft.org\/fr\/wp-json\/wp\/v2\/media?parent=21401"}],"wp:term":[{"taxonomy":"category","embeddable":true,"href":"https:\/\/permakultur-landwirtschaft.org\/fr\/wp-json\/wp\/v2\/categories?post=21401"},{"taxonomy":"post_tag","embeddable":true,"href":"https:\/\/permakultur-landwirtschaft.org\/fr\/wp-json\/wp\/v2\/tags?post=21401"}],"curies":[{"name":"wp","href":"https:\/\/api.w.org\/{rel}","templated":true}]}}